{"id":7226,"date":"2018-07-08T11:37:00","date_gmt":"2018-07-08T11:37:00","guid":{"rendered":"http:\/\/prezuk.com.mialias.net\/fundacionmdp\/entrevista-a-la-directora-de-la-fundacio\/"},"modified":"2023-05-15T10:57:17","modified_gmt":"2023-05-15T10:57:17","slug":"entrevista-a-la-directora-de-la-fundacio","status":"publish","type":"post","link":"https:\/\/www.fundacionmdp.org\/ca\/entrevista-a-la-directora-de-la-fundacio\/","title":{"rendered":"Entrevista a la Directora de la Fundaci\u00f3"},"content":{"rendered":"\t\t<div data-elementor-type=\"wp-post\" data-elementor-id=\"7226\" class=\"elementor elementor-7226 elementor-2338\">\n\t\t\t\t<div class=\"elementor-element elementor-element-ca16545 e-flex e-con-boxed e-con e-parent\" data-id=\"ca16545\" data-element_type=\"container\" data-e-type=\"container\">\n\t\t\t\t\t<div class=\"e-con-inner\">\n\t\t\t\t<div class=\"elementor-element elementor-element-68eafde elementor-widget elementor-widget-text-editor\" data-id=\"68eafde\" data-element_type=\"widget\" data-e-type=\"widget\" data-widget_type=\"text-editor.default\">\n\t\t\t\t<div class=\"elementor-widget-container\">\n\t\t\t\t\t\t\t\t\t<h3>Diari El Punt Avui<\/h3><h2>Les persones que amb discapacitat tenen que fer una gimcana per entrar a casa seva.<\/h2><p><a href=\"http:\/\/www.elpuntavui.cat\/societat\/article\/5-societat\/1428085-les-persones-amb-discapacitat-han-de-fer-una-gimcana-per-entrar-a-casa.html\" target=\"_blank\" rel=\"noopener\">Consulta aqu\u00ed la entrevista sencera en el format original.<\/a><br \/>TONI DALMAU \u2013 BARCELONA<\/p><ul><li>Un estudi posa en evid\u00e8ncia que nom\u00e9s el 0,6% dels edificis d\u2019habitatges catalans compleixen els criteris d\u2019accessibilitat per a persones amb mobilitat redu\u00efda o discapacitat.<\/li><\/ul><p>La Fundaci\u00f3 M\u00fatua de Propietaris ha fet amb la c\u00e0tedra Unesco de l\u2019Habitatge de la URV un estudi sobre l\u2019accessibilitat als habitatges.<\/p><p><b>Quina \u00e9s la conclusi\u00f3 principal?<\/b><\/p><p>L\u2019estudi, que parteix d\u2019una enquesta a 2.027 persones i de l\u2019an\u00e0lisi de diferents dades, conclou que nom\u00e9s el 0,6% dels 9,8 milions d\u2019edificis d\u2019habitatges de l\u2019Estat espanyol (el mateix percentatge als 1,2 milions d\u2019edificis catalans) compleixen els criteris d\u2019accessibilitat per a persones amb mobilitat redu\u00efda. I aix\u00f2 passa malgrat que el desembre del 2017 va acabar el termini legal perqu\u00e8 les comunitats de propietaris fessin les obres per corregir-ho.<\/p><p><b>Anant des del carrer fins a l\u2019entrada del pis, quines primeres barreres trobem?<\/b><\/p><p>Catalunya t\u00e9 1.192.463 edificis d\u2019habitatges i el 64% no s\u00f3n accessibles des del carrer al portal de l\u2019edifici perqu\u00e8 hi ha esglaons. Nom\u00e9s el 22% disposen de rampa, per\u00f2 no sempre \u00e9s funcional. N\u2019hi ha sense una inclinaci\u00f3 adient o que no estan preparades per pujar amb cadira de rodes, aturar-te i passar la porta. Tamb\u00e9 n\u2019hi ha sense l\u2019acabat antilliscant.<\/p><p><b>S\u2019ha detectat algun problema amb els porters autom\u00e0tics?<\/b><\/p><p>El 15% dels edificis d\u2019habitatges catalans no tenen porter autom\u00e0tic i dels que el tenen, nom\u00e9s el 6% s\u00f3n accessibles per a persones amb cadira de rodes.<\/p><p><b>I les portes?<\/b><\/p><p>El seu pes i l\u2019acc\u00e9s al pany s\u00f3n els principals problemes. Un 21% dels enquestats a Catalunya diuen que tenen dificultats amb aquests aspectes. Ho pateixen persones de mobilitat redu\u00efda per\u00f2 tamb\u00e9 gent gran o que porta un cotxet o les bosses de la compra. Si la porta pesa massa o es tanca de pressa cal fer un esfor\u00e7 no sempre possible.<\/p><p><b>Parlem de les b\u00fasties.<\/b><\/p><p>N\u2019hi ha un 64% que no s\u00f3n accessibles. Estan posades massa altes i una persona en cadira de rodes no hi pot arribar.<\/p><p><b>Ja som a les escales.<\/b><\/p><p>En un 71% dels casos no hi ha baranes als dos costats. S\u00f3n aquelles coses en les quals no et fitxes fins que les necessites. Aix\u00f2 tamb\u00e9 forma part de la gimcana que ha de fer des del carrer fins a la porta del pis una persona amb mobilitat redu\u00efda.<\/p><p><b>I els ascensors?<\/b><\/p><p>El parc d\u2019habitatges est\u00e0 molt envellit a l\u2019Estat espanyol i el 22% dels edificis \u2013el 17% a Catalunya\u2013 no tenen ascensor i quan n\u2019hi ha molts no disposen d\u2019avisos sonors ni de botons en braille. Hi ha ascensors tan petits que una persona amb cadira de rodes no hi pot maniobrar.<\/p><p><b>Baixem al garatge<\/b><\/p><p>Nom\u00e9s el 15% dels garatges s\u00f3n accessibles i la meitat de les places no s\u00f3n adients per a qui t\u00e9 la mobilitat redu\u00efda o va en cadira de rodes. S\u00f3n molt estretes. La problem\u00e0tica de l\u2019accessibilitat tamb\u00e9 afecta el 54% dels edificis catalans que tenen zones comunes com ara jard\u00ed i piscina.<\/p><p><b>Quines s\u00f3n les causes per les quals les comunitats de propietaris no fan les obres de millora de l\u2019accessibilitat?<\/b><\/p><p>Raons econ\u00f2miques, desconeixement de les lleis i en alguns casos manca de conscienciaci\u00f3 i insolidaritat amb els ve\u00efns que ho demanen. Hi ha qui oblida que, amb l\u2019augment de l\u2019esperan\u00e7a de vida, pot ser ell o ella qui en envellir necessiti aquelles millores que ara nega al ve\u00ed.<\/p><p><b>Qu\u00e8 diu la llei?<\/b><\/p><p>Segons la llei estatal de la propietat horitzontal, una persona major de 70 anys o amb discapacitat pot for\u00e7ar la comunitat de propietaris, sense acord previ de la junta, a la realitzaci\u00f3 de les obres d\u2019accessibilitat sempre que es considerin \u201cajustos raonables\u201d i que l\u2019import repercutit anualment no excedeixi les 12 mensualitats ordin\u00e0ries de despeses comunes un cop descomptades les ajudes i subvencions p\u00fabliques. La llei precisa que en cas que les obres tinguin un import superior, per exemple un ascensor, no s\u2019elimina el car\u00e0cter obligatori d\u2019aquestes fent que la resta del seu cost pugui ser assumit per qui les hagi requerit. A Catalunya, on s\u2019aplica la llei 5\/2015, tamb\u00e9 s\u2019estableix l\u2019obligatorietat de la realitzaci\u00f3 d\u2019obres d\u2019accessibilitat per\u00f2 amb la difer\u00e8ncia que no hi ha un import m\u00ednim a assumir per cada propietari o titular. En aquest cas, les persones o convivents amb persones majors de 70 anys o amb alguna discapacitat necessitaran un acord de junta aprovat per majoria simple de la comunitat de propietaris per tirar-les endavant sense l\u00edmit d\u2019import. Si no s\u2019aconsegueix aquest acord, els peticionaris podran sol\u00b7licitar a l\u2019autoritat judicial la decisi\u00f3 sobre l\u2019import i l\u00edmit a aportar per cada propietari o titular.<\/p><p><b>Hi ha ajudes p\u00fabliques?<\/b><\/p><p>N\u2019hi ha, per\u00f2 normalment els ve\u00efns han d\u2019avan\u00e7ar els diners per fer les obres. Tamb\u00e9 hi ha entitats privades, com la nostra fundaci\u00f3, que en concedeixen. En el nostre cas limitades, de moment, a Barcelona i la seva \u00e0rea metropolitana i a la comunitat de Madrid.<\/p>\t\t\t\t\t\t\t\t<\/div>\n\t\t\t\t<\/div>\n\t\t\t\t\t<\/div>\n\t\t\t\t<\/div>\n\t\t<div class=\"elementor-element elementor-element-f7a06d9 e-flex e-con-boxed e-con e-parent\" data-id=\"f7a06d9\" data-element_type=\"container\" data-e-type=\"container\">\n\t\t\t\t\t<div class=\"e-con-inner\">\n\t\t\t\t<div class=\"elementor-element elementor-element-986d60f elementor-widget elementor-widget-image\" data-id=\"986d60f\" data-element_type=\"widget\" data-e-type=\"widget\" data-widget_type=\"image.default\">\n\t\t\t\t<div class=\"elementor-widget-container\">\n\t\t\t\t\t\t\t\t\t\t\t\t\t\t\t<img fetchpriority=\"high\" decoding=\"async\" width=\"800\" height=\"548\" src=\"https:\/\/www.fundacionmdp.org\/wp-content\/uploads\/2023\/05\/780_0008_5746724_7313fa00a1d2abea3a60f77a0998f76b-1.jpg\" class=\"attachment-large size-large wp-image-6513\" alt=\"\" srcset=\"https:\/\/www.fundacionmdp.org\/wp-content\/uploads\/2023\/05\/780_0008_5746724_7313fa00a1d2abea3a60f77a0998f76b-1.jpg 800w, https:\/\/www.fundacionmdp.org\/wp-content\/uploads\/2023\/05\/780_0008_5746724_7313fa00a1d2abea3a60f77a0998f76b-1-300x206.jpg 300w, https:\/\/www.fundacionmdp.org\/wp-content\/uploads\/2023\/05\/780_0008_5746724_7313fa00a1d2abea3a60f77a0998f76b-1-768x526.jpg 768w\" sizes=\"(max-width: 800px) 100vw, 800px\" \/>\t\t\t\t\t\t\t\t\t\t\t\t\t\t\t<\/div>\n\t\t\t\t<\/div>\n\t\t\t\t\t<\/div>\n\t\t\t\t<\/div>\n\t\t\t\t<\/div>\n\t\t","protected":false},"excerpt":{"rendered":"<p>Diari El Punt Avui Les persones que amb discapacitat tenen que fer una gimcana per entrar a casa seva. Consulta aqu\u00ed la entrevista sencera en el format original.TONI DALMAU \u2013 BARCELONA Un estudi posa en evid\u00e8ncia que nom\u00e9s el 0,6% dels edificis d\u2019habitatges catalans compleixen els criteris d\u2019accessibilitat per a persones amb mobilitat redu\u00efda o [&hellip;]<\/p>\n","protected":false},"author":1,"featured_media":6513,"comment_status":"open","ping_status":"open","sticky":false,"template":"","format":"standard","meta":{"_acf_changed":false,"ocean_post_layout":"","ocean_both_sidebars_style":"","ocean_both_sidebars_content_width":0,"ocean_both_sidebars_sidebars_width":0,"ocean_sidebar":"0","ocean_second_sidebar":"0","ocean_disable_margins":"enable","ocean_add_body_class":"","ocean_shortcode_before_top_bar":"","ocean_shortcode_after_top_bar":"","ocean_shortcode_before_header":"","ocean_shortcode_after_header":"","ocean_has_shortcode":"","ocean_shortcode_after_title":"","ocean_shortcode_before_footer_widgets":"","ocean_shortcode_after_footer_widgets":"","ocean_shortcode_before_footer_bottom":"","ocean_shortcode_after_footer_bottom":"","ocean_display_top_bar":"default","ocean_display_header":"default","ocean_header_style":"","ocean_center_header_left_menu":"0","ocean_custom_header_template":"0","ocean_custom_logo":0,"ocean_custom_retina_logo":0,"ocean_custom_logo_max_width":0,"ocean_custom_logo_tablet_max_width":0,"ocean_custom_logo_mobile_max_width":0,"ocean_custom_logo_max_height":0,"ocean_custom_logo_tablet_max_height":0,"ocean_custom_logo_mobile_max_height":0,"ocean_header_custom_menu":"0","ocean_menu_typo_font_family":"0","ocean_menu_typo_font_subset":"","ocean_menu_typo_font_size":0,"ocean_menu_typo_font_size_tablet":0,"ocean_menu_typo_font_size_mobile":0,"ocean_menu_typo_font_size_unit":"px","ocean_menu_typo_font_weight":"","ocean_menu_typo_font_weight_tablet":"","ocean_menu_typo_font_weight_mobile":"","ocean_menu_typo_transform":"","ocean_menu_typo_transform_tablet":"","ocean_menu_typo_transform_mobile":"","ocean_menu_typo_line_height":0,"ocean_menu_typo_line_height_tablet":0,"ocean_menu_typo_line_height_mobile":0,"ocean_menu_typo_line_height_unit":"","ocean_menu_typo_spacing":0,"ocean_menu_typo_spacing_tablet":0,"ocean_menu_typo_spacing_mobile":0,"ocean_menu_typo_spacing_unit":"","ocean_menu_link_color":"","ocean_menu_link_color_hover":"","ocean_menu_link_color_active":"","ocean_menu_link_background":"","ocean_menu_link_hover_background":"","ocean_menu_link_active_background":"","ocean_menu_social_links_bg":"","ocean_menu_social_hover_links_bg":"","ocean_menu_social_links_color":"","ocean_menu_social_hover_links_color":"","ocean_disable_title":"default","ocean_disable_heading":"default","ocean_post_title":"","ocean_post_subheading":"","ocean_post_title_style":"","ocean_post_title_background_color":"","ocean_post_title_background":0,"ocean_post_title_bg_image_position":"","ocean_post_title_bg_image_attachment":"","ocean_post_title_bg_image_repeat":"","ocean_post_title_bg_image_size":"","ocean_post_title_height":0,"ocean_post_title_bg_overlay":0.5,"ocean_post_title_bg_overlay_color":"","ocean_disable_breadcrumbs":"default","ocean_breadcrumbs_color":"","ocean_breadcrumbs_separator_color":"","ocean_breadcrumbs_links_color":"","ocean_breadcrumbs_links_hover_color":"","ocean_display_footer_widgets":"default","ocean_display_footer_bottom":"default","ocean_custom_footer_template":"0","ocean_post_oembed":"","ocean_post_self_hosted_media":"","ocean_post_video_embed":"","ocean_link_format":"","ocean_link_format_target":"self","ocean_quote_format":"","ocean_quote_format_link":"post","ocean_gallery_link_images":"on","ocean_gallery_id":[],"footnotes":""},"categories":[1],"tags":[],"class_list":["post-7226","post","type-post","status-publish","format-standard","has-post-thumbnail","hentry","category-sin-categorizar","entry","has-media"],"acf":[],"yoast_head":"<!-- This site is optimized with the Yoast SEO plugin v27.3 - https:\/\/yoast.com\/product\/yoast-seo-wordpress\/ -->\n<title>Entrevista a la Directora de la Fundaci\u00f3 - Fundaci\u00f3n Mutua de Propietarios<\/title>\n<meta name=\"robots\" content=\"index, follow, max-snippet:-1, max-image-preview:large, max-video-preview:-1\" \/>\n<link rel=\"canonical\" href=\"https:\/\/www.fundacionmdp.org\/entrevista-a-la-directora-de-la-fundacion\/\" \/>\n<meta property=\"og:locale\" content=\"ca_ES\" \/>\n<meta property=\"og:type\" content=\"article\" \/>\n<meta property=\"og:title\" content=\"Entrevista a la Directora de la Fundaci\u00f3 - Fundaci\u00f3n Mutua de Propietarios\" \/>\n<meta property=\"og:description\" content=\"Diari El Punt Avui Les persones que amb discapacitat tenen que fer una gimcana per entrar a casa seva. Consulta aqu\u00ed la entrevista sencera en el format original.TONI DALMAU \u2013 BARCELONA Un estudi posa en evid\u00e8ncia que nom\u00e9s el 0,6% dels edificis d\u2019habitatges catalans compleixen els criteris d\u2019accessibilitat per a persones amb mobilitat redu\u00efda o [&hellip;]\" \/>\n<meta property=\"og:url\" content=\"https:\/\/www.fundacionmdp.org\/entrevista-a-la-directora-de-la-fundacion\/\" \/>\n<meta property=\"og:site_name\" content=\"Fundaci\u00f3n Mutua de Propietarios\" \/>\n<meta property=\"article:published_time\" content=\"2018-07-08T11:37:00+00:00\" \/>\n<meta property=\"article:modified_time\" content=\"2023-05-15T10:57:17+00:00\" \/>\n<meta property=\"og:image\" content=\"https:\/\/www.fundacionmdp.org\/wp-content\/uploads\/2023\/05\/780_0008_5746724_7313fa00a1d2abea3a60f77a0998f76b-1.jpg\" \/>\n\t<meta property=\"og:image:width\" content=\"800\" \/>\n\t<meta property=\"og:image:height\" content=\"548\" \/>\n\t<meta property=\"og:image:type\" content=\"image\/jpeg\" \/>\n<meta name=\"author\" content=\"fundacionmdp\" \/>\n<meta name=\"twitter:card\" content=\"summary_large_image\" \/>\n<meta name=\"twitter:label1\" content=\"Escrit per\" \/>\n\t<meta name=\"twitter:data1\" content=\"fundacionmdp\" \/>\n\t<meta name=\"twitter:label2\" content=\"Temps estimat de lectura\" \/>\n\t<meta name=\"twitter:data2\" content=\"4 minuts\" \/>\n<script type=\"application\/ld+json\" class=\"yoast-schema-graph\">{\"@context\":\"https:\\\/\\\/schema.org\",\"@graph\":[{\"@type\":\"Article\",\"@id\":\"https:\\\/\\\/www.fundacionmdp.org\\\/entrevista-a-la-directora-de-la-fundacion\\\/#article\",\"isPartOf\":{\"@id\":\"https:\\\/\\\/www.fundacionmdp.org\\\/entrevista-a-la-directora-de-la-fundacion\\\/\"},\"author\":{\"name\":\"fundacionmdp\",\"@id\":\"https:\\\/\\\/www.fundacionmdp.org\\\/#\\\/schema\\\/person\\\/12f9af801cac25dfcb5a96cb0090f703\"},\"headline\":\"Entrevista a la Directora de la Fundaci\u00f3\",\"datePublished\":\"2018-07-08T11:37:00+00:00\",\"dateModified\":\"2023-05-15T10:57:17+00:00\",\"mainEntityOfPage\":{\"@id\":\"https:\\\/\\\/www.fundacionmdp.org\\\/entrevista-a-la-directora-de-la-fundacion\\\/\"},\"wordCount\":908,\"commentCount\":0,\"publisher\":{\"@id\":\"https:\\\/\\\/www.fundacionmdp.org\\\/#organization\"},\"image\":{\"@id\":\"https:\\\/\\\/www.fundacionmdp.org\\\/entrevista-a-la-directora-de-la-fundacion\\\/#primaryimage\"},\"thumbnailUrl\":\"https:\\\/\\\/www.fundacionmdp.org\\\/wp-content\\\/uploads\\\/2023\\\/05\\\/780_0008_5746724_7313fa00a1d2abea3a60f77a0998f76b-1.jpg\",\"articleSection\":[\"Sin categorizar\"],\"inLanguage\":\"ca\",\"potentialAction\":[{\"@type\":\"CommentAction\",\"name\":\"Comment\",\"target\":[\"https:\\\/\\\/www.fundacionmdp.org\\\/entrevista-a-la-directora-de-la-fundacion\\\/#respond\"]}]},{\"@type\":\"WebPage\",\"@id\":\"https:\\\/\\\/www.fundacionmdp.org\\\/entrevista-a-la-directora-de-la-fundacion\\\/\",\"url\":\"https:\\\/\\\/www.fundacionmdp.org\\\/entrevista-a-la-directora-de-la-fundacion\\\/\",\"name\":\"Entrevista a la Directora de la Fundaci\u00f3 - Fundaci\u00f3n Mutua de Propietarios\",\"isPartOf\":{\"@id\":\"https:\\\/\\\/www.fundacionmdp.org\\\/#website\"},\"primaryImageOfPage\":{\"@id\":\"https:\\\/\\\/www.fundacionmdp.org\\\/entrevista-a-la-directora-de-la-fundacion\\\/#primaryimage\"},\"image\":{\"@id\":\"https:\\\/\\\/www.fundacionmdp.org\\\/entrevista-a-la-directora-de-la-fundacion\\\/#primaryimage\"},\"thumbnailUrl\":\"https:\\\/\\\/www.fundacionmdp.org\\\/wp-content\\\/uploads\\\/2023\\\/05\\\/780_0008_5746724_7313fa00a1d2abea3a60f77a0998f76b-1.jpg\",\"datePublished\":\"2018-07-08T11:37:00+00:00\",\"dateModified\":\"2023-05-15T10:57:17+00:00\",\"breadcrumb\":{\"@id\":\"https:\\\/\\\/www.fundacionmdp.org\\\/entrevista-a-la-directora-de-la-fundacion\\\/#breadcrumb\"},\"inLanguage\":\"ca\",\"potentialAction\":[{\"@type\":\"ReadAction\",\"target\":[\"https:\\\/\\\/www.fundacionmdp.org\\\/entrevista-a-la-directora-de-la-fundacion\\\/\"]}]},{\"@type\":\"ImageObject\",\"inLanguage\":\"ca\",\"@id\":\"https:\\\/\\\/www.fundacionmdp.org\\\/entrevista-a-la-directora-de-la-fundacion\\\/#primaryimage\",\"url\":\"https:\\\/\\\/www.fundacionmdp.org\\\/wp-content\\\/uploads\\\/2023\\\/05\\\/780_0008_5746724_7313fa00a1d2abea3a60f77a0998f76b-1.jpg\",\"contentUrl\":\"https:\\\/\\\/www.fundacionmdp.org\\\/wp-content\\\/uploads\\\/2023\\\/05\\\/780_0008_5746724_7313fa00a1d2abea3a60f77a0998f76b-1.jpg\",\"width\":800,\"height\":548,\"caption\":\"Barcelona . Entrevista de contraportada a Laura Lopez Demarbre, directora de la Fundaci\u00f3 Mutua de Propietaris . en motiu d'un estudi que ha fet la Fundaci\u00f3 M\u00fatua de Propietaris i la Universitat Rovira i Virgili sobre les barreres arquitect\u00f2niques que hi ha als habitatges catalans i de l'estat espanyol i que perjudiquen a les persones amb mobilitat redu\u00efda o discapacitat.\"},{\"@type\":\"BreadcrumbList\",\"@id\":\"https:\\\/\\\/www.fundacionmdp.org\\\/entrevista-a-la-directora-de-la-fundacion\\\/#breadcrumb\",\"itemListElement\":[{\"@type\":\"ListItem\",\"position\":1,\"name\":\"Home\",\"item\":\"https:\\\/\\\/www.fundacionmdp.org\\\/ca\\\/\"},{\"@type\":\"ListItem\",\"position\":2,\"name\":\"Entrevista a la Directora de la Fundaci\u00f3\"}]},{\"@type\":\"WebSite\",\"@id\":\"https:\\\/\\\/www.fundacionmdp.org\\\/#website\",\"url\":\"https:\\\/\\\/www.fundacionmdp.org\\\/\",\"name\":\"Fundaci\u00f3n Mutua de Propietarios\",\"description\":\"En la Fundaci\u00f3n Mutua de Propietarios te ayudamos a convertir tu edificio de viviendas en un espacio sin barreras arquitect\u00f3nicas.\",\"publisher\":{\"@id\":\"https:\\\/\\\/www.fundacionmdp.org\\\/#organization\"},\"potentialAction\":[{\"@type\":\"SearchAction\",\"target\":{\"@type\":\"EntryPoint\",\"urlTemplate\":\"https:\\\/\\\/www.fundacionmdp.org\\\/?s={search_term_string}\"},\"query-input\":{\"@type\":\"PropertyValueSpecification\",\"valueRequired\":true,\"valueName\":\"search_term_string\"}}],\"inLanguage\":\"ca\"},{\"@type\":\"Organization\",\"@id\":\"https:\\\/\\\/www.fundacionmdp.org\\\/#organization\",\"name\":\"Fundaci\u00f3n Mutua de Propietarios\",\"url\":\"https:\\\/\\\/www.fundacionmdp.org\\\/\",\"logo\":{\"@type\":\"ImageObject\",\"inLanguage\":\"ca\",\"@id\":\"https:\\\/\\\/www.fundacionmdp.org\\\/#\\\/schema\\\/logo\\\/image\\\/\",\"url\":\"https:\\\/\\\/www.fundacionmdp.org\\\/wp-content\\\/uploads\\\/2023\\\/05\\\/logo_FMdP_cat.png\",\"contentUrl\":\"https:\\\/\\\/www.fundacionmdp.org\\\/wp-content\\\/uploads\\\/2023\\\/05\\\/logo_FMdP_cat.png\",\"width\":655,\"height\":297,\"caption\":\"Fundaci\u00f3n Mutua de Propietarios\"},\"image\":{\"@id\":\"https:\\\/\\\/www.fundacionmdp.org\\\/#\\\/schema\\\/logo\\\/image\\\/\"}},{\"@type\":\"Person\",\"@id\":\"https:\\\/\\\/www.fundacionmdp.org\\\/#\\\/schema\\\/person\\\/12f9af801cac25dfcb5a96cb0090f703\",\"name\":\"fundacionmdp\",\"image\":{\"@type\":\"ImageObject\",\"inLanguage\":\"ca\",\"@id\":\"https:\\\/\\\/secure.gravatar.com\\\/avatar\\\/b540f93d1816a14d85e51109d050c3243b98fb660a665f517a6d2597cff3bbed?s=96&d=mm&r=g\",\"url\":\"https:\\\/\\\/secure.gravatar.com\\\/avatar\\\/b540f93d1816a14d85e51109d050c3243b98fb660a665f517a6d2597cff3bbed?s=96&d=mm&r=g\",\"contentUrl\":\"https:\\\/\\\/secure.gravatar.com\\\/avatar\\\/b540f93d1816a14d85e51109d050c3243b98fb660a665f517a6d2597cff3bbed?s=96&d=mm&r=g\",\"caption\":\"fundacionmdp\"},\"sameAs\":[\"http:\\\/\\\/prezuk.com.mialias.net\\\/fundacionmdp\"],\"url\":\"https:\\\/\\\/www.fundacionmdp.org\\\/ca\\\/author\\\/fundacionmdp\\\/\"}]}<\/script>\n<!-- \/ Yoast SEO plugin. -->","yoast_head_json":{"title":"Entrevista a la Directora de la Fundaci\u00f3 - Fundaci\u00f3n Mutua de Propietarios","robots":{"index":"index","follow":"follow","max-snippet":"max-snippet:-1","max-image-preview":"max-image-preview:large","max-video-preview":"max-video-preview:-1"},"canonical":"https:\/\/www.fundacionmdp.org\/entrevista-a-la-directora-de-la-fundacion\/","og_locale":"ca_ES","og_type":"article","og_title":"Entrevista a la Directora de la Fundaci\u00f3 - Fundaci\u00f3n Mutua de Propietarios","og_description":"Diari El Punt Avui Les persones que amb discapacitat tenen que fer una gimcana per entrar a casa seva. Consulta aqu\u00ed la entrevista sencera en el format original.TONI DALMAU \u2013 BARCELONA Un estudi posa en evid\u00e8ncia que nom\u00e9s el 0,6% dels edificis d\u2019habitatges catalans compleixen els criteris d\u2019accessibilitat per a persones amb mobilitat redu\u00efda o [&hellip;]","og_url":"https:\/\/www.fundacionmdp.org\/entrevista-a-la-directora-de-la-fundacion\/","og_site_name":"Fundaci\u00f3n Mutua de Propietarios","article_published_time":"2018-07-08T11:37:00+00:00","article_modified_time":"2023-05-15T10:57:17+00:00","og_image":[{"width":800,"height":548,"url":"https:\/\/www.fundacionmdp.org\/wp-content\/uploads\/2023\/05\/780_0008_5746724_7313fa00a1d2abea3a60f77a0998f76b-1.jpg","type":"image\/jpeg"}],"author":"fundacionmdp","twitter_card":"summary_large_image","twitter_misc":{"Escrit per":"fundacionmdp","Temps estimat de lectura":"4 minuts"},"schema":{"@context":"https:\/\/schema.org","@graph":[{"@type":"Article","@id":"https:\/\/www.fundacionmdp.org\/entrevista-a-la-directora-de-la-fundacion\/#article","isPartOf":{"@id":"https:\/\/www.fundacionmdp.org\/entrevista-a-la-directora-de-la-fundacion\/"},"author":{"name":"fundacionmdp","@id":"https:\/\/www.fundacionmdp.org\/#\/schema\/person\/12f9af801cac25dfcb5a96cb0090f703"},"headline":"Entrevista a la Directora de la Fundaci\u00f3","datePublished":"2018-07-08T11:37:00+00:00","dateModified":"2023-05-15T10:57:17+00:00","mainEntityOfPage":{"@id":"https:\/\/www.fundacionmdp.org\/entrevista-a-la-directora-de-la-fundacion\/"},"wordCount":908,"commentCount":0,"publisher":{"@id":"https:\/\/www.fundacionmdp.org\/#organization"},"image":{"@id":"https:\/\/www.fundacionmdp.org\/entrevista-a-la-directora-de-la-fundacion\/#primaryimage"},"thumbnailUrl":"https:\/\/www.fundacionmdp.org\/wp-content\/uploads\/2023\/05\/780_0008_5746724_7313fa00a1d2abea3a60f77a0998f76b-1.jpg","articleSection":["Sin categorizar"],"inLanguage":"ca","potentialAction":[{"@type":"CommentAction","name":"Comment","target":["https:\/\/www.fundacionmdp.org\/entrevista-a-la-directora-de-la-fundacion\/#respond"]}]},{"@type":"WebPage","@id":"https:\/\/www.fundacionmdp.org\/entrevista-a-la-directora-de-la-fundacion\/","url":"https:\/\/www.fundacionmdp.org\/entrevista-a-la-directora-de-la-fundacion\/","name":"Entrevista a la Directora de la Fundaci\u00f3 - Fundaci\u00f3n Mutua de Propietarios","isPartOf":{"@id":"https:\/\/www.fundacionmdp.org\/#website"},"primaryImageOfPage":{"@id":"https:\/\/www.fundacionmdp.org\/entrevista-a-la-directora-de-la-fundacion\/#primaryimage"},"image":{"@id":"https:\/\/www.fundacionmdp.org\/entrevista-a-la-directora-de-la-fundacion\/#primaryimage"},"thumbnailUrl":"https:\/\/www.fundacionmdp.org\/wp-content\/uploads\/2023\/05\/780_0008_5746724_7313fa00a1d2abea3a60f77a0998f76b-1.jpg","datePublished":"2018-07-08T11:37:00+00:00","dateModified":"2023-05-15T10:57:17+00:00","breadcrumb":{"@id":"https:\/\/www.fundacionmdp.org\/entrevista-a-la-directora-de-la-fundacion\/#breadcrumb"},"inLanguage":"ca","potentialAction":[{"@type":"ReadAction","target":["https:\/\/www.fundacionmdp.org\/entrevista-a-la-directora-de-la-fundacion\/"]}]},{"@type":"ImageObject","inLanguage":"ca","@id":"https:\/\/www.fundacionmdp.org\/entrevista-a-la-directora-de-la-fundacion\/#primaryimage","url":"https:\/\/www.fundacionmdp.org\/wp-content\/uploads\/2023\/05\/780_0008_5746724_7313fa00a1d2abea3a60f77a0998f76b-1.jpg","contentUrl":"https:\/\/www.fundacionmdp.org\/wp-content\/uploads\/2023\/05\/780_0008_5746724_7313fa00a1d2abea3a60f77a0998f76b-1.jpg","width":800,"height":548,"caption":"Barcelona . Entrevista de contraportada a Laura Lopez Demarbre, directora de la Fundaci\u00f3 Mutua de Propietaris . en motiu d'un estudi que ha fet la Fundaci\u00f3 M\u00fatua de Propietaris i la Universitat Rovira i Virgili sobre les barreres arquitect\u00f2niques que hi ha als habitatges catalans i de l'estat espanyol i que perjudiquen a les persones amb mobilitat redu\u00efda o discapacitat."},{"@type":"BreadcrumbList","@id":"https:\/\/www.fundacionmdp.org\/entrevista-a-la-directora-de-la-fundacion\/#breadcrumb","itemListElement":[{"@type":"ListItem","position":1,"name":"Home","item":"https:\/\/www.fundacionmdp.org\/ca\/"},{"@type":"ListItem","position":2,"name":"Entrevista a la Directora de la Fundaci\u00f3"}]},{"@type":"WebSite","@id":"https:\/\/www.fundacionmdp.org\/#website","url":"https:\/\/www.fundacionmdp.org\/","name":"Fundaci\u00f3n Mutua de Propietarios","description":"En la Fundaci\u00f3n Mutua de Propietarios te ayudamos a convertir tu edificio de viviendas en un espacio sin barreras arquitect\u00f3nicas.","publisher":{"@id":"https:\/\/www.fundacionmdp.org\/#organization"},"potentialAction":[{"@type":"SearchAction","target":{"@type":"EntryPoint","urlTemplate":"https:\/\/www.fundacionmdp.org\/?s={search_term_string}"},"query-input":{"@type":"PropertyValueSpecification","valueRequired":true,"valueName":"search_term_string"}}],"inLanguage":"ca"},{"@type":"Organization","@id":"https:\/\/www.fundacionmdp.org\/#organization","name":"Fundaci\u00f3n Mutua de Propietarios","url":"https:\/\/www.fundacionmdp.org\/","logo":{"@type":"ImageObject","inLanguage":"ca","@id":"https:\/\/www.fundacionmdp.org\/#\/schema\/logo\/image\/","url":"https:\/\/www.fundacionmdp.org\/wp-content\/uploads\/2023\/05\/logo_FMdP_cat.png","contentUrl":"https:\/\/www.fundacionmdp.org\/wp-content\/uploads\/2023\/05\/logo_FMdP_cat.png","width":655,"height":297,"caption":"Fundaci\u00f3n Mutua de Propietarios"},"image":{"@id":"https:\/\/www.fundacionmdp.org\/#\/schema\/logo\/image\/"}},{"@type":"Person","@id":"https:\/\/www.fundacionmdp.org\/#\/schema\/person\/12f9af801cac25dfcb5a96cb0090f703","name":"fundacionmdp","image":{"@type":"ImageObject","inLanguage":"ca","@id":"https:\/\/secure.gravatar.com\/avatar\/b540f93d1816a14d85e51109d050c3243b98fb660a665f517a6d2597cff3bbed?s=96&d=mm&r=g","url":"https:\/\/secure.gravatar.com\/avatar\/b540f93d1816a14d85e51109d050c3243b98fb660a665f517a6d2597cff3bbed?s=96&d=mm&r=g","contentUrl":"https:\/\/secure.gravatar.com\/avatar\/b540f93d1816a14d85e51109d050c3243b98fb660a665f517a6d2597cff3bbed?s=96&d=mm&r=g","caption":"fundacionmdp"},"sameAs":["http:\/\/prezuk.com.mialias.net\/fundacionmdp"],"url":"https:\/\/www.fundacionmdp.org\/ca\/author\/fundacionmdp\/"}]}},"_links":{"self":[{"href":"https:\/\/www.fundacionmdp.org\/ca\/wp-json\/wp\/v2\/posts\/7226","targetHints":{"allow":["GET"]}}],"collection":[{"href":"https:\/\/www.fundacionmdp.org\/ca\/wp-json\/wp\/v2\/posts"}],"about":[{"href":"https:\/\/www.fundacionmdp.org\/ca\/wp-json\/wp\/v2\/types\/post"}],"author":[{"embeddable":true,"href":"https:\/\/www.fundacionmdp.org\/ca\/wp-json\/wp\/v2\/users\/1"}],"replies":[{"embeddable":true,"href":"https:\/\/www.fundacionmdp.org\/ca\/wp-json\/wp\/v2\/comments?post=7226"}],"version-history":[{"count":4,"href":"https:\/\/www.fundacionmdp.org\/ca\/wp-json\/wp\/v2\/posts\/7226\/revisions"}],"predecessor-version":[{"id":7230,"href":"https:\/\/www.fundacionmdp.org\/ca\/wp-json\/wp\/v2\/posts\/7226\/revisions\/7230"}],"wp:featuredmedia":[{"embeddable":true,"href":"https:\/\/www.fundacionmdp.org\/ca\/wp-json\/wp\/v2\/media\/6513"}],"wp:attachment":[{"href":"https:\/\/www.fundacionmdp.org\/ca\/wp-json\/wp\/v2\/media?parent=7226"}],"wp:term":[{"taxonomy":"category","embeddable":true,"href":"https:\/\/www.fundacionmdp.org\/ca\/wp-json\/wp\/v2\/categories?post=7226"},{"taxonomy":"post_tag","embeddable":true,"href":"https:\/\/www.fundacionmdp.org\/ca\/wp-json\/wp\/v2\/tags?post=7226"}],"curies":[{"name":"wp","href":"https:\/\/api.w.org\/{rel}","templated":true}]}}