{"id":7255,"date":"2018-11-06T12:12:00","date_gmt":"2018-11-06T12:12:00","guid":{"rendered":"http:\/\/prezuk.com.mialias.net\/fundacionmdp\/la-fundacio-mutua-de-propietarios-i-la-fundacio-once-suneixen-per-millorar-laccessibilitat-en-les-comunitats-de-veins\/"},"modified":"2023-05-15T11:06:58","modified_gmt":"2023-05-15T11:06:58","slug":"la-fundacio-mutua-de-propietarios-i-la-fundacio-once-suneixen-per-millorar-laccessibilitat-en-les-comunitats-de-veins","status":"publish","type":"post","link":"https:\/\/www.fundacionmdp.org\/ca\/la-fundacio-mutua-de-propietarios-i-la-fundacio-once-suneixen-per-millorar-laccessibilitat-en-les-comunitats-de-veins\/","title":{"rendered":"La Fundaci\u00f3 Mutua de Propietarios i la Fundaci\u00f3 ONCE s\u2019uneixen per millorar l\u2019accessibilitat en les comunitats de ve\u00efns"},"content":{"rendered":"\t\t<div data-elementor-type=\"wp-post\" data-elementor-id=\"7255\" class=\"elementor elementor-7255 elementor-2393\">\n\t\t\t\t<div class=\"elementor-element elementor-element-02a1b12 e-flex e-con-boxed e-con e-parent\" data-id=\"02a1b12\" data-element_type=\"container\" data-e-type=\"container\">\n\t\t\t\t\t<div class=\"e-con-inner\">\n\t\t\t\t<div class=\"elementor-element elementor-element-4b1bc6f elementor-widget elementor-widget-text-editor\" data-id=\"4b1bc6f\" data-element_type=\"widget\" data-e-type=\"widget\" data-widget_type=\"text-editor.default\">\n\t\t\t\t<div class=\"elementor-widget-container\">\n\t\t\t\t\t\t\t\t\t<h2>Elaboraran una guia espec\u00edfica que ajudi als administradors de finques en mat\u00e8ria d\u2019accessibilitat<\/h2><p><i>(Madrid, 06 de novembre de 2018).<\/i>\u2013 <strong>Fundaci\u00f3 ONCE<\/strong> i la <strong>Fundaci\u00f3 Mutua de Propietarios<\/strong> han firmat avui un conveni pel que es comprometen a desenvolupar accions conjuntes que permetin la millora de l\u2019accessibilitat de les comunitats de propietaris i la qualitat de vida dels qui hi resideixen.<\/p><p>El document subscrit per <strong>Teresa Palah\u00ed<\/strong>, secretaria general de la Fundaci\u00f3 ONCE, i <strong>Miquel Perdiguer Andr\u00e9s<\/strong>, president de la Fundaci\u00f3 Mutua de Propietarios. A m\u00e9s, tamb\u00e9 hi van ser presents Jos\u00e9 Luis Borau, cap del Departmanet d\u2019Accessibilitat de Mitjans F\u00edsics de la Fundaci\u00f3 ONCE; <strong>Christopher Bunzl<\/strong>, vicepresident de la Fundaci\u00f3 Mutua de Prop\u00ecetarios, i <strong>Laura L\u00f3pez<\/strong>, directora de la Fundaci\u00f3 Mutua de Propietarios.<\/p><p>Durant la signatura <strong>Teresa Palah\u00ed<\/strong> va posar de manifest la import\u00e0ncia d\u2019aquesta col\u00b7laboraci\u00f3, \u201cdonat que existeixen moltes persones amb discapacitat i persones grans que es troben tancades a les seves llars, sense poder sortir al carrer, perqu\u00e8 els elements comuns de la seva comunitat de propietaris els hi impedeixen la mobilitat. Sense cap dubte, hi haur\u00e0 un abans i un despr\u00e9s per aquests milers de persones gr\u00e0cies a l\u2019acord que acabem de posar en marxa\u201d.<\/p><p>Per la seva banda, <strong>Miquel Perdiguer<\/strong> va destacar el paper dels administradors de finques, \u201cque son una pe\u00e7a clau per incentivar i conscienciar a les comunitats de de propietaris de la import\u00e0ncia de disposar d\u2019habitatges accessibles\u201d.<\/p><p>Aix\u00ed mateix, el president de la Fundaci\u00f3 Mutua de Propietarios va assenyalar que \u201cl\u2019accessibilitat universal \u00e9s indispensable per millorar la qualitat de vida de les persones amb mobilitat redu\u00efda, per\u00f2 tamb\u00e9 que \u00e9s bona per tothom\u201d, incidint en que es un \u201cdret fonamental de les persones amb mobilitat redu\u00efda el poder entrar i sortir de les seves cases lliurement\u201d.<\/p><p>En el marc d\u2019aquest conveni ambdues entitats es comprometen a elaborar una <strong>\u201cGuia d\u2019accessibilitat per les comunitats de ve\u00efns\u201d<\/strong>, amb l\u2019objectiu d\u2019ajudar als administradors de finques a abordar les necessitats d\u2019accessibilitat en aquestes comunitats.<\/p><p>A m\u00e9s, es plantegen sumar esfor\u00e7os per l\u2019actualitzaci\u00f3 dels estudis realitzats fins ara sobre la mat\u00e8ria, com \u00e9s l\u2019informe \u201cAccessibilitat als habitatges i edificis espanyols\u201d. Igualment, es comprometen a desenvolupar conjuntament el nou \u201cObservatori de l\u2019accessibilitat de l\u2019habitatge a espanya\u201d d\u2019aqu\u00ed a cinc anys per determinar, entre altres aspectes, si la quantitat d\u2019ajudes p\u00fabliques i privades han estat suficients per millorar l\u2019actual 0,6% d\u2019accessibilitat universal als edificis d\u2019habitatges.<\/p><p>Per \u00faltim, tamb\u00e9 es comprometen a col\u00b7laborar en les convocat\u00f2ries llan\u00e7ades per la Fundaci\u00f3 Mutua de Propietarios, de forma individual o en col\u00b7laboraci\u00f3 amb altres entitats, per la concessi\u00f3 d\u2019ajudes per la promoci\u00f3 de l\u2019accessibilitat universal als habitatges.<\/p>\t\t\t\t\t\t\t\t<\/div>\n\t\t\t\t<\/div>\n\t\t\t\t\t<\/div>\n\t\t\t\t<\/div>\n\t\t<div class=\"elementor-element elementor-element-6a297c7 e-flex e-con-boxed e-con e-parent\" data-id=\"6a297c7\" data-element_type=\"container\" data-e-type=\"container\">\n\t\t\t\t\t<div class=\"e-con-inner\">\n\t\t<div class=\"elementor-element elementor-element-9c7a787 e-con-full e-flex e-con e-parent\" data-id=\"9c7a787\" data-element_type=\"container\" data-e-type=\"container\">\n\t\t\t\t<div class=\"elementor-element elementor-element-3782afe elementor-widget elementor-widget-image\" data-id=\"3782afe\" data-element_type=\"widget\" data-e-type=\"widget\" data-widget_type=\"image.default\">\n\t\t\t\t<div class=\"elementor-widget-container\">\n\t\t\t\t\t\t\t\t\t\t\t\t\t\t\t<img fetchpriority=\"high\" decoding=\"async\" width=\"900\" height=\"550\" src=\"https:\/\/www.fundacionmdp.org\/wp-content\/uploads\/2023\/05\/foto2.jpg\" class=\"attachment-large size-large wp-image-6530\" alt=\"\" srcset=\"https:\/\/www.fundacionmdp.org\/wp-content\/uploads\/2023\/05\/foto2.jpg 900w, https:\/\/www.fundacionmdp.org\/wp-content\/uploads\/2023\/05\/foto2-300x183.jpg 300w, https:\/\/www.fundacionmdp.org\/wp-content\/uploads\/2023\/05\/foto2-768x469.jpg 768w\" sizes=\"(max-width: 900px) 100vw, 900px\" \/>\t\t\t\t\t\t\t\t\t\t\t\t\t\t\t<\/div>\n\t\t\t\t<\/div>\n\t\t\t\t<\/div>\n\t\t<div class=\"elementor-element elementor-element-ebf7f0d e-con-full e-flex e-con e-parent\" data-id=\"ebf7f0d\" data-element_type=\"container\" data-e-type=\"container\">\n\t\t\t\t<div class=\"elementor-element elementor-element-8df5f3d elementor-widget elementor-widget-image\" data-id=\"8df5f3d\" data-element_type=\"widget\" data-e-type=\"widget\" data-widget_type=\"image.default\">\n\t\t\t\t<div class=\"elementor-widget-container\">\n\t\t\t\t\t\t\t\t\t\t\t\t\t\t\t<img decoding=\"async\" width=\"900\" height=\"550\" src=\"https:\/\/www.fundacionmdp.org\/wp-content\/uploads\/2023\/05\/foto1.jpg\" class=\"attachment-large size-large wp-image-6529\" alt=\"\" srcset=\"https:\/\/www.fundacionmdp.org\/wp-content\/uploads\/2023\/05\/foto1.jpg 900w, https:\/\/www.fundacionmdp.org\/wp-content\/uploads\/2023\/05\/foto1-300x183.jpg 300w, https:\/\/www.fundacionmdp.org\/wp-content\/uploads\/2023\/05\/foto1-768x469.jpg 768w\" sizes=\"(max-width: 900px) 100vw, 900px\" \/>\t\t\t\t\t\t\t\t\t\t\t\t\t\t\t<\/div>\n\t\t\t\t<\/div>\n\t\t\t\t<\/div>\n\t\t\t\t\t<\/div>\n\t\t\t\t<\/div>\n\t\t\t\t<\/div>\n\t\t","protected":false},"excerpt":{"rendered":"<p>Elaboraran una guia espec\u00edfica que ajudi als administradors de finques en mat\u00e8ria d\u2019accessibilitat (Madrid, 06 de novembre de 2018).\u2013 Fundaci\u00f3 ONCE i la Fundaci\u00f3 Mutua de Propietarios han firmat avui un conveni pel que es comprometen a desenvolupar accions conjuntes que permetin la millora de l\u2019accessibilitat de les comunitats de propietaris i la qualitat de [&hellip;]<\/p>\n","protected":false},"author":1,"featured_media":6530,"comment_status":"open","ping_status":"open","sticky":false,"template":"","format":"standard","meta":{"_acf_changed":false,"ocean_post_layout":"","ocean_both_sidebars_style":"","ocean_both_sidebars_content_width":0,"ocean_both_sidebars_sidebars_width":0,"ocean_sidebar":"0","ocean_second_sidebar":"0","ocean_disable_margins":"enable","ocean_add_body_class":"","ocean_shortcode_before_top_bar":"","ocean_shortcode_after_top_bar":"","ocean_shortcode_before_header":"","ocean_shortcode_after_header":"","ocean_has_shortcode":"","ocean_shortcode_after_title":"","ocean_shortcode_before_footer_widgets":"","ocean_shortcode_after_footer_widgets":"","ocean_shortcode_before_footer_bottom":"","ocean_shortcode_after_footer_bottom":"","ocean_display_top_bar":"default","ocean_display_header":"default","ocean_header_style":"","ocean_center_header_left_menu":"0","ocean_custom_header_template":"0","ocean_custom_logo":0,"ocean_custom_retina_logo":0,"ocean_custom_logo_max_width":0,"ocean_custom_logo_tablet_max_width":0,"ocean_custom_logo_mobile_max_width":0,"ocean_custom_logo_max_height":0,"ocean_custom_logo_tablet_max_height":0,"ocean_custom_logo_mobile_max_height":0,"ocean_header_custom_menu":"0","ocean_menu_typo_font_family":"0","ocean_menu_typo_font_subset":"","ocean_menu_typo_font_size":0,"ocean_menu_typo_font_size_tablet":0,"ocean_menu_typo_font_size_mobile":0,"ocean_menu_typo_font_size_unit":"px","ocean_menu_typo_font_weight":"","ocean_menu_typo_font_weight_tablet":"","ocean_menu_typo_font_weight_mobile":"","ocean_menu_typo_transform":"","ocean_menu_typo_transform_tablet":"","ocean_menu_typo_transform_mobile":"","ocean_menu_typo_line_height":0,"ocean_menu_typo_line_height_tablet":0,"ocean_menu_typo_line_height_mobile":0,"ocean_menu_typo_line_height_unit":"","ocean_menu_typo_spacing":0,"ocean_menu_typo_spacing_tablet":0,"ocean_menu_typo_spacing_mobile":0,"ocean_menu_typo_spacing_unit":"","ocean_menu_link_color":"","ocean_menu_link_color_hover":"","ocean_menu_link_color_active":"","ocean_menu_link_background":"","ocean_menu_link_hover_background":"","ocean_menu_link_active_background":"","ocean_menu_social_links_bg":"","ocean_menu_social_hover_links_bg":"","ocean_menu_social_links_color":"","ocean_menu_social_hover_links_color":"","ocean_disable_title":"default","ocean_disable_heading":"default","ocean_post_title":"","ocean_post_subheading":"","ocean_post_title_style":"","ocean_post_title_background_color":"","ocean_post_title_background":0,"ocean_post_title_bg_image_position":"","ocean_post_title_bg_image_attachment":"","ocean_post_title_bg_image_repeat":"","ocean_post_title_bg_image_size":"","ocean_post_title_height":0,"ocean_post_title_bg_overlay":0.5,"ocean_post_title_bg_overlay_color":"","ocean_disable_breadcrumbs":"default","ocean_breadcrumbs_color":"","ocean_breadcrumbs_separator_color":"","ocean_breadcrumbs_links_color":"","ocean_breadcrumbs_links_hover_color":"","ocean_display_footer_widgets":"default","ocean_display_footer_bottom":"default","ocean_custom_footer_template":"0","ocean_post_oembed":"","ocean_post_self_hosted_media":"","ocean_post_video_embed":"","ocean_link_format":"","ocean_link_format_target":"self","ocean_quote_format":"","ocean_quote_format_link":"post","ocean_gallery_link_images":"on","ocean_gallery_id":[],"footnotes":""},"categories":[1],"tags":[],"class_list":["post-7255","post","type-post","status-publish","format-standard","has-post-thumbnail","hentry","category-sin-categorizar","entry","has-media"],"acf":[],"yoast_head":"<!-- This site is optimized with the Yoast SEO plugin v27.3 - https:\/\/yoast.com\/product\/yoast-seo-wordpress\/ -->\n<title>La Fundaci\u00f3 Mutua de Propietarios i la Fundaci\u00f3 ONCE s\u2019uneixen per millorar l\u2019accessibilitat en les comunitats de ve\u00efns - Fundaci\u00f3n Mutua de Propietarios<\/title>\n<meta name=\"robots\" content=\"index, follow, max-snippet:-1, max-image-preview:large, max-video-preview:-1\" \/>\n<link rel=\"canonical\" href=\"https:\/\/www.fundacionmdp.org\/la-fundacion-mutua-de-propietarios-y-fundacion-once-se-unen-para-mejorar-la-accesibilidad-en-las-comunidades-de-vecinos\/\" \/>\n<meta property=\"og:locale\" content=\"ca_ES\" \/>\n<meta property=\"og:type\" content=\"article\" \/>\n<meta property=\"og:title\" content=\"La Fundaci\u00f3 Mutua de Propietarios i la Fundaci\u00f3 ONCE s\u2019uneixen per millorar l\u2019accessibilitat en les comunitats de ve\u00efns - Fundaci\u00f3n Mutua de Propietarios\" \/>\n<meta property=\"og:description\" content=\"Elaboraran una guia espec\u00edfica que ajudi als administradors de finques en mat\u00e8ria d\u2019accessibilitat (Madrid, 06 de novembre de 2018).\u2013 Fundaci\u00f3 ONCE i la Fundaci\u00f3 Mutua de Propietarios han firmat avui un conveni pel que es comprometen a desenvolupar accions conjuntes que permetin la millora de l\u2019accessibilitat de les comunitats de propietaris i la qualitat de [&hellip;]\" \/>\n<meta property=\"og:url\" content=\"https:\/\/www.fundacionmdp.org\/la-fundacion-mutua-de-propietarios-y-fundacion-once-se-unen-para-mejorar-la-accesibilidad-en-las-comunidades-de-vecinos\/\" \/>\n<meta property=\"og:site_name\" content=\"Fundaci\u00f3n Mutua de Propietarios\" \/>\n<meta property=\"article:published_time\" content=\"2018-11-06T12:12:00+00:00\" \/>\n<meta property=\"article:modified_time\" content=\"2023-05-15T11:06:58+00:00\" \/>\n<meta property=\"og:image\" content=\"https:\/\/www.fundacionmdp.org\/wp-content\/uploads\/2023\/05\/foto2.jpg\" \/>\n\t<meta property=\"og:image:width\" content=\"900\" \/>\n\t<meta property=\"og:image:height\" content=\"550\" \/>\n\t<meta property=\"og:image:type\" content=\"image\/jpeg\" \/>\n<meta name=\"author\" content=\"fundacionmdp\" \/>\n<meta name=\"twitter:card\" content=\"summary_large_image\" \/>\n<meta name=\"twitter:label1\" content=\"Escrit per\" \/>\n\t<meta name=\"twitter:data1\" content=\"fundacionmdp\" \/>\n\t<meta name=\"twitter:label2\" content=\"Temps estimat de lectura\" \/>\n\t<meta name=\"twitter:data2\" content=\"2 minuts\" \/>\n<script type=\"application\/ld+json\" class=\"yoast-schema-graph\">{\"@context\":\"https:\\\/\\\/schema.org\",\"@graph\":[{\"@type\":\"Article\",\"@id\":\"https:\\\/\\\/www.fundacionmdp.org\\\/la-fundacion-mutua-de-propietarios-y-fundacion-once-se-unen-para-mejorar-la-accesibilidad-en-las-comunidades-de-vecinos\\\/#article\",\"isPartOf\":{\"@id\":\"https:\\\/\\\/www.fundacionmdp.org\\\/la-fundacion-mutua-de-propietarios-y-fundacion-once-se-unen-para-mejorar-la-accesibilidad-en-las-comunidades-de-vecinos\\\/\"},\"author\":{\"name\":\"fundacionmdp\",\"@id\":\"https:\\\/\\\/www.fundacionmdp.org\\\/#\\\/schema\\\/person\\\/12f9af801cac25dfcb5a96cb0090f703\"},\"headline\":\"La Fundaci\u00f3 Mutua de Propietarios i la Fundaci\u00f3 ONCE s\u2019uneixen per millorar l\u2019accessibilitat en les comunitats de ve\u00efns\",\"datePublished\":\"2018-11-06T12:12:00+00:00\",\"dateModified\":\"2023-05-15T11:06:58+00:00\",\"mainEntityOfPage\":{\"@id\":\"https:\\\/\\\/www.fundacionmdp.org\\\/la-fundacion-mutua-de-propietarios-y-fundacion-once-se-unen-para-mejorar-la-accesibilidad-en-las-comunidades-de-vecinos\\\/\"},\"wordCount\":498,\"commentCount\":0,\"publisher\":{\"@id\":\"https:\\\/\\\/www.fundacionmdp.org\\\/#organization\"},\"image\":{\"@id\":\"https:\\\/\\\/www.fundacionmdp.org\\\/la-fundacion-mutua-de-propietarios-y-fundacion-once-se-unen-para-mejorar-la-accesibilidad-en-las-comunidades-de-vecinos\\\/#primaryimage\"},\"thumbnailUrl\":\"https:\\\/\\\/www.fundacionmdp.org\\\/wp-content\\\/uploads\\\/2023\\\/05\\\/foto2.jpg\",\"articleSection\":[\"Sin categorizar\"],\"inLanguage\":\"ca\",\"potentialAction\":[{\"@type\":\"CommentAction\",\"name\":\"Comment\",\"target\":[\"https:\\\/\\\/www.fundacionmdp.org\\\/la-fundacion-mutua-de-propietarios-y-fundacion-once-se-unen-para-mejorar-la-accesibilidad-en-las-comunidades-de-vecinos\\\/#respond\"]}]},{\"@type\":\"WebPage\",\"@id\":\"https:\\\/\\\/www.fundacionmdp.org\\\/la-fundacion-mutua-de-propietarios-y-fundacion-once-se-unen-para-mejorar-la-accesibilidad-en-las-comunidades-de-vecinos\\\/\",\"url\":\"https:\\\/\\\/www.fundacionmdp.org\\\/la-fundacion-mutua-de-propietarios-y-fundacion-once-se-unen-para-mejorar-la-accesibilidad-en-las-comunidades-de-vecinos\\\/\",\"name\":\"La Fundaci\u00f3 Mutua de Propietarios i la Fundaci\u00f3 ONCE s\u2019uneixen per millorar l\u2019accessibilitat en les comunitats de ve\u00efns - Fundaci\u00f3n Mutua de Propietarios\",\"isPartOf\":{\"@id\":\"https:\\\/\\\/www.fundacionmdp.org\\\/#website\"},\"primaryImageOfPage\":{\"@id\":\"https:\\\/\\\/www.fundacionmdp.org\\\/la-fundacion-mutua-de-propietarios-y-fundacion-once-se-unen-para-mejorar-la-accesibilidad-en-las-comunidades-de-vecinos\\\/#primaryimage\"},\"image\":{\"@id\":\"https:\\\/\\\/www.fundacionmdp.org\\\/la-fundacion-mutua-de-propietarios-y-fundacion-once-se-unen-para-mejorar-la-accesibilidad-en-las-comunidades-de-vecinos\\\/#primaryimage\"},\"thumbnailUrl\":\"https:\\\/\\\/www.fundacionmdp.org\\\/wp-content\\\/uploads\\\/2023\\\/05\\\/foto2.jpg\",\"datePublished\":\"2018-11-06T12:12:00+00:00\",\"dateModified\":\"2023-05-15T11:06:58+00:00\",\"breadcrumb\":{\"@id\":\"https:\\\/\\\/www.fundacionmdp.org\\\/la-fundacion-mutua-de-propietarios-y-fundacion-once-se-unen-para-mejorar-la-accesibilidad-en-las-comunidades-de-vecinos\\\/#breadcrumb\"},\"inLanguage\":\"ca\",\"potentialAction\":[{\"@type\":\"ReadAction\",\"target\":[\"https:\\\/\\\/www.fundacionmdp.org\\\/la-fundacion-mutua-de-propietarios-y-fundacion-once-se-unen-para-mejorar-la-accesibilidad-en-las-comunidades-de-vecinos\\\/\"]}]},{\"@type\":\"ImageObject\",\"inLanguage\":\"ca\",\"@id\":\"https:\\\/\\\/www.fundacionmdp.org\\\/la-fundacion-mutua-de-propietarios-y-fundacion-once-se-unen-para-mejorar-la-accesibilidad-en-las-comunidades-de-vecinos\\\/#primaryimage\",\"url\":\"https:\\\/\\\/www.fundacionmdp.org\\\/wp-content\\\/uploads\\\/2023\\\/05\\\/foto2.jpg\",\"contentUrl\":\"https:\\\/\\\/www.fundacionmdp.org\\\/wp-content\\\/uploads\\\/2023\\\/05\\\/foto2.jpg\",\"width\":900,\"height\":550},{\"@type\":\"BreadcrumbList\",\"@id\":\"https:\\\/\\\/www.fundacionmdp.org\\\/la-fundacion-mutua-de-propietarios-y-fundacion-once-se-unen-para-mejorar-la-accesibilidad-en-las-comunidades-de-vecinos\\\/#breadcrumb\",\"itemListElement\":[{\"@type\":\"ListItem\",\"position\":1,\"name\":\"Home\",\"item\":\"https:\\\/\\\/www.fundacionmdp.org\\\/ca\\\/\"},{\"@type\":\"ListItem\",\"position\":2,\"name\":\"La Fundaci\u00f3 Mutua de Propietarios i la Fundaci\u00f3 ONCE s\u2019uneixen per millorar l\u2019accessibilitat en les comunitats de ve\u00efns\"}]},{\"@type\":\"WebSite\",\"@id\":\"https:\\\/\\\/www.fundacionmdp.org\\\/#website\",\"url\":\"https:\\\/\\\/www.fundacionmdp.org\\\/\",\"name\":\"Fundaci\u00f3n Mutua de Propietarios\",\"description\":\"En la Fundaci\u00f3n Mutua de Propietarios te ayudamos a convertir tu edificio de viviendas en un espacio sin barreras arquitect\u00f3nicas.\",\"publisher\":{\"@id\":\"https:\\\/\\\/www.fundacionmdp.org\\\/#organization\"},\"potentialAction\":[{\"@type\":\"SearchAction\",\"target\":{\"@type\":\"EntryPoint\",\"urlTemplate\":\"https:\\\/\\\/www.fundacionmdp.org\\\/?s={search_term_string}\"},\"query-input\":{\"@type\":\"PropertyValueSpecification\",\"valueRequired\":true,\"valueName\":\"search_term_string\"}}],\"inLanguage\":\"ca\"},{\"@type\":\"Organization\",\"@id\":\"https:\\\/\\\/www.fundacionmdp.org\\\/#organization\",\"name\":\"Fundaci\u00f3n Mutua de Propietarios\",\"url\":\"https:\\\/\\\/www.fundacionmdp.org\\\/\",\"logo\":{\"@type\":\"ImageObject\",\"inLanguage\":\"ca\",\"@id\":\"https:\\\/\\\/www.fundacionmdp.org\\\/#\\\/schema\\\/logo\\\/image\\\/\",\"url\":\"https:\\\/\\\/www.fundacionmdp.org\\\/wp-content\\\/uploads\\\/2023\\\/05\\\/logo_FMdP_cat.png\",\"contentUrl\":\"https:\\\/\\\/www.fundacionmdp.org\\\/wp-content\\\/uploads\\\/2023\\\/05\\\/logo_FMdP_cat.png\",\"width\":655,\"height\":297,\"caption\":\"Fundaci\u00f3n Mutua de Propietarios\"},\"image\":{\"@id\":\"https:\\\/\\\/www.fundacionmdp.org\\\/#\\\/schema\\\/logo\\\/image\\\/\"}},{\"@type\":\"Person\",\"@id\":\"https:\\\/\\\/www.fundacionmdp.org\\\/#\\\/schema\\\/person\\\/12f9af801cac25dfcb5a96cb0090f703\",\"name\":\"fundacionmdp\",\"image\":{\"@type\":\"ImageObject\",\"inLanguage\":\"ca\",\"@id\":\"https:\\\/\\\/secure.gravatar.com\\\/avatar\\\/b540f93d1816a14d85e51109d050c3243b98fb660a665f517a6d2597cff3bbed?s=96&d=mm&r=g\",\"url\":\"https:\\\/\\\/secure.gravatar.com\\\/avatar\\\/b540f93d1816a14d85e51109d050c3243b98fb660a665f517a6d2597cff3bbed?s=96&d=mm&r=g\",\"contentUrl\":\"https:\\\/\\\/secure.gravatar.com\\\/avatar\\\/b540f93d1816a14d85e51109d050c3243b98fb660a665f517a6d2597cff3bbed?s=96&d=mm&r=g\",\"caption\":\"fundacionmdp\"},\"sameAs\":[\"http:\\\/\\\/prezuk.com.mialias.net\\\/fundacionmdp\"],\"url\":\"https:\\\/\\\/www.fundacionmdp.org\\\/ca\\\/author\\\/fundacionmdp\\\/\"}]}<\/script>\n<!-- \/ Yoast SEO plugin. -->","yoast_head_json":{"title":"La Fundaci\u00f3 Mutua de Propietarios i la Fundaci\u00f3 ONCE s\u2019uneixen per millorar l\u2019accessibilitat en les comunitats de ve\u00efns - Fundaci\u00f3n Mutua de Propietarios","robots":{"index":"index","follow":"follow","max-snippet":"max-snippet:-1","max-image-preview":"max-image-preview:large","max-video-preview":"max-video-preview:-1"},"canonical":"https:\/\/www.fundacionmdp.org\/la-fundacion-mutua-de-propietarios-y-fundacion-once-se-unen-para-mejorar-la-accesibilidad-en-las-comunidades-de-vecinos\/","og_locale":"ca_ES","og_type":"article","og_title":"La Fundaci\u00f3 Mutua de Propietarios i la Fundaci\u00f3 ONCE s\u2019uneixen per millorar l\u2019accessibilitat en les comunitats de ve\u00efns - Fundaci\u00f3n Mutua de Propietarios","og_description":"Elaboraran una guia espec\u00edfica que ajudi als administradors de finques en mat\u00e8ria d\u2019accessibilitat (Madrid, 06 de novembre de 2018).\u2013 Fundaci\u00f3 ONCE i la Fundaci\u00f3 Mutua de Propietarios han firmat avui un conveni pel que es comprometen a desenvolupar accions conjuntes que permetin la millora de l\u2019accessibilitat de les comunitats de propietaris i la qualitat de [&hellip;]","og_url":"https:\/\/www.fundacionmdp.org\/la-fundacion-mutua-de-propietarios-y-fundacion-once-se-unen-para-mejorar-la-accesibilidad-en-las-comunidades-de-vecinos\/","og_site_name":"Fundaci\u00f3n Mutua de Propietarios","article_published_time":"2018-11-06T12:12:00+00:00","article_modified_time":"2023-05-15T11:06:58+00:00","og_image":[{"width":900,"height":550,"url":"https:\/\/www.fundacionmdp.org\/wp-content\/uploads\/2023\/05\/foto2.jpg","type":"image\/jpeg"}],"author":"fundacionmdp","twitter_card":"summary_large_image","twitter_misc":{"Escrit per":"fundacionmdp","Temps estimat de lectura":"2 minuts"},"schema":{"@context":"https:\/\/schema.org","@graph":[{"@type":"Article","@id":"https:\/\/www.fundacionmdp.org\/la-fundacion-mutua-de-propietarios-y-fundacion-once-se-unen-para-mejorar-la-accesibilidad-en-las-comunidades-de-vecinos\/#article","isPartOf":{"@id":"https:\/\/www.fundacionmdp.org\/la-fundacion-mutua-de-propietarios-y-fundacion-once-se-unen-para-mejorar-la-accesibilidad-en-las-comunidades-de-vecinos\/"},"author":{"name":"fundacionmdp","@id":"https:\/\/www.fundacionmdp.org\/#\/schema\/person\/12f9af801cac25dfcb5a96cb0090f703"},"headline":"La Fundaci\u00f3 Mutua de Propietarios i la Fundaci\u00f3 ONCE s\u2019uneixen per millorar l\u2019accessibilitat en les comunitats de ve\u00efns","datePublished":"2018-11-06T12:12:00+00:00","dateModified":"2023-05-15T11:06:58+00:00","mainEntityOfPage":{"@id":"https:\/\/www.fundacionmdp.org\/la-fundacion-mutua-de-propietarios-y-fundacion-once-se-unen-para-mejorar-la-accesibilidad-en-las-comunidades-de-vecinos\/"},"wordCount":498,"commentCount":0,"publisher":{"@id":"https:\/\/www.fundacionmdp.org\/#organization"},"image":{"@id":"https:\/\/www.fundacionmdp.org\/la-fundacion-mutua-de-propietarios-y-fundacion-once-se-unen-para-mejorar-la-accesibilidad-en-las-comunidades-de-vecinos\/#primaryimage"},"thumbnailUrl":"https:\/\/www.fundacionmdp.org\/wp-content\/uploads\/2023\/05\/foto2.jpg","articleSection":["Sin categorizar"],"inLanguage":"ca","potentialAction":[{"@type":"CommentAction","name":"Comment","target":["https:\/\/www.fundacionmdp.org\/la-fundacion-mutua-de-propietarios-y-fundacion-once-se-unen-para-mejorar-la-accesibilidad-en-las-comunidades-de-vecinos\/#respond"]}]},{"@type":"WebPage","@id":"https:\/\/www.fundacionmdp.org\/la-fundacion-mutua-de-propietarios-y-fundacion-once-se-unen-para-mejorar-la-accesibilidad-en-las-comunidades-de-vecinos\/","url":"https:\/\/www.fundacionmdp.org\/la-fundacion-mutua-de-propietarios-y-fundacion-once-se-unen-para-mejorar-la-accesibilidad-en-las-comunidades-de-vecinos\/","name":"La Fundaci\u00f3 Mutua de Propietarios i la Fundaci\u00f3 ONCE s\u2019uneixen per millorar l\u2019accessibilitat en les comunitats de ve\u00efns - Fundaci\u00f3n Mutua de Propietarios","isPartOf":{"@id":"https:\/\/www.fundacionmdp.org\/#website"},"primaryImageOfPage":{"@id":"https:\/\/www.fundacionmdp.org\/la-fundacion-mutua-de-propietarios-y-fundacion-once-se-unen-para-mejorar-la-accesibilidad-en-las-comunidades-de-vecinos\/#primaryimage"},"image":{"@id":"https:\/\/www.fundacionmdp.org\/la-fundacion-mutua-de-propietarios-y-fundacion-once-se-unen-para-mejorar-la-accesibilidad-en-las-comunidades-de-vecinos\/#primaryimage"},"thumbnailUrl":"https:\/\/www.fundacionmdp.org\/wp-content\/uploads\/2023\/05\/foto2.jpg","datePublished":"2018-11-06T12:12:00+00:00","dateModified":"2023-05-15T11:06:58+00:00","breadcrumb":{"@id":"https:\/\/www.fundacionmdp.org\/la-fundacion-mutua-de-propietarios-y-fundacion-once-se-unen-para-mejorar-la-accesibilidad-en-las-comunidades-de-vecinos\/#breadcrumb"},"inLanguage":"ca","potentialAction":[{"@type":"ReadAction","target":["https:\/\/www.fundacionmdp.org\/la-fundacion-mutua-de-propietarios-y-fundacion-once-se-unen-para-mejorar-la-accesibilidad-en-las-comunidades-de-vecinos\/"]}]},{"@type":"ImageObject","inLanguage":"ca","@id":"https:\/\/www.fundacionmdp.org\/la-fundacion-mutua-de-propietarios-y-fundacion-once-se-unen-para-mejorar-la-accesibilidad-en-las-comunidades-de-vecinos\/#primaryimage","url":"https:\/\/www.fundacionmdp.org\/wp-content\/uploads\/2023\/05\/foto2.jpg","contentUrl":"https:\/\/www.fundacionmdp.org\/wp-content\/uploads\/2023\/05\/foto2.jpg","width":900,"height":550},{"@type":"BreadcrumbList","@id":"https:\/\/www.fundacionmdp.org\/la-fundacion-mutua-de-propietarios-y-fundacion-once-se-unen-para-mejorar-la-accesibilidad-en-las-comunidades-de-vecinos\/#breadcrumb","itemListElement":[{"@type":"ListItem","position":1,"name":"Home","item":"https:\/\/www.fundacionmdp.org\/ca\/"},{"@type":"ListItem","position":2,"name":"La Fundaci\u00f3 Mutua de Propietarios i la Fundaci\u00f3 ONCE s\u2019uneixen per millorar l\u2019accessibilitat en les comunitats de ve\u00efns"}]},{"@type":"WebSite","@id":"https:\/\/www.fundacionmdp.org\/#website","url":"https:\/\/www.fundacionmdp.org\/","name":"Fundaci\u00f3n Mutua de Propietarios","description":"En la Fundaci\u00f3n Mutua de Propietarios te ayudamos a convertir tu edificio de viviendas en un espacio sin barreras arquitect\u00f3nicas.","publisher":{"@id":"https:\/\/www.fundacionmdp.org\/#organization"},"potentialAction":[{"@type":"SearchAction","target":{"@type":"EntryPoint","urlTemplate":"https:\/\/www.fundacionmdp.org\/?s={search_term_string}"},"query-input":{"@type":"PropertyValueSpecification","valueRequired":true,"valueName":"search_term_string"}}],"inLanguage":"ca"},{"@type":"Organization","@id":"https:\/\/www.fundacionmdp.org\/#organization","name":"Fundaci\u00f3n Mutua de Propietarios","url":"https:\/\/www.fundacionmdp.org\/","logo":{"@type":"ImageObject","inLanguage":"ca","@id":"https:\/\/www.fundacionmdp.org\/#\/schema\/logo\/image\/","url":"https:\/\/www.fundacionmdp.org\/wp-content\/uploads\/2023\/05\/logo_FMdP_cat.png","contentUrl":"https:\/\/www.fundacionmdp.org\/wp-content\/uploads\/2023\/05\/logo_FMdP_cat.png","width":655,"height":297,"caption":"Fundaci\u00f3n Mutua de Propietarios"},"image":{"@id":"https:\/\/www.fundacionmdp.org\/#\/schema\/logo\/image\/"}},{"@type":"Person","@id":"https:\/\/www.fundacionmdp.org\/#\/schema\/person\/12f9af801cac25dfcb5a96cb0090f703","name":"fundacionmdp","image":{"@type":"ImageObject","inLanguage":"ca","@id":"https:\/\/secure.gravatar.com\/avatar\/b540f93d1816a14d85e51109d050c3243b98fb660a665f517a6d2597cff3bbed?s=96&d=mm&r=g","url":"https:\/\/secure.gravatar.com\/avatar\/b540f93d1816a14d85e51109d050c3243b98fb660a665f517a6d2597cff3bbed?s=96&d=mm&r=g","contentUrl":"https:\/\/secure.gravatar.com\/avatar\/b540f93d1816a14d85e51109d050c3243b98fb660a665f517a6d2597cff3bbed?s=96&d=mm&r=g","caption":"fundacionmdp"},"sameAs":["http:\/\/prezuk.com.mialias.net\/fundacionmdp"],"url":"https:\/\/www.fundacionmdp.org\/ca\/author\/fundacionmdp\/"}]}},"_links":{"self":[{"href":"https:\/\/www.fundacionmdp.org\/ca\/wp-json\/wp\/v2\/posts\/7255","targetHints":{"allow":["GET"]}}],"collection":[{"href":"https:\/\/www.fundacionmdp.org\/ca\/wp-json\/wp\/v2\/posts"}],"about":[{"href":"https:\/\/www.fundacionmdp.org\/ca\/wp-json\/wp\/v2\/types\/post"}],"author":[{"embeddable":true,"href":"https:\/\/www.fundacionmdp.org\/ca\/wp-json\/wp\/v2\/users\/1"}],"replies":[{"embeddable":true,"href":"https:\/\/www.fundacionmdp.org\/ca\/wp-json\/wp\/v2\/comments?post=7255"}],"version-history":[{"count":4,"href":"https:\/\/www.fundacionmdp.org\/ca\/wp-json\/wp\/v2\/posts\/7255\/revisions"}],"predecessor-version":[{"id":7259,"href":"https:\/\/www.fundacionmdp.org\/ca\/wp-json\/wp\/v2\/posts\/7255\/revisions\/7259"}],"wp:featuredmedia":[{"embeddable":true,"href":"https:\/\/www.fundacionmdp.org\/ca\/wp-json\/wp\/v2\/media\/6530"}],"wp:attachment":[{"href":"https:\/\/www.fundacionmdp.org\/ca\/wp-json\/wp\/v2\/media?parent=7255"}],"wp:term":[{"taxonomy":"category","embeddable":true,"href":"https:\/\/www.fundacionmdp.org\/ca\/wp-json\/wp\/v2\/categories?post=7255"},{"taxonomy":"post_tag","embeddable":true,"href":"https:\/\/www.fundacionmdp.org\/ca\/wp-json\/wp\/v2\/tags?post=7255"}],"curies":[{"name":"wp","href":"https:\/\/api.w.org\/{rel}","templated":true}]}}