{"id":7260,"date":"2019-06-14T12:31:00","date_gmt":"2019-06-14T12:31:00","guid":{"rendered":"http:\/\/prezuk.com.mialias.net\/fundacionmdp\/presentacio-de-lestudi-de-mobilitat-reduida-i-accessibilitat\/"},"modified":"2023-05-15T11:11:06","modified_gmt":"2023-05-15T11:11:06","slug":"presentacio-de-lestudi-de-mobilitat-reduida-i-accessibilitat","status":"publish","type":"post","link":"https:\/\/www.fundacionmdp.org\/ca\/presentacio-de-lestudi-de-mobilitat-reduida-i-accessibilitat\/","title":{"rendered":"Presentaci\u00f3 de l\u2019Estudi de Mobilitat redu\u00efda i Accessibilitat"},"content":{"rendered":"\t\t<div data-elementor-type=\"wp-post\" data-elementor-id=\"7260\" class=\"elementor elementor-7260 elementor-2421\">\n\t\t\t\t<div class=\"elementor-element elementor-element-b3016d6 e-flex e-con-boxed e-con e-parent\" data-id=\"b3016d6\" data-element_type=\"container\" data-e-type=\"container\">\n\t\t\t\t\t<div class=\"e-con-inner\">\n\t\t\t\t<div class=\"elementor-element elementor-element-3e8ed80 elementor-widget elementor-widget-text-editor\" data-id=\"3e8ed80\" data-element_type=\"widget\" data-e-type=\"widget\" data-widget_type=\"text-editor.default\">\n\t\t\t\t<div class=\"elementor-widget-container\">\n\t\t\t\t\t\t\t\t\t<h3>1,8 milions de persones amb mobilitat redu\u00efda depenen de l\u2019ajuda de tercers per sortir casa seva i 100.000 no surten mai<\/h3><ul><li><strong>A Espanya, 2,5 milions de persones tenen problemes de mobilitat, essent les escales i l\u2019acc\u00e9s al portal els espais de les comunitats ve\u00efnals on pitjor es desenvolupen<\/strong><\/li><li><strong>L\u2019ajuda d\u2019amics i familiars (73%) \u00e9s el principal recurs utilitzat per aquestes persones per a poder sortir de casa seva<\/strong><\/li><li><strong>Existeix una clara relaci\u00f3 entre la falta d\u2019autonomia i l\u2019estat d\u2019\u00e0nim: un 60% de les persones amb mobilitat redu\u00efda es senten malament amb elles mateixes<\/strong><\/li><\/ul><p>\u00a0<\/p><p><strong>Madrid, 11 de juny de 2019.- <\/strong>M\u00e9s d\u20191,8 milions de persones amb mobilitat redu\u00efda (74%) precisen d\u2019ajuda per sortir de casa seva i prop de 100.000 persones (un 4%) que no disposen d\u2019aquesta ajuda no ho fan mai. Aquesta \u00e9s una de les principals conclusions de l\u2019estudi \u201cMobilitat redu\u00efda i accessibilitat en l\u2019edifici\u201d elaborat per la Fundaci\u00f3 Mutua de Propietarios en col\u00b7laboraci\u00f3 amb la Confederaci\u00f3 Espanyola de Persones amb Discapacitat F\u00edsica i Org\u00e0nica (COCEMFE) amb l\u2019objectiu de con\u00e8ixer la situaci\u00f3 en la que viuen els 2,5 milions de persones que tenen mobilitat redu\u00efda a Espanya.<\/p><p>D\u2019acord amb l\u2019informe, un 43% d\u2019aquest grup social passa molts dies sense sortir de casa, sent un dels principals motius la falta d\u2019accessibilitat de l\u2019immoble en el que resideixen. De fet, el 33% considera que si el seu edifici estigu\u00e9s m\u00e9s adaptat a les seves necessitats sortiria amb m\u00e9s freq\u00fc\u00e8ncia de casa, un percentatge que es duplica en el cas del 18% de les persones amb mobilitat redu\u00efda que resideixen en edificis sense ascensor.<\/p><p>\u201cEn ocasions, la llar es converteix en una pres\u00f3 per les persones amb mobilitat redu\u00efda donada la dificultat per poder entrar o sortir, trobant-nos amb persones que es troben presoneres a la seva llar per la falta d\u2019accessibilitat al seu edifici\u201d, afirma la directora de la Fundaci\u00f3 Mutua de Propietarios, Laura L\u00f3pez Demarbre.<\/p><p>Per la seva banda, el president de COCEMFE, Anxo Queiruga, fa \u00e8mfasi en que \u201c\u00e9s imprescindible que les persones amb discapacitat siguem aut\u00f2nomes perqu\u00e8 puguem participar en igualtat de condicions i exercir el nostre dret a l\u2019educaci\u00f3, a l\u2019ocupaci\u00f3 o l\u2019oci\u201d.<\/p><p>L\u2019estudi desvetlla que un 60% dels enquestats tenen problemes de mobilitat sense ser usu\u00e0ries de cadira de rodes, b\u00e9 perqu\u00e8 utilitzen algun tipus de sistema de suport (crosses, bast\u00f3, caminador\u2026) o simplement perqu\u00e8 deambulen de forma inestable; i que el 38 % utilitza cadira de rodes manual o el\u00e8ctrica. \u201cLa import\u00e0ncia d\u2019aquesta dada rau en que si la persona propiet\u00e0ria \u00e9s usu\u00e0ria d\u2019una cadira de rodes, la necessitat es detecta d\u2019una forma m\u00e9s clara. Tanmateix, ens trobem amb persones m\u00e9s grans o persones amb discapacitat org\u00e0nica que no poden baixar les escales, davant la negativa de les comunitats de ve\u00efns\/es que no detecten la necessitat immediata\u201d, explica Queiruga.<\/p><p>La normativa vigent atribueix a les comunitats de propietaris la responsabilitat de garantir l\u2019accessibilitat en l\u2019edifici. En aquest punt, l\u2019estudi detecta que les comunitats amb major nombre de ve\u00efns s\u00f3n les que, en menor mesura, han realitzat accions a favor de l\u2019accessibilitat, \u201cposant de manifest la complexitat que representa sol\u00b7licitar ajudes en edificis amb un n\u00famero elevat de ve\u00efns, on influeix la negociaci\u00f3 i la corresponsabilitat d\u2019un n\u00famero important de persones que no sempre estan sensibilitzades amb els problemes de mobilitat redu\u00efda\u201d, afirma L\u00f3pez Demarbre.<\/p><p><strong><em>Fons Estatal d\u2019Accessibilitat.<\/em><\/strong><\/p><p>Per aquest motiu, la Fundaci\u00f3 Mutua de Propietarios i COCEMFE reclamen la creaci\u00f3 d\u2019un Fons Estatal per l\u2019Accessibilitat Universal, fent \u00e8mfasi en que \u201c\u00e9s imprescindible que s\u2019estableixi ajudes espec\u00edfiques per totes les comunitats ve\u00efnals que han d\u2019afrontar obres d\u2019accessibilitat per garantir el dret a una vida independent\u201d.<\/p><p>I \u00e9s que, d\u2019acord amb un estudi anterior de la Fundaci\u00f3 Mutua de Propietarios, nom\u00e9s un 0,6% dels 9,8 milions dels edificis d\u2019habitatges<sup>2<\/sup> a Espanya compleixen els criteris d\u2019accessibilitat universal per persones amb mobilitat redu\u00efda o discapacitat, tot i que al 2017 va finalitzar el termini perqu\u00e8 les comunitats de propietaris complissin amb els requisits d\u2019accessibilitat universal inclosos a la Llei General de Drets de les Persones amb Discapacitat.<\/p><p>Segons l\u2019informe \u201cMobilitat redu\u00efda i accessibilitat en l\u2019edifici\u201d, les limitacions de mobilitat deriven, principalment, en una dificultat per despla\u00e7ar-se dins i fora de casa, i per aquest motiu, les car\u00e8ncies en mat\u00e8ria d\u2019accessibilitat dels immobles han propiciat que un 22% de les persones amb mobilitat redu\u00efda hagin tingut que canviar alguna vegada de domicili per aquest motiu.<\/p><p>Escales i portal s\u00f3n els espais dels edificis que produeixen limitacions m\u00e9s grans a las persones amb mobilitat redu\u00efda. En concret, provoquen que el 78% d\u2019aquestes persones no es puguin moure de manera lliure, seguides de l\u2019acc\u00e9s al carrer o al portal (39%),o al mateix portal (39%) que tamb\u00e9 representa una barrera dins de l\u2019edifici. A m\u00e9s, les principals millores que es farien en l\u2019edifici s\u00f3n la instal\u00b7laci\u00f3 d\u2019un ascensor, pels qui no el tenen, i les portes autom\u00e0tiques.<\/p><p>Per tractar de solucionar aquesta situaci\u00f3, els principals recursos utilitzats per les persones amb mobilitat redu\u00efda s\u00f3n l\u2019ajuda de familiars i amics (73%). Aix\u00ed mateix, un 22% compta amb personal professional de suport i un 22% rep ajudes econ\u00f2miques, sent destacable que un 7% assegura que no disposa de suport.<\/p><p>Aix\u00ed mateix, les noves tecnologies tamb\u00e9 estan jugant un paper positiu en la realitzaci\u00f3 de les tasques habituals: un 50% assegura que les utilitza per les seves gestions i un 19% per realitzar compres per internet. No obstant, es percep en l\u2019estudi una bretxa digital que afecta als m\u00e9s grans de 60 anys i als que viuen en zones geogr\u00e0fiques amb serveis digitals menys desenvolupats.<\/p><p><strong><em>Sentir-se malament amb un mateix.<\/em><\/strong><\/p><p>L\u2019estudi \u201cMobilitat redu\u00efda i accessibilitat en l\u2019edifici\u201d estableix una clara relaci\u00f3 entre la falta d\u2019autonomia i l\u2019estat d\u2019\u00e0nim. En concret, l\u2019estudi afirma que un 60% de les persones amb mobilitat redu\u00efda es senten malament amb elles mateixes, una percepci\u00f3 m\u00e9s accentuada entre les persones m\u00e9s grans de 70 anys les que, a m\u00e9s, s\u00f3n les que en major mesura afirmen quedar-se molts dies sense sortir de casa.<\/p><p>En terminis d\u2019ajudes econ\u00f2miques a l\u2019accessibilitat, nom\u00e9s un 12% dels edificis que compten amb persones amb mobilitat redu\u00efda manifesten haver rebut alguna ajuda per millorar la seva accessibilitat. Tanmateix, un 28% dels consultats assegura haver demanat a la comunitat de propietaris alguna adaptaci\u00f3, de les quals, s\u2019han at\u00e8s poc m\u00e9s de la meitat. A m\u00e9s, l\u2019estudi senyala tamb\u00e9 que, malgrat puguin ser les que m\u00e9s ho necessiten, les persones m\u00e9s grans s\u00f3n les que en menor mesura sol\u00b7liciten aquestes adaptacions als seus edificis.<\/p><p>\u00a0<\/p>\t\t\t\t\t\t\t\t<\/div>\n\t\t\t\t<\/div>\n\t\t\t\t\t<\/div>\n\t\t\t\t<\/div>\n\t\t\t\t<\/div>\n\t\t","protected":false},"excerpt":{"rendered":"<p>1,8 milions de persones amb mobilitat redu\u00efda depenen de l\u2019ajuda de tercers per sortir casa seva i 100.000 no surten mai A Espanya, 2,5 milions de persones tenen problemes de mobilitat, essent les escales i l\u2019acc\u00e9s al portal els espais de les comunitats ve\u00efnals on pitjor es desenvolupen L\u2019ajuda d\u2019amics i familiars (73%) \u00e9s el [&hellip;]<\/p>\n","protected":false},"author":1,"featured_media":6536,"comment_status":"open","ping_status":"open","sticky":false,"template":"","format":"standard","meta":{"_acf_changed":false,"ocean_post_layout":"","ocean_both_sidebars_style":"","ocean_both_sidebars_content_width":0,"ocean_both_sidebars_sidebars_width":0,"ocean_sidebar":"0","ocean_second_sidebar":"0","ocean_disable_margins":"enable","ocean_add_body_class":"","ocean_shortcode_before_top_bar":"","ocean_shortcode_after_top_bar":"","ocean_shortcode_before_header":"","ocean_shortcode_after_header":"","ocean_has_shortcode":"","ocean_shortcode_after_title":"","ocean_shortcode_before_footer_widgets":"","ocean_shortcode_after_footer_widgets":"","ocean_shortcode_before_footer_bottom":"","ocean_shortcode_after_footer_bottom":"","ocean_display_top_bar":"default","ocean_display_header":"default","ocean_header_style":"","ocean_center_header_left_menu":"0","ocean_custom_header_template":"0","ocean_custom_logo":0,"ocean_custom_retina_logo":0,"ocean_custom_logo_max_width":0,"ocean_custom_logo_tablet_max_width":0,"ocean_custom_logo_mobile_max_width":0,"ocean_custom_logo_max_height":0,"ocean_custom_logo_tablet_max_height":0,"ocean_custom_logo_mobile_max_height":0,"ocean_header_custom_menu":"0","ocean_menu_typo_font_family":"0","ocean_menu_typo_font_subset":"","ocean_menu_typo_font_size":0,"ocean_menu_typo_font_size_tablet":0,"ocean_menu_typo_font_size_mobile":0,"ocean_menu_typo_font_size_unit":"px","ocean_menu_typo_font_weight":"","ocean_menu_typo_font_weight_tablet":"","ocean_menu_typo_font_weight_mobile":"","ocean_menu_typo_transform":"","ocean_menu_typo_transform_tablet":"","ocean_menu_typo_transform_mobile":"","ocean_menu_typo_line_height":0,"ocean_menu_typo_line_height_tablet":0,"ocean_menu_typo_line_height_mobile":0,"ocean_menu_typo_line_height_unit":"","ocean_menu_typo_spacing":0,"ocean_menu_typo_spacing_tablet":0,"ocean_menu_typo_spacing_mobile":0,"ocean_menu_typo_spacing_unit":"","ocean_menu_link_color":"","ocean_menu_link_color_hover":"","ocean_menu_link_color_active":"","ocean_menu_link_background":"","ocean_menu_link_hover_background":"","ocean_menu_link_active_background":"","ocean_menu_social_links_bg":"","ocean_menu_social_hover_links_bg":"","ocean_menu_social_links_color":"","ocean_menu_social_hover_links_color":"","ocean_disable_title":"default","ocean_disable_heading":"default","ocean_post_title":"","ocean_post_subheading":"","ocean_post_title_style":"","ocean_post_title_background_color":"","ocean_post_title_background":0,"ocean_post_title_bg_image_position":"","ocean_post_title_bg_image_attachment":"","ocean_post_title_bg_image_repeat":"","ocean_post_title_bg_image_size":"","ocean_post_title_height":0,"ocean_post_title_bg_overlay":0.5,"ocean_post_title_bg_overlay_color":"","ocean_disable_breadcrumbs":"default","ocean_breadcrumbs_color":"","ocean_breadcrumbs_separator_color":"","ocean_breadcrumbs_links_color":"","ocean_breadcrumbs_links_hover_color":"","ocean_display_footer_widgets":"default","ocean_display_footer_bottom":"default","ocean_custom_footer_template":"0","ocean_post_oembed":"","ocean_post_self_hosted_media":"","ocean_post_video_embed":"","ocean_link_format":"","ocean_link_format_target":"self","ocean_quote_format":"","ocean_quote_format_link":"post","ocean_gallery_link_images":"on","ocean_gallery_id":[],"footnotes":""},"categories":[1],"tags":[],"class_list":["post-7260","post","type-post","status-publish","format-standard","has-post-thumbnail","hentry","category-sin-categorizar","entry","has-media"],"acf":[],"yoast_head":"<!-- This site is optimized with the Yoast SEO plugin v27.3 - https:\/\/yoast.com\/product\/yoast-seo-wordpress\/ -->\n<title>Presentaci\u00f3 de l\u2019Estudi de Mobilitat redu\u00efda i Accessibilitat - Fundaci\u00f3n Mutua de Propietarios<\/title>\n<meta name=\"robots\" content=\"index, follow, max-snippet:-1, max-image-preview:large, max-video-preview:-1\" \/>\n<link rel=\"canonical\" href=\"https:\/\/www.fundacionmdp.org\/ca\/presentacio-de-lestudi-de-mobilitat-reduida-i-accessibilitat\/\" \/>\n<meta property=\"og:locale\" content=\"ca_ES\" \/>\n<meta property=\"og:type\" content=\"article\" \/>\n<meta property=\"og:title\" content=\"Presentaci\u00f3 de l\u2019Estudi de Mobilitat redu\u00efda i Accessibilitat - Fundaci\u00f3n Mutua de Propietarios\" \/>\n<meta property=\"og:description\" content=\"1,8 milions de persones amb mobilitat redu\u00efda depenen de l\u2019ajuda de tercers per sortir casa seva i 100.000 no surten mai A Espanya, 2,5 milions de persones tenen problemes de mobilitat, essent les escales i l\u2019acc\u00e9s al portal els espais de les comunitats ve\u00efnals on pitjor es desenvolupen L\u2019ajuda d\u2019amics i familiars (73%) \u00e9s el [&hellip;]\" \/>\n<meta property=\"og:url\" content=\"https:\/\/www.fundacionmdp.org\/ca\/presentacio-de-lestudi-de-mobilitat-reduida-i-accessibilitat\/\" \/>\n<meta property=\"og:site_name\" content=\"Fundaci\u00f3n Mutua de Propietarios\" \/>\n<meta property=\"article:published_time\" content=\"2019-06-14T12:31:00+00:00\" \/>\n<meta property=\"article:modified_time\" content=\"2023-05-15T11:11:06+00:00\" \/>\n<meta property=\"og:image\" content=\"https:\/\/www.fundacionmdp.org\/wp-content\/uploads\/2023\/05\/fence-2163951_920.jpg\" \/>\n\t<meta property=\"og:image:width\" content=\"920\" \/>\n\t<meta property=\"og:image:height\" content=\"609\" \/>\n\t<meta property=\"og:image:type\" content=\"image\/jpeg\" \/>\n<meta name=\"author\" content=\"fundacionmdp\" \/>\n<meta name=\"twitter:card\" content=\"summary_large_image\" \/>\n<meta name=\"twitter:label1\" content=\"Escrit per\" \/>\n\t<meta name=\"twitter:data1\" content=\"fundacionmdp\" \/>\n\t<meta name=\"twitter:label2\" content=\"Temps estimat de lectura\" \/>\n\t<meta name=\"twitter:data2\" content=\"6 minuts\" \/>\n<script type=\"application\/ld+json\" class=\"yoast-schema-graph\">{\"@context\":\"https:\\\/\\\/schema.org\",\"@graph\":[{\"@type\":\"Article\",\"@id\":\"https:\\\/\\\/www.fundacionmdp.org\\\/ca\\\/presentacio-de-lestudi-de-mobilitat-reduida-i-accessibilitat\\\/#article\",\"isPartOf\":{\"@id\":\"https:\\\/\\\/www.fundacionmdp.org\\\/ca\\\/presentacio-de-lestudi-de-mobilitat-reduida-i-accessibilitat\\\/\"},\"author\":{\"name\":\"fundacionmdp\",\"@id\":\"https:\\\/\\\/www.fundacionmdp.org\\\/#\\\/schema\\\/person\\\/12f9af801cac25dfcb5a96cb0090f703\"},\"headline\":\"Presentaci\u00f3 de l\u2019Estudi de Mobilitat redu\u00efda i Accessibilitat\",\"datePublished\":\"2019-06-14T12:31:00+00:00\",\"dateModified\":\"2023-05-15T11:11:06+00:00\",\"mainEntityOfPage\":{\"@id\":\"https:\\\/\\\/www.fundacionmdp.org\\\/ca\\\/presentacio-de-lestudi-de-mobilitat-reduida-i-accessibilitat\\\/\"},\"wordCount\":1187,\"commentCount\":0,\"publisher\":{\"@id\":\"https:\\\/\\\/www.fundacionmdp.org\\\/#organization\"},\"image\":{\"@id\":\"https:\\\/\\\/www.fundacionmdp.org\\\/ca\\\/presentacio-de-lestudi-de-mobilitat-reduida-i-accessibilitat\\\/#primaryimage\"},\"thumbnailUrl\":\"https:\\\/\\\/www.fundacionmdp.org\\\/wp-content\\\/uploads\\\/2023\\\/05\\\/fence-2163951_920.jpg\",\"articleSection\":[\"Sin categorizar\"],\"inLanguage\":\"ca\",\"potentialAction\":[{\"@type\":\"CommentAction\",\"name\":\"Comment\",\"target\":[\"https:\\\/\\\/www.fundacionmdp.org\\\/ca\\\/presentacio-de-lestudi-de-mobilitat-reduida-i-accessibilitat\\\/#respond\"]}]},{\"@type\":\"WebPage\",\"@id\":\"https:\\\/\\\/www.fundacionmdp.org\\\/ca\\\/presentacio-de-lestudi-de-mobilitat-reduida-i-accessibilitat\\\/\",\"url\":\"https:\\\/\\\/www.fundacionmdp.org\\\/ca\\\/presentacio-de-lestudi-de-mobilitat-reduida-i-accessibilitat\\\/\",\"name\":\"Presentaci\u00f3 de l\u2019Estudi de Mobilitat redu\u00efda i Accessibilitat - Fundaci\u00f3n Mutua de Propietarios\",\"isPartOf\":{\"@id\":\"https:\\\/\\\/www.fundacionmdp.org\\\/#website\"},\"primaryImageOfPage\":{\"@id\":\"https:\\\/\\\/www.fundacionmdp.org\\\/ca\\\/presentacio-de-lestudi-de-mobilitat-reduida-i-accessibilitat\\\/#primaryimage\"},\"image\":{\"@id\":\"https:\\\/\\\/www.fundacionmdp.org\\\/ca\\\/presentacio-de-lestudi-de-mobilitat-reduida-i-accessibilitat\\\/#primaryimage\"},\"thumbnailUrl\":\"https:\\\/\\\/www.fundacionmdp.org\\\/wp-content\\\/uploads\\\/2023\\\/05\\\/fence-2163951_920.jpg\",\"datePublished\":\"2019-06-14T12:31:00+00:00\",\"dateModified\":\"2023-05-15T11:11:06+00:00\",\"breadcrumb\":{\"@id\":\"https:\\\/\\\/www.fundacionmdp.org\\\/ca\\\/presentacio-de-lestudi-de-mobilitat-reduida-i-accessibilitat\\\/#breadcrumb\"},\"inLanguage\":\"ca\",\"potentialAction\":[{\"@type\":\"ReadAction\",\"target\":[\"https:\\\/\\\/www.fundacionmdp.org\\\/ca\\\/presentacio-de-lestudi-de-mobilitat-reduida-i-accessibilitat\\\/\"]}]},{\"@type\":\"ImageObject\",\"inLanguage\":\"ca\",\"@id\":\"https:\\\/\\\/www.fundacionmdp.org\\\/ca\\\/presentacio-de-lestudi-de-mobilitat-reduida-i-accessibilitat\\\/#primaryimage\",\"url\":\"https:\\\/\\\/www.fundacionmdp.org\\\/wp-content\\\/uploads\\\/2023\\\/05\\\/fence-2163951_920.jpg\",\"contentUrl\":\"https:\\\/\\\/www.fundacionmdp.org\\\/wp-content\\\/uploads\\\/2023\\\/05\\\/fence-2163951_920.jpg\",\"width\":920,\"height\":609},{\"@type\":\"BreadcrumbList\",\"@id\":\"https:\\\/\\\/www.fundacionmdp.org\\\/ca\\\/presentacio-de-lestudi-de-mobilitat-reduida-i-accessibilitat\\\/#breadcrumb\",\"itemListElement\":[{\"@type\":\"ListItem\",\"position\":1,\"name\":\"Home\",\"item\":\"https:\\\/\\\/www.fundacionmdp.org\\\/ca\\\/\"},{\"@type\":\"ListItem\",\"position\":2,\"name\":\"Presentaci\u00f3 de l\u2019Estudi de Mobilitat redu\u00efda i Accessibilitat\"}]},{\"@type\":\"WebSite\",\"@id\":\"https:\\\/\\\/www.fundacionmdp.org\\\/#website\",\"url\":\"https:\\\/\\\/www.fundacionmdp.org\\\/\",\"name\":\"Fundaci\u00f3n Mutua de Propietarios\",\"description\":\"En la Fundaci\u00f3n Mutua de Propietarios te ayudamos a convertir tu edificio de viviendas en un espacio sin barreras arquitect\u00f3nicas.\",\"publisher\":{\"@id\":\"https:\\\/\\\/www.fundacionmdp.org\\\/#organization\"},\"potentialAction\":[{\"@type\":\"SearchAction\",\"target\":{\"@type\":\"EntryPoint\",\"urlTemplate\":\"https:\\\/\\\/www.fundacionmdp.org\\\/?s={search_term_string}\"},\"query-input\":{\"@type\":\"PropertyValueSpecification\",\"valueRequired\":true,\"valueName\":\"search_term_string\"}}],\"inLanguage\":\"ca\"},{\"@type\":\"Organization\",\"@id\":\"https:\\\/\\\/www.fundacionmdp.org\\\/#organization\",\"name\":\"Fundaci\u00f3n Mutua de Propietarios\",\"url\":\"https:\\\/\\\/www.fundacionmdp.org\\\/\",\"logo\":{\"@type\":\"ImageObject\",\"inLanguage\":\"ca\",\"@id\":\"https:\\\/\\\/www.fundacionmdp.org\\\/#\\\/schema\\\/logo\\\/image\\\/\",\"url\":\"https:\\\/\\\/www.fundacionmdp.org\\\/wp-content\\\/uploads\\\/2023\\\/05\\\/logo_FMdP_cat.png\",\"contentUrl\":\"https:\\\/\\\/www.fundacionmdp.org\\\/wp-content\\\/uploads\\\/2023\\\/05\\\/logo_FMdP_cat.png\",\"width\":655,\"height\":297,\"caption\":\"Fundaci\u00f3n Mutua de Propietarios\"},\"image\":{\"@id\":\"https:\\\/\\\/www.fundacionmdp.org\\\/#\\\/schema\\\/logo\\\/image\\\/\"}},{\"@type\":\"Person\",\"@id\":\"https:\\\/\\\/www.fundacionmdp.org\\\/#\\\/schema\\\/person\\\/12f9af801cac25dfcb5a96cb0090f703\",\"name\":\"fundacionmdp\",\"image\":{\"@type\":\"ImageObject\",\"inLanguage\":\"ca\",\"@id\":\"https:\\\/\\\/secure.gravatar.com\\\/avatar\\\/b540f93d1816a14d85e51109d050c3243b98fb660a665f517a6d2597cff3bbed?s=96&d=mm&r=g\",\"url\":\"https:\\\/\\\/secure.gravatar.com\\\/avatar\\\/b540f93d1816a14d85e51109d050c3243b98fb660a665f517a6d2597cff3bbed?s=96&d=mm&r=g\",\"contentUrl\":\"https:\\\/\\\/secure.gravatar.com\\\/avatar\\\/b540f93d1816a14d85e51109d050c3243b98fb660a665f517a6d2597cff3bbed?s=96&d=mm&r=g\",\"caption\":\"fundacionmdp\"},\"sameAs\":[\"http:\\\/\\\/prezuk.com.mialias.net\\\/fundacionmdp\"],\"url\":\"https:\\\/\\\/www.fundacionmdp.org\\\/ca\\\/author\\\/fundacionmdp\\\/\"}]}<\/script>\n<!-- \/ Yoast SEO plugin. -->","yoast_head_json":{"title":"Presentaci\u00f3 de l\u2019Estudi de Mobilitat redu\u00efda i Accessibilitat - Fundaci\u00f3n Mutua de Propietarios","robots":{"index":"index","follow":"follow","max-snippet":"max-snippet:-1","max-image-preview":"max-image-preview:large","max-video-preview":"max-video-preview:-1"},"canonical":"https:\/\/www.fundacionmdp.org\/ca\/presentacio-de-lestudi-de-mobilitat-reduida-i-accessibilitat\/","og_locale":"ca_ES","og_type":"article","og_title":"Presentaci\u00f3 de l\u2019Estudi de Mobilitat redu\u00efda i Accessibilitat - Fundaci\u00f3n Mutua de Propietarios","og_description":"1,8 milions de persones amb mobilitat redu\u00efda depenen de l\u2019ajuda de tercers per sortir casa seva i 100.000 no surten mai A Espanya, 2,5 milions de persones tenen problemes de mobilitat, essent les escales i l\u2019acc\u00e9s al portal els espais de les comunitats ve\u00efnals on pitjor es desenvolupen L\u2019ajuda d\u2019amics i familiars (73%) \u00e9s el [&hellip;]","og_url":"https:\/\/www.fundacionmdp.org\/ca\/presentacio-de-lestudi-de-mobilitat-reduida-i-accessibilitat\/","og_site_name":"Fundaci\u00f3n Mutua de Propietarios","article_published_time":"2019-06-14T12:31:00+00:00","article_modified_time":"2023-05-15T11:11:06+00:00","og_image":[{"width":920,"height":609,"url":"https:\/\/www.fundacionmdp.org\/wp-content\/uploads\/2023\/05\/fence-2163951_920.jpg","type":"image\/jpeg"}],"author":"fundacionmdp","twitter_card":"summary_large_image","twitter_misc":{"Escrit per":"fundacionmdp","Temps estimat de lectura":"6 minuts"},"schema":{"@context":"https:\/\/schema.org","@graph":[{"@type":"Article","@id":"https:\/\/www.fundacionmdp.org\/ca\/presentacio-de-lestudi-de-mobilitat-reduida-i-accessibilitat\/#article","isPartOf":{"@id":"https:\/\/www.fundacionmdp.org\/ca\/presentacio-de-lestudi-de-mobilitat-reduida-i-accessibilitat\/"},"author":{"name":"fundacionmdp","@id":"https:\/\/www.fundacionmdp.org\/#\/schema\/person\/12f9af801cac25dfcb5a96cb0090f703"},"headline":"Presentaci\u00f3 de l\u2019Estudi de Mobilitat redu\u00efda i Accessibilitat","datePublished":"2019-06-14T12:31:00+00:00","dateModified":"2023-05-15T11:11:06+00:00","mainEntityOfPage":{"@id":"https:\/\/www.fundacionmdp.org\/ca\/presentacio-de-lestudi-de-mobilitat-reduida-i-accessibilitat\/"},"wordCount":1187,"commentCount":0,"publisher":{"@id":"https:\/\/www.fundacionmdp.org\/#organization"},"image":{"@id":"https:\/\/www.fundacionmdp.org\/ca\/presentacio-de-lestudi-de-mobilitat-reduida-i-accessibilitat\/#primaryimage"},"thumbnailUrl":"https:\/\/www.fundacionmdp.org\/wp-content\/uploads\/2023\/05\/fence-2163951_920.jpg","articleSection":["Sin categorizar"],"inLanguage":"ca","potentialAction":[{"@type":"CommentAction","name":"Comment","target":["https:\/\/www.fundacionmdp.org\/ca\/presentacio-de-lestudi-de-mobilitat-reduida-i-accessibilitat\/#respond"]}]},{"@type":"WebPage","@id":"https:\/\/www.fundacionmdp.org\/ca\/presentacio-de-lestudi-de-mobilitat-reduida-i-accessibilitat\/","url":"https:\/\/www.fundacionmdp.org\/ca\/presentacio-de-lestudi-de-mobilitat-reduida-i-accessibilitat\/","name":"Presentaci\u00f3 de l\u2019Estudi de Mobilitat redu\u00efda i Accessibilitat - Fundaci\u00f3n Mutua de Propietarios","isPartOf":{"@id":"https:\/\/www.fundacionmdp.org\/#website"},"primaryImageOfPage":{"@id":"https:\/\/www.fundacionmdp.org\/ca\/presentacio-de-lestudi-de-mobilitat-reduida-i-accessibilitat\/#primaryimage"},"image":{"@id":"https:\/\/www.fundacionmdp.org\/ca\/presentacio-de-lestudi-de-mobilitat-reduida-i-accessibilitat\/#primaryimage"},"thumbnailUrl":"https:\/\/www.fundacionmdp.org\/wp-content\/uploads\/2023\/05\/fence-2163951_920.jpg","datePublished":"2019-06-14T12:31:00+00:00","dateModified":"2023-05-15T11:11:06+00:00","breadcrumb":{"@id":"https:\/\/www.fundacionmdp.org\/ca\/presentacio-de-lestudi-de-mobilitat-reduida-i-accessibilitat\/#breadcrumb"},"inLanguage":"ca","potentialAction":[{"@type":"ReadAction","target":["https:\/\/www.fundacionmdp.org\/ca\/presentacio-de-lestudi-de-mobilitat-reduida-i-accessibilitat\/"]}]},{"@type":"ImageObject","inLanguage":"ca","@id":"https:\/\/www.fundacionmdp.org\/ca\/presentacio-de-lestudi-de-mobilitat-reduida-i-accessibilitat\/#primaryimage","url":"https:\/\/www.fundacionmdp.org\/wp-content\/uploads\/2023\/05\/fence-2163951_920.jpg","contentUrl":"https:\/\/www.fundacionmdp.org\/wp-content\/uploads\/2023\/05\/fence-2163951_920.jpg","width":920,"height":609},{"@type":"BreadcrumbList","@id":"https:\/\/www.fundacionmdp.org\/ca\/presentacio-de-lestudi-de-mobilitat-reduida-i-accessibilitat\/#breadcrumb","itemListElement":[{"@type":"ListItem","position":1,"name":"Home","item":"https:\/\/www.fundacionmdp.org\/ca\/"},{"@type":"ListItem","position":2,"name":"Presentaci\u00f3 de l\u2019Estudi de Mobilitat redu\u00efda i Accessibilitat"}]},{"@type":"WebSite","@id":"https:\/\/www.fundacionmdp.org\/#website","url":"https:\/\/www.fundacionmdp.org\/","name":"Fundaci\u00f3n Mutua de Propietarios","description":"En la Fundaci\u00f3n Mutua de Propietarios te ayudamos a convertir tu edificio de viviendas en un espacio sin barreras arquitect\u00f3nicas.","publisher":{"@id":"https:\/\/www.fundacionmdp.org\/#organization"},"potentialAction":[{"@type":"SearchAction","target":{"@type":"EntryPoint","urlTemplate":"https:\/\/www.fundacionmdp.org\/?s={search_term_string}"},"query-input":{"@type":"PropertyValueSpecification","valueRequired":true,"valueName":"search_term_string"}}],"inLanguage":"ca"},{"@type":"Organization","@id":"https:\/\/www.fundacionmdp.org\/#organization","name":"Fundaci\u00f3n Mutua de Propietarios","url":"https:\/\/www.fundacionmdp.org\/","logo":{"@type":"ImageObject","inLanguage":"ca","@id":"https:\/\/www.fundacionmdp.org\/#\/schema\/logo\/image\/","url":"https:\/\/www.fundacionmdp.org\/wp-content\/uploads\/2023\/05\/logo_FMdP_cat.png","contentUrl":"https:\/\/www.fundacionmdp.org\/wp-content\/uploads\/2023\/05\/logo_FMdP_cat.png","width":655,"height":297,"caption":"Fundaci\u00f3n Mutua de Propietarios"},"image":{"@id":"https:\/\/www.fundacionmdp.org\/#\/schema\/logo\/image\/"}},{"@type":"Person","@id":"https:\/\/www.fundacionmdp.org\/#\/schema\/person\/12f9af801cac25dfcb5a96cb0090f703","name":"fundacionmdp","image":{"@type":"ImageObject","inLanguage":"ca","@id":"https:\/\/secure.gravatar.com\/avatar\/b540f93d1816a14d85e51109d050c3243b98fb660a665f517a6d2597cff3bbed?s=96&d=mm&r=g","url":"https:\/\/secure.gravatar.com\/avatar\/b540f93d1816a14d85e51109d050c3243b98fb660a665f517a6d2597cff3bbed?s=96&d=mm&r=g","contentUrl":"https:\/\/secure.gravatar.com\/avatar\/b540f93d1816a14d85e51109d050c3243b98fb660a665f517a6d2597cff3bbed?s=96&d=mm&r=g","caption":"fundacionmdp"},"sameAs":["http:\/\/prezuk.com.mialias.net\/fundacionmdp"],"url":"https:\/\/www.fundacionmdp.org\/ca\/author\/fundacionmdp\/"}]}},"_links":{"self":[{"href":"https:\/\/www.fundacionmdp.org\/ca\/wp-json\/wp\/v2\/posts\/7260","targetHints":{"allow":["GET"]}}],"collection":[{"href":"https:\/\/www.fundacionmdp.org\/ca\/wp-json\/wp\/v2\/posts"}],"about":[{"href":"https:\/\/www.fundacionmdp.org\/ca\/wp-json\/wp\/v2\/types\/post"}],"author":[{"embeddable":true,"href":"https:\/\/www.fundacionmdp.org\/ca\/wp-json\/wp\/v2\/users\/1"}],"replies":[{"embeddable":true,"href":"https:\/\/www.fundacionmdp.org\/ca\/wp-json\/wp\/v2\/comments?post=7260"}],"version-history":[{"count":4,"href":"https:\/\/www.fundacionmdp.org\/ca\/wp-json\/wp\/v2\/posts\/7260\/revisions"}],"predecessor-version":[{"id":7264,"href":"https:\/\/www.fundacionmdp.org\/ca\/wp-json\/wp\/v2\/posts\/7260\/revisions\/7264"}],"wp:featuredmedia":[{"embeddable":true,"href":"https:\/\/www.fundacionmdp.org\/ca\/wp-json\/wp\/v2\/media\/6536"}],"wp:attachment":[{"href":"https:\/\/www.fundacionmdp.org\/ca\/wp-json\/wp\/v2\/media?parent=7260"}],"wp:term":[{"taxonomy":"category","embeddable":true,"href":"https:\/\/www.fundacionmdp.org\/ca\/wp-json\/wp\/v2\/categories?post=7260"},{"taxonomy":"post_tag","embeddable":true,"href":"https:\/\/www.fundacionmdp.org\/ca\/wp-json\/wp\/v2\/tags?post=7260"}],"curies":[{"name":"wp","href":"https:\/\/api.w.org\/{rel}","templated":true}]}}