{"id":7265,"date":"2019-06-26T12:37:00","date_gmt":"2019-06-26T12:37:00","guid":{"rendered":"http:\/\/prezuk.com.mialias.net\/fundacionmdp\/la-fundacio-mutua-de-propietarios-crea-un-consell-assessor-dexperts-per-aconsguir-habitatges-sense-barreres\/"},"modified":"2023-05-15T11:14:11","modified_gmt":"2023-05-15T11:14:11","slug":"la-fundacio-mutua-de-propietarios-crea-un-consell-assessor-dexperts-per-aconsguir-habitatges-sense-barreres","status":"publish","type":"post","link":"https:\/\/www.fundacionmdp.org\/ca\/la-fundacio-mutua-de-propietarios-crea-un-consell-assessor-dexperts-per-aconsguir-habitatges-sense-barreres\/","title":{"rendered":"La Fundaci\u00f3 Mutua de Propietarios crea un Consell Assessor d\u2019experts per aconsguir \u201dHabitatges Sense Barreres\u201d"},"content":{"rendered":"\t\t<div data-elementor-type=\"wp-post\" data-elementor-id=\"7265\" class=\"elementor elementor-7265 elementor-2429\">\n\t\t\t\t<div class=\"elementor-element elementor-element-ac0b3e5 e-flex e-con-boxed e-con e-parent\" data-id=\"ac0b3e5\" data-element_type=\"container\" data-e-type=\"container\">\n\t\t\t\t\t<div class=\"e-con-inner\">\n\t\t\t\t<div class=\"elementor-element elementor-element-36d524d elementor-widget elementor-widget-text-editor\" data-id=\"36d524d\" data-element_type=\"widget\" data-e-type=\"widget\" data-widget_type=\"text-editor.default\">\n\t\t\t\t<div class=\"elementor-widget-container\">\n\t\t\t\t\t\t\t\t\t<p><strong>Est\u00e0 integrat per dotze experts en diferents disciplines vinculades a l\u2019habitatge<\/strong><\/p><p><strong>L\u2019organisme assessorar\u00e0 a la instituci\u00f3 en les diferents accions que emprendran per millorar l\u2019accessibilitat dels edificis d\u2019habitatges<\/strong><\/p><div class=\"float-left col-6 col-md-6 mr-1\"><p><strong>Madrid, 26 de juny de 2019.-<\/strong> La Fundaci\u00f3 Mutua de Propietarios- Habitatges sense Barreres ha creat un Consell Assessor integrat per dotze experts en diferents disciplines vinculades a l\u2019habitatge que assessorar\u00e0 a la instituci\u00f3 en les distintes accions i projectes que emprendran per millorar l\u2019accessibilitat als edificis.\u00a0<\/p><p>\u201cEl Consell Assessor \u00e9s un \u00f2rgan voluntari de consulta i assessorament t\u00e8cnic amb la missi\u00f3 de prestar col\u00b7laboraci\u00f3 i assessorament a la Fundaci\u00f3 en aquells temes en els que vulgui una mirada aliena al seu dia a dia\u201d, explica Laura L\u00f3pez Demarbre, directora de la Fundaci\u00f3 Mutua de Propietarios, despr\u00e9s de la primera reuni\u00f3 mantinguda a Madrid.<\/p><p>En concret, el Consell Assessor de la Fundaci\u00f3 Mutua de Propietaris est\u00e0 format per persones rellevants de l\u2019entorn universitari, l\u2019arquitectura, l\u2019administraci\u00f3 de finques, les assegurances, la tecnologia i el sector immobiliari, entre d\u2019altres, que s\u2019han comprom\u00e8s amb la missi\u00f3 de la Fundaci\u00f3. Per part de la Fundaci\u00f3 Mutua de Propietarios el Consell Assessor est\u00e0 presidit per el President de la Fundaci\u00f3, Miquel Perdiguer Andr\u00e9s, i assisteixen tamb\u00e9 el seu Vicepresident, Christopher Bunzl, la seva Directora, Laura L\u00f3pez Demarbre, i Pedro M. Junquera en qualitat de Secretari.<\/p><p>Les \u00e0rees principals en les que la Fundaci\u00f3 Mutua de Propietarios desenvolupa les seves activitats s\u00f3n l\u2019eliminaci\u00f3 de barreres arquitect\u00f2niques, la sensibilitzaci\u00f3 de la societat i els actors pol\u00edtics decisors en mat\u00e8ria d\u2019accessibilitat, i la innovaci\u00f3, amb la finalitat de afavorir el desenvolupament de noves tecnologies que millorin les condicions de vida a les persones amb mobilitat redu\u00efda.<\/p><p>En aquest marc, dins del seu <strong>Observatori de l\u2019Accessibilitat<\/strong>, , la Fundaci\u00f3 ha desenvolupament diversos estudis per con\u00e8ixer l\u2019estat dels edificis d\u2019habitatges a Espanya i altres pa\u00efsos de refer\u00e8ncia a Europa i, recentment, un informe sobre la situaci\u00f3 de les persones amb mobilitat redu\u00efda i l\u2019accessibilitat dels habitatges.<\/p><p>A m\u00e9s, la Fundaci\u00f3 Mutua de Propietarios compta amb el <strong>programa \u201cSense Barreres\u201d<\/strong> que posa a l\u2019abast de les comunitats ve\u00efnals recursos financers i t\u00e8cnics necessaris per millorar l\u2019accessibilitat a les \u00e0rees comunes d\u2019un edifici.<\/p><\/div>\t\t\t\t\t\t\t\t<\/div>\n\t\t\t\t<\/div>\n\t\t\t\t\t<\/div>\n\t\t\t\t<\/div>\n\t\t<div class=\"elementor-element elementor-element-1cefba4 e-flex e-con-boxed e-con e-parent\" data-id=\"1cefba4\" data-element_type=\"container\" data-e-type=\"container\">\n\t\t\t\t\t<div class=\"e-con-inner\">\n\t\t\t\t<div class=\"elementor-element elementor-element-b8f85ca elementor-widget elementor-widget-text-editor\" data-id=\"b8f85ca\" data-element_type=\"widget\" data-e-type=\"widget\" data-widget_type=\"text-editor.default\">\n\t\t\t\t<div class=\"elementor-widget-container\">\n\t\t\t\t\t\t\t\t\t<table><tbody><tr><th>CONSELL ASSESSOR<\/th><\/tr><tr><td>\u2013 Jos\u00e9 Pablo Carbonell. CEO de Everis Europa y Responsable Global de Banca.<\/td><\/tr><tr><td>\u2013 Marco Colomer. Presidente y Consejero Pryconsa y Cogein.<\/td><\/tr><tr><td>\u2013 Llu\u00eds Comer\u00f3n. Presidente del Consejo Superior de Colegios de Arquitectos de Espa\u00f1a.<\/td><\/tr><tr><td>\u2013 Javier Garc\u00eda-Bernal. Presidente Asociaci\u00f3n Profesional de Mediado-res de Seguros.<\/td><\/tr><tr><td>\u2013 Elena Jim\u00e9nez de Andrade. Presi-denta Consejo General de Mediado-res de Seguros y del Colegio de Mediadores de Madrid.<\/td><\/tr><tr><td>\u2013 Samir Kayali. CEO de C95 Creative.<\/td><\/tr><tr><td>\u2013 Juan Mezo. Director y socio de Valores y Marketing.<\/td><\/tr><tr><td>\u2013 Sergio Nasarre. Director C\u00e1tedra UNESCO del Derecho a la Vivienda \u2013 Universidad Rovira y Virgili.<\/td><\/tr><tr><td>\u2013 Alejandro Pesta\u00f1a. Presidente del Colegio de Administradores de Fincas de M\u00e1laga y Melilla.<\/td><\/tr><tr><td>\u2013 Jaime Pire. Fundador y CEO de MIND Facility Management.<\/td><\/tr><tr><td>\u2013 Raimon Royo. Director General Adjunto en Arquia Banca.<\/td><\/tr><tr><td>\u2013 Ana Soloz\u00e1bal. Socia-Directora en Asset Consulting Inmobiliario Madrid y Vicepresidenta de la Asociaci\u00f3n Madrile\u00f1a de Empresas Inmobiliarias.<\/td><\/tr><\/tbody><\/table>\t\t\t\t\t\t\t\t<\/div>\n\t\t\t\t<\/div>\n\t\t\t\t\t<\/div>\n\t\t\t\t<\/div>\n\t\t<div class=\"elementor-element elementor-element-277b598 e-flex e-con-boxed e-con e-parent\" data-id=\"277b598\" data-element_type=\"container\" data-e-type=\"container\">\n\t\t\t\t\t<div class=\"e-con-inner\">\n\t\t\t\t<div class=\"elementor-element elementor-element-d0a07a4 elementor-widget elementor-widget-image\" data-id=\"d0a07a4\" data-element_type=\"widget\" data-e-type=\"widget\" data-widget_type=\"image.default\">\n\t\t\t\t<div class=\"elementor-widget-container\">\n\t\t\t\t\t\t\t\t\t\t\t\t\t\t\t<img fetchpriority=\"high\" decoding=\"async\" width=\"1024\" height=\"768\" src=\"https:\/\/www.fundacionmdp.org\/wp-content\/uploads\/2023\/05\/Consejo_Asesor-1024x768.jpg\" class=\"attachment-large size-large wp-image-6538\" alt=\"\" srcset=\"https:\/\/www.fundacionmdp.org\/wp-content\/uploads\/2023\/05\/Consejo_Asesor-1024x768.jpg 1024w, https:\/\/www.fundacionmdp.org\/wp-content\/uploads\/2023\/05\/Consejo_Asesor-300x225.jpg 300w, https:\/\/www.fundacionmdp.org\/wp-content\/uploads\/2023\/05\/Consejo_Asesor-768x576.jpg 768w, https:\/\/www.fundacionmdp.org\/wp-content\/uploads\/2023\/05\/Consejo_Asesor-1536x1152.jpg 1536w, https:\/\/www.fundacionmdp.org\/wp-content\/uploads\/2023\/05\/Consejo_Asesor-2048x1536.jpg 2048w\" sizes=\"(max-width: 1024px) 100vw, 1024px\" \/>\t\t\t\t\t\t\t\t\t\t\t\t\t\t\t<\/div>\n\t\t\t\t<\/div>\n\t\t\t\t\t<\/div>\n\t\t\t\t<\/div>\n\t\t<div class=\"elementor-element elementor-element-04b4989 e-flex e-con-boxed e-con e-parent\" data-id=\"04b4989\" data-element_type=\"container\" data-e-type=\"container\">\n\t\t\t\t\t<div class=\"e-con-inner\">\n\t\t\t\t<div class=\"elementor-element elementor-element-ffd6bf3 elementor-widget elementor-widget-text-editor\" data-id=\"ffd6bf3\" data-element_type=\"widget\" data-e-type=\"widget\" data-widget_type=\"text-editor.default\">\n\t\t\t\t<div class=\"elementor-widget-container\">\n\t\t\t\t\t\t\t\t\t<p>D\u2019esquerra a dreta: Jos\u00e9 Pablo Carbonell, Marco Colomer, Samir Kayali, Llu\u00eds Comer\u00f3n, Christopher Bunzl, Laura L\u00f3pez, Miquel Perdiguer, Ana Solaz\u00e1bal, Javier Garc\u00eda-Bernal, Sergio Nasarre, Juan Mezo, Jaime Pire i Pedro M. Junquera.<\/p>\t\t\t\t\t\t\t\t<\/div>\n\t\t\t\t<\/div>\n\t\t\t\t\t<\/div>\n\t\t\t\t<\/div>\n\t\t\t\t<\/div>\n\t\t","protected":false},"excerpt":{"rendered":"<p>Est\u00e0 integrat per dotze experts en diferents disciplines vinculades a l\u2019habitatge L\u2019organisme assessorar\u00e0 a la instituci\u00f3 en les diferents accions que emprendran per millorar l\u2019accessibilitat dels edificis d\u2019habitatges Madrid, 26 de juny de 2019.- La Fundaci\u00f3 Mutua de Propietarios- Habitatges sense Barreres ha creat un Consell Assessor integrat per dotze experts en diferents disciplines vinculades [&hellip;]<\/p>\n","protected":false},"author":1,"featured_media":6538,"comment_status":"open","ping_status":"open","sticky":false,"template":"","format":"standard","meta":{"_acf_changed":false,"ocean_post_layout":"","ocean_both_sidebars_style":"","ocean_both_sidebars_content_width":0,"ocean_both_sidebars_sidebars_width":0,"ocean_sidebar":"0","ocean_second_sidebar":"0","ocean_disable_margins":"enable","ocean_add_body_class":"","ocean_shortcode_before_top_bar":"","ocean_shortcode_after_top_bar":"","ocean_shortcode_before_header":"","ocean_shortcode_after_header":"","ocean_has_shortcode":"","ocean_shortcode_after_title":"","ocean_shortcode_before_footer_widgets":"","ocean_shortcode_after_footer_widgets":"","ocean_shortcode_before_footer_bottom":"","ocean_shortcode_after_footer_bottom":"","ocean_display_top_bar":"default","ocean_display_header":"default","ocean_header_style":"","ocean_center_header_left_menu":"0","ocean_custom_header_template":"0","ocean_custom_logo":0,"ocean_custom_retina_logo":0,"ocean_custom_logo_max_width":0,"ocean_custom_logo_tablet_max_width":0,"ocean_custom_logo_mobile_max_width":0,"ocean_custom_logo_max_height":0,"ocean_custom_logo_tablet_max_height":0,"ocean_custom_logo_mobile_max_height":0,"ocean_header_custom_menu":"0","ocean_menu_typo_font_family":"0","ocean_menu_typo_font_subset":"","ocean_menu_typo_font_size":0,"ocean_menu_typo_font_size_tablet":0,"ocean_menu_typo_font_size_mobile":0,"ocean_menu_typo_font_size_unit":"px","ocean_menu_typo_font_weight":"","ocean_menu_typo_font_weight_tablet":"","ocean_menu_typo_font_weight_mobile":"","ocean_menu_typo_transform":"","ocean_menu_typo_transform_tablet":"","ocean_menu_typo_transform_mobile":"","ocean_menu_typo_line_height":0,"ocean_menu_typo_line_height_tablet":0,"ocean_menu_typo_line_height_mobile":0,"ocean_menu_typo_line_height_unit":"","ocean_menu_typo_spacing":0,"ocean_menu_typo_spacing_tablet":0,"ocean_menu_typo_spacing_mobile":0,"ocean_menu_typo_spacing_unit":"","ocean_menu_link_color":"","ocean_menu_link_color_hover":"","ocean_menu_link_color_active":"","ocean_menu_link_background":"","ocean_menu_link_hover_background":"","ocean_menu_link_active_background":"","ocean_menu_social_links_bg":"","ocean_menu_social_hover_links_bg":"","ocean_menu_social_links_color":"","ocean_menu_social_hover_links_color":"","ocean_disable_title":"default","ocean_disable_heading":"default","ocean_post_title":"","ocean_post_subheading":"","ocean_post_title_style":"","ocean_post_title_background_color":"","ocean_post_title_background":0,"ocean_post_title_bg_image_position":"","ocean_post_title_bg_image_attachment":"","ocean_post_title_bg_image_repeat":"","ocean_post_title_bg_image_size":"","ocean_post_title_height":0,"ocean_post_title_bg_overlay":0.5,"ocean_post_title_bg_overlay_color":"","ocean_disable_breadcrumbs":"default","ocean_breadcrumbs_color":"","ocean_breadcrumbs_separator_color":"","ocean_breadcrumbs_links_color":"","ocean_breadcrumbs_links_hover_color":"","ocean_display_footer_widgets":"default","ocean_display_footer_bottom":"default","ocean_custom_footer_template":"0","ocean_post_oembed":"","ocean_post_self_hosted_media":"","ocean_post_video_embed":"","ocean_link_format":"","ocean_link_format_target":"self","ocean_quote_format":"","ocean_quote_format_link":"post","ocean_gallery_link_images":"on","ocean_gallery_id":[],"footnotes":""},"categories":[1],"tags":[],"class_list":["post-7265","post","type-post","status-publish","format-standard","has-post-thumbnail","hentry","category-sin-categorizar","entry","has-media"],"acf":[],"yoast_head":"<!-- This site is optimized with the Yoast SEO plugin v27.3 - https:\/\/yoast.com\/product\/yoast-seo-wordpress\/ -->\n<title>La Fundaci\u00f3 Mutua de Propietarios crea un Consell Assessor d\u2019experts per aconsguir \u201dHabitatges Sense Barreres\u201d - Fundaci\u00f3n Mutua de Propietarios<\/title>\n<meta name=\"robots\" content=\"index, follow, max-snippet:-1, max-image-preview:large, max-video-preview:-1\" \/>\n<link rel=\"canonical\" href=\"https:\/\/www.fundacionmdp.org\/la-fundacion-mutua-de-propietarios-crea-un-consejo-asesor-de-expertos-para-conseguir-viviendas-sin-barreras\/\" \/>\n<meta property=\"og:locale\" content=\"ca_ES\" \/>\n<meta property=\"og:type\" content=\"article\" \/>\n<meta property=\"og:title\" content=\"La Fundaci\u00f3 Mutua de Propietarios crea un Consell Assessor d\u2019experts per aconsguir \u201dHabitatges Sense Barreres\u201d - Fundaci\u00f3n Mutua de Propietarios\" \/>\n<meta property=\"og:description\" content=\"Est\u00e0 integrat per dotze experts en diferents disciplines vinculades a l\u2019habitatge L\u2019organisme assessorar\u00e0 a la instituci\u00f3 en les diferents accions que emprendran per millorar l\u2019accessibilitat dels edificis d\u2019habitatges Madrid, 26 de juny de 2019.- La Fundaci\u00f3 Mutua de Propietarios- Habitatges sense Barreres ha creat un Consell Assessor integrat per dotze experts en diferents disciplines vinculades [&hellip;]\" \/>\n<meta property=\"og:url\" content=\"https:\/\/www.fundacionmdp.org\/la-fundacion-mutua-de-propietarios-crea-un-consejo-asesor-de-expertos-para-conseguir-viviendas-sin-barreras\/\" \/>\n<meta property=\"og:site_name\" content=\"Fundaci\u00f3n Mutua de Propietarios\" \/>\n<meta property=\"article:published_time\" content=\"2019-06-26T12:37:00+00:00\" \/>\n<meta property=\"article:modified_time\" content=\"2023-05-15T11:14:11+00:00\" \/>\n<meta property=\"og:image\" content=\"https:\/\/www.fundacionmdp.org\/wp-content\/uploads\/2023\/05\/Consejo_Asesor-scaled.jpg\" \/>\n\t<meta property=\"og:image:width\" content=\"2560\" \/>\n\t<meta property=\"og:image:height\" content=\"1920\" \/>\n\t<meta property=\"og:image:type\" content=\"image\/jpeg\" \/>\n<meta name=\"author\" content=\"fundacionmdp\" \/>\n<meta name=\"twitter:card\" content=\"summary_large_image\" \/>\n<meta name=\"twitter:label1\" content=\"Escrit per\" \/>\n\t<meta name=\"twitter:data1\" content=\"fundacionmdp\" \/>\n\t<meta name=\"twitter:label2\" content=\"Temps estimat de lectura\" \/>\n\t<meta name=\"twitter:data2\" content=\"3 minuts\" \/>\n<script type=\"application\/ld+json\" class=\"yoast-schema-graph\">{\"@context\":\"https:\\\/\\\/schema.org\",\"@graph\":[{\"@type\":\"Article\",\"@id\":\"https:\\\/\\\/www.fundacionmdp.org\\\/la-fundacion-mutua-de-propietarios-crea-un-consejo-asesor-de-expertos-para-conseguir-viviendas-sin-barreras\\\/#article\",\"isPartOf\":{\"@id\":\"https:\\\/\\\/www.fundacionmdp.org\\\/la-fundacion-mutua-de-propietarios-crea-un-consejo-asesor-de-expertos-para-conseguir-viviendas-sin-barreras\\\/\"},\"author\":{\"name\":\"fundacionmdp\",\"@id\":\"https:\\\/\\\/www.fundacionmdp.org\\\/#\\\/schema\\\/person\\\/12f9af801cac25dfcb5a96cb0090f703\"},\"headline\":\"La Fundaci\u00f3 Mutua de Propietarios crea un Consell Assessor d\u2019experts per aconsguir \u201dHabitatges Sense Barreres\u201d\",\"datePublished\":\"2019-06-26T12:37:00+00:00\",\"dateModified\":\"2023-05-15T11:14:11+00:00\",\"mainEntityOfPage\":{\"@id\":\"https:\\\/\\\/www.fundacionmdp.org\\\/la-fundacion-mutua-de-propietarios-crea-un-consejo-asesor-de-expertos-para-conseguir-viviendas-sin-barreras\\\/\"},\"wordCount\":599,\"commentCount\":0,\"publisher\":{\"@id\":\"https:\\\/\\\/www.fundacionmdp.org\\\/#organization\"},\"image\":{\"@id\":\"https:\\\/\\\/www.fundacionmdp.org\\\/la-fundacion-mutua-de-propietarios-crea-un-consejo-asesor-de-expertos-para-conseguir-viviendas-sin-barreras\\\/#primaryimage\"},\"thumbnailUrl\":\"https:\\\/\\\/www.fundacionmdp.org\\\/wp-content\\\/uploads\\\/2023\\\/05\\\/Consejo_Asesor-scaled.jpg\",\"articleSection\":[\"Sin categorizar\"],\"inLanguage\":\"ca\",\"potentialAction\":[{\"@type\":\"CommentAction\",\"name\":\"Comment\",\"target\":[\"https:\\\/\\\/www.fundacionmdp.org\\\/la-fundacion-mutua-de-propietarios-crea-un-consejo-asesor-de-expertos-para-conseguir-viviendas-sin-barreras\\\/#respond\"]}]},{\"@type\":\"WebPage\",\"@id\":\"https:\\\/\\\/www.fundacionmdp.org\\\/la-fundacion-mutua-de-propietarios-crea-un-consejo-asesor-de-expertos-para-conseguir-viviendas-sin-barreras\\\/\",\"url\":\"https:\\\/\\\/www.fundacionmdp.org\\\/la-fundacion-mutua-de-propietarios-crea-un-consejo-asesor-de-expertos-para-conseguir-viviendas-sin-barreras\\\/\",\"name\":\"La Fundaci\u00f3 Mutua de Propietarios crea un Consell Assessor d\u2019experts per aconsguir \u201dHabitatges Sense Barreres\u201d - Fundaci\u00f3n Mutua de Propietarios\",\"isPartOf\":{\"@id\":\"https:\\\/\\\/www.fundacionmdp.org\\\/#website\"},\"primaryImageOfPage\":{\"@id\":\"https:\\\/\\\/www.fundacionmdp.org\\\/la-fundacion-mutua-de-propietarios-crea-un-consejo-asesor-de-expertos-para-conseguir-viviendas-sin-barreras\\\/#primaryimage\"},\"image\":{\"@id\":\"https:\\\/\\\/www.fundacionmdp.org\\\/la-fundacion-mutua-de-propietarios-crea-un-consejo-asesor-de-expertos-para-conseguir-viviendas-sin-barreras\\\/#primaryimage\"},\"thumbnailUrl\":\"https:\\\/\\\/www.fundacionmdp.org\\\/wp-content\\\/uploads\\\/2023\\\/05\\\/Consejo_Asesor-scaled.jpg\",\"datePublished\":\"2019-06-26T12:37:00+00:00\",\"dateModified\":\"2023-05-15T11:14:11+00:00\",\"breadcrumb\":{\"@id\":\"https:\\\/\\\/www.fundacionmdp.org\\\/la-fundacion-mutua-de-propietarios-crea-un-consejo-asesor-de-expertos-para-conseguir-viviendas-sin-barreras\\\/#breadcrumb\"},\"inLanguage\":\"ca\",\"potentialAction\":[{\"@type\":\"ReadAction\",\"target\":[\"https:\\\/\\\/www.fundacionmdp.org\\\/la-fundacion-mutua-de-propietarios-crea-un-consejo-asesor-de-expertos-para-conseguir-viviendas-sin-barreras\\\/\"]}]},{\"@type\":\"ImageObject\",\"inLanguage\":\"ca\",\"@id\":\"https:\\\/\\\/www.fundacionmdp.org\\\/la-fundacion-mutua-de-propietarios-crea-un-consejo-asesor-de-expertos-para-conseguir-viviendas-sin-barreras\\\/#primaryimage\",\"url\":\"https:\\\/\\\/www.fundacionmdp.org\\\/wp-content\\\/uploads\\\/2023\\\/05\\\/Consejo_Asesor-scaled.jpg\",\"contentUrl\":\"https:\\\/\\\/www.fundacionmdp.org\\\/wp-content\\\/uploads\\\/2023\\\/05\\\/Consejo_Asesor-scaled.jpg\",\"width\":2560,\"height\":1920},{\"@type\":\"BreadcrumbList\",\"@id\":\"https:\\\/\\\/www.fundacionmdp.org\\\/la-fundacion-mutua-de-propietarios-crea-un-consejo-asesor-de-expertos-para-conseguir-viviendas-sin-barreras\\\/#breadcrumb\",\"itemListElement\":[{\"@type\":\"ListItem\",\"position\":1,\"name\":\"Home\",\"item\":\"https:\\\/\\\/www.fundacionmdp.org\\\/ca\\\/\"},{\"@type\":\"ListItem\",\"position\":2,\"name\":\"La Fundaci\u00f3 Mutua de Propietarios crea un Consell Assessor d\u2019experts per aconsguir \u201dHabitatges Sense Barreres\u201d\"}]},{\"@type\":\"WebSite\",\"@id\":\"https:\\\/\\\/www.fundacionmdp.org\\\/#website\",\"url\":\"https:\\\/\\\/www.fundacionmdp.org\\\/\",\"name\":\"Fundaci\u00f3n Mutua de Propietarios\",\"description\":\"En la Fundaci\u00f3n Mutua de Propietarios te ayudamos a convertir tu edificio de viviendas en un espacio sin barreras arquitect\u00f3nicas.\",\"publisher\":{\"@id\":\"https:\\\/\\\/www.fundacionmdp.org\\\/#organization\"},\"potentialAction\":[{\"@type\":\"SearchAction\",\"target\":{\"@type\":\"EntryPoint\",\"urlTemplate\":\"https:\\\/\\\/www.fundacionmdp.org\\\/?s={search_term_string}\"},\"query-input\":{\"@type\":\"PropertyValueSpecification\",\"valueRequired\":true,\"valueName\":\"search_term_string\"}}],\"inLanguage\":\"ca\"},{\"@type\":\"Organization\",\"@id\":\"https:\\\/\\\/www.fundacionmdp.org\\\/#organization\",\"name\":\"Fundaci\u00f3n Mutua de Propietarios\",\"url\":\"https:\\\/\\\/www.fundacionmdp.org\\\/\",\"logo\":{\"@type\":\"ImageObject\",\"inLanguage\":\"ca\",\"@id\":\"https:\\\/\\\/www.fundacionmdp.org\\\/#\\\/schema\\\/logo\\\/image\\\/\",\"url\":\"https:\\\/\\\/www.fundacionmdp.org\\\/wp-content\\\/uploads\\\/2023\\\/05\\\/logo_FMdP_cat.png\",\"contentUrl\":\"https:\\\/\\\/www.fundacionmdp.org\\\/wp-content\\\/uploads\\\/2023\\\/05\\\/logo_FMdP_cat.png\",\"width\":655,\"height\":297,\"caption\":\"Fundaci\u00f3n Mutua de Propietarios\"},\"image\":{\"@id\":\"https:\\\/\\\/www.fundacionmdp.org\\\/#\\\/schema\\\/logo\\\/image\\\/\"}},{\"@type\":\"Person\",\"@id\":\"https:\\\/\\\/www.fundacionmdp.org\\\/#\\\/schema\\\/person\\\/12f9af801cac25dfcb5a96cb0090f703\",\"name\":\"fundacionmdp\",\"image\":{\"@type\":\"ImageObject\",\"inLanguage\":\"ca\",\"@id\":\"https:\\\/\\\/secure.gravatar.com\\\/avatar\\\/b540f93d1816a14d85e51109d050c3243b98fb660a665f517a6d2597cff3bbed?s=96&d=mm&r=g\",\"url\":\"https:\\\/\\\/secure.gravatar.com\\\/avatar\\\/b540f93d1816a14d85e51109d050c3243b98fb660a665f517a6d2597cff3bbed?s=96&d=mm&r=g\",\"contentUrl\":\"https:\\\/\\\/secure.gravatar.com\\\/avatar\\\/b540f93d1816a14d85e51109d050c3243b98fb660a665f517a6d2597cff3bbed?s=96&d=mm&r=g\",\"caption\":\"fundacionmdp\"},\"sameAs\":[\"http:\\\/\\\/prezuk.com.mialias.net\\\/fundacionmdp\"],\"url\":\"https:\\\/\\\/www.fundacionmdp.org\\\/ca\\\/author\\\/fundacionmdp\\\/\"}]}<\/script>\n<!-- \/ Yoast SEO plugin. -->","yoast_head_json":{"title":"La Fundaci\u00f3 Mutua de Propietarios crea un Consell Assessor d\u2019experts per aconsguir \u201dHabitatges Sense Barreres\u201d - Fundaci\u00f3n Mutua de Propietarios","robots":{"index":"index","follow":"follow","max-snippet":"max-snippet:-1","max-image-preview":"max-image-preview:large","max-video-preview":"max-video-preview:-1"},"canonical":"https:\/\/www.fundacionmdp.org\/la-fundacion-mutua-de-propietarios-crea-un-consejo-asesor-de-expertos-para-conseguir-viviendas-sin-barreras\/","og_locale":"ca_ES","og_type":"article","og_title":"La Fundaci\u00f3 Mutua de Propietarios crea un Consell Assessor d\u2019experts per aconsguir \u201dHabitatges Sense Barreres\u201d - Fundaci\u00f3n Mutua de Propietarios","og_description":"Est\u00e0 integrat per dotze experts en diferents disciplines vinculades a l\u2019habitatge L\u2019organisme assessorar\u00e0 a la instituci\u00f3 en les diferents accions que emprendran per millorar l\u2019accessibilitat dels edificis d\u2019habitatges Madrid, 26 de juny de 2019.- La Fundaci\u00f3 Mutua de Propietarios- Habitatges sense Barreres ha creat un Consell Assessor integrat per dotze experts en diferents disciplines vinculades [&hellip;]","og_url":"https:\/\/www.fundacionmdp.org\/la-fundacion-mutua-de-propietarios-crea-un-consejo-asesor-de-expertos-para-conseguir-viviendas-sin-barreras\/","og_site_name":"Fundaci\u00f3n Mutua de Propietarios","article_published_time":"2019-06-26T12:37:00+00:00","article_modified_time":"2023-05-15T11:14:11+00:00","og_image":[{"width":2560,"height":1920,"url":"https:\/\/www.fundacionmdp.org\/wp-content\/uploads\/2023\/05\/Consejo_Asesor-scaled.jpg","type":"image\/jpeg"}],"author":"fundacionmdp","twitter_card":"summary_large_image","twitter_misc":{"Escrit per":"fundacionmdp","Temps estimat de lectura":"3 minuts"},"schema":{"@context":"https:\/\/schema.org","@graph":[{"@type":"Article","@id":"https:\/\/www.fundacionmdp.org\/la-fundacion-mutua-de-propietarios-crea-un-consejo-asesor-de-expertos-para-conseguir-viviendas-sin-barreras\/#article","isPartOf":{"@id":"https:\/\/www.fundacionmdp.org\/la-fundacion-mutua-de-propietarios-crea-un-consejo-asesor-de-expertos-para-conseguir-viviendas-sin-barreras\/"},"author":{"name":"fundacionmdp","@id":"https:\/\/www.fundacionmdp.org\/#\/schema\/person\/12f9af801cac25dfcb5a96cb0090f703"},"headline":"La Fundaci\u00f3 Mutua de Propietarios crea un Consell Assessor d\u2019experts per aconsguir \u201dHabitatges Sense Barreres\u201d","datePublished":"2019-06-26T12:37:00+00:00","dateModified":"2023-05-15T11:14:11+00:00","mainEntityOfPage":{"@id":"https:\/\/www.fundacionmdp.org\/la-fundacion-mutua-de-propietarios-crea-un-consejo-asesor-de-expertos-para-conseguir-viviendas-sin-barreras\/"},"wordCount":599,"commentCount":0,"publisher":{"@id":"https:\/\/www.fundacionmdp.org\/#organization"},"image":{"@id":"https:\/\/www.fundacionmdp.org\/la-fundacion-mutua-de-propietarios-crea-un-consejo-asesor-de-expertos-para-conseguir-viviendas-sin-barreras\/#primaryimage"},"thumbnailUrl":"https:\/\/www.fundacionmdp.org\/wp-content\/uploads\/2023\/05\/Consejo_Asesor-scaled.jpg","articleSection":["Sin categorizar"],"inLanguage":"ca","potentialAction":[{"@type":"CommentAction","name":"Comment","target":["https:\/\/www.fundacionmdp.org\/la-fundacion-mutua-de-propietarios-crea-un-consejo-asesor-de-expertos-para-conseguir-viviendas-sin-barreras\/#respond"]}]},{"@type":"WebPage","@id":"https:\/\/www.fundacionmdp.org\/la-fundacion-mutua-de-propietarios-crea-un-consejo-asesor-de-expertos-para-conseguir-viviendas-sin-barreras\/","url":"https:\/\/www.fundacionmdp.org\/la-fundacion-mutua-de-propietarios-crea-un-consejo-asesor-de-expertos-para-conseguir-viviendas-sin-barreras\/","name":"La Fundaci\u00f3 Mutua de Propietarios crea un Consell Assessor d\u2019experts per aconsguir \u201dHabitatges Sense Barreres\u201d - Fundaci\u00f3n Mutua de Propietarios","isPartOf":{"@id":"https:\/\/www.fundacionmdp.org\/#website"},"primaryImageOfPage":{"@id":"https:\/\/www.fundacionmdp.org\/la-fundacion-mutua-de-propietarios-crea-un-consejo-asesor-de-expertos-para-conseguir-viviendas-sin-barreras\/#primaryimage"},"image":{"@id":"https:\/\/www.fundacionmdp.org\/la-fundacion-mutua-de-propietarios-crea-un-consejo-asesor-de-expertos-para-conseguir-viviendas-sin-barreras\/#primaryimage"},"thumbnailUrl":"https:\/\/www.fundacionmdp.org\/wp-content\/uploads\/2023\/05\/Consejo_Asesor-scaled.jpg","datePublished":"2019-06-26T12:37:00+00:00","dateModified":"2023-05-15T11:14:11+00:00","breadcrumb":{"@id":"https:\/\/www.fundacionmdp.org\/la-fundacion-mutua-de-propietarios-crea-un-consejo-asesor-de-expertos-para-conseguir-viviendas-sin-barreras\/#breadcrumb"},"inLanguage":"ca","potentialAction":[{"@type":"ReadAction","target":["https:\/\/www.fundacionmdp.org\/la-fundacion-mutua-de-propietarios-crea-un-consejo-asesor-de-expertos-para-conseguir-viviendas-sin-barreras\/"]}]},{"@type":"ImageObject","inLanguage":"ca","@id":"https:\/\/www.fundacionmdp.org\/la-fundacion-mutua-de-propietarios-crea-un-consejo-asesor-de-expertos-para-conseguir-viviendas-sin-barreras\/#primaryimage","url":"https:\/\/www.fundacionmdp.org\/wp-content\/uploads\/2023\/05\/Consejo_Asesor-scaled.jpg","contentUrl":"https:\/\/www.fundacionmdp.org\/wp-content\/uploads\/2023\/05\/Consejo_Asesor-scaled.jpg","width":2560,"height":1920},{"@type":"BreadcrumbList","@id":"https:\/\/www.fundacionmdp.org\/la-fundacion-mutua-de-propietarios-crea-un-consejo-asesor-de-expertos-para-conseguir-viviendas-sin-barreras\/#breadcrumb","itemListElement":[{"@type":"ListItem","position":1,"name":"Home","item":"https:\/\/www.fundacionmdp.org\/ca\/"},{"@type":"ListItem","position":2,"name":"La Fundaci\u00f3 Mutua de Propietarios crea un Consell Assessor d\u2019experts per aconsguir \u201dHabitatges Sense Barreres\u201d"}]},{"@type":"WebSite","@id":"https:\/\/www.fundacionmdp.org\/#website","url":"https:\/\/www.fundacionmdp.org\/","name":"Fundaci\u00f3n Mutua de Propietarios","description":"En la Fundaci\u00f3n Mutua de Propietarios te ayudamos a convertir tu edificio de viviendas en un espacio sin barreras arquitect\u00f3nicas.","publisher":{"@id":"https:\/\/www.fundacionmdp.org\/#organization"},"potentialAction":[{"@type":"SearchAction","target":{"@type":"EntryPoint","urlTemplate":"https:\/\/www.fundacionmdp.org\/?s={search_term_string}"},"query-input":{"@type":"PropertyValueSpecification","valueRequired":true,"valueName":"search_term_string"}}],"inLanguage":"ca"},{"@type":"Organization","@id":"https:\/\/www.fundacionmdp.org\/#organization","name":"Fundaci\u00f3n Mutua de Propietarios","url":"https:\/\/www.fundacionmdp.org\/","logo":{"@type":"ImageObject","inLanguage":"ca","@id":"https:\/\/www.fundacionmdp.org\/#\/schema\/logo\/image\/","url":"https:\/\/www.fundacionmdp.org\/wp-content\/uploads\/2023\/05\/logo_FMdP_cat.png","contentUrl":"https:\/\/www.fundacionmdp.org\/wp-content\/uploads\/2023\/05\/logo_FMdP_cat.png","width":655,"height":297,"caption":"Fundaci\u00f3n Mutua de Propietarios"},"image":{"@id":"https:\/\/www.fundacionmdp.org\/#\/schema\/logo\/image\/"}},{"@type":"Person","@id":"https:\/\/www.fundacionmdp.org\/#\/schema\/person\/12f9af801cac25dfcb5a96cb0090f703","name":"fundacionmdp","image":{"@type":"ImageObject","inLanguage":"ca","@id":"https:\/\/secure.gravatar.com\/avatar\/b540f93d1816a14d85e51109d050c3243b98fb660a665f517a6d2597cff3bbed?s=96&d=mm&r=g","url":"https:\/\/secure.gravatar.com\/avatar\/b540f93d1816a14d85e51109d050c3243b98fb660a665f517a6d2597cff3bbed?s=96&d=mm&r=g","contentUrl":"https:\/\/secure.gravatar.com\/avatar\/b540f93d1816a14d85e51109d050c3243b98fb660a665f517a6d2597cff3bbed?s=96&d=mm&r=g","caption":"fundacionmdp"},"sameAs":["http:\/\/prezuk.com.mialias.net\/fundacionmdp"],"url":"https:\/\/www.fundacionmdp.org\/ca\/author\/fundacionmdp\/"}]}},"_links":{"self":[{"href":"https:\/\/www.fundacionmdp.org\/ca\/wp-json\/wp\/v2\/posts\/7265","targetHints":{"allow":["GET"]}}],"collection":[{"href":"https:\/\/www.fundacionmdp.org\/ca\/wp-json\/wp\/v2\/posts"}],"about":[{"href":"https:\/\/www.fundacionmdp.org\/ca\/wp-json\/wp\/v2\/types\/post"}],"author":[{"embeddable":true,"href":"https:\/\/www.fundacionmdp.org\/ca\/wp-json\/wp\/v2\/users\/1"}],"replies":[{"embeddable":true,"href":"https:\/\/www.fundacionmdp.org\/ca\/wp-json\/wp\/v2\/comments?post=7265"}],"version-history":[{"count":7,"href":"https:\/\/www.fundacionmdp.org\/ca\/wp-json\/wp\/v2\/posts\/7265\/revisions"}],"predecessor-version":[{"id":7272,"href":"https:\/\/www.fundacionmdp.org\/ca\/wp-json\/wp\/v2\/posts\/7265\/revisions\/7272"}],"wp:featuredmedia":[{"embeddable":true,"href":"https:\/\/www.fundacionmdp.org\/ca\/wp-json\/wp\/v2\/media\/6538"}],"wp:attachment":[{"href":"https:\/\/www.fundacionmdp.org\/ca\/wp-json\/wp\/v2\/media?parent=7265"}],"wp:term":[{"taxonomy":"category","embeddable":true,"href":"https:\/\/www.fundacionmdp.org\/ca\/wp-json\/wp\/v2\/categories?post=7265"},{"taxonomy":"post_tag","embeddable":true,"href":"https:\/\/www.fundacionmdp.org\/ca\/wp-json\/wp\/v2\/tags?post=7265"}],"curies":[{"name":"wp","href":"https:\/\/api.w.org\/{rel}","templated":true}]}}