{"id":7273,"date":"2019-10-07T12:45:00","date_gmt":"2019-10-07T12:45:00","guid":{"rendered":"http:\/\/prezuk.com.mialias.net\/fundacionmdp\/la-fundacio-mutua-de-propietarios-i-mutua-de-propietarios-llancen-la-campanya-supervecinos\/"},"modified":"2023-05-15T11:17:50","modified_gmt":"2023-05-15T11:17:50","slug":"la-fundacio-mutua-de-propietarios-i-mutua-de-propietarios-llancen-la-campanya-supervecinos","status":"publish","type":"post","link":"https:\/\/www.fundacionmdp.org\/ca\/la-fundacio-mutua-de-propietarios-i-mutua-de-propietarios-llancen-la-campanya-supervecinos\/","title":{"rendered":"La Fundaci\u00f3 Mutua de Propietarios i Mutua de Propietarios llancen la campanya #supervecinos"},"content":{"rendered":"\t\t<div data-elementor-type=\"wp-post\" data-elementor-id=\"7273\" class=\"elementor elementor-7273 elementor-2441\">\n\t\t\t\t<div class=\"elementor-element elementor-element-e28714b e-flex e-con-boxed e-con e-parent\" data-id=\"e28714b\" data-element_type=\"container\" data-e-type=\"container\">\n\t\t\t\t\t<div class=\"e-con-inner\">\n\t\t\t\t<div class=\"elementor-element elementor-element-39f8d4c elementor-widget elementor-widget-text-editor\" data-id=\"39f8d4c\" data-element_type=\"widget\" data-e-type=\"widget\" data-widget_type=\"text-editor.default\">\n\t\t\t\t<div class=\"elementor-widget-container\">\n\t\t\t\t\t\t\t\t\t<p>Estem molt emocionats! Presentem la nostra nova campanya \u201cSuperVecinos\u201d realitzada juntament amb <a href=\"https:\/\/mutuadepropietarios.es\" target=\"_blank\" rel=\"noopener noreferrer\">Mutua de Propietarios<\/a>. Amb aquesta campanya tant des de <a href=\"https:\/\/mutuadepropietarios.es\" target=\"_blank\" rel=\"noopener noreferrer\">Mutua de Propietarios<\/a> com de la <a href=\"https:\/\/www.fundacionmdp.org\">Fundaci\u00f3 Mutua de Propietarios<\/a> volem conscienciar a la societat, dels m\u00e9s de 1,8 milions d\u2019espanyols amb mobilitat redu\u00efda que precisen d\u2019ajuda de tercers per sortir de les seves llars i, especialment, de les 100.000 que no surten mai.<\/p><p>#SuperVecinos planteja un experiment social realitzat en una comunitat de ve\u00efns residents en un immoble no accessible de la localitat madrilenya de San Sebasti\u00e1n de los Reyes. L\u2019Andrea, ve\u00efna de 71 anys, amb Parkinson i en cadira de rodes, \u00e9s la cara de la campanya. La seva creu s\u00f3n les barreres arquitect\u00f2niques del seu edifici: els quatre trams d\u2019escales que la converteixen en presonera de la seva pr\u00f2pia casa.<\/p><p>L\u2019Andrea viu juntament amb el seu marit en un quart pis sense ascensor. Quan es va gravar el seu testimoni portava 16 dies sense sortir de la seva llar. L\u2019Andrea \u00e9s coneguda per tots els seus ve\u00efns. La seva salut ha empitjorat de forma r\u00e0pida i dep\u00e8n de l\u2019ajuda de tercers per poder realitzar qualsevol tipus de gesti\u00f3 fora de la seva llar. Com ella, un 73% dels espanyols amb mobilitat redu\u00efda es troben en aquesta situaci\u00f3.<\/p><p>Amb #SuperVecinos volem fer-vos reflexionar. Potser tens algun ve\u00ed amb mobilitat redu\u00efda al teu edifici. Potser necessita ajuda. I potser, pots ajudar-lo a \u201cSer un Superve\u00ed es prendre consciencia de la seva situaci\u00f3; \u00e9s promoure la presa de decisions de la teva comunitat de propietaris per fer l\u2019edifici accessible, o, senzillament per ajudar als enc\u00e0rrecs i gestions di\u00e0ries o la companyia\u201d, explica Laura L\u00f3pez Demarbre, directora de la Fundaci\u00f3 Mutua de Propietarios.<\/p><p><b>Si encara no has vist el v\u00eddeo mira\u2019l aqu\u00ed:<\/b><\/p><p><a href=\"https:\/\/www.youtube.com\/watch?v=vN-uPYbmkTY\" target=\"_blank\" rel=\"noopener noreferrer\"><img decoding=\"async\" src=\"https:\/\/www.fundacionmdp.org\/wp-content\/uploads\/2019\/10\/Foto-interior-texto.jpg\" \/><\/a><\/p><ul><li>Explica\u2019ns la teva historia a Supervecinos.es<\/li><\/ul><p>L\u2019eix de la campanya es troba a la web <a href=\"https:\/\/www.supervecinos.es\" target=\"_blank\" rel=\"noopener noreferrer\">Supervecinos.es<\/a> on volem donar visibilitat i reconeixement a tots aquells ve\u00efns solidaris que contribueixen a fer la vida m\u00e9s f\u00e0cil a les persones amb mobilitat redu\u00efda. Per aquesta finalitat s\u2019ha creat un espai on es podran compartir les histories solidaries o donar a con\u00e8ixer la tasca de les institucions per promoure l\u2019eliminaci\u00f3 de barreres arquitect\u00f2niques als edificis d\u2019habitatges.<\/p><p>Tanmateix, a la web \u00e9s possible descarregar-se l\u2019<a href=\"https:\/\/es.nextdoor.com\/login\/\" target=\"_blank\" rel=\"noopener noreferrer\">app Nextdoor<\/a>, una plataforma col\u00b7laborativa que posa en contacte als ve\u00efns d\u2019un mateix barri, de forma que qui necessita ajuda podr\u00e0 sol\u00b7licitar-ho i qui disposi de temps, podr\u00e0 oferir-se com a voluntari per ajudar desinteressadament als ve\u00efns amb mobilitat redu\u00efda en el seu dia a dia.<\/p><ul><li>Informe \u201cMobilitat redu\u00efda i accessibilitat al edifici\u201d<\/li><\/ul><p>L\u2019informe de \u201cMobilitat redu\u00efda i accessibilitat a l\u2019edifici\u201d elaborat per la Fundaci\u00f3 Mutua de Propietarios va ser el punt de partida de la campanya. A Espanya hi ha 2,5 milions de persones amb mobilitat redu\u00efda i un 4% no pot sortir de casa. De fet, la falta d\u2019accessibilitat del edifici provoca que un 22% de les persones amb mobilitat redu\u00efda han tingut que canviar de llar.<\/p><p>\u201cL\u2019escassetat d\u2019ajudes p\u00fabliques per fer accessibles els edificis i el desistiment de les pr\u00f2pies comunitats de propietaris que, per manca de recursos econ\u00f2mics o desconeixement, no realitzen les obres d\u2019adaptaci\u00f3 de l\u2019edifici necess\u00e0ries provoquen que milers de persones quedin atrapades a la seva llar\u201d, senyala Laura L\u00f3pez Demarbre. I es que, malgrat aquestes 100.000 persones que no surten mai de casa seva, s\u2019hi ha d\u2019afegir que un 42% i roman molts dies sense fer-ho. En el cas dels majors de 70 anys, aquest percentatge s\u2019eleva al 60%.<\/p><p>Tot i aix\u00f2 #SuperVecinos no \u00e9s nom\u00e9s una campanya social, tamb\u00e9 \u00e9s una petici\u00f3 a les administracions p\u00fabliques i un recordatori a les comunitats de propietaris de la seva obligaci\u00f3 amb les persones amb discapacitat o mobilitat redu\u00efda residents a la finca. \u201cConsiderem imprescindible el recolzament econ\u00f2mic de la administraci\u00f3 p\u00fablica perqu\u00e8 les comunitats de propietaris puguin portar a terme les seves obres d\u2019adaptaci\u00f3 per la millora de l\u2019accessibilitat i rehabilitaci\u00f3. Per nosaltres disposar d\u2019edificis adaptats i segurs \u00e9s un valor indispensable per garantir el dret a la independ\u00e8ncia de les persones amb mobilitat redu\u00efda i tots els ve\u00efns que hi resideixen\u201d, afirma el Director General de l\u2019asseguradora Mutua de Propietarios, Christopher Bunzl.<\/p>\t\t\t\t\t\t\t\t<\/div>\n\t\t\t\t<\/div>\n\t\t\t\t\t<\/div>\n\t\t\t\t<\/div>\n\t\t\t\t<\/div>\n\t\t","protected":false},"excerpt":{"rendered":"<p>Estem molt emocionats! Presentem la nostra nova campanya \u201cSuperVecinos\u201d realitzada juntament amb Mutua de Propietarios. Amb aquesta campanya tant des de Mutua de Propietarios com de la Fundaci\u00f3 Mutua de Propietarios volem conscienciar a la societat, dels m\u00e9s de 1,8 milions d\u2019espanyols amb mobilitat redu\u00efda que precisen d\u2019ajuda de tercers per sortir de les seves [&hellip;]<\/p>\n","protected":false},"author":1,"featured_media":6539,"comment_status":"open","ping_status":"open","sticky":false,"template":"","format":"standard","meta":{"_acf_changed":false,"ocean_post_layout":"","ocean_both_sidebars_style":"","ocean_both_sidebars_content_width":0,"ocean_both_sidebars_sidebars_width":0,"ocean_sidebar":"0","ocean_second_sidebar":"0","ocean_disable_margins":"enable","ocean_add_body_class":"","ocean_shortcode_before_top_bar":"","ocean_shortcode_after_top_bar":"","ocean_shortcode_before_header":"","ocean_shortcode_after_header":"","ocean_has_shortcode":"","ocean_shortcode_after_title":"","ocean_shortcode_before_footer_widgets":"","ocean_shortcode_after_footer_widgets":"","ocean_shortcode_before_footer_bottom":"","ocean_shortcode_after_footer_bottom":"","ocean_display_top_bar":"default","ocean_display_header":"default","ocean_header_style":"","ocean_center_header_left_menu":"0","ocean_custom_header_template":"0","ocean_custom_logo":0,"ocean_custom_retina_logo":0,"ocean_custom_logo_max_width":0,"ocean_custom_logo_tablet_max_width":0,"ocean_custom_logo_mobile_max_width":0,"ocean_custom_logo_max_height":0,"ocean_custom_logo_tablet_max_height":0,"ocean_custom_logo_mobile_max_height":0,"ocean_header_custom_menu":"0","ocean_menu_typo_font_family":"0","ocean_menu_typo_font_subset":"","ocean_menu_typo_font_size":0,"ocean_menu_typo_font_size_tablet":0,"ocean_menu_typo_font_size_mobile":0,"ocean_menu_typo_font_size_unit":"px","ocean_menu_typo_font_weight":"","ocean_menu_typo_font_weight_tablet":"","ocean_menu_typo_font_weight_mobile":"","ocean_menu_typo_transform":"","ocean_menu_typo_transform_tablet":"","ocean_menu_typo_transform_mobile":"","ocean_menu_typo_line_height":0,"ocean_menu_typo_line_height_tablet":0,"ocean_menu_typo_line_height_mobile":0,"ocean_menu_typo_line_height_unit":"","ocean_menu_typo_spacing":0,"ocean_menu_typo_spacing_tablet":0,"ocean_menu_typo_spacing_mobile":0,"ocean_menu_typo_spacing_unit":"","ocean_menu_link_color":"","ocean_menu_link_color_hover":"","ocean_menu_link_color_active":"","ocean_menu_link_background":"","ocean_menu_link_hover_background":"","ocean_menu_link_active_background":"","ocean_menu_social_links_bg":"","ocean_menu_social_hover_links_bg":"","ocean_menu_social_links_color":"","ocean_menu_social_hover_links_color":"","ocean_disable_title":"default","ocean_disable_heading":"default","ocean_post_title":"","ocean_post_subheading":"","ocean_post_title_style":"","ocean_post_title_background_color":"","ocean_post_title_background":0,"ocean_post_title_bg_image_position":"","ocean_post_title_bg_image_attachment":"","ocean_post_title_bg_image_repeat":"","ocean_post_title_bg_image_size":"","ocean_post_title_height":0,"ocean_post_title_bg_overlay":0.5,"ocean_post_title_bg_overlay_color":"","ocean_disable_breadcrumbs":"default","ocean_breadcrumbs_color":"","ocean_breadcrumbs_separator_color":"","ocean_breadcrumbs_links_color":"","ocean_breadcrumbs_links_hover_color":"","ocean_display_footer_widgets":"default","ocean_display_footer_bottom":"default","ocean_custom_footer_template":"0","ocean_post_oembed":"","ocean_post_self_hosted_media":"","ocean_post_video_embed":"","ocean_link_format":"","ocean_link_format_target":"self","ocean_quote_format":"","ocean_quote_format_link":"post","ocean_gallery_link_images":"on","ocean_gallery_id":[],"footnotes":""},"categories":[1],"tags":[],"class_list":["post-7273","post","type-post","status-publish","format-standard","has-post-thumbnail","hentry","category-sin-categorizar","entry","has-media"],"acf":[],"yoast_head":"<!-- This site is optimized with the Yoast SEO plugin v27.3 - https:\/\/yoast.com\/product\/yoast-seo-wordpress\/ -->\n<title>La Fundaci\u00f3 Mutua de Propietarios i Mutua de Propietarios llancen la campanya #supervecinos - Fundaci\u00f3n Mutua de Propietarios<\/title>\n<meta name=\"robots\" content=\"index, follow, max-snippet:-1, max-image-preview:large, max-video-preview:-1\" \/>\n<link rel=\"canonical\" href=\"https:\/\/www.fundacionmdp.org\/ca\/la-fundacio-mutua-de-propietarios-i-mutua-de-propietarios-llancen-la-campanya-supervecinos\/\" \/>\n<meta property=\"og:locale\" content=\"ca_ES\" \/>\n<meta property=\"og:type\" content=\"article\" \/>\n<meta property=\"og:title\" content=\"La Fundaci\u00f3 Mutua de Propietarios i Mutua de Propietarios llancen la campanya #supervecinos - Fundaci\u00f3n Mutua de Propietarios\" \/>\n<meta property=\"og:description\" content=\"Estem molt emocionats! Presentem la nostra nova campanya \u201cSuperVecinos\u201d realitzada juntament amb Mutua de Propietarios. Amb aquesta campanya tant des de Mutua de Propietarios com de la Fundaci\u00f3 Mutua de Propietarios volem conscienciar a la societat, dels m\u00e9s de 1,8 milions d\u2019espanyols amb mobilitat redu\u00efda que precisen d\u2019ajuda de tercers per sortir de les seves [&hellip;]\" \/>\n<meta property=\"og:url\" content=\"https:\/\/www.fundacionmdp.org\/ca\/la-fundacio-mutua-de-propietarios-i-mutua-de-propietarios-llancen-la-campanya-supervecinos\/\" \/>\n<meta property=\"og:site_name\" content=\"Fundaci\u00f3n Mutua de Propietarios\" \/>\n<meta property=\"article:published_time\" content=\"2019-10-07T12:45:00+00:00\" \/>\n<meta property=\"article:modified_time\" content=\"2023-05-15T11:17:50+00:00\" \/>\n<meta property=\"og:image\" content=\"https:\/\/www.fundacionmdp.org\/wp-content\/uploads\/2023\/05\/Foto-campana.jpg\" \/>\n\t<meta property=\"og:image:width\" content=\"1188\" \/>\n\t<meta property=\"og:image:height\" content=\"666\" \/>\n\t<meta property=\"og:image:type\" content=\"image\/jpeg\" \/>\n<meta name=\"author\" content=\"fundacionmdp\" \/>\n<meta name=\"twitter:card\" content=\"summary_large_image\" \/>\n<meta name=\"twitter:label1\" content=\"Escrit per\" \/>\n\t<meta name=\"twitter:data1\" content=\"fundacionmdp\" \/>\n\t<meta name=\"twitter:label2\" content=\"Temps estimat de lectura\" \/>\n\t<meta name=\"twitter:data2\" content=\"4 minuts\" \/>\n<script type=\"application\/ld+json\" class=\"yoast-schema-graph\">{\"@context\":\"https:\\\/\\\/schema.org\",\"@graph\":[{\"@type\":\"Article\",\"@id\":\"https:\\\/\\\/www.fundacionmdp.org\\\/ca\\\/la-fundacio-mutua-de-propietarios-i-mutua-de-propietarios-llancen-la-campanya-supervecinos\\\/#article\",\"isPartOf\":{\"@id\":\"https:\\\/\\\/www.fundacionmdp.org\\\/ca\\\/la-fundacio-mutua-de-propietarios-i-mutua-de-propietarios-llancen-la-campanya-supervecinos\\\/\"},\"author\":{\"name\":\"fundacionmdp\",\"@id\":\"https:\\\/\\\/www.fundacionmdp.org\\\/#\\\/schema\\\/person\\\/12f9af801cac25dfcb5a96cb0090f703\"},\"headline\":\"La Fundaci\u00f3 Mutua de Propietarios i Mutua de Propietarios llancen la campanya #supervecinos\",\"datePublished\":\"2019-10-07T12:45:00+00:00\",\"dateModified\":\"2023-05-15T11:17:50+00:00\",\"mainEntityOfPage\":{\"@id\":\"https:\\\/\\\/www.fundacionmdp.org\\\/ca\\\/la-fundacio-mutua-de-propietarios-i-mutua-de-propietarios-llancen-la-campanya-supervecinos\\\/\"},\"wordCount\":769,\"commentCount\":0,\"publisher\":{\"@id\":\"https:\\\/\\\/www.fundacionmdp.org\\\/#organization\"},\"image\":{\"@id\":\"https:\\\/\\\/www.fundacionmdp.org\\\/ca\\\/la-fundacio-mutua-de-propietarios-i-mutua-de-propietarios-llancen-la-campanya-supervecinos\\\/#primaryimage\"},\"thumbnailUrl\":\"https:\\\/\\\/www.fundacionmdp.org\\\/wp-content\\\/uploads\\\/2023\\\/05\\\/Foto-campana.jpg\",\"articleSection\":[\"Sin categorizar\"],\"inLanguage\":\"ca\",\"potentialAction\":[{\"@type\":\"CommentAction\",\"name\":\"Comment\",\"target\":[\"https:\\\/\\\/www.fundacionmdp.org\\\/ca\\\/la-fundacio-mutua-de-propietarios-i-mutua-de-propietarios-llancen-la-campanya-supervecinos\\\/#respond\"]}]},{\"@type\":\"WebPage\",\"@id\":\"https:\\\/\\\/www.fundacionmdp.org\\\/ca\\\/la-fundacio-mutua-de-propietarios-i-mutua-de-propietarios-llancen-la-campanya-supervecinos\\\/\",\"url\":\"https:\\\/\\\/www.fundacionmdp.org\\\/ca\\\/la-fundacio-mutua-de-propietarios-i-mutua-de-propietarios-llancen-la-campanya-supervecinos\\\/\",\"name\":\"La Fundaci\u00f3 Mutua de Propietarios i Mutua de Propietarios llancen la campanya #supervecinos - Fundaci\u00f3n Mutua de Propietarios\",\"isPartOf\":{\"@id\":\"https:\\\/\\\/www.fundacionmdp.org\\\/#website\"},\"primaryImageOfPage\":{\"@id\":\"https:\\\/\\\/www.fundacionmdp.org\\\/ca\\\/la-fundacio-mutua-de-propietarios-i-mutua-de-propietarios-llancen-la-campanya-supervecinos\\\/#primaryimage\"},\"image\":{\"@id\":\"https:\\\/\\\/www.fundacionmdp.org\\\/ca\\\/la-fundacio-mutua-de-propietarios-i-mutua-de-propietarios-llancen-la-campanya-supervecinos\\\/#primaryimage\"},\"thumbnailUrl\":\"https:\\\/\\\/www.fundacionmdp.org\\\/wp-content\\\/uploads\\\/2023\\\/05\\\/Foto-campana.jpg\",\"datePublished\":\"2019-10-07T12:45:00+00:00\",\"dateModified\":\"2023-05-15T11:17:50+00:00\",\"breadcrumb\":{\"@id\":\"https:\\\/\\\/www.fundacionmdp.org\\\/ca\\\/la-fundacio-mutua-de-propietarios-i-mutua-de-propietarios-llancen-la-campanya-supervecinos\\\/#breadcrumb\"},\"inLanguage\":\"ca\",\"potentialAction\":[{\"@type\":\"ReadAction\",\"target\":[\"https:\\\/\\\/www.fundacionmdp.org\\\/ca\\\/la-fundacio-mutua-de-propietarios-i-mutua-de-propietarios-llancen-la-campanya-supervecinos\\\/\"]}]},{\"@type\":\"ImageObject\",\"inLanguage\":\"ca\",\"@id\":\"https:\\\/\\\/www.fundacionmdp.org\\\/ca\\\/la-fundacio-mutua-de-propietarios-i-mutua-de-propietarios-llancen-la-campanya-supervecinos\\\/#primaryimage\",\"url\":\"https:\\\/\\\/www.fundacionmdp.org\\\/wp-content\\\/uploads\\\/2023\\\/05\\\/Foto-campana.jpg\",\"contentUrl\":\"https:\\\/\\\/www.fundacionmdp.org\\\/wp-content\\\/uploads\\\/2023\\\/05\\\/Foto-campana.jpg\",\"width\":1188,\"height\":666},{\"@type\":\"BreadcrumbList\",\"@id\":\"https:\\\/\\\/www.fundacionmdp.org\\\/ca\\\/la-fundacio-mutua-de-propietarios-i-mutua-de-propietarios-llancen-la-campanya-supervecinos\\\/#breadcrumb\",\"itemListElement\":[{\"@type\":\"ListItem\",\"position\":1,\"name\":\"Home\",\"item\":\"https:\\\/\\\/www.fundacionmdp.org\\\/ca\\\/\"},{\"@type\":\"ListItem\",\"position\":2,\"name\":\"La Fundaci\u00f3 Mutua de Propietarios i Mutua de Propietarios llancen la campanya #supervecinos\"}]},{\"@type\":\"WebSite\",\"@id\":\"https:\\\/\\\/www.fundacionmdp.org\\\/#website\",\"url\":\"https:\\\/\\\/www.fundacionmdp.org\\\/\",\"name\":\"Fundaci\u00f3n Mutua de Propietarios\",\"description\":\"En la Fundaci\u00f3n Mutua de Propietarios te ayudamos a convertir tu edificio de viviendas en un espacio sin barreras arquitect\u00f3nicas.\",\"publisher\":{\"@id\":\"https:\\\/\\\/www.fundacionmdp.org\\\/#organization\"},\"potentialAction\":[{\"@type\":\"SearchAction\",\"target\":{\"@type\":\"EntryPoint\",\"urlTemplate\":\"https:\\\/\\\/www.fundacionmdp.org\\\/?s={search_term_string}\"},\"query-input\":{\"@type\":\"PropertyValueSpecification\",\"valueRequired\":true,\"valueName\":\"search_term_string\"}}],\"inLanguage\":\"ca\"},{\"@type\":\"Organization\",\"@id\":\"https:\\\/\\\/www.fundacionmdp.org\\\/#organization\",\"name\":\"Fundaci\u00f3n Mutua de Propietarios\",\"url\":\"https:\\\/\\\/www.fundacionmdp.org\\\/\",\"logo\":{\"@type\":\"ImageObject\",\"inLanguage\":\"ca\",\"@id\":\"https:\\\/\\\/www.fundacionmdp.org\\\/#\\\/schema\\\/logo\\\/image\\\/\",\"url\":\"https:\\\/\\\/www.fundacionmdp.org\\\/wp-content\\\/uploads\\\/2023\\\/05\\\/logo_FMdP_cat.png\",\"contentUrl\":\"https:\\\/\\\/www.fundacionmdp.org\\\/wp-content\\\/uploads\\\/2023\\\/05\\\/logo_FMdP_cat.png\",\"width\":655,\"height\":297,\"caption\":\"Fundaci\u00f3n Mutua de Propietarios\"},\"image\":{\"@id\":\"https:\\\/\\\/www.fundacionmdp.org\\\/#\\\/schema\\\/logo\\\/image\\\/\"}},{\"@type\":\"Person\",\"@id\":\"https:\\\/\\\/www.fundacionmdp.org\\\/#\\\/schema\\\/person\\\/12f9af801cac25dfcb5a96cb0090f703\",\"name\":\"fundacionmdp\",\"image\":{\"@type\":\"ImageObject\",\"inLanguage\":\"ca\",\"@id\":\"https:\\\/\\\/secure.gravatar.com\\\/avatar\\\/b540f93d1816a14d85e51109d050c3243b98fb660a665f517a6d2597cff3bbed?s=96&d=mm&r=g\",\"url\":\"https:\\\/\\\/secure.gravatar.com\\\/avatar\\\/b540f93d1816a14d85e51109d050c3243b98fb660a665f517a6d2597cff3bbed?s=96&d=mm&r=g\",\"contentUrl\":\"https:\\\/\\\/secure.gravatar.com\\\/avatar\\\/b540f93d1816a14d85e51109d050c3243b98fb660a665f517a6d2597cff3bbed?s=96&d=mm&r=g\",\"caption\":\"fundacionmdp\"},\"sameAs\":[\"http:\\\/\\\/prezuk.com.mialias.net\\\/fundacionmdp\"],\"url\":\"https:\\\/\\\/www.fundacionmdp.org\\\/ca\\\/author\\\/fundacionmdp\\\/\"}]}<\/script>\n<!-- \/ Yoast SEO plugin. -->","yoast_head_json":{"title":"La Fundaci\u00f3 Mutua de Propietarios i Mutua de Propietarios llancen la campanya #supervecinos - Fundaci\u00f3n Mutua de Propietarios","robots":{"index":"index","follow":"follow","max-snippet":"max-snippet:-1","max-image-preview":"max-image-preview:large","max-video-preview":"max-video-preview:-1"},"canonical":"https:\/\/www.fundacionmdp.org\/ca\/la-fundacio-mutua-de-propietarios-i-mutua-de-propietarios-llancen-la-campanya-supervecinos\/","og_locale":"ca_ES","og_type":"article","og_title":"La Fundaci\u00f3 Mutua de Propietarios i Mutua de Propietarios llancen la campanya #supervecinos - Fundaci\u00f3n Mutua de Propietarios","og_description":"Estem molt emocionats! Presentem la nostra nova campanya \u201cSuperVecinos\u201d realitzada juntament amb Mutua de Propietarios. Amb aquesta campanya tant des de Mutua de Propietarios com de la Fundaci\u00f3 Mutua de Propietarios volem conscienciar a la societat, dels m\u00e9s de 1,8 milions d\u2019espanyols amb mobilitat redu\u00efda que precisen d\u2019ajuda de tercers per sortir de les seves [&hellip;]","og_url":"https:\/\/www.fundacionmdp.org\/ca\/la-fundacio-mutua-de-propietarios-i-mutua-de-propietarios-llancen-la-campanya-supervecinos\/","og_site_name":"Fundaci\u00f3n Mutua de Propietarios","article_published_time":"2019-10-07T12:45:00+00:00","article_modified_time":"2023-05-15T11:17:50+00:00","og_image":[{"width":1188,"height":666,"url":"https:\/\/www.fundacionmdp.org\/wp-content\/uploads\/2023\/05\/Foto-campana.jpg","type":"image\/jpeg"}],"author":"fundacionmdp","twitter_card":"summary_large_image","twitter_misc":{"Escrit per":"fundacionmdp","Temps estimat de lectura":"4 minuts"},"schema":{"@context":"https:\/\/schema.org","@graph":[{"@type":"Article","@id":"https:\/\/www.fundacionmdp.org\/ca\/la-fundacio-mutua-de-propietarios-i-mutua-de-propietarios-llancen-la-campanya-supervecinos\/#article","isPartOf":{"@id":"https:\/\/www.fundacionmdp.org\/ca\/la-fundacio-mutua-de-propietarios-i-mutua-de-propietarios-llancen-la-campanya-supervecinos\/"},"author":{"name":"fundacionmdp","@id":"https:\/\/www.fundacionmdp.org\/#\/schema\/person\/12f9af801cac25dfcb5a96cb0090f703"},"headline":"La Fundaci\u00f3 Mutua de Propietarios i Mutua de Propietarios llancen la campanya #supervecinos","datePublished":"2019-10-07T12:45:00+00:00","dateModified":"2023-05-15T11:17:50+00:00","mainEntityOfPage":{"@id":"https:\/\/www.fundacionmdp.org\/ca\/la-fundacio-mutua-de-propietarios-i-mutua-de-propietarios-llancen-la-campanya-supervecinos\/"},"wordCount":769,"commentCount":0,"publisher":{"@id":"https:\/\/www.fundacionmdp.org\/#organization"},"image":{"@id":"https:\/\/www.fundacionmdp.org\/ca\/la-fundacio-mutua-de-propietarios-i-mutua-de-propietarios-llancen-la-campanya-supervecinos\/#primaryimage"},"thumbnailUrl":"https:\/\/www.fundacionmdp.org\/wp-content\/uploads\/2023\/05\/Foto-campana.jpg","articleSection":["Sin categorizar"],"inLanguage":"ca","potentialAction":[{"@type":"CommentAction","name":"Comment","target":["https:\/\/www.fundacionmdp.org\/ca\/la-fundacio-mutua-de-propietarios-i-mutua-de-propietarios-llancen-la-campanya-supervecinos\/#respond"]}]},{"@type":"WebPage","@id":"https:\/\/www.fundacionmdp.org\/ca\/la-fundacio-mutua-de-propietarios-i-mutua-de-propietarios-llancen-la-campanya-supervecinos\/","url":"https:\/\/www.fundacionmdp.org\/ca\/la-fundacio-mutua-de-propietarios-i-mutua-de-propietarios-llancen-la-campanya-supervecinos\/","name":"La Fundaci\u00f3 Mutua de Propietarios i Mutua de Propietarios llancen la campanya #supervecinos - Fundaci\u00f3n Mutua de Propietarios","isPartOf":{"@id":"https:\/\/www.fundacionmdp.org\/#website"},"primaryImageOfPage":{"@id":"https:\/\/www.fundacionmdp.org\/ca\/la-fundacio-mutua-de-propietarios-i-mutua-de-propietarios-llancen-la-campanya-supervecinos\/#primaryimage"},"image":{"@id":"https:\/\/www.fundacionmdp.org\/ca\/la-fundacio-mutua-de-propietarios-i-mutua-de-propietarios-llancen-la-campanya-supervecinos\/#primaryimage"},"thumbnailUrl":"https:\/\/www.fundacionmdp.org\/wp-content\/uploads\/2023\/05\/Foto-campana.jpg","datePublished":"2019-10-07T12:45:00+00:00","dateModified":"2023-05-15T11:17:50+00:00","breadcrumb":{"@id":"https:\/\/www.fundacionmdp.org\/ca\/la-fundacio-mutua-de-propietarios-i-mutua-de-propietarios-llancen-la-campanya-supervecinos\/#breadcrumb"},"inLanguage":"ca","potentialAction":[{"@type":"ReadAction","target":["https:\/\/www.fundacionmdp.org\/ca\/la-fundacio-mutua-de-propietarios-i-mutua-de-propietarios-llancen-la-campanya-supervecinos\/"]}]},{"@type":"ImageObject","inLanguage":"ca","@id":"https:\/\/www.fundacionmdp.org\/ca\/la-fundacio-mutua-de-propietarios-i-mutua-de-propietarios-llancen-la-campanya-supervecinos\/#primaryimage","url":"https:\/\/www.fundacionmdp.org\/wp-content\/uploads\/2023\/05\/Foto-campana.jpg","contentUrl":"https:\/\/www.fundacionmdp.org\/wp-content\/uploads\/2023\/05\/Foto-campana.jpg","width":1188,"height":666},{"@type":"BreadcrumbList","@id":"https:\/\/www.fundacionmdp.org\/ca\/la-fundacio-mutua-de-propietarios-i-mutua-de-propietarios-llancen-la-campanya-supervecinos\/#breadcrumb","itemListElement":[{"@type":"ListItem","position":1,"name":"Home","item":"https:\/\/www.fundacionmdp.org\/ca\/"},{"@type":"ListItem","position":2,"name":"La Fundaci\u00f3 Mutua de Propietarios i Mutua de Propietarios llancen la campanya #supervecinos"}]},{"@type":"WebSite","@id":"https:\/\/www.fundacionmdp.org\/#website","url":"https:\/\/www.fundacionmdp.org\/","name":"Fundaci\u00f3n Mutua de Propietarios","description":"En la Fundaci\u00f3n Mutua de Propietarios te ayudamos a convertir tu edificio de viviendas en un espacio sin barreras arquitect\u00f3nicas.","publisher":{"@id":"https:\/\/www.fundacionmdp.org\/#organization"},"potentialAction":[{"@type":"SearchAction","target":{"@type":"EntryPoint","urlTemplate":"https:\/\/www.fundacionmdp.org\/?s={search_term_string}"},"query-input":{"@type":"PropertyValueSpecification","valueRequired":true,"valueName":"search_term_string"}}],"inLanguage":"ca"},{"@type":"Organization","@id":"https:\/\/www.fundacionmdp.org\/#organization","name":"Fundaci\u00f3n Mutua de Propietarios","url":"https:\/\/www.fundacionmdp.org\/","logo":{"@type":"ImageObject","inLanguage":"ca","@id":"https:\/\/www.fundacionmdp.org\/#\/schema\/logo\/image\/","url":"https:\/\/www.fundacionmdp.org\/wp-content\/uploads\/2023\/05\/logo_FMdP_cat.png","contentUrl":"https:\/\/www.fundacionmdp.org\/wp-content\/uploads\/2023\/05\/logo_FMdP_cat.png","width":655,"height":297,"caption":"Fundaci\u00f3n Mutua de Propietarios"},"image":{"@id":"https:\/\/www.fundacionmdp.org\/#\/schema\/logo\/image\/"}},{"@type":"Person","@id":"https:\/\/www.fundacionmdp.org\/#\/schema\/person\/12f9af801cac25dfcb5a96cb0090f703","name":"fundacionmdp","image":{"@type":"ImageObject","inLanguage":"ca","@id":"https:\/\/secure.gravatar.com\/avatar\/b540f93d1816a14d85e51109d050c3243b98fb660a665f517a6d2597cff3bbed?s=96&d=mm&r=g","url":"https:\/\/secure.gravatar.com\/avatar\/b540f93d1816a14d85e51109d050c3243b98fb660a665f517a6d2597cff3bbed?s=96&d=mm&r=g","contentUrl":"https:\/\/secure.gravatar.com\/avatar\/b540f93d1816a14d85e51109d050c3243b98fb660a665f517a6d2597cff3bbed?s=96&d=mm&r=g","caption":"fundacionmdp"},"sameAs":["http:\/\/prezuk.com.mialias.net\/fundacionmdp"],"url":"https:\/\/www.fundacionmdp.org\/ca\/author\/fundacionmdp\/"}]}},"_links":{"self":[{"href":"https:\/\/www.fundacionmdp.org\/ca\/wp-json\/wp\/v2\/posts\/7273","targetHints":{"allow":["GET"]}}],"collection":[{"href":"https:\/\/www.fundacionmdp.org\/ca\/wp-json\/wp\/v2\/posts"}],"about":[{"href":"https:\/\/www.fundacionmdp.org\/ca\/wp-json\/wp\/v2\/types\/post"}],"author":[{"embeddable":true,"href":"https:\/\/www.fundacionmdp.org\/ca\/wp-json\/wp\/v2\/users\/1"}],"replies":[{"embeddable":true,"href":"https:\/\/www.fundacionmdp.org\/ca\/wp-json\/wp\/v2\/comments?post=7273"}],"version-history":[{"count":4,"href":"https:\/\/www.fundacionmdp.org\/ca\/wp-json\/wp\/v2\/posts\/7273\/revisions"}],"predecessor-version":[{"id":7277,"href":"https:\/\/www.fundacionmdp.org\/ca\/wp-json\/wp\/v2\/posts\/7273\/revisions\/7277"}],"wp:featuredmedia":[{"embeddable":true,"href":"https:\/\/www.fundacionmdp.org\/ca\/wp-json\/wp\/v2\/media\/6539"}],"wp:attachment":[{"href":"https:\/\/www.fundacionmdp.org\/ca\/wp-json\/wp\/v2\/media?parent=7273"}],"wp:term":[{"taxonomy":"category","embeddable":true,"href":"https:\/\/www.fundacionmdp.org\/ca\/wp-json\/wp\/v2\/categories?post=7273"},{"taxonomy":"post_tag","embeddable":true,"href":"https:\/\/www.fundacionmdp.org\/ca\/wp-json\/wp\/v2\/tags?post=7273"}],"curies":[{"name":"wp","href":"https:\/\/api.w.org\/{rel}","templated":true}]}}