{"id":7278,"date":"2019-10-31T12:51:00","date_gmt":"2019-10-31T12:51:00","guid":{"rendered":"http:\/\/prezuk.com.mialias.net\/fundacionmdp\/la-fundacio-mutua-de-propietarios-y-cocemfe-suneixen-per-una-participacio-activa-de-les-persones-amb-mobilitat-reduida\/"},"modified":"2023-05-15T11:20:24","modified_gmt":"2023-05-15T11:20:24","slug":"la-fundacio-mutua-de-propietarios-y-cocemfe-suneixen-per-una-participacio-activa-de-les-persones-amb-mobilitat-reduida","status":"publish","type":"post","link":"https:\/\/www.fundacionmdp.org\/ca\/la-fundacio-mutua-de-propietarios-y-cocemfe-suneixen-per-una-participacio-activa-de-les-persones-amb-mobilitat-reduida\/","title":{"rendered":"La Fundaci\u00f3 Mutua de Propietarios y COCEMFE s\u2019uneixen per una participaci\u00f3 activa de les persones amb mobilitat redu\u00efda"},"content":{"rendered":"\t\t<div data-elementor-type=\"wp-post\" data-elementor-id=\"7278\" class=\"elementor elementor-7278 elementor-2456\">\n\t\t\t\t<div class=\"elementor-element elementor-element-abe6fab e-flex e-con-boxed e-con e-parent\" data-id=\"abe6fab\" data-element_type=\"container\" data-e-type=\"container\">\n\t\t\t\t\t<div class=\"e-con-inner\">\n\t\t\t\t<div class=\"elementor-element elementor-element-28e23d3 elementor-widget elementor-widget-text-editor\" data-id=\"28e23d3\" data-element_type=\"widget\" data-e-type=\"widget\" data-widget_type=\"text-editor.default\">\n\t\t\t\t<div class=\"elementor-widget-container\">\n\t\t\t\t\t\t\t\t\t<h2>Ambdues entitats col\u00b7laboraran per donar a con\u00e8ixer i millorar la situaci\u00f3 de les persones amb mobilitat redu\u00efda que resideixen en edificis d\u2019habitatges no accessibles<\/h2><p><strong>Madrid, 31 d\u2019octubre de 2019.-<\/strong> La Fundaci\u00f3 Mutua de Propietarios- Habitatges sense Barreres y la Confederaci\u00f3 Espanyola de Persones amb Discapacitat F\u00edsica i Org\u00e0nica (COCEMFE) han firmat un acord de col\u00b7laboraci\u00f3 amb l\u2019objectiu de desenvolupar accions conjuntes que contribueixin a la plena inclusi\u00f3 i participaci\u00f3 activa de les persones amb mobilitat redu\u00efda a la societat i, especialment, en aquells \u00e0mbits vinculats a la millora de l\u2019accessibilitat als edificis i el seu entorn.<\/p><p>L\u2019acord -subscrit per Anxo Queiruga, president de COCEMFE, i Christopher Bunzl, vicepresident de la Fundaci\u00f3 Mutua de Propietarios- contempla l\u2019elaboraci\u00f3 d\u2019estudis relacionats amb l\u2019\u00e0mbit de l\u2019habitatge i les persones amb discapacitat; la participaci\u00f3 en campanyes de sensibilitzaci\u00f3; el desenvolupament de jornades, activitats o tallers en mat\u00e8ria d\u2019accessibilitat universal orientades a sensibilitzar a la societat, i la participaci\u00f3 en formacions promogudes por ambdues entitats.<\/p><p>Despr\u00e9s de la signatura, el vicepresident de la Fundaci\u00f3 Mutua de Propietarios va destacar que \u201c\u00e9s un dret fonamental de les persones amb mobilitat redu\u00efda per poder entrar i sortir de les seves cases lliurement, i que per tant sensibilitzar a la societat sobre la seva situaci\u00f3 i promoure l\u2019adaptaci\u00f3 d\u2019edificis s\u00f3n accions indispensables per garantir el dret a la independ\u00e8ncia d\u2019aquest col\u00b7lectiu\u201d.<\/p><p>Per la seva banda, Anxo Queiruga va posar de manifest la import\u00e0ncia d\u2019aquesta col\u00b7laboraci\u00f3 \u201cperqu\u00e8 encara, avui en dia, hi ha milers de persones amb mobilitat redu\u00efda que no poden sortir de les seves llars. Malgrat que la Llei de Propietat Horitzontal ha estat modificada en varies ocasions, continua sense solucionar-se la q\u00fcesti\u00f3 de fons: No garanteix la realitzaci\u00f3 d\u2019obres d\u2019accessibilitat i segueix carregant la responsabilitat de garantir aquest dret a la ciuta-dania, en lloc de fer-ho sobre les administracions\u201d.<\/p><p>La Fundaci\u00f3 Mutua de Propietarios en col\u00b7laboraci\u00f3 amb COCEMFE va presentar recentment l\u2019informe \u2018Mobilitat redu\u00efda i accessibilitat a l\u2019edifici\u2019 que analitza la situaci\u00f3 en la que viuen els 2,5 milions de persones que tenen mobilitat redu\u00efda a Espanya. L\u2019informe va desvetllar que 3 de cada 4 persones en esta situaci\u00f3 precisen d\u2019ajuda para sortir de casa mentre que un 4% no ho fa mai.<\/p>\t\t\t\t\t\t\t\t<\/div>\n\t\t\t\t<\/div>\n\t\t\t\t\t<\/div>\n\t\t\t\t<\/div>\n\t\t<div class=\"elementor-element elementor-element-a81a7d6 e-flex e-con-boxed e-con e-parent\" data-id=\"a81a7d6\" data-element_type=\"container\" data-e-type=\"container\">\n\t\t\t\t\t<div class=\"e-con-inner\">\n\t\t<div class=\"elementor-element elementor-element-1ec1fb8 e-con-full e-flex e-con e-parent\" data-id=\"1ec1fb8\" data-element_type=\"container\" data-e-type=\"container\">\n\t\t\t\t<div class=\"elementor-element elementor-element-6116eda elementor-widget elementor-widget-image\" data-id=\"6116eda\" data-element_type=\"widget\" data-e-type=\"widget\" data-widget_type=\"image.default\">\n\t\t\t\t<div class=\"elementor-widget-container\">\n\t\t\t\t\t\t\t\t\t\t\t\t\t\t\t<img fetchpriority=\"high\" decoding=\"async\" width=\"1024\" height=\"695\" src=\"https:\/\/www.fundacionmdp.org\/wp-content\/uploads\/2023\/05\/IMG_3936b-1024x695.jpg\" class=\"attachment-large size-large wp-image-6543\" alt=\"\" srcset=\"https:\/\/www.fundacionmdp.org\/wp-content\/uploads\/2023\/05\/IMG_3936b-1024x695.jpg 1024w, https:\/\/www.fundacionmdp.org\/wp-content\/uploads\/2023\/05\/IMG_3936b-300x204.jpg 300w, https:\/\/www.fundacionmdp.org\/wp-content\/uploads\/2023\/05\/IMG_3936b-768x521.jpg 768w, https:\/\/www.fundacionmdp.org\/wp-content\/uploads\/2023\/05\/IMG_3936b-1536x1043.jpg 1536w, https:\/\/www.fundacionmdp.org\/wp-content\/uploads\/2023\/05\/IMG_3936b-2048x1391.jpg 2048w\" sizes=\"(max-width: 1024px) 100vw, 1024px\" \/>\t\t\t\t\t\t\t\t\t\t\t\t\t\t\t<\/div>\n\t\t\t\t<\/div>\n\t\t\t\t<\/div>\n\t\t<div class=\"elementor-element elementor-element-0786928 e-con-full e-flex e-con e-parent\" data-id=\"0786928\" data-element_type=\"container\" data-e-type=\"container\">\n\t\t\t\t<div class=\"elementor-element elementor-element-329c088 elementor-widget elementor-widget-image\" data-id=\"329c088\" data-element_type=\"widget\" data-e-type=\"widget\" data-widget_type=\"image.default\">\n\t\t\t\t<div class=\"elementor-widget-container\">\n\t\t\t\t\t\t\t\t\t\t\t\t\t\t\t<img decoding=\"async\" width=\"1024\" height=\"695\" src=\"https:\/\/www.fundacionmdp.org\/wp-content\/uploads\/2023\/05\/IMG_3939b-5037x3420-1-1024x695.jpg\" class=\"attachment-large size-large wp-image-6542\" alt=\"\" srcset=\"https:\/\/www.fundacionmdp.org\/wp-content\/uploads\/2023\/05\/IMG_3939b-5037x3420-1-1024x695.jpg 1024w, https:\/\/www.fundacionmdp.org\/wp-content\/uploads\/2023\/05\/IMG_3939b-5037x3420-1-300x204.jpg 300w, https:\/\/www.fundacionmdp.org\/wp-content\/uploads\/2023\/05\/IMG_3939b-5037x3420-1-768x521.jpg 768w, https:\/\/www.fundacionmdp.org\/wp-content\/uploads\/2023\/05\/IMG_3939b-5037x3420-1-1536x1043.jpg 1536w, https:\/\/www.fundacionmdp.org\/wp-content\/uploads\/2023\/05\/IMG_3939b-5037x3420-1-2048x1391.jpg 2048w\" sizes=\"(max-width: 1024px) 100vw, 1024px\" \/>\t\t\t\t\t\t\t\t\t\t\t\t\t\t\t<\/div>\n\t\t\t\t<\/div>\n\t\t\t\t<\/div>\n\t\t\t\t\t<\/div>\n\t\t\t\t<\/div>\n\t\t<div class=\"elementor-element elementor-element-ca9255f e-flex e-con-boxed e-con e-parent\" data-id=\"ca9255f\" data-element_type=\"container\" data-e-type=\"container\">\n\t\t\t\t\t<div class=\"e-con-inner\">\n\t\t<div class=\"elementor-element elementor-element-4e5b15a e-con-full e-flex e-con e-parent\" data-id=\"4e5b15a\" data-element_type=\"container\" data-e-type=\"container\">\n\t\t\t\t<div class=\"elementor-element elementor-element-d0abaad elementor-widget elementor-widget-text-editor\" data-id=\"d0abaad\" data-element_type=\"widget\" data-e-type=\"widget\" data-widget_type=\"text-editor.default\">\n\t\t\t\t<div class=\"elementor-widget-container\">\n\t\t\t\t\t\t\t\t\t<p>D\u2019esquerra a dreta Anxo Queiroga, President COCEMFE i Christopher Bunzl, VP Fundaci\u00f3 Mutua de Propietarios.<\/p>\t\t\t\t\t\t\t\t<\/div>\n\t\t\t\t<\/div>\n\t\t\t\t<\/div>\n\t\t<div class=\"elementor-element elementor-element-8590ce2 e-con-full e-flex e-con e-parent\" data-id=\"8590ce2\" data-element_type=\"container\" data-e-type=\"container\">\n\t\t\t\t<div class=\"elementor-element elementor-element-16a5d0d elementor-widget elementor-widget-text-editor\" data-id=\"16a5d0d\" data-element_type=\"widget\" data-e-type=\"widget\" data-widget_type=\"text-editor.default\">\n\t\t\t\t<div class=\"elementor-widget-container\">\n\t\t\t\t\t\t\t\t\t<p>D\u2019esquerra a dreta Laura L\u00f3pez, Directora Fundaci\u00f3 Mutua de Propietarios, Anxo Queiroga, Presidente COCEMFE, Christopher Bunzl, VP Fundaci\u00f3 Mutua de Propietarios i Elena Antelo, Directora COCEMFE<\/p>\t\t\t\t\t\t\t\t<\/div>\n\t\t\t\t<\/div>\n\t\t\t\t<\/div>\n\t\t\t\t\t<\/div>\n\t\t\t\t<\/div>\n\t\t\t\t<\/div>\n\t\t","protected":false},"excerpt":{"rendered":"<p>Ambdues entitats col\u00b7laboraran per donar a con\u00e8ixer i millorar la situaci\u00f3 de les persones amb mobilitat redu\u00efda que resideixen en edificis d\u2019habitatges no accessibles Madrid, 31 d\u2019octubre de 2019.- La Fundaci\u00f3 Mutua de Propietarios- Habitatges sense Barreres y la Confederaci\u00f3 Espanyola de Persones amb Discapacitat F\u00edsica i Org\u00e0nica (COCEMFE) han firmat un acord de col\u00b7laboraci\u00f3 [&hellip;]<\/p>\n","protected":false},"author":1,"featured_media":6543,"comment_status":"open","ping_status":"open","sticky":false,"template":"","format":"standard","meta":{"_acf_changed":false,"ocean_post_layout":"","ocean_both_sidebars_style":"","ocean_both_sidebars_content_width":0,"ocean_both_sidebars_sidebars_width":0,"ocean_sidebar":"0","ocean_second_sidebar":"0","ocean_disable_margins":"enable","ocean_add_body_class":"","ocean_shortcode_before_top_bar":"","ocean_shortcode_after_top_bar":"","ocean_shortcode_before_header":"","ocean_shortcode_after_header":"","ocean_has_shortcode":"","ocean_shortcode_after_title":"","ocean_shortcode_before_footer_widgets":"","ocean_shortcode_after_footer_widgets":"","ocean_shortcode_before_footer_bottom":"","ocean_shortcode_after_footer_bottom":"","ocean_display_top_bar":"default","ocean_display_header":"default","ocean_header_style":"","ocean_center_header_left_menu":"0","ocean_custom_header_template":"0","ocean_custom_logo":0,"ocean_custom_retina_logo":0,"ocean_custom_logo_max_width":0,"ocean_custom_logo_tablet_max_width":0,"ocean_custom_logo_mobile_max_width":0,"ocean_custom_logo_max_height":0,"ocean_custom_logo_tablet_max_height":0,"ocean_custom_logo_mobile_max_height":0,"ocean_header_custom_menu":"0","ocean_menu_typo_font_family":"0","ocean_menu_typo_font_subset":"","ocean_menu_typo_font_size":0,"ocean_menu_typo_font_size_tablet":0,"ocean_menu_typo_font_size_mobile":0,"ocean_menu_typo_font_size_unit":"px","ocean_menu_typo_font_weight":"","ocean_menu_typo_font_weight_tablet":"","ocean_menu_typo_font_weight_mobile":"","ocean_menu_typo_transform":"","ocean_menu_typo_transform_tablet":"","ocean_menu_typo_transform_mobile":"","ocean_menu_typo_line_height":0,"ocean_menu_typo_line_height_tablet":0,"ocean_menu_typo_line_height_mobile":0,"ocean_menu_typo_line_height_unit":"","ocean_menu_typo_spacing":0,"ocean_menu_typo_spacing_tablet":0,"ocean_menu_typo_spacing_mobile":0,"ocean_menu_typo_spacing_unit":"","ocean_menu_link_color":"","ocean_menu_link_color_hover":"","ocean_menu_link_color_active":"","ocean_menu_link_background":"","ocean_menu_link_hover_background":"","ocean_menu_link_active_background":"","ocean_menu_social_links_bg":"","ocean_menu_social_hover_links_bg":"","ocean_menu_social_links_color":"","ocean_menu_social_hover_links_color":"","ocean_disable_title":"default","ocean_disable_heading":"default","ocean_post_title":"","ocean_post_subheading":"","ocean_post_title_style":"","ocean_post_title_background_color":"","ocean_post_title_background":0,"ocean_post_title_bg_image_position":"","ocean_post_title_bg_image_attachment":"","ocean_post_title_bg_image_repeat":"","ocean_post_title_bg_image_size":"","ocean_post_title_height":0,"ocean_post_title_bg_overlay":0.5,"ocean_post_title_bg_overlay_color":"","ocean_disable_breadcrumbs":"default","ocean_breadcrumbs_color":"","ocean_breadcrumbs_separator_color":"","ocean_breadcrumbs_links_color":"","ocean_breadcrumbs_links_hover_color":"","ocean_display_footer_widgets":"default","ocean_display_footer_bottom":"default","ocean_custom_footer_template":"0","ocean_post_oembed":"","ocean_post_self_hosted_media":"","ocean_post_video_embed":"","ocean_link_format":"","ocean_link_format_target":"self","ocean_quote_format":"","ocean_quote_format_link":"post","ocean_gallery_link_images":"on","ocean_gallery_id":[],"footnotes":""},"categories":[1],"tags":[],"class_list":["post-7278","post","type-post","status-publish","format-standard","has-post-thumbnail","hentry","category-sin-categorizar","entry","has-media"],"acf":[],"yoast_head":"<!-- This site is optimized with the Yoast SEO plugin v27.3 - https:\/\/yoast.com\/product\/yoast-seo-wordpress\/ -->\n<title>La Fundaci\u00f3 Mutua de Propietarios y COCEMFE s\u2019uneixen per una participaci\u00f3 activa de les persones amb mobilitat redu\u00efda - Fundaci\u00f3n Mutua de Propietarios<\/title>\n<meta name=\"robots\" content=\"index, follow, max-snippet:-1, max-image-preview:large, max-video-preview:-1\" \/>\n<link rel=\"canonical\" href=\"https:\/\/www.fundacionmdp.org\/ca\/la-fundacio-mutua-de-propietarios-y-cocemfe-suneixen-per-una-participacio-activa-de-les-persones-amb-mobilitat-reduida\/\" \/>\n<meta property=\"og:locale\" content=\"ca_ES\" \/>\n<meta property=\"og:type\" content=\"article\" \/>\n<meta property=\"og:title\" content=\"La Fundaci\u00f3 Mutua de Propietarios y COCEMFE s\u2019uneixen per una participaci\u00f3 activa de les persones amb mobilitat redu\u00efda - Fundaci\u00f3n Mutua de Propietarios\" \/>\n<meta property=\"og:description\" content=\"Ambdues entitats col\u00b7laboraran per donar a con\u00e8ixer i millorar la situaci\u00f3 de les persones amb mobilitat redu\u00efda que resideixen en edificis d\u2019habitatges no accessibles Madrid, 31 d\u2019octubre de 2019.- La Fundaci\u00f3 Mutua de Propietarios- Habitatges sense Barreres y la Confederaci\u00f3 Espanyola de Persones amb Discapacitat F\u00edsica i Org\u00e0nica (COCEMFE) han firmat un acord de col\u00b7laboraci\u00f3 [&hellip;]\" \/>\n<meta property=\"og:url\" content=\"https:\/\/www.fundacionmdp.org\/ca\/la-fundacio-mutua-de-propietarios-y-cocemfe-suneixen-per-una-participacio-activa-de-les-persones-amb-mobilitat-reduida\/\" \/>\n<meta property=\"og:site_name\" content=\"Fundaci\u00f3n Mutua de Propietarios\" \/>\n<meta property=\"article:published_time\" content=\"2019-10-31T12:51:00+00:00\" \/>\n<meta property=\"article:modified_time\" content=\"2023-05-15T11:20:24+00:00\" \/>\n<meta property=\"og:image\" content=\"https:\/\/www.fundacionmdp.org\/wp-content\/uploads\/2023\/05\/IMG_3936b-scaled.jpg\" \/>\n\t<meta property=\"og:image:width\" content=\"2560\" \/>\n\t<meta property=\"og:image:height\" content=\"1738\" \/>\n\t<meta property=\"og:image:type\" content=\"image\/jpeg\" \/>\n<meta name=\"author\" content=\"fundacionmdp\" \/>\n<meta name=\"twitter:card\" content=\"summary_large_image\" \/>\n<meta name=\"twitter:label1\" content=\"Escrit per\" \/>\n\t<meta name=\"twitter:data1\" content=\"fundacionmdp\" \/>\n\t<meta name=\"twitter:label2\" content=\"Temps estimat de lectura\" \/>\n\t<meta name=\"twitter:data2\" content=\"2 minuts\" \/>\n<script type=\"application\/ld+json\" class=\"yoast-schema-graph\">{\"@context\":\"https:\\\/\\\/schema.org\",\"@graph\":[{\"@type\":\"Article\",\"@id\":\"https:\\\/\\\/www.fundacionmdp.org\\\/ca\\\/la-fundacio-mutua-de-propietarios-y-cocemfe-suneixen-per-una-participacio-activa-de-les-persones-amb-mobilitat-reduida\\\/#article\",\"isPartOf\":{\"@id\":\"https:\\\/\\\/www.fundacionmdp.org\\\/ca\\\/la-fundacio-mutua-de-propietarios-y-cocemfe-suneixen-per-una-participacio-activa-de-les-persones-amb-mobilitat-reduida\\\/\"},\"author\":{\"name\":\"fundacionmdp\",\"@id\":\"https:\\\/\\\/www.fundacionmdp.org\\\/#\\\/schema\\\/person\\\/12f9af801cac25dfcb5a96cb0090f703\"},\"headline\":\"La Fundaci\u00f3 Mutua de Propietarios y COCEMFE s\u2019uneixen per una participaci\u00f3 activa de les persones amb mobilitat redu\u00efda\",\"datePublished\":\"2019-10-31T12:51:00+00:00\",\"dateModified\":\"2023-05-15T11:20:24+00:00\",\"mainEntityOfPage\":{\"@id\":\"https:\\\/\\\/www.fundacionmdp.org\\\/ca\\\/la-fundacio-mutua-de-propietarios-y-cocemfe-suneixen-per-una-participacio-activa-de-les-persones-amb-mobilitat-reduida\\\/\"},\"wordCount\":465,\"commentCount\":0,\"publisher\":{\"@id\":\"https:\\\/\\\/www.fundacionmdp.org\\\/#organization\"},\"image\":{\"@id\":\"https:\\\/\\\/www.fundacionmdp.org\\\/ca\\\/la-fundacio-mutua-de-propietarios-y-cocemfe-suneixen-per-una-participacio-activa-de-les-persones-amb-mobilitat-reduida\\\/#primaryimage\"},\"thumbnailUrl\":\"https:\\\/\\\/www.fundacionmdp.org\\\/wp-content\\\/uploads\\\/2023\\\/05\\\/IMG_3936b-scaled.jpg\",\"articleSection\":[\"Sin categorizar\"],\"inLanguage\":\"ca\",\"potentialAction\":[{\"@type\":\"CommentAction\",\"name\":\"Comment\",\"target\":[\"https:\\\/\\\/www.fundacionmdp.org\\\/ca\\\/la-fundacio-mutua-de-propietarios-y-cocemfe-suneixen-per-una-participacio-activa-de-les-persones-amb-mobilitat-reduida\\\/#respond\"]}]},{\"@type\":\"WebPage\",\"@id\":\"https:\\\/\\\/www.fundacionmdp.org\\\/ca\\\/la-fundacio-mutua-de-propietarios-y-cocemfe-suneixen-per-una-participacio-activa-de-les-persones-amb-mobilitat-reduida\\\/\",\"url\":\"https:\\\/\\\/www.fundacionmdp.org\\\/ca\\\/la-fundacio-mutua-de-propietarios-y-cocemfe-suneixen-per-una-participacio-activa-de-les-persones-amb-mobilitat-reduida\\\/\",\"name\":\"La Fundaci\u00f3 Mutua de Propietarios y COCEMFE s\u2019uneixen per una participaci\u00f3 activa de les persones amb mobilitat redu\u00efda - Fundaci\u00f3n Mutua de Propietarios\",\"isPartOf\":{\"@id\":\"https:\\\/\\\/www.fundacionmdp.org\\\/#website\"},\"primaryImageOfPage\":{\"@id\":\"https:\\\/\\\/www.fundacionmdp.org\\\/ca\\\/la-fundacio-mutua-de-propietarios-y-cocemfe-suneixen-per-una-participacio-activa-de-les-persones-amb-mobilitat-reduida\\\/#primaryimage\"},\"image\":{\"@id\":\"https:\\\/\\\/www.fundacionmdp.org\\\/ca\\\/la-fundacio-mutua-de-propietarios-y-cocemfe-suneixen-per-una-participacio-activa-de-les-persones-amb-mobilitat-reduida\\\/#primaryimage\"},\"thumbnailUrl\":\"https:\\\/\\\/www.fundacionmdp.org\\\/wp-content\\\/uploads\\\/2023\\\/05\\\/IMG_3936b-scaled.jpg\",\"datePublished\":\"2019-10-31T12:51:00+00:00\",\"dateModified\":\"2023-05-15T11:20:24+00:00\",\"breadcrumb\":{\"@id\":\"https:\\\/\\\/www.fundacionmdp.org\\\/ca\\\/la-fundacio-mutua-de-propietarios-y-cocemfe-suneixen-per-una-participacio-activa-de-les-persones-amb-mobilitat-reduida\\\/#breadcrumb\"},\"inLanguage\":\"ca\",\"potentialAction\":[{\"@type\":\"ReadAction\",\"target\":[\"https:\\\/\\\/www.fundacionmdp.org\\\/ca\\\/la-fundacio-mutua-de-propietarios-y-cocemfe-suneixen-per-una-participacio-activa-de-les-persones-amb-mobilitat-reduida\\\/\"]}]},{\"@type\":\"ImageObject\",\"inLanguage\":\"ca\",\"@id\":\"https:\\\/\\\/www.fundacionmdp.org\\\/ca\\\/la-fundacio-mutua-de-propietarios-y-cocemfe-suneixen-per-una-participacio-activa-de-les-persones-amb-mobilitat-reduida\\\/#primaryimage\",\"url\":\"https:\\\/\\\/www.fundacionmdp.org\\\/wp-content\\\/uploads\\\/2023\\\/05\\\/IMG_3936b-scaled.jpg\",\"contentUrl\":\"https:\\\/\\\/www.fundacionmdp.org\\\/wp-content\\\/uploads\\\/2023\\\/05\\\/IMG_3936b-scaled.jpg\",\"width\":2560,\"height\":1738},{\"@type\":\"BreadcrumbList\",\"@id\":\"https:\\\/\\\/www.fundacionmdp.org\\\/ca\\\/la-fundacio-mutua-de-propietarios-y-cocemfe-suneixen-per-una-participacio-activa-de-les-persones-amb-mobilitat-reduida\\\/#breadcrumb\",\"itemListElement\":[{\"@type\":\"ListItem\",\"position\":1,\"name\":\"Home\",\"item\":\"https:\\\/\\\/www.fundacionmdp.org\\\/ca\\\/\"},{\"@type\":\"ListItem\",\"position\":2,\"name\":\"La Fundaci\u00f3 Mutua de Propietarios y COCEMFE s\u2019uneixen per una participaci\u00f3 activa de les persones amb mobilitat redu\u00efda\"}]},{\"@type\":\"WebSite\",\"@id\":\"https:\\\/\\\/www.fundacionmdp.org\\\/#website\",\"url\":\"https:\\\/\\\/www.fundacionmdp.org\\\/\",\"name\":\"Fundaci\u00f3n Mutua de Propietarios\",\"description\":\"En la Fundaci\u00f3n Mutua de Propietarios te ayudamos a convertir tu edificio de viviendas en un espacio sin barreras arquitect\u00f3nicas.\",\"publisher\":{\"@id\":\"https:\\\/\\\/www.fundacionmdp.org\\\/#organization\"},\"potentialAction\":[{\"@type\":\"SearchAction\",\"target\":{\"@type\":\"EntryPoint\",\"urlTemplate\":\"https:\\\/\\\/www.fundacionmdp.org\\\/?s={search_term_string}\"},\"query-input\":{\"@type\":\"PropertyValueSpecification\",\"valueRequired\":true,\"valueName\":\"search_term_string\"}}],\"inLanguage\":\"ca\"},{\"@type\":\"Organization\",\"@id\":\"https:\\\/\\\/www.fundacionmdp.org\\\/#organization\",\"name\":\"Fundaci\u00f3n Mutua de Propietarios\",\"url\":\"https:\\\/\\\/www.fundacionmdp.org\\\/\",\"logo\":{\"@type\":\"ImageObject\",\"inLanguage\":\"ca\",\"@id\":\"https:\\\/\\\/www.fundacionmdp.org\\\/#\\\/schema\\\/logo\\\/image\\\/\",\"url\":\"https:\\\/\\\/www.fundacionmdp.org\\\/wp-content\\\/uploads\\\/2023\\\/05\\\/logo_FMdP_cat.png\",\"contentUrl\":\"https:\\\/\\\/www.fundacionmdp.org\\\/wp-content\\\/uploads\\\/2023\\\/05\\\/logo_FMdP_cat.png\",\"width\":655,\"height\":297,\"caption\":\"Fundaci\u00f3n Mutua de Propietarios\"},\"image\":{\"@id\":\"https:\\\/\\\/www.fundacionmdp.org\\\/#\\\/schema\\\/logo\\\/image\\\/\"}},{\"@type\":\"Person\",\"@id\":\"https:\\\/\\\/www.fundacionmdp.org\\\/#\\\/schema\\\/person\\\/12f9af801cac25dfcb5a96cb0090f703\",\"name\":\"fundacionmdp\",\"image\":{\"@type\":\"ImageObject\",\"inLanguage\":\"ca\",\"@id\":\"https:\\\/\\\/secure.gravatar.com\\\/avatar\\\/b540f93d1816a14d85e51109d050c3243b98fb660a665f517a6d2597cff3bbed?s=96&d=mm&r=g\",\"url\":\"https:\\\/\\\/secure.gravatar.com\\\/avatar\\\/b540f93d1816a14d85e51109d050c3243b98fb660a665f517a6d2597cff3bbed?s=96&d=mm&r=g\",\"contentUrl\":\"https:\\\/\\\/secure.gravatar.com\\\/avatar\\\/b540f93d1816a14d85e51109d050c3243b98fb660a665f517a6d2597cff3bbed?s=96&d=mm&r=g\",\"caption\":\"fundacionmdp\"},\"sameAs\":[\"http:\\\/\\\/prezuk.com.mialias.net\\\/fundacionmdp\"],\"url\":\"https:\\\/\\\/www.fundacionmdp.org\\\/ca\\\/author\\\/fundacionmdp\\\/\"}]}<\/script>\n<!-- \/ Yoast SEO plugin. -->","yoast_head_json":{"title":"La Fundaci\u00f3 Mutua de Propietarios y COCEMFE s\u2019uneixen per una participaci\u00f3 activa de les persones amb mobilitat redu\u00efda - Fundaci\u00f3n Mutua de Propietarios","robots":{"index":"index","follow":"follow","max-snippet":"max-snippet:-1","max-image-preview":"max-image-preview:large","max-video-preview":"max-video-preview:-1"},"canonical":"https:\/\/www.fundacionmdp.org\/ca\/la-fundacio-mutua-de-propietarios-y-cocemfe-suneixen-per-una-participacio-activa-de-les-persones-amb-mobilitat-reduida\/","og_locale":"ca_ES","og_type":"article","og_title":"La Fundaci\u00f3 Mutua de Propietarios y COCEMFE s\u2019uneixen per una participaci\u00f3 activa de les persones amb mobilitat redu\u00efda - Fundaci\u00f3n Mutua de Propietarios","og_description":"Ambdues entitats col\u00b7laboraran per donar a con\u00e8ixer i millorar la situaci\u00f3 de les persones amb mobilitat redu\u00efda que resideixen en edificis d\u2019habitatges no accessibles Madrid, 31 d\u2019octubre de 2019.- La Fundaci\u00f3 Mutua de Propietarios- Habitatges sense Barreres y la Confederaci\u00f3 Espanyola de Persones amb Discapacitat F\u00edsica i Org\u00e0nica (COCEMFE) han firmat un acord de col\u00b7laboraci\u00f3 [&hellip;]","og_url":"https:\/\/www.fundacionmdp.org\/ca\/la-fundacio-mutua-de-propietarios-y-cocemfe-suneixen-per-una-participacio-activa-de-les-persones-amb-mobilitat-reduida\/","og_site_name":"Fundaci\u00f3n Mutua de Propietarios","article_published_time":"2019-10-31T12:51:00+00:00","article_modified_time":"2023-05-15T11:20:24+00:00","og_image":[{"width":2560,"height":1738,"url":"https:\/\/www.fundacionmdp.org\/wp-content\/uploads\/2023\/05\/IMG_3936b-scaled.jpg","type":"image\/jpeg"}],"author":"fundacionmdp","twitter_card":"summary_large_image","twitter_misc":{"Escrit per":"fundacionmdp","Temps estimat de lectura":"2 minuts"},"schema":{"@context":"https:\/\/schema.org","@graph":[{"@type":"Article","@id":"https:\/\/www.fundacionmdp.org\/ca\/la-fundacio-mutua-de-propietarios-y-cocemfe-suneixen-per-una-participacio-activa-de-les-persones-amb-mobilitat-reduida\/#article","isPartOf":{"@id":"https:\/\/www.fundacionmdp.org\/ca\/la-fundacio-mutua-de-propietarios-y-cocemfe-suneixen-per-una-participacio-activa-de-les-persones-amb-mobilitat-reduida\/"},"author":{"name":"fundacionmdp","@id":"https:\/\/www.fundacionmdp.org\/#\/schema\/person\/12f9af801cac25dfcb5a96cb0090f703"},"headline":"La Fundaci\u00f3 Mutua de Propietarios y COCEMFE s\u2019uneixen per una participaci\u00f3 activa de les persones amb mobilitat redu\u00efda","datePublished":"2019-10-31T12:51:00+00:00","dateModified":"2023-05-15T11:20:24+00:00","mainEntityOfPage":{"@id":"https:\/\/www.fundacionmdp.org\/ca\/la-fundacio-mutua-de-propietarios-y-cocemfe-suneixen-per-una-participacio-activa-de-les-persones-amb-mobilitat-reduida\/"},"wordCount":465,"commentCount":0,"publisher":{"@id":"https:\/\/www.fundacionmdp.org\/#organization"},"image":{"@id":"https:\/\/www.fundacionmdp.org\/ca\/la-fundacio-mutua-de-propietarios-y-cocemfe-suneixen-per-una-participacio-activa-de-les-persones-amb-mobilitat-reduida\/#primaryimage"},"thumbnailUrl":"https:\/\/www.fundacionmdp.org\/wp-content\/uploads\/2023\/05\/IMG_3936b-scaled.jpg","articleSection":["Sin categorizar"],"inLanguage":"ca","potentialAction":[{"@type":"CommentAction","name":"Comment","target":["https:\/\/www.fundacionmdp.org\/ca\/la-fundacio-mutua-de-propietarios-y-cocemfe-suneixen-per-una-participacio-activa-de-les-persones-amb-mobilitat-reduida\/#respond"]}]},{"@type":"WebPage","@id":"https:\/\/www.fundacionmdp.org\/ca\/la-fundacio-mutua-de-propietarios-y-cocemfe-suneixen-per-una-participacio-activa-de-les-persones-amb-mobilitat-reduida\/","url":"https:\/\/www.fundacionmdp.org\/ca\/la-fundacio-mutua-de-propietarios-y-cocemfe-suneixen-per-una-participacio-activa-de-les-persones-amb-mobilitat-reduida\/","name":"La Fundaci\u00f3 Mutua de Propietarios y COCEMFE s\u2019uneixen per una participaci\u00f3 activa de les persones amb mobilitat redu\u00efda - Fundaci\u00f3n Mutua de Propietarios","isPartOf":{"@id":"https:\/\/www.fundacionmdp.org\/#website"},"primaryImageOfPage":{"@id":"https:\/\/www.fundacionmdp.org\/ca\/la-fundacio-mutua-de-propietarios-y-cocemfe-suneixen-per-una-participacio-activa-de-les-persones-amb-mobilitat-reduida\/#primaryimage"},"image":{"@id":"https:\/\/www.fundacionmdp.org\/ca\/la-fundacio-mutua-de-propietarios-y-cocemfe-suneixen-per-una-participacio-activa-de-les-persones-amb-mobilitat-reduida\/#primaryimage"},"thumbnailUrl":"https:\/\/www.fundacionmdp.org\/wp-content\/uploads\/2023\/05\/IMG_3936b-scaled.jpg","datePublished":"2019-10-31T12:51:00+00:00","dateModified":"2023-05-15T11:20:24+00:00","breadcrumb":{"@id":"https:\/\/www.fundacionmdp.org\/ca\/la-fundacio-mutua-de-propietarios-y-cocemfe-suneixen-per-una-participacio-activa-de-les-persones-amb-mobilitat-reduida\/#breadcrumb"},"inLanguage":"ca","potentialAction":[{"@type":"ReadAction","target":["https:\/\/www.fundacionmdp.org\/ca\/la-fundacio-mutua-de-propietarios-y-cocemfe-suneixen-per-una-participacio-activa-de-les-persones-amb-mobilitat-reduida\/"]}]},{"@type":"ImageObject","inLanguage":"ca","@id":"https:\/\/www.fundacionmdp.org\/ca\/la-fundacio-mutua-de-propietarios-y-cocemfe-suneixen-per-una-participacio-activa-de-les-persones-amb-mobilitat-reduida\/#primaryimage","url":"https:\/\/www.fundacionmdp.org\/wp-content\/uploads\/2023\/05\/IMG_3936b-scaled.jpg","contentUrl":"https:\/\/www.fundacionmdp.org\/wp-content\/uploads\/2023\/05\/IMG_3936b-scaled.jpg","width":2560,"height":1738},{"@type":"BreadcrumbList","@id":"https:\/\/www.fundacionmdp.org\/ca\/la-fundacio-mutua-de-propietarios-y-cocemfe-suneixen-per-una-participacio-activa-de-les-persones-amb-mobilitat-reduida\/#breadcrumb","itemListElement":[{"@type":"ListItem","position":1,"name":"Home","item":"https:\/\/www.fundacionmdp.org\/ca\/"},{"@type":"ListItem","position":2,"name":"La Fundaci\u00f3 Mutua de Propietarios y COCEMFE s\u2019uneixen per una participaci\u00f3 activa de les persones amb mobilitat redu\u00efda"}]},{"@type":"WebSite","@id":"https:\/\/www.fundacionmdp.org\/#website","url":"https:\/\/www.fundacionmdp.org\/","name":"Fundaci\u00f3n Mutua de Propietarios","description":"En la Fundaci\u00f3n Mutua de Propietarios te ayudamos a convertir tu edificio de viviendas en un espacio sin barreras arquitect\u00f3nicas.","publisher":{"@id":"https:\/\/www.fundacionmdp.org\/#organization"},"potentialAction":[{"@type":"SearchAction","target":{"@type":"EntryPoint","urlTemplate":"https:\/\/www.fundacionmdp.org\/?s={search_term_string}"},"query-input":{"@type":"PropertyValueSpecification","valueRequired":true,"valueName":"search_term_string"}}],"inLanguage":"ca"},{"@type":"Organization","@id":"https:\/\/www.fundacionmdp.org\/#organization","name":"Fundaci\u00f3n Mutua de Propietarios","url":"https:\/\/www.fundacionmdp.org\/","logo":{"@type":"ImageObject","inLanguage":"ca","@id":"https:\/\/www.fundacionmdp.org\/#\/schema\/logo\/image\/","url":"https:\/\/www.fundacionmdp.org\/wp-content\/uploads\/2023\/05\/logo_FMdP_cat.png","contentUrl":"https:\/\/www.fundacionmdp.org\/wp-content\/uploads\/2023\/05\/logo_FMdP_cat.png","width":655,"height":297,"caption":"Fundaci\u00f3n Mutua de Propietarios"},"image":{"@id":"https:\/\/www.fundacionmdp.org\/#\/schema\/logo\/image\/"}},{"@type":"Person","@id":"https:\/\/www.fundacionmdp.org\/#\/schema\/person\/12f9af801cac25dfcb5a96cb0090f703","name":"fundacionmdp","image":{"@type":"ImageObject","inLanguage":"ca","@id":"https:\/\/secure.gravatar.com\/avatar\/b540f93d1816a14d85e51109d050c3243b98fb660a665f517a6d2597cff3bbed?s=96&d=mm&r=g","url":"https:\/\/secure.gravatar.com\/avatar\/b540f93d1816a14d85e51109d050c3243b98fb660a665f517a6d2597cff3bbed?s=96&d=mm&r=g","contentUrl":"https:\/\/secure.gravatar.com\/avatar\/b540f93d1816a14d85e51109d050c3243b98fb660a665f517a6d2597cff3bbed?s=96&d=mm&r=g","caption":"fundacionmdp"},"sameAs":["http:\/\/prezuk.com.mialias.net\/fundacionmdp"],"url":"https:\/\/www.fundacionmdp.org\/ca\/author\/fundacionmdp\/"}]}},"_links":{"self":[{"href":"https:\/\/www.fundacionmdp.org\/ca\/wp-json\/wp\/v2\/posts\/7278","targetHints":{"allow":["GET"]}}],"collection":[{"href":"https:\/\/www.fundacionmdp.org\/ca\/wp-json\/wp\/v2\/posts"}],"about":[{"href":"https:\/\/www.fundacionmdp.org\/ca\/wp-json\/wp\/v2\/types\/post"}],"author":[{"embeddable":true,"href":"https:\/\/www.fundacionmdp.org\/ca\/wp-json\/wp\/v2\/users\/1"}],"replies":[{"embeddable":true,"href":"https:\/\/www.fundacionmdp.org\/ca\/wp-json\/wp\/v2\/comments?post=7278"}],"version-history":[{"count":4,"href":"https:\/\/www.fundacionmdp.org\/ca\/wp-json\/wp\/v2\/posts\/7278\/revisions"}],"predecessor-version":[{"id":7285,"href":"https:\/\/www.fundacionmdp.org\/ca\/wp-json\/wp\/v2\/posts\/7278\/revisions\/7285"}],"wp:featuredmedia":[{"embeddable":true,"href":"https:\/\/www.fundacionmdp.org\/ca\/wp-json\/wp\/v2\/media\/6543"}],"wp:attachment":[{"href":"https:\/\/www.fundacionmdp.org\/ca\/wp-json\/wp\/v2\/media?parent=7278"}],"wp:term":[{"taxonomy":"category","embeddable":true,"href":"https:\/\/www.fundacionmdp.org\/ca\/wp-json\/wp\/v2\/categories?post=7278"},{"taxonomy":"post_tag","embeddable":true,"href":"https:\/\/www.fundacionmdp.org\/ca\/wp-json\/wp\/v2\/tags?post=7278"}],"curies":[{"name":"wp","href":"https:\/\/api.w.org\/{rel}","templated":true}]}}