{"id":7297,"date":"2020-04-08T13:06:00","date_gmt":"2020-04-08T13:06:00","guid":{"rendered":"http:\/\/prezuk.com.mialias.net\/fundacionmdp\/la-fundacion-mutua-de-propietarios-distribueix-aliments-a-les-persones-amb-mobilitat-reduida-a-traves-de-creu-roja-respon\/"},"modified":"2023-05-15T11:23:46","modified_gmt":"2023-05-15T11:23:46","slug":"la-fundacion-mutua-de-propietarios-distribueix-aliments-a-les-persones-amb-mobilitat-reduida-a-traves-de-creu-roja-respon","status":"publish","type":"post","link":"https:\/\/www.fundacionmdp.org\/ca\/la-fundacion-mutua-de-propietarios-distribueix-aliments-a-les-persones-amb-mobilitat-reduida-a-traves-de-creu-roja-respon\/","title":{"rendered":"La Fundaci\u00f3n Mutua de Propietarios distribueix aliments a les persones amb mobilitat redu\u00efda, a trav\u00e9s de \u2018Creu Roja respon\u2019"},"content":{"rendered":"\t\t<div data-elementor-type=\"wp-post\" data-elementor-id=\"7297\" class=\"elementor elementor-7297 elementor-2477\">\n\t\t\t\t<div class=\"elementor-element elementor-element-e4e01f2 e-flex e-con-boxed e-con e-parent\" data-id=\"e4e01f2\" data-element_type=\"container\" data-e-type=\"container\">\n\t\t\t\t\t<div class=\"e-con-inner\">\n\t\t\t\t<div class=\"elementor-element elementor-element-d1bf21a elementor-widget elementor-widget-text-editor\" data-id=\"d1bf21a\" data-element_type=\"widget\" data-e-type=\"widget\" data-widget_type=\"text-editor.default\">\n\t\t\t\t<div class=\"elementor-widget-container\">\n\t\t\t\t\t\t\t\t\t<ul><li><strong>A Espanya, 1,8 milions de persones amb mobilitat redu\u00efda depenen de l\u2019ajuda de tercers per sortir de casa i 100.000 no ho fan mai<\/strong><\/li><li><strong>Davant la dificultat per obtenir ajuda de familiars o amics a causa de l\u2019estat de confinament, la situaci\u00f3 d\u2019aquest col\u00b7lectiu ha empitjorat<\/strong><\/li><\/ul><p><strong>Madrid, 8 d\u2019abril de 2020.-<\/strong> La Fundaci\u00f3n Mutua de Propietarios, com a part del seu projecte \u201cM\u00e9s #Superve\u00efns que mai\u201d, subministrar\u00e0 aliments a persones amb mobilitat redu\u00efda de Madrid i Barcelona. Aquesta iniciativa es realitzar\u00e0 amb la col\u00b7laboraci\u00f3 de Creu Roja, que a trav\u00e9s de la crida Creu Roja RESPON identifica a persones en situaci\u00f3 de vulnerabilitat davant el coronavirus i realitza intervencions domicili\u00e0ries, sempre mantenint les pautes de seguretat i de prevenci\u00f3 de Covid 19.<\/p><p>A Espanya, m\u00e9s de 1,8 milions de persones amb mobilitat redu\u00efda necessiten ajuda per sortir de casa i al voltant de 100.000 persones no ho fa mai, segons l\u2019estudi de la Fundaci\u00f3n Mutua de Propietarios en col\u00b7laboraci\u00f3 amb la Confederaci\u00f3 Espanyola de Persones amb discapacitat F\u00edsica i Org\u00e0nica (COCEMFE).<br \/>Arran d\u2019aquestes dades, la Fundaci\u00f3n Mutua de Propietarios va iniciar a l\u2019octubre #Superve\u00efns, una campanya de conscienciaci\u00f3 social que, a trav\u00e9s de la hist\u00f2ria real d\u2019una persona amb mobilitat redu\u00efda resident en un edifici no accessible, desitjava cridar l\u2019atenci\u00f3 sobre aquest col\u00b7lectiu. Avui #Superve\u00efns est\u00e0 encara m\u00e9s vigent davant la situaci\u00f3 de crisi sanit\u00e0ria que estem vivint pel Covid19 i vol fer-nos, de nou, reflexionar. \u201cEn aquests moments de confinament \u00e9s m\u00e9s important que mai identificar als ve\u00efns amb mobilitat redu\u00efda que resideixen a la teva edifici i hem volgut aportar el nostre granet de sorra amb aquesta iniciativa, perqu\u00e8 entre tots siguem m\u00e9s superve\u00efns que mai\u201d, explica Laura L\u00f3pez Demarbre , Vicepresidenta Executiva de la Fundaci\u00f3 M\u00fatua de Propietaris.<\/p><p>La crida Creu Roja RESPON pret\u00e9n arribar a m\u00e9s d\u20191,3 milions de persones en risc d\u2019exclusi\u00f3 per la crisi del Coronavirus, identificant els casos de persones amb situacions dif\u00edcils i posant a la seva disposici\u00f3 la capacitat de l\u2019entitat per fer front a l\u2019emerg\u00e8ncia en diferents tipus i nivells, i en coordinaci\u00f3 amb les autoritats competents. Amb l\u2019aportaci\u00f3 econ\u00f2mica de la Fundaci\u00f3n Mutua de Propietarios, la Creu Roja distribuir\u00e0 productes alimentaris a les persones amb mobilitat redu\u00efda que atenen a Madrid i Barcelona.<\/p><p>\u201cLa manca d\u2019accessibilitat a l\u2019edifici ja s\u2019havia convertit en presons a moltes llars espanyoles per a les persones amb mobilitat redu\u00efda. Per\u00f2 la situaci\u00f3 d\u2019aquestes persones s\u2019ha agreujat encara m\u00e9s a causa de l\u2019estat de confinament ja que ara no poden comptar amb l\u2019ajuda de familiars o amics per realitzar les seves tasques habituals \u201c, explica L\u00f3pez Demarbre.<\/p><p>Per tractar de solucionar la seva situaci\u00f3, els principals recursos utilitzats per les persones amb mobilitat redu\u00efda eren l\u2019ajuda de familiars i amics (73%) o personal professional de suport (22%) tot i que un 7% no disposava de suport.<\/p>\t\t\t\t\t\t\t\t<\/div>\n\t\t\t\t<\/div>\n\t\t\t\t\t<\/div>\n\t\t\t\t<\/div>\n\t\t<div class=\"elementor-element elementor-element-fb4dbd6 e-flex e-con-boxed e-con e-parent\" data-id=\"fb4dbd6\" data-element_type=\"container\" data-e-type=\"container\">\n\t\t\t\t\t<div class=\"e-con-inner\">\n\t\t\t\t<div class=\"elementor-element elementor-element-1532765 elementor-widget elementor-widget-image\" data-id=\"1532765\" data-element_type=\"widget\" data-e-type=\"widget\" data-widget_type=\"image.default\">\n\t\t\t\t<div class=\"elementor-widget-container\">\n\t\t\t\t\t\t\t\t\t\t\t\t\t\t\t<img fetchpriority=\"high\" decoding=\"async\" width=\"1024\" height=\"555\" src=\"https:\/\/www.fundacionmdp.org\/wp-content\/uploads\/2023\/05\/campana_COVID-1024x555.jpg\" class=\"attachment-large size-large wp-image-6545\" alt=\"\" srcset=\"https:\/\/www.fundacionmdp.org\/wp-content\/uploads\/2023\/05\/campana_COVID-1024x555.jpg 1024w, https:\/\/www.fundacionmdp.org\/wp-content\/uploads\/2023\/05\/campana_COVID-300x163.jpg 300w, https:\/\/www.fundacionmdp.org\/wp-content\/uploads\/2023\/05\/campana_COVID-768x416.jpg 768w, https:\/\/www.fundacionmdp.org\/wp-content\/uploads\/2023\/05\/campana_COVID.jpg 1184w\" sizes=\"(max-width: 1024px) 100vw, 1024px\" \/>\t\t\t\t\t\t\t\t\t\t\t\t\t\t\t<\/div>\n\t\t\t\t<\/div>\n\t\t\t\t\t<\/div>\n\t\t\t\t<\/div>\n\t\t\t\t<\/div>\n\t\t","protected":false},"excerpt":{"rendered":"<p>A Espanya, 1,8 milions de persones amb mobilitat redu\u00efda depenen de l\u2019ajuda de tercers per sortir de casa i 100.000 no ho fan mai Davant la dificultat per obtenir ajuda de familiars o amics a causa de l\u2019estat de confinament, la situaci\u00f3 d\u2019aquest col\u00b7lectiu ha empitjorat Madrid, 8 d\u2019abril de 2020.- La Fundaci\u00f3n Mutua de [&hellip;]<\/p>\n","protected":false},"author":1,"featured_media":6545,"comment_status":"open","ping_status":"open","sticky":false,"template":"","format":"standard","meta":{"_acf_changed":false,"ocean_post_layout":"","ocean_both_sidebars_style":"","ocean_both_sidebars_content_width":0,"ocean_both_sidebars_sidebars_width":0,"ocean_sidebar":"0","ocean_second_sidebar":"0","ocean_disable_margins":"enable","ocean_add_body_class":"","ocean_shortcode_before_top_bar":"","ocean_shortcode_after_top_bar":"","ocean_shortcode_before_header":"","ocean_shortcode_after_header":"","ocean_has_shortcode":"","ocean_shortcode_after_title":"","ocean_shortcode_before_footer_widgets":"","ocean_shortcode_after_footer_widgets":"","ocean_shortcode_before_footer_bottom":"","ocean_shortcode_after_footer_bottom":"","ocean_display_top_bar":"default","ocean_display_header":"default","ocean_header_style":"","ocean_center_header_left_menu":"0","ocean_custom_header_template":"0","ocean_custom_logo":0,"ocean_custom_retina_logo":0,"ocean_custom_logo_max_width":0,"ocean_custom_logo_tablet_max_width":0,"ocean_custom_logo_mobile_max_width":0,"ocean_custom_logo_max_height":0,"ocean_custom_logo_tablet_max_height":0,"ocean_custom_logo_mobile_max_height":0,"ocean_header_custom_menu":"0","ocean_menu_typo_font_family":"0","ocean_menu_typo_font_subset":"","ocean_menu_typo_font_size":0,"ocean_menu_typo_font_size_tablet":0,"ocean_menu_typo_font_size_mobile":0,"ocean_menu_typo_font_size_unit":"px","ocean_menu_typo_font_weight":"","ocean_menu_typo_font_weight_tablet":"","ocean_menu_typo_font_weight_mobile":"","ocean_menu_typo_transform":"","ocean_menu_typo_transform_tablet":"","ocean_menu_typo_transform_mobile":"","ocean_menu_typo_line_height":0,"ocean_menu_typo_line_height_tablet":0,"ocean_menu_typo_line_height_mobile":0,"ocean_menu_typo_line_height_unit":"","ocean_menu_typo_spacing":0,"ocean_menu_typo_spacing_tablet":0,"ocean_menu_typo_spacing_mobile":0,"ocean_menu_typo_spacing_unit":"","ocean_menu_link_color":"","ocean_menu_link_color_hover":"","ocean_menu_link_color_active":"","ocean_menu_link_background":"","ocean_menu_link_hover_background":"","ocean_menu_link_active_background":"","ocean_menu_social_links_bg":"","ocean_menu_social_hover_links_bg":"","ocean_menu_social_links_color":"","ocean_menu_social_hover_links_color":"","ocean_disable_title":"default","ocean_disable_heading":"default","ocean_post_title":"","ocean_post_subheading":"","ocean_post_title_style":"","ocean_post_title_background_color":"","ocean_post_title_background":0,"ocean_post_title_bg_image_position":"","ocean_post_title_bg_image_attachment":"","ocean_post_title_bg_image_repeat":"","ocean_post_title_bg_image_size":"","ocean_post_title_height":0,"ocean_post_title_bg_overlay":0.5,"ocean_post_title_bg_overlay_color":"","ocean_disable_breadcrumbs":"default","ocean_breadcrumbs_color":"","ocean_breadcrumbs_separator_color":"","ocean_breadcrumbs_links_color":"","ocean_breadcrumbs_links_hover_color":"","ocean_display_footer_widgets":"default","ocean_display_footer_bottom":"default","ocean_custom_footer_template":"0","ocean_post_oembed":"","ocean_post_self_hosted_media":"","ocean_post_video_embed":"","ocean_link_format":"","ocean_link_format_target":"self","ocean_quote_format":"","ocean_quote_format_link":"post","ocean_gallery_link_images":"on","ocean_gallery_id":[],"footnotes":""},"categories":[1],"tags":[],"class_list":["post-7297","post","type-post","status-publish","format-standard","has-post-thumbnail","hentry","category-sin-categorizar","entry","has-media"],"acf":[],"yoast_head":"<!-- This site is optimized with the Yoast SEO plugin v27.3 - https:\/\/yoast.com\/product\/yoast-seo-wordpress\/ -->\n<title>La Fundaci\u00f3n Mutua de Propietarios distribueix aliments a les persones amb mobilitat redu\u00efda, a trav\u00e9s de \u2018Creu Roja respon\u2019 - Fundaci\u00f3n Mutua de Propietarios<\/title>\n<meta name=\"robots\" content=\"index, follow, max-snippet:-1, max-image-preview:large, max-video-preview:-1\" \/>\n<link rel=\"canonical\" href=\"https:\/\/www.fundacionmdp.org\/la-fundacion-mutua-de-propietarios-distribuye-alimentos-a-las-personas-con-movilidad-reducida-a-traves-de-cruz-roja-responde\/\" \/>\n<meta property=\"og:locale\" content=\"ca_ES\" \/>\n<meta property=\"og:type\" content=\"article\" \/>\n<meta property=\"og:title\" content=\"La Fundaci\u00f3n Mutua de Propietarios distribueix aliments a les persones amb mobilitat redu\u00efda, a trav\u00e9s de \u2018Creu Roja respon\u2019 - Fundaci\u00f3n Mutua de Propietarios\" \/>\n<meta property=\"og:description\" content=\"A Espanya, 1,8 milions de persones amb mobilitat redu\u00efda depenen de l\u2019ajuda de tercers per sortir de casa i 100.000 no ho fan mai Davant la dificultat per obtenir ajuda de familiars o amics a causa de l\u2019estat de confinament, la situaci\u00f3 d\u2019aquest col\u00b7lectiu ha empitjorat Madrid, 8 d\u2019abril de 2020.- La Fundaci\u00f3n Mutua de [&hellip;]\" \/>\n<meta property=\"og:url\" content=\"https:\/\/www.fundacionmdp.org\/la-fundacion-mutua-de-propietarios-distribuye-alimentos-a-las-personas-con-movilidad-reducida-a-traves-de-cruz-roja-responde\/\" \/>\n<meta property=\"og:site_name\" content=\"Fundaci\u00f3n Mutua de Propietarios\" \/>\n<meta property=\"article:published_time\" content=\"2020-04-08T13:06:00+00:00\" \/>\n<meta property=\"article:modified_time\" content=\"2023-05-15T11:23:46+00:00\" \/>\n<meta property=\"og:image\" content=\"https:\/\/www.fundacionmdp.org\/wp-content\/uploads\/2023\/05\/campana_COVID.jpg\" \/>\n\t<meta property=\"og:image:width\" content=\"1184\" \/>\n\t<meta property=\"og:image:height\" content=\"642\" \/>\n\t<meta property=\"og:image:type\" content=\"image\/jpeg\" \/>\n<meta name=\"author\" content=\"fundacionmdp\" \/>\n<meta name=\"twitter:card\" content=\"summary_large_image\" \/>\n<meta name=\"twitter:label1\" content=\"Escrit per\" \/>\n\t<meta name=\"twitter:data1\" content=\"fundacionmdp\" \/>\n\t<meta name=\"twitter:label2\" content=\"Temps estimat de lectura\" \/>\n\t<meta name=\"twitter:data2\" content=\"3 minuts\" \/>\n<script type=\"application\/ld+json\" class=\"yoast-schema-graph\">{\"@context\":\"https:\\\/\\\/schema.org\",\"@graph\":[{\"@type\":\"Article\",\"@id\":\"https:\\\/\\\/www.fundacionmdp.org\\\/la-fundacion-mutua-de-propietarios-distribuye-alimentos-a-las-personas-con-movilidad-reducida-a-traves-de-cruz-roja-responde\\\/#article\",\"isPartOf\":{\"@id\":\"https:\\\/\\\/www.fundacionmdp.org\\\/la-fundacion-mutua-de-propietarios-distribuye-alimentos-a-las-personas-con-movilidad-reducida-a-traves-de-cruz-roja-responde\\\/\"},\"author\":{\"name\":\"fundacionmdp\",\"@id\":\"https:\\\/\\\/www.fundacionmdp.org\\\/#\\\/schema\\\/person\\\/12f9af801cac25dfcb5a96cb0090f703\"},\"headline\":\"La Fundaci\u00f3n Mutua de Propietarios distribueix aliments a les persones amb mobilitat redu\u00efda, a trav\u00e9s de \u2018Creu Roja respon\u2019\",\"datePublished\":\"2020-04-08T13:06:00+00:00\",\"dateModified\":\"2023-05-15T11:23:46+00:00\",\"mainEntityOfPage\":{\"@id\":\"https:\\\/\\\/www.fundacionmdp.org\\\/la-fundacion-mutua-de-propietarios-distribuye-alimentos-a-las-personas-con-movilidad-reducida-a-traves-de-cruz-roja-responde\\\/\"},\"wordCount\":545,\"commentCount\":0,\"publisher\":{\"@id\":\"https:\\\/\\\/www.fundacionmdp.org\\\/#organization\"},\"image\":{\"@id\":\"https:\\\/\\\/www.fundacionmdp.org\\\/la-fundacion-mutua-de-propietarios-distribuye-alimentos-a-las-personas-con-movilidad-reducida-a-traves-de-cruz-roja-responde\\\/#primaryimage\"},\"thumbnailUrl\":\"https:\\\/\\\/www.fundacionmdp.org\\\/wp-content\\\/uploads\\\/2023\\\/05\\\/campana_COVID.jpg\",\"articleSection\":[\"Sin categorizar\"],\"inLanguage\":\"ca\",\"potentialAction\":[{\"@type\":\"CommentAction\",\"name\":\"Comment\",\"target\":[\"https:\\\/\\\/www.fundacionmdp.org\\\/la-fundacion-mutua-de-propietarios-distribuye-alimentos-a-las-personas-con-movilidad-reducida-a-traves-de-cruz-roja-responde\\\/#respond\"]}]},{\"@type\":\"WebPage\",\"@id\":\"https:\\\/\\\/www.fundacionmdp.org\\\/la-fundacion-mutua-de-propietarios-distribuye-alimentos-a-las-personas-con-movilidad-reducida-a-traves-de-cruz-roja-responde\\\/\",\"url\":\"https:\\\/\\\/www.fundacionmdp.org\\\/la-fundacion-mutua-de-propietarios-distribuye-alimentos-a-las-personas-con-movilidad-reducida-a-traves-de-cruz-roja-responde\\\/\",\"name\":\"La Fundaci\u00f3n Mutua de Propietarios distribueix aliments a les persones amb mobilitat redu\u00efda, a trav\u00e9s de \u2018Creu Roja respon\u2019 - Fundaci\u00f3n Mutua de Propietarios\",\"isPartOf\":{\"@id\":\"https:\\\/\\\/www.fundacionmdp.org\\\/#website\"},\"primaryImageOfPage\":{\"@id\":\"https:\\\/\\\/www.fundacionmdp.org\\\/la-fundacion-mutua-de-propietarios-distribuye-alimentos-a-las-personas-con-movilidad-reducida-a-traves-de-cruz-roja-responde\\\/#primaryimage\"},\"image\":{\"@id\":\"https:\\\/\\\/www.fundacionmdp.org\\\/la-fundacion-mutua-de-propietarios-distribuye-alimentos-a-las-personas-con-movilidad-reducida-a-traves-de-cruz-roja-responde\\\/#primaryimage\"},\"thumbnailUrl\":\"https:\\\/\\\/www.fundacionmdp.org\\\/wp-content\\\/uploads\\\/2023\\\/05\\\/campana_COVID.jpg\",\"datePublished\":\"2020-04-08T13:06:00+00:00\",\"dateModified\":\"2023-05-15T11:23:46+00:00\",\"breadcrumb\":{\"@id\":\"https:\\\/\\\/www.fundacionmdp.org\\\/la-fundacion-mutua-de-propietarios-distribuye-alimentos-a-las-personas-con-movilidad-reducida-a-traves-de-cruz-roja-responde\\\/#breadcrumb\"},\"inLanguage\":\"ca\",\"potentialAction\":[{\"@type\":\"ReadAction\",\"target\":[\"https:\\\/\\\/www.fundacionmdp.org\\\/la-fundacion-mutua-de-propietarios-distribuye-alimentos-a-las-personas-con-movilidad-reducida-a-traves-de-cruz-roja-responde\\\/\"]}]},{\"@type\":\"ImageObject\",\"inLanguage\":\"ca\",\"@id\":\"https:\\\/\\\/www.fundacionmdp.org\\\/la-fundacion-mutua-de-propietarios-distribuye-alimentos-a-las-personas-con-movilidad-reducida-a-traves-de-cruz-roja-responde\\\/#primaryimage\",\"url\":\"https:\\\/\\\/www.fundacionmdp.org\\\/wp-content\\\/uploads\\\/2023\\\/05\\\/campana_COVID.jpg\",\"contentUrl\":\"https:\\\/\\\/www.fundacionmdp.org\\\/wp-content\\\/uploads\\\/2023\\\/05\\\/campana_COVID.jpg\",\"width\":1184,\"height\":642},{\"@type\":\"BreadcrumbList\",\"@id\":\"https:\\\/\\\/www.fundacionmdp.org\\\/la-fundacion-mutua-de-propietarios-distribuye-alimentos-a-las-personas-con-movilidad-reducida-a-traves-de-cruz-roja-responde\\\/#breadcrumb\",\"itemListElement\":[{\"@type\":\"ListItem\",\"position\":1,\"name\":\"Home\",\"item\":\"https:\\\/\\\/www.fundacionmdp.org\\\/ca\\\/\"},{\"@type\":\"ListItem\",\"position\":2,\"name\":\"La Fundaci\u00f3n Mutua de Propietarios distribueix aliments a les persones amb mobilitat redu\u00efda, a trav\u00e9s de \u2018Creu Roja respon\u2019\"}]},{\"@type\":\"WebSite\",\"@id\":\"https:\\\/\\\/www.fundacionmdp.org\\\/#website\",\"url\":\"https:\\\/\\\/www.fundacionmdp.org\\\/\",\"name\":\"Fundaci\u00f3n Mutua de Propietarios\",\"description\":\"En la Fundaci\u00f3n Mutua de Propietarios te ayudamos a convertir tu edificio de viviendas en un espacio sin barreras arquitect\u00f3nicas.\",\"publisher\":{\"@id\":\"https:\\\/\\\/www.fundacionmdp.org\\\/#organization\"},\"potentialAction\":[{\"@type\":\"SearchAction\",\"target\":{\"@type\":\"EntryPoint\",\"urlTemplate\":\"https:\\\/\\\/www.fundacionmdp.org\\\/?s={search_term_string}\"},\"query-input\":{\"@type\":\"PropertyValueSpecification\",\"valueRequired\":true,\"valueName\":\"search_term_string\"}}],\"inLanguage\":\"ca\"},{\"@type\":\"Organization\",\"@id\":\"https:\\\/\\\/www.fundacionmdp.org\\\/#organization\",\"name\":\"Fundaci\u00f3n Mutua de Propietarios\",\"url\":\"https:\\\/\\\/www.fundacionmdp.org\\\/\",\"logo\":{\"@type\":\"ImageObject\",\"inLanguage\":\"ca\",\"@id\":\"https:\\\/\\\/www.fundacionmdp.org\\\/#\\\/schema\\\/logo\\\/image\\\/\",\"url\":\"https:\\\/\\\/www.fundacionmdp.org\\\/wp-content\\\/uploads\\\/2023\\\/05\\\/logo_FMdP_cat.png\",\"contentUrl\":\"https:\\\/\\\/www.fundacionmdp.org\\\/wp-content\\\/uploads\\\/2023\\\/05\\\/logo_FMdP_cat.png\",\"width\":655,\"height\":297,\"caption\":\"Fundaci\u00f3n Mutua de Propietarios\"},\"image\":{\"@id\":\"https:\\\/\\\/www.fundacionmdp.org\\\/#\\\/schema\\\/logo\\\/image\\\/\"}},{\"@type\":\"Person\",\"@id\":\"https:\\\/\\\/www.fundacionmdp.org\\\/#\\\/schema\\\/person\\\/12f9af801cac25dfcb5a96cb0090f703\",\"name\":\"fundacionmdp\",\"image\":{\"@type\":\"ImageObject\",\"inLanguage\":\"ca\",\"@id\":\"https:\\\/\\\/secure.gravatar.com\\\/avatar\\\/b540f93d1816a14d85e51109d050c3243b98fb660a665f517a6d2597cff3bbed?s=96&d=mm&r=g\",\"url\":\"https:\\\/\\\/secure.gravatar.com\\\/avatar\\\/b540f93d1816a14d85e51109d050c3243b98fb660a665f517a6d2597cff3bbed?s=96&d=mm&r=g\",\"contentUrl\":\"https:\\\/\\\/secure.gravatar.com\\\/avatar\\\/b540f93d1816a14d85e51109d050c3243b98fb660a665f517a6d2597cff3bbed?s=96&d=mm&r=g\",\"caption\":\"fundacionmdp\"},\"sameAs\":[\"http:\\\/\\\/prezuk.com.mialias.net\\\/fundacionmdp\"],\"url\":\"https:\\\/\\\/www.fundacionmdp.org\\\/ca\\\/author\\\/fundacionmdp\\\/\"}]}<\/script>\n<!-- \/ Yoast SEO plugin. -->","yoast_head_json":{"title":"La Fundaci\u00f3n Mutua de Propietarios distribueix aliments a les persones amb mobilitat redu\u00efda, a trav\u00e9s de \u2018Creu Roja respon\u2019 - Fundaci\u00f3n Mutua de Propietarios","robots":{"index":"index","follow":"follow","max-snippet":"max-snippet:-1","max-image-preview":"max-image-preview:large","max-video-preview":"max-video-preview:-1"},"canonical":"https:\/\/www.fundacionmdp.org\/la-fundacion-mutua-de-propietarios-distribuye-alimentos-a-las-personas-con-movilidad-reducida-a-traves-de-cruz-roja-responde\/","og_locale":"ca_ES","og_type":"article","og_title":"La Fundaci\u00f3n Mutua de Propietarios distribueix aliments a les persones amb mobilitat redu\u00efda, a trav\u00e9s de \u2018Creu Roja respon\u2019 - Fundaci\u00f3n Mutua de Propietarios","og_description":"A Espanya, 1,8 milions de persones amb mobilitat redu\u00efda depenen de l\u2019ajuda de tercers per sortir de casa i 100.000 no ho fan mai Davant la dificultat per obtenir ajuda de familiars o amics a causa de l\u2019estat de confinament, la situaci\u00f3 d\u2019aquest col\u00b7lectiu ha empitjorat Madrid, 8 d\u2019abril de 2020.- La Fundaci\u00f3n Mutua de [&hellip;]","og_url":"https:\/\/www.fundacionmdp.org\/la-fundacion-mutua-de-propietarios-distribuye-alimentos-a-las-personas-con-movilidad-reducida-a-traves-de-cruz-roja-responde\/","og_site_name":"Fundaci\u00f3n Mutua de Propietarios","article_published_time":"2020-04-08T13:06:00+00:00","article_modified_time":"2023-05-15T11:23:46+00:00","og_image":[{"width":1184,"height":642,"url":"https:\/\/www.fundacionmdp.org\/wp-content\/uploads\/2023\/05\/campana_COVID.jpg","type":"image\/jpeg"}],"author":"fundacionmdp","twitter_card":"summary_large_image","twitter_misc":{"Escrit per":"fundacionmdp","Temps estimat de lectura":"3 minuts"},"schema":{"@context":"https:\/\/schema.org","@graph":[{"@type":"Article","@id":"https:\/\/www.fundacionmdp.org\/la-fundacion-mutua-de-propietarios-distribuye-alimentos-a-las-personas-con-movilidad-reducida-a-traves-de-cruz-roja-responde\/#article","isPartOf":{"@id":"https:\/\/www.fundacionmdp.org\/la-fundacion-mutua-de-propietarios-distribuye-alimentos-a-las-personas-con-movilidad-reducida-a-traves-de-cruz-roja-responde\/"},"author":{"name":"fundacionmdp","@id":"https:\/\/www.fundacionmdp.org\/#\/schema\/person\/12f9af801cac25dfcb5a96cb0090f703"},"headline":"La Fundaci\u00f3n Mutua de Propietarios distribueix aliments a les persones amb mobilitat redu\u00efda, a trav\u00e9s de \u2018Creu Roja respon\u2019","datePublished":"2020-04-08T13:06:00+00:00","dateModified":"2023-05-15T11:23:46+00:00","mainEntityOfPage":{"@id":"https:\/\/www.fundacionmdp.org\/la-fundacion-mutua-de-propietarios-distribuye-alimentos-a-las-personas-con-movilidad-reducida-a-traves-de-cruz-roja-responde\/"},"wordCount":545,"commentCount":0,"publisher":{"@id":"https:\/\/www.fundacionmdp.org\/#organization"},"image":{"@id":"https:\/\/www.fundacionmdp.org\/la-fundacion-mutua-de-propietarios-distribuye-alimentos-a-las-personas-con-movilidad-reducida-a-traves-de-cruz-roja-responde\/#primaryimage"},"thumbnailUrl":"https:\/\/www.fundacionmdp.org\/wp-content\/uploads\/2023\/05\/campana_COVID.jpg","articleSection":["Sin categorizar"],"inLanguage":"ca","potentialAction":[{"@type":"CommentAction","name":"Comment","target":["https:\/\/www.fundacionmdp.org\/la-fundacion-mutua-de-propietarios-distribuye-alimentos-a-las-personas-con-movilidad-reducida-a-traves-de-cruz-roja-responde\/#respond"]}]},{"@type":"WebPage","@id":"https:\/\/www.fundacionmdp.org\/la-fundacion-mutua-de-propietarios-distribuye-alimentos-a-las-personas-con-movilidad-reducida-a-traves-de-cruz-roja-responde\/","url":"https:\/\/www.fundacionmdp.org\/la-fundacion-mutua-de-propietarios-distribuye-alimentos-a-las-personas-con-movilidad-reducida-a-traves-de-cruz-roja-responde\/","name":"La Fundaci\u00f3n Mutua de Propietarios distribueix aliments a les persones amb mobilitat redu\u00efda, a trav\u00e9s de \u2018Creu Roja respon\u2019 - Fundaci\u00f3n Mutua de Propietarios","isPartOf":{"@id":"https:\/\/www.fundacionmdp.org\/#website"},"primaryImageOfPage":{"@id":"https:\/\/www.fundacionmdp.org\/la-fundacion-mutua-de-propietarios-distribuye-alimentos-a-las-personas-con-movilidad-reducida-a-traves-de-cruz-roja-responde\/#primaryimage"},"image":{"@id":"https:\/\/www.fundacionmdp.org\/la-fundacion-mutua-de-propietarios-distribuye-alimentos-a-las-personas-con-movilidad-reducida-a-traves-de-cruz-roja-responde\/#primaryimage"},"thumbnailUrl":"https:\/\/www.fundacionmdp.org\/wp-content\/uploads\/2023\/05\/campana_COVID.jpg","datePublished":"2020-04-08T13:06:00+00:00","dateModified":"2023-05-15T11:23:46+00:00","breadcrumb":{"@id":"https:\/\/www.fundacionmdp.org\/la-fundacion-mutua-de-propietarios-distribuye-alimentos-a-las-personas-con-movilidad-reducida-a-traves-de-cruz-roja-responde\/#breadcrumb"},"inLanguage":"ca","potentialAction":[{"@type":"ReadAction","target":["https:\/\/www.fundacionmdp.org\/la-fundacion-mutua-de-propietarios-distribuye-alimentos-a-las-personas-con-movilidad-reducida-a-traves-de-cruz-roja-responde\/"]}]},{"@type":"ImageObject","inLanguage":"ca","@id":"https:\/\/www.fundacionmdp.org\/la-fundacion-mutua-de-propietarios-distribuye-alimentos-a-las-personas-con-movilidad-reducida-a-traves-de-cruz-roja-responde\/#primaryimage","url":"https:\/\/www.fundacionmdp.org\/wp-content\/uploads\/2023\/05\/campana_COVID.jpg","contentUrl":"https:\/\/www.fundacionmdp.org\/wp-content\/uploads\/2023\/05\/campana_COVID.jpg","width":1184,"height":642},{"@type":"BreadcrumbList","@id":"https:\/\/www.fundacionmdp.org\/la-fundacion-mutua-de-propietarios-distribuye-alimentos-a-las-personas-con-movilidad-reducida-a-traves-de-cruz-roja-responde\/#breadcrumb","itemListElement":[{"@type":"ListItem","position":1,"name":"Home","item":"https:\/\/www.fundacionmdp.org\/ca\/"},{"@type":"ListItem","position":2,"name":"La Fundaci\u00f3n Mutua de Propietarios distribueix aliments a les persones amb mobilitat redu\u00efda, a trav\u00e9s de \u2018Creu Roja respon\u2019"}]},{"@type":"WebSite","@id":"https:\/\/www.fundacionmdp.org\/#website","url":"https:\/\/www.fundacionmdp.org\/","name":"Fundaci\u00f3n Mutua de Propietarios","description":"En la Fundaci\u00f3n Mutua de Propietarios te ayudamos a convertir tu edificio de viviendas en un espacio sin barreras arquitect\u00f3nicas.","publisher":{"@id":"https:\/\/www.fundacionmdp.org\/#organization"},"potentialAction":[{"@type":"SearchAction","target":{"@type":"EntryPoint","urlTemplate":"https:\/\/www.fundacionmdp.org\/?s={search_term_string}"},"query-input":{"@type":"PropertyValueSpecification","valueRequired":true,"valueName":"search_term_string"}}],"inLanguage":"ca"},{"@type":"Organization","@id":"https:\/\/www.fundacionmdp.org\/#organization","name":"Fundaci\u00f3n Mutua de Propietarios","url":"https:\/\/www.fundacionmdp.org\/","logo":{"@type":"ImageObject","inLanguage":"ca","@id":"https:\/\/www.fundacionmdp.org\/#\/schema\/logo\/image\/","url":"https:\/\/www.fundacionmdp.org\/wp-content\/uploads\/2023\/05\/logo_FMdP_cat.png","contentUrl":"https:\/\/www.fundacionmdp.org\/wp-content\/uploads\/2023\/05\/logo_FMdP_cat.png","width":655,"height":297,"caption":"Fundaci\u00f3n Mutua de Propietarios"},"image":{"@id":"https:\/\/www.fundacionmdp.org\/#\/schema\/logo\/image\/"}},{"@type":"Person","@id":"https:\/\/www.fundacionmdp.org\/#\/schema\/person\/12f9af801cac25dfcb5a96cb0090f703","name":"fundacionmdp","image":{"@type":"ImageObject","inLanguage":"ca","@id":"https:\/\/secure.gravatar.com\/avatar\/b540f93d1816a14d85e51109d050c3243b98fb660a665f517a6d2597cff3bbed?s=96&d=mm&r=g","url":"https:\/\/secure.gravatar.com\/avatar\/b540f93d1816a14d85e51109d050c3243b98fb660a665f517a6d2597cff3bbed?s=96&d=mm&r=g","contentUrl":"https:\/\/secure.gravatar.com\/avatar\/b540f93d1816a14d85e51109d050c3243b98fb660a665f517a6d2597cff3bbed?s=96&d=mm&r=g","caption":"fundacionmdp"},"sameAs":["http:\/\/prezuk.com.mialias.net\/fundacionmdp"],"url":"https:\/\/www.fundacionmdp.org\/ca\/author\/fundacionmdp\/"}]}},"_links":{"self":[{"href":"https:\/\/www.fundacionmdp.org\/ca\/wp-json\/wp\/v2\/posts\/7297","targetHints":{"allow":["GET"]}}],"collection":[{"href":"https:\/\/www.fundacionmdp.org\/ca\/wp-json\/wp\/v2\/posts"}],"about":[{"href":"https:\/\/www.fundacionmdp.org\/ca\/wp-json\/wp\/v2\/types\/post"}],"author":[{"embeddable":true,"href":"https:\/\/www.fundacionmdp.org\/ca\/wp-json\/wp\/v2\/users\/1"}],"replies":[{"embeddable":true,"href":"https:\/\/www.fundacionmdp.org\/ca\/wp-json\/wp\/v2\/comments?post=7297"}],"version-history":[{"count":4,"href":"https:\/\/www.fundacionmdp.org\/ca\/wp-json\/wp\/v2\/posts\/7297\/revisions"}],"predecessor-version":[{"id":7304,"href":"https:\/\/www.fundacionmdp.org\/ca\/wp-json\/wp\/v2\/posts\/7297\/revisions\/7304"}],"wp:featuredmedia":[{"embeddable":true,"href":"https:\/\/www.fundacionmdp.org\/ca\/wp-json\/wp\/v2\/media\/6545"}],"wp:attachment":[{"href":"https:\/\/www.fundacionmdp.org\/ca\/wp-json\/wp\/v2\/media?parent=7297"}],"wp:term":[{"taxonomy":"category","embeddable":true,"href":"https:\/\/www.fundacionmdp.org\/ca\/wp-json\/wp\/v2\/categories?post=7297"},{"taxonomy":"post_tag","embeddable":true,"href":"https:\/\/www.fundacionmdp.org\/ca\/wp-json\/wp\/v2\/tags?post=7297"}],"curies":[{"name":"wp","href":"https:\/\/api.w.org\/{rel}","templated":true}]}}