{"id":7305,"date":"2020-06-04T13:08:00","date_gmt":"2020-06-04T13:08:00","guid":{"rendered":"http:\/\/prezuk.com.mialias.net\/fundacionmdp\/la-fundacio-mutua-de-propietarios-busca-als-superveins-de-lestat-de-confinament\/"},"modified":"2023-05-15T11:25:18","modified_gmt":"2023-05-15T11:25:18","slug":"la-fundacio-mutua-de-propietarios-busca-als-superveins-de-lestat-de-confinament","status":"publish","type":"post","link":"https:\/\/www.fundacionmdp.org\/ca\/la-fundacio-mutua-de-propietarios-busca-als-superveins-de-lestat-de-confinament\/","title":{"rendered":"La Fundaci\u00f3 M\u00fatua de Propietarios busca als \u2018SUPERVE\u00cfNS\u2019 de l\u2019estat de confinament"},"content":{"rendered":"\t\t<div data-elementor-type=\"wp-post\" data-elementor-id=\"7305\" class=\"elementor elementor-7305 elementor-2483\">\n\t\t\t\t<div class=\"elementor-element elementor-element-f3c73f2 e-flex e-con-boxed e-con e-parent\" data-id=\"f3c73f2\" data-element_type=\"container\" data-e-type=\"container\">\n\t\t\t\t\t<div class=\"e-con-inner\">\n\t\t\t\t<div class=\"elementor-element elementor-element-4a886e5 elementor-widget elementor-widget-text-editor\" data-id=\"4a886e5\" data-element_type=\"widget\" data-e-type=\"widget\" data-widget_type=\"text-editor.default\">\n\t\t\t\t<div class=\"elementor-widget-container\">\n\t\t\t\t\t\t\t\t\t<p><strong>La iniciativa # M\u00e1sSupervecinosQueNunca vol recon\u00e8ixer les accions que han contribu\u00eft a facilitar la vida de les persones amb mobilitat redu\u00efda durant aquest per\u00edode.<\/strong><\/p><p><strong>La quarantena ens ha fet reflexionar sobre la situaci\u00f3 dels 100.000 espanyols amb mobilitat redu\u00efda que no poden sortir de casa per la falta d\u2019accessibilitat del seu edifici<\/strong><br \/><br \/><strong>Madrid, 2 de juny 2020.-<\/strong> La quarantena provocada per la crisi del coronavirus ens ha for\u00e7at a viure la situaci\u00f3 que di\u00e0riament viuen els m\u00e9s de 100.000 espanyols que no surten mai de casa i, alhora, ha mostrat el costat solidari de moltes persones que s\u2019han esfor\u00e7at per fer m\u00e9s f\u00e0cil la vida dels seus ve\u00efns, especialment als majors o als que tenen mobilitat redu\u00efda.<\/p><p>Per recon\u00e8ixer els projectes solidaris nascuts en aquest context, la Fundaci\u00f3 M\u00fatua de Propietaris ha adaptat la seva iniciativa \u2018Supervecinos\u2019 a la situaci\u00f3 actual donant com a fruit #M\u00e1sSupervecinosQueNunca, una nova campanya que reconeixer\u00e0 i premiar\u00e0 la iniciativa solid\u00e0ria m\u00e9s votada per la seva contribuci\u00f3 a millorar la vida de les persones amb mobilitat redu\u00efda que s\u2019han vist obligades a viure el confinament amb aquestes dificultats afegides que comporta tenir dificultat per despla\u00e7ar-se.<br \/>A partir d\u2019avui, la web <a href=\"https:\/\/www.supervecinos.es\/\"> http:\/\/www.supervecinos.es <\/a> inclour\u00e0 en el seu home els projectes i accions nascudes durant aquests mesos de confinament amb l\u2019objectiu d\u2019ajudar, acompanyar o entretenir persones amb mobilitat redu\u00efda, oferint als usuaris la possibilitat de presentar les candidatures d\u2019aquelles iniciatives que considerin que han de ser valorades.<\/p><p>\u201cAmb aquesta nova campanya, la Fundaci\u00f3 M\u00fatua de Propietarios vol donar visibilitat i premiar els \u2018Supervecinos\u2019 que han facilitat que el confinament sigui una mica m\u00e9s suportable per als 2,5 milions de persones amb mobilitat redu\u00efda\u201d, explica Laura L\u00f3pez Demarbre, vicepresidenta de la Fundaci\u00f3 M\u00fatua de Propietarios.<\/p><p>\u201cEl confinament ha complicat la situaci\u00f3 d\u2019aquestes persones posicionant en una aut\u00e8ntica situaci\u00f3 de vulnerabilitat, especialment en el cas d\u2019aquelles amb edat avan\u00e7ada o amb patologies pr\u00e8vies, factors de risc enfront de la COVID19\u201d, assegura L\u00f3pez Demarbre. Una posici\u00f3 que s\u2019ha agreujat per l\u2019abs\u00e8ncia d\u2019aquesta ajuda de familiars i amics amb qu\u00e8 comptaven per poder sortir de casa o realitzar les seves rutines i que, a m\u00e9s, pot provocar que l\u2019estat d\u2019\u00e0nim decaigui.<\/p><p><strong>La campanya \u2018<em>Supervecinos<\/em>\u2018 <\/strong><\/p><p>Al 2019, la Fundaci\u00f3 M\u00fatua de Propietarios, l\u2019objectiu \u00e9s millorar l\u2019accessibilitat dels edificis i dels habitatges, es va proposar donar veu a totes aquelles persones que, a causa de les dificultats per sortir de casa, s\u2019han tornat \u2018invisibles\u2019 per als seus ve\u00efns.<\/p><p>Partint de l\u2019informe \u201c<a href=\"https:\/\/www.fundacionmdp.org\/notice\/presentacion-del-estudio-de-movilidad-reducidad-y-accesibilidad\/\">Mobilitat redu\u00efda i accessibilitat a l\u2019edifici<\/a>\u201c, la Fundaci\u00f3 M\u00fatua de Propietarios va posar en marxa un \u2018experiment social\u2019 en una comunitat de ve\u00efns residents en un immoble no accessible. La seva ve\u00efna Andrea -de 71 anys, amb Parkinson, en cadira de rodes- va ser la cara de la campanya. La creu, les barreres arquitect\u00f2niques del seu edifici: els quatre trams d\u2019escales que la converteixen en presonera de casa.<\/p><p>L\u2019objectiu de la iniciativa \u2018Supervecinos\u2019 \u00e9s fer-nos reflexionar. Potser en el nostre edifici hi hagi algun ve\u00ed amb mobilitat redu\u00efda i, potser, puguem ajudar-lo. A m\u00e9s, tamb\u00e9 constitueix una petici\u00f3 a les administracions p\u00fabliques perqu\u00e8 destinin fons a l\u2019adaptaci\u00f3 dels immobles, i un recordatori a les comunitats de propietaris de la seva obligaci\u00f3 amb les persones amb discapacitat o mobilitat redu\u00efda residents a la finca.<\/p>\t\t\t\t\t\t\t\t<\/div>\n\t\t\t\t<\/div>\n\t\t\t\t\t<\/div>\n\t\t\t\t<\/div>\n\t\t<div class=\"elementor-element elementor-element-b85feb4 e-flex e-con-boxed e-con e-parent\" data-id=\"b85feb4\" data-element_type=\"container\" data-e-type=\"container\">\n\t\t\t\t\t<div class=\"e-con-inner\">\n\t\t\t\t<div class=\"elementor-element elementor-element-e22d8fd elementor-widget elementor-widget-image\" data-id=\"e22d8fd\" data-element_type=\"widget\" data-e-type=\"widget\" data-widget_type=\"image.default\">\n\t\t\t\t<div class=\"elementor-widget-container\">\n\t\t\t\t\t\t\t\t\t\t\t\t\t\t\t<img fetchpriority=\"high\" decoding=\"async\" width=\"1024\" height=\"512\" src=\"https:\/\/www.fundacionmdp.org\/wp-content\/uploads\/2023\/05\/SP_Jun20_1920x960-scaled-1-1024x512.jpg\" class=\"attachment-large size-large wp-image-6546\" alt=\"\" srcset=\"https:\/\/www.fundacionmdp.org\/wp-content\/uploads\/2023\/05\/SP_Jun20_1920x960-scaled-1-1024x512.jpg 1024w, https:\/\/www.fundacionmdp.org\/wp-content\/uploads\/2023\/05\/SP_Jun20_1920x960-scaled-1-300x150.jpg 300w, https:\/\/www.fundacionmdp.org\/wp-content\/uploads\/2023\/05\/SP_Jun20_1920x960-scaled-1-768x384.jpg 768w, https:\/\/www.fundacionmdp.org\/wp-content\/uploads\/2023\/05\/SP_Jun20_1920x960-scaled-1-1536x768.jpg 1536w, https:\/\/www.fundacionmdp.org\/wp-content\/uploads\/2023\/05\/SP_Jun20_1920x960-scaled-1-2048x1024.jpg 2048w\" sizes=\"(max-width: 1024px) 100vw, 1024px\" \/>\t\t\t\t\t\t\t\t\t\t\t\t\t\t\t<\/div>\n\t\t\t\t<\/div>\n\t\t\t\t\t<\/div>\n\t\t\t\t<\/div>\n\t\t\t\t<\/div>\n\t\t","protected":false},"excerpt":{"rendered":"<p>La iniciativa # M\u00e1sSupervecinosQueNunca vol recon\u00e8ixer les accions que han contribu\u00eft a facilitar la vida de les persones amb mobilitat redu\u00efda durant aquest per\u00edode. La quarantena ens ha fet reflexionar sobre la situaci\u00f3 dels 100.000 espanyols amb mobilitat redu\u00efda que no poden sortir de casa per la falta d\u2019accessibilitat del seu edifici Madrid, 2 de [&hellip;]<\/p>\n","protected":false},"author":1,"featured_media":6546,"comment_status":"open","ping_status":"open","sticky":false,"template":"","format":"standard","meta":{"_acf_changed":false,"ocean_post_layout":"","ocean_both_sidebars_style":"","ocean_both_sidebars_content_width":0,"ocean_both_sidebars_sidebars_width":0,"ocean_sidebar":"0","ocean_second_sidebar":"0","ocean_disable_margins":"enable","ocean_add_body_class":"","ocean_shortcode_before_top_bar":"","ocean_shortcode_after_top_bar":"","ocean_shortcode_before_header":"","ocean_shortcode_after_header":"","ocean_has_shortcode":"","ocean_shortcode_after_title":"","ocean_shortcode_before_footer_widgets":"","ocean_shortcode_after_footer_widgets":"","ocean_shortcode_before_footer_bottom":"","ocean_shortcode_after_footer_bottom":"","ocean_display_top_bar":"default","ocean_display_header":"default","ocean_header_style":"","ocean_center_header_left_menu":"0","ocean_custom_header_template":"0","ocean_custom_logo":0,"ocean_custom_retina_logo":0,"ocean_custom_logo_max_width":0,"ocean_custom_logo_tablet_max_width":0,"ocean_custom_logo_mobile_max_width":0,"ocean_custom_logo_max_height":0,"ocean_custom_logo_tablet_max_height":0,"ocean_custom_logo_mobile_max_height":0,"ocean_header_custom_menu":"0","ocean_menu_typo_font_family":"0","ocean_menu_typo_font_subset":"","ocean_menu_typo_font_size":0,"ocean_menu_typo_font_size_tablet":0,"ocean_menu_typo_font_size_mobile":0,"ocean_menu_typo_font_size_unit":"px","ocean_menu_typo_font_weight":"","ocean_menu_typo_font_weight_tablet":"","ocean_menu_typo_font_weight_mobile":"","ocean_menu_typo_transform":"","ocean_menu_typo_transform_tablet":"","ocean_menu_typo_transform_mobile":"","ocean_menu_typo_line_height":0,"ocean_menu_typo_line_height_tablet":0,"ocean_menu_typo_line_height_mobile":0,"ocean_menu_typo_line_height_unit":"","ocean_menu_typo_spacing":0,"ocean_menu_typo_spacing_tablet":0,"ocean_menu_typo_spacing_mobile":0,"ocean_menu_typo_spacing_unit":"","ocean_menu_link_color":"","ocean_menu_link_color_hover":"","ocean_menu_link_color_active":"","ocean_menu_link_background":"","ocean_menu_link_hover_background":"","ocean_menu_link_active_background":"","ocean_menu_social_links_bg":"","ocean_menu_social_hover_links_bg":"","ocean_menu_social_links_color":"","ocean_menu_social_hover_links_color":"","ocean_disable_title":"default","ocean_disable_heading":"default","ocean_post_title":"","ocean_post_subheading":"","ocean_post_title_style":"","ocean_post_title_background_color":"","ocean_post_title_background":0,"ocean_post_title_bg_image_position":"","ocean_post_title_bg_image_attachment":"","ocean_post_title_bg_image_repeat":"","ocean_post_title_bg_image_size":"","ocean_post_title_height":0,"ocean_post_title_bg_overlay":0.5,"ocean_post_title_bg_overlay_color":"","ocean_disable_breadcrumbs":"default","ocean_breadcrumbs_color":"","ocean_breadcrumbs_separator_color":"","ocean_breadcrumbs_links_color":"","ocean_breadcrumbs_links_hover_color":"","ocean_display_footer_widgets":"default","ocean_display_footer_bottom":"default","ocean_custom_footer_template":"0","ocean_post_oembed":"","ocean_post_self_hosted_media":"","ocean_post_video_embed":"","ocean_link_format":"","ocean_link_format_target":"self","ocean_quote_format":"","ocean_quote_format_link":"post","ocean_gallery_link_images":"on","ocean_gallery_id":[],"footnotes":""},"categories":[1],"tags":[],"class_list":["post-7305","post","type-post","status-publish","format-standard","has-post-thumbnail","hentry","category-sin-categorizar","entry","has-media"],"acf":[],"yoast_head":"<!-- This site is optimized with the Yoast SEO plugin v27.3 - https:\/\/yoast.com\/product\/yoast-seo-wordpress\/ -->\n<title>La Fundaci\u00f3 M\u00fatua de Propietarios busca als \u2018SUPERVE\u00cfNS\u2019 de l\u2019estat de confinament - Fundaci\u00f3n Mutua de Propietarios<\/title>\n<meta name=\"robots\" content=\"index, follow, max-snippet:-1, max-image-preview:large, max-video-preview:-1\" \/>\n<link rel=\"canonical\" href=\"https:\/\/www.fundacionmdp.org\/ca\/la-fundacio-mutua-de-propietarios-busca-als-superveins-de-lestat-de-confinament\/\" \/>\n<meta property=\"og:locale\" content=\"ca_ES\" \/>\n<meta property=\"og:type\" content=\"article\" \/>\n<meta property=\"og:title\" content=\"La Fundaci\u00f3 M\u00fatua de Propietarios busca als \u2018SUPERVE\u00cfNS\u2019 de l\u2019estat de confinament - Fundaci\u00f3n Mutua de Propietarios\" \/>\n<meta property=\"og:description\" content=\"La iniciativa # M\u00e1sSupervecinosQueNunca vol recon\u00e8ixer les accions que han contribu\u00eft a facilitar la vida de les persones amb mobilitat redu\u00efda durant aquest per\u00edode. La quarantena ens ha fet reflexionar sobre la situaci\u00f3 dels 100.000 espanyols amb mobilitat redu\u00efda que no poden sortir de casa per la falta d\u2019accessibilitat del seu edifici Madrid, 2 de [&hellip;]\" \/>\n<meta property=\"og:url\" content=\"https:\/\/www.fundacionmdp.org\/ca\/la-fundacio-mutua-de-propietarios-busca-als-superveins-de-lestat-de-confinament\/\" \/>\n<meta property=\"og:site_name\" content=\"Fundaci\u00f3n Mutua de Propietarios\" \/>\n<meta property=\"article:published_time\" content=\"2020-06-04T13:08:00+00:00\" \/>\n<meta property=\"article:modified_time\" content=\"2023-05-15T11:25:18+00:00\" \/>\n<meta property=\"og:image\" content=\"https:\/\/www.fundacionmdp.org\/wp-content\/uploads\/2023\/05\/SP_Jun20_1920x960-scaled-1.jpg\" \/>\n\t<meta property=\"og:image:width\" content=\"2560\" \/>\n\t<meta property=\"og:image:height\" content=\"1280\" \/>\n\t<meta property=\"og:image:type\" content=\"image\/jpeg\" \/>\n<meta name=\"author\" content=\"fundacionmdp\" \/>\n<meta name=\"twitter:card\" content=\"summary_large_image\" \/>\n<meta name=\"twitter:label1\" content=\"Escrit per\" \/>\n\t<meta name=\"twitter:data1\" content=\"fundacionmdp\" \/>\n\t<meta name=\"twitter:label2\" content=\"Temps estimat de lectura\" \/>\n\t<meta name=\"twitter:data2\" content=\"3 minuts\" \/>\n<script type=\"application\/ld+json\" class=\"yoast-schema-graph\">{\"@context\":\"https:\\\/\\\/schema.org\",\"@graph\":[{\"@type\":\"Article\",\"@id\":\"https:\\\/\\\/www.fundacionmdp.org\\\/ca\\\/la-fundacio-mutua-de-propietarios-busca-als-superveins-de-lestat-de-confinament\\\/#article\",\"isPartOf\":{\"@id\":\"https:\\\/\\\/www.fundacionmdp.org\\\/ca\\\/la-fundacio-mutua-de-propietarios-busca-als-superveins-de-lestat-de-confinament\\\/\"},\"author\":{\"name\":\"fundacionmdp\",\"@id\":\"https:\\\/\\\/www.fundacionmdp.org\\\/#\\\/schema\\\/person\\\/12f9af801cac25dfcb5a96cb0090f703\"},\"headline\":\"La Fundaci\u00f3 M\u00fatua de Propietarios busca als \u2018SUPERVE\u00cfNS\u2019 de l\u2019estat de confinament\",\"datePublished\":\"2020-06-04T13:08:00+00:00\",\"dateModified\":\"2023-05-15T11:25:18+00:00\",\"mainEntityOfPage\":{\"@id\":\"https:\\\/\\\/www.fundacionmdp.org\\\/ca\\\/la-fundacio-mutua-de-propietarios-busca-als-superveins-de-lestat-de-confinament\\\/\"},\"wordCount\":617,\"commentCount\":0,\"publisher\":{\"@id\":\"https:\\\/\\\/www.fundacionmdp.org\\\/#organization\"},\"image\":{\"@id\":\"https:\\\/\\\/www.fundacionmdp.org\\\/ca\\\/la-fundacio-mutua-de-propietarios-busca-als-superveins-de-lestat-de-confinament\\\/#primaryimage\"},\"thumbnailUrl\":\"https:\\\/\\\/www.fundacionmdp.org\\\/wp-content\\\/uploads\\\/2023\\\/05\\\/SP_Jun20_1920x960-scaled-1.jpg\",\"articleSection\":[\"Sin categorizar\"],\"inLanguage\":\"ca\",\"potentialAction\":[{\"@type\":\"CommentAction\",\"name\":\"Comment\",\"target\":[\"https:\\\/\\\/www.fundacionmdp.org\\\/ca\\\/la-fundacio-mutua-de-propietarios-busca-als-superveins-de-lestat-de-confinament\\\/#respond\"]}]},{\"@type\":\"WebPage\",\"@id\":\"https:\\\/\\\/www.fundacionmdp.org\\\/ca\\\/la-fundacio-mutua-de-propietarios-busca-als-superveins-de-lestat-de-confinament\\\/\",\"url\":\"https:\\\/\\\/www.fundacionmdp.org\\\/ca\\\/la-fundacio-mutua-de-propietarios-busca-als-superveins-de-lestat-de-confinament\\\/\",\"name\":\"La Fundaci\u00f3 M\u00fatua de Propietarios busca als \u2018SUPERVE\u00cfNS\u2019 de l\u2019estat de confinament - Fundaci\u00f3n Mutua de Propietarios\",\"isPartOf\":{\"@id\":\"https:\\\/\\\/www.fundacionmdp.org\\\/#website\"},\"primaryImageOfPage\":{\"@id\":\"https:\\\/\\\/www.fundacionmdp.org\\\/ca\\\/la-fundacio-mutua-de-propietarios-busca-als-superveins-de-lestat-de-confinament\\\/#primaryimage\"},\"image\":{\"@id\":\"https:\\\/\\\/www.fundacionmdp.org\\\/ca\\\/la-fundacio-mutua-de-propietarios-busca-als-superveins-de-lestat-de-confinament\\\/#primaryimage\"},\"thumbnailUrl\":\"https:\\\/\\\/www.fundacionmdp.org\\\/wp-content\\\/uploads\\\/2023\\\/05\\\/SP_Jun20_1920x960-scaled-1.jpg\",\"datePublished\":\"2020-06-04T13:08:00+00:00\",\"dateModified\":\"2023-05-15T11:25:18+00:00\",\"breadcrumb\":{\"@id\":\"https:\\\/\\\/www.fundacionmdp.org\\\/ca\\\/la-fundacio-mutua-de-propietarios-busca-als-superveins-de-lestat-de-confinament\\\/#breadcrumb\"},\"inLanguage\":\"ca\",\"potentialAction\":[{\"@type\":\"ReadAction\",\"target\":[\"https:\\\/\\\/www.fundacionmdp.org\\\/ca\\\/la-fundacio-mutua-de-propietarios-busca-als-superveins-de-lestat-de-confinament\\\/\"]}]},{\"@type\":\"ImageObject\",\"inLanguage\":\"ca\",\"@id\":\"https:\\\/\\\/www.fundacionmdp.org\\\/ca\\\/la-fundacio-mutua-de-propietarios-busca-als-superveins-de-lestat-de-confinament\\\/#primaryimage\",\"url\":\"https:\\\/\\\/www.fundacionmdp.org\\\/wp-content\\\/uploads\\\/2023\\\/05\\\/SP_Jun20_1920x960-scaled-1.jpg\",\"contentUrl\":\"https:\\\/\\\/www.fundacionmdp.org\\\/wp-content\\\/uploads\\\/2023\\\/05\\\/SP_Jun20_1920x960-scaled-1.jpg\",\"width\":2560,\"height\":1280},{\"@type\":\"BreadcrumbList\",\"@id\":\"https:\\\/\\\/www.fundacionmdp.org\\\/ca\\\/la-fundacio-mutua-de-propietarios-busca-als-superveins-de-lestat-de-confinament\\\/#breadcrumb\",\"itemListElement\":[{\"@type\":\"ListItem\",\"position\":1,\"name\":\"Home\",\"item\":\"https:\\\/\\\/www.fundacionmdp.org\\\/ca\\\/\"},{\"@type\":\"ListItem\",\"position\":2,\"name\":\"La Fundaci\u00f3 M\u00fatua de Propietarios busca als \u2018SUPERVE\u00cfNS\u2019 de l\u2019estat de confinament\"}]},{\"@type\":\"WebSite\",\"@id\":\"https:\\\/\\\/www.fundacionmdp.org\\\/#website\",\"url\":\"https:\\\/\\\/www.fundacionmdp.org\\\/\",\"name\":\"Fundaci\u00f3n Mutua de Propietarios\",\"description\":\"En la Fundaci\u00f3n Mutua de Propietarios te ayudamos a convertir tu edificio de viviendas en un espacio sin barreras arquitect\u00f3nicas.\",\"publisher\":{\"@id\":\"https:\\\/\\\/www.fundacionmdp.org\\\/#organization\"},\"potentialAction\":[{\"@type\":\"SearchAction\",\"target\":{\"@type\":\"EntryPoint\",\"urlTemplate\":\"https:\\\/\\\/www.fundacionmdp.org\\\/?s={search_term_string}\"},\"query-input\":{\"@type\":\"PropertyValueSpecification\",\"valueRequired\":true,\"valueName\":\"search_term_string\"}}],\"inLanguage\":\"ca\"},{\"@type\":\"Organization\",\"@id\":\"https:\\\/\\\/www.fundacionmdp.org\\\/#organization\",\"name\":\"Fundaci\u00f3n Mutua de Propietarios\",\"url\":\"https:\\\/\\\/www.fundacionmdp.org\\\/\",\"logo\":{\"@type\":\"ImageObject\",\"inLanguage\":\"ca\",\"@id\":\"https:\\\/\\\/www.fundacionmdp.org\\\/#\\\/schema\\\/logo\\\/image\\\/\",\"url\":\"https:\\\/\\\/www.fundacionmdp.org\\\/wp-content\\\/uploads\\\/2023\\\/05\\\/logo_FMdP_cat.png\",\"contentUrl\":\"https:\\\/\\\/www.fundacionmdp.org\\\/wp-content\\\/uploads\\\/2023\\\/05\\\/logo_FMdP_cat.png\",\"width\":655,\"height\":297,\"caption\":\"Fundaci\u00f3n Mutua de Propietarios\"},\"image\":{\"@id\":\"https:\\\/\\\/www.fundacionmdp.org\\\/#\\\/schema\\\/logo\\\/image\\\/\"}},{\"@type\":\"Person\",\"@id\":\"https:\\\/\\\/www.fundacionmdp.org\\\/#\\\/schema\\\/person\\\/12f9af801cac25dfcb5a96cb0090f703\",\"name\":\"fundacionmdp\",\"image\":{\"@type\":\"ImageObject\",\"inLanguage\":\"ca\",\"@id\":\"https:\\\/\\\/secure.gravatar.com\\\/avatar\\\/b540f93d1816a14d85e51109d050c3243b98fb660a665f517a6d2597cff3bbed?s=96&d=mm&r=g\",\"url\":\"https:\\\/\\\/secure.gravatar.com\\\/avatar\\\/b540f93d1816a14d85e51109d050c3243b98fb660a665f517a6d2597cff3bbed?s=96&d=mm&r=g\",\"contentUrl\":\"https:\\\/\\\/secure.gravatar.com\\\/avatar\\\/b540f93d1816a14d85e51109d050c3243b98fb660a665f517a6d2597cff3bbed?s=96&d=mm&r=g\",\"caption\":\"fundacionmdp\"},\"sameAs\":[\"http:\\\/\\\/prezuk.com.mialias.net\\\/fundacionmdp\"],\"url\":\"https:\\\/\\\/www.fundacionmdp.org\\\/ca\\\/author\\\/fundacionmdp\\\/\"}]}<\/script>\n<!-- \/ Yoast SEO plugin. -->","yoast_head_json":{"title":"La Fundaci\u00f3 M\u00fatua de Propietarios busca als \u2018SUPERVE\u00cfNS\u2019 de l\u2019estat de confinament - Fundaci\u00f3n Mutua de Propietarios","robots":{"index":"index","follow":"follow","max-snippet":"max-snippet:-1","max-image-preview":"max-image-preview:large","max-video-preview":"max-video-preview:-1"},"canonical":"https:\/\/www.fundacionmdp.org\/ca\/la-fundacio-mutua-de-propietarios-busca-als-superveins-de-lestat-de-confinament\/","og_locale":"ca_ES","og_type":"article","og_title":"La Fundaci\u00f3 M\u00fatua de Propietarios busca als \u2018SUPERVE\u00cfNS\u2019 de l\u2019estat de confinament - Fundaci\u00f3n Mutua de Propietarios","og_description":"La iniciativa # M\u00e1sSupervecinosQueNunca vol recon\u00e8ixer les accions que han contribu\u00eft a facilitar la vida de les persones amb mobilitat redu\u00efda durant aquest per\u00edode. La quarantena ens ha fet reflexionar sobre la situaci\u00f3 dels 100.000 espanyols amb mobilitat redu\u00efda que no poden sortir de casa per la falta d\u2019accessibilitat del seu edifici Madrid, 2 de [&hellip;]","og_url":"https:\/\/www.fundacionmdp.org\/ca\/la-fundacio-mutua-de-propietarios-busca-als-superveins-de-lestat-de-confinament\/","og_site_name":"Fundaci\u00f3n Mutua de Propietarios","article_published_time":"2020-06-04T13:08:00+00:00","article_modified_time":"2023-05-15T11:25:18+00:00","og_image":[{"width":2560,"height":1280,"url":"https:\/\/www.fundacionmdp.org\/wp-content\/uploads\/2023\/05\/SP_Jun20_1920x960-scaled-1.jpg","type":"image\/jpeg"}],"author":"fundacionmdp","twitter_card":"summary_large_image","twitter_misc":{"Escrit per":"fundacionmdp","Temps estimat de lectura":"3 minuts"},"schema":{"@context":"https:\/\/schema.org","@graph":[{"@type":"Article","@id":"https:\/\/www.fundacionmdp.org\/ca\/la-fundacio-mutua-de-propietarios-busca-als-superveins-de-lestat-de-confinament\/#article","isPartOf":{"@id":"https:\/\/www.fundacionmdp.org\/ca\/la-fundacio-mutua-de-propietarios-busca-als-superveins-de-lestat-de-confinament\/"},"author":{"name":"fundacionmdp","@id":"https:\/\/www.fundacionmdp.org\/#\/schema\/person\/12f9af801cac25dfcb5a96cb0090f703"},"headline":"La Fundaci\u00f3 M\u00fatua de Propietarios busca als \u2018SUPERVE\u00cfNS\u2019 de l\u2019estat de confinament","datePublished":"2020-06-04T13:08:00+00:00","dateModified":"2023-05-15T11:25:18+00:00","mainEntityOfPage":{"@id":"https:\/\/www.fundacionmdp.org\/ca\/la-fundacio-mutua-de-propietarios-busca-als-superveins-de-lestat-de-confinament\/"},"wordCount":617,"commentCount":0,"publisher":{"@id":"https:\/\/www.fundacionmdp.org\/#organization"},"image":{"@id":"https:\/\/www.fundacionmdp.org\/ca\/la-fundacio-mutua-de-propietarios-busca-als-superveins-de-lestat-de-confinament\/#primaryimage"},"thumbnailUrl":"https:\/\/www.fundacionmdp.org\/wp-content\/uploads\/2023\/05\/SP_Jun20_1920x960-scaled-1.jpg","articleSection":["Sin categorizar"],"inLanguage":"ca","potentialAction":[{"@type":"CommentAction","name":"Comment","target":["https:\/\/www.fundacionmdp.org\/ca\/la-fundacio-mutua-de-propietarios-busca-als-superveins-de-lestat-de-confinament\/#respond"]}]},{"@type":"WebPage","@id":"https:\/\/www.fundacionmdp.org\/ca\/la-fundacio-mutua-de-propietarios-busca-als-superveins-de-lestat-de-confinament\/","url":"https:\/\/www.fundacionmdp.org\/ca\/la-fundacio-mutua-de-propietarios-busca-als-superveins-de-lestat-de-confinament\/","name":"La Fundaci\u00f3 M\u00fatua de Propietarios busca als \u2018SUPERVE\u00cfNS\u2019 de l\u2019estat de confinament - Fundaci\u00f3n Mutua de Propietarios","isPartOf":{"@id":"https:\/\/www.fundacionmdp.org\/#website"},"primaryImageOfPage":{"@id":"https:\/\/www.fundacionmdp.org\/ca\/la-fundacio-mutua-de-propietarios-busca-als-superveins-de-lestat-de-confinament\/#primaryimage"},"image":{"@id":"https:\/\/www.fundacionmdp.org\/ca\/la-fundacio-mutua-de-propietarios-busca-als-superveins-de-lestat-de-confinament\/#primaryimage"},"thumbnailUrl":"https:\/\/www.fundacionmdp.org\/wp-content\/uploads\/2023\/05\/SP_Jun20_1920x960-scaled-1.jpg","datePublished":"2020-06-04T13:08:00+00:00","dateModified":"2023-05-15T11:25:18+00:00","breadcrumb":{"@id":"https:\/\/www.fundacionmdp.org\/ca\/la-fundacio-mutua-de-propietarios-busca-als-superveins-de-lestat-de-confinament\/#breadcrumb"},"inLanguage":"ca","potentialAction":[{"@type":"ReadAction","target":["https:\/\/www.fundacionmdp.org\/ca\/la-fundacio-mutua-de-propietarios-busca-als-superveins-de-lestat-de-confinament\/"]}]},{"@type":"ImageObject","inLanguage":"ca","@id":"https:\/\/www.fundacionmdp.org\/ca\/la-fundacio-mutua-de-propietarios-busca-als-superveins-de-lestat-de-confinament\/#primaryimage","url":"https:\/\/www.fundacionmdp.org\/wp-content\/uploads\/2023\/05\/SP_Jun20_1920x960-scaled-1.jpg","contentUrl":"https:\/\/www.fundacionmdp.org\/wp-content\/uploads\/2023\/05\/SP_Jun20_1920x960-scaled-1.jpg","width":2560,"height":1280},{"@type":"BreadcrumbList","@id":"https:\/\/www.fundacionmdp.org\/ca\/la-fundacio-mutua-de-propietarios-busca-als-superveins-de-lestat-de-confinament\/#breadcrumb","itemListElement":[{"@type":"ListItem","position":1,"name":"Home","item":"https:\/\/www.fundacionmdp.org\/ca\/"},{"@type":"ListItem","position":2,"name":"La Fundaci\u00f3 M\u00fatua de Propietarios busca als \u2018SUPERVE\u00cfNS\u2019 de l\u2019estat de confinament"}]},{"@type":"WebSite","@id":"https:\/\/www.fundacionmdp.org\/#website","url":"https:\/\/www.fundacionmdp.org\/","name":"Fundaci\u00f3n Mutua de Propietarios","description":"En la Fundaci\u00f3n Mutua de Propietarios te ayudamos a convertir tu edificio de viviendas en un espacio sin barreras arquitect\u00f3nicas.","publisher":{"@id":"https:\/\/www.fundacionmdp.org\/#organization"},"potentialAction":[{"@type":"SearchAction","target":{"@type":"EntryPoint","urlTemplate":"https:\/\/www.fundacionmdp.org\/?s={search_term_string}"},"query-input":{"@type":"PropertyValueSpecification","valueRequired":true,"valueName":"search_term_string"}}],"inLanguage":"ca"},{"@type":"Organization","@id":"https:\/\/www.fundacionmdp.org\/#organization","name":"Fundaci\u00f3n Mutua de Propietarios","url":"https:\/\/www.fundacionmdp.org\/","logo":{"@type":"ImageObject","inLanguage":"ca","@id":"https:\/\/www.fundacionmdp.org\/#\/schema\/logo\/image\/","url":"https:\/\/www.fundacionmdp.org\/wp-content\/uploads\/2023\/05\/logo_FMdP_cat.png","contentUrl":"https:\/\/www.fundacionmdp.org\/wp-content\/uploads\/2023\/05\/logo_FMdP_cat.png","width":655,"height":297,"caption":"Fundaci\u00f3n Mutua de Propietarios"},"image":{"@id":"https:\/\/www.fundacionmdp.org\/#\/schema\/logo\/image\/"}},{"@type":"Person","@id":"https:\/\/www.fundacionmdp.org\/#\/schema\/person\/12f9af801cac25dfcb5a96cb0090f703","name":"fundacionmdp","image":{"@type":"ImageObject","inLanguage":"ca","@id":"https:\/\/secure.gravatar.com\/avatar\/b540f93d1816a14d85e51109d050c3243b98fb660a665f517a6d2597cff3bbed?s=96&d=mm&r=g","url":"https:\/\/secure.gravatar.com\/avatar\/b540f93d1816a14d85e51109d050c3243b98fb660a665f517a6d2597cff3bbed?s=96&d=mm&r=g","contentUrl":"https:\/\/secure.gravatar.com\/avatar\/b540f93d1816a14d85e51109d050c3243b98fb660a665f517a6d2597cff3bbed?s=96&d=mm&r=g","caption":"fundacionmdp"},"sameAs":["http:\/\/prezuk.com.mialias.net\/fundacionmdp"],"url":"https:\/\/www.fundacionmdp.org\/ca\/author\/fundacionmdp\/"}]}},"_links":{"self":[{"href":"https:\/\/www.fundacionmdp.org\/ca\/wp-json\/wp\/v2\/posts\/7305","targetHints":{"allow":["GET"]}}],"collection":[{"href":"https:\/\/www.fundacionmdp.org\/ca\/wp-json\/wp\/v2\/posts"}],"about":[{"href":"https:\/\/www.fundacionmdp.org\/ca\/wp-json\/wp\/v2\/types\/post"}],"author":[{"embeddable":true,"href":"https:\/\/www.fundacionmdp.org\/ca\/wp-json\/wp\/v2\/users\/1"}],"replies":[{"embeddable":true,"href":"https:\/\/www.fundacionmdp.org\/ca\/wp-json\/wp\/v2\/comments?post=7305"}],"version-history":[{"count":4,"href":"https:\/\/www.fundacionmdp.org\/ca\/wp-json\/wp\/v2\/posts\/7305\/revisions"}],"predecessor-version":[{"id":7309,"href":"https:\/\/www.fundacionmdp.org\/ca\/wp-json\/wp\/v2\/posts\/7305\/revisions\/7309"}],"wp:featuredmedia":[{"embeddable":true,"href":"https:\/\/www.fundacionmdp.org\/ca\/wp-json\/wp\/v2\/media\/6546"}],"wp:attachment":[{"href":"https:\/\/www.fundacionmdp.org\/ca\/wp-json\/wp\/v2\/media?parent=7305"}],"wp:term":[{"taxonomy":"category","embeddable":true,"href":"https:\/\/www.fundacionmdp.org\/ca\/wp-json\/wp\/v2\/categories?post=7305"},{"taxonomy":"post_tag","embeddable":true,"href":"https:\/\/www.fundacionmdp.org\/ca\/wp-json\/wp\/v2\/tags?post=7305"}],"curies":[{"name":"wp","href":"https:\/\/api.w.org\/{rel}","templated":true}]}}