{"id":7316,"date":"2020-06-30T13:13:00","date_gmt":"2020-06-30T13:13:00","guid":{"rendered":"http:\/\/prezuk.com.mialias.net\/fundacionmdp\/nou-estudi-sobre-laccesibilitat-als-habitatges-nous-a-espanya\/"},"modified":"2023-05-15T11:28:51","modified_gmt":"2023-05-15T11:28:51","slug":"nou-estudi-sobre-laccesibilitat-als-habitatges-nous-a-espanya","status":"publish","type":"post","link":"https:\/\/www.fundacionmdp.org\/ca\/nou-estudi-sobre-laccesibilitat-als-habitatges-nous-a-espanya\/","title":{"rendered":"Nou estudi sobre \u201cL\u2019accesibilitat als habitatges nous a Espanya\u201d"},"content":{"rendered":"\t\t<div data-elementor-type=\"wp-post\" data-elementor-id=\"7316\" class=\"elementor elementor-7316 elementor-2495\">\n\t\t\t\t<div class=\"elementor-element elementor-element-4f5522e e-flex e-con-boxed e-con e-parent\" data-id=\"4f5522e\" data-element_type=\"container\" data-e-type=\"container\">\n\t\t\t\t\t<div class=\"e-con-inner\">\n\t\t\t\t<div class=\"elementor-element elementor-element-9c51baf elementor-widget elementor-widget-text-editor\" data-id=\"9c51baf\" data-element_type=\"widget\" data-e-type=\"widget\" data-widget_type=\"text-editor.default\">\n\t\t\t\t<div class=\"elementor-widget-container\">\n\t\t\t\t\t\t\t\t\t<h3>Nom\u00e9s un 2% dels edificis constru\u00efts despr\u00e9s de 2011 s\u00f3n universalment accesibles<\/h3><ul><li><strong>L\u2019estat de confinament ens ha mostrat la situaci\u00f3 que viuen les m\u00e9s de 100.000 persones amb mobilitat redu\u00efda que mai poden sortir de casa per la falta d\u2019accessibilitat.<\/strong><\/li><li><strong>Tot i les estrictes mesures recollides en la Llei sobre Accessibilitat i no discriminaci\u00f3 de les Persones amb Discapacitat de 2010, els nous immobles segueixen incorporant barreres arquitect\u00f2niques.<\/strong><\/li><li><strong>En els edificis de nova construcci\u00f3 encara segueixen existint un 30% d\u2019entrades amb esglaons o escales, un 54% no t\u00e9 rampa i nom\u00e9s un 8% t\u00e9 elevadors el\u00e8ctrics.<\/strong><\/li><li><strong>La pand\u00e8mia ha de fer reflexionar sobre la necessitat de prendre determinades mesures de seguretat i distanciament per a persones amb mobilitat redu\u00efda, en els accessos i les zones comunes dels immobles.<\/strong><\/li><\/ul><p><strong>Madrid, 30 de juny de 2020.-<\/strong> El confinament for\u00e7\u00f3s ens ha perm\u00e8s viure en primera persona la situaci\u00f3 que pateixen di\u00e0riament els m\u00e9s de 100.000 espanyols que no poden sortir de casa seva per la falta d\u2019accessibilitat al seu edifici. Una problem\u00e0tica que, malgrat l\u2019estricta normativa vigent, tampoc ha millorat substancialment en els edificis de nova construcci\u00f3.<\/p><p>D\u2019acord amb l\u2019estudi \u201cL\u2019accessibilitat del nou habitatge a Espanya\u201d elaborat per la Fundaci\u00f3 M\u00fatua de Propietaris en col\u00b7laboraci\u00f3 amb la C\u00e0tedra UNESCO d\u2019Habitatge de la Universitat Rovira i Virgili de Tarragona, nom\u00e9s un 2% dels edificis constru\u00efts despr\u00e9s de 2011 s\u00f3n universalment accessibles tot i que ja van haver de construir-se d\u2019acord amb el marcat per Llei sobre accessibilitat i no discriminaci\u00f3 de les persones amb discapacidad1.<\/p><p>A Espanya, on hi ha 9,8 milions d\u2019edificis destinats a viviendas3, 2,5 milions de persones tenen problemes de mobilitat, 608.000 viuen soles en la seva llar2 i 100.000 no surten mai de casa seva.<\/p><p>L\u2019informe \u201cL\u2019accessibilitat del nou habitatge a Espanya\u201d ha analitzat i comparat el grau d\u2019accessibilitat dels habitatges constru\u00efts abans i despr\u00e9s de 2011, tant des del punt de vista de l\u2019accessibilitat universal, com des de l\u2019\u00f2ptica de l\u2019accessibilitat legal.<\/p><p>Des del punt de vista de l\u2019accessibilitat universal s\u2019ha millorat lleugerament, passant d\u2019un 0,6% en els immobles constru\u00efts abans de 2011 a un 2% en aquells constru\u00efts despr\u00e9s de 2011. Quant a la \u201caccessibilitat legal\u201d, nom\u00e9s un 5% dels edificis constru\u00efts despr\u00e9s de 2011 s\u00f3n totalment accessibles en tots els seus punts (en l\u2019itinerari des del carrer a la porta de pis), tot i que ja van haver de construir-se d\u2019acord amb els requisits que marca la llei.<\/p><p>\u201cL\u2019accessibilitat universal s\u2019ha convertit en una q\u00fcesti\u00f3 clau perqu\u00e8 les persones amb mobilitat redu\u00efda puguin viure en condicions dignes i l\u2019estat de confinament ens ha fet reflexionar sobre com vivim i l\u2019espai que habitem, posant-se de manifest la necessitat de controlar i promoure que els edificis de nova construcci\u00f3 compleixin amb la normativa vigent en mat\u00e8ria d\u2019accessibilitat. \u201c, afirma Laura L\u00f3pez Demarbre, vicepresidenta de la Fundaci\u00f3 M\u00fatua de Propietaris.<\/p><p><strong>An\u00e0lisi comparativa.<\/strong><br \/>Despr\u00e9s de comparar els resultats obtinguts abans i despr\u00e9s de 2011, l\u2019informe revela que els habitatges milloren, encara que sigui lleument, en tots els punts de l\u2019recorregut. A l\u2019entrada a l\u2019edifici, mentre que l\u2019accessibilitat de l\u2019porter autom\u00e0tic ha millorat considerablement (d\u2019un 10% a un 32%), l\u2019accessibilitat universal de l\u2019ascensor ha estat m\u00e9s modesta (d\u2019un 7% a un 18%).<\/p><p>Si ens centrem en el porter autom\u00e0tic, en el 31% dels casos no ho poden fer servir persones amb cadires de rodes i en un 48% dels casos no \u00e9s videoporter, sent ressenyable que un 2% no tingui porter autom\u00e0tic. Avan\u00e7ant una mica m\u00e9s, el 45% de les portes d\u2019entrada a l\u2019edifici no s\u2019aguanta sola ni es tanca lentament i el 35% s\u00f3n pesades.<\/p><p>Quant als elements previs a l\u2019entrada, en els immobles de nova construcci\u00f3 encara segueixen existint un 30% d\u2019entrades amb esglaons o escales, un 54% no t\u00e9 rampa i nom\u00e9s un 8% t\u00e9 elevadors el\u00e8ctrics. A m\u00e9s, en el cas que hi hagi rampa, el principal problema \u00e9s que no t\u00e9 baranes a banda i banda (44%) o que est\u00e0 excessivament inclinada (16%).<\/p><p>No obstant aix\u00f2, l\u2019accessibilitat de l\u2019ascensor segueix sent la pitjor de tot el recorregut. \u201cEncara que els edificis sense ascensor han passat de ser un 21% per als pisos constru\u00efts abans de 2011 a un 3% per als constru\u00efts a partir de llavors, encara alguns es tanquen massa aviat (16%), en alguns no hi botons en sistema Braille (20%) i en altres no s\u2019anuncien els pisos amb \u00e0udio (55%) \u201c, explica el professor Sergio Nasarre, director de la C\u00e0tedra UNESCO d\u2019Habitatge de la URV.<br \/>En el cas de les b\u00fasties, un 46% no s\u00f3n accessibles per a persones en cadira de rodes.<\/p><p>Si avancem cap al garatge, l\u2019estretor de les places continua sent un inconvenient per a les persones amb mobilitat redu\u00efda en un 53% dels casos, mentre que, si ens acostem a les zones amb serveis comuns, com jardins o piscines, cal esmentar que ha experimentat una considerable millora en els habitatges constru\u00efts a partir del 2011, arribant a ser universalment accessibles un 74% (de l\u201957% registrat en els immobles anteriors a 2011).<\/p><p><strong>L\u2019assaig de l\u2019confinament<\/strong><br \/>L\u2019estudi \u201cL\u2019accessibilitat del nou habitatge a Espanya\u201d, realitzat entre prop de 450 edificis d\u2019habitatges constru\u00efts a partir del 2011 en els mesos de l\u2019confinament, ha posat tamb\u00e9 sobre la taula la necessitat de prendre determinades mesures de seguretat i distanciament social tenint en compte les especials necessitats d\u2019accessibilitat de les persones amb mobilitat redu\u00efda.<\/p><p>\u201cEls edificis haurien de comptar amb un espai habilitat, suficientment a\u00efllat i accessible a l\u2019entrada per usar i tractar amb seguretat el material de protecci\u00f3. A m\u00e9s, els accessos haurien de dissenyar per a evitar la propagaci\u00f3 de potencials virus i els edificis que comptin amb patis interiors i amb zones comuns haurien de assegurar-se que poguessin compartir per diverses persones mantenint la deguda dist\u00e0ncia de seguretat respectant l\u2019accessibilitat universal \u201c, assenyala la vicepresidenta de la Fundaci\u00f3 M\u00fatua de Propietaris.<\/p>\t\t\t\t\t\t\t\t<\/div>\n\t\t\t\t<\/div>\n\t\t\t\t\t<\/div>\n\t\t\t\t<\/div>\n\t\t<div class=\"elementor-element elementor-element-2fb81b7 e-flex e-con-boxed e-con e-parent\" data-id=\"2fb81b7\" data-element_type=\"container\" data-e-type=\"container\">\n\t\t\t\t\t<div class=\"e-con-inner\">\n\t\t\t\t<div class=\"elementor-element elementor-element-470ffae elementor-widget elementor-widget-image\" data-id=\"470ffae\" data-element_type=\"widget\" data-e-type=\"widget\" data-widget_type=\"image.default\">\n\t\t\t\t<div class=\"elementor-widget-container\">\n\t\t\t\t\t\t\t\t\t\t\t\t\t\t\t<img fetchpriority=\"high\" decoding=\"async\" width=\"1024\" height=\"711\" src=\"https:\/\/www.fundacionmdp.org\/wp-content\/uploads\/2020\/06\/Infografia-Accesibilidad-Nueva-Vivienda-1024x711.jpg\" class=\"attachment-large size-large wp-image-6549\" alt=\"\" srcset=\"https:\/\/www.fundacionmdp.org\/wp-content\/uploads\/2020\/06\/Infografia-Accesibilidad-Nueva-Vivienda-1024x711.jpg 1024w, https:\/\/www.fundacionmdp.org\/wp-content\/uploads\/2020\/06\/Infografia-Accesibilidad-Nueva-Vivienda-300x208.jpg 300w, https:\/\/www.fundacionmdp.org\/wp-content\/uploads\/2020\/06\/Infografia-Accesibilidad-Nueva-Vivienda-768x534.jpg 768w, https:\/\/www.fundacionmdp.org\/wp-content\/uploads\/2020\/06\/Infografia-Accesibilidad-Nueva-Vivienda-1536x1067.jpg 1536w, https:\/\/www.fundacionmdp.org\/wp-content\/uploads\/2020\/06\/Infografia-Accesibilidad-Nueva-Vivienda-2048x1423.jpg 2048w\" sizes=\"(max-width: 1024px) 100vw, 1024px\" \/>\t\t\t\t\t\t\t\t\t\t\t\t\t\t\t<\/div>\n\t\t\t\t<\/div>\n\t\t\t\t\t<\/div>\n\t\t\t\t<\/div>\n\t\t\t\t<\/div>\n\t\t","protected":false},"excerpt":{"rendered":"<p>Nom\u00e9s un 2% dels edificis constru\u00efts despr\u00e9s de 2011 s\u00f3n universalment accesibles L\u2019estat de confinament ens ha mostrat la situaci\u00f3 que viuen les m\u00e9s de 100.000 persones amb mobilitat redu\u00efda que mai poden sortir de casa per la falta d\u2019accessibilitat. Tot i les estrictes mesures recollides en la Llei sobre Accessibilitat i no discriminaci\u00f3 de [&hellip;]<\/p>\n","protected":false},"author":1,"featured_media":6548,"comment_status":"open","ping_status":"open","sticky":false,"template":"","format":"standard","meta":{"_acf_changed":false,"ocean_post_layout":"","ocean_both_sidebars_style":"","ocean_both_sidebars_content_width":0,"ocean_both_sidebars_sidebars_width":0,"ocean_sidebar":"0","ocean_second_sidebar":"0","ocean_disable_margins":"enable","ocean_add_body_class":"","ocean_shortcode_before_top_bar":"","ocean_shortcode_after_top_bar":"","ocean_shortcode_before_header":"","ocean_shortcode_after_header":"","ocean_has_shortcode":"","ocean_shortcode_after_title":"","ocean_shortcode_before_footer_widgets":"","ocean_shortcode_after_footer_widgets":"","ocean_shortcode_before_footer_bottom":"","ocean_shortcode_after_footer_bottom":"","ocean_display_top_bar":"default","ocean_display_header":"default","ocean_header_style":"","ocean_center_header_left_menu":"0","ocean_custom_header_template":"0","ocean_custom_logo":0,"ocean_custom_retina_logo":0,"ocean_custom_logo_max_width":0,"ocean_custom_logo_tablet_max_width":0,"ocean_custom_logo_mobile_max_width":0,"ocean_custom_logo_max_height":0,"ocean_custom_logo_tablet_max_height":0,"ocean_custom_logo_mobile_max_height":0,"ocean_header_custom_menu":"0","ocean_menu_typo_font_family":"0","ocean_menu_typo_font_subset":"","ocean_menu_typo_font_size":0,"ocean_menu_typo_font_size_tablet":0,"ocean_menu_typo_font_size_mobile":0,"ocean_menu_typo_font_size_unit":"px","ocean_menu_typo_font_weight":"","ocean_menu_typo_font_weight_tablet":"","ocean_menu_typo_font_weight_mobile":"","ocean_menu_typo_transform":"","ocean_menu_typo_transform_tablet":"","ocean_menu_typo_transform_mobile":"","ocean_menu_typo_line_height":0,"ocean_menu_typo_line_height_tablet":0,"ocean_menu_typo_line_height_mobile":0,"ocean_menu_typo_line_height_unit":"","ocean_menu_typo_spacing":0,"ocean_menu_typo_spacing_tablet":0,"ocean_menu_typo_spacing_mobile":0,"ocean_menu_typo_spacing_unit":"","ocean_menu_link_color":"","ocean_menu_link_color_hover":"","ocean_menu_link_color_active":"","ocean_menu_link_background":"","ocean_menu_link_hover_background":"","ocean_menu_link_active_background":"","ocean_menu_social_links_bg":"","ocean_menu_social_hover_links_bg":"","ocean_menu_social_links_color":"","ocean_menu_social_hover_links_color":"","ocean_disable_title":"default","ocean_disable_heading":"default","ocean_post_title":"","ocean_post_subheading":"","ocean_post_title_style":"","ocean_post_title_background_color":"","ocean_post_title_background":0,"ocean_post_title_bg_image_position":"","ocean_post_title_bg_image_attachment":"","ocean_post_title_bg_image_repeat":"","ocean_post_title_bg_image_size":"","ocean_post_title_height":0,"ocean_post_title_bg_overlay":0.5,"ocean_post_title_bg_overlay_color":"","ocean_disable_breadcrumbs":"default","ocean_breadcrumbs_color":"","ocean_breadcrumbs_separator_color":"","ocean_breadcrumbs_links_color":"","ocean_breadcrumbs_links_hover_color":"","ocean_display_footer_widgets":"default","ocean_display_footer_bottom":"default","ocean_custom_footer_template":"0","ocean_post_oembed":"","ocean_post_self_hosted_media":"","ocean_post_video_embed":"","ocean_link_format":"","ocean_link_format_target":"self","ocean_quote_format":"","ocean_quote_format_link":"post","ocean_gallery_link_images":"on","ocean_gallery_id":[],"footnotes":""},"categories":[1],"tags":[],"class_list":["post-7316","post","type-post","status-publish","format-standard","has-post-thumbnail","hentry","category-sin-categorizar","entry","has-media"],"acf":[],"yoast_head":"<!-- This site is optimized with the Yoast SEO plugin v27.3 - https:\/\/yoast.com\/product\/yoast-seo-wordpress\/ -->\n<title>Nou estudi sobre \u201cL\u2019accesibilitat als habitatges nous a Espanya\u201d - Fundaci\u00f3n Mutua de Propietarios<\/title>\n<meta name=\"robots\" content=\"index, follow, max-snippet:-1, max-image-preview:large, max-video-preview:-1\" \/>\n<link rel=\"canonical\" href=\"https:\/\/www.fundacionmdp.org\/ca\/nou-estudi-sobre-laccesibilitat-als-habitatges-nous-a-espanya\/\" \/>\n<meta property=\"og:locale\" content=\"ca_ES\" \/>\n<meta property=\"og:type\" content=\"article\" \/>\n<meta property=\"og:title\" content=\"Nou estudi sobre \u201cL\u2019accesibilitat als habitatges nous a Espanya\u201d - Fundaci\u00f3n Mutua de Propietarios\" \/>\n<meta property=\"og:description\" content=\"Nom\u00e9s un 2% dels edificis constru\u00efts despr\u00e9s de 2011 s\u00f3n universalment accesibles L\u2019estat de confinament ens ha mostrat la situaci\u00f3 que viuen les m\u00e9s de 100.000 persones amb mobilitat redu\u00efda que mai poden sortir de casa per la falta d\u2019accessibilitat. Tot i les estrictes mesures recollides en la Llei sobre Accessibilitat i no discriminaci\u00f3 de [&hellip;]\" \/>\n<meta property=\"og:url\" content=\"https:\/\/www.fundacionmdp.org\/ca\/nou-estudi-sobre-laccesibilitat-als-habitatges-nous-a-espanya\/\" \/>\n<meta property=\"og:site_name\" content=\"Fundaci\u00f3n Mutua de Propietarios\" \/>\n<meta property=\"article:published_time\" content=\"2020-06-30T13:13:00+00:00\" \/>\n<meta property=\"article:modified_time\" content=\"2023-05-15T11:28:51+00:00\" \/>\n<meta property=\"og:image\" content=\"https:\/\/www.fundacionmdp.org\/wp-content\/uploads\/2023\/05\/231095785-1-scaled-1.jpg\" \/>\n\t<meta property=\"og:image:width\" content=\"2560\" \/>\n\t<meta property=\"og:image:height\" content=\"1707\" \/>\n\t<meta property=\"og:image:type\" content=\"image\/jpeg\" \/>\n<meta name=\"author\" content=\"fundacionmdp\" \/>\n<meta name=\"twitter:card\" content=\"summary_large_image\" \/>\n<meta name=\"twitter:label1\" content=\"Escrit per\" \/>\n\t<meta name=\"twitter:data1\" content=\"fundacionmdp\" \/>\n\t<meta name=\"twitter:label2\" content=\"Temps estimat de lectura\" \/>\n\t<meta name=\"twitter:data2\" content=\"5 minuts\" \/>\n<script type=\"application\/ld+json\" class=\"yoast-schema-graph\">{\"@context\":\"https:\\\/\\\/schema.org\",\"@graph\":[{\"@type\":\"Article\",\"@id\":\"https:\\\/\\\/www.fundacionmdp.org\\\/ca\\\/nou-estudi-sobre-laccesibilitat-als-habitatges-nous-a-espanya\\\/#article\",\"isPartOf\":{\"@id\":\"https:\\\/\\\/www.fundacionmdp.org\\\/ca\\\/nou-estudi-sobre-laccesibilitat-als-habitatges-nous-a-espanya\\\/\"},\"author\":{\"name\":\"fundacionmdp\",\"@id\":\"https:\\\/\\\/www.fundacionmdp.org\\\/#\\\/schema\\\/person\\\/12f9af801cac25dfcb5a96cb0090f703\"},\"headline\":\"Nou estudi sobre \u201cL\u2019accesibilitat als habitatges nous a Espanya\u201d\",\"datePublished\":\"2020-06-30T13:13:00+00:00\",\"dateModified\":\"2023-05-15T11:28:51+00:00\",\"mainEntityOfPage\":{\"@id\":\"https:\\\/\\\/www.fundacionmdp.org\\\/ca\\\/nou-estudi-sobre-laccesibilitat-als-habitatges-nous-a-espanya\\\/\"},\"wordCount\":1044,\"commentCount\":0,\"publisher\":{\"@id\":\"https:\\\/\\\/www.fundacionmdp.org\\\/#organization\"},\"image\":{\"@id\":\"https:\\\/\\\/www.fundacionmdp.org\\\/ca\\\/nou-estudi-sobre-laccesibilitat-als-habitatges-nous-a-espanya\\\/#primaryimage\"},\"thumbnailUrl\":\"https:\\\/\\\/www.fundacionmdp.org\\\/wp-content\\\/uploads\\\/2023\\\/05\\\/231095785-1-scaled-1.jpg\",\"articleSection\":[\"Sin categorizar\"],\"inLanguage\":\"ca\",\"potentialAction\":[{\"@type\":\"CommentAction\",\"name\":\"Comment\",\"target\":[\"https:\\\/\\\/www.fundacionmdp.org\\\/ca\\\/nou-estudi-sobre-laccesibilitat-als-habitatges-nous-a-espanya\\\/#respond\"]}]},{\"@type\":\"WebPage\",\"@id\":\"https:\\\/\\\/www.fundacionmdp.org\\\/ca\\\/nou-estudi-sobre-laccesibilitat-als-habitatges-nous-a-espanya\\\/\",\"url\":\"https:\\\/\\\/www.fundacionmdp.org\\\/ca\\\/nou-estudi-sobre-laccesibilitat-als-habitatges-nous-a-espanya\\\/\",\"name\":\"Nou estudi sobre \u201cL\u2019accesibilitat als habitatges nous a Espanya\u201d - Fundaci\u00f3n Mutua de Propietarios\",\"isPartOf\":{\"@id\":\"https:\\\/\\\/www.fundacionmdp.org\\\/#website\"},\"primaryImageOfPage\":{\"@id\":\"https:\\\/\\\/www.fundacionmdp.org\\\/ca\\\/nou-estudi-sobre-laccesibilitat-als-habitatges-nous-a-espanya\\\/#primaryimage\"},\"image\":{\"@id\":\"https:\\\/\\\/www.fundacionmdp.org\\\/ca\\\/nou-estudi-sobre-laccesibilitat-als-habitatges-nous-a-espanya\\\/#primaryimage\"},\"thumbnailUrl\":\"https:\\\/\\\/www.fundacionmdp.org\\\/wp-content\\\/uploads\\\/2023\\\/05\\\/231095785-1-scaled-1.jpg\",\"datePublished\":\"2020-06-30T13:13:00+00:00\",\"dateModified\":\"2023-05-15T11:28:51+00:00\",\"breadcrumb\":{\"@id\":\"https:\\\/\\\/www.fundacionmdp.org\\\/ca\\\/nou-estudi-sobre-laccesibilitat-als-habitatges-nous-a-espanya\\\/#breadcrumb\"},\"inLanguage\":\"ca\",\"potentialAction\":[{\"@type\":\"ReadAction\",\"target\":[\"https:\\\/\\\/www.fundacionmdp.org\\\/ca\\\/nou-estudi-sobre-laccesibilitat-als-habitatges-nous-a-espanya\\\/\"]}]},{\"@type\":\"ImageObject\",\"inLanguage\":\"ca\",\"@id\":\"https:\\\/\\\/www.fundacionmdp.org\\\/ca\\\/nou-estudi-sobre-laccesibilitat-als-habitatges-nous-a-espanya\\\/#primaryimage\",\"url\":\"https:\\\/\\\/www.fundacionmdp.org\\\/wp-content\\\/uploads\\\/2023\\\/05\\\/231095785-1-scaled-1.jpg\",\"contentUrl\":\"https:\\\/\\\/www.fundacionmdp.org\\\/wp-content\\\/uploads\\\/2023\\\/05\\\/231095785-1-scaled-1.jpg\",\"width\":2560,\"height\":1707},{\"@type\":\"BreadcrumbList\",\"@id\":\"https:\\\/\\\/www.fundacionmdp.org\\\/ca\\\/nou-estudi-sobre-laccesibilitat-als-habitatges-nous-a-espanya\\\/#breadcrumb\",\"itemListElement\":[{\"@type\":\"ListItem\",\"position\":1,\"name\":\"Home\",\"item\":\"https:\\\/\\\/www.fundacionmdp.org\\\/ca\\\/\"},{\"@type\":\"ListItem\",\"position\":2,\"name\":\"Nou estudi sobre \u201cL\u2019accesibilitat als habitatges nous a Espanya\u201d\"}]},{\"@type\":\"WebSite\",\"@id\":\"https:\\\/\\\/www.fundacionmdp.org\\\/#website\",\"url\":\"https:\\\/\\\/www.fundacionmdp.org\\\/\",\"name\":\"Fundaci\u00f3n Mutua de Propietarios\",\"description\":\"En la Fundaci\u00f3n Mutua de Propietarios te ayudamos a convertir tu edificio de viviendas en un espacio sin barreras arquitect\u00f3nicas.\",\"publisher\":{\"@id\":\"https:\\\/\\\/www.fundacionmdp.org\\\/#organization\"},\"potentialAction\":[{\"@type\":\"SearchAction\",\"target\":{\"@type\":\"EntryPoint\",\"urlTemplate\":\"https:\\\/\\\/www.fundacionmdp.org\\\/?s={search_term_string}\"},\"query-input\":{\"@type\":\"PropertyValueSpecification\",\"valueRequired\":true,\"valueName\":\"search_term_string\"}}],\"inLanguage\":\"ca\"},{\"@type\":\"Organization\",\"@id\":\"https:\\\/\\\/www.fundacionmdp.org\\\/#organization\",\"name\":\"Fundaci\u00f3n Mutua de Propietarios\",\"url\":\"https:\\\/\\\/www.fundacionmdp.org\\\/\",\"logo\":{\"@type\":\"ImageObject\",\"inLanguage\":\"ca\",\"@id\":\"https:\\\/\\\/www.fundacionmdp.org\\\/#\\\/schema\\\/logo\\\/image\\\/\",\"url\":\"https:\\\/\\\/www.fundacionmdp.org\\\/wp-content\\\/uploads\\\/2023\\\/05\\\/logo_FMdP_cat.png\",\"contentUrl\":\"https:\\\/\\\/www.fundacionmdp.org\\\/wp-content\\\/uploads\\\/2023\\\/05\\\/logo_FMdP_cat.png\",\"width\":655,\"height\":297,\"caption\":\"Fundaci\u00f3n Mutua de Propietarios\"},\"image\":{\"@id\":\"https:\\\/\\\/www.fundacionmdp.org\\\/#\\\/schema\\\/logo\\\/image\\\/\"}},{\"@type\":\"Person\",\"@id\":\"https:\\\/\\\/www.fundacionmdp.org\\\/#\\\/schema\\\/person\\\/12f9af801cac25dfcb5a96cb0090f703\",\"name\":\"fundacionmdp\",\"image\":{\"@type\":\"ImageObject\",\"inLanguage\":\"ca\",\"@id\":\"https:\\\/\\\/secure.gravatar.com\\\/avatar\\\/b540f93d1816a14d85e51109d050c3243b98fb660a665f517a6d2597cff3bbed?s=96&d=mm&r=g\",\"url\":\"https:\\\/\\\/secure.gravatar.com\\\/avatar\\\/b540f93d1816a14d85e51109d050c3243b98fb660a665f517a6d2597cff3bbed?s=96&d=mm&r=g\",\"contentUrl\":\"https:\\\/\\\/secure.gravatar.com\\\/avatar\\\/b540f93d1816a14d85e51109d050c3243b98fb660a665f517a6d2597cff3bbed?s=96&d=mm&r=g\",\"caption\":\"fundacionmdp\"},\"sameAs\":[\"http:\\\/\\\/prezuk.com.mialias.net\\\/fundacionmdp\"],\"url\":\"https:\\\/\\\/www.fundacionmdp.org\\\/ca\\\/author\\\/fundacionmdp\\\/\"}]}<\/script>\n<!-- \/ Yoast SEO plugin. -->","yoast_head_json":{"title":"Nou estudi sobre \u201cL\u2019accesibilitat als habitatges nous a Espanya\u201d - Fundaci\u00f3n Mutua de Propietarios","robots":{"index":"index","follow":"follow","max-snippet":"max-snippet:-1","max-image-preview":"max-image-preview:large","max-video-preview":"max-video-preview:-1"},"canonical":"https:\/\/www.fundacionmdp.org\/ca\/nou-estudi-sobre-laccesibilitat-als-habitatges-nous-a-espanya\/","og_locale":"ca_ES","og_type":"article","og_title":"Nou estudi sobre \u201cL\u2019accesibilitat als habitatges nous a Espanya\u201d - Fundaci\u00f3n Mutua de Propietarios","og_description":"Nom\u00e9s un 2% dels edificis constru\u00efts despr\u00e9s de 2011 s\u00f3n universalment accesibles L\u2019estat de confinament ens ha mostrat la situaci\u00f3 que viuen les m\u00e9s de 100.000 persones amb mobilitat redu\u00efda que mai poden sortir de casa per la falta d\u2019accessibilitat. Tot i les estrictes mesures recollides en la Llei sobre Accessibilitat i no discriminaci\u00f3 de [&hellip;]","og_url":"https:\/\/www.fundacionmdp.org\/ca\/nou-estudi-sobre-laccesibilitat-als-habitatges-nous-a-espanya\/","og_site_name":"Fundaci\u00f3n Mutua de Propietarios","article_published_time":"2020-06-30T13:13:00+00:00","article_modified_time":"2023-05-15T11:28:51+00:00","og_image":[{"width":2560,"height":1707,"url":"https:\/\/www.fundacionmdp.org\/wp-content\/uploads\/2023\/05\/231095785-1-scaled-1.jpg","type":"image\/jpeg"}],"author":"fundacionmdp","twitter_card":"summary_large_image","twitter_misc":{"Escrit per":"fundacionmdp","Temps estimat de lectura":"5 minuts"},"schema":{"@context":"https:\/\/schema.org","@graph":[{"@type":"Article","@id":"https:\/\/www.fundacionmdp.org\/ca\/nou-estudi-sobre-laccesibilitat-als-habitatges-nous-a-espanya\/#article","isPartOf":{"@id":"https:\/\/www.fundacionmdp.org\/ca\/nou-estudi-sobre-laccesibilitat-als-habitatges-nous-a-espanya\/"},"author":{"name":"fundacionmdp","@id":"https:\/\/www.fundacionmdp.org\/#\/schema\/person\/12f9af801cac25dfcb5a96cb0090f703"},"headline":"Nou estudi sobre \u201cL\u2019accesibilitat als habitatges nous a Espanya\u201d","datePublished":"2020-06-30T13:13:00+00:00","dateModified":"2023-05-15T11:28:51+00:00","mainEntityOfPage":{"@id":"https:\/\/www.fundacionmdp.org\/ca\/nou-estudi-sobre-laccesibilitat-als-habitatges-nous-a-espanya\/"},"wordCount":1044,"commentCount":0,"publisher":{"@id":"https:\/\/www.fundacionmdp.org\/#organization"},"image":{"@id":"https:\/\/www.fundacionmdp.org\/ca\/nou-estudi-sobre-laccesibilitat-als-habitatges-nous-a-espanya\/#primaryimage"},"thumbnailUrl":"https:\/\/www.fundacionmdp.org\/wp-content\/uploads\/2023\/05\/231095785-1-scaled-1.jpg","articleSection":["Sin categorizar"],"inLanguage":"ca","potentialAction":[{"@type":"CommentAction","name":"Comment","target":["https:\/\/www.fundacionmdp.org\/ca\/nou-estudi-sobre-laccesibilitat-als-habitatges-nous-a-espanya\/#respond"]}]},{"@type":"WebPage","@id":"https:\/\/www.fundacionmdp.org\/ca\/nou-estudi-sobre-laccesibilitat-als-habitatges-nous-a-espanya\/","url":"https:\/\/www.fundacionmdp.org\/ca\/nou-estudi-sobre-laccesibilitat-als-habitatges-nous-a-espanya\/","name":"Nou estudi sobre \u201cL\u2019accesibilitat als habitatges nous a Espanya\u201d - Fundaci\u00f3n Mutua de Propietarios","isPartOf":{"@id":"https:\/\/www.fundacionmdp.org\/#website"},"primaryImageOfPage":{"@id":"https:\/\/www.fundacionmdp.org\/ca\/nou-estudi-sobre-laccesibilitat-als-habitatges-nous-a-espanya\/#primaryimage"},"image":{"@id":"https:\/\/www.fundacionmdp.org\/ca\/nou-estudi-sobre-laccesibilitat-als-habitatges-nous-a-espanya\/#primaryimage"},"thumbnailUrl":"https:\/\/www.fundacionmdp.org\/wp-content\/uploads\/2023\/05\/231095785-1-scaled-1.jpg","datePublished":"2020-06-30T13:13:00+00:00","dateModified":"2023-05-15T11:28:51+00:00","breadcrumb":{"@id":"https:\/\/www.fundacionmdp.org\/ca\/nou-estudi-sobre-laccesibilitat-als-habitatges-nous-a-espanya\/#breadcrumb"},"inLanguage":"ca","potentialAction":[{"@type":"ReadAction","target":["https:\/\/www.fundacionmdp.org\/ca\/nou-estudi-sobre-laccesibilitat-als-habitatges-nous-a-espanya\/"]}]},{"@type":"ImageObject","inLanguage":"ca","@id":"https:\/\/www.fundacionmdp.org\/ca\/nou-estudi-sobre-laccesibilitat-als-habitatges-nous-a-espanya\/#primaryimage","url":"https:\/\/www.fundacionmdp.org\/wp-content\/uploads\/2023\/05\/231095785-1-scaled-1.jpg","contentUrl":"https:\/\/www.fundacionmdp.org\/wp-content\/uploads\/2023\/05\/231095785-1-scaled-1.jpg","width":2560,"height":1707},{"@type":"BreadcrumbList","@id":"https:\/\/www.fundacionmdp.org\/ca\/nou-estudi-sobre-laccesibilitat-als-habitatges-nous-a-espanya\/#breadcrumb","itemListElement":[{"@type":"ListItem","position":1,"name":"Home","item":"https:\/\/www.fundacionmdp.org\/ca\/"},{"@type":"ListItem","position":2,"name":"Nou estudi sobre \u201cL\u2019accesibilitat als habitatges nous a Espanya\u201d"}]},{"@type":"WebSite","@id":"https:\/\/www.fundacionmdp.org\/#website","url":"https:\/\/www.fundacionmdp.org\/","name":"Fundaci\u00f3n Mutua de Propietarios","description":"En la Fundaci\u00f3n Mutua de Propietarios te ayudamos a convertir tu edificio de viviendas en un espacio sin barreras arquitect\u00f3nicas.","publisher":{"@id":"https:\/\/www.fundacionmdp.org\/#organization"},"potentialAction":[{"@type":"SearchAction","target":{"@type":"EntryPoint","urlTemplate":"https:\/\/www.fundacionmdp.org\/?s={search_term_string}"},"query-input":{"@type":"PropertyValueSpecification","valueRequired":true,"valueName":"search_term_string"}}],"inLanguage":"ca"},{"@type":"Organization","@id":"https:\/\/www.fundacionmdp.org\/#organization","name":"Fundaci\u00f3n Mutua de Propietarios","url":"https:\/\/www.fundacionmdp.org\/","logo":{"@type":"ImageObject","inLanguage":"ca","@id":"https:\/\/www.fundacionmdp.org\/#\/schema\/logo\/image\/","url":"https:\/\/www.fundacionmdp.org\/wp-content\/uploads\/2023\/05\/logo_FMdP_cat.png","contentUrl":"https:\/\/www.fundacionmdp.org\/wp-content\/uploads\/2023\/05\/logo_FMdP_cat.png","width":655,"height":297,"caption":"Fundaci\u00f3n Mutua de Propietarios"},"image":{"@id":"https:\/\/www.fundacionmdp.org\/#\/schema\/logo\/image\/"}},{"@type":"Person","@id":"https:\/\/www.fundacionmdp.org\/#\/schema\/person\/12f9af801cac25dfcb5a96cb0090f703","name":"fundacionmdp","image":{"@type":"ImageObject","inLanguage":"ca","@id":"https:\/\/secure.gravatar.com\/avatar\/b540f93d1816a14d85e51109d050c3243b98fb660a665f517a6d2597cff3bbed?s=96&d=mm&r=g","url":"https:\/\/secure.gravatar.com\/avatar\/b540f93d1816a14d85e51109d050c3243b98fb660a665f517a6d2597cff3bbed?s=96&d=mm&r=g","contentUrl":"https:\/\/secure.gravatar.com\/avatar\/b540f93d1816a14d85e51109d050c3243b98fb660a665f517a6d2597cff3bbed?s=96&d=mm&r=g","caption":"fundacionmdp"},"sameAs":["http:\/\/prezuk.com.mialias.net\/fundacionmdp"],"url":"https:\/\/www.fundacionmdp.org\/ca\/author\/fundacionmdp\/"}]}},"_links":{"self":[{"href":"https:\/\/www.fundacionmdp.org\/ca\/wp-json\/wp\/v2\/posts\/7316","targetHints":{"allow":["GET"]}}],"collection":[{"href":"https:\/\/www.fundacionmdp.org\/ca\/wp-json\/wp\/v2\/posts"}],"about":[{"href":"https:\/\/www.fundacionmdp.org\/ca\/wp-json\/wp\/v2\/types\/post"}],"author":[{"embeddable":true,"href":"https:\/\/www.fundacionmdp.org\/ca\/wp-json\/wp\/v2\/users\/1"}],"replies":[{"embeddable":true,"href":"https:\/\/www.fundacionmdp.org\/ca\/wp-json\/wp\/v2\/comments?post=7316"}],"version-history":[{"count":4,"href":"https:\/\/www.fundacionmdp.org\/ca\/wp-json\/wp\/v2\/posts\/7316\/revisions"}],"predecessor-version":[{"id":7320,"href":"https:\/\/www.fundacionmdp.org\/ca\/wp-json\/wp\/v2\/posts\/7316\/revisions\/7320"}],"wp:featuredmedia":[{"embeddable":true,"href":"https:\/\/www.fundacionmdp.org\/ca\/wp-json\/wp\/v2\/media\/6548"}],"wp:attachment":[{"href":"https:\/\/www.fundacionmdp.org\/ca\/wp-json\/wp\/v2\/media?parent=7316"}],"wp:term":[{"taxonomy":"category","embeddable":true,"href":"https:\/\/www.fundacionmdp.org\/ca\/wp-json\/wp\/v2\/categories?post=7316"},{"taxonomy":"post_tag","embeddable":true,"href":"https:\/\/www.fundacionmdp.org\/ca\/wp-json\/wp\/v2\/tags?post=7316"}],"curies":[{"name":"wp","href":"https:\/\/api.w.org\/{rel}","templated":true}]}}