{"id":7321,"date":"2020-09-17T13:16:00","date_gmt":"2020-09-17T13:16:00","guid":{"rendered":"http:\/\/prezuk.com.mialias.net\/fundacionmdp\/la-fundacio-mutua-de-propietaris-crea-zero-barreres-la-primera-app-que-mesura-laccessibilitat-real-dun-edifici\/"},"modified":"2023-05-15T11:30:57","modified_gmt":"2023-05-15T11:30:57","slug":"la-fundacio-mutua-de-propietaris-crea-zero-barreres-la-primera-app-que-mesura-laccessibilitat-real-dun-edifici","status":"publish","type":"post","link":"https:\/\/www.fundacionmdp.org\/ca\/la-fundacio-mutua-de-propietaris-crea-zero-barreres-la-primera-app-que-mesura-laccessibilitat-real-dun-edifici\/","title":{"rendered":"La Fundaci\u00f3 M\u00fatua de Propietaris crea \u2018Zero Barreres\u2019, la primera APP que mesura l\u2019accessibilitat real d\u2019un edifici"},"content":{"rendered":"\t\t<div data-elementor-type=\"wp-post\" data-elementor-id=\"7321\" class=\"elementor elementor-7321 elementor-2502\">\n\t\t\t\t<div class=\"elementor-element elementor-element-ce62a96 e-flex e-con-boxed e-con e-parent\" data-id=\"ce62a96\" data-element_type=\"container\" data-e-type=\"container\">\n\t\t\t\t\t<div class=\"e-con-inner\">\n\t\t\t\t<div class=\"elementor-element elementor-element-fddb28c elementor-widget elementor-widget-text-editor\" data-id=\"fddb28c\" data-element_type=\"widget\" data-e-type=\"widget\" data-widget_type=\"text-editor.default\">\n\t\t\t\t<div class=\"elementor-widget-container\">\n\t\t\t\t\t\t\t\t\t<p><strong>Una APP al servei de la ciutadania, que ajuda a sensibilitzar-nos davant de situacions com que a Espanya, hi ha m\u00e9s de 100.000 persones que no poden sortir de casa per falta d\u2019accessibilitat al seu edifici.<\/strong><\/p><p><strong>Presentada en la trobada digital \u201cLa tecnologia a el servei de l\u2019accessibilitat en l\u2019immoble\u201d, l\u2019APP permetr\u00e0 crear un mapa de l\u2019accessibilitat dels edificis d\u2019habitatges espanyols<\/strong><\/p><p><strong>Mitjan\u00e7ant el m\u00f2bil, l\u2019eina mesura el grau d\u2019accessibilitat dels diferents elements comuns d\u2019un edifici, com ascensors, escales, b\u00fasties o porta<\/strong><br \/><br \/><strong>Madrid 16 de setembre de 2020 .-<\/strong> La Fundaci\u00f3 M\u00fatua de Propietaris ha presentat avui Zero Barreres, la primera aplicaci\u00f3 per a dispositius m\u00f2bils (disponible tant en Android com IOs) que permet de forma senzilla mesurar el grau d\u2019accessibilitat de cadascuna dels elements comuns d\u2019un edifici, identificant d\u2019una manera senzilla quines s\u00f3n les barreres arquitect\u00f2niques a les quals s\u2019ha d\u2019enfrontar una persona amb mobilitat redu\u00efda a l\u2019accedir a la seva finca.<\/p><p>Mitjan\u00e7ant l\u2019\u00fas de les \u00faltimes tecnologies com la intel\u00b7lig\u00e8ncia artificial o machine learning, Zero Barreres \u00e9s una aplicaci\u00f3 molt intu\u00eftiva i f\u00e0cil d\u2019usar, que permet a l\u2019usuari prendre dades reals sobre l\u2019accessibilitat del seu propi edifici i con\u00e8ixer el resultat a l\u2019instant, sent perfecta per a la seva utilitzaci\u00f3 per les comunitats de ve\u00efns.<\/p><p>\u201cEl confinament for\u00e7\u00f3s ens ha perm\u00e8s experimentar el dia a dia de les 100.000 persones que no surten mai de casa a Espanya per falta d\u2019accessibilitat al seu edifici, aix\u00ed com dels 1,8 milions de persones que necessiten l\u2019ajuda de tercers. Ara, l\u2019APP Zero Barreres ens facilitar\u00e0 con\u00e8ixer quines s\u00f3n les barreres arquitect\u00f2niques i, aix\u00ed, construir un gran \u2018Mapa de l\u2019accessibilitat dels edificis d\u2019habitatges a Espanya \u201c, va explicar Laura L\u00f3pez Demarbre, vicepresidenta de la Fundaci\u00f3 M\u00fatua de Propietaris durant la seva presentaci\u00f3 .<\/p><h3>Com funciona \u2018Zero Barreres\u2019?<\/h3><p><img decoding=\"async\" class=\"size-medium wp-image-3731 alignleft\" src=\"https:\/\/www.fundacionmdp.org\/wp-content\/uploads\/2023\/05\/20201609-ZeroBarreras-1.png\" alt=\"accesibilidad universal\" \/><\/p><p>Zero Barreres s\u2019ha dissenyat perqu\u00e8 l\u2019usuari pugui mesurar amb el seu m\u00f2bil, d\u2019una forma senzilla, el grau d\u2019accessibilitat dels diferents elements comuns del seu edifici, com ara l\u2019ascensor, les escales, el portal, les b\u00fasties.<\/p><p>Per realitzar els mesuraments, l\u2019usuari tan sols ha de situar-se davant del seu edifici i fer l\u2019itinerari des del carrer fins a la porta de casa seguint les indicacions de l\u2019app, que anir\u00e0 guiant perqu\u00e8 mesuri o proporcioni informaci\u00f3 de cada un dels elements de l\u2019immoble: acc\u00e9s des del carrer, tipus de porter autom\u00e0tic, mesures de les escales, pes de la porta, exist\u00e8ncia o no de rampa, ample de l\u2019ascensor, etc \u2026<\/p><p>L\u2019usuari tan sols ha d\u2019observar els elements que hi ha al seu voltant, respondre a les preguntes i recopilar les dades reals que li indica l\u2019aplicaci\u00f3. Finalment, Zero Barreres avaluar\u00e0 el nivell d\u2019accessibilitat de cada un dels elements comuns de l\u2019edifici proporcionant un \u00edndex de Accessibilitat de l\u2019immoble, expressat en percentatge.<\/p><p>\u201cAquesta aplicaci\u00f3 permet fer part\u00edcip a la comunitat de ve\u00efns de les necessitats del seu edifici en mat\u00e8ria d\u2019accessibilitat, i mostrar les barreres arquitect\u00f2niques a les quals ha d\u2019enfrontar-una persona amb mobilitat redu\u00efda\u201d, explica la vicepresidenta de la Fundaci\u00f3 M\u00fatua de Propietaris.<\/p><p>L\u2019aplicaci\u00f3 Zero Barreres tamb\u00e9 permet interactuar amb la comunitat i formar part de diferents grups per optimitzar la informaci\u00f3 recollida i connectar amb experts en mat\u00e8ria d\u2019habitatge, accessibilitat i mobilitat redu\u00efda per a resoldre totes les q\u00fcestions respecte a qu\u00e8 fer per solucionar els problemes d\u2019accessibilitat de seus edificis.<\/p><p>La presentaci\u00f3 de l\u2019aplicaci\u00f3 Zero Barreres de la Fundaci\u00f3 M\u00fatua de Propietaris s\u2019ha dut a terme durant la trobada digital \u201cLa tecnologia a el servei de l\u2019accessibilitat en l\u2019immoble\u201d, moderat per Jos\u00e9 Ribagorda, editor i presentador d\u2019Informatius Telecinco.<\/p><p>Al costat de Laura L\u00f3pez Demarbre, vicepresidenta de la Fundaci\u00f3, han participat en aquesta trobada reconeguts professionals de l\u2019arquitectura, com Benedetta Tagliabue, s\u00f2cia directora de l\u2019estudi Miralles Tagliabue; de el sector tecnol\u00f2gic, com Carlos Grau, CEO de Mobile World Capital Barcelona, aix\u00ed com de el sector immobiliari, com Salvador D\u00edez, president de el Consell General de Col\u00b7legis d\u2019Administradors de Finques d\u2019Espanya, que han abordat aspectes com la situaci\u00f3 de l\u2019accessibilitat en els edificis espanyols; la conscienciaci\u00f3 de la comunitats de ve\u00efns o l\u2019evoluci\u00f3 del concepte de l\u2019accessibilitat.<\/p><p>Descarrega\u2019t la APP en els seg\u00fcents enlla\u00e7os:<\/p><ul><li>Android: <a href=\"https:\/\/play.google.com\/store\/apps\/details?id=org.fundacionmdp.zerobarreras\"> https:\/\/play.google.com\/store\/apps\/details?id=org.fundacionmdp.zerobarreras<\/a><\/li><li>iOS: <a href=\"https:\/\/apps.apple.com\/us\/app\/id1518797131\"> https:\/\/apps.apple.com\/us\/app\/id1518797131<\/a><\/li><\/ul>\t\t\t\t\t\t\t\t<\/div>\n\t\t\t\t<\/div>\n\t\t\t\t\t<\/div>\n\t\t\t\t<\/div>\n\t\t\t\t<\/div>\n\t\t","protected":false},"excerpt":{"rendered":"<p>Una APP al servei de la ciutadania, que ajuda a sensibilitzar-nos davant de situacions com que a Espanya, hi ha m\u00e9s de 100.000 persones que no poden sortir de casa per falta d\u2019accessibilitat al seu edifici. Presentada en la trobada digital \u201cLa tecnologia a el servei de l\u2019accessibilitat en l\u2019immoble\u201d, l\u2019APP permetr\u00e0 crear un mapa [&hellip;]<\/p>\n","protected":false},"author":1,"featured_media":6550,"comment_status":"open","ping_status":"open","sticky":false,"template":"","format":"standard","meta":{"_acf_changed":false,"ocean_post_layout":"","ocean_both_sidebars_style":"","ocean_both_sidebars_content_width":0,"ocean_both_sidebars_sidebars_width":0,"ocean_sidebar":"0","ocean_second_sidebar":"0","ocean_disable_margins":"enable","ocean_add_body_class":"","ocean_shortcode_before_top_bar":"","ocean_shortcode_after_top_bar":"","ocean_shortcode_before_header":"","ocean_shortcode_after_header":"","ocean_has_shortcode":"","ocean_shortcode_after_title":"","ocean_shortcode_before_footer_widgets":"","ocean_shortcode_after_footer_widgets":"","ocean_shortcode_before_footer_bottom":"","ocean_shortcode_after_footer_bottom":"","ocean_display_top_bar":"default","ocean_display_header":"default","ocean_header_style":"","ocean_center_header_left_menu":"0","ocean_custom_header_template":"0","ocean_custom_logo":0,"ocean_custom_retina_logo":0,"ocean_custom_logo_max_width":0,"ocean_custom_logo_tablet_max_width":0,"ocean_custom_logo_mobile_max_width":0,"ocean_custom_logo_max_height":0,"ocean_custom_logo_tablet_max_height":0,"ocean_custom_logo_mobile_max_height":0,"ocean_header_custom_menu":"0","ocean_menu_typo_font_family":"0","ocean_menu_typo_font_subset":"","ocean_menu_typo_font_size":0,"ocean_menu_typo_font_size_tablet":0,"ocean_menu_typo_font_size_mobile":0,"ocean_menu_typo_font_size_unit":"px","ocean_menu_typo_font_weight":"","ocean_menu_typo_font_weight_tablet":"","ocean_menu_typo_font_weight_mobile":"","ocean_menu_typo_transform":"","ocean_menu_typo_transform_tablet":"","ocean_menu_typo_transform_mobile":"","ocean_menu_typo_line_height":0,"ocean_menu_typo_line_height_tablet":0,"ocean_menu_typo_line_height_mobile":0,"ocean_menu_typo_line_height_unit":"","ocean_menu_typo_spacing":0,"ocean_menu_typo_spacing_tablet":0,"ocean_menu_typo_spacing_mobile":0,"ocean_menu_typo_spacing_unit":"","ocean_menu_link_color":"","ocean_menu_link_color_hover":"","ocean_menu_link_color_active":"","ocean_menu_link_background":"","ocean_menu_link_hover_background":"","ocean_menu_link_active_background":"","ocean_menu_social_links_bg":"","ocean_menu_social_hover_links_bg":"","ocean_menu_social_links_color":"","ocean_menu_social_hover_links_color":"","ocean_disable_title":"default","ocean_disable_heading":"default","ocean_post_title":"","ocean_post_subheading":"","ocean_post_title_style":"","ocean_post_title_background_color":"","ocean_post_title_background":0,"ocean_post_title_bg_image_position":"","ocean_post_title_bg_image_attachment":"","ocean_post_title_bg_image_repeat":"","ocean_post_title_bg_image_size":"","ocean_post_title_height":0,"ocean_post_title_bg_overlay":0.5,"ocean_post_title_bg_overlay_color":"","ocean_disable_breadcrumbs":"default","ocean_breadcrumbs_color":"","ocean_breadcrumbs_separator_color":"","ocean_breadcrumbs_links_color":"","ocean_breadcrumbs_links_hover_color":"","ocean_display_footer_widgets":"default","ocean_display_footer_bottom":"default","ocean_custom_footer_template":"0","ocean_post_oembed":"","ocean_post_self_hosted_media":"","ocean_post_video_embed":"","ocean_link_format":"","ocean_link_format_target":"self","ocean_quote_format":"","ocean_quote_format_link":"post","ocean_gallery_link_images":"on","ocean_gallery_id":[],"footnotes":""},"categories":[1],"tags":[],"class_list":["post-7321","post","type-post","status-publish","format-standard","has-post-thumbnail","hentry","category-sin-categorizar","entry","has-media"],"acf":[],"yoast_head":"<!-- This site is optimized with the Yoast SEO plugin v27.3 - https:\/\/yoast.com\/product\/yoast-seo-wordpress\/ -->\n<title>La Fundaci\u00f3 M\u00fatua de Propietaris crea \u2018Zero Barreres\u2019, la primera APP que mesura l\u2019accessibilitat real d\u2019un edifici - Fundaci\u00f3n Mutua de Propietarios<\/title>\n<meta name=\"robots\" content=\"index, follow, max-snippet:-1, max-image-preview:large, max-video-preview:-1\" \/>\n<link rel=\"canonical\" href=\"https:\/\/www.fundacionmdp.org\/ca\/la-fundacio-mutua-de-propietaris-crea-zero-barreres-la-primera-app-que-mesura-laccessibilitat-real-dun-edifici\/\" \/>\n<meta property=\"og:locale\" content=\"ca_ES\" \/>\n<meta property=\"og:type\" content=\"article\" \/>\n<meta property=\"og:title\" content=\"La Fundaci\u00f3 M\u00fatua de Propietaris crea \u2018Zero Barreres\u2019, la primera APP que mesura l\u2019accessibilitat real d\u2019un edifici - Fundaci\u00f3n Mutua de Propietarios\" \/>\n<meta property=\"og:description\" content=\"Una APP al servei de la ciutadania, que ajuda a sensibilitzar-nos davant de situacions com que a Espanya, hi ha m\u00e9s de 100.000 persones que no poden sortir de casa per falta d\u2019accessibilitat al seu edifici. Presentada en la trobada digital \u201cLa tecnologia a el servei de l\u2019accessibilitat en l\u2019immoble\u201d, l\u2019APP permetr\u00e0 crear un mapa [&hellip;]\" \/>\n<meta property=\"og:url\" content=\"https:\/\/www.fundacionmdp.org\/ca\/la-fundacio-mutua-de-propietaris-crea-zero-barreres-la-primera-app-que-mesura-laccessibilitat-real-dun-edifici\/\" \/>\n<meta property=\"og:site_name\" content=\"Fundaci\u00f3n Mutua de Propietarios\" \/>\n<meta property=\"article:published_time\" content=\"2020-09-17T13:16:00+00:00\" \/>\n<meta property=\"article:modified_time\" content=\"2023-05-15T11:30:57+00:00\" \/>\n<meta property=\"og:image\" content=\"https:\/\/www.fundacionmdp.org\/wp-content\/uploads\/2023\/05\/20201609-ZeroBarreras.png\" \/>\n\t<meta property=\"og:image:width\" content=\"269\" \/>\n\t<meta property=\"og:image:height\" content=\"381\" \/>\n\t<meta property=\"og:image:type\" content=\"image\/png\" \/>\n<meta name=\"author\" content=\"fundacionmdp\" \/>\n<meta name=\"twitter:card\" content=\"summary_large_image\" \/>\n<meta name=\"twitter:label1\" content=\"Escrit per\" \/>\n\t<meta name=\"twitter:data1\" content=\"fundacionmdp\" \/>\n\t<meta name=\"twitter:label2\" content=\"Temps estimat de lectura\" \/>\n\t<meta name=\"twitter:data2\" content=\"4 minuts\" \/>\n<script type=\"application\/ld+json\" class=\"yoast-schema-graph\">{\"@context\":\"https:\\\/\\\/schema.org\",\"@graph\":[{\"@type\":\"Article\",\"@id\":\"https:\\\/\\\/www.fundacionmdp.org\\\/ca\\\/la-fundacio-mutua-de-propietaris-crea-zero-barreres-la-primera-app-que-mesura-laccessibilitat-real-dun-edifici\\\/#article\",\"isPartOf\":{\"@id\":\"https:\\\/\\\/www.fundacionmdp.org\\\/ca\\\/la-fundacio-mutua-de-propietaris-crea-zero-barreres-la-primera-app-que-mesura-laccessibilitat-real-dun-edifici\\\/\"},\"author\":{\"name\":\"fundacionmdp\",\"@id\":\"https:\\\/\\\/www.fundacionmdp.org\\\/#\\\/schema\\\/person\\\/12f9af801cac25dfcb5a96cb0090f703\"},\"headline\":\"La Fundaci\u00f3 M\u00fatua de Propietaris crea \u2018Zero Barreres\u2019, la primera APP que mesura l\u2019accessibilitat real d\u2019un edifici\",\"datePublished\":\"2020-09-17T13:16:00+00:00\",\"dateModified\":\"2023-05-15T11:30:57+00:00\",\"mainEntityOfPage\":{\"@id\":\"https:\\\/\\\/www.fundacionmdp.org\\\/ca\\\/la-fundacio-mutua-de-propietaris-crea-zero-barreres-la-primera-app-que-mesura-laccessibilitat-real-dun-edifici\\\/\"},\"wordCount\":811,\"commentCount\":0,\"publisher\":{\"@id\":\"https:\\\/\\\/www.fundacionmdp.org\\\/#organization\"},\"image\":{\"@id\":\"https:\\\/\\\/www.fundacionmdp.org\\\/ca\\\/la-fundacio-mutua-de-propietaris-crea-zero-barreres-la-primera-app-que-mesura-laccessibilitat-real-dun-edifici\\\/#primaryimage\"},\"thumbnailUrl\":\"https:\\\/\\\/www.fundacionmdp.org\\\/wp-content\\\/uploads\\\/2023\\\/05\\\/20201609-ZeroBarreras.png\",\"articleSection\":[\"Sin categorizar\"],\"inLanguage\":\"ca\",\"potentialAction\":[{\"@type\":\"CommentAction\",\"name\":\"Comment\",\"target\":[\"https:\\\/\\\/www.fundacionmdp.org\\\/ca\\\/la-fundacio-mutua-de-propietaris-crea-zero-barreres-la-primera-app-que-mesura-laccessibilitat-real-dun-edifici\\\/#respond\"]}]},{\"@type\":\"WebPage\",\"@id\":\"https:\\\/\\\/www.fundacionmdp.org\\\/ca\\\/la-fundacio-mutua-de-propietaris-crea-zero-barreres-la-primera-app-que-mesura-laccessibilitat-real-dun-edifici\\\/\",\"url\":\"https:\\\/\\\/www.fundacionmdp.org\\\/ca\\\/la-fundacio-mutua-de-propietaris-crea-zero-barreres-la-primera-app-que-mesura-laccessibilitat-real-dun-edifici\\\/\",\"name\":\"La Fundaci\u00f3 M\u00fatua de Propietaris crea \u2018Zero Barreres\u2019, la primera APP que mesura l\u2019accessibilitat real d\u2019un edifici - Fundaci\u00f3n Mutua de Propietarios\",\"isPartOf\":{\"@id\":\"https:\\\/\\\/www.fundacionmdp.org\\\/#website\"},\"primaryImageOfPage\":{\"@id\":\"https:\\\/\\\/www.fundacionmdp.org\\\/ca\\\/la-fundacio-mutua-de-propietaris-crea-zero-barreres-la-primera-app-que-mesura-laccessibilitat-real-dun-edifici\\\/#primaryimage\"},\"image\":{\"@id\":\"https:\\\/\\\/www.fundacionmdp.org\\\/ca\\\/la-fundacio-mutua-de-propietaris-crea-zero-barreres-la-primera-app-que-mesura-laccessibilitat-real-dun-edifici\\\/#primaryimage\"},\"thumbnailUrl\":\"https:\\\/\\\/www.fundacionmdp.org\\\/wp-content\\\/uploads\\\/2023\\\/05\\\/20201609-ZeroBarreras.png\",\"datePublished\":\"2020-09-17T13:16:00+00:00\",\"dateModified\":\"2023-05-15T11:30:57+00:00\",\"breadcrumb\":{\"@id\":\"https:\\\/\\\/www.fundacionmdp.org\\\/ca\\\/la-fundacio-mutua-de-propietaris-crea-zero-barreres-la-primera-app-que-mesura-laccessibilitat-real-dun-edifici\\\/#breadcrumb\"},\"inLanguage\":\"ca\",\"potentialAction\":[{\"@type\":\"ReadAction\",\"target\":[\"https:\\\/\\\/www.fundacionmdp.org\\\/ca\\\/la-fundacio-mutua-de-propietaris-crea-zero-barreres-la-primera-app-que-mesura-laccessibilitat-real-dun-edifici\\\/\"]}]},{\"@type\":\"ImageObject\",\"inLanguage\":\"ca\",\"@id\":\"https:\\\/\\\/www.fundacionmdp.org\\\/ca\\\/la-fundacio-mutua-de-propietaris-crea-zero-barreres-la-primera-app-que-mesura-laccessibilitat-real-dun-edifici\\\/#primaryimage\",\"url\":\"https:\\\/\\\/www.fundacionmdp.org\\\/wp-content\\\/uploads\\\/2023\\\/05\\\/20201609-ZeroBarreras.png\",\"contentUrl\":\"https:\\\/\\\/www.fundacionmdp.org\\\/wp-content\\\/uploads\\\/2023\\\/05\\\/20201609-ZeroBarreras.png\",\"width\":269,\"height\":381},{\"@type\":\"BreadcrumbList\",\"@id\":\"https:\\\/\\\/www.fundacionmdp.org\\\/ca\\\/la-fundacio-mutua-de-propietaris-crea-zero-barreres-la-primera-app-que-mesura-laccessibilitat-real-dun-edifici\\\/#breadcrumb\",\"itemListElement\":[{\"@type\":\"ListItem\",\"position\":1,\"name\":\"Home\",\"item\":\"https:\\\/\\\/www.fundacionmdp.org\\\/ca\\\/\"},{\"@type\":\"ListItem\",\"position\":2,\"name\":\"La Fundaci\u00f3 M\u00fatua de Propietaris crea \u2018Zero Barreres\u2019, la primera APP que mesura l\u2019accessibilitat real d\u2019un edifici\"}]},{\"@type\":\"WebSite\",\"@id\":\"https:\\\/\\\/www.fundacionmdp.org\\\/#website\",\"url\":\"https:\\\/\\\/www.fundacionmdp.org\\\/\",\"name\":\"Fundaci\u00f3n Mutua de Propietarios\",\"description\":\"En la Fundaci\u00f3n Mutua de Propietarios te ayudamos a convertir tu edificio de viviendas en un espacio sin barreras arquitect\u00f3nicas.\",\"publisher\":{\"@id\":\"https:\\\/\\\/www.fundacionmdp.org\\\/#organization\"},\"potentialAction\":[{\"@type\":\"SearchAction\",\"target\":{\"@type\":\"EntryPoint\",\"urlTemplate\":\"https:\\\/\\\/www.fundacionmdp.org\\\/?s={search_term_string}\"},\"query-input\":{\"@type\":\"PropertyValueSpecification\",\"valueRequired\":true,\"valueName\":\"search_term_string\"}}],\"inLanguage\":\"ca\"},{\"@type\":\"Organization\",\"@id\":\"https:\\\/\\\/www.fundacionmdp.org\\\/#organization\",\"name\":\"Fundaci\u00f3n Mutua de Propietarios\",\"url\":\"https:\\\/\\\/www.fundacionmdp.org\\\/\",\"logo\":{\"@type\":\"ImageObject\",\"inLanguage\":\"ca\",\"@id\":\"https:\\\/\\\/www.fundacionmdp.org\\\/#\\\/schema\\\/logo\\\/image\\\/\",\"url\":\"https:\\\/\\\/www.fundacionmdp.org\\\/wp-content\\\/uploads\\\/2023\\\/05\\\/logo_FMdP_cat.png\",\"contentUrl\":\"https:\\\/\\\/www.fundacionmdp.org\\\/wp-content\\\/uploads\\\/2023\\\/05\\\/logo_FMdP_cat.png\",\"width\":655,\"height\":297,\"caption\":\"Fundaci\u00f3n Mutua de Propietarios\"},\"image\":{\"@id\":\"https:\\\/\\\/www.fundacionmdp.org\\\/#\\\/schema\\\/logo\\\/image\\\/\"}},{\"@type\":\"Person\",\"@id\":\"https:\\\/\\\/www.fundacionmdp.org\\\/#\\\/schema\\\/person\\\/12f9af801cac25dfcb5a96cb0090f703\",\"name\":\"fundacionmdp\",\"image\":{\"@type\":\"ImageObject\",\"inLanguage\":\"ca\",\"@id\":\"https:\\\/\\\/secure.gravatar.com\\\/avatar\\\/b540f93d1816a14d85e51109d050c3243b98fb660a665f517a6d2597cff3bbed?s=96&d=mm&r=g\",\"url\":\"https:\\\/\\\/secure.gravatar.com\\\/avatar\\\/b540f93d1816a14d85e51109d050c3243b98fb660a665f517a6d2597cff3bbed?s=96&d=mm&r=g\",\"contentUrl\":\"https:\\\/\\\/secure.gravatar.com\\\/avatar\\\/b540f93d1816a14d85e51109d050c3243b98fb660a665f517a6d2597cff3bbed?s=96&d=mm&r=g\",\"caption\":\"fundacionmdp\"},\"sameAs\":[\"http:\\\/\\\/prezuk.com.mialias.net\\\/fundacionmdp\"],\"url\":\"https:\\\/\\\/www.fundacionmdp.org\\\/ca\\\/author\\\/fundacionmdp\\\/\"}]}<\/script>\n<!-- \/ Yoast SEO plugin. -->","yoast_head_json":{"title":"La Fundaci\u00f3 M\u00fatua de Propietaris crea \u2018Zero Barreres\u2019, la primera APP que mesura l\u2019accessibilitat real d\u2019un edifici - Fundaci\u00f3n Mutua de Propietarios","robots":{"index":"index","follow":"follow","max-snippet":"max-snippet:-1","max-image-preview":"max-image-preview:large","max-video-preview":"max-video-preview:-1"},"canonical":"https:\/\/www.fundacionmdp.org\/ca\/la-fundacio-mutua-de-propietaris-crea-zero-barreres-la-primera-app-que-mesura-laccessibilitat-real-dun-edifici\/","og_locale":"ca_ES","og_type":"article","og_title":"La Fundaci\u00f3 M\u00fatua de Propietaris crea \u2018Zero Barreres\u2019, la primera APP que mesura l\u2019accessibilitat real d\u2019un edifici - Fundaci\u00f3n Mutua de Propietarios","og_description":"Una APP al servei de la ciutadania, que ajuda a sensibilitzar-nos davant de situacions com que a Espanya, hi ha m\u00e9s de 100.000 persones que no poden sortir de casa per falta d\u2019accessibilitat al seu edifici. Presentada en la trobada digital \u201cLa tecnologia a el servei de l\u2019accessibilitat en l\u2019immoble\u201d, l\u2019APP permetr\u00e0 crear un mapa [&hellip;]","og_url":"https:\/\/www.fundacionmdp.org\/ca\/la-fundacio-mutua-de-propietaris-crea-zero-barreres-la-primera-app-que-mesura-laccessibilitat-real-dun-edifici\/","og_site_name":"Fundaci\u00f3n Mutua de Propietarios","article_published_time":"2020-09-17T13:16:00+00:00","article_modified_time":"2023-05-15T11:30:57+00:00","og_image":[{"width":269,"height":381,"url":"https:\/\/www.fundacionmdp.org\/wp-content\/uploads\/2023\/05\/20201609-ZeroBarreras.png","type":"image\/png"}],"author":"fundacionmdp","twitter_card":"summary_large_image","twitter_misc":{"Escrit per":"fundacionmdp","Temps estimat de lectura":"4 minuts"},"schema":{"@context":"https:\/\/schema.org","@graph":[{"@type":"Article","@id":"https:\/\/www.fundacionmdp.org\/ca\/la-fundacio-mutua-de-propietaris-crea-zero-barreres-la-primera-app-que-mesura-laccessibilitat-real-dun-edifici\/#article","isPartOf":{"@id":"https:\/\/www.fundacionmdp.org\/ca\/la-fundacio-mutua-de-propietaris-crea-zero-barreres-la-primera-app-que-mesura-laccessibilitat-real-dun-edifici\/"},"author":{"name":"fundacionmdp","@id":"https:\/\/www.fundacionmdp.org\/#\/schema\/person\/12f9af801cac25dfcb5a96cb0090f703"},"headline":"La Fundaci\u00f3 M\u00fatua de Propietaris crea \u2018Zero Barreres\u2019, la primera APP que mesura l\u2019accessibilitat real d\u2019un edifici","datePublished":"2020-09-17T13:16:00+00:00","dateModified":"2023-05-15T11:30:57+00:00","mainEntityOfPage":{"@id":"https:\/\/www.fundacionmdp.org\/ca\/la-fundacio-mutua-de-propietaris-crea-zero-barreres-la-primera-app-que-mesura-laccessibilitat-real-dun-edifici\/"},"wordCount":811,"commentCount":0,"publisher":{"@id":"https:\/\/www.fundacionmdp.org\/#organization"},"image":{"@id":"https:\/\/www.fundacionmdp.org\/ca\/la-fundacio-mutua-de-propietaris-crea-zero-barreres-la-primera-app-que-mesura-laccessibilitat-real-dun-edifici\/#primaryimage"},"thumbnailUrl":"https:\/\/www.fundacionmdp.org\/wp-content\/uploads\/2023\/05\/20201609-ZeroBarreras.png","articleSection":["Sin categorizar"],"inLanguage":"ca","potentialAction":[{"@type":"CommentAction","name":"Comment","target":["https:\/\/www.fundacionmdp.org\/ca\/la-fundacio-mutua-de-propietaris-crea-zero-barreres-la-primera-app-que-mesura-laccessibilitat-real-dun-edifici\/#respond"]}]},{"@type":"WebPage","@id":"https:\/\/www.fundacionmdp.org\/ca\/la-fundacio-mutua-de-propietaris-crea-zero-barreres-la-primera-app-que-mesura-laccessibilitat-real-dun-edifici\/","url":"https:\/\/www.fundacionmdp.org\/ca\/la-fundacio-mutua-de-propietaris-crea-zero-barreres-la-primera-app-que-mesura-laccessibilitat-real-dun-edifici\/","name":"La Fundaci\u00f3 M\u00fatua de Propietaris crea \u2018Zero Barreres\u2019, la primera APP que mesura l\u2019accessibilitat real d\u2019un edifici - Fundaci\u00f3n Mutua de Propietarios","isPartOf":{"@id":"https:\/\/www.fundacionmdp.org\/#website"},"primaryImageOfPage":{"@id":"https:\/\/www.fundacionmdp.org\/ca\/la-fundacio-mutua-de-propietaris-crea-zero-barreres-la-primera-app-que-mesura-laccessibilitat-real-dun-edifici\/#primaryimage"},"image":{"@id":"https:\/\/www.fundacionmdp.org\/ca\/la-fundacio-mutua-de-propietaris-crea-zero-barreres-la-primera-app-que-mesura-laccessibilitat-real-dun-edifici\/#primaryimage"},"thumbnailUrl":"https:\/\/www.fundacionmdp.org\/wp-content\/uploads\/2023\/05\/20201609-ZeroBarreras.png","datePublished":"2020-09-17T13:16:00+00:00","dateModified":"2023-05-15T11:30:57+00:00","breadcrumb":{"@id":"https:\/\/www.fundacionmdp.org\/ca\/la-fundacio-mutua-de-propietaris-crea-zero-barreres-la-primera-app-que-mesura-laccessibilitat-real-dun-edifici\/#breadcrumb"},"inLanguage":"ca","potentialAction":[{"@type":"ReadAction","target":["https:\/\/www.fundacionmdp.org\/ca\/la-fundacio-mutua-de-propietaris-crea-zero-barreres-la-primera-app-que-mesura-laccessibilitat-real-dun-edifici\/"]}]},{"@type":"ImageObject","inLanguage":"ca","@id":"https:\/\/www.fundacionmdp.org\/ca\/la-fundacio-mutua-de-propietaris-crea-zero-barreres-la-primera-app-que-mesura-laccessibilitat-real-dun-edifici\/#primaryimage","url":"https:\/\/www.fundacionmdp.org\/wp-content\/uploads\/2023\/05\/20201609-ZeroBarreras.png","contentUrl":"https:\/\/www.fundacionmdp.org\/wp-content\/uploads\/2023\/05\/20201609-ZeroBarreras.png","width":269,"height":381},{"@type":"BreadcrumbList","@id":"https:\/\/www.fundacionmdp.org\/ca\/la-fundacio-mutua-de-propietaris-crea-zero-barreres-la-primera-app-que-mesura-laccessibilitat-real-dun-edifici\/#breadcrumb","itemListElement":[{"@type":"ListItem","position":1,"name":"Home","item":"https:\/\/www.fundacionmdp.org\/ca\/"},{"@type":"ListItem","position":2,"name":"La Fundaci\u00f3 M\u00fatua de Propietaris crea \u2018Zero Barreres\u2019, la primera APP que mesura l\u2019accessibilitat real d\u2019un edifici"}]},{"@type":"WebSite","@id":"https:\/\/www.fundacionmdp.org\/#website","url":"https:\/\/www.fundacionmdp.org\/","name":"Fundaci\u00f3n Mutua de Propietarios","description":"En la Fundaci\u00f3n Mutua de Propietarios te ayudamos a convertir tu edificio de viviendas en un espacio sin barreras arquitect\u00f3nicas.","publisher":{"@id":"https:\/\/www.fundacionmdp.org\/#organization"},"potentialAction":[{"@type":"SearchAction","target":{"@type":"EntryPoint","urlTemplate":"https:\/\/www.fundacionmdp.org\/?s={search_term_string}"},"query-input":{"@type":"PropertyValueSpecification","valueRequired":true,"valueName":"search_term_string"}}],"inLanguage":"ca"},{"@type":"Organization","@id":"https:\/\/www.fundacionmdp.org\/#organization","name":"Fundaci\u00f3n Mutua de Propietarios","url":"https:\/\/www.fundacionmdp.org\/","logo":{"@type":"ImageObject","inLanguage":"ca","@id":"https:\/\/www.fundacionmdp.org\/#\/schema\/logo\/image\/","url":"https:\/\/www.fundacionmdp.org\/wp-content\/uploads\/2023\/05\/logo_FMdP_cat.png","contentUrl":"https:\/\/www.fundacionmdp.org\/wp-content\/uploads\/2023\/05\/logo_FMdP_cat.png","width":655,"height":297,"caption":"Fundaci\u00f3n Mutua de Propietarios"},"image":{"@id":"https:\/\/www.fundacionmdp.org\/#\/schema\/logo\/image\/"}},{"@type":"Person","@id":"https:\/\/www.fundacionmdp.org\/#\/schema\/person\/12f9af801cac25dfcb5a96cb0090f703","name":"fundacionmdp","image":{"@type":"ImageObject","inLanguage":"ca","@id":"https:\/\/secure.gravatar.com\/avatar\/b540f93d1816a14d85e51109d050c3243b98fb660a665f517a6d2597cff3bbed?s=96&d=mm&r=g","url":"https:\/\/secure.gravatar.com\/avatar\/b540f93d1816a14d85e51109d050c3243b98fb660a665f517a6d2597cff3bbed?s=96&d=mm&r=g","contentUrl":"https:\/\/secure.gravatar.com\/avatar\/b540f93d1816a14d85e51109d050c3243b98fb660a665f517a6d2597cff3bbed?s=96&d=mm&r=g","caption":"fundacionmdp"},"sameAs":["http:\/\/prezuk.com.mialias.net\/fundacionmdp"],"url":"https:\/\/www.fundacionmdp.org\/ca\/author\/fundacionmdp\/"}]}},"_links":{"self":[{"href":"https:\/\/www.fundacionmdp.org\/ca\/wp-json\/wp\/v2\/posts\/7321","targetHints":{"allow":["GET"]}}],"collection":[{"href":"https:\/\/www.fundacionmdp.org\/ca\/wp-json\/wp\/v2\/posts"}],"about":[{"href":"https:\/\/www.fundacionmdp.org\/ca\/wp-json\/wp\/v2\/types\/post"}],"author":[{"embeddable":true,"href":"https:\/\/www.fundacionmdp.org\/ca\/wp-json\/wp\/v2\/users\/1"}],"replies":[{"embeddable":true,"href":"https:\/\/www.fundacionmdp.org\/ca\/wp-json\/wp\/v2\/comments?post=7321"}],"version-history":[{"count":4,"href":"https:\/\/www.fundacionmdp.org\/ca\/wp-json\/wp\/v2\/posts\/7321\/revisions"}],"predecessor-version":[{"id":7325,"href":"https:\/\/www.fundacionmdp.org\/ca\/wp-json\/wp\/v2\/posts\/7321\/revisions\/7325"}],"wp:featuredmedia":[{"embeddable":true,"href":"https:\/\/www.fundacionmdp.org\/ca\/wp-json\/wp\/v2\/media\/6550"}],"wp:attachment":[{"href":"https:\/\/www.fundacionmdp.org\/ca\/wp-json\/wp\/v2\/media?parent=7321"}],"wp:term":[{"taxonomy":"category","embeddable":true,"href":"https:\/\/www.fundacionmdp.org\/ca\/wp-json\/wp\/v2\/categories?post=7321"},{"taxonomy":"post_tag","embeddable":true,"href":"https:\/\/www.fundacionmdp.org\/ca\/wp-json\/wp\/v2\/tags?post=7321"}],"curies":[{"name":"wp","href":"https:\/\/api.w.org\/{rel}","templated":true}]}}