{"id":7340,"date":"2020-10-22T13:24:00","date_gmt":"2020-10-22T13:24:00","guid":{"rendered":"http:\/\/prezuk.com.mialias.net\/fundacionmdp\/la-fundacio-mutua-de-propietarios-i-el-cscae-suneixen-per-impulsar-projectes-que-estimulin-la-millora-de-laccessibilitat-en-el-parc-dhabitatges-a-espanya\/"},"modified":"2023-05-15T11:34:24","modified_gmt":"2023-05-15T11:34:24","slug":"la-fundacio-mutua-de-propietarios-i-el-cscae-suneixen-per-impulsar-projectes-que-estimulin-la-millora-de-laccessibilitat-en-el-parc-dhabitatges-a-espanya","status":"publish","type":"post","link":"https:\/\/www.fundacionmdp.org\/ca\/la-fundacio-mutua-de-propietarios-i-el-cscae-suneixen-per-impulsar-projectes-que-estimulin-la-millora-de-laccessibilitat-en-el-parc-dhabitatges-a-espanya\/","title":{"rendered":"La Fundaci\u00f3 Mutua de Propietarios i el CSCAE s\u2019uneixen per impulsar projectes que estimulin la millora de l\u2019accessibilitat en el parc d\u2019habitatges a Espanya"},"content":{"rendered":"\t\t<div data-elementor-type=\"wp-post\" data-elementor-id=\"7340\" class=\"elementor elementor-7340 elementor-2515\">\n\t\t\t\t<div class=\"elementor-element elementor-element-964eda3 e-flex e-con-boxed e-con e-parent\" data-id=\"964eda3\" data-element_type=\"container\" data-e-type=\"container\">\n\t\t\t\t\t<div class=\"e-con-inner\">\n\t\t\t\t<div class=\"elementor-element elementor-element-b9d9f50 elementor-widget elementor-widget-text-editor\" data-id=\"b9d9f50\" data-element_type=\"widget\" data-e-type=\"widget\" data-widget_type=\"text-editor.default\">\n\t\t\t\t<div class=\"elementor-widget-container\">\n\t\t\t\t\t\t\t\t\t<p><strong>La Fundaci\u00f3 s\u2019incorpora com a membre assessor a l\u2019Observatori 2030 de l\u2019CSCAE <\/strong><br \/><strong>La vicepresidenta de la Fundaci\u00f3 M\u00fatua de Propietaris destaca la necessitat de promoure que els edificis de nova construcci\u00f3 compleixin amb la normativa vigent en mat\u00e8ria d\u2019accessibilitat<\/strong><br \/><strong>El president de l\u2019CSCAE valora: \u201cLa col\u00b7laboraci\u00f3 entre les dues organitzacions potenciar\u00e0 tasca de millora de l\u2019accessibilitat d\u2019edificis i habitatges\u201d<\/strong><\/p><p><strong>Madrid, 22 d\u2019octubre de 2020.-<\/strong> La Fundaci\u00f3 M\u00fatua de Propietaris i el Consell Superior dels Col\u00b7legis d\u2019Arquitectes d\u2019Espanya (CSCAE) han subscrit un conveni de col\u00b7laboraci\u00f3 per compartir informaci\u00f3 i esfor\u00e7os i impulsar projectes estrat\u00e8gics comuns que serveixin per millorar el parc de edificis i habitatges del nostre pa\u00eds sobre la base de la valor social que tenen l\u2019Arquitectura i el sector de l\u2019edificaci\u00f3.<\/p><p>En virtut d\u2019aquest acord, la Fundaci\u00f3 M\u00fatua de Propietaris, una instituci\u00f3 creada per l\u2019asseguradora M\u00fatua de Propietaris amb la missi\u00f3 de millorar l\u2019accessibilitat a l\u2019habitatge i al seu entorn de les persones amb mobilitat redu\u00efda, s\u2019incorpora tamb\u00e9 com a membre assessor a Consell Institucional i Empresarial de l\u2019Observatori 2030 de l\u2019CSCAE, \u00fanica taula sectorial amb car\u00e0cter permanent que existeix al nostre pa\u00eds.<\/p><p>En el conveni, signat per la vicepresidenta executiva de la Fundaci\u00f3, Laura L\u00f3pez Demarbre, i el president de l\u2019CSCAE, Llu\u00eds Comer\u00f3n, les dues organitzacions coincideixen en la necessitat de col\u00b7laborar, incentivar i donar suport a projectes estrat\u00e8gics d\u2019inter\u00e8s com\u00fa amb una important incid\u00e8ncia en el sector de l\u2019Arquitectura en el seu sentit m\u00e9s ampli, incloent la seva relaci\u00f3 amb la ind\u00fastria i la innovaci\u00f3, a causa de la valor de l\u2019Arquitectura com una disciplina al servei de les persones i de les seves necessitats.<\/p><p>D\u2019aqu\u00ed que considerin que han de fomentar els vincles amb les administracions locals i col\u00b7laborar en la producci\u00f3 de coneixement i propostes que serveixin per oferir solucions responsables des del sector i en defensa de la qualitat, necess\u00e0ria per a garantir el benestar general de la poblaci\u00f3.<\/p><p>Per a aix\u00f2, es comprometen a intercanviar informaci\u00f3 i a compartir esfor\u00e7os que redunden en benefici de la societat, aix\u00ed com de el sector i dels agents que l\u2019integren. I, a hores d\u2019ara, un f\u00f2rum idoni \u00e9s l\u2019Observatori 2030 de l\u2019CSCAE, a qu\u00e8 la Fundaci\u00f3 M\u00fatua de Propietaris s\u2019incorpora per proposar programes, activitats i oferir la seva valuosa experi\u00e8ncia en l\u2019assessorament i elaboraci\u00f3 de propostes que siguin de la seva compet\u00e8ncia.<\/p><p>La vicepresidenta executiva de la Fundaci\u00f3 M\u00fatua de Propietaris destaca: \u201cCom a part del nostre comprom\u00eds amb la millora de l\u2019accessibilitat als edificis \u00e9s essencial compartir amb tots els actors implicats, les nostres capacitats i coneixements, aix\u00ed com conscienciar en la necessitat de promoure que els edificis de nova construcci\u00f3 compleixin amb la normativa vigent en mat\u00e8ria d\u2019accessibilitat\u201d.<\/p><p>Per la seva banda, el president de l\u2019CSCAE es mostra conven\u00e7ut que l\u2019alian\u00e7a amb la Fundaci\u00f3 M\u00fatua de Propietaris ser\u00e0 molt positiva per donar suport a la tasca dels arquitectes en la millora d\u2019accessibilitat d\u2019edificis i ajudar a l\u2019activitat de la fundaci\u00f3, impulsant aquestes millores . Igualment, contribuir\u00e0 a traslladar a les administracions p\u00fabliques i a la societat, en general, la import\u00e0ncia de el projecte arquitect\u00f2nic i de l\u2019Arquitectura com un b\u00e9 d\u2019inter\u00e8s general, essencial per millorar les condicions de vida de les persones i garantir el seu benestar.<\/p><p>Entre els objectius de el present conveni de col\u00b7laboraci\u00f3 es troba tamb\u00e9 el comprom\u00eds de difusi\u00f3 dels treballs i les iniciatives realitzades en el si de l\u2019Observatori 2030 de l\u2019CSCAE per contribuir a enfortir la marca Espanya de el sector de l\u2019arquitectura, la ind\u00fastria i la innovaci\u00f3 en el estranger.<\/p>\t\t\t\t\t\t\t\t<\/div>\n\t\t\t\t<\/div>\n\t\t\t\t\t<\/div>\n\t\t\t\t<\/div>\n\t\t<div class=\"elementor-element elementor-element-4d331ac e-flex e-con-boxed e-con e-parent\" data-id=\"4d331ac\" data-element_type=\"container\" data-e-type=\"container\">\n\t\t\t\t\t<div class=\"e-con-inner\">\n\t\t<div class=\"elementor-element elementor-element-1f4e48d e-con-full e-flex e-con e-parent\" data-id=\"1f4e48d\" data-element_type=\"container\" data-e-type=\"container\">\n\t\t\t\t<div class=\"elementor-element elementor-element-617a4ca elementor-widget elementor-widget-image\" data-id=\"617a4ca\" data-element_type=\"widget\" data-e-type=\"widget\" data-widget_type=\"image.default\">\n\t\t\t\t<div class=\"elementor-widget-container\">\n\t\t\t\t\t\t\t\t\t\t\t\t\t\t\t<img fetchpriority=\"high\" decoding=\"async\" width=\"768\" height=\"1024\" src=\"https:\/\/www.fundacionmdp.org\/wp-content\/uploads\/2023\/05\/20201019_165859-scaled-1-768x1024.jpg\" class=\"attachment-large size-large wp-image-6554\" alt=\"\" srcset=\"https:\/\/www.fundacionmdp.org\/wp-content\/uploads\/2023\/05\/20201019_165859-scaled-1-768x1024.jpg 768w, https:\/\/www.fundacionmdp.org\/wp-content\/uploads\/2023\/05\/20201019_165859-scaled-1-225x300.jpg 225w, https:\/\/www.fundacionmdp.org\/wp-content\/uploads\/2023\/05\/20201019_165859-scaled-1-1152x1536.jpg 1152w, https:\/\/www.fundacionmdp.org\/wp-content\/uploads\/2023\/05\/20201019_165859-scaled-1-1536x2048.jpg 1536w, https:\/\/www.fundacionmdp.org\/wp-content\/uploads\/2023\/05\/20201019_165859-scaled-1.jpg 1920w\" sizes=\"(max-width: 768px) 100vw, 768px\" \/>\t\t\t\t\t\t\t\t\t\t\t\t\t\t\t<\/div>\n\t\t\t\t<\/div>\n\t\t\t\t<\/div>\n\t\t<div class=\"elementor-element elementor-element-30e8c24 e-con-full e-flex e-con e-parent\" data-id=\"30e8c24\" data-element_type=\"container\" data-e-type=\"container\">\n\t\t\t\t<div class=\"elementor-element elementor-element-4a32d43 elementor-widget elementor-widget-image\" data-id=\"4a32d43\" data-element_type=\"widget\" data-e-type=\"widget\" data-widget_type=\"image.default\">\n\t\t\t\t<div class=\"elementor-widget-container\">\n\t\t\t\t\t\t\t\t\t\t\t\t\t\t\t<img decoding=\"async\" width=\"1024\" height=\"535\" src=\"https:\/\/www.fundacionmdp.org\/wp-content\/uploads\/2023\/05\/ConvenioFMP_Firma_PteCSCAE-1024x535.jpg\" class=\"attachment-large size-large wp-image-6553\" alt=\"\" srcset=\"https:\/\/www.fundacionmdp.org\/wp-content\/uploads\/2023\/05\/ConvenioFMP_Firma_PteCSCAE-1024x535.jpg 1024w, https:\/\/www.fundacionmdp.org\/wp-content\/uploads\/2023\/05\/ConvenioFMP_Firma_PteCSCAE-300x157.jpg 300w, https:\/\/www.fundacionmdp.org\/wp-content\/uploads\/2023\/05\/ConvenioFMP_Firma_PteCSCAE-768x401.jpg 768w, https:\/\/www.fundacionmdp.org\/wp-content\/uploads\/2023\/05\/ConvenioFMP_Firma_PteCSCAE.jpg 1200w\" sizes=\"(max-width: 1024px) 100vw, 1024px\" \/>\t\t\t\t\t\t\t\t\t\t\t\t\t\t\t<\/div>\n\t\t\t\t<\/div>\n\t\t\t\t<\/div>\n\t\t\t\t\t<\/div>\n\t\t\t\t<\/div>\n\t\t\t\t<\/div>\n\t\t","protected":false},"excerpt":{"rendered":"<p>La Fundaci\u00f3 s\u2019incorpora com a membre assessor a l\u2019Observatori 2030 de l\u2019CSCAE La vicepresidenta de la Fundaci\u00f3 M\u00fatua de Propietaris destaca la necessitat de promoure que els edificis de nova construcci\u00f3 compleixin amb la normativa vigent en mat\u00e8ria d\u2019accessibilitatEl president de l\u2019CSCAE valora: \u201cLa col\u00b7laboraci\u00f3 entre les dues organitzacions potenciar\u00e0 tasca de millora de l\u2019accessibilitat [&hellip;]<\/p>\n","protected":false},"author":1,"featured_media":6554,"comment_status":"open","ping_status":"open","sticky":false,"template":"","format":"standard","meta":{"_acf_changed":false,"ocean_post_layout":"","ocean_both_sidebars_style":"","ocean_both_sidebars_content_width":0,"ocean_both_sidebars_sidebars_width":0,"ocean_sidebar":"0","ocean_second_sidebar":"0","ocean_disable_margins":"enable","ocean_add_body_class":"","ocean_shortcode_before_top_bar":"","ocean_shortcode_after_top_bar":"","ocean_shortcode_before_header":"","ocean_shortcode_after_header":"","ocean_has_shortcode":"","ocean_shortcode_after_title":"","ocean_shortcode_before_footer_widgets":"","ocean_shortcode_after_footer_widgets":"","ocean_shortcode_before_footer_bottom":"","ocean_shortcode_after_footer_bottom":"","ocean_display_top_bar":"default","ocean_display_header":"default","ocean_header_style":"","ocean_center_header_left_menu":"0","ocean_custom_header_template":"0","ocean_custom_logo":0,"ocean_custom_retina_logo":0,"ocean_custom_logo_max_width":0,"ocean_custom_logo_tablet_max_width":0,"ocean_custom_logo_mobile_max_width":0,"ocean_custom_logo_max_height":0,"ocean_custom_logo_tablet_max_height":0,"ocean_custom_logo_mobile_max_height":0,"ocean_header_custom_menu":"0","ocean_menu_typo_font_family":"0","ocean_menu_typo_font_subset":"","ocean_menu_typo_font_size":0,"ocean_menu_typo_font_size_tablet":0,"ocean_menu_typo_font_size_mobile":0,"ocean_menu_typo_font_size_unit":"px","ocean_menu_typo_font_weight":"","ocean_menu_typo_font_weight_tablet":"","ocean_menu_typo_font_weight_mobile":"","ocean_menu_typo_transform":"","ocean_menu_typo_transform_tablet":"","ocean_menu_typo_transform_mobile":"","ocean_menu_typo_line_height":0,"ocean_menu_typo_line_height_tablet":0,"ocean_menu_typo_line_height_mobile":0,"ocean_menu_typo_line_height_unit":"","ocean_menu_typo_spacing":0,"ocean_menu_typo_spacing_tablet":0,"ocean_menu_typo_spacing_mobile":0,"ocean_menu_typo_spacing_unit":"","ocean_menu_link_color":"","ocean_menu_link_color_hover":"","ocean_menu_link_color_active":"","ocean_menu_link_background":"","ocean_menu_link_hover_background":"","ocean_menu_link_active_background":"","ocean_menu_social_links_bg":"","ocean_menu_social_hover_links_bg":"","ocean_menu_social_links_color":"","ocean_menu_social_hover_links_color":"","ocean_disable_title":"default","ocean_disable_heading":"default","ocean_post_title":"","ocean_post_subheading":"","ocean_post_title_style":"","ocean_post_title_background_color":"","ocean_post_title_background":0,"ocean_post_title_bg_image_position":"","ocean_post_title_bg_image_attachment":"","ocean_post_title_bg_image_repeat":"","ocean_post_title_bg_image_size":"","ocean_post_title_height":0,"ocean_post_title_bg_overlay":0.5,"ocean_post_title_bg_overlay_color":"","ocean_disable_breadcrumbs":"default","ocean_breadcrumbs_color":"","ocean_breadcrumbs_separator_color":"","ocean_breadcrumbs_links_color":"","ocean_breadcrumbs_links_hover_color":"","ocean_display_footer_widgets":"default","ocean_display_footer_bottom":"default","ocean_custom_footer_template":"0","ocean_post_oembed":"","ocean_post_self_hosted_media":"","ocean_post_video_embed":"","ocean_link_format":"","ocean_link_format_target":"self","ocean_quote_format":"","ocean_quote_format_link":"post","ocean_gallery_link_images":"on","ocean_gallery_id":[],"footnotes":""},"categories":[1],"tags":[],"class_list":["post-7340","post","type-post","status-publish","format-standard","has-post-thumbnail","hentry","category-sin-categorizar","entry","has-media"],"acf":[],"yoast_head":"<!-- This site is optimized with the Yoast SEO plugin v27.3 - https:\/\/yoast.com\/product\/yoast-seo-wordpress\/ -->\n<title>La Fundaci\u00f3 Mutua de Propietarios i el CSCAE s\u2019uneixen per impulsar projectes que estimulin la millora de l\u2019accessibilitat en el parc d\u2019habitatges a Espanya - Fundaci\u00f3n Mutua de Propietarios<\/title>\n<meta name=\"robots\" content=\"index, follow, max-snippet:-1, max-image-preview:large, max-video-preview:-1\" \/>\n<link rel=\"canonical\" href=\"https:\/\/www.fundacionmdp.org\/la-fundacion-mutua-de-propietarios-y-el-cscae-se-unen-para-impulsar-proyectos-que-estimulen-la-mejora-de-la-accesibilidad-en-el-parque-de-viviendas-en-espana\/\" \/>\n<meta property=\"og:locale\" content=\"ca_ES\" \/>\n<meta property=\"og:type\" content=\"article\" \/>\n<meta property=\"og:title\" content=\"La Fundaci\u00f3 Mutua de Propietarios i el CSCAE s\u2019uneixen per impulsar projectes que estimulin la millora de l\u2019accessibilitat en el parc d\u2019habitatges a Espanya - Fundaci\u00f3n Mutua de Propietarios\" \/>\n<meta property=\"og:description\" content=\"La Fundaci\u00f3 s\u2019incorpora com a membre assessor a l\u2019Observatori 2030 de l\u2019CSCAE La vicepresidenta de la Fundaci\u00f3 M\u00fatua de Propietaris destaca la necessitat de promoure que els edificis de nova construcci\u00f3 compleixin amb la normativa vigent en mat\u00e8ria d\u2019accessibilitatEl president de l\u2019CSCAE valora: \u201cLa col\u00b7laboraci\u00f3 entre les dues organitzacions potenciar\u00e0 tasca de millora de l\u2019accessibilitat [&hellip;]\" \/>\n<meta property=\"og:url\" content=\"https:\/\/www.fundacionmdp.org\/la-fundacion-mutua-de-propietarios-y-el-cscae-se-unen-para-impulsar-proyectos-que-estimulen-la-mejora-de-la-accesibilidad-en-el-parque-de-viviendas-en-espana\/\" \/>\n<meta property=\"og:site_name\" content=\"Fundaci\u00f3n Mutua de Propietarios\" \/>\n<meta property=\"article:published_time\" content=\"2020-10-22T13:24:00+00:00\" \/>\n<meta property=\"article:modified_time\" content=\"2023-05-15T11:34:24+00:00\" \/>\n<meta property=\"og:image\" content=\"https:\/\/www.fundacionmdp.org\/wp-content\/uploads\/2023\/05\/20201019_165859-scaled-1.jpg\" \/>\n\t<meta property=\"og:image:width\" content=\"1920\" \/>\n\t<meta property=\"og:image:height\" content=\"2560\" \/>\n\t<meta property=\"og:image:type\" content=\"image\/jpeg\" \/>\n<meta name=\"author\" content=\"fundacionmdp\" \/>\n<meta name=\"twitter:card\" content=\"summary_large_image\" \/>\n<meta name=\"twitter:label1\" content=\"Escrit per\" \/>\n\t<meta name=\"twitter:data1\" content=\"fundacionmdp\" \/>\n\t<meta name=\"twitter:label2\" content=\"Temps estimat de lectura\" \/>\n\t<meta name=\"twitter:data2\" content=\"3 minuts\" \/>\n<script type=\"application\/ld+json\" class=\"yoast-schema-graph\">{\"@context\":\"https:\\\/\\\/schema.org\",\"@graph\":[{\"@type\":\"Article\",\"@id\":\"https:\\\/\\\/www.fundacionmdp.org\\\/la-fundacion-mutua-de-propietarios-y-el-cscae-se-unen-para-impulsar-proyectos-que-estimulen-la-mejora-de-la-accesibilidad-en-el-parque-de-viviendas-en-espana\\\/#article\",\"isPartOf\":{\"@id\":\"https:\\\/\\\/www.fundacionmdp.org\\\/la-fundacion-mutua-de-propietarios-y-el-cscae-se-unen-para-impulsar-proyectos-que-estimulen-la-mejora-de-la-accesibilidad-en-el-parque-de-viviendas-en-espana\\\/\"},\"author\":{\"name\":\"fundacionmdp\",\"@id\":\"https:\\\/\\\/www.fundacionmdp.org\\\/#\\\/schema\\\/person\\\/12f9af801cac25dfcb5a96cb0090f703\"},\"headline\":\"La Fundaci\u00f3 Mutua de Propietarios i el CSCAE s\u2019uneixen per impulsar projectes que estimulin la millora de l\u2019accessibilitat en el parc d\u2019habitatges a Espanya\",\"datePublished\":\"2020-10-22T13:24:00+00:00\",\"dateModified\":\"2023-05-15T11:34:24+00:00\",\"mainEntityOfPage\":{\"@id\":\"https:\\\/\\\/www.fundacionmdp.org\\\/la-fundacion-mutua-de-propietarios-y-el-cscae-se-unen-para-impulsar-proyectos-que-estimulen-la-mejora-de-la-accesibilidad-en-el-parque-de-viviendas-en-espana\\\/\"},\"wordCount\":689,\"commentCount\":0,\"publisher\":{\"@id\":\"https:\\\/\\\/www.fundacionmdp.org\\\/#organization\"},\"image\":{\"@id\":\"https:\\\/\\\/www.fundacionmdp.org\\\/la-fundacion-mutua-de-propietarios-y-el-cscae-se-unen-para-impulsar-proyectos-que-estimulen-la-mejora-de-la-accesibilidad-en-el-parque-de-viviendas-en-espana\\\/#primaryimage\"},\"thumbnailUrl\":\"https:\\\/\\\/www.fundacionmdp.org\\\/wp-content\\\/uploads\\\/2023\\\/05\\\/20201019_165859-scaled-1.jpg\",\"articleSection\":[\"Sin categorizar\"],\"inLanguage\":\"ca\",\"potentialAction\":[{\"@type\":\"CommentAction\",\"name\":\"Comment\",\"target\":[\"https:\\\/\\\/www.fundacionmdp.org\\\/la-fundacion-mutua-de-propietarios-y-el-cscae-se-unen-para-impulsar-proyectos-que-estimulen-la-mejora-de-la-accesibilidad-en-el-parque-de-viviendas-en-espana\\\/#respond\"]}]},{\"@type\":\"WebPage\",\"@id\":\"https:\\\/\\\/www.fundacionmdp.org\\\/la-fundacion-mutua-de-propietarios-y-el-cscae-se-unen-para-impulsar-proyectos-que-estimulen-la-mejora-de-la-accesibilidad-en-el-parque-de-viviendas-en-espana\\\/\",\"url\":\"https:\\\/\\\/www.fundacionmdp.org\\\/la-fundacion-mutua-de-propietarios-y-el-cscae-se-unen-para-impulsar-proyectos-que-estimulen-la-mejora-de-la-accesibilidad-en-el-parque-de-viviendas-en-espana\\\/\",\"name\":\"La Fundaci\u00f3 Mutua de Propietarios i el CSCAE s\u2019uneixen per impulsar projectes que estimulin la millora de l\u2019accessibilitat en el parc d\u2019habitatges a Espanya - Fundaci\u00f3n Mutua de Propietarios\",\"isPartOf\":{\"@id\":\"https:\\\/\\\/www.fundacionmdp.org\\\/#website\"},\"primaryImageOfPage\":{\"@id\":\"https:\\\/\\\/www.fundacionmdp.org\\\/la-fundacion-mutua-de-propietarios-y-el-cscae-se-unen-para-impulsar-proyectos-que-estimulen-la-mejora-de-la-accesibilidad-en-el-parque-de-viviendas-en-espana\\\/#primaryimage\"},\"image\":{\"@id\":\"https:\\\/\\\/www.fundacionmdp.org\\\/la-fundacion-mutua-de-propietarios-y-el-cscae-se-unen-para-impulsar-proyectos-que-estimulen-la-mejora-de-la-accesibilidad-en-el-parque-de-viviendas-en-espana\\\/#primaryimage\"},\"thumbnailUrl\":\"https:\\\/\\\/www.fundacionmdp.org\\\/wp-content\\\/uploads\\\/2023\\\/05\\\/20201019_165859-scaled-1.jpg\",\"datePublished\":\"2020-10-22T13:24:00+00:00\",\"dateModified\":\"2023-05-15T11:34:24+00:00\",\"breadcrumb\":{\"@id\":\"https:\\\/\\\/www.fundacionmdp.org\\\/la-fundacion-mutua-de-propietarios-y-el-cscae-se-unen-para-impulsar-proyectos-que-estimulen-la-mejora-de-la-accesibilidad-en-el-parque-de-viviendas-en-espana\\\/#breadcrumb\"},\"inLanguage\":\"ca\",\"potentialAction\":[{\"@type\":\"ReadAction\",\"target\":[\"https:\\\/\\\/www.fundacionmdp.org\\\/la-fundacion-mutua-de-propietarios-y-el-cscae-se-unen-para-impulsar-proyectos-que-estimulen-la-mejora-de-la-accesibilidad-en-el-parque-de-viviendas-en-espana\\\/\"]}]},{\"@type\":\"ImageObject\",\"inLanguage\":\"ca\",\"@id\":\"https:\\\/\\\/www.fundacionmdp.org\\\/la-fundacion-mutua-de-propietarios-y-el-cscae-se-unen-para-impulsar-proyectos-que-estimulen-la-mejora-de-la-accesibilidad-en-el-parque-de-viviendas-en-espana\\\/#primaryimage\",\"url\":\"https:\\\/\\\/www.fundacionmdp.org\\\/wp-content\\\/uploads\\\/2023\\\/05\\\/20201019_165859-scaled-1.jpg\",\"contentUrl\":\"https:\\\/\\\/www.fundacionmdp.org\\\/wp-content\\\/uploads\\\/2023\\\/05\\\/20201019_165859-scaled-1.jpg\",\"width\":1920,\"height\":2560},{\"@type\":\"BreadcrumbList\",\"@id\":\"https:\\\/\\\/www.fundacionmdp.org\\\/la-fundacion-mutua-de-propietarios-y-el-cscae-se-unen-para-impulsar-proyectos-que-estimulen-la-mejora-de-la-accesibilidad-en-el-parque-de-viviendas-en-espana\\\/#breadcrumb\",\"itemListElement\":[{\"@type\":\"ListItem\",\"position\":1,\"name\":\"Home\",\"item\":\"https:\\\/\\\/www.fundacionmdp.org\\\/ca\\\/\"},{\"@type\":\"ListItem\",\"position\":2,\"name\":\"La Fundaci\u00f3 Mutua de Propietarios i el CSCAE s\u2019uneixen per impulsar projectes que estimulin la millora de l\u2019accessibilitat en el parc d\u2019habitatges a Espanya\"}]},{\"@type\":\"WebSite\",\"@id\":\"https:\\\/\\\/www.fundacionmdp.org\\\/#website\",\"url\":\"https:\\\/\\\/www.fundacionmdp.org\\\/\",\"name\":\"Fundaci\u00f3n Mutua de Propietarios\",\"description\":\"En la Fundaci\u00f3n Mutua de Propietarios te ayudamos a convertir tu edificio de viviendas en un espacio sin barreras arquitect\u00f3nicas.\",\"publisher\":{\"@id\":\"https:\\\/\\\/www.fundacionmdp.org\\\/#organization\"},\"potentialAction\":[{\"@type\":\"SearchAction\",\"target\":{\"@type\":\"EntryPoint\",\"urlTemplate\":\"https:\\\/\\\/www.fundacionmdp.org\\\/?s={search_term_string}\"},\"query-input\":{\"@type\":\"PropertyValueSpecification\",\"valueRequired\":true,\"valueName\":\"search_term_string\"}}],\"inLanguage\":\"ca\"},{\"@type\":\"Organization\",\"@id\":\"https:\\\/\\\/www.fundacionmdp.org\\\/#organization\",\"name\":\"Fundaci\u00f3n Mutua de Propietarios\",\"url\":\"https:\\\/\\\/www.fundacionmdp.org\\\/\",\"logo\":{\"@type\":\"ImageObject\",\"inLanguage\":\"ca\",\"@id\":\"https:\\\/\\\/www.fundacionmdp.org\\\/#\\\/schema\\\/logo\\\/image\\\/\",\"url\":\"https:\\\/\\\/www.fundacionmdp.org\\\/wp-content\\\/uploads\\\/2023\\\/05\\\/logo_FMdP_cat.png\",\"contentUrl\":\"https:\\\/\\\/www.fundacionmdp.org\\\/wp-content\\\/uploads\\\/2023\\\/05\\\/logo_FMdP_cat.png\",\"width\":655,\"height\":297,\"caption\":\"Fundaci\u00f3n Mutua de Propietarios\"},\"image\":{\"@id\":\"https:\\\/\\\/www.fundacionmdp.org\\\/#\\\/schema\\\/logo\\\/image\\\/\"}},{\"@type\":\"Person\",\"@id\":\"https:\\\/\\\/www.fundacionmdp.org\\\/#\\\/schema\\\/person\\\/12f9af801cac25dfcb5a96cb0090f703\",\"name\":\"fundacionmdp\",\"image\":{\"@type\":\"ImageObject\",\"inLanguage\":\"ca\",\"@id\":\"https:\\\/\\\/secure.gravatar.com\\\/avatar\\\/b540f93d1816a14d85e51109d050c3243b98fb660a665f517a6d2597cff3bbed?s=96&d=mm&r=g\",\"url\":\"https:\\\/\\\/secure.gravatar.com\\\/avatar\\\/b540f93d1816a14d85e51109d050c3243b98fb660a665f517a6d2597cff3bbed?s=96&d=mm&r=g\",\"contentUrl\":\"https:\\\/\\\/secure.gravatar.com\\\/avatar\\\/b540f93d1816a14d85e51109d050c3243b98fb660a665f517a6d2597cff3bbed?s=96&d=mm&r=g\",\"caption\":\"fundacionmdp\"},\"sameAs\":[\"http:\\\/\\\/prezuk.com.mialias.net\\\/fundacionmdp\"],\"url\":\"https:\\\/\\\/www.fundacionmdp.org\\\/ca\\\/author\\\/fundacionmdp\\\/\"}]}<\/script>\n<!-- \/ Yoast SEO plugin. -->","yoast_head_json":{"title":"La Fundaci\u00f3 Mutua de Propietarios i el CSCAE s\u2019uneixen per impulsar projectes que estimulin la millora de l\u2019accessibilitat en el parc d\u2019habitatges a Espanya - Fundaci\u00f3n Mutua de Propietarios","robots":{"index":"index","follow":"follow","max-snippet":"max-snippet:-1","max-image-preview":"max-image-preview:large","max-video-preview":"max-video-preview:-1"},"canonical":"https:\/\/www.fundacionmdp.org\/la-fundacion-mutua-de-propietarios-y-el-cscae-se-unen-para-impulsar-proyectos-que-estimulen-la-mejora-de-la-accesibilidad-en-el-parque-de-viviendas-en-espana\/","og_locale":"ca_ES","og_type":"article","og_title":"La Fundaci\u00f3 Mutua de Propietarios i el CSCAE s\u2019uneixen per impulsar projectes que estimulin la millora de l\u2019accessibilitat en el parc d\u2019habitatges a Espanya - Fundaci\u00f3n Mutua de Propietarios","og_description":"La Fundaci\u00f3 s\u2019incorpora com a membre assessor a l\u2019Observatori 2030 de l\u2019CSCAE La vicepresidenta de la Fundaci\u00f3 M\u00fatua de Propietaris destaca la necessitat de promoure que els edificis de nova construcci\u00f3 compleixin amb la normativa vigent en mat\u00e8ria d\u2019accessibilitatEl president de l\u2019CSCAE valora: \u201cLa col\u00b7laboraci\u00f3 entre les dues organitzacions potenciar\u00e0 tasca de millora de l\u2019accessibilitat [&hellip;]","og_url":"https:\/\/www.fundacionmdp.org\/la-fundacion-mutua-de-propietarios-y-el-cscae-se-unen-para-impulsar-proyectos-que-estimulen-la-mejora-de-la-accesibilidad-en-el-parque-de-viviendas-en-espana\/","og_site_name":"Fundaci\u00f3n Mutua de Propietarios","article_published_time":"2020-10-22T13:24:00+00:00","article_modified_time":"2023-05-15T11:34:24+00:00","og_image":[{"width":1920,"height":2560,"url":"https:\/\/www.fundacionmdp.org\/wp-content\/uploads\/2023\/05\/20201019_165859-scaled-1.jpg","type":"image\/jpeg"}],"author":"fundacionmdp","twitter_card":"summary_large_image","twitter_misc":{"Escrit per":"fundacionmdp","Temps estimat de lectura":"3 minuts"},"schema":{"@context":"https:\/\/schema.org","@graph":[{"@type":"Article","@id":"https:\/\/www.fundacionmdp.org\/la-fundacion-mutua-de-propietarios-y-el-cscae-se-unen-para-impulsar-proyectos-que-estimulen-la-mejora-de-la-accesibilidad-en-el-parque-de-viviendas-en-espana\/#article","isPartOf":{"@id":"https:\/\/www.fundacionmdp.org\/la-fundacion-mutua-de-propietarios-y-el-cscae-se-unen-para-impulsar-proyectos-que-estimulen-la-mejora-de-la-accesibilidad-en-el-parque-de-viviendas-en-espana\/"},"author":{"name":"fundacionmdp","@id":"https:\/\/www.fundacionmdp.org\/#\/schema\/person\/12f9af801cac25dfcb5a96cb0090f703"},"headline":"La Fundaci\u00f3 Mutua de Propietarios i el CSCAE s\u2019uneixen per impulsar projectes que estimulin la millora de l\u2019accessibilitat en el parc d\u2019habitatges a Espanya","datePublished":"2020-10-22T13:24:00+00:00","dateModified":"2023-05-15T11:34:24+00:00","mainEntityOfPage":{"@id":"https:\/\/www.fundacionmdp.org\/la-fundacion-mutua-de-propietarios-y-el-cscae-se-unen-para-impulsar-proyectos-que-estimulen-la-mejora-de-la-accesibilidad-en-el-parque-de-viviendas-en-espana\/"},"wordCount":689,"commentCount":0,"publisher":{"@id":"https:\/\/www.fundacionmdp.org\/#organization"},"image":{"@id":"https:\/\/www.fundacionmdp.org\/la-fundacion-mutua-de-propietarios-y-el-cscae-se-unen-para-impulsar-proyectos-que-estimulen-la-mejora-de-la-accesibilidad-en-el-parque-de-viviendas-en-espana\/#primaryimage"},"thumbnailUrl":"https:\/\/www.fundacionmdp.org\/wp-content\/uploads\/2023\/05\/20201019_165859-scaled-1.jpg","articleSection":["Sin categorizar"],"inLanguage":"ca","potentialAction":[{"@type":"CommentAction","name":"Comment","target":["https:\/\/www.fundacionmdp.org\/la-fundacion-mutua-de-propietarios-y-el-cscae-se-unen-para-impulsar-proyectos-que-estimulen-la-mejora-de-la-accesibilidad-en-el-parque-de-viviendas-en-espana\/#respond"]}]},{"@type":"WebPage","@id":"https:\/\/www.fundacionmdp.org\/la-fundacion-mutua-de-propietarios-y-el-cscae-se-unen-para-impulsar-proyectos-que-estimulen-la-mejora-de-la-accesibilidad-en-el-parque-de-viviendas-en-espana\/","url":"https:\/\/www.fundacionmdp.org\/la-fundacion-mutua-de-propietarios-y-el-cscae-se-unen-para-impulsar-proyectos-que-estimulen-la-mejora-de-la-accesibilidad-en-el-parque-de-viviendas-en-espana\/","name":"La Fundaci\u00f3 Mutua de Propietarios i el CSCAE s\u2019uneixen per impulsar projectes que estimulin la millora de l\u2019accessibilitat en el parc d\u2019habitatges a Espanya - Fundaci\u00f3n Mutua de Propietarios","isPartOf":{"@id":"https:\/\/www.fundacionmdp.org\/#website"},"primaryImageOfPage":{"@id":"https:\/\/www.fundacionmdp.org\/la-fundacion-mutua-de-propietarios-y-el-cscae-se-unen-para-impulsar-proyectos-que-estimulen-la-mejora-de-la-accesibilidad-en-el-parque-de-viviendas-en-espana\/#primaryimage"},"image":{"@id":"https:\/\/www.fundacionmdp.org\/la-fundacion-mutua-de-propietarios-y-el-cscae-se-unen-para-impulsar-proyectos-que-estimulen-la-mejora-de-la-accesibilidad-en-el-parque-de-viviendas-en-espana\/#primaryimage"},"thumbnailUrl":"https:\/\/www.fundacionmdp.org\/wp-content\/uploads\/2023\/05\/20201019_165859-scaled-1.jpg","datePublished":"2020-10-22T13:24:00+00:00","dateModified":"2023-05-15T11:34:24+00:00","breadcrumb":{"@id":"https:\/\/www.fundacionmdp.org\/la-fundacion-mutua-de-propietarios-y-el-cscae-se-unen-para-impulsar-proyectos-que-estimulen-la-mejora-de-la-accesibilidad-en-el-parque-de-viviendas-en-espana\/#breadcrumb"},"inLanguage":"ca","potentialAction":[{"@type":"ReadAction","target":["https:\/\/www.fundacionmdp.org\/la-fundacion-mutua-de-propietarios-y-el-cscae-se-unen-para-impulsar-proyectos-que-estimulen-la-mejora-de-la-accesibilidad-en-el-parque-de-viviendas-en-espana\/"]}]},{"@type":"ImageObject","inLanguage":"ca","@id":"https:\/\/www.fundacionmdp.org\/la-fundacion-mutua-de-propietarios-y-el-cscae-se-unen-para-impulsar-proyectos-que-estimulen-la-mejora-de-la-accesibilidad-en-el-parque-de-viviendas-en-espana\/#primaryimage","url":"https:\/\/www.fundacionmdp.org\/wp-content\/uploads\/2023\/05\/20201019_165859-scaled-1.jpg","contentUrl":"https:\/\/www.fundacionmdp.org\/wp-content\/uploads\/2023\/05\/20201019_165859-scaled-1.jpg","width":1920,"height":2560},{"@type":"BreadcrumbList","@id":"https:\/\/www.fundacionmdp.org\/la-fundacion-mutua-de-propietarios-y-el-cscae-se-unen-para-impulsar-proyectos-que-estimulen-la-mejora-de-la-accesibilidad-en-el-parque-de-viviendas-en-espana\/#breadcrumb","itemListElement":[{"@type":"ListItem","position":1,"name":"Home","item":"https:\/\/www.fundacionmdp.org\/ca\/"},{"@type":"ListItem","position":2,"name":"La Fundaci\u00f3 Mutua de Propietarios i el CSCAE s\u2019uneixen per impulsar projectes que estimulin la millora de l\u2019accessibilitat en el parc d\u2019habitatges a Espanya"}]},{"@type":"WebSite","@id":"https:\/\/www.fundacionmdp.org\/#website","url":"https:\/\/www.fundacionmdp.org\/","name":"Fundaci\u00f3n Mutua de Propietarios","description":"En la Fundaci\u00f3n Mutua de Propietarios te ayudamos a convertir tu edificio de viviendas en un espacio sin barreras arquitect\u00f3nicas.","publisher":{"@id":"https:\/\/www.fundacionmdp.org\/#organization"},"potentialAction":[{"@type":"SearchAction","target":{"@type":"EntryPoint","urlTemplate":"https:\/\/www.fundacionmdp.org\/?s={search_term_string}"},"query-input":{"@type":"PropertyValueSpecification","valueRequired":true,"valueName":"search_term_string"}}],"inLanguage":"ca"},{"@type":"Organization","@id":"https:\/\/www.fundacionmdp.org\/#organization","name":"Fundaci\u00f3n Mutua de Propietarios","url":"https:\/\/www.fundacionmdp.org\/","logo":{"@type":"ImageObject","inLanguage":"ca","@id":"https:\/\/www.fundacionmdp.org\/#\/schema\/logo\/image\/","url":"https:\/\/www.fundacionmdp.org\/wp-content\/uploads\/2023\/05\/logo_FMdP_cat.png","contentUrl":"https:\/\/www.fundacionmdp.org\/wp-content\/uploads\/2023\/05\/logo_FMdP_cat.png","width":655,"height":297,"caption":"Fundaci\u00f3n Mutua de Propietarios"},"image":{"@id":"https:\/\/www.fundacionmdp.org\/#\/schema\/logo\/image\/"}},{"@type":"Person","@id":"https:\/\/www.fundacionmdp.org\/#\/schema\/person\/12f9af801cac25dfcb5a96cb0090f703","name":"fundacionmdp","image":{"@type":"ImageObject","inLanguage":"ca","@id":"https:\/\/secure.gravatar.com\/avatar\/b540f93d1816a14d85e51109d050c3243b98fb660a665f517a6d2597cff3bbed?s=96&d=mm&r=g","url":"https:\/\/secure.gravatar.com\/avatar\/b540f93d1816a14d85e51109d050c3243b98fb660a665f517a6d2597cff3bbed?s=96&d=mm&r=g","contentUrl":"https:\/\/secure.gravatar.com\/avatar\/b540f93d1816a14d85e51109d050c3243b98fb660a665f517a6d2597cff3bbed?s=96&d=mm&r=g","caption":"fundacionmdp"},"sameAs":["http:\/\/prezuk.com.mialias.net\/fundacionmdp"],"url":"https:\/\/www.fundacionmdp.org\/ca\/author\/fundacionmdp\/"}]}},"_links":{"self":[{"href":"https:\/\/www.fundacionmdp.org\/ca\/wp-json\/wp\/v2\/posts\/7340","targetHints":{"allow":["GET"]}}],"collection":[{"href":"https:\/\/www.fundacionmdp.org\/ca\/wp-json\/wp\/v2\/posts"}],"about":[{"href":"https:\/\/www.fundacionmdp.org\/ca\/wp-json\/wp\/v2\/types\/post"}],"author":[{"embeddable":true,"href":"https:\/\/www.fundacionmdp.org\/ca\/wp-json\/wp\/v2\/users\/1"}],"replies":[{"embeddable":true,"href":"https:\/\/www.fundacionmdp.org\/ca\/wp-json\/wp\/v2\/comments?post=7340"}],"version-history":[{"count":4,"href":"https:\/\/www.fundacionmdp.org\/ca\/wp-json\/wp\/v2\/posts\/7340\/revisions"}],"predecessor-version":[{"id":7344,"href":"https:\/\/www.fundacionmdp.org\/ca\/wp-json\/wp\/v2\/posts\/7340\/revisions\/7344"}],"wp:featuredmedia":[{"embeddable":true,"href":"https:\/\/www.fundacionmdp.org\/ca\/wp-json\/wp\/v2\/media\/6554"}],"wp:attachment":[{"href":"https:\/\/www.fundacionmdp.org\/ca\/wp-json\/wp\/v2\/media?parent=7340"}],"wp:term":[{"taxonomy":"category","embeddable":true,"href":"https:\/\/www.fundacionmdp.org\/ca\/wp-json\/wp\/v2\/categories?post=7340"},{"taxonomy":"post_tag","embeddable":true,"href":"https:\/\/www.fundacionmdp.org\/ca\/wp-json\/wp\/v2\/tags?post=7340"}],"curies":[{"name":"wp","href":"https:\/\/api.w.org\/{rel}","templated":true}]}}