{"id":7345,"date":"2020-11-18T13:27:00","date_gmt":"2020-11-18T13:27:00","guid":{"rendered":"http:\/\/prezuk.com.mialias.net\/fundacionmdp\/lassociacio-burgalesa-desclerosi-multiple-guanyadora-del-premi-mas-supervecinos-que-nunca-2020-de-la-fundacion-mutua-de-propietarios\/"},"modified":"2023-05-15T11:36:50","modified_gmt":"2023-05-15T11:36:50","slug":"lassociacio-burgalesa-desclerosi-multiple-guanyadora-del-premi-mas-supervecinos-que-nunca-2020-de-la-fundacion-mutua-de-propietarios","status":"publish","type":"post","link":"https:\/\/www.fundacionmdp.org\/ca\/lassociacio-burgalesa-desclerosi-multiple-guanyadora-del-premi-mas-supervecinos-que-nunca-2020-de-la-fundacion-mutua-de-propietarios\/","title":{"rendered":"L\u2019Associaci\u00f3 Burgalesa d\u2019Esclerosi M\u00faltiple, guanyadora del Premi \u2018M\u00e1s Supervecinos Que Nunca 2020 de la Fundaci\u00f3n Mutua de Propietarios\u2019"},"content":{"rendered":"\t\t<div data-elementor-type=\"wp-post\" data-elementor-id=\"7345\" class=\"elementor elementor-7345 elementor-2522\">\n\t\t\t\t<div class=\"elementor-element elementor-element-4977c46 e-flex e-con-boxed e-con e-parent\" data-id=\"4977c46\" data-element_type=\"container\" data-e-type=\"container\">\n\t\t\t\t\t<div class=\"e-con-inner\">\n\t\t\t\t<div class=\"elementor-element elementor-element-d63a221 elementor-widget elementor-widget-text-editor\" data-id=\"d63a221\" data-element_type=\"widget\" data-e-type=\"widget\" data-widget_type=\"text-editor.default\">\n\t\t\t\t<div class=\"elementor-widget-container\">\n\t\t\t\t\t\t\t\t\t<p><strong>M\u00e9s de 28.500 persones han votat per alguna de les prop de 30 iniciatives solid\u00e0ries proposades per diferents usuaris<\/strong><\/p><p><strong>La iniciativa \u2018No esteu sol @ s en aquests moments tan complicats\u2019, obtindr\u00e0 una dotaci\u00f3 econ\u00f2mica de 3.000 euros per la seva contribuci\u00f3 a la millora de la vida de les persones amb mobilitat redu\u00efda<\/strong><\/p><p><strong>Madrid, 17 de novembre de 2020.-<\/strong> L\u2019Associaci\u00f3 Burgalesa d\u2019Esclerosi M\u00faltiple (ASBEM) ha estat la guanyadora de el premi # M\u00e1s Supervecinos que Nunca 2020\u2019\u2019, creat per la Fundaci\u00f3n Mutua de Propietarios per recon\u00e8ixer la millor pr\u00e0ctica de solidaritat i ajuda a les persones amb mobilitat redu\u00efda desenvolupada durant el per\u00edode de confinament, quan l\u2019a\u00efllament va posar a aquest col\u00b7lectiu en una situaci\u00f3 de vulnerabilitat encara m\u00e9s gran.<\/p><p>Prop de 30 iniciatives solid\u00e0ries han presentat la seva candidatura a aquest guard\u00f3 que despr\u00e9s d\u2019un proc\u00e9s de votaci\u00f3 en qu\u00e8 han participat m\u00e9s de 28.500 persones, ha recaigut en el projecte burgal\u00e8s \u2018No esteu sol@s en aquests moments tan complicats\u2019, que rebr\u00e0 una dotaci\u00f3 econ\u00f2mica de 3.000 euros per la seva contribuci\u00f3 a la millora de la vida de les persones amb mobilitat redu\u00efda.<\/p><p>\u201cVolem donar el nostre m\u00e9s sincer agra\u00efment, als que han compartit amb la Fundaci\u00f3n Mutua de Propietarios aquests projectes que han servit per ajudar, acompanyar o entretenir a les m\u00e9s de 2,5 milions de persones amb mobilitat redu\u00efda durant el confinament, i a totes les persones que han treballat perqu\u00e8 aquestes iniciatives es puguin dur a terme \u201c, afirma Laura L\u00f3pez Demarbre, vicepresidenta executiva de la Fundaci\u00f3.<\/p><p>El projecte \u2018No esteu sol@s en aquests moments tan complicats\u2019 neix davant la impossibilitat de l\u2019associaci\u00f3 de continuar atenent als seus centres, on van persones amb esclerosi m\u00faltiple i altres malalties neurodegeneratives que necessiten d\u2019una atenci\u00f3 cont\u00ednua i constant, a causa de el confinament.<\/p><h3>Declaracions de ASBEM<\/h3><p><img decoding=\"async\" class=\"size-medium wp-image-3731 alignleft\" src=\"https:\/\/www.fundacionmdp.org\/wp-content\/uploads\/2023\/05\/Captura-1.jpg\" alt=\"accesibilidad universal\" \/><\/p><p>Davant d\u2019aquesta situaci\u00f3, des d\u2019ASBEM van buscar diferents vies per continuar al seu costat. Aix\u00ed, van incloure l\u2019\u00fas de la tecnologia (WhatsApp, Skype, etc.) en les seves rutines di\u00e0ries per seguir escoltant als seus usuaris o aconsellant exercicis i van dissenyar diferents iniciatives amb qu\u00e8 tractar de combatre la falta d\u2019\u00e0nim dels seus beneficiaris, com v\u00eddeos de l\u2019equip de ASBEM traslladant tot el seu suport, o del capit\u00e0 del CD Mirand\u00e9s, equip de futbol molt estimat a la ciutat.<\/p><p>\u201cL\u2019estat de confinament ens va obligar a con\u00e8ixer de primera m\u00e0 la situaci\u00f3 que di\u00e0riament viuen els m\u00e9s de 100.000 espanyols que no surten mai de casa per\u00f2, al mateix temps, ha mostrat el costat m\u00e9s solidari de persones i associacions que s\u2019han esfor\u00e7at per ajudar als que tenien problemes de mobilitat, especialment aquelles d\u2019edat avan\u00e7ada o amb patologies pr\u00e8vies que suposaven un factor de risc enfront del coronavirus \u201c, explica Laura L\u00f3pez Demarbre, vicepresidenta de la Fundaci\u00f3n Mutua de Propietarios.<\/p><h3>La campanya \u2018Supervecinos\u2019<\/h3><p>Al 2019, la Fundaci\u00f3n Mutua de Propietariso, l\u2019objectiu de la qual \u00e9s millorar la qualitat de vida de les persones amb mobilitat redu\u00efda millorant l\u2019accessibilitat a l\u2019habitatge i el seu entorn m\u00e9s immediat i la tecnologia, es va proposar donar veu a totes aquelles persones que, a causa de les dificultats per sortir de casa, s\u2019han tornat \u2018invisibles\u2019 per als seus ve\u00efns.<\/p><p>Partint de l\u2019informe \u201c<a href=\"https:\/\/www.fundacionmdp.org\/notice\/presentacion-del-estudio-de-movilidad-reducidad-y-accesibilidad\/\">Mobilitat redu\u00efda i accessibilitat a l\u2019edifici<\/a>\u201d, la Fundaci\u00f3n Mutua de Propietarios va posar en marxa un \u2018experiment social\u2019 en una comunitat de ve\u00efns residents en un immoble no accessible. La seva ve\u00efna Andrea -de 71 anys, amb Parkinson, en cadira de rodes- va ser la cara de la campanya. La creu, les barreres arquitect\u00f2niques del seu edifici: els quatre trams d\u2019escales que la converteixen en presonera de casa.<\/p><p>L\u2019objectiu de la iniciativa \u2018Supervecinos\u2019 \u00e9s fer-nos reflexionar. Potser en el nostre edifici hi hagi algun ve\u00ed amb mobilitat redu\u00efda i, potser, puguem ajudar-lo. A m\u00e9s, tamb\u00e9 constitueix una petici\u00f3 a les administracions p\u00fabliques perqu\u00e8 destinin fons a l\u2019adaptaci\u00f3 dels immobles, i un recordatori a les comunitats de propietaris de la seva obligaci\u00f3 amb les persones amb discapacitat o mobilitat redu\u00efda residents a la finca.<\/p>\t\t\t\t\t\t\t\t<\/div>\n\t\t\t\t<\/div>\n\t\t\t\t\t<\/div>\n\t\t\t\t<\/div>\n\t\t<div class=\"elementor-element elementor-element-c53a561 e-flex e-con-boxed e-con e-parent\" data-id=\"c53a561\" data-element_type=\"container\" data-e-type=\"container\">\n\t\t\t\t\t<div class=\"e-con-inner\">\n\t\t<div class=\"elementor-element elementor-element-e5bd257 e-con-full e-flex e-con e-parent\" data-id=\"e5bd257\" data-element_type=\"container\" data-e-type=\"container\">\n\t\t\t\t<div class=\"elementor-element elementor-element-6c745a3 elementor-widget elementor-widget-image\" data-id=\"6c745a3\" data-element_type=\"widget\" data-e-type=\"widget\" data-widget_type=\"image.default\">\n\t\t\t\t<div class=\"elementor-widget-container\">\n\t\t\t\t\t\t\t\t\t\t\t\t\t\t\t<img fetchpriority=\"high\" decoding=\"async\" width=\"768\" height=\"1024\" src=\"https:\/\/www.fundacionmdp.org\/wp-content\/uploads\/2020\/11\/foto-para-FMP5-768x1024.jpg\" class=\"attachment-large size-large wp-image-6558\" alt=\"\" srcset=\"https:\/\/www.fundacionmdp.org\/wp-content\/uploads\/2020\/11\/foto-para-FMP5-768x1024.jpg 768w, https:\/\/www.fundacionmdp.org\/wp-content\/uploads\/2020\/11\/foto-para-FMP5-225x300.jpg 225w, https:\/\/www.fundacionmdp.org\/wp-content\/uploads\/2020\/11\/foto-para-FMP5-1152x1536.jpg 1152w, https:\/\/www.fundacionmdp.org\/wp-content\/uploads\/2020\/11\/foto-para-FMP5.jpg 1200w\" sizes=\"(max-width: 768px) 100vw, 768px\" \/>\t\t\t\t\t\t\t\t\t\t\t\t\t\t\t<\/div>\n\t\t\t\t<\/div>\n\t\t\t\t<\/div>\n\t\t<div class=\"elementor-element elementor-element-1a5ddf3 e-con-full e-flex e-con e-parent\" data-id=\"1a5ddf3\" data-element_type=\"container\" data-e-type=\"container\">\n\t\t\t\t<div class=\"elementor-element elementor-element-c94c4c3 elementor-widget elementor-widget-image\" data-id=\"c94c4c3\" data-element_type=\"widget\" data-e-type=\"widget\" data-widget_type=\"image.default\">\n\t\t\t\t<div class=\"elementor-widget-container\">\n\t\t\t\t\t\t\t\t\t\t\t\t\t\t\t<img decoding=\"async\" width=\"1024\" height=\"768\" src=\"https:\/\/www.fundacionmdp.org\/wp-content\/uploads\/2020\/11\/foto-para-FMP3-1024x768.jpg\" class=\"attachment-large size-large wp-image-6557\" alt=\"\" srcset=\"https:\/\/www.fundacionmdp.org\/wp-content\/uploads\/2020\/11\/foto-para-FMP3-1024x768.jpg 1024w, https:\/\/www.fundacionmdp.org\/wp-content\/uploads\/2020\/11\/foto-para-FMP3-300x225.jpg 300w, https:\/\/www.fundacionmdp.org\/wp-content\/uploads\/2020\/11\/foto-para-FMP3-768x576.jpg 768w, https:\/\/www.fundacionmdp.org\/wp-content\/uploads\/2020\/11\/foto-para-FMP3-1536x1152.jpg 1536w, https:\/\/www.fundacionmdp.org\/wp-content\/uploads\/2020\/11\/foto-para-FMP3.jpg 1600w\" sizes=\"(max-width: 1024px) 100vw, 1024px\" \/>\t\t\t\t\t\t\t\t\t\t\t\t\t\t\t<\/div>\n\t\t\t\t<\/div>\n\t\t\t\t<\/div>\n\t\t\t\t\t<\/div>\n\t\t\t\t<\/div>\n\t\t<div class=\"elementor-element elementor-element-d316a9f e-flex e-con-boxed e-con e-parent\" data-id=\"d316a9f\" data-element_type=\"container\" data-e-type=\"container\">\n\t\t\t\t\t<div class=\"e-con-inner\">\n\t\t\t\t<div class=\"elementor-element elementor-element-fb08de9 elementor-widget elementor-widget-text-editor\" data-id=\"fb08de9\" data-element_type=\"widget\" data-e-type=\"widget\" data-widget_type=\"text-editor.default\">\n\t\t\t\t<div class=\"elementor-widget-container\">\n\t\t\t\t\t\t\t\t\t<p>A les imatges, N\u00faria S\u00e1nchez fisioterapeuta del centre, Bego\u00f1a Castro, treballadora social, Feli M\u00e9ndez, conductora del centre i Elena Casta\u00f1eda (membre de la Junta Directiva).<\/p>\t\t\t\t\t\t\t\t<\/div>\n\t\t\t\t<\/div>\n\t\t\t\t\t<\/div>\n\t\t\t\t<\/div>\n\t\t\t\t<\/div>\n\t\t","protected":false},"excerpt":{"rendered":"<p>M\u00e9s de 28.500 persones han votat per alguna de les prop de 30 iniciatives solid\u00e0ries proposades per diferents usuaris La iniciativa \u2018No esteu sol @ s en aquests moments tan complicats\u2019, obtindr\u00e0 una dotaci\u00f3 econ\u00f2mica de 3.000 euros per la seva contribuci\u00f3 a la millora de la vida de les persones amb mobilitat redu\u00efda Madrid, [&hellip;]<\/p>\n","protected":false},"author":1,"featured_media":6555,"comment_status":"open","ping_status":"open","sticky":false,"template":"","format":"standard","meta":{"_acf_changed":false,"ocean_post_layout":"","ocean_both_sidebars_style":"","ocean_both_sidebars_content_width":0,"ocean_both_sidebars_sidebars_width":0,"ocean_sidebar":"0","ocean_second_sidebar":"0","ocean_disable_margins":"enable","ocean_add_body_class":"","ocean_shortcode_before_top_bar":"","ocean_shortcode_after_top_bar":"","ocean_shortcode_before_header":"","ocean_shortcode_after_header":"","ocean_has_shortcode":"","ocean_shortcode_after_title":"","ocean_shortcode_before_footer_widgets":"","ocean_shortcode_after_footer_widgets":"","ocean_shortcode_before_footer_bottom":"","ocean_shortcode_after_footer_bottom":"","ocean_display_top_bar":"default","ocean_display_header":"default","ocean_header_style":"","ocean_center_header_left_menu":"0","ocean_custom_header_template":"0","ocean_custom_logo":0,"ocean_custom_retina_logo":0,"ocean_custom_logo_max_width":0,"ocean_custom_logo_tablet_max_width":0,"ocean_custom_logo_mobile_max_width":0,"ocean_custom_logo_max_height":0,"ocean_custom_logo_tablet_max_height":0,"ocean_custom_logo_mobile_max_height":0,"ocean_header_custom_menu":"0","ocean_menu_typo_font_family":"0","ocean_menu_typo_font_subset":"","ocean_menu_typo_font_size":0,"ocean_menu_typo_font_size_tablet":0,"ocean_menu_typo_font_size_mobile":0,"ocean_menu_typo_font_size_unit":"px","ocean_menu_typo_font_weight":"","ocean_menu_typo_font_weight_tablet":"","ocean_menu_typo_font_weight_mobile":"","ocean_menu_typo_transform":"","ocean_menu_typo_transform_tablet":"","ocean_menu_typo_transform_mobile":"","ocean_menu_typo_line_height":0,"ocean_menu_typo_line_height_tablet":0,"ocean_menu_typo_line_height_mobile":0,"ocean_menu_typo_line_height_unit":"","ocean_menu_typo_spacing":0,"ocean_menu_typo_spacing_tablet":0,"ocean_menu_typo_spacing_mobile":0,"ocean_menu_typo_spacing_unit":"","ocean_menu_link_color":"","ocean_menu_link_color_hover":"","ocean_menu_link_color_active":"","ocean_menu_link_background":"","ocean_menu_link_hover_background":"","ocean_menu_link_active_background":"","ocean_menu_social_links_bg":"","ocean_menu_social_hover_links_bg":"","ocean_menu_social_links_color":"","ocean_menu_social_hover_links_color":"","ocean_disable_title":"default","ocean_disable_heading":"default","ocean_post_title":"","ocean_post_subheading":"","ocean_post_title_style":"","ocean_post_title_background_color":"","ocean_post_title_background":0,"ocean_post_title_bg_image_position":"","ocean_post_title_bg_image_attachment":"","ocean_post_title_bg_image_repeat":"","ocean_post_title_bg_image_size":"","ocean_post_title_height":0,"ocean_post_title_bg_overlay":0.5,"ocean_post_title_bg_overlay_color":"","ocean_disable_breadcrumbs":"default","ocean_breadcrumbs_color":"","ocean_breadcrumbs_separator_color":"","ocean_breadcrumbs_links_color":"","ocean_breadcrumbs_links_hover_color":"","ocean_display_footer_widgets":"default","ocean_display_footer_bottom":"default","ocean_custom_footer_template":"0","ocean_post_oembed":"","ocean_post_self_hosted_media":"","ocean_post_video_embed":"","ocean_link_format":"","ocean_link_format_target":"self","ocean_quote_format":"","ocean_quote_format_link":"post","ocean_gallery_link_images":"on","ocean_gallery_id":[],"footnotes":""},"categories":[1],"tags":[],"class_list":["post-7345","post","type-post","status-publish","format-standard","has-post-thumbnail","hentry","category-sin-categorizar","entry","has-media"],"acf":[],"yoast_head":"<!-- This site is optimized with the Yoast SEO plugin v27.3 - https:\/\/yoast.com\/product\/yoast-seo-wordpress\/ -->\n<title>L\u2019Associaci\u00f3 Burgalesa d\u2019Esclerosi M\u00faltiple, guanyadora del Premi \u2018M\u00e1s Supervecinos Que Nunca 2020 de la Fundaci\u00f3n Mutua de Propietarios\u2019 - Fundaci\u00f3n Mutua de Propietarios<\/title>\n<meta name=\"robots\" content=\"index, follow, max-snippet:-1, max-image-preview:large, max-video-preview:-1\" \/>\n<link rel=\"canonical\" href=\"https:\/\/www.fundacionmdp.org\/la-asociacion-burgalesa-de-esclerosis-multiple-ganadora-del-premio-mas-supervecinos-que-nunca-2020-de-la-fundacion-mutua-de-propietarios\/\" \/>\n<meta property=\"og:locale\" content=\"ca_ES\" \/>\n<meta property=\"og:type\" content=\"article\" \/>\n<meta property=\"og:title\" content=\"L\u2019Associaci\u00f3 Burgalesa d\u2019Esclerosi M\u00faltiple, guanyadora del Premi \u2018M\u00e1s Supervecinos Que Nunca 2020 de la Fundaci\u00f3n Mutua de Propietarios\u2019 - Fundaci\u00f3n Mutua de Propietarios\" \/>\n<meta property=\"og:description\" content=\"M\u00e9s de 28.500 persones han votat per alguna de les prop de 30 iniciatives solid\u00e0ries proposades per diferents usuaris La iniciativa \u2018No esteu sol @ s en aquests moments tan complicats\u2019, obtindr\u00e0 una dotaci\u00f3 econ\u00f2mica de 3.000 euros per la seva contribuci\u00f3 a la millora de la vida de les persones amb mobilitat redu\u00efda Madrid, [&hellip;]\" \/>\n<meta property=\"og:url\" content=\"https:\/\/www.fundacionmdp.org\/la-asociacion-burgalesa-de-esclerosis-multiple-ganadora-del-premio-mas-supervecinos-que-nunca-2020-de-la-fundacion-mutua-de-propietarios\/\" \/>\n<meta property=\"og:site_name\" content=\"Fundaci\u00f3n Mutua de Propietarios\" \/>\n<meta property=\"article:published_time\" content=\"2020-11-18T13:27:00+00:00\" \/>\n<meta property=\"article:modified_time\" content=\"2023-05-15T11:36:50+00:00\" \/>\n<meta property=\"og:image\" content=\"https:\/\/www.fundacionmdp.org\/wp-content\/uploads\/2023\/05\/Captura.jpg\" \/>\n\t<meta property=\"og:image:width\" content=\"391\" \/>\n\t<meta property=\"og:image:height\" content=\"292\" \/>\n\t<meta property=\"og:image:type\" content=\"image\/jpeg\" \/>\n<meta name=\"author\" content=\"fundacionmdp\" \/>\n<meta name=\"twitter:card\" content=\"summary_large_image\" \/>\n<meta name=\"twitter:label1\" content=\"Escrit per\" \/>\n\t<meta name=\"twitter:data1\" content=\"fundacionmdp\" \/>\n\t<meta name=\"twitter:label2\" content=\"Temps estimat de lectura\" \/>\n\t<meta name=\"twitter:data2\" content=\"4 minuts\" \/>\n<script type=\"application\/ld+json\" class=\"yoast-schema-graph\">{\"@context\":\"https:\\\/\\\/schema.org\",\"@graph\":[{\"@type\":\"Article\",\"@id\":\"https:\\\/\\\/www.fundacionmdp.org\\\/la-asociacion-burgalesa-de-esclerosis-multiple-ganadora-del-premio-mas-supervecinos-que-nunca-2020-de-la-fundacion-mutua-de-propietarios\\\/#article\",\"isPartOf\":{\"@id\":\"https:\\\/\\\/www.fundacionmdp.org\\\/la-asociacion-burgalesa-de-esclerosis-multiple-ganadora-del-premio-mas-supervecinos-que-nunca-2020-de-la-fundacion-mutua-de-propietarios\\\/\"},\"author\":{\"name\":\"fundacionmdp\",\"@id\":\"https:\\\/\\\/www.fundacionmdp.org\\\/#\\\/schema\\\/person\\\/12f9af801cac25dfcb5a96cb0090f703\"},\"headline\":\"L\u2019Associaci\u00f3 Burgalesa d\u2019Esclerosi M\u00faltiple, guanyadora del Premi \u2018M\u00e1s Supervecinos Que Nunca 2020 de la Fundaci\u00f3n Mutua de Propietarios\u2019\",\"datePublished\":\"2020-11-18T13:27:00+00:00\",\"dateModified\":\"2023-05-15T11:36:50+00:00\",\"mainEntityOfPage\":{\"@id\":\"https:\\\/\\\/www.fundacionmdp.org\\\/la-asociacion-burgalesa-de-esclerosis-multiple-ganadora-del-premio-mas-supervecinos-que-nunca-2020-de-la-fundacion-mutua-de-propietarios\\\/\"},\"wordCount\":776,\"commentCount\":0,\"publisher\":{\"@id\":\"https:\\\/\\\/www.fundacionmdp.org\\\/#organization\"},\"image\":{\"@id\":\"https:\\\/\\\/www.fundacionmdp.org\\\/la-asociacion-burgalesa-de-esclerosis-multiple-ganadora-del-premio-mas-supervecinos-que-nunca-2020-de-la-fundacion-mutua-de-propietarios\\\/#primaryimage\"},\"thumbnailUrl\":\"https:\\\/\\\/www.fundacionmdp.org\\\/wp-content\\\/uploads\\\/2023\\\/05\\\/Captura.jpg\",\"articleSection\":[\"Sin categorizar\"],\"inLanguage\":\"ca\",\"potentialAction\":[{\"@type\":\"CommentAction\",\"name\":\"Comment\",\"target\":[\"https:\\\/\\\/www.fundacionmdp.org\\\/la-asociacion-burgalesa-de-esclerosis-multiple-ganadora-del-premio-mas-supervecinos-que-nunca-2020-de-la-fundacion-mutua-de-propietarios\\\/#respond\"]}]},{\"@type\":\"WebPage\",\"@id\":\"https:\\\/\\\/www.fundacionmdp.org\\\/la-asociacion-burgalesa-de-esclerosis-multiple-ganadora-del-premio-mas-supervecinos-que-nunca-2020-de-la-fundacion-mutua-de-propietarios\\\/\",\"url\":\"https:\\\/\\\/www.fundacionmdp.org\\\/la-asociacion-burgalesa-de-esclerosis-multiple-ganadora-del-premio-mas-supervecinos-que-nunca-2020-de-la-fundacion-mutua-de-propietarios\\\/\",\"name\":\"L\u2019Associaci\u00f3 Burgalesa d\u2019Esclerosi M\u00faltiple, guanyadora del Premi \u2018M\u00e1s Supervecinos Que Nunca 2020 de la Fundaci\u00f3n Mutua de Propietarios\u2019 - Fundaci\u00f3n Mutua de Propietarios\",\"isPartOf\":{\"@id\":\"https:\\\/\\\/www.fundacionmdp.org\\\/#website\"},\"primaryImageOfPage\":{\"@id\":\"https:\\\/\\\/www.fundacionmdp.org\\\/la-asociacion-burgalesa-de-esclerosis-multiple-ganadora-del-premio-mas-supervecinos-que-nunca-2020-de-la-fundacion-mutua-de-propietarios\\\/#primaryimage\"},\"image\":{\"@id\":\"https:\\\/\\\/www.fundacionmdp.org\\\/la-asociacion-burgalesa-de-esclerosis-multiple-ganadora-del-premio-mas-supervecinos-que-nunca-2020-de-la-fundacion-mutua-de-propietarios\\\/#primaryimage\"},\"thumbnailUrl\":\"https:\\\/\\\/www.fundacionmdp.org\\\/wp-content\\\/uploads\\\/2023\\\/05\\\/Captura.jpg\",\"datePublished\":\"2020-11-18T13:27:00+00:00\",\"dateModified\":\"2023-05-15T11:36:50+00:00\",\"breadcrumb\":{\"@id\":\"https:\\\/\\\/www.fundacionmdp.org\\\/la-asociacion-burgalesa-de-esclerosis-multiple-ganadora-del-premio-mas-supervecinos-que-nunca-2020-de-la-fundacion-mutua-de-propietarios\\\/#breadcrumb\"},\"inLanguage\":\"ca\",\"potentialAction\":[{\"@type\":\"ReadAction\",\"target\":[\"https:\\\/\\\/www.fundacionmdp.org\\\/la-asociacion-burgalesa-de-esclerosis-multiple-ganadora-del-premio-mas-supervecinos-que-nunca-2020-de-la-fundacion-mutua-de-propietarios\\\/\"]}]},{\"@type\":\"ImageObject\",\"inLanguage\":\"ca\",\"@id\":\"https:\\\/\\\/www.fundacionmdp.org\\\/la-asociacion-burgalesa-de-esclerosis-multiple-ganadora-del-premio-mas-supervecinos-que-nunca-2020-de-la-fundacion-mutua-de-propietarios\\\/#primaryimage\",\"url\":\"https:\\\/\\\/www.fundacionmdp.org\\\/wp-content\\\/uploads\\\/2023\\\/05\\\/Captura.jpg\",\"contentUrl\":\"https:\\\/\\\/www.fundacionmdp.org\\\/wp-content\\\/uploads\\\/2023\\\/05\\\/Captura.jpg\",\"width\":391,\"height\":292},{\"@type\":\"BreadcrumbList\",\"@id\":\"https:\\\/\\\/www.fundacionmdp.org\\\/la-asociacion-burgalesa-de-esclerosis-multiple-ganadora-del-premio-mas-supervecinos-que-nunca-2020-de-la-fundacion-mutua-de-propietarios\\\/#breadcrumb\",\"itemListElement\":[{\"@type\":\"ListItem\",\"position\":1,\"name\":\"Home\",\"item\":\"https:\\\/\\\/www.fundacionmdp.org\\\/ca\\\/\"},{\"@type\":\"ListItem\",\"position\":2,\"name\":\"L\u2019Associaci\u00f3 Burgalesa d\u2019Esclerosi M\u00faltiple, guanyadora del Premi \u2018M\u00e1s Supervecinos Que Nunca 2020 de la Fundaci\u00f3n Mutua de Propietarios\u2019\"}]},{\"@type\":\"WebSite\",\"@id\":\"https:\\\/\\\/www.fundacionmdp.org\\\/#website\",\"url\":\"https:\\\/\\\/www.fundacionmdp.org\\\/\",\"name\":\"Fundaci\u00f3n Mutua de Propietarios\",\"description\":\"En la Fundaci\u00f3n Mutua de Propietarios te ayudamos a convertir tu edificio de viviendas en un espacio sin barreras arquitect\u00f3nicas.\",\"publisher\":{\"@id\":\"https:\\\/\\\/www.fundacionmdp.org\\\/#organization\"},\"potentialAction\":[{\"@type\":\"SearchAction\",\"target\":{\"@type\":\"EntryPoint\",\"urlTemplate\":\"https:\\\/\\\/www.fundacionmdp.org\\\/?s={search_term_string}\"},\"query-input\":{\"@type\":\"PropertyValueSpecification\",\"valueRequired\":true,\"valueName\":\"search_term_string\"}}],\"inLanguage\":\"ca\"},{\"@type\":\"Organization\",\"@id\":\"https:\\\/\\\/www.fundacionmdp.org\\\/#organization\",\"name\":\"Fundaci\u00f3n Mutua de Propietarios\",\"url\":\"https:\\\/\\\/www.fundacionmdp.org\\\/\",\"logo\":{\"@type\":\"ImageObject\",\"inLanguage\":\"ca\",\"@id\":\"https:\\\/\\\/www.fundacionmdp.org\\\/#\\\/schema\\\/logo\\\/image\\\/\",\"url\":\"https:\\\/\\\/www.fundacionmdp.org\\\/wp-content\\\/uploads\\\/2023\\\/05\\\/logo_FMdP_cat.png\",\"contentUrl\":\"https:\\\/\\\/www.fundacionmdp.org\\\/wp-content\\\/uploads\\\/2023\\\/05\\\/logo_FMdP_cat.png\",\"width\":655,\"height\":297,\"caption\":\"Fundaci\u00f3n Mutua de Propietarios\"},\"image\":{\"@id\":\"https:\\\/\\\/www.fundacionmdp.org\\\/#\\\/schema\\\/logo\\\/image\\\/\"}},{\"@type\":\"Person\",\"@id\":\"https:\\\/\\\/www.fundacionmdp.org\\\/#\\\/schema\\\/person\\\/12f9af801cac25dfcb5a96cb0090f703\",\"name\":\"fundacionmdp\",\"image\":{\"@type\":\"ImageObject\",\"inLanguage\":\"ca\",\"@id\":\"https:\\\/\\\/secure.gravatar.com\\\/avatar\\\/b540f93d1816a14d85e51109d050c3243b98fb660a665f517a6d2597cff3bbed?s=96&d=mm&r=g\",\"url\":\"https:\\\/\\\/secure.gravatar.com\\\/avatar\\\/b540f93d1816a14d85e51109d050c3243b98fb660a665f517a6d2597cff3bbed?s=96&d=mm&r=g\",\"contentUrl\":\"https:\\\/\\\/secure.gravatar.com\\\/avatar\\\/b540f93d1816a14d85e51109d050c3243b98fb660a665f517a6d2597cff3bbed?s=96&d=mm&r=g\",\"caption\":\"fundacionmdp\"},\"sameAs\":[\"http:\\\/\\\/prezuk.com.mialias.net\\\/fundacionmdp\"],\"url\":\"https:\\\/\\\/www.fundacionmdp.org\\\/ca\\\/author\\\/fundacionmdp\\\/\"}]}<\/script>\n<!-- \/ Yoast SEO plugin. -->","yoast_head_json":{"title":"L\u2019Associaci\u00f3 Burgalesa d\u2019Esclerosi M\u00faltiple, guanyadora del Premi \u2018M\u00e1s Supervecinos Que Nunca 2020 de la Fundaci\u00f3n Mutua de Propietarios\u2019 - Fundaci\u00f3n Mutua de Propietarios","robots":{"index":"index","follow":"follow","max-snippet":"max-snippet:-1","max-image-preview":"max-image-preview:large","max-video-preview":"max-video-preview:-1"},"canonical":"https:\/\/www.fundacionmdp.org\/la-asociacion-burgalesa-de-esclerosis-multiple-ganadora-del-premio-mas-supervecinos-que-nunca-2020-de-la-fundacion-mutua-de-propietarios\/","og_locale":"ca_ES","og_type":"article","og_title":"L\u2019Associaci\u00f3 Burgalesa d\u2019Esclerosi M\u00faltiple, guanyadora del Premi \u2018M\u00e1s Supervecinos Que Nunca 2020 de la Fundaci\u00f3n Mutua de Propietarios\u2019 - Fundaci\u00f3n Mutua de Propietarios","og_description":"M\u00e9s de 28.500 persones han votat per alguna de les prop de 30 iniciatives solid\u00e0ries proposades per diferents usuaris La iniciativa \u2018No esteu sol @ s en aquests moments tan complicats\u2019, obtindr\u00e0 una dotaci\u00f3 econ\u00f2mica de 3.000 euros per la seva contribuci\u00f3 a la millora de la vida de les persones amb mobilitat redu\u00efda Madrid, [&hellip;]","og_url":"https:\/\/www.fundacionmdp.org\/la-asociacion-burgalesa-de-esclerosis-multiple-ganadora-del-premio-mas-supervecinos-que-nunca-2020-de-la-fundacion-mutua-de-propietarios\/","og_site_name":"Fundaci\u00f3n Mutua de Propietarios","article_published_time":"2020-11-18T13:27:00+00:00","article_modified_time":"2023-05-15T11:36:50+00:00","og_image":[{"width":391,"height":292,"url":"https:\/\/www.fundacionmdp.org\/wp-content\/uploads\/2023\/05\/Captura.jpg","type":"image\/jpeg"}],"author":"fundacionmdp","twitter_card":"summary_large_image","twitter_misc":{"Escrit per":"fundacionmdp","Temps estimat de lectura":"4 minuts"},"schema":{"@context":"https:\/\/schema.org","@graph":[{"@type":"Article","@id":"https:\/\/www.fundacionmdp.org\/la-asociacion-burgalesa-de-esclerosis-multiple-ganadora-del-premio-mas-supervecinos-que-nunca-2020-de-la-fundacion-mutua-de-propietarios\/#article","isPartOf":{"@id":"https:\/\/www.fundacionmdp.org\/la-asociacion-burgalesa-de-esclerosis-multiple-ganadora-del-premio-mas-supervecinos-que-nunca-2020-de-la-fundacion-mutua-de-propietarios\/"},"author":{"name":"fundacionmdp","@id":"https:\/\/www.fundacionmdp.org\/#\/schema\/person\/12f9af801cac25dfcb5a96cb0090f703"},"headline":"L\u2019Associaci\u00f3 Burgalesa d\u2019Esclerosi M\u00faltiple, guanyadora del Premi \u2018M\u00e1s Supervecinos Que Nunca 2020 de la Fundaci\u00f3n Mutua de Propietarios\u2019","datePublished":"2020-11-18T13:27:00+00:00","dateModified":"2023-05-15T11:36:50+00:00","mainEntityOfPage":{"@id":"https:\/\/www.fundacionmdp.org\/la-asociacion-burgalesa-de-esclerosis-multiple-ganadora-del-premio-mas-supervecinos-que-nunca-2020-de-la-fundacion-mutua-de-propietarios\/"},"wordCount":776,"commentCount":0,"publisher":{"@id":"https:\/\/www.fundacionmdp.org\/#organization"},"image":{"@id":"https:\/\/www.fundacionmdp.org\/la-asociacion-burgalesa-de-esclerosis-multiple-ganadora-del-premio-mas-supervecinos-que-nunca-2020-de-la-fundacion-mutua-de-propietarios\/#primaryimage"},"thumbnailUrl":"https:\/\/www.fundacionmdp.org\/wp-content\/uploads\/2023\/05\/Captura.jpg","articleSection":["Sin categorizar"],"inLanguage":"ca","potentialAction":[{"@type":"CommentAction","name":"Comment","target":["https:\/\/www.fundacionmdp.org\/la-asociacion-burgalesa-de-esclerosis-multiple-ganadora-del-premio-mas-supervecinos-que-nunca-2020-de-la-fundacion-mutua-de-propietarios\/#respond"]}]},{"@type":"WebPage","@id":"https:\/\/www.fundacionmdp.org\/la-asociacion-burgalesa-de-esclerosis-multiple-ganadora-del-premio-mas-supervecinos-que-nunca-2020-de-la-fundacion-mutua-de-propietarios\/","url":"https:\/\/www.fundacionmdp.org\/la-asociacion-burgalesa-de-esclerosis-multiple-ganadora-del-premio-mas-supervecinos-que-nunca-2020-de-la-fundacion-mutua-de-propietarios\/","name":"L\u2019Associaci\u00f3 Burgalesa d\u2019Esclerosi M\u00faltiple, guanyadora del Premi \u2018M\u00e1s Supervecinos Que Nunca 2020 de la Fundaci\u00f3n Mutua de Propietarios\u2019 - Fundaci\u00f3n Mutua de Propietarios","isPartOf":{"@id":"https:\/\/www.fundacionmdp.org\/#website"},"primaryImageOfPage":{"@id":"https:\/\/www.fundacionmdp.org\/la-asociacion-burgalesa-de-esclerosis-multiple-ganadora-del-premio-mas-supervecinos-que-nunca-2020-de-la-fundacion-mutua-de-propietarios\/#primaryimage"},"image":{"@id":"https:\/\/www.fundacionmdp.org\/la-asociacion-burgalesa-de-esclerosis-multiple-ganadora-del-premio-mas-supervecinos-que-nunca-2020-de-la-fundacion-mutua-de-propietarios\/#primaryimage"},"thumbnailUrl":"https:\/\/www.fundacionmdp.org\/wp-content\/uploads\/2023\/05\/Captura.jpg","datePublished":"2020-11-18T13:27:00+00:00","dateModified":"2023-05-15T11:36:50+00:00","breadcrumb":{"@id":"https:\/\/www.fundacionmdp.org\/la-asociacion-burgalesa-de-esclerosis-multiple-ganadora-del-premio-mas-supervecinos-que-nunca-2020-de-la-fundacion-mutua-de-propietarios\/#breadcrumb"},"inLanguage":"ca","potentialAction":[{"@type":"ReadAction","target":["https:\/\/www.fundacionmdp.org\/la-asociacion-burgalesa-de-esclerosis-multiple-ganadora-del-premio-mas-supervecinos-que-nunca-2020-de-la-fundacion-mutua-de-propietarios\/"]}]},{"@type":"ImageObject","inLanguage":"ca","@id":"https:\/\/www.fundacionmdp.org\/la-asociacion-burgalesa-de-esclerosis-multiple-ganadora-del-premio-mas-supervecinos-que-nunca-2020-de-la-fundacion-mutua-de-propietarios\/#primaryimage","url":"https:\/\/www.fundacionmdp.org\/wp-content\/uploads\/2023\/05\/Captura.jpg","contentUrl":"https:\/\/www.fundacionmdp.org\/wp-content\/uploads\/2023\/05\/Captura.jpg","width":391,"height":292},{"@type":"BreadcrumbList","@id":"https:\/\/www.fundacionmdp.org\/la-asociacion-burgalesa-de-esclerosis-multiple-ganadora-del-premio-mas-supervecinos-que-nunca-2020-de-la-fundacion-mutua-de-propietarios\/#breadcrumb","itemListElement":[{"@type":"ListItem","position":1,"name":"Home","item":"https:\/\/www.fundacionmdp.org\/ca\/"},{"@type":"ListItem","position":2,"name":"L\u2019Associaci\u00f3 Burgalesa d\u2019Esclerosi M\u00faltiple, guanyadora del Premi \u2018M\u00e1s Supervecinos Que Nunca 2020 de la Fundaci\u00f3n Mutua de Propietarios\u2019"}]},{"@type":"WebSite","@id":"https:\/\/www.fundacionmdp.org\/#website","url":"https:\/\/www.fundacionmdp.org\/","name":"Fundaci\u00f3n Mutua de Propietarios","description":"En la Fundaci\u00f3n Mutua de Propietarios te ayudamos a convertir tu edificio de viviendas en un espacio sin barreras arquitect\u00f3nicas.","publisher":{"@id":"https:\/\/www.fundacionmdp.org\/#organization"},"potentialAction":[{"@type":"SearchAction","target":{"@type":"EntryPoint","urlTemplate":"https:\/\/www.fundacionmdp.org\/?s={search_term_string}"},"query-input":{"@type":"PropertyValueSpecification","valueRequired":true,"valueName":"search_term_string"}}],"inLanguage":"ca"},{"@type":"Organization","@id":"https:\/\/www.fundacionmdp.org\/#organization","name":"Fundaci\u00f3n Mutua de Propietarios","url":"https:\/\/www.fundacionmdp.org\/","logo":{"@type":"ImageObject","inLanguage":"ca","@id":"https:\/\/www.fundacionmdp.org\/#\/schema\/logo\/image\/","url":"https:\/\/www.fundacionmdp.org\/wp-content\/uploads\/2023\/05\/logo_FMdP_cat.png","contentUrl":"https:\/\/www.fundacionmdp.org\/wp-content\/uploads\/2023\/05\/logo_FMdP_cat.png","width":655,"height":297,"caption":"Fundaci\u00f3n Mutua de Propietarios"},"image":{"@id":"https:\/\/www.fundacionmdp.org\/#\/schema\/logo\/image\/"}},{"@type":"Person","@id":"https:\/\/www.fundacionmdp.org\/#\/schema\/person\/12f9af801cac25dfcb5a96cb0090f703","name":"fundacionmdp","image":{"@type":"ImageObject","inLanguage":"ca","@id":"https:\/\/secure.gravatar.com\/avatar\/b540f93d1816a14d85e51109d050c3243b98fb660a665f517a6d2597cff3bbed?s=96&d=mm&r=g","url":"https:\/\/secure.gravatar.com\/avatar\/b540f93d1816a14d85e51109d050c3243b98fb660a665f517a6d2597cff3bbed?s=96&d=mm&r=g","contentUrl":"https:\/\/secure.gravatar.com\/avatar\/b540f93d1816a14d85e51109d050c3243b98fb660a665f517a6d2597cff3bbed?s=96&d=mm&r=g","caption":"fundacionmdp"},"sameAs":["http:\/\/prezuk.com.mialias.net\/fundacionmdp"],"url":"https:\/\/www.fundacionmdp.org\/ca\/author\/fundacionmdp\/"}]}},"_links":{"self":[{"href":"https:\/\/www.fundacionmdp.org\/ca\/wp-json\/wp\/v2\/posts\/7345","targetHints":{"allow":["GET"]}}],"collection":[{"href":"https:\/\/www.fundacionmdp.org\/ca\/wp-json\/wp\/v2\/posts"}],"about":[{"href":"https:\/\/www.fundacionmdp.org\/ca\/wp-json\/wp\/v2\/types\/post"}],"author":[{"embeddable":true,"href":"https:\/\/www.fundacionmdp.org\/ca\/wp-json\/wp\/v2\/users\/1"}],"replies":[{"embeddable":true,"href":"https:\/\/www.fundacionmdp.org\/ca\/wp-json\/wp\/v2\/comments?post=7345"}],"version-history":[{"count":4,"href":"https:\/\/www.fundacionmdp.org\/ca\/wp-json\/wp\/v2\/posts\/7345\/revisions"}],"predecessor-version":[{"id":7349,"href":"https:\/\/www.fundacionmdp.org\/ca\/wp-json\/wp\/v2\/posts\/7345\/revisions\/7349"}],"wp:featuredmedia":[{"embeddable":true,"href":"https:\/\/www.fundacionmdp.org\/ca\/wp-json\/wp\/v2\/media\/6555"}],"wp:attachment":[{"href":"https:\/\/www.fundacionmdp.org\/ca\/wp-json\/wp\/v2\/media?parent=7345"}],"wp:term":[{"taxonomy":"category","embeddable":true,"href":"https:\/\/www.fundacionmdp.org\/ca\/wp-json\/wp\/v2\/categories?post=7345"},{"taxonomy":"post_tag","embeddable":true,"href":"https:\/\/www.fundacionmdp.org\/ca\/wp-json\/wp\/v2\/tags?post=7345"}],"curies":[{"name":"wp","href":"https:\/\/api.w.org\/{rel}","templated":true}]}}