{"id":7358,"date":"2020-12-04T13:33:00","date_gmt":"2020-12-04T13:33:00","guid":{"rendered":"http:\/\/prezuk.com.mialias.net\/fundacionmdp\/manifest-per-a-impulsar-laccessibilitat-universal-com-a-prioritat-rehabilitacio-integral-a-lhabitatge\/"},"modified":"2023-05-15T11:43:31","modified_gmt":"2023-05-15T11:43:31","slug":"manifest-per-a-impulsar-laccessibilitat-universal-com-a-prioritat-rehabilitacio-integral-a-lhabitatge","status":"publish","type":"post","link":"https:\/\/www.fundacionmdp.org\/ca\/manifest-per-a-impulsar-laccessibilitat-universal-com-a-prioritat-rehabilitacio-integral-a-lhabitatge\/","title":{"rendered":"Manifest per a impulsar l\u2019accessibilitat universal com a prioritat: rehabilitaci\u00f3 integral a l\u2019habitatge"},"content":{"rendered":"\t\t<div data-elementor-type=\"wp-post\" data-elementor-id=\"7358\" class=\"elementor elementor-7358 elementor-2537\">\n\t\t\t\t<div class=\"elementor-element elementor-element-36a1b73 e-flex e-con-boxed e-con e-parent\" data-id=\"36a1b73\" data-element_type=\"container\" data-e-type=\"container\">\n\t\t\t\t\t<div class=\"e-con-inner\">\n\t\t\t\t<div class=\"elementor-element elementor-element-850dbf4 elementor-widget elementor-widget-text-editor\" data-id=\"850dbf4\" data-element_type=\"widget\" data-e-type=\"widget\" data-widget_type=\"text-editor.default\">\n\t\t\t\t<div class=\"elementor-widget-container\">\n\t\t\t\t\t\t\t\t\t<p>Actualment nom\u00e9s un 0,6%<sup>1<\/sup> dels edificis d\u2019habitatges a Espanya s\u00f3n universalment accessibles i, per aquest motiu, un 22% de les persones amb mobilitat redu\u00efda han hagut de canviar d\u2019habitatge. En condicions pre-covid, 1,8 milions de persones<sup>2<\/sup> necessitaven de l\u2019ajuda de tercers per sortir de casa seva, i 100.000 persones<sup>2<\/sup> no en sortien mai a causa de la manca d\u2019accessibilitat dels seus edificis.<\/p><p>Sota aquest marc, Espanya t\u00e9 previst destinar el 12% dels 72.000 milions d\u2019euros de fons europeus per a impulsar les infraestructures i els ecosistemes resilients en diferents projectes de transformaci\u00f3. La rehabilitaci\u00f3 vinculada a la millora de l\u2019accessibilitat no pot quedar en un segon pla.<\/p><p>Europa en els propers anys preveu posar el focus en millorar l\u2019efici\u00e8ncia energ\u00e8tica, fomentar les inversions verdes i digitals, o la instal\u00b7laci\u00f3 de sistemes intel\u00b7ligents en edificis i infraestructures com, per exemple, plaques solars, entre d\u2019altres, per\u00f2 la millora de l\u2019accessibilitat als immobles no figura com a essencial.<\/p><p>En la seva mesura, aquests projectes haurien de contribuir a l\u2019objectiu Horitz\u00f3 2050 i a la \u201conada de renovaci\u00f3 per a Europa\u201d sota els quals la Uni\u00f3 Europea anhela convertir-se en una economia baixa en carboni i competitiva, recolzant-se en la reducci\u00f3 d\u2019emissions dom\u00e8stiques i la renovaci\u00f3 d\u2019edificis, entre d\u2019altres aspectes, <b>tenint previst rehabilitar 35 milions d\u2019edificis i habitatges.<\/b><\/p><p>El rumb que ha pres la nostra societat i l\u2019economia amb l\u2019aparici\u00f3 de la COVID-19 ha canviat en gran mesura les nostres prioritats posant el focus en els nostres habitatges i llars que durant la pand\u00e8mia s\u2019han convertit en oficines, aules, zones d\u2019oci \u2026. Aquesta situaci\u00f3 ha posat de manifest la import\u00e0ncia de disposar d\u2019un habitatge adaptat a les nostres necessitats, on la manca d\u2019accessibilitat ha suposat un agreujant per al cada vegada m\u00e9s gran col\u00b7lectiu de persones grans i \/ o amb discapacitat.<\/p><p>D\u2019altra banda, en un context amb una creixent precarietat econ\u00f2mica de les nostres fam\u00edlies i amb taxes d\u2019atur que s\u2019acosten al 17%<sup>3<\/sup> , els ajuts per a la rehabilitaci\u00f3 d\u2019edificis s\u00f3n insuficients. Actualment, les ajudes en mat\u00e8ria d\u2019accessibilitat a l\u2019habitatge consisteixen principalment en la concessi\u00f3 de subvencions a les comunitats de propietaris on es subvenciona nom\u00e9s un percentatge de les obres a rehabilitar que varia en funci\u00f3 de la zona i de l\u2019administraci\u00f3 competent. Aquest sistema suposa un esfor\u00e7 molt important per a les fam\u00edlies, ja que han de complementar la part que no cobreix la subvenci\u00f3. Aquesta situaci\u00f3 podria actuar com a fre al ritme de millora que ha experimentat la rehabilitaci\u00f3 d\u2019edificis d\u2019habitatges en els \u00faltims anys, encara molt per darrere del ritme dels pa\u00efsos del nostre entorn europeu.<\/p><p>Pel que fa a l\u2019accessibilitat universal dels edificis d\u2019habitatges, segueix sent una assignatura pendent per a Europa, on l\u2019\u00edndex d\u2019Alemanya se situa en un 1,5% i el de Su\u00e8cia en un 2,5%<sup>4<\/sup> , dada aquesta \u00faltima que quadruplica el 0,6% d\u2019Espanya. Per tant, les dades denoten que estem davant d\u2019una greu situaci\u00f3, <b>especialment en els casos d\u2019habitatges que compten amb ve\u00efns amb mobilitat redu\u00efda o discapacitat.<\/b><\/p><p>En un pa\u00eds amb un enorme repte en la rehabilitaci\u00f3 integral d\u2019edificis, i amb un parc d\u2019habitatges molt envellit, l\u2019accessibilitat dels seus edificis \u00e9s un element clau m\u00e9s enll\u00e0 del medi ambient, que resol el dret fonamental de les persones amb mobilitat redu\u00efda de poder entrar i sortir de les seves cases de forma independent. En conseq\u00fc\u00e8ncia, la inclusi\u00f3 de la millora de l\u2019accessibilitat amb una major rellev\u00e0ncia en el marc de les millores de rehabilitaci\u00f3 \u201cverdes\u201d que estan per venir en els propers anys d\u2019Europa, no nom\u00e9s beneficiarien el concepte arquitect\u00f2nic de rehabilitaci\u00f3 integral situant-los a nivells m\u00e9s propers als d\u2019Europa, sin\u00f3 que, a m\u00e9s, ajudaria a la nostra societat a preparar els seus edificis per a l\u2019augment de l\u2019esperan\u00e7a de vida dels seus residents on la manca d\u2019accessibilitat dels edificis impacta directament en les persones amb mobilitat redu\u00efda i limita la possibilitat de mantenir una vellesa digna a la seva pr\u00f2pia llar.<\/p><p>Per tant, tal com s\u2019afirma en el document de \u201cUna onada de renovaci\u00f3 per a Europa \u2013 reverdiment dels nostres edificis, creaci\u00f3 d\u2019ocupaci\u00f3, millora de vida\u201d<sup>5<\/sup> : la lluita contra l\u2019efici\u00e8ncia energ\u00e8tica al costat de l\u2019accessibilitat fa que els edificis siguin m\u00e9s utilitzables i sostenibles en el context d\u2019una poblaci\u00f3 envellida. L\u2019eliminaci\u00f3 dels obstacles a l\u2019accessibilitat \u00e9s una obligaci\u00f3 per a la UE i per a tots els Estats membres com a parts a la Convenci\u00f3 de les Nacions Unides sobre els Drets de les Persones amb Discapacitat.<\/p><p>Per aix\u00f2, cal que les actuacions de rehabilitaci\u00f3 integral de l\u2019edifici es percebin com una millora real de la qualitat de vida, dif\u00edcilment assolible sense eliminar barreres a la mobilitat en habitatges i edificis.<\/p><p>En aquest sentit, per mitj\u00e0 d\u2019aquest Manifest <b>volem impulsar l\u2019accessibilitat universal en el marc de la rehabilitaci\u00f3 integral dels edificis<\/b>, i tots els signants sol\u00b7licitem:<\/p>\t\t\t\t\t\t\t\t<\/div>\n\t\t\t\t<\/div>\n\t\t\t\t\t<\/div>\n\t\t\t\t<\/div>\n\t\t<div class=\"elementor-element elementor-element-bd78752 e-flex e-con-boxed e-con e-parent\" data-id=\"bd78752\" data-element_type=\"container\" data-e-type=\"container\">\n\t\t\t\t\t<div class=\"e-con-inner\">\n\t\t\t\t<div class=\"elementor-element elementor-element-2e5c633 elementor-widget elementor-widget-text-editor\" data-id=\"2e5c633\" data-element_type=\"widget\" data-e-type=\"widget\" data-widget_type=\"text-editor.default\">\n\t\t\t\t<div class=\"elementor-widget-container\">\n\t\t\t\t\t\t\t\t\t<hr \/><p>1. Que quan es subvencioni la rehabilitaci\u00f3 d\u2019edificis de comunitats de propietaris amb fons procedents d\u2019Europa sigui obligatori <b>verificar pr\u00e8viament el seu nivell d\u2019accessibilitat<sup>6<\/sup><\/b> , i que, en cas de ser aquesta insuficient, la subvenci\u00f3 atorgada inclogui els fons necessaris pari que es duguin a terme obres de millora de l\u2019accessibilitat.<\/p><p>2. Que per part de l\u2019Administraci\u00f3 s\u2019estudi\u00efn altres <b>formes d\u2019incentivar l\u2019accessibilitat universal<\/b> per mitj\u00e0 de deduccions fiscals o altres sistemes, m\u00e9s enll\u00e0 de la subvenci\u00f3, que fomentin la realitzaci\u00f3 d\u2019obres d\u2019accessibilitat per a millorar la qualitat de vida dels seus residents, i al seu torn incrementar el ritme de renovaci\u00f3 de parc d\u2019habitatges garantint el dret a tenir una vellesa digna.<\/p><hr \/><div><sup>1<\/sup> Font: La Accessibilitat dels habitatges espanyols. Estudi de la Fundaci\u00f3n Mutua de Propietarios en col\u00b7laboraci\u00f3 amb la C\u00e0tedra UNESCO del dret a l\u2019habitatge de la Universitat Rovira i Virgili.<br \/><sup>2<\/sup> Font: Mobilitat redu\u00efda i accessibilitat. Estudi de la Fundaci\u00f3n Mutua de Propietarios en col\u00b7laboraci\u00f3 amb COCEMFE.<br \/><sup>3<\/sup> Font: EPA del INE a dades de 27 d\u2019octubre de 2020.<br \/><sup>4<\/sup> Font: La Accessibilitat dels habitatges a Europa. Estudi de la Fundaci\u00f3n Mutua de Propietarios en col\u00b7laboraci\u00f3 amb la C\u00e0tedra UNESCO del dret a l\u2019habitatge de la Universitat Rovira i Virgili.<br \/><sup>5<\/sup> Font: Una onada de renovaci\u00f3 per a Europa \u2013 reverdiment dels nostres edificis, creaci\u00f3 d\u2019ocupaci\u00f3, millora de vides. COMUNICACI\u00d3 DE LA COMISSI\u00d3 AL PARLAMENT EUROPEU, AL CONSELL, AL COMIT\u00c8 ECON\u00d2MIC I SOCIAL EUROPEU I AL COMIT\u00c8 DE LES REGIONS \u2013 Brussel\u00b7les, 2020.10.14 COM (2020) 662 final<br \/><sup>6<\/sup> La Fundaci\u00f3n Mutua de Propietarios posa a disposici\u00f3 de l\u2019Administraci\u00f3 competent l\u2019\u00fas de la seva APP Zero Barreres per determinar el nivell d\u2019accessibilitat dels edificis d\u2019habitatges.<\/div><div><div><h2>Entitats adherides<\/h2><p>Consejo General de Administradores de Fincas de Espa\u00f1a<br \/>Consejo General de Colegios Oficiales de Graduados e Ingenieros T\u00e9cnicos Industriales de Espa\u00f1a<br \/>Consejo General de la Arquitectura T\u00e9cnica de Espa\u00f1a<br \/>Consejo Superior de los Colegios de Arquitectos de Espa\u00f1a (CSCAE)<br \/>Consell Col\u00b7legis d\u2019Administradors de Finques de Catalunya<br \/>Consell Col\u00b7legis d\u2019Enginyers Graduats i Enginyers T\u00e8cnics de Catalunya<br \/>Colegio de Mediadores de Seguros de Almer\u00eda<br \/>Col\u00b7legi de Mediadors d\u2019Assegurances de Girona<br \/>Col\u00b7legi de Mediadors d\u2019Assegurances de Lleida<br \/>Colegio de Mediadores de Seguros de Madrid<br \/>Col\u00b7legi de Mediadors d\u2019Assegurances de Tarragona<br \/>Colegio de Mediadores de Seguros de Zaragoza y Teruel<br \/>Colegio de Administradores de Fincas de Arag\u00f3n<br \/>Colegio de Administradores de Fincas de Baleares<br \/>Col\u00b7legi d\u2019Administradors de Finques de Barcelona-Lleida<br \/>Col\u00b7legi d\u2019Administradors de Finques de Girona<br \/>Colegio de Administradores de Fincas de Cant\u00e1bria<br \/>Colegio de Administradores de Fincas de C\u00f3rdoba<br \/>Colegio de Administradores de Fincas de Galicia<br \/>Colegio de Administradores de Fincas de Gipuzkoa y Alava<br \/>Colegio de Administradores de Fincas de La Rioja<br \/>Colegio de Administradores de Fincas de Madrid<br \/>Colegio de Administradores de Fincas de Murcia<br \/>Col\u00b7legi d\u2019Administradors de Finques de Tarragona<br \/>Colegio Oficial de Agentes de la Propiedad Inmobiliaria de Arag\u00f3n<br \/>Col\u00b7legi i Associaci\u00f3 d\u2019Agents de la Propietat Immobili\u00e0ria de Girona<br \/>Gremi Empresarial d\u2019Ascensors de Catalunya GEDAC<br \/>Observatorio 2030 del CSCAE<br \/>IFMA Espa\u00f1a. Asociaci\u00f3n Internacional de Facility Management<br \/>AESLEME -Asociaci\u00f3n por la prevenci\u00f3n de accidentes de tr\u00e1fico y ONG de atenci\u00f3n a v\u00edctimas de accidentes<br \/>Aprocor<br \/>ASEPAU<br \/>Asociaci\u00f3n Burgalesa de Escler\u00f3sis M\u00faltiple ASBEM<br \/>C\u00e1tedra UNESCO de Vivienda de la Universidad Rovira i Virgili<br \/>Centro de Referencia Estatal de Autonom\u00eda Personal y Ayudas T\u00e9cnicas \u2013 IMSERSO<br \/>COCEMFE \u2013 Confederaci\u00f3n Espa\u00f1ola de Presonas con Discapacidad F\u00edsica y Org\u00e1nica<br \/>Federaci\u00f3 ECOM<br \/>Fundaci\u00f3 Foment del Habitatge Socials<br \/>Fundaci\u00f3 Habitat 3<br \/>Fundaci\u00f3n DFA<br \/>Fundaci\u00f3n Grupo Sifu<br \/>Fundaci\u00f3n ONCE<br \/>Universitat Internacional de Catalunya<br \/>100X100 Accesible<br \/>AD Horizontal<br \/>Administraci\u00f3n de Fincas GAF Ruiz Lizondo<br \/>Administraci\u00f3n de Fincas Juan Andreu S\u00e1ez<br \/>Asesoria Dom\u00ednguez<br \/>Assenur<br \/>Asturiana de Corredores<br \/>Bango Correduria de Seguros<br \/>Bas Consultores<br \/>Casa Gnial<br \/>C95 Creative<br \/>CAFUR Gestiona<br \/>CEI Grup Finques Company<br \/>Cleries Administraci\u00f3 de Finques<br \/>Correduria Echevarria &amp; Sada<br \/>Esenia Correduria de Seguros<br \/>Fincas Choren<br \/>Finques Badalona<br \/>Finques Barcel\u00f3<br \/>Fincas Brisasol<br \/>Finques Gonseni<br \/>Finques Feliu<br \/>FINSA Corredur\u00eda de Seguros<br \/>Funciona<br \/>Gallofr\u00e9 Administraci\u00f3n<br \/>Gestoria Sim\u00f3n<br \/>Grucavi<br \/>Habi Dise\u00f1o Accesible<br \/>Inmobiliaria Tur y Serra<br \/>La Llar de Castellet<br \/>La Renda Urbana<br \/>Lesmes Alvarez Correduria de Seguros<br \/>Lorente Guti\u00e9rrez Consultores<br \/>Megafincas<br \/>Mind Facilities Management<br \/>Monterrubio Gesti\u00f3n Inmobiliaria<br \/>Mutua de Propietarios<br \/>Mutual de Conductors<br \/>Mutuarisk<br \/>Pensium<br \/>People &amp; Planet Partners<br \/>PER 32<br \/>RentaMarket<br \/>Rovira-Beleta Accesibilidad<br \/>Sensedi<br \/>Supervecina<br \/>Tu Comunidad como la m\u00eda<br \/>Tu Vivienda Accesible<br \/>Ureka<br \/>Vetusta Corredores Asociados<br \/>VicMoba<\/p><\/div><\/div>\t\t\t\t\t\t\t\t<\/div>\n\t\t\t\t<\/div>\n\t\t\t\t\t<\/div>\n\t\t\t\t<\/div>\n\t\t\t\t<\/div>\n\t\t","protected":false},"excerpt":{"rendered":"<p>Actualment nom\u00e9s un 0,6%1 dels edificis d\u2019habitatges a Espanya s\u00f3n universalment accessibles i, per aquest motiu, un 22% de les persones amb mobilitat redu\u00efda han hagut de canviar d\u2019habitatge. En condicions pre-covid, 1,8 milions de persones2 necessitaven de l\u2019ajuda de tercers per sortir de casa seva, i 100.000 persones2 no en sortien mai a causa [&hellip;]<\/p>\n","protected":false},"author":1,"featured_media":6560,"comment_status":"open","ping_status":"open","sticky":false,"template":"","format":"standard","meta":{"_acf_changed":false,"ocean_post_layout":"","ocean_both_sidebars_style":"","ocean_both_sidebars_content_width":0,"ocean_both_sidebars_sidebars_width":0,"ocean_sidebar":"0","ocean_second_sidebar":"0","ocean_disable_margins":"enable","ocean_add_body_class":"","ocean_shortcode_before_top_bar":"","ocean_shortcode_after_top_bar":"","ocean_shortcode_before_header":"","ocean_shortcode_after_header":"","ocean_has_shortcode":"","ocean_shortcode_after_title":"","ocean_shortcode_before_footer_widgets":"","ocean_shortcode_after_footer_widgets":"","ocean_shortcode_before_footer_bottom":"","ocean_shortcode_after_footer_bottom":"","ocean_display_top_bar":"default","ocean_display_header":"default","ocean_header_style":"","ocean_center_header_left_menu":"0","ocean_custom_header_template":"0","ocean_custom_logo":0,"ocean_custom_retina_logo":0,"ocean_custom_logo_max_width":0,"ocean_custom_logo_tablet_max_width":0,"ocean_custom_logo_mobile_max_width":0,"ocean_custom_logo_max_height":0,"ocean_custom_logo_tablet_max_height":0,"ocean_custom_logo_mobile_max_height":0,"ocean_header_custom_menu":"0","ocean_menu_typo_font_family":"0","ocean_menu_typo_font_subset":"","ocean_menu_typo_font_size":0,"ocean_menu_typo_font_size_tablet":0,"ocean_menu_typo_font_size_mobile":0,"ocean_menu_typo_font_size_unit":"px","ocean_menu_typo_font_weight":"","ocean_menu_typo_font_weight_tablet":"","ocean_menu_typo_font_weight_mobile":"","ocean_menu_typo_transform":"","ocean_menu_typo_transform_tablet":"","ocean_menu_typo_transform_mobile":"","ocean_menu_typo_line_height":0,"ocean_menu_typo_line_height_tablet":0,"ocean_menu_typo_line_height_mobile":0,"ocean_menu_typo_line_height_unit":"","ocean_menu_typo_spacing":0,"ocean_menu_typo_spacing_tablet":0,"ocean_menu_typo_spacing_mobile":0,"ocean_menu_typo_spacing_unit":"","ocean_menu_link_color":"","ocean_menu_link_color_hover":"","ocean_menu_link_color_active":"","ocean_menu_link_background":"","ocean_menu_link_hover_background":"","ocean_menu_link_active_background":"","ocean_menu_social_links_bg":"","ocean_menu_social_hover_links_bg":"","ocean_menu_social_links_color":"","ocean_menu_social_hover_links_color":"","ocean_disable_title":"default","ocean_disable_heading":"default","ocean_post_title":"","ocean_post_subheading":"","ocean_post_title_style":"","ocean_post_title_background_color":"","ocean_post_title_background":0,"ocean_post_title_bg_image_position":"","ocean_post_title_bg_image_attachment":"","ocean_post_title_bg_image_repeat":"","ocean_post_title_bg_image_size":"","ocean_post_title_height":0,"ocean_post_title_bg_overlay":0.5,"ocean_post_title_bg_overlay_color":"","ocean_disable_breadcrumbs":"default","ocean_breadcrumbs_color":"","ocean_breadcrumbs_separator_color":"","ocean_breadcrumbs_links_color":"","ocean_breadcrumbs_links_hover_color":"","ocean_display_footer_widgets":"default","ocean_display_footer_bottom":"default","ocean_custom_footer_template":"0","ocean_post_oembed":"","ocean_post_self_hosted_media":"","ocean_post_video_embed":"","ocean_link_format":"","ocean_link_format_target":"self","ocean_quote_format":"","ocean_quote_format_link":"post","ocean_gallery_link_images":"on","ocean_gallery_id":[],"footnotes":""},"categories":[1],"tags":[],"class_list":["post-7358","post","type-post","status-publish","format-standard","has-post-thumbnail","hentry","category-sin-categorizar","entry","has-media"],"acf":[],"yoast_head":"<!-- This site is optimized with the Yoast SEO plugin v27.3 - https:\/\/yoast.com\/product\/yoast-seo-wordpress\/ -->\n<title>Manifest per a impulsar l\u2019accessibilitat universal com a prioritat: rehabilitaci\u00f3 integral a l\u2019habitatge - Fundaci\u00f3n Mutua de Propietarios<\/title>\n<meta name=\"robots\" content=\"index, follow, max-snippet:-1, max-image-preview:large, max-video-preview:-1\" \/>\n<link rel=\"canonical\" href=\"https:\/\/www.fundacionmdp.org\/ca\/manifest-per-a-impulsar-laccessibilitat-universal-com-a-prioritat-rehabilitacio-integral-a-lhabitatge\/\" \/>\n<meta property=\"og:locale\" content=\"ca_ES\" \/>\n<meta property=\"og:type\" content=\"article\" \/>\n<meta property=\"og:title\" content=\"Manifest per a impulsar l\u2019accessibilitat universal com a prioritat: rehabilitaci\u00f3 integral a l\u2019habitatge - Fundaci\u00f3n Mutua de Propietarios\" \/>\n<meta property=\"og:description\" content=\"Actualment nom\u00e9s un 0,6%1 dels edificis d\u2019habitatges a Espanya s\u00f3n universalment accessibles i, per aquest motiu, un 22% de les persones amb mobilitat redu\u00efda han hagut de canviar d\u2019habitatge. En condicions pre-covid, 1,8 milions de persones2 necessitaven de l\u2019ajuda de tercers per sortir de casa seva, i 100.000 persones2 no en sortien mai a causa [&hellip;]\" \/>\n<meta property=\"og:url\" content=\"https:\/\/www.fundacionmdp.org\/ca\/manifest-per-a-impulsar-laccessibilitat-universal-com-a-prioritat-rehabilitacio-integral-a-lhabitatge\/\" \/>\n<meta property=\"og:site_name\" content=\"Fundaci\u00f3n Mutua de Propietarios\" \/>\n<meta property=\"article:published_time\" content=\"2020-12-04T13:33:00+00:00\" \/>\n<meta property=\"article:modified_time\" content=\"2023-05-15T11:43:31+00:00\" \/>\n<meta property=\"og:image\" content=\"https:\/\/www.fundacionmdp.org\/wp-content\/uploads\/2023\/05\/EmstzyhXUAAp9FV.jpg\" \/>\n\t<meta property=\"og:image:width\" content=\"900\" \/>\n\t<meta property=\"og:image:height\" content=\"600\" \/>\n\t<meta property=\"og:image:type\" content=\"image\/jpeg\" \/>\n<meta name=\"author\" content=\"fundacionmdp\" \/>\n<meta name=\"twitter:card\" content=\"summary_large_image\" \/>\n<meta name=\"twitter:label1\" content=\"Escrit per\" \/>\n\t<meta name=\"twitter:data1\" content=\"fundacionmdp\" \/>\n\t<meta name=\"twitter:label2\" content=\"Temps estimat de lectura\" \/>\n\t<meta name=\"twitter:data2\" content=\"8 minuts\" \/>\n<script type=\"application\/ld+json\" class=\"yoast-schema-graph\">{\"@context\":\"https:\\\/\\\/schema.org\",\"@graph\":[{\"@type\":\"Article\",\"@id\":\"https:\\\/\\\/www.fundacionmdp.org\\\/ca\\\/manifest-per-a-impulsar-laccessibilitat-universal-com-a-prioritat-rehabilitacio-integral-a-lhabitatge\\\/#article\",\"isPartOf\":{\"@id\":\"https:\\\/\\\/www.fundacionmdp.org\\\/ca\\\/manifest-per-a-impulsar-laccessibilitat-universal-com-a-prioritat-rehabilitacio-integral-a-lhabitatge\\\/\"},\"author\":{\"name\":\"fundacionmdp\",\"@id\":\"https:\\\/\\\/www.fundacionmdp.org\\\/#\\\/schema\\\/person\\\/12f9af801cac25dfcb5a96cb0090f703\"},\"headline\":\"Manifest per a impulsar l\u2019accessibilitat universal com a prioritat: rehabilitaci\u00f3 integral a l\u2019habitatge\",\"datePublished\":\"2020-12-04T13:33:00+00:00\",\"dateModified\":\"2023-05-15T11:43:31+00:00\",\"mainEntityOfPage\":{\"@id\":\"https:\\\/\\\/www.fundacionmdp.org\\\/ca\\\/manifest-per-a-impulsar-laccessibilitat-universal-com-a-prioritat-rehabilitacio-integral-a-lhabitatge\\\/\"},\"wordCount\":1582,\"commentCount\":0,\"publisher\":{\"@id\":\"https:\\\/\\\/www.fundacionmdp.org\\\/#organization\"},\"image\":{\"@id\":\"https:\\\/\\\/www.fundacionmdp.org\\\/ca\\\/manifest-per-a-impulsar-laccessibilitat-universal-com-a-prioritat-rehabilitacio-integral-a-lhabitatge\\\/#primaryimage\"},\"thumbnailUrl\":\"https:\\\/\\\/www.fundacionmdp.org\\\/wp-content\\\/uploads\\\/2023\\\/05\\\/EmstzyhXUAAp9FV.jpg\",\"articleSection\":[\"Sin categorizar\"],\"inLanguage\":\"ca\",\"potentialAction\":[{\"@type\":\"CommentAction\",\"name\":\"Comment\",\"target\":[\"https:\\\/\\\/www.fundacionmdp.org\\\/ca\\\/manifest-per-a-impulsar-laccessibilitat-universal-com-a-prioritat-rehabilitacio-integral-a-lhabitatge\\\/#respond\"]}]},{\"@type\":\"WebPage\",\"@id\":\"https:\\\/\\\/www.fundacionmdp.org\\\/ca\\\/manifest-per-a-impulsar-laccessibilitat-universal-com-a-prioritat-rehabilitacio-integral-a-lhabitatge\\\/\",\"url\":\"https:\\\/\\\/www.fundacionmdp.org\\\/ca\\\/manifest-per-a-impulsar-laccessibilitat-universal-com-a-prioritat-rehabilitacio-integral-a-lhabitatge\\\/\",\"name\":\"Manifest per a impulsar l\u2019accessibilitat universal com a prioritat: rehabilitaci\u00f3 integral a l\u2019habitatge - Fundaci\u00f3n Mutua de Propietarios\",\"isPartOf\":{\"@id\":\"https:\\\/\\\/www.fundacionmdp.org\\\/#website\"},\"primaryImageOfPage\":{\"@id\":\"https:\\\/\\\/www.fundacionmdp.org\\\/ca\\\/manifest-per-a-impulsar-laccessibilitat-universal-com-a-prioritat-rehabilitacio-integral-a-lhabitatge\\\/#primaryimage\"},\"image\":{\"@id\":\"https:\\\/\\\/www.fundacionmdp.org\\\/ca\\\/manifest-per-a-impulsar-laccessibilitat-universal-com-a-prioritat-rehabilitacio-integral-a-lhabitatge\\\/#primaryimage\"},\"thumbnailUrl\":\"https:\\\/\\\/www.fundacionmdp.org\\\/wp-content\\\/uploads\\\/2023\\\/05\\\/EmstzyhXUAAp9FV.jpg\",\"datePublished\":\"2020-12-04T13:33:00+00:00\",\"dateModified\":\"2023-05-15T11:43:31+00:00\",\"breadcrumb\":{\"@id\":\"https:\\\/\\\/www.fundacionmdp.org\\\/ca\\\/manifest-per-a-impulsar-laccessibilitat-universal-com-a-prioritat-rehabilitacio-integral-a-lhabitatge\\\/#breadcrumb\"},\"inLanguage\":\"ca\",\"potentialAction\":[{\"@type\":\"ReadAction\",\"target\":[\"https:\\\/\\\/www.fundacionmdp.org\\\/ca\\\/manifest-per-a-impulsar-laccessibilitat-universal-com-a-prioritat-rehabilitacio-integral-a-lhabitatge\\\/\"]}]},{\"@type\":\"ImageObject\",\"inLanguage\":\"ca\",\"@id\":\"https:\\\/\\\/www.fundacionmdp.org\\\/ca\\\/manifest-per-a-impulsar-laccessibilitat-universal-com-a-prioritat-rehabilitacio-integral-a-lhabitatge\\\/#primaryimage\",\"url\":\"https:\\\/\\\/www.fundacionmdp.org\\\/wp-content\\\/uploads\\\/2023\\\/05\\\/EmstzyhXUAAp9FV.jpg\",\"contentUrl\":\"https:\\\/\\\/www.fundacionmdp.org\\\/wp-content\\\/uploads\\\/2023\\\/05\\\/EmstzyhXUAAp9FV.jpg\",\"width\":900,\"height\":600},{\"@type\":\"BreadcrumbList\",\"@id\":\"https:\\\/\\\/www.fundacionmdp.org\\\/ca\\\/manifest-per-a-impulsar-laccessibilitat-universal-com-a-prioritat-rehabilitacio-integral-a-lhabitatge\\\/#breadcrumb\",\"itemListElement\":[{\"@type\":\"ListItem\",\"position\":1,\"name\":\"Home\",\"item\":\"https:\\\/\\\/www.fundacionmdp.org\\\/ca\\\/\"},{\"@type\":\"ListItem\",\"position\":2,\"name\":\"Manifest per a impulsar l\u2019accessibilitat universal com a prioritat: rehabilitaci\u00f3 integral a l\u2019habitatge\"}]},{\"@type\":\"WebSite\",\"@id\":\"https:\\\/\\\/www.fundacionmdp.org\\\/#website\",\"url\":\"https:\\\/\\\/www.fundacionmdp.org\\\/\",\"name\":\"Fundaci\u00f3n Mutua de Propietarios\",\"description\":\"En la Fundaci\u00f3n Mutua de Propietarios te ayudamos a convertir tu edificio de viviendas en un espacio sin barreras arquitect\u00f3nicas.\",\"publisher\":{\"@id\":\"https:\\\/\\\/www.fundacionmdp.org\\\/#organization\"},\"potentialAction\":[{\"@type\":\"SearchAction\",\"target\":{\"@type\":\"EntryPoint\",\"urlTemplate\":\"https:\\\/\\\/www.fundacionmdp.org\\\/?s={search_term_string}\"},\"query-input\":{\"@type\":\"PropertyValueSpecification\",\"valueRequired\":true,\"valueName\":\"search_term_string\"}}],\"inLanguage\":\"ca\"},{\"@type\":\"Organization\",\"@id\":\"https:\\\/\\\/www.fundacionmdp.org\\\/#organization\",\"name\":\"Fundaci\u00f3n Mutua de Propietarios\",\"url\":\"https:\\\/\\\/www.fundacionmdp.org\\\/\",\"logo\":{\"@type\":\"ImageObject\",\"inLanguage\":\"ca\",\"@id\":\"https:\\\/\\\/www.fundacionmdp.org\\\/#\\\/schema\\\/logo\\\/image\\\/\",\"url\":\"https:\\\/\\\/www.fundacionmdp.org\\\/wp-content\\\/uploads\\\/2023\\\/05\\\/logo_FMdP_cat.png\",\"contentUrl\":\"https:\\\/\\\/www.fundacionmdp.org\\\/wp-content\\\/uploads\\\/2023\\\/05\\\/logo_FMdP_cat.png\",\"width\":655,\"height\":297,\"caption\":\"Fundaci\u00f3n Mutua de Propietarios\"},\"image\":{\"@id\":\"https:\\\/\\\/www.fundacionmdp.org\\\/#\\\/schema\\\/logo\\\/image\\\/\"}},{\"@type\":\"Person\",\"@id\":\"https:\\\/\\\/www.fundacionmdp.org\\\/#\\\/schema\\\/person\\\/12f9af801cac25dfcb5a96cb0090f703\",\"name\":\"fundacionmdp\",\"image\":{\"@type\":\"ImageObject\",\"inLanguage\":\"ca\",\"@id\":\"https:\\\/\\\/secure.gravatar.com\\\/avatar\\\/b540f93d1816a14d85e51109d050c3243b98fb660a665f517a6d2597cff3bbed?s=96&d=mm&r=g\",\"url\":\"https:\\\/\\\/secure.gravatar.com\\\/avatar\\\/b540f93d1816a14d85e51109d050c3243b98fb660a665f517a6d2597cff3bbed?s=96&d=mm&r=g\",\"contentUrl\":\"https:\\\/\\\/secure.gravatar.com\\\/avatar\\\/b540f93d1816a14d85e51109d050c3243b98fb660a665f517a6d2597cff3bbed?s=96&d=mm&r=g\",\"caption\":\"fundacionmdp\"},\"sameAs\":[\"http:\\\/\\\/prezuk.com.mialias.net\\\/fundacionmdp\"],\"url\":\"https:\\\/\\\/www.fundacionmdp.org\\\/ca\\\/author\\\/fundacionmdp\\\/\"}]}<\/script>\n<!-- \/ Yoast SEO plugin. -->","yoast_head_json":{"title":"Manifest per a impulsar l\u2019accessibilitat universal com a prioritat: rehabilitaci\u00f3 integral a l\u2019habitatge - Fundaci\u00f3n Mutua de Propietarios","robots":{"index":"index","follow":"follow","max-snippet":"max-snippet:-1","max-image-preview":"max-image-preview:large","max-video-preview":"max-video-preview:-1"},"canonical":"https:\/\/www.fundacionmdp.org\/ca\/manifest-per-a-impulsar-laccessibilitat-universal-com-a-prioritat-rehabilitacio-integral-a-lhabitatge\/","og_locale":"ca_ES","og_type":"article","og_title":"Manifest per a impulsar l\u2019accessibilitat universal com a prioritat: rehabilitaci\u00f3 integral a l\u2019habitatge - Fundaci\u00f3n Mutua de Propietarios","og_description":"Actualment nom\u00e9s un 0,6%1 dels edificis d\u2019habitatges a Espanya s\u00f3n universalment accessibles i, per aquest motiu, un 22% de les persones amb mobilitat redu\u00efda han hagut de canviar d\u2019habitatge. En condicions pre-covid, 1,8 milions de persones2 necessitaven de l\u2019ajuda de tercers per sortir de casa seva, i 100.000 persones2 no en sortien mai a causa [&hellip;]","og_url":"https:\/\/www.fundacionmdp.org\/ca\/manifest-per-a-impulsar-laccessibilitat-universal-com-a-prioritat-rehabilitacio-integral-a-lhabitatge\/","og_site_name":"Fundaci\u00f3n Mutua de Propietarios","article_published_time":"2020-12-04T13:33:00+00:00","article_modified_time":"2023-05-15T11:43:31+00:00","og_image":[{"width":900,"height":600,"url":"https:\/\/www.fundacionmdp.org\/wp-content\/uploads\/2023\/05\/EmstzyhXUAAp9FV.jpg","type":"image\/jpeg"}],"author":"fundacionmdp","twitter_card":"summary_large_image","twitter_misc":{"Escrit per":"fundacionmdp","Temps estimat de lectura":"8 minuts"},"schema":{"@context":"https:\/\/schema.org","@graph":[{"@type":"Article","@id":"https:\/\/www.fundacionmdp.org\/ca\/manifest-per-a-impulsar-laccessibilitat-universal-com-a-prioritat-rehabilitacio-integral-a-lhabitatge\/#article","isPartOf":{"@id":"https:\/\/www.fundacionmdp.org\/ca\/manifest-per-a-impulsar-laccessibilitat-universal-com-a-prioritat-rehabilitacio-integral-a-lhabitatge\/"},"author":{"name":"fundacionmdp","@id":"https:\/\/www.fundacionmdp.org\/#\/schema\/person\/12f9af801cac25dfcb5a96cb0090f703"},"headline":"Manifest per a impulsar l\u2019accessibilitat universal com a prioritat: rehabilitaci\u00f3 integral a l\u2019habitatge","datePublished":"2020-12-04T13:33:00+00:00","dateModified":"2023-05-15T11:43:31+00:00","mainEntityOfPage":{"@id":"https:\/\/www.fundacionmdp.org\/ca\/manifest-per-a-impulsar-laccessibilitat-universal-com-a-prioritat-rehabilitacio-integral-a-lhabitatge\/"},"wordCount":1582,"commentCount":0,"publisher":{"@id":"https:\/\/www.fundacionmdp.org\/#organization"},"image":{"@id":"https:\/\/www.fundacionmdp.org\/ca\/manifest-per-a-impulsar-laccessibilitat-universal-com-a-prioritat-rehabilitacio-integral-a-lhabitatge\/#primaryimage"},"thumbnailUrl":"https:\/\/www.fundacionmdp.org\/wp-content\/uploads\/2023\/05\/EmstzyhXUAAp9FV.jpg","articleSection":["Sin categorizar"],"inLanguage":"ca","potentialAction":[{"@type":"CommentAction","name":"Comment","target":["https:\/\/www.fundacionmdp.org\/ca\/manifest-per-a-impulsar-laccessibilitat-universal-com-a-prioritat-rehabilitacio-integral-a-lhabitatge\/#respond"]}]},{"@type":"WebPage","@id":"https:\/\/www.fundacionmdp.org\/ca\/manifest-per-a-impulsar-laccessibilitat-universal-com-a-prioritat-rehabilitacio-integral-a-lhabitatge\/","url":"https:\/\/www.fundacionmdp.org\/ca\/manifest-per-a-impulsar-laccessibilitat-universal-com-a-prioritat-rehabilitacio-integral-a-lhabitatge\/","name":"Manifest per a impulsar l\u2019accessibilitat universal com a prioritat: rehabilitaci\u00f3 integral a l\u2019habitatge - Fundaci\u00f3n Mutua de Propietarios","isPartOf":{"@id":"https:\/\/www.fundacionmdp.org\/#website"},"primaryImageOfPage":{"@id":"https:\/\/www.fundacionmdp.org\/ca\/manifest-per-a-impulsar-laccessibilitat-universal-com-a-prioritat-rehabilitacio-integral-a-lhabitatge\/#primaryimage"},"image":{"@id":"https:\/\/www.fundacionmdp.org\/ca\/manifest-per-a-impulsar-laccessibilitat-universal-com-a-prioritat-rehabilitacio-integral-a-lhabitatge\/#primaryimage"},"thumbnailUrl":"https:\/\/www.fundacionmdp.org\/wp-content\/uploads\/2023\/05\/EmstzyhXUAAp9FV.jpg","datePublished":"2020-12-04T13:33:00+00:00","dateModified":"2023-05-15T11:43:31+00:00","breadcrumb":{"@id":"https:\/\/www.fundacionmdp.org\/ca\/manifest-per-a-impulsar-laccessibilitat-universal-com-a-prioritat-rehabilitacio-integral-a-lhabitatge\/#breadcrumb"},"inLanguage":"ca","potentialAction":[{"@type":"ReadAction","target":["https:\/\/www.fundacionmdp.org\/ca\/manifest-per-a-impulsar-laccessibilitat-universal-com-a-prioritat-rehabilitacio-integral-a-lhabitatge\/"]}]},{"@type":"ImageObject","inLanguage":"ca","@id":"https:\/\/www.fundacionmdp.org\/ca\/manifest-per-a-impulsar-laccessibilitat-universal-com-a-prioritat-rehabilitacio-integral-a-lhabitatge\/#primaryimage","url":"https:\/\/www.fundacionmdp.org\/wp-content\/uploads\/2023\/05\/EmstzyhXUAAp9FV.jpg","contentUrl":"https:\/\/www.fundacionmdp.org\/wp-content\/uploads\/2023\/05\/EmstzyhXUAAp9FV.jpg","width":900,"height":600},{"@type":"BreadcrumbList","@id":"https:\/\/www.fundacionmdp.org\/ca\/manifest-per-a-impulsar-laccessibilitat-universal-com-a-prioritat-rehabilitacio-integral-a-lhabitatge\/#breadcrumb","itemListElement":[{"@type":"ListItem","position":1,"name":"Home","item":"https:\/\/www.fundacionmdp.org\/ca\/"},{"@type":"ListItem","position":2,"name":"Manifest per a impulsar l\u2019accessibilitat universal com a prioritat: rehabilitaci\u00f3 integral a l\u2019habitatge"}]},{"@type":"WebSite","@id":"https:\/\/www.fundacionmdp.org\/#website","url":"https:\/\/www.fundacionmdp.org\/","name":"Fundaci\u00f3n Mutua de Propietarios","description":"En la Fundaci\u00f3n Mutua de Propietarios te ayudamos a convertir tu edificio de viviendas en un espacio sin barreras arquitect\u00f3nicas.","publisher":{"@id":"https:\/\/www.fundacionmdp.org\/#organization"},"potentialAction":[{"@type":"SearchAction","target":{"@type":"EntryPoint","urlTemplate":"https:\/\/www.fundacionmdp.org\/?s={search_term_string}"},"query-input":{"@type":"PropertyValueSpecification","valueRequired":true,"valueName":"search_term_string"}}],"inLanguage":"ca"},{"@type":"Organization","@id":"https:\/\/www.fundacionmdp.org\/#organization","name":"Fundaci\u00f3n Mutua de Propietarios","url":"https:\/\/www.fundacionmdp.org\/","logo":{"@type":"ImageObject","inLanguage":"ca","@id":"https:\/\/www.fundacionmdp.org\/#\/schema\/logo\/image\/","url":"https:\/\/www.fundacionmdp.org\/wp-content\/uploads\/2023\/05\/logo_FMdP_cat.png","contentUrl":"https:\/\/www.fundacionmdp.org\/wp-content\/uploads\/2023\/05\/logo_FMdP_cat.png","width":655,"height":297,"caption":"Fundaci\u00f3n Mutua de Propietarios"},"image":{"@id":"https:\/\/www.fundacionmdp.org\/#\/schema\/logo\/image\/"}},{"@type":"Person","@id":"https:\/\/www.fundacionmdp.org\/#\/schema\/person\/12f9af801cac25dfcb5a96cb0090f703","name":"fundacionmdp","image":{"@type":"ImageObject","inLanguage":"ca","@id":"https:\/\/secure.gravatar.com\/avatar\/b540f93d1816a14d85e51109d050c3243b98fb660a665f517a6d2597cff3bbed?s=96&d=mm&r=g","url":"https:\/\/secure.gravatar.com\/avatar\/b540f93d1816a14d85e51109d050c3243b98fb660a665f517a6d2597cff3bbed?s=96&d=mm&r=g","contentUrl":"https:\/\/secure.gravatar.com\/avatar\/b540f93d1816a14d85e51109d050c3243b98fb660a665f517a6d2597cff3bbed?s=96&d=mm&r=g","caption":"fundacionmdp"},"sameAs":["http:\/\/prezuk.com.mialias.net\/fundacionmdp"],"url":"https:\/\/www.fundacionmdp.org\/ca\/author\/fundacionmdp\/"}]}},"_links":{"self":[{"href":"https:\/\/www.fundacionmdp.org\/ca\/wp-json\/wp\/v2\/posts\/7358","targetHints":{"allow":["GET"]}}],"collection":[{"href":"https:\/\/www.fundacionmdp.org\/ca\/wp-json\/wp\/v2\/posts"}],"about":[{"href":"https:\/\/www.fundacionmdp.org\/ca\/wp-json\/wp\/v2\/types\/post"}],"author":[{"embeddable":true,"href":"https:\/\/www.fundacionmdp.org\/ca\/wp-json\/wp\/v2\/users\/1"}],"replies":[{"embeddable":true,"href":"https:\/\/www.fundacionmdp.org\/ca\/wp-json\/wp\/v2\/comments?post=7358"}],"version-history":[{"count":7,"href":"https:\/\/www.fundacionmdp.org\/ca\/wp-json\/wp\/v2\/posts\/7358\/revisions"}],"predecessor-version":[{"id":7365,"href":"https:\/\/www.fundacionmdp.org\/ca\/wp-json\/wp\/v2\/posts\/7358\/revisions\/7365"}],"wp:featuredmedia":[{"embeddable":true,"href":"https:\/\/www.fundacionmdp.org\/ca\/wp-json\/wp\/v2\/media\/6560"}],"wp:attachment":[{"href":"https:\/\/www.fundacionmdp.org\/ca\/wp-json\/wp\/v2\/media?parent=7358"}],"wp:term":[{"taxonomy":"category","embeddable":true,"href":"https:\/\/www.fundacionmdp.org\/ca\/wp-json\/wp\/v2\/categories?post=7358"},{"taxonomy":"post_tag","embeddable":true,"href":"https:\/\/www.fundacionmdp.org\/ca\/wp-json\/wp\/v2\/tags?post=7358"}],"curies":[{"name":"wp","href":"https:\/\/api.w.org\/{rel}","templated":true}]}}