{"id":7366,"date":"2021-01-20T13:38:00","date_gmt":"2021-01-20T13:38:00","guid":{"rendered":"http:\/\/prezuk.com.mialias.net\/fundacionmdp\/la-fundacion-mutua-de-propietarios-ha-traslladat-al-govern-el-seu-desig-que-els-fons-europeus-destinats-a-la-rehabilitacio-dhabitatge-tambe-millorin-laccessibilitat\/"},"modified":"2023-05-15T11:46:30","modified_gmt":"2023-05-15T11:46:30","slug":"la-fundacion-mutua-de-propietarios-ha-traslladat-al-govern-el-seu-desig-que-els-fons-europeus-destinats-a-la-rehabilitacio-dhabitatge-tambe-millorin-laccessibilitat","status":"publish","type":"post","link":"https:\/\/www.fundacionmdp.org\/ca\/la-fundacion-mutua-de-propietarios-ha-traslladat-al-govern-el-seu-desig-que-els-fons-europeus-destinats-a-la-rehabilitacio-dhabitatge-tambe-millorin-laccessibilitat\/","title":{"rendered":"La Fundaci\u00f3n Mutua de Propietarios ha traslladat al govern el seu desig que els fons europeus destinats a la rehabilitaci\u00f3 d\u2019habitatge tamb\u00e9 millorin l\u2019accessibilitat"},"content":{"rendered":"\t\t<div data-elementor-type=\"wp-post\" data-elementor-id=\"7366\" class=\"elementor elementor-7366 elementor-2545\">\n\t\t\t\t<div class=\"elementor-element elementor-element-f1bcb37 e-flex e-con-boxed e-con e-parent\" data-id=\"f1bcb37\" data-element_type=\"container\" data-e-type=\"container\">\n\t\t\t\t\t<div class=\"e-con-inner\">\n\t\t\t\t<div class=\"elementor-element elementor-element-77ff8ed elementor-widget elementor-widget-text-editor\" data-id=\"77ff8ed\" data-element_type=\"widget\" data-e-type=\"widget\" data-widget_type=\"text-editor.default\">\n\t\t\t\t<div class=\"elementor-widget-container\">\n\t\t\t\t\t\t\t\t\t<p><strong>El Manifest, al qu\u00e8 s\u2019han unit m\u00e9s de seixanta associacions i col\u00b7legis professionals de tot Espanya, s\u2019ha lliurat avui al secretari general d\u2019Agenda Urbana i Habitatge<\/strong><\/p><p><strong>L\u2019entitat ha sol\u00b7licitat al Govern que els fons europeus que es destinen a la rehabilitaci\u00f3 d\u2019habitatge i efici\u00e8ncia energ\u00e8tica incloguin fons espec\u00edfics per a l\u2019eliminaci\u00f3 de barreres arquitect\u00f2niques<\/strong><\/p><p><strong>Aix\u00ed mateix, considera necessari que s\u2019estudi\u00efn noves formes d\u2019incentivar la millora de l\u2019accessibilitat a l\u2019habitatge m\u00e9s enll\u00e0 de les subvencions.<\/strong><\/p><p><strong>Madrid 20 de gener de 2021.-<\/strong> La Fundaci\u00f3 Mutua de Propietarios ha lliurat avui al Govern un Manifest recolzat per m\u00e9s de 60 entitats, per impulsar l\u2019accessibilitat universal en els edificis d\u2019habitatges.<\/p><p>Aquest Manifest que la Fundaci\u00f3 M\u00fatua de Propietaris ha compartit amb altres associacions vinculades a la mobilitat redu\u00efda, la discapacitat, l\u2019arquitectura i habitatge, l\u2019enginyeria, l\u2019administraci\u00f3 de finques i la mediaci\u00f3 entre altres per sol\u00b7licitar la seva adhesi\u00f3, fa refer\u00e8ncia a el \u2018Pla de recuperaci\u00f3, Transformaci\u00f3 i Resili\u00e8ncia de l\u2019Economia espanyola \u2018presentat recentment pel Govern. Aquest pla guiar\u00e0 l\u2019execuci\u00f3 de prop de 72.000 milions d\u2019euros entre els anys 2021 i 2023 procedents de la Uni\u00f3 Europea, dels quals un 16% es destinaran a l\u2019Agenda Urbana i Rural, la lluita contra la despoblaci\u00f3 i el desenvolupament de l\u2019agricultura, a trav\u00e9s de projectes com la Implementaci\u00f3 de l\u2019Agenda urbana espanyola: Pla de rehabilitaci\u00f3 i regeneraci\u00f3 urbana.<\/p><p>\u201cEn els propers anys, Europa preveu posar el focus en millorar l\u2019efici\u00e8ncia energ\u00e8tica, fomentar les inversions verdes i digitals o la instal\u00b7laci\u00f3 de sistemes intel\u00b7ligents en edificis i infraestructures, per\u00f2 la rehabilitaci\u00f3 vinculada a la millora de l\u2019accessibilitat ha quedat en segon pla\u201d , explica Laura L\u00f3pez Demarbre, vicepresidenta executiva de la Fundaci\u00f3n Mutua de Propietarios.<\/p><p>El lliurament de l\u2019escrit ha tingut lloc aquest mat\u00ed a la seu del Ministeri de Transports, Mobilitat i Agenda Urbana de Madrid, on la vicepresidenta de la Fundaci\u00f3n Mutua de Propietarios ha estat rebuda pel secretari general d\u2019Agenda Urbana i Habitatge, David Lucas Parr\u00f3n, qui ha destacat que els fons del Pla de Recuperaci\u00f3, Transformaci\u00f3 i Resili\u00e8ncia lligats a la component 2, \u00e9s a dir, a la Implementaci\u00f3 de l\u2019Agenda urbana espanyola: Pla de rehabilitaci\u00f3 i regeneraci\u00f3 urbana, permetran accelerar el ritme de renovaci\u00f3 sostenible el parc edificat. Per\u00f2 tamb\u00e9, en l\u00ednia amb la Renovation Wave, ser\u00e0 una oportunitat per millorar la qualitat de vida i l\u2019habitabilitat del parc d\u2019habitatge, apostant per un enfocament integral, que millori substancialment l\u2019efici\u00e8ncia energ\u00e8tica dels edificis i la integraci\u00f3 de fonts d\u2019energia renovable, incloent l\u2019accessibilitat, conservaci\u00f3, millora de la seguretat d\u2019utilitzaci\u00f3 i la digitalitzaci\u00f3 en habitatges.<\/p><p>Actualment nom\u00e9s un 0,6% 1 dels edificis d\u2019habitatges a Espanya s\u00f3n universalment accessibles i, per aquest motiu, un 22% de les persones amb mobilitat redu\u00efda ha hagut de canviar d\u2019habitatge. Aix\u00ed mateix, en condicions pre-covid, 1,8 milions d\u2019espanyols necessitaven de l\u2019ajuda de tercers per sortir de casa seva, i 100.000 persones2 no sortien mai dels seus habitatges a causa de la manca d\u2019accessibilitat dels seus edificis.<\/p><p><strong>Dret a una vellesa digna i una vida independent<\/strong><br \/>En l\u2019escrit que s\u2019ha lliurat a la Secretaria d\u2019Estat d\u2019Habitatge, la Fundaci\u00f3n Mutua de Propietarios tamb\u00e9 sol\u00b7licita al Govern que estudi\u00ef altres formes d\u2019incentivar l\u2019accessibilitat universal per mitj\u00e0 de deduccions fiscals o altres sistemes \u201c<i>que fomentin la realitzaci\u00f3 d\u2019obres d\u2019accessibilitat per millorar la qualitat de vida dels seus residents, i al seu torn incrementar el ritme de renovaci\u00f3 de parc d\u2019habitatges garantint el dret a tenir una vellesa digna<\/i>\u201d.<\/p><p>\u201cEn un pa\u00eds amb un enorme repte en la rehabilitaci\u00f3 integral d\u2019edificis, i amb un parc d\u2019habitatges molt envellit, l\u2019accessibilitat dels seus edificis \u00e9s un element clau m\u00e9s enll\u00e0 de l\u2019entorn, que resol el dret fonamental de les persones amb mobilitat redu\u00efda de poder entrar i sortir de les seves cases de manera independent \u201c, destaca L\u00f3pez Demarbre.<\/p><p>En aquest sentit, la inclusi\u00f3 de la millora de l\u2019accessibilitat amb una major rellev\u00e0ncia ajudaria a la nostra societat a preparar els seus edificis per a l\u2019augment de l\u2019esperan\u00e7a de vida dels seus residents on la manca d\u2019accessibilitat dels edificis impacta directament en les persones amb mobilitat redu\u00efda i limita la possibilitat de mantenir una vellesa digna a casa.<\/p><p>\u201cPer aix\u00f2, cal que les actuacions de rehabilitaci\u00f3 integral de l\u2019edifici es percebin com una millora real de la qualitat de vida, dif\u00edcilment assolible sense eliminar barreres a la mobilitat en habitatges i edificis\u201d, conclou la vicepresidenta executiva de la Fundaci\u00f3.<\/p><p>1. Font: La Accessibilitat dels habitatges espanyols. Estudi de la Fundaci\u00f3n Mutua de Propietarios en col\u00b7laboraci\u00f3 amb C\u00e0tedra UNESCO del dret a l\u2019habitatge de la Universitat Rovira i Virgili.<br \/>2. Font: Mobilitat redu\u00efda i accessibilitat. Estudi de la Fundaci\u00f3n Mutua de Propietarios en col\u00b7laboraci\u00f3 amb COCEMFE.<\/p>\t\t\t\t\t\t\t\t<\/div>\n\t\t\t\t<\/div>\n\t\t\t\t\t<\/div>\n\t\t\t\t<\/div>\n\t\t<div class=\"elementor-element elementor-element-9ef40b5 e-flex e-con-boxed e-con e-parent\" data-id=\"9ef40b5\" data-element_type=\"container\" data-e-type=\"container\">\n\t\t\t\t\t<div class=\"e-con-inner\">\n\t\t\t\t<div class=\"elementor-element elementor-element-34e1279 elementor-widget elementor-widget-text-editor\" data-id=\"34e1279\" data-element_type=\"widget\" data-e-type=\"widget\" data-widget_type=\"text-editor.default\">\n\t\t\t\t<div class=\"elementor-widget-container\">\n\t\t\t\t\t\t\t\t\t<h2>Entitats adherides<\/h2><p>Consejo General de Administradores de Fincas de Espa\u00f1a<br \/>Consejo General de Colegios Oficiales de Graduados e Ingenieros T\u00e9cnicos Industriales de Espa\u00f1a<br \/>Consejo General de la Arquitectura T\u00e9cnica de Espa\u00f1a<br \/>Consejo Superior de los Colegios de Arquitectos de Espa\u00f1a (CSCAE)<br \/>Consell Col\u00b7legis d\u2019Administradors de Finques de Catalunya<br \/>Consell Col\u00b7legis d\u2019Enginyers Graduats i Enginyers T\u00e8cnics de Catalunya<br \/>Colegio de Mediadores de Seguros de Almer\u00eda<br \/>Col\u00b7legi de Mediadors d\u2019Assegurances de Girona<br \/>Col\u00b7legi de Mediadors d\u2019Assegurances de Lleida<br \/>Colegio de Mediadores de Seguros de Madrid<br \/>Col\u00b7legi de Mediadors d\u2019Assegurances de Tarragona<br \/>Colegio de Mediadores de Seguros de Zaragoza y Teruel<br \/>Colegio de Administradores de Fincas de Arag\u00f3n<br \/>Colegio de Administradores de Fincas de Baleares<br \/>Col\u00b7legi d\u2019Administradors de Finques de Barcelona-Lleida<br \/>Col\u00b7legi d\u2019Administradors de Finques de Girona<br \/>Colegio de Administradores de Fincas de Cant\u00e1bria<br \/>Colegio de Administradores de Fincas de C\u00f3rdoba<br \/>Colegio de Administradores de Fincas de Galicia<br \/>Colegio de Administradores de Fincas de Gipuzkoa y Alava<br \/>Colegio de Administradores de Fincas de La Rioja<br \/>Colegio de Administradores de Fincas de Madrid<br \/>Colegio de Administradores de Fincas de Murcia<br \/>Col\u00b7legi d\u2019Administradors de Finques de Tarragona<br \/>Colegio Oficial de Agentes de la Propiedad Inmobiliaria de Arag\u00f3n<br \/>Col\u00b7legi i Associaci\u00f3 d\u2019Agents de la Propietat Immobili\u00e0ria de Girona<br \/>Gremi Empresarial d\u2019Ascensors de Catalunya GEDAC<br \/>Observatorio 2030 del CSCAE<br \/>IFMA Espa\u00f1a. Asociaci\u00f3n Internacional de Facility Management<br \/>AESLEME -Asociaci\u00f3n por la prevenci\u00f3n de accidentes de tr\u00e1fico y ONG de atenci\u00f3n a v\u00edctimas de accidentes<br \/>Aprocor<br \/>ASEPAU<br \/>Asociaci\u00f3n Burgalesa de Escler\u00f3sis M\u00faltiple ASBEM<br \/>C\u00e1tedra UNESCO de Vivienda de la Universidad Rovira i Virgili<br \/>Centro de Referencia Estatal de Autonom\u00eda Personal y Ayudas T\u00e9cnicas \u2013 IMSERSO<br \/>COCEMFE \u2013 Confederaci\u00f3n Espa\u00f1ola de Presonas con Discapacidad F\u00edsica y Org\u00e1nica<br \/>Federaci\u00f3 ECOM<br \/>Fundaci\u00f3 Foment del Habitatge Socials<br \/>Fundaci\u00f3 Habitat 3<br \/>Fundaci\u00f3n DFA<br \/>Fundaci\u00f3n Grupo Sifu<br \/>Fundaci\u00f3n ONCE<br \/>Universitat Internacional de Catalunya<br \/>100X100 Accesible<br \/>AD Horizontal<br \/>Administraci\u00f3n de Fincas GAF Ruiz Lizondo<br \/>Administraci\u00f3n de Fincas Juan Andreu S\u00e1ez<br \/>Asesoria Dom\u00ednguez<br \/>Assenur<br \/>Asturiana de Corredores<br \/>Bango Correduria de Seguros<br \/>Bas Consultores<br \/>Casa Gnial<br \/>C95 Creative<br \/>CAFUR Gestiona<br \/>CEI Grup Finques Company<br \/>Cleries Administraci\u00f3 de Finques<br \/>Correduria Echevarria &amp; Sada<br \/>Esenia Correduria de Seguros<br \/>Fincas Choren<br \/>Finques Badalona<br \/>Finques Barcel\u00f3<br \/>Fincas Brisasol<br \/>Finques Gonseni<br \/>Finques Feliu<br \/>FINSA Corredur\u00eda de Seguros<br \/>Funciona<br \/>Gallofr\u00e9 Administraci\u00f3n<br \/>Gestoria Sim\u00f3n<br \/>Grucavi<br \/>Habi Dise\u00f1o Accesible<br \/>Inmobiliaria Tur y Serra<br \/>La Llar de Castellet<br \/>La Renda Urbana<br \/>Lesmes Alvarez Correduria de Seguros<br \/>Lorente Guti\u00e9rrez Consultores<br \/>Megafincas<br \/>Mind Facilities Management<br \/>Monterrubio Gesti\u00f3n Inmobiliaria<br \/>Mutua de Propietarios<br \/>Mutual de Conductors<br \/>Mutuarisk<br \/>Pensium<br \/>People &amp; Planet Partners<br \/>PER 32<br \/>RentaMarket<br \/>Rovira-Beleta Accesibilidad<br \/>Sensedi<br \/>Supervecina<br \/>Tu Comunidad como la m\u00eda<br \/>Tu Vivienda Accesible<br \/>Ureka<br \/>Vetusta Corredores Asociados<br \/>VicMoba<\/p>\t\t\t\t\t\t\t\t<\/div>\n\t\t\t\t<\/div>\n\t\t\t\t\t<\/div>\n\t\t\t\t<\/div>\n\t\t<div class=\"elementor-element elementor-element-ca2219f e-flex e-con-boxed e-con e-parent\" data-id=\"ca2219f\" data-element_type=\"container\" data-e-type=\"container\">\n\t\t\t\t\t<div class=\"e-con-inner\">\n\t\t\t\t<div class=\"elementor-element elementor-element-ace54d9 elementor-widget elementor-widget-image\" data-id=\"ace54d9\" data-element_type=\"widget\" data-e-type=\"widget\" data-widget_type=\"image.default\">\n\t\t\t\t<div class=\"elementor-widget-container\">\n\t\t\t\t\t\t\t\t\t\t\t\t\t\t\t<img fetchpriority=\"high\" decoding=\"async\" width=\"1024\" height=\"708\" src=\"https:\/\/www.fundacionmdp.org\/wp-content\/uploads\/2023\/05\/foto_destacada_nota_prensa-scaled-1-1024x708.jpg\" class=\"attachment-large size-large wp-image-6562\" alt=\"\" srcset=\"https:\/\/www.fundacionmdp.org\/wp-content\/uploads\/2023\/05\/foto_destacada_nota_prensa-scaled-1-1024x708.jpg 1024w, https:\/\/www.fundacionmdp.org\/wp-content\/uploads\/2023\/05\/foto_destacada_nota_prensa-scaled-1-300x207.jpg 300w, https:\/\/www.fundacionmdp.org\/wp-content\/uploads\/2023\/05\/foto_destacada_nota_prensa-scaled-1-768x531.jpg 768w, https:\/\/www.fundacionmdp.org\/wp-content\/uploads\/2023\/05\/foto_destacada_nota_prensa-scaled-1-1536x1062.jpg 1536w, https:\/\/www.fundacionmdp.org\/wp-content\/uploads\/2023\/05\/foto_destacada_nota_prensa-scaled-1-2048x1416.jpg 2048w\" sizes=\"(max-width: 1024px) 100vw, 1024px\" \/>\t\t\t\t\t\t\t\t\t\t\t\t\t\t\t<\/div>\n\t\t\t\t<\/div>\n\t\t\t\t\t<\/div>\n\t\t\t\t<\/div>\n\t\t<div class=\"elementor-element elementor-element-4bbdc1f e-flex e-con-boxed e-con e-parent\" data-id=\"4bbdc1f\" data-element_type=\"container\" data-e-type=\"container\">\n\t\t\t\t\t<div class=\"e-con-inner\">\n\t\t\t\t<div class=\"elementor-element elementor-element-45f578f elementor-align-center elementor-widget elementor-widget-button\" data-id=\"45f578f\" data-element_type=\"widget\" data-e-type=\"widget\" data-widget_type=\"button.default\">\n\t\t\t\t<div class=\"elementor-widget-container\">\n\t\t\t\t\t\t\t\t\t<div class=\"elementor-button-wrapper\">\n\t\t\t\t\t<a class=\"elementor-button elementor-button-link elementor-size-sm\" href=\"https:\/\/www.fundacionmdp.org\/ca\/notice\/manifest-per-a-impulsar-laccessibilitat-universal-com-a-prioritat-rehabilitacio-integral-a-lhabitatge\/\">\n\t\t\t\t\t\t<span class=\"elementor-button-content-wrapper\">\n\t\t\t\t\t\t\t\t\t<span class=\"elementor-button-text\">CONSULTA AQUI EL MANIFEST<\/span>\n\t\t\t\t\t<\/span>\n\t\t\t\t\t<\/a>\n\t\t\t\t<\/div>\n\t\t\t\t\t\t\t\t<\/div>\n\t\t\t\t<\/div>\n\t\t\t\t\t<\/div>\n\t\t\t\t<\/div>\n\t\t\t\t<\/div>\n\t\t","protected":false},"excerpt":{"rendered":"<p>El Manifest, al qu\u00e8 s\u2019han unit m\u00e9s de seixanta associacions i col\u00b7legis professionals de tot Espanya, s\u2019ha lliurat avui al secretari general d\u2019Agenda Urbana i Habitatge L\u2019entitat ha sol\u00b7licitat al Govern que els fons europeus que es destinen a la rehabilitaci\u00f3 d\u2019habitatge i efici\u00e8ncia energ\u00e8tica incloguin fons espec\u00edfics per a l\u2019eliminaci\u00f3 de barreres arquitect\u00f2niques Aix\u00ed [&hellip;]<\/p>\n","protected":false},"author":1,"featured_media":6562,"comment_status":"open","ping_status":"open","sticky":false,"template":"","format":"standard","meta":{"_acf_changed":false,"ocean_post_layout":"","ocean_both_sidebars_style":"","ocean_both_sidebars_content_width":0,"ocean_both_sidebars_sidebars_width":0,"ocean_sidebar":"0","ocean_second_sidebar":"0","ocean_disable_margins":"enable","ocean_add_body_class":"","ocean_shortcode_before_top_bar":"","ocean_shortcode_after_top_bar":"","ocean_shortcode_before_header":"","ocean_shortcode_after_header":"","ocean_has_shortcode":"","ocean_shortcode_after_title":"","ocean_shortcode_before_footer_widgets":"","ocean_shortcode_after_footer_widgets":"","ocean_shortcode_before_footer_bottom":"","ocean_shortcode_after_footer_bottom":"","ocean_display_top_bar":"default","ocean_display_header":"default","ocean_header_style":"","ocean_center_header_left_menu":"0","ocean_custom_header_template":"0","ocean_custom_logo":0,"ocean_custom_retina_logo":0,"ocean_custom_logo_max_width":0,"ocean_custom_logo_tablet_max_width":0,"ocean_custom_logo_mobile_max_width":0,"ocean_custom_logo_max_height":0,"ocean_custom_logo_tablet_max_height":0,"ocean_custom_logo_mobile_max_height":0,"ocean_header_custom_menu":"0","ocean_menu_typo_font_family":"0","ocean_menu_typo_font_subset":"","ocean_menu_typo_font_size":0,"ocean_menu_typo_font_size_tablet":0,"ocean_menu_typo_font_size_mobile":0,"ocean_menu_typo_font_size_unit":"px","ocean_menu_typo_font_weight":"","ocean_menu_typo_font_weight_tablet":"","ocean_menu_typo_font_weight_mobile":"","ocean_menu_typo_transform":"","ocean_menu_typo_transform_tablet":"","ocean_menu_typo_transform_mobile":"","ocean_menu_typo_line_height":0,"ocean_menu_typo_line_height_tablet":0,"ocean_menu_typo_line_height_mobile":0,"ocean_menu_typo_line_height_unit":"","ocean_menu_typo_spacing":0,"ocean_menu_typo_spacing_tablet":0,"ocean_menu_typo_spacing_mobile":0,"ocean_menu_typo_spacing_unit":"","ocean_menu_link_color":"","ocean_menu_link_color_hover":"","ocean_menu_link_color_active":"","ocean_menu_link_background":"","ocean_menu_link_hover_background":"","ocean_menu_link_active_background":"","ocean_menu_social_links_bg":"","ocean_menu_social_hover_links_bg":"","ocean_menu_social_links_color":"","ocean_menu_social_hover_links_color":"","ocean_disable_title":"default","ocean_disable_heading":"default","ocean_post_title":"","ocean_post_subheading":"","ocean_post_title_style":"","ocean_post_title_background_color":"","ocean_post_title_background":0,"ocean_post_title_bg_image_position":"","ocean_post_title_bg_image_attachment":"","ocean_post_title_bg_image_repeat":"","ocean_post_title_bg_image_size":"","ocean_post_title_height":0,"ocean_post_title_bg_overlay":0.5,"ocean_post_title_bg_overlay_color":"","ocean_disable_breadcrumbs":"default","ocean_breadcrumbs_color":"","ocean_breadcrumbs_separator_color":"","ocean_breadcrumbs_links_color":"","ocean_breadcrumbs_links_hover_color":"","ocean_display_footer_widgets":"default","ocean_display_footer_bottom":"default","ocean_custom_footer_template":"0","ocean_post_oembed":"","ocean_post_self_hosted_media":"","ocean_post_video_embed":"","ocean_link_format":"","ocean_link_format_target":"self","ocean_quote_format":"","ocean_quote_format_link":"post","ocean_gallery_link_images":"on","ocean_gallery_id":[],"footnotes":""},"categories":[1],"tags":[],"class_list":["post-7366","post","type-post","status-publish","format-standard","has-post-thumbnail","hentry","category-sin-categorizar","entry","has-media"],"acf":[],"yoast_head":"<!-- This site is optimized with the Yoast SEO plugin v27.3 - https:\/\/yoast.com\/product\/yoast-seo-wordpress\/ -->\n<title>La Fundaci\u00f3n Mutua de Propietarios ha traslladat al govern el seu desig que els fons europeus destinats a la rehabilitaci\u00f3 d\u2019habitatge tamb\u00e9 millorin l\u2019accessibilitat - Fundaci\u00f3n Mutua de Propietarios<\/title>\n<meta name=\"robots\" content=\"index, follow, max-snippet:-1, max-image-preview:large, max-video-preview:-1\" \/>\n<link rel=\"canonical\" href=\"https:\/\/www.fundacionmdp.org\/ca\/la-fundacion-mutua-de-propietarios-ha-traslladat-al-govern-el-seu-desig-que-els-fons-europeus-destinats-a-la-rehabilitacio-dhabitatge-tambe-millorin-laccessibilitat\/\" \/>\n<meta property=\"og:locale\" content=\"ca_ES\" \/>\n<meta property=\"og:type\" content=\"article\" \/>\n<meta property=\"og:title\" content=\"La Fundaci\u00f3n Mutua de Propietarios ha traslladat al govern el seu desig que els fons europeus destinats a la rehabilitaci\u00f3 d\u2019habitatge tamb\u00e9 millorin l\u2019accessibilitat - Fundaci\u00f3n Mutua de Propietarios\" \/>\n<meta property=\"og:description\" content=\"El Manifest, al qu\u00e8 s\u2019han unit m\u00e9s de seixanta associacions i col\u00b7legis professionals de tot Espanya, s\u2019ha lliurat avui al secretari general d\u2019Agenda Urbana i Habitatge L\u2019entitat ha sol\u00b7licitat al Govern que els fons europeus que es destinen a la rehabilitaci\u00f3 d\u2019habitatge i efici\u00e8ncia energ\u00e8tica incloguin fons espec\u00edfics per a l\u2019eliminaci\u00f3 de barreres arquitect\u00f2niques Aix\u00ed [&hellip;]\" \/>\n<meta property=\"og:url\" content=\"https:\/\/www.fundacionmdp.org\/ca\/la-fundacion-mutua-de-propietarios-ha-traslladat-al-govern-el-seu-desig-que-els-fons-europeus-destinats-a-la-rehabilitacio-dhabitatge-tambe-millorin-laccessibilitat\/\" \/>\n<meta property=\"og:site_name\" content=\"Fundaci\u00f3n Mutua de Propietarios\" \/>\n<meta property=\"article:published_time\" content=\"2021-01-20T13:38:00+00:00\" \/>\n<meta property=\"article:modified_time\" content=\"2023-05-15T11:46:30+00:00\" \/>\n<meta property=\"og:image\" content=\"https:\/\/www.fundacionmdp.org\/wp-content\/uploads\/2023\/05\/foto_destacada_nota_prensa-scaled-1.jpg\" \/>\n\t<meta property=\"og:image:width\" content=\"2560\" \/>\n\t<meta property=\"og:image:height\" content=\"1770\" \/>\n\t<meta property=\"og:image:type\" content=\"image\/jpeg\" \/>\n<meta name=\"author\" content=\"fundacionmdp\" \/>\n<meta name=\"twitter:card\" content=\"summary_large_image\" \/>\n<meta name=\"twitter:label1\" content=\"Escrit per\" \/>\n\t<meta name=\"twitter:data1\" content=\"fundacionmdp\" \/>\n\t<meta name=\"twitter:label2\" content=\"Temps estimat de lectura\" \/>\n\t<meta name=\"twitter:data2\" content=\"6 minuts\" \/>\n<script type=\"application\/ld+json\" class=\"yoast-schema-graph\">{\"@context\":\"https:\\\/\\\/schema.org\",\"@graph\":[{\"@type\":\"Article\",\"@id\":\"https:\\\/\\\/www.fundacionmdp.org\\\/ca\\\/la-fundacion-mutua-de-propietarios-ha-traslladat-al-govern-el-seu-desig-que-els-fons-europeus-destinats-a-la-rehabilitacio-dhabitatge-tambe-millorin-laccessibilitat\\\/#article\",\"isPartOf\":{\"@id\":\"https:\\\/\\\/www.fundacionmdp.org\\\/ca\\\/la-fundacion-mutua-de-propietarios-ha-traslladat-al-govern-el-seu-desig-que-els-fons-europeus-destinats-a-la-rehabilitacio-dhabitatge-tambe-millorin-laccessibilitat\\\/\"},\"author\":{\"name\":\"fundacionmdp\",\"@id\":\"https:\\\/\\\/www.fundacionmdp.org\\\/#\\\/schema\\\/person\\\/12f9af801cac25dfcb5a96cb0090f703\"},\"headline\":\"La Fundaci\u00f3n Mutua de Propietarios ha traslladat al govern el seu desig que els fons europeus destinats a la rehabilitaci\u00f3 d\u2019habitatge tamb\u00e9 millorin l\u2019accessibilitat\",\"datePublished\":\"2021-01-20T13:38:00+00:00\",\"dateModified\":\"2023-05-15T11:46:30+00:00\",\"mainEntityOfPage\":{\"@id\":\"https:\\\/\\\/www.fundacionmdp.org\\\/ca\\\/la-fundacion-mutua-de-propietarios-ha-traslladat-al-govern-el-seu-desig-que-els-fons-europeus-destinats-a-la-rehabilitacio-dhabitatge-tambe-millorin-laccessibilitat\\\/\"},\"wordCount\":1284,\"commentCount\":0,\"publisher\":{\"@id\":\"https:\\\/\\\/www.fundacionmdp.org\\\/#organization\"},\"image\":{\"@id\":\"https:\\\/\\\/www.fundacionmdp.org\\\/ca\\\/la-fundacion-mutua-de-propietarios-ha-traslladat-al-govern-el-seu-desig-que-els-fons-europeus-destinats-a-la-rehabilitacio-dhabitatge-tambe-millorin-laccessibilitat\\\/#primaryimage\"},\"thumbnailUrl\":\"https:\\\/\\\/www.fundacionmdp.org\\\/wp-content\\\/uploads\\\/2023\\\/05\\\/foto_destacada_nota_prensa-scaled-1.jpg\",\"articleSection\":[\"Sin categorizar\"],\"inLanguage\":\"ca\",\"potentialAction\":[{\"@type\":\"CommentAction\",\"name\":\"Comment\",\"target\":[\"https:\\\/\\\/www.fundacionmdp.org\\\/ca\\\/la-fundacion-mutua-de-propietarios-ha-traslladat-al-govern-el-seu-desig-que-els-fons-europeus-destinats-a-la-rehabilitacio-dhabitatge-tambe-millorin-laccessibilitat\\\/#respond\"]}]},{\"@type\":\"WebPage\",\"@id\":\"https:\\\/\\\/www.fundacionmdp.org\\\/ca\\\/la-fundacion-mutua-de-propietarios-ha-traslladat-al-govern-el-seu-desig-que-els-fons-europeus-destinats-a-la-rehabilitacio-dhabitatge-tambe-millorin-laccessibilitat\\\/\",\"url\":\"https:\\\/\\\/www.fundacionmdp.org\\\/ca\\\/la-fundacion-mutua-de-propietarios-ha-traslladat-al-govern-el-seu-desig-que-els-fons-europeus-destinats-a-la-rehabilitacio-dhabitatge-tambe-millorin-laccessibilitat\\\/\",\"name\":\"La Fundaci\u00f3n Mutua de Propietarios ha traslladat al govern el seu desig que els fons europeus destinats a la rehabilitaci\u00f3 d\u2019habitatge tamb\u00e9 millorin l\u2019accessibilitat - Fundaci\u00f3n Mutua de Propietarios\",\"isPartOf\":{\"@id\":\"https:\\\/\\\/www.fundacionmdp.org\\\/#website\"},\"primaryImageOfPage\":{\"@id\":\"https:\\\/\\\/www.fundacionmdp.org\\\/ca\\\/la-fundacion-mutua-de-propietarios-ha-traslladat-al-govern-el-seu-desig-que-els-fons-europeus-destinats-a-la-rehabilitacio-dhabitatge-tambe-millorin-laccessibilitat\\\/#primaryimage\"},\"image\":{\"@id\":\"https:\\\/\\\/www.fundacionmdp.org\\\/ca\\\/la-fundacion-mutua-de-propietarios-ha-traslladat-al-govern-el-seu-desig-que-els-fons-europeus-destinats-a-la-rehabilitacio-dhabitatge-tambe-millorin-laccessibilitat\\\/#primaryimage\"},\"thumbnailUrl\":\"https:\\\/\\\/www.fundacionmdp.org\\\/wp-content\\\/uploads\\\/2023\\\/05\\\/foto_destacada_nota_prensa-scaled-1.jpg\",\"datePublished\":\"2021-01-20T13:38:00+00:00\",\"dateModified\":\"2023-05-15T11:46:30+00:00\",\"breadcrumb\":{\"@id\":\"https:\\\/\\\/www.fundacionmdp.org\\\/ca\\\/la-fundacion-mutua-de-propietarios-ha-traslladat-al-govern-el-seu-desig-que-els-fons-europeus-destinats-a-la-rehabilitacio-dhabitatge-tambe-millorin-laccessibilitat\\\/#breadcrumb\"},\"inLanguage\":\"ca\",\"potentialAction\":[{\"@type\":\"ReadAction\",\"target\":[\"https:\\\/\\\/www.fundacionmdp.org\\\/ca\\\/la-fundacion-mutua-de-propietarios-ha-traslladat-al-govern-el-seu-desig-que-els-fons-europeus-destinats-a-la-rehabilitacio-dhabitatge-tambe-millorin-laccessibilitat\\\/\"]}]},{\"@type\":\"ImageObject\",\"inLanguage\":\"ca\",\"@id\":\"https:\\\/\\\/www.fundacionmdp.org\\\/ca\\\/la-fundacion-mutua-de-propietarios-ha-traslladat-al-govern-el-seu-desig-que-els-fons-europeus-destinats-a-la-rehabilitacio-dhabitatge-tambe-millorin-laccessibilitat\\\/#primaryimage\",\"url\":\"https:\\\/\\\/www.fundacionmdp.org\\\/wp-content\\\/uploads\\\/2023\\\/05\\\/foto_destacada_nota_prensa-scaled-1.jpg\",\"contentUrl\":\"https:\\\/\\\/www.fundacionmdp.org\\\/wp-content\\\/uploads\\\/2023\\\/05\\\/foto_destacada_nota_prensa-scaled-1.jpg\",\"width\":2560,\"height\":1770},{\"@type\":\"BreadcrumbList\",\"@id\":\"https:\\\/\\\/www.fundacionmdp.org\\\/ca\\\/la-fundacion-mutua-de-propietarios-ha-traslladat-al-govern-el-seu-desig-que-els-fons-europeus-destinats-a-la-rehabilitacio-dhabitatge-tambe-millorin-laccessibilitat\\\/#breadcrumb\",\"itemListElement\":[{\"@type\":\"ListItem\",\"position\":1,\"name\":\"Home\",\"item\":\"https:\\\/\\\/www.fundacionmdp.org\\\/ca\\\/\"},{\"@type\":\"ListItem\",\"position\":2,\"name\":\"La Fundaci\u00f3n Mutua de Propietarios ha traslladat al govern el seu desig que els fons europeus destinats a la rehabilitaci\u00f3 d\u2019habitatge tamb\u00e9 millorin l\u2019accessibilitat\"}]},{\"@type\":\"WebSite\",\"@id\":\"https:\\\/\\\/www.fundacionmdp.org\\\/#website\",\"url\":\"https:\\\/\\\/www.fundacionmdp.org\\\/\",\"name\":\"Fundaci\u00f3n Mutua de Propietarios\",\"description\":\"En la Fundaci\u00f3n Mutua de Propietarios te ayudamos a convertir tu edificio de viviendas en un espacio sin barreras arquitect\u00f3nicas.\",\"publisher\":{\"@id\":\"https:\\\/\\\/www.fundacionmdp.org\\\/#organization\"},\"potentialAction\":[{\"@type\":\"SearchAction\",\"target\":{\"@type\":\"EntryPoint\",\"urlTemplate\":\"https:\\\/\\\/www.fundacionmdp.org\\\/?s={search_term_string}\"},\"query-input\":{\"@type\":\"PropertyValueSpecification\",\"valueRequired\":true,\"valueName\":\"search_term_string\"}}],\"inLanguage\":\"ca\"},{\"@type\":\"Organization\",\"@id\":\"https:\\\/\\\/www.fundacionmdp.org\\\/#organization\",\"name\":\"Fundaci\u00f3n Mutua de Propietarios\",\"url\":\"https:\\\/\\\/www.fundacionmdp.org\\\/\",\"logo\":{\"@type\":\"ImageObject\",\"inLanguage\":\"ca\",\"@id\":\"https:\\\/\\\/www.fundacionmdp.org\\\/#\\\/schema\\\/logo\\\/image\\\/\",\"url\":\"https:\\\/\\\/www.fundacionmdp.org\\\/wp-content\\\/uploads\\\/2023\\\/05\\\/logo_FMdP_cat.png\",\"contentUrl\":\"https:\\\/\\\/www.fundacionmdp.org\\\/wp-content\\\/uploads\\\/2023\\\/05\\\/logo_FMdP_cat.png\",\"width\":655,\"height\":297,\"caption\":\"Fundaci\u00f3n Mutua de Propietarios\"},\"image\":{\"@id\":\"https:\\\/\\\/www.fundacionmdp.org\\\/#\\\/schema\\\/logo\\\/image\\\/\"}},{\"@type\":\"Person\",\"@id\":\"https:\\\/\\\/www.fundacionmdp.org\\\/#\\\/schema\\\/person\\\/12f9af801cac25dfcb5a96cb0090f703\",\"name\":\"fundacionmdp\",\"image\":{\"@type\":\"ImageObject\",\"inLanguage\":\"ca\",\"@id\":\"https:\\\/\\\/secure.gravatar.com\\\/avatar\\\/b540f93d1816a14d85e51109d050c3243b98fb660a665f517a6d2597cff3bbed?s=96&d=mm&r=g\",\"url\":\"https:\\\/\\\/secure.gravatar.com\\\/avatar\\\/b540f93d1816a14d85e51109d050c3243b98fb660a665f517a6d2597cff3bbed?s=96&d=mm&r=g\",\"contentUrl\":\"https:\\\/\\\/secure.gravatar.com\\\/avatar\\\/b540f93d1816a14d85e51109d050c3243b98fb660a665f517a6d2597cff3bbed?s=96&d=mm&r=g\",\"caption\":\"fundacionmdp\"},\"sameAs\":[\"http:\\\/\\\/prezuk.com.mialias.net\\\/fundacionmdp\"],\"url\":\"https:\\\/\\\/www.fundacionmdp.org\\\/ca\\\/author\\\/fundacionmdp\\\/\"}]}<\/script>\n<!-- \/ Yoast SEO plugin. -->","yoast_head_json":{"title":"La Fundaci\u00f3n Mutua de Propietarios ha traslladat al govern el seu desig que els fons europeus destinats a la rehabilitaci\u00f3 d\u2019habitatge tamb\u00e9 millorin l\u2019accessibilitat - Fundaci\u00f3n Mutua de Propietarios","robots":{"index":"index","follow":"follow","max-snippet":"max-snippet:-1","max-image-preview":"max-image-preview:large","max-video-preview":"max-video-preview:-1"},"canonical":"https:\/\/www.fundacionmdp.org\/ca\/la-fundacion-mutua-de-propietarios-ha-traslladat-al-govern-el-seu-desig-que-els-fons-europeus-destinats-a-la-rehabilitacio-dhabitatge-tambe-millorin-laccessibilitat\/","og_locale":"ca_ES","og_type":"article","og_title":"La Fundaci\u00f3n Mutua de Propietarios ha traslladat al govern el seu desig que els fons europeus destinats a la rehabilitaci\u00f3 d\u2019habitatge tamb\u00e9 millorin l\u2019accessibilitat - Fundaci\u00f3n Mutua de Propietarios","og_description":"El Manifest, al qu\u00e8 s\u2019han unit m\u00e9s de seixanta associacions i col\u00b7legis professionals de tot Espanya, s\u2019ha lliurat avui al secretari general d\u2019Agenda Urbana i Habitatge L\u2019entitat ha sol\u00b7licitat al Govern que els fons europeus que es destinen a la rehabilitaci\u00f3 d\u2019habitatge i efici\u00e8ncia energ\u00e8tica incloguin fons espec\u00edfics per a l\u2019eliminaci\u00f3 de barreres arquitect\u00f2niques Aix\u00ed [&hellip;]","og_url":"https:\/\/www.fundacionmdp.org\/ca\/la-fundacion-mutua-de-propietarios-ha-traslladat-al-govern-el-seu-desig-que-els-fons-europeus-destinats-a-la-rehabilitacio-dhabitatge-tambe-millorin-laccessibilitat\/","og_site_name":"Fundaci\u00f3n Mutua de Propietarios","article_published_time":"2021-01-20T13:38:00+00:00","article_modified_time":"2023-05-15T11:46:30+00:00","og_image":[{"width":2560,"height":1770,"url":"https:\/\/www.fundacionmdp.org\/wp-content\/uploads\/2023\/05\/foto_destacada_nota_prensa-scaled-1.jpg","type":"image\/jpeg"}],"author":"fundacionmdp","twitter_card":"summary_large_image","twitter_misc":{"Escrit per":"fundacionmdp","Temps estimat de lectura":"6 minuts"},"schema":{"@context":"https:\/\/schema.org","@graph":[{"@type":"Article","@id":"https:\/\/www.fundacionmdp.org\/ca\/la-fundacion-mutua-de-propietarios-ha-traslladat-al-govern-el-seu-desig-que-els-fons-europeus-destinats-a-la-rehabilitacio-dhabitatge-tambe-millorin-laccessibilitat\/#article","isPartOf":{"@id":"https:\/\/www.fundacionmdp.org\/ca\/la-fundacion-mutua-de-propietarios-ha-traslladat-al-govern-el-seu-desig-que-els-fons-europeus-destinats-a-la-rehabilitacio-dhabitatge-tambe-millorin-laccessibilitat\/"},"author":{"name":"fundacionmdp","@id":"https:\/\/www.fundacionmdp.org\/#\/schema\/person\/12f9af801cac25dfcb5a96cb0090f703"},"headline":"La Fundaci\u00f3n Mutua de Propietarios ha traslladat al govern el seu desig que els fons europeus destinats a la rehabilitaci\u00f3 d\u2019habitatge tamb\u00e9 millorin l\u2019accessibilitat","datePublished":"2021-01-20T13:38:00+00:00","dateModified":"2023-05-15T11:46:30+00:00","mainEntityOfPage":{"@id":"https:\/\/www.fundacionmdp.org\/ca\/la-fundacion-mutua-de-propietarios-ha-traslladat-al-govern-el-seu-desig-que-els-fons-europeus-destinats-a-la-rehabilitacio-dhabitatge-tambe-millorin-laccessibilitat\/"},"wordCount":1284,"commentCount":0,"publisher":{"@id":"https:\/\/www.fundacionmdp.org\/#organization"},"image":{"@id":"https:\/\/www.fundacionmdp.org\/ca\/la-fundacion-mutua-de-propietarios-ha-traslladat-al-govern-el-seu-desig-que-els-fons-europeus-destinats-a-la-rehabilitacio-dhabitatge-tambe-millorin-laccessibilitat\/#primaryimage"},"thumbnailUrl":"https:\/\/www.fundacionmdp.org\/wp-content\/uploads\/2023\/05\/foto_destacada_nota_prensa-scaled-1.jpg","articleSection":["Sin categorizar"],"inLanguage":"ca","potentialAction":[{"@type":"CommentAction","name":"Comment","target":["https:\/\/www.fundacionmdp.org\/ca\/la-fundacion-mutua-de-propietarios-ha-traslladat-al-govern-el-seu-desig-que-els-fons-europeus-destinats-a-la-rehabilitacio-dhabitatge-tambe-millorin-laccessibilitat\/#respond"]}]},{"@type":"WebPage","@id":"https:\/\/www.fundacionmdp.org\/ca\/la-fundacion-mutua-de-propietarios-ha-traslladat-al-govern-el-seu-desig-que-els-fons-europeus-destinats-a-la-rehabilitacio-dhabitatge-tambe-millorin-laccessibilitat\/","url":"https:\/\/www.fundacionmdp.org\/ca\/la-fundacion-mutua-de-propietarios-ha-traslladat-al-govern-el-seu-desig-que-els-fons-europeus-destinats-a-la-rehabilitacio-dhabitatge-tambe-millorin-laccessibilitat\/","name":"La Fundaci\u00f3n Mutua de Propietarios ha traslladat al govern el seu desig que els fons europeus destinats a la rehabilitaci\u00f3 d\u2019habitatge tamb\u00e9 millorin l\u2019accessibilitat - Fundaci\u00f3n Mutua de Propietarios","isPartOf":{"@id":"https:\/\/www.fundacionmdp.org\/#website"},"primaryImageOfPage":{"@id":"https:\/\/www.fundacionmdp.org\/ca\/la-fundacion-mutua-de-propietarios-ha-traslladat-al-govern-el-seu-desig-que-els-fons-europeus-destinats-a-la-rehabilitacio-dhabitatge-tambe-millorin-laccessibilitat\/#primaryimage"},"image":{"@id":"https:\/\/www.fundacionmdp.org\/ca\/la-fundacion-mutua-de-propietarios-ha-traslladat-al-govern-el-seu-desig-que-els-fons-europeus-destinats-a-la-rehabilitacio-dhabitatge-tambe-millorin-laccessibilitat\/#primaryimage"},"thumbnailUrl":"https:\/\/www.fundacionmdp.org\/wp-content\/uploads\/2023\/05\/foto_destacada_nota_prensa-scaled-1.jpg","datePublished":"2021-01-20T13:38:00+00:00","dateModified":"2023-05-15T11:46:30+00:00","breadcrumb":{"@id":"https:\/\/www.fundacionmdp.org\/ca\/la-fundacion-mutua-de-propietarios-ha-traslladat-al-govern-el-seu-desig-que-els-fons-europeus-destinats-a-la-rehabilitacio-dhabitatge-tambe-millorin-laccessibilitat\/#breadcrumb"},"inLanguage":"ca","potentialAction":[{"@type":"ReadAction","target":["https:\/\/www.fundacionmdp.org\/ca\/la-fundacion-mutua-de-propietarios-ha-traslladat-al-govern-el-seu-desig-que-els-fons-europeus-destinats-a-la-rehabilitacio-dhabitatge-tambe-millorin-laccessibilitat\/"]}]},{"@type":"ImageObject","inLanguage":"ca","@id":"https:\/\/www.fundacionmdp.org\/ca\/la-fundacion-mutua-de-propietarios-ha-traslladat-al-govern-el-seu-desig-que-els-fons-europeus-destinats-a-la-rehabilitacio-dhabitatge-tambe-millorin-laccessibilitat\/#primaryimage","url":"https:\/\/www.fundacionmdp.org\/wp-content\/uploads\/2023\/05\/foto_destacada_nota_prensa-scaled-1.jpg","contentUrl":"https:\/\/www.fundacionmdp.org\/wp-content\/uploads\/2023\/05\/foto_destacada_nota_prensa-scaled-1.jpg","width":2560,"height":1770},{"@type":"BreadcrumbList","@id":"https:\/\/www.fundacionmdp.org\/ca\/la-fundacion-mutua-de-propietarios-ha-traslladat-al-govern-el-seu-desig-que-els-fons-europeus-destinats-a-la-rehabilitacio-dhabitatge-tambe-millorin-laccessibilitat\/#breadcrumb","itemListElement":[{"@type":"ListItem","position":1,"name":"Home","item":"https:\/\/www.fundacionmdp.org\/ca\/"},{"@type":"ListItem","position":2,"name":"La Fundaci\u00f3n Mutua de Propietarios ha traslladat al govern el seu desig que els fons europeus destinats a la rehabilitaci\u00f3 d\u2019habitatge tamb\u00e9 millorin l\u2019accessibilitat"}]},{"@type":"WebSite","@id":"https:\/\/www.fundacionmdp.org\/#website","url":"https:\/\/www.fundacionmdp.org\/","name":"Fundaci\u00f3n Mutua de Propietarios","description":"En la Fundaci\u00f3n Mutua de Propietarios te ayudamos a convertir tu edificio de viviendas en un espacio sin barreras arquitect\u00f3nicas.","publisher":{"@id":"https:\/\/www.fundacionmdp.org\/#organization"},"potentialAction":[{"@type":"SearchAction","target":{"@type":"EntryPoint","urlTemplate":"https:\/\/www.fundacionmdp.org\/?s={search_term_string}"},"query-input":{"@type":"PropertyValueSpecification","valueRequired":true,"valueName":"search_term_string"}}],"inLanguage":"ca"},{"@type":"Organization","@id":"https:\/\/www.fundacionmdp.org\/#organization","name":"Fundaci\u00f3n Mutua de Propietarios","url":"https:\/\/www.fundacionmdp.org\/","logo":{"@type":"ImageObject","inLanguage":"ca","@id":"https:\/\/www.fundacionmdp.org\/#\/schema\/logo\/image\/","url":"https:\/\/www.fundacionmdp.org\/wp-content\/uploads\/2023\/05\/logo_FMdP_cat.png","contentUrl":"https:\/\/www.fundacionmdp.org\/wp-content\/uploads\/2023\/05\/logo_FMdP_cat.png","width":655,"height":297,"caption":"Fundaci\u00f3n Mutua de Propietarios"},"image":{"@id":"https:\/\/www.fundacionmdp.org\/#\/schema\/logo\/image\/"}},{"@type":"Person","@id":"https:\/\/www.fundacionmdp.org\/#\/schema\/person\/12f9af801cac25dfcb5a96cb0090f703","name":"fundacionmdp","image":{"@type":"ImageObject","inLanguage":"ca","@id":"https:\/\/secure.gravatar.com\/avatar\/b540f93d1816a14d85e51109d050c3243b98fb660a665f517a6d2597cff3bbed?s=96&d=mm&r=g","url":"https:\/\/secure.gravatar.com\/avatar\/b540f93d1816a14d85e51109d050c3243b98fb660a665f517a6d2597cff3bbed?s=96&d=mm&r=g","contentUrl":"https:\/\/secure.gravatar.com\/avatar\/b540f93d1816a14d85e51109d050c3243b98fb660a665f517a6d2597cff3bbed?s=96&d=mm&r=g","caption":"fundacionmdp"},"sameAs":["http:\/\/prezuk.com.mialias.net\/fundacionmdp"],"url":"https:\/\/www.fundacionmdp.org\/ca\/author\/fundacionmdp\/"}]}},"_links":{"self":[{"href":"https:\/\/www.fundacionmdp.org\/ca\/wp-json\/wp\/v2\/posts\/7366","targetHints":{"allow":["GET"]}}],"collection":[{"href":"https:\/\/www.fundacionmdp.org\/ca\/wp-json\/wp\/v2\/posts"}],"about":[{"href":"https:\/\/www.fundacionmdp.org\/ca\/wp-json\/wp\/v2\/types\/post"}],"author":[{"embeddable":true,"href":"https:\/\/www.fundacionmdp.org\/ca\/wp-json\/wp\/v2\/users\/1"}],"replies":[{"embeddable":true,"href":"https:\/\/www.fundacionmdp.org\/ca\/wp-json\/wp\/v2\/comments?post=7366"}],"version-history":[{"count":4,"href":"https:\/\/www.fundacionmdp.org\/ca\/wp-json\/wp\/v2\/posts\/7366\/revisions"}],"predecessor-version":[{"id":7370,"href":"https:\/\/www.fundacionmdp.org\/ca\/wp-json\/wp\/v2\/posts\/7366\/revisions\/7370"}],"wp:featuredmedia":[{"embeddable":true,"href":"https:\/\/www.fundacionmdp.org\/ca\/wp-json\/wp\/v2\/media\/6562"}],"wp:attachment":[{"href":"https:\/\/www.fundacionmdp.org\/ca\/wp-json\/wp\/v2\/media?parent=7366"}],"wp:term":[{"taxonomy":"category","embeddable":true,"href":"https:\/\/www.fundacionmdp.org\/ca\/wp-json\/wp\/v2\/categories?post=7366"},{"taxonomy":"post_tag","embeddable":true,"href":"https:\/\/www.fundacionmdp.org\/ca\/wp-json\/wp\/v2\/tags?post=7366"}],"curies":[{"name":"wp","href":"https:\/\/api.w.org\/{rel}","templated":true}]}}