{"id":7372,"date":"2021-01-29T13:42:00","date_gmt":"2021-01-29T13:42:00","guid":{"rendered":"http:\/\/prezuk.com.mialias.net\/fundacionmdp\/la-campanya-superveins-de-la-fundacio-mutua-de-propietarios-finalista-dels-premis-xarxes-en-accio\/"},"modified":"2023-05-15T11:49:11","modified_gmt":"2023-05-15T11:49:11","slug":"la-campanya-superveins-de-la-fundacio-mutua-de-propietarios-finalista-dels-premis-xarxes-en-accio","status":"publish","type":"post","link":"https:\/\/www.fundacionmdp.org\/ca\/la-campanya-superveins-de-la-fundacio-mutua-de-propietarios-finalista-dels-premis-xarxes-en-accio\/","title":{"rendered":"La campanya \u2018Superve\u00efns\u2019 de la Fundaci\u00f3 Mutua de Propietarios, finalista dels premis #xarxes en acci\u00f3"},"content":{"rendered":"\t\t<div data-elementor-type=\"wp-post\" data-elementor-id=\"7372\" class=\"elementor elementor-7372 elementor-2551\">\n\t\t\t\t<div class=\"elementor-element elementor-element-a4d8684 e-flex e-con-boxed e-con e-parent\" data-id=\"a4d8684\" data-element_type=\"container\" data-e-type=\"container\">\n\t\t\t\t\t<div class=\"e-con-inner\">\n\t\t\t\t<div class=\"elementor-element elementor-element-fc0a21d elementor-widget elementor-widget-text-editor\" data-id=\"fc0a21d\" data-element_type=\"widget\" data-e-type=\"widget\" data-widget_type=\"text-editor.default\">\n\t\t\t\t<div class=\"elementor-widget-container\">\n\t\t\t\t\t\t\t\t\t<p><strong>Basada en la hist\u00f2ria real de l\u2019Andrea, la campanya vol fer-nos reflexionar sobre la situaci\u00f3 de les 100.000 persones amb mobilitat redu\u00efda que no poden sortir de les seves cases<\/strong><\/p><p><strong>Aquest guard\u00f3 de la Fundaci\u00f3 Mutua Madrile\u00f1a reconeix el paper de les xarxes socials per a connectar, conscienciar i facilitar una millor contribuci\u00f3 a l\u2019acci\u00f3 social<\/strong><br \/><br \/><strong>Barcelona, 28 de gener de 2021.-<\/strong> La campanya \u201cSuperVe\u00efns\u201d de la Fundaci\u00f3 Mutua de Propietarios ha estat finalista en la II edici\u00f3 dels Premis Xarxes en Acci\u00f3 de la Fundaci\u00f3 Mutua Madrile\u00f1a que reconeixen aquells projectes que han utilitzat les xarxes socials per a connectar, conscienciar i facilitar una millor contribuci\u00f3 a l\u2019acci\u00f3 social.<\/p><p>La campanya \u201cSuperve\u00efns\u201d, que ha estat reconeguda en la categoria d\u2019 \u201cInspiraci\u00f3\u201d, explica la hist\u00f2ria real de l\u2019Andrea, una dona amb Parkinson que es despla\u00e7a en cadira de rodes i viu en un quart pis sense ascensor. A trav\u00e9s d\u2019un experiment social amb la seva comunitat de ve\u00efns, la campanya ens va fer reflexionar sobre la situaci\u00f3 de les 100.000 persones amb mobilitat redu\u00efda que no poden sortir mai de les seves llars per la falta d\u2019accessibilitat del seu edifici.<\/p><p><i>\u201cA la Fundaci\u00f3 Mutua de Propietarios estem fermament conven\u00e7uts del poder de les xarxes socials per a connectar a les persones i per a inspirar amb l\u2019exemple a la societat. Ens enorgulleix saber que la nostra campanya Superve\u00efns \u00e9s un referent en \u2018Inspiraci\u00f3\u2019 per a altres organitzacions\u201d, afirma Laura L\u00f3pez Demarbre, vicepresidenta executiva de la Fundaci\u00f3.<\/i><\/p><p>El jurat dels #PremisXarxesenAcci\u00f3, amb un profund coneixement de l\u2019\u00e0mbit digital, ha estat composat per Borja Adsuara, consultor i expert digital; Gemma Mu\u00f1oz, cofundadora i CEO de la consultora anal\u00edtica digital El Arte de Medir; Rodrigo Miranda, director general d\u2019 ISDI; Elena Bule, directora de Comunicaci\u00f3 de Twitter Espanya; Luis Esteban, board member The Valley Digital Bussines School; Julia Franz, Public Affairs Iberia Facebook i Lorenzo Cooklin, director general de la Fundaci\u00f3 Mutua Madrile\u00f1a.<\/p><p>A la segona edici\u00f3 dels #PremisXarxesenAcci\u00f3 s\u2019han presentat 145 projectes provinents de 128 organitzacions (empreses, ag\u00e8ncies, hospitals, entitats socials i entitats d\u2019una altra \u00edndole).<br \/><a href=\"https:\/\/www.youtube.com\/watch?v=ZUfi3JUo8r4&amp;feature=youtu.be\">https:\/\/www.youtube.com\/watch?v=ZUfi3JUo8r4&amp;feature=youtu.be<\/a><\/p>\t\t\t\t\t\t\t\t<\/div>\n\t\t\t\t<\/div>\n\t\t\t\t\t<\/div>\n\t\t\t\t<\/div>\n\t\t<div class=\"elementor-element elementor-element-473bddc e-flex e-con-boxed e-con e-parent\" data-id=\"473bddc\" data-element_type=\"container\" data-e-type=\"container\">\n\t\t\t\t\t<div class=\"e-con-inner\">\n\t\t\t\t<div class=\"elementor-element elementor-element-1690b50 elementor-widget elementor-widget-image\" data-id=\"1690b50\" data-element_type=\"widget\" data-e-type=\"widget\" data-widget_type=\"image.default\">\n\t\t\t\t<div class=\"elementor-widget-container\">\n\t\t\t\t\t\t\t\t\t\t\t\t\t\t\t<img fetchpriority=\"high\" decoding=\"async\" width=\"327\" height=\"154\" src=\"https:\/\/www.fundacionmdp.org\/wp-content\/uploads\/2023\/05\/indice.jpeg\" class=\"attachment-large size-large wp-image-6563\" alt=\"\" srcset=\"https:\/\/www.fundacionmdp.org\/wp-content\/uploads\/2023\/05\/indice.jpeg 327w, https:\/\/www.fundacionmdp.org\/wp-content\/uploads\/2023\/05\/indice-300x141.jpeg 300w\" sizes=\"(max-width: 327px) 100vw, 327px\" \/>\t\t\t\t\t\t\t\t\t\t\t\t\t\t\t<\/div>\n\t\t\t\t<\/div>\n\t\t\t\t\t<\/div>\n\t\t\t\t<\/div>\n\t\t\t\t<\/div>\n\t\t","protected":false},"excerpt":{"rendered":"<p>Basada en la hist\u00f2ria real de l\u2019Andrea, la campanya vol fer-nos reflexionar sobre la situaci\u00f3 de les 100.000 persones amb mobilitat redu\u00efda que no poden sortir de les seves cases Aquest guard\u00f3 de la Fundaci\u00f3 Mutua Madrile\u00f1a reconeix el paper de les xarxes socials per a connectar, conscienciar i facilitar una millor contribuci\u00f3 a l\u2019acci\u00f3 [&hellip;]<\/p>\n","protected":false},"author":1,"featured_media":6563,"comment_status":"open","ping_status":"open","sticky":false,"template":"","format":"standard","meta":{"_acf_changed":false,"ocean_post_layout":"","ocean_both_sidebars_style":"","ocean_both_sidebars_content_width":0,"ocean_both_sidebars_sidebars_width":0,"ocean_sidebar":"0","ocean_second_sidebar":"0","ocean_disable_margins":"enable","ocean_add_body_class":"","ocean_shortcode_before_top_bar":"","ocean_shortcode_after_top_bar":"","ocean_shortcode_before_header":"","ocean_shortcode_after_header":"","ocean_has_shortcode":"","ocean_shortcode_after_title":"","ocean_shortcode_before_footer_widgets":"","ocean_shortcode_after_footer_widgets":"","ocean_shortcode_before_footer_bottom":"","ocean_shortcode_after_footer_bottom":"","ocean_display_top_bar":"default","ocean_display_header":"default","ocean_header_style":"","ocean_center_header_left_menu":"0","ocean_custom_header_template":"0","ocean_custom_logo":0,"ocean_custom_retina_logo":0,"ocean_custom_logo_max_width":0,"ocean_custom_logo_tablet_max_width":0,"ocean_custom_logo_mobile_max_width":0,"ocean_custom_logo_max_height":0,"ocean_custom_logo_tablet_max_height":0,"ocean_custom_logo_mobile_max_height":0,"ocean_header_custom_menu":"0","ocean_menu_typo_font_family":"0","ocean_menu_typo_font_subset":"","ocean_menu_typo_font_size":0,"ocean_menu_typo_font_size_tablet":0,"ocean_menu_typo_font_size_mobile":0,"ocean_menu_typo_font_size_unit":"px","ocean_menu_typo_font_weight":"","ocean_menu_typo_font_weight_tablet":"","ocean_menu_typo_font_weight_mobile":"","ocean_menu_typo_transform":"","ocean_menu_typo_transform_tablet":"","ocean_menu_typo_transform_mobile":"","ocean_menu_typo_line_height":0,"ocean_menu_typo_line_height_tablet":0,"ocean_menu_typo_line_height_mobile":0,"ocean_menu_typo_line_height_unit":"","ocean_menu_typo_spacing":0,"ocean_menu_typo_spacing_tablet":0,"ocean_menu_typo_spacing_mobile":0,"ocean_menu_typo_spacing_unit":"","ocean_menu_link_color":"","ocean_menu_link_color_hover":"","ocean_menu_link_color_active":"","ocean_menu_link_background":"","ocean_menu_link_hover_background":"","ocean_menu_link_active_background":"","ocean_menu_social_links_bg":"","ocean_menu_social_hover_links_bg":"","ocean_menu_social_links_color":"","ocean_menu_social_hover_links_color":"","ocean_disable_title":"default","ocean_disable_heading":"default","ocean_post_title":"","ocean_post_subheading":"","ocean_post_title_style":"","ocean_post_title_background_color":"","ocean_post_title_background":0,"ocean_post_title_bg_image_position":"","ocean_post_title_bg_image_attachment":"","ocean_post_title_bg_image_repeat":"","ocean_post_title_bg_image_size":"","ocean_post_title_height":0,"ocean_post_title_bg_overlay":0.5,"ocean_post_title_bg_overlay_color":"","ocean_disable_breadcrumbs":"default","ocean_breadcrumbs_color":"","ocean_breadcrumbs_separator_color":"","ocean_breadcrumbs_links_color":"","ocean_breadcrumbs_links_hover_color":"","ocean_display_footer_widgets":"default","ocean_display_footer_bottom":"default","ocean_custom_footer_template":"0","ocean_post_oembed":"","ocean_post_self_hosted_media":"","ocean_post_video_embed":"","ocean_link_format":"","ocean_link_format_target":"self","ocean_quote_format":"","ocean_quote_format_link":"post","ocean_gallery_link_images":"on","ocean_gallery_id":[],"footnotes":""},"categories":[1],"tags":[],"class_list":["post-7372","post","type-post","status-publish","format-standard","has-post-thumbnail","hentry","category-sin-categorizar","entry","has-media"],"acf":[],"yoast_head":"<!-- This site is optimized with the Yoast SEO plugin v27.3 - https:\/\/yoast.com\/product\/yoast-seo-wordpress\/ -->\n<title>La campanya \u2018Superve\u00efns\u2019 de la Fundaci\u00f3 Mutua de Propietarios, finalista dels premis #xarxes en acci\u00f3 - Fundaci\u00f3n Mutua de Propietarios<\/title>\n<meta name=\"robots\" content=\"index, follow, max-snippet:-1, max-image-preview:large, max-video-preview:-1\" \/>\n<link rel=\"canonical\" href=\"https:\/\/www.fundacionmdp.org\/ca\/la-campanya-superveins-de-la-fundacio-mutua-de-propietarios-finalista-dels-premis-xarxes-en-accio\/\" \/>\n<meta property=\"og:locale\" content=\"ca_ES\" \/>\n<meta property=\"og:type\" content=\"article\" \/>\n<meta property=\"og:title\" content=\"La campanya \u2018Superve\u00efns\u2019 de la Fundaci\u00f3 Mutua de Propietarios, finalista dels premis #xarxes en acci\u00f3 - Fundaci\u00f3n Mutua de Propietarios\" \/>\n<meta property=\"og:description\" content=\"Basada en la hist\u00f2ria real de l\u2019Andrea, la campanya vol fer-nos reflexionar sobre la situaci\u00f3 de les 100.000 persones amb mobilitat redu\u00efda que no poden sortir de les seves cases Aquest guard\u00f3 de la Fundaci\u00f3 Mutua Madrile\u00f1a reconeix el paper de les xarxes socials per a connectar, conscienciar i facilitar una millor contribuci\u00f3 a l\u2019acci\u00f3 [&hellip;]\" \/>\n<meta property=\"og:url\" content=\"https:\/\/www.fundacionmdp.org\/ca\/la-campanya-superveins-de-la-fundacio-mutua-de-propietarios-finalista-dels-premis-xarxes-en-accio\/\" \/>\n<meta property=\"og:site_name\" content=\"Fundaci\u00f3n Mutua de Propietarios\" \/>\n<meta property=\"article:published_time\" content=\"2021-01-29T13:42:00+00:00\" \/>\n<meta property=\"article:modified_time\" content=\"2023-05-15T11:49:11+00:00\" \/>\n<meta property=\"og:image\" content=\"https:\/\/www.fundacionmdp.org\/wp-content\/uploads\/2023\/05\/indice.jpeg\" \/>\n\t<meta property=\"og:image:width\" content=\"327\" \/>\n\t<meta property=\"og:image:height\" content=\"154\" \/>\n\t<meta property=\"og:image:type\" content=\"image\/jpeg\" \/>\n<meta name=\"author\" content=\"fundacionmdp\" \/>\n<meta name=\"twitter:card\" content=\"summary_large_image\" \/>\n<meta name=\"twitter:label1\" content=\"Escrit per\" \/>\n\t<meta name=\"twitter:data1\" content=\"fundacionmdp\" \/>\n\t<meta name=\"twitter:label2\" content=\"Temps estimat de lectura\" \/>\n\t<meta name=\"twitter:data2\" content=\"2 minuts\" \/>\n<script type=\"application\/ld+json\" class=\"yoast-schema-graph\">{\"@context\":\"https:\\\/\\\/schema.org\",\"@graph\":[{\"@type\":\"Article\",\"@id\":\"https:\\\/\\\/www.fundacionmdp.org\\\/ca\\\/la-campanya-superveins-de-la-fundacio-mutua-de-propietarios-finalista-dels-premis-xarxes-en-accio\\\/#article\",\"isPartOf\":{\"@id\":\"https:\\\/\\\/www.fundacionmdp.org\\\/ca\\\/la-campanya-superveins-de-la-fundacio-mutua-de-propietarios-finalista-dels-premis-xarxes-en-accio\\\/\"},\"author\":{\"name\":\"fundacionmdp\",\"@id\":\"https:\\\/\\\/www.fundacionmdp.org\\\/#\\\/schema\\\/person\\\/12f9af801cac25dfcb5a96cb0090f703\"},\"headline\":\"La campanya \u2018Superve\u00efns\u2019 de la Fundaci\u00f3 Mutua de Propietarios, finalista dels premis #xarxes en acci\u00f3\",\"datePublished\":\"2021-01-29T13:42:00+00:00\",\"dateModified\":\"2023-05-15T11:49:11+00:00\",\"mainEntityOfPage\":{\"@id\":\"https:\\\/\\\/www.fundacionmdp.org\\\/ca\\\/la-campanya-superveins-de-la-fundacio-mutua-de-propietarios-finalista-dels-premis-xarxes-en-accio\\\/\"},\"wordCount\":396,\"commentCount\":0,\"publisher\":{\"@id\":\"https:\\\/\\\/www.fundacionmdp.org\\\/#organization\"},\"image\":{\"@id\":\"https:\\\/\\\/www.fundacionmdp.org\\\/ca\\\/la-campanya-superveins-de-la-fundacio-mutua-de-propietarios-finalista-dels-premis-xarxes-en-accio\\\/#primaryimage\"},\"thumbnailUrl\":\"https:\\\/\\\/www.fundacionmdp.org\\\/wp-content\\\/uploads\\\/2023\\\/05\\\/indice.jpeg\",\"articleSection\":[\"Sin categorizar\"],\"inLanguage\":\"ca\",\"potentialAction\":[{\"@type\":\"CommentAction\",\"name\":\"Comment\",\"target\":[\"https:\\\/\\\/www.fundacionmdp.org\\\/ca\\\/la-campanya-superveins-de-la-fundacio-mutua-de-propietarios-finalista-dels-premis-xarxes-en-accio\\\/#respond\"]}]},{\"@type\":\"WebPage\",\"@id\":\"https:\\\/\\\/www.fundacionmdp.org\\\/ca\\\/la-campanya-superveins-de-la-fundacio-mutua-de-propietarios-finalista-dels-premis-xarxes-en-accio\\\/\",\"url\":\"https:\\\/\\\/www.fundacionmdp.org\\\/ca\\\/la-campanya-superveins-de-la-fundacio-mutua-de-propietarios-finalista-dels-premis-xarxes-en-accio\\\/\",\"name\":\"La campanya \u2018Superve\u00efns\u2019 de la Fundaci\u00f3 Mutua de Propietarios, finalista dels premis #xarxes en acci\u00f3 - Fundaci\u00f3n Mutua de Propietarios\",\"isPartOf\":{\"@id\":\"https:\\\/\\\/www.fundacionmdp.org\\\/#website\"},\"primaryImageOfPage\":{\"@id\":\"https:\\\/\\\/www.fundacionmdp.org\\\/ca\\\/la-campanya-superveins-de-la-fundacio-mutua-de-propietarios-finalista-dels-premis-xarxes-en-accio\\\/#primaryimage\"},\"image\":{\"@id\":\"https:\\\/\\\/www.fundacionmdp.org\\\/ca\\\/la-campanya-superveins-de-la-fundacio-mutua-de-propietarios-finalista-dels-premis-xarxes-en-accio\\\/#primaryimage\"},\"thumbnailUrl\":\"https:\\\/\\\/www.fundacionmdp.org\\\/wp-content\\\/uploads\\\/2023\\\/05\\\/indice.jpeg\",\"datePublished\":\"2021-01-29T13:42:00+00:00\",\"dateModified\":\"2023-05-15T11:49:11+00:00\",\"breadcrumb\":{\"@id\":\"https:\\\/\\\/www.fundacionmdp.org\\\/ca\\\/la-campanya-superveins-de-la-fundacio-mutua-de-propietarios-finalista-dels-premis-xarxes-en-accio\\\/#breadcrumb\"},\"inLanguage\":\"ca\",\"potentialAction\":[{\"@type\":\"ReadAction\",\"target\":[\"https:\\\/\\\/www.fundacionmdp.org\\\/ca\\\/la-campanya-superveins-de-la-fundacio-mutua-de-propietarios-finalista-dels-premis-xarxes-en-accio\\\/\"]}]},{\"@type\":\"ImageObject\",\"inLanguage\":\"ca\",\"@id\":\"https:\\\/\\\/www.fundacionmdp.org\\\/ca\\\/la-campanya-superveins-de-la-fundacio-mutua-de-propietarios-finalista-dels-premis-xarxes-en-accio\\\/#primaryimage\",\"url\":\"https:\\\/\\\/www.fundacionmdp.org\\\/wp-content\\\/uploads\\\/2023\\\/05\\\/indice.jpeg\",\"contentUrl\":\"https:\\\/\\\/www.fundacionmdp.org\\\/wp-content\\\/uploads\\\/2023\\\/05\\\/indice.jpeg\",\"width\":327,\"height\":154},{\"@type\":\"BreadcrumbList\",\"@id\":\"https:\\\/\\\/www.fundacionmdp.org\\\/ca\\\/la-campanya-superveins-de-la-fundacio-mutua-de-propietarios-finalista-dels-premis-xarxes-en-accio\\\/#breadcrumb\",\"itemListElement\":[{\"@type\":\"ListItem\",\"position\":1,\"name\":\"Home\",\"item\":\"https:\\\/\\\/www.fundacionmdp.org\\\/ca\\\/\"},{\"@type\":\"ListItem\",\"position\":2,\"name\":\"La campanya \u2018Superve\u00efns\u2019 de la Fundaci\u00f3 Mutua de Propietarios, finalista dels premis #xarxes en acci\u00f3\"}]},{\"@type\":\"WebSite\",\"@id\":\"https:\\\/\\\/www.fundacionmdp.org\\\/#website\",\"url\":\"https:\\\/\\\/www.fundacionmdp.org\\\/\",\"name\":\"Fundaci\u00f3n Mutua de Propietarios\",\"description\":\"En la Fundaci\u00f3n Mutua de Propietarios te ayudamos a convertir tu edificio de viviendas en un espacio sin barreras arquitect\u00f3nicas.\",\"publisher\":{\"@id\":\"https:\\\/\\\/www.fundacionmdp.org\\\/#organization\"},\"potentialAction\":[{\"@type\":\"SearchAction\",\"target\":{\"@type\":\"EntryPoint\",\"urlTemplate\":\"https:\\\/\\\/www.fundacionmdp.org\\\/?s={search_term_string}\"},\"query-input\":{\"@type\":\"PropertyValueSpecification\",\"valueRequired\":true,\"valueName\":\"search_term_string\"}}],\"inLanguage\":\"ca\"},{\"@type\":\"Organization\",\"@id\":\"https:\\\/\\\/www.fundacionmdp.org\\\/#organization\",\"name\":\"Fundaci\u00f3n Mutua de Propietarios\",\"url\":\"https:\\\/\\\/www.fundacionmdp.org\\\/\",\"logo\":{\"@type\":\"ImageObject\",\"inLanguage\":\"ca\",\"@id\":\"https:\\\/\\\/www.fundacionmdp.org\\\/#\\\/schema\\\/logo\\\/image\\\/\",\"url\":\"https:\\\/\\\/www.fundacionmdp.org\\\/wp-content\\\/uploads\\\/2023\\\/05\\\/logo_FMdP_cat.png\",\"contentUrl\":\"https:\\\/\\\/www.fundacionmdp.org\\\/wp-content\\\/uploads\\\/2023\\\/05\\\/logo_FMdP_cat.png\",\"width\":655,\"height\":297,\"caption\":\"Fundaci\u00f3n Mutua de Propietarios\"},\"image\":{\"@id\":\"https:\\\/\\\/www.fundacionmdp.org\\\/#\\\/schema\\\/logo\\\/image\\\/\"}},{\"@type\":\"Person\",\"@id\":\"https:\\\/\\\/www.fundacionmdp.org\\\/#\\\/schema\\\/person\\\/12f9af801cac25dfcb5a96cb0090f703\",\"name\":\"fundacionmdp\",\"image\":{\"@type\":\"ImageObject\",\"inLanguage\":\"ca\",\"@id\":\"https:\\\/\\\/secure.gravatar.com\\\/avatar\\\/b540f93d1816a14d85e51109d050c3243b98fb660a665f517a6d2597cff3bbed?s=96&d=mm&r=g\",\"url\":\"https:\\\/\\\/secure.gravatar.com\\\/avatar\\\/b540f93d1816a14d85e51109d050c3243b98fb660a665f517a6d2597cff3bbed?s=96&d=mm&r=g\",\"contentUrl\":\"https:\\\/\\\/secure.gravatar.com\\\/avatar\\\/b540f93d1816a14d85e51109d050c3243b98fb660a665f517a6d2597cff3bbed?s=96&d=mm&r=g\",\"caption\":\"fundacionmdp\"},\"sameAs\":[\"http:\\\/\\\/prezuk.com.mialias.net\\\/fundacionmdp\"],\"url\":\"https:\\\/\\\/www.fundacionmdp.org\\\/ca\\\/author\\\/fundacionmdp\\\/\"}]}<\/script>\n<!-- \/ Yoast SEO plugin. -->","yoast_head_json":{"title":"La campanya \u2018Superve\u00efns\u2019 de la Fundaci\u00f3 Mutua de Propietarios, finalista dels premis #xarxes en acci\u00f3 - Fundaci\u00f3n Mutua de Propietarios","robots":{"index":"index","follow":"follow","max-snippet":"max-snippet:-1","max-image-preview":"max-image-preview:large","max-video-preview":"max-video-preview:-1"},"canonical":"https:\/\/www.fundacionmdp.org\/ca\/la-campanya-superveins-de-la-fundacio-mutua-de-propietarios-finalista-dels-premis-xarxes-en-accio\/","og_locale":"ca_ES","og_type":"article","og_title":"La campanya \u2018Superve\u00efns\u2019 de la Fundaci\u00f3 Mutua de Propietarios, finalista dels premis #xarxes en acci\u00f3 - Fundaci\u00f3n Mutua de Propietarios","og_description":"Basada en la hist\u00f2ria real de l\u2019Andrea, la campanya vol fer-nos reflexionar sobre la situaci\u00f3 de les 100.000 persones amb mobilitat redu\u00efda que no poden sortir de les seves cases Aquest guard\u00f3 de la Fundaci\u00f3 Mutua Madrile\u00f1a reconeix el paper de les xarxes socials per a connectar, conscienciar i facilitar una millor contribuci\u00f3 a l\u2019acci\u00f3 [&hellip;]","og_url":"https:\/\/www.fundacionmdp.org\/ca\/la-campanya-superveins-de-la-fundacio-mutua-de-propietarios-finalista-dels-premis-xarxes-en-accio\/","og_site_name":"Fundaci\u00f3n Mutua de Propietarios","article_published_time":"2021-01-29T13:42:00+00:00","article_modified_time":"2023-05-15T11:49:11+00:00","og_image":[{"width":327,"height":154,"url":"https:\/\/www.fundacionmdp.org\/wp-content\/uploads\/2023\/05\/indice.jpeg","type":"image\/jpeg"}],"author":"fundacionmdp","twitter_card":"summary_large_image","twitter_misc":{"Escrit per":"fundacionmdp","Temps estimat de lectura":"2 minuts"},"schema":{"@context":"https:\/\/schema.org","@graph":[{"@type":"Article","@id":"https:\/\/www.fundacionmdp.org\/ca\/la-campanya-superveins-de-la-fundacio-mutua-de-propietarios-finalista-dels-premis-xarxes-en-accio\/#article","isPartOf":{"@id":"https:\/\/www.fundacionmdp.org\/ca\/la-campanya-superveins-de-la-fundacio-mutua-de-propietarios-finalista-dels-premis-xarxes-en-accio\/"},"author":{"name":"fundacionmdp","@id":"https:\/\/www.fundacionmdp.org\/#\/schema\/person\/12f9af801cac25dfcb5a96cb0090f703"},"headline":"La campanya \u2018Superve\u00efns\u2019 de la Fundaci\u00f3 Mutua de Propietarios, finalista dels premis #xarxes en acci\u00f3","datePublished":"2021-01-29T13:42:00+00:00","dateModified":"2023-05-15T11:49:11+00:00","mainEntityOfPage":{"@id":"https:\/\/www.fundacionmdp.org\/ca\/la-campanya-superveins-de-la-fundacio-mutua-de-propietarios-finalista-dels-premis-xarxes-en-accio\/"},"wordCount":396,"commentCount":0,"publisher":{"@id":"https:\/\/www.fundacionmdp.org\/#organization"},"image":{"@id":"https:\/\/www.fundacionmdp.org\/ca\/la-campanya-superveins-de-la-fundacio-mutua-de-propietarios-finalista-dels-premis-xarxes-en-accio\/#primaryimage"},"thumbnailUrl":"https:\/\/www.fundacionmdp.org\/wp-content\/uploads\/2023\/05\/indice.jpeg","articleSection":["Sin categorizar"],"inLanguage":"ca","potentialAction":[{"@type":"CommentAction","name":"Comment","target":["https:\/\/www.fundacionmdp.org\/ca\/la-campanya-superveins-de-la-fundacio-mutua-de-propietarios-finalista-dels-premis-xarxes-en-accio\/#respond"]}]},{"@type":"WebPage","@id":"https:\/\/www.fundacionmdp.org\/ca\/la-campanya-superveins-de-la-fundacio-mutua-de-propietarios-finalista-dels-premis-xarxes-en-accio\/","url":"https:\/\/www.fundacionmdp.org\/ca\/la-campanya-superveins-de-la-fundacio-mutua-de-propietarios-finalista-dels-premis-xarxes-en-accio\/","name":"La campanya \u2018Superve\u00efns\u2019 de la Fundaci\u00f3 Mutua de Propietarios, finalista dels premis #xarxes en acci\u00f3 - Fundaci\u00f3n Mutua de Propietarios","isPartOf":{"@id":"https:\/\/www.fundacionmdp.org\/#website"},"primaryImageOfPage":{"@id":"https:\/\/www.fundacionmdp.org\/ca\/la-campanya-superveins-de-la-fundacio-mutua-de-propietarios-finalista-dels-premis-xarxes-en-accio\/#primaryimage"},"image":{"@id":"https:\/\/www.fundacionmdp.org\/ca\/la-campanya-superveins-de-la-fundacio-mutua-de-propietarios-finalista-dels-premis-xarxes-en-accio\/#primaryimage"},"thumbnailUrl":"https:\/\/www.fundacionmdp.org\/wp-content\/uploads\/2023\/05\/indice.jpeg","datePublished":"2021-01-29T13:42:00+00:00","dateModified":"2023-05-15T11:49:11+00:00","breadcrumb":{"@id":"https:\/\/www.fundacionmdp.org\/ca\/la-campanya-superveins-de-la-fundacio-mutua-de-propietarios-finalista-dels-premis-xarxes-en-accio\/#breadcrumb"},"inLanguage":"ca","potentialAction":[{"@type":"ReadAction","target":["https:\/\/www.fundacionmdp.org\/ca\/la-campanya-superveins-de-la-fundacio-mutua-de-propietarios-finalista-dels-premis-xarxes-en-accio\/"]}]},{"@type":"ImageObject","inLanguage":"ca","@id":"https:\/\/www.fundacionmdp.org\/ca\/la-campanya-superveins-de-la-fundacio-mutua-de-propietarios-finalista-dels-premis-xarxes-en-accio\/#primaryimage","url":"https:\/\/www.fundacionmdp.org\/wp-content\/uploads\/2023\/05\/indice.jpeg","contentUrl":"https:\/\/www.fundacionmdp.org\/wp-content\/uploads\/2023\/05\/indice.jpeg","width":327,"height":154},{"@type":"BreadcrumbList","@id":"https:\/\/www.fundacionmdp.org\/ca\/la-campanya-superveins-de-la-fundacio-mutua-de-propietarios-finalista-dels-premis-xarxes-en-accio\/#breadcrumb","itemListElement":[{"@type":"ListItem","position":1,"name":"Home","item":"https:\/\/www.fundacionmdp.org\/ca\/"},{"@type":"ListItem","position":2,"name":"La campanya \u2018Superve\u00efns\u2019 de la Fundaci\u00f3 Mutua de Propietarios, finalista dels premis #xarxes en acci\u00f3"}]},{"@type":"WebSite","@id":"https:\/\/www.fundacionmdp.org\/#website","url":"https:\/\/www.fundacionmdp.org\/","name":"Fundaci\u00f3n Mutua de Propietarios","description":"En la Fundaci\u00f3n Mutua de Propietarios te ayudamos a convertir tu edificio de viviendas en un espacio sin barreras arquitect\u00f3nicas.","publisher":{"@id":"https:\/\/www.fundacionmdp.org\/#organization"},"potentialAction":[{"@type":"SearchAction","target":{"@type":"EntryPoint","urlTemplate":"https:\/\/www.fundacionmdp.org\/?s={search_term_string}"},"query-input":{"@type":"PropertyValueSpecification","valueRequired":true,"valueName":"search_term_string"}}],"inLanguage":"ca"},{"@type":"Organization","@id":"https:\/\/www.fundacionmdp.org\/#organization","name":"Fundaci\u00f3n Mutua de Propietarios","url":"https:\/\/www.fundacionmdp.org\/","logo":{"@type":"ImageObject","inLanguage":"ca","@id":"https:\/\/www.fundacionmdp.org\/#\/schema\/logo\/image\/","url":"https:\/\/www.fundacionmdp.org\/wp-content\/uploads\/2023\/05\/logo_FMdP_cat.png","contentUrl":"https:\/\/www.fundacionmdp.org\/wp-content\/uploads\/2023\/05\/logo_FMdP_cat.png","width":655,"height":297,"caption":"Fundaci\u00f3n Mutua de Propietarios"},"image":{"@id":"https:\/\/www.fundacionmdp.org\/#\/schema\/logo\/image\/"}},{"@type":"Person","@id":"https:\/\/www.fundacionmdp.org\/#\/schema\/person\/12f9af801cac25dfcb5a96cb0090f703","name":"fundacionmdp","image":{"@type":"ImageObject","inLanguage":"ca","@id":"https:\/\/secure.gravatar.com\/avatar\/b540f93d1816a14d85e51109d050c3243b98fb660a665f517a6d2597cff3bbed?s=96&d=mm&r=g","url":"https:\/\/secure.gravatar.com\/avatar\/b540f93d1816a14d85e51109d050c3243b98fb660a665f517a6d2597cff3bbed?s=96&d=mm&r=g","contentUrl":"https:\/\/secure.gravatar.com\/avatar\/b540f93d1816a14d85e51109d050c3243b98fb660a665f517a6d2597cff3bbed?s=96&d=mm&r=g","caption":"fundacionmdp"},"sameAs":["http:\/\/prezuk.com.mialias.net\/fundacionmdp"],"url":"https:\/\/www.fundacionmdp.org\/ca\/author\/fundacionmdp\/"}]}},"_links":{"self":[{"href":"https:\/\/www.fundacionmdp.org\/ca\/wp-json\/wp\/v2\/posts\/7372","targetHints":{"allow":["GET"]}}],"collection":[{"href":"https:\/\/www.fundacionmdp.org\/ca\/wp-json\/wp\/v2\/posts"}],"about":[{"href":"https:\/\/www.fundacionmdp.org\/ca\/wp-json\/wp\/v2\/types\/post"}],"author":[{"embeddable":true,"href":"https:\/\/www.fundacionmdp.org\/ca\/wp-json\/wp\/v2\/users\/1"}],"replies":[{"embeddable":true,"href":"https:\/\/www.fundacionmdp.org\/ca\/wp-json\/wp\/v2\/comments?post=7372"}],"version-history":[{"count":4,"href":"https:\/\/www.fundacionmdp.org\/ca\/wp-json\/wp\/v2\/posts\/7372\/revisions"}],"predecessor-version":[{"id":7376,"href":"https:\/\/www.fundacionmdp.org\/ca\/wp-json\/wp\/v2\/posts\/7372\/revisions\/7376"}],"wp:featuredmedia":[{"embeddable":true,"href":"https:\/\/www.fundacionmdp.org\/ca\/wp-json\/wp\/v2\/media\/6563"}],"wp:attachment":[{"href":"https:\/\/www.fundacionmdp.org\/ca\/wp-json\/wp\/v2\/media?parent=7372"}],"wp:term":[{"taxonomy":"category","embeddable":true,"href":"https:\/\/www.fundacionmdp.org\/ca\/wp-json\/wp\/v2\/categories?post=7372"},{"taxonomy":"post_tag","embeddable":true,"href":"https:\/\/www.fundacionmdp.org\/ca\/wp-json\/wp\/v2\/tags?post=7372"}],"curies":[{"name":"wp","href":"https:\/\/api.w.org\/{rel}","templated":true}]}}