{"id":7377,"date":"2021-02-05T13:44:00","date_gmt":"2021-02-05T13:44:00","guid":{"rendered":"http:\/\/prezuk.com.mialias.net\/fundacionmdp\/el-programa-sense-barreres-de-la-fundacio-mutua-de-propietarios-ja-ha-lliurat-mes-de-600-000-e-per-millorar-laccessibilitat\/"},"modified":"2023-05-15T11:50:48","modified_gmt":"2023-05-15T11:50:48","slug":"el-programa-sense-barreres-de-la-fundacio-mutua-de-propietarios-ja-ha-lliurat-mes-de-600-000-e-per-millorar-laccessibilitat","status":"publish","type":"post","link":"https:\/\/www.fundacionmdp.org\/ca\/el-programa-sense-barreres-de-la-fundacio-mutua-de-propietarios-ja-ha-lliurat-mes-de-600-000-e-per-millorar-laccessibilitat\/","title":{"rendered":"El programa Sense Barreres de la Fundaci\u00f3 Mutua de Propietarios ja ha lliurat m\u00e9s de 600.000 \u20ac per millorar l\u2019accessibilitat"},"content":{"rendered":"\t\t<div data-elementor-type=\"wp-post\" data-elementor-id=\"7377\" class=\"elementor elementor-7377 elementor-2557\">\n\t\t\t\t<div class=\"elementor-element elementor-element-ca2782d e-flex e-con-boxed e-con e-parent\" data-id=\"ca2782d\" data-element_type=\"container\" data-e-type=\"container\">\n\t\t\t\t\t<div class=\"e-con-inner\">\n\t\t\t\t<div class=\"elementor-element elementor-element-004ea73 elementor-widget elementor-widget-text-editor\" data-id=\"004ea73\" data-element_type=\"widget\" data-e-type=\"widget\" data-widget_type=\"text-editor.default\">\n\t\t\t\t<div class=\"elementor-widget-container\">\n\t\t\t\t\t\t\t\t\t<p><strong>L\u2019entitat presenta el seu balan\u00e7 anual amb les accions realitzades per millorar la qualitat de vida de les persones amb mobilitat redu\u00efda<\/strong><\/p><p><strong>La Fundaci\u00f3 ha sol\u00b7licitat al Govern que les subvencions atorgades per a la rehabilitaci\u00f3 d\u2019habitatges incloguin fons per a l\u2019eliminaci\u00f3 de barreres arquitect\u00f2niques<\/strong><br \/><br \/><strong>Madrid, 5 de febrer de 2021.-<\/strong> El programa \u2018Sense Barreres\u2019 de la Fundaci\u00f3 Mutua de Propietarios porta lliurat al voltant de 600.000 euros en ajudes per a la millora de l\u2019accessibilitat universal en els edificis d\u2019habitatges on resideixen persones amb mobilitat redu\u00efda, segons recullen els informes presentats per l\u2019entitat. D\u2019aquest programa, iniciat el 2018, s\u2019han beneficiat 35 comunitats de ve\u00efns, m\u00e9s de 650 habitatges i un total de 1.650 persones beneficiades.<\/p><p>\u201cLa situaci\u00f3 de parc immobiliari espanyol en termes d\u2019accessibilitat est\u00e0 molt lluny de garantir la plena inclusi\u00f3 i igualtat de les persones amb mobilitat redu\u00efda i discapacitat i, amb aquesta finalitat, la Fundaci\u00f3 M\u00fatua de Propietaris t\u00e9 un llarg cam\u00ed que volem anar recorrent pas a pas, per\u00f2 fermament \u201c, explica la seva vicepresidenta executiva Laura L\u00f3pez Demarbre.<\/p><p>Per con\u00e8ixer l\u2019estat de el parc immobiliari espanyol, l\u2019Observatori de l\u2019Accessibilitat de la Fundaci\u00f3 va realitzar el 2020 l\u2019informe \u201cAccessibilitat als habitatges adquirides recentment\u201d en col\u00b7laboraci\u00f3 amb la C\u00e0tedra Unesco de la Universitat Rovira i Virgili. L\u2019estudi va concloure que, tot i que els edificis constru\u00efts a partir de 2011 s\u00f3n 3,3 vegades universalment m\u00e9s accessibles que els constru\u00efts amb anterioritat, nom\u00e9s un 5% s\u00f3n totalment accessibles des del punt de vista legal.<\/p><p>Com a part d\u2019aquest cam\u00ed cap a l\u2019accessibilitat universal, la Fundaci\u00f3 va lliurar recentment al secretari general d\u2019Agenda Urbana i Habitatge un manifest a qu\u00e8 es van sumar m\u00e9s de cent associacions i col\u00b7legis professionals de tot Espanya, sol\u00b7licitant que no es subvencioni cap acci\u00f3 de rehabilitaci\u00f3 d\u2019edificis de comunitats de propietaris amb fons procedents d\u2019Europa sense verificar pr\u00e8viament el seu nivell d\u2019accessibilitat, i que, en cas de ser aquesta insuficient, la subvenci\u00f3 atorgada inclogui els fons necessaris per a que es duguin a terme obres de millora de l\u2019accessibilitat.<\/p><p><i>Tecnologia al servei de l\u2019accessibilitat<\/i><br \/>El balan\u00e7 de la Fundaci\u00f3 Mutua de Propietarios fa especial \u00e8mfasi en els projectes que seguiran en marxa durant els propers anys, entre els quals destaca el Programa Tecnologia i Innovaci\u00f3 destinat a millorar la qualitat de vida de les persones amb mobilitat redu\u00efda mitjan\u00e7ant l\u2019\u00fas de noves tecnologies i el Internet de les Coses.<\/p><p>En aquest marc, la Fundaci\u00f3 va presentar el 2020 l\u2019app Zero Barreres, la primera aplicaci\u00f3 per a dispositius m\u00f2bils que permet mesurar el grau d\u2019accessibilitat de cadascuna dels elements comuns d\u2019un edifici, identificant d\u2019una manera senzilla quines s\u00f3n les barreres arquitect\u00f2niques a les que s\u2019ha d\u2019enfrontar una persona amb mobilitat redu\u00efda a l\u2019accedir a la seva finca.<\/p><p>Amb les dades obtingudes a trav\u00e9s d\u2019aquesta aplicaci\u00f3, la Fundaci\u00f3 podr\u00e0 crear un \u00cdndex de l\u2019Accessibilitat a Espanya que oferir\u00e0 una foto real de la situaci\u00f3 dels edificis per definir noves actuacions en el camp de l\u2019eliminaci\u00f3 de les barreres arquitect\u00f2niques.<\/p><p><i>M\u00e1s #Supervecinos que nunca<\/i><br \/>Com a resposta a la crisi sanit\u00e0ria i com a part de el projecte #Supervecinos, la Fundaci\u00f3 va realitzar una aportaci\u00f3 de prop de 11.000 \u20ac per subministrar aliments a trav\u00e9s de la crida \u2018Creu Roja Respon\u2019, beneficiant a 660 persones amb mobilitat redu\u00efda de Madrid i Barcelona.<\/p><p>Aix\u00ed mateix, i per donar reconeixement a totes les iniciatives sorgides durant la pand\u00e8mia en suport de les persones amb mobilitat redu\u00efda que, a causa de el confinament, no van poder comptar amb el suport de familiars i amics, la Fundaci\u00f3 va crear el premi M\u00e1s #Supervecinos que nunca. M\u00e9s de 28.500 persones van votar per alguna de les prop de 30 iniciatives solid\u00e0ries proposades per diferents usuaris, resultant guanyadora l\u2019Associaci\u00f3 Burgalesa d\u2019Esclerosi M\u00faltiple pel seu projecte \u2018No esteu sol@s en aquests moments tan complicats\u2019, que va rebre una dotaci\u00f3 econ\u00f2mica de 3.000 euros.<\/p><p>L\u2019any 2020 va finalitzar amb dos reconeixements a la campanya #Supervecinos de la Fundaci\u00f3: el primer premi en la X edici\u00f3 dels Premis Agripina en la categoria de \u201cResponsabilitat Social Corporativa\u201d, que reconeix la millor proposta de contribuci\u00f3 activa i volunt\u00e0ria de la millora social , econ\u00f2mic i ambiental d\u2019una empresa, i el segon premi en la categoria \u201cInspiraci\u00f3\u201d en els Premis Xarxes en Acci\u00f3, de la Fundaci\u00f3 Mutua Madrile\u00f1a.<\/p>\t\t\t\t\t\t\t\t<\/div>\n\t\t\t\t<\/div>\n\t\t\t\t\t<\/div>\n\t\t\t\t<\/div>\n\t\t<div class=\"elementor-element elementor-element-fd6cba5 e-flex e-con-boxed e-con e-parent\" data-id=\"fd6cba5\" data-element_type=\"container\" data-e-type=\"container\">\n\t\t\t\t\t<div class=\"e-con-inner\">\n\t\t\t\t<div class=\"elementor-element elementor-element-81f0967 elementor-widget elementor-widget-image\" data-id=\"81f0967\" data-element_type=\"widget\" data-e-type=\"widget\" data-widget_type=\"image.default\">\n\t\t\t\t<div class=\"elementor-widget-container\">\n\t\t\t\t\t\t\t\t\t\t\t\t\t\t\t<img fetchpriority=\"high\" decoding=\"async\" width=\"640\" height=\"640\" src=\"https:\/\/www.fundacionmdp.org\/wp-content\/uploads\/2023\/05\/balance_funda.jpeg\" class=\"attachment-large size-large wp-image-6564\" alt=\"\" srcset=\"https:\/\/www.fundacionmdp.org\/wp-content\/uploads\/2023\/05\/balance_funda.jpeg 640w, https:\/\/www.fundacionmdp.org\/wp-content\/uploads\/2023\/05\/balance_funda-300x300.jpeg 300w, https:\/\/www.fundacionmdp.org\/wp-content\/uploads\/2023\/05\/balance_funda-150x150.jpeg 150w, https:\/\/www.fundacionmdp.org\/wp-content\/uploads\/2023\/05\/balance_funda-600x600.jpeg 600w\" sizes=\"(max-width: 640px) 100vw, 640px\" \/>\t\t\t\t\t\t\t\t\t\t\t\t\t\t\t<\/div>\n\t\t\t\t<\/div>\n\t\t\t\t\t<\/div>\n\t\t\t\t<\/div>\n\t\t\t\t<\/div>\n\t\t","protected":false},"excerpt":{"rendered":"<p>L\u2019entitat presenta el seu balan\u00e7 anual amb les accions realitzades per millorar la qualitat de vida de les persones amb mobilitat redu\u00efda La Fundaci\u00f3 ha sol\u00b7licitat al Govern que les subvencions atorgades per a la rehabilitaci\u00f3 d\u2019habitatges incloguin fons per a l\u2019eliminaci\u00f3 de barreres arquitect\u00f2niques Madrid, 5 de febrer de 2021.- El programa \u2018Sense Barreres\u2019 [&hellip;]<\/p>\n","protected":false},"author":1,"featured_media":6564,"comment_status":"open","ping_status":"open","sticky":false,"template":"","format":"standard","meta":{"_acf_changed":false,"ocean_post_layout":"","ocean_both_sidebars_style":"","ocean_both_sidebars_content_width":0,"ocean_both_sidebars_sidebars_width":0,"ocean_sidebar":"0","ocean_second_sidebar":"0","ocean_disable_margins":"enable","ocean_add_body_class":"","ocean_shortcode_before_top_bar":"","ocean_shortcode_after_top_bar":"","ocean_shortcode_before_header":"","ocean_shortcode_after_header":"","ocean_has_shortcode":"","ocean_shortcode_after_title":"","ocean_shortcode_before_footer_widgets":"","ocean_shortcode_after_footer_widgets":"","ocean_shortcode_before_footer_bottom":"","ocean_shortcode_after_footer_bottom":"","ocean_display_top_bar":"default","ocean_display_header":"default","ocean_header_style":"","ocean_center_header_left_menu":"0","ocean_custom_header_template":"0","ocean_custom_logo":0,"ocean_custom_retina_logo":0,"ocean_custom_logo_max_width":0,"ocean_custom_logo_tablet_max_width":0,"ocean_custom_logo_mobile_max_width":0,"ocean_custom_logo_max_height":0,"ocean_custom_logo_tablet_max_height":0,"ocean_custom_logo_mobile_max_height":0,"ocean_header_custom_menu":"0","ocean_menu_typo_font_family":"0","ocean_menu_typo_font_subset":"","ocean_menu_typo_font_size":0,"ocean_menu_typo_font_size_tablet":0,"ocean_menu_typo_font_size_mobile":0,"ocean_menu_typo_font_size_unit":"px","ocean_menu_typo_font_weight":"","ocean_menu_typo_font_weight_tablet":"","ocean_menu_typo_font_weight_mobile":"","ocean_menu_typo_transform":"","ocean_menu_typo_transform_tablet":"","ocean_menu_typo_transform_mobile":"","ocean_menu_typo_line_height":0,"ocean_menu_typo_line_height_tablet":0,"ocean_menu_typo_line_height_mobile":0,"ocean_menu_typo_line_height_unit":"","ocean_menu_typo_spacing":0,"ocean_menu_typo_spacing_tablet":0,"ocean_menu_typo_spacing_mobile":0,"ocean_menu_typo_spacing_unit":"","ocean_menu_link_color":"","ocean_menu_link_color_hover":"","ocean_menu_link_color_active":"","ocean_menu_link_background":"","ocean_menu_link_hover_background":"","ocean_menu_link_active_background":"","ocean_menu_social_links_bg":"","ocean_menu_social_hover_links_bg":"","ocean_menu_social_links_color":"","ocean_menu_social_hover_links_color":"","ocean_disable_title":"default","ocean_disable_heading":"default","ocean_post_title":"","ocean_post_subheading":"","ocean_post_title_style":"","ocean_post_title_background_color":"","ocean_post_title_background":0,"ocean_post_title_bg_image_position":"","ocean_post_title_bg_image_attachment":"","ocean_post_title_bg_image_repeat":"","ocean_post_title_bg_image_size":"","ocean_post_title_height":0,"ocean_post_title_bg_overlay":0.5,"ocean_post_title_bg_overlay_color":"","ocean_disable_breadcrumbs":"default","ocean_breadcrumbs_color":"","ocean_breadcrumbs_separator_color":"","ocean_breadcrumbs_links_color":"","ocean_breadcrumbs_links_hover_color":"","ocean_display_footer_widgets":"default","ocean_display_footer_bottom":"default","ocean_custom_footer_template":"0","ocean_post_oembed":"","ocean_post_self_hosted_media":"","ocean_post_video_embed":"","ocean_link_format":"","ocean_link_format_target":"self","ocean_quote_format":"","ocean_quote_format_link":"post","ocean_gallery_link_images":"on","ocean_gallery_id":[],"footnotes":""},"categories":[1],"tags":[],"class_list":["post-7377","post","type-post","status-publish","format-standard","has-post-thumbnail","hentry","category-sin-categorizar","entry","has-media"],"acf":[],"yoast_head":"<!-- This site is optimized with the Yoast SEO plugin v27.3 - https:\/\/yoast.com\/product\/yoast-seo-wordpress\/ -->\n<title>El programa Sense Barreres de la Fundaci\u00f3 Mutua de Propietarios ja ha lliurat m\u00e9s de 600.000 \u20ac per millorar l\u2019accessibilitat - Fundaci\u00f3n Mutua de Propietarios<\/title>\n<meta name=\"robots\" content=\"index, follow, max-snippet:-1, max-image-preview:large, max-video-preview:-1\" \/>\n<link rel=\"canonical\" href=\"https:\/\/www.fundacionmdp.org\/ca\/el-programa-sense-barreres-de-la-fundacio-mutua-de-propietarios-ja-ha-lliurat-mes-de-600-000-e-per-millorar-laccessibilitat\/\" \/>\n<meta property=\"og:locale\" content=\"ca_ES\" \/>\n<meta property=\"og:type\" content=\"article\" \/>\n<meta property=\"og:title\" content=\"El programa Sense Barreres de la Fundaci\u00f3 Mutua de Propietarios ja ha lliurat m\u00e9s de 600.000 \u20ac per millorar l\u2019accessibilitat - Fundaci\u00f3n Mutua de Propietarios\" \/>\n<meta property=\"og:description\" content=\"L\u2019entitat presenta el seu balan\u00e7 anual amb les accions realitzades per millorar la qualitat de vida de les persones amb mobilitat redu\u00efda La Fundaci\u00f3 ha sol\u00b7licitat al Govern que les subvencions atorgades per a la rehabilitaci\u00f3 d\u2019habitatges incloguin fons per a l\u2019eliminaci\u00f3 de barreres arquitect\u00f2niques Madrid, 5 de febrer de 2021.- El programa \u2018Sense Barreres\u2019 [&hellip;]\" \/>\n<meta property=\"og:url\" content=\"https:\/\/www.fundacionmdp.org\/ca\/el-programa-sense-barreres-de-la-fundacio-mutua-de-propietarios-ja-ha-lliurat-mes-de-600-000-e-per-millorar-laccessibilitat\/\" \/>\n<meta property=\"og:site_name\" content=\"Fundaci\u00f3n Mutua de Propietarios\" \/>\n<meta property=\"article:published_time\" content=\"2021-02-05T13:44:00+00:00\" \/>\n<meta property=\"article:modified_time\" content=\"2023-05-15T11:50:48+00:00\" \/>\n<meta property=\"og:image\" content=\"https:\/\/www.fundacionmdp.org\/wp-content\/uploads\/2023\/05\/balance_funda.jpeg\" \/>\n\t<meta property=\"og:image:width\" content=\"640\" \/>\n\t<meta property=\"og:image:height\" content=\"640\" \/>\n\t<meta property=\"og:image:type\" content=\"image\/jpeg\" \/>\n<meta name=\"author\" content=\"fundacionmdp\" \/>\n<meta name=\"twitter:card\" content=\"summary_large_image\" \/>\n<meta name=\"twitter:label1\" content=\"Escrit per\" \/>\n\t<meta name=\"twitter:data1\" content=\"fundacionmdp\" \/>\n\t<meta name=\"twitter:label2\" content=\"Temps estimat de lectura\" \/>\n\t<meta name=\"twitter:data2\" content=\"4 minuts\" \/>\n<script type=\"application\/ld+json\" class=\"yoast-schema-graph\">{\"@context\":\"https:\\\/\\\/schema.org\",\"@graph\":[{\"@type\":\"Article\",\"@id\":\"https:\\\/\\\/www.fundacionmdp.org\\\/ca\\\/el-programa-sense-barreres-de-la-fundacio-mutua-de-propietarios-ja-ha-lliurat-mes-de-600-000-e-per-millorar-laccessibilitat\\\/#article\",\"isPartOf\":{\"@id\":\"https:\\\/\\\/www.fundacionmdp.org\\\/ca\\\/el-programa-sense-barreres-de-la-fundacio-mutua-de-propietarios-ja-ha-lliurat-mes-de-600-000-e-per-millorar-laccessibilitat\\\/\"},\"author\":{\"name\":\"fundacionmdp\",\"@id\":\"https:\\\/\\\/www.fundacionmdp.org\\\/#\\\/schema\\\/person\\\/12f9af801cac25dfcb5a96cb0090f703\"},\"headline\":\"El programa Sense Barreres de la Fundaci\u00f3 Mutua de Propietarios ja ha lliurat m\u00e9s de 600.000 \u20ac per millorar l\u2019accessibilitat\",\"datePublished\":\"2021-02-05T13:44:00+00:00\",\"dateModified\":\"2023-05-15T11:50:48+00:00\",\"mainEntityOfPage\":{\"@id\":\"https:\\\/\\\/www.fundacionmdp.org\\\/ca\\\/el-programa-sense-barreres-de-la-fundacio-mutua-de-propietarios-ja-ha-lliurat-mes-de-600-000-e-per-millorar-laccessibilitat\\\/\"},\"wordCount\":793,\"commentCount\":0,\"publisher\":{\"@id\":\"https:\\\/\\\/www.fundacionmdp.org\\\/#organization\"},\"image\":{\"@id\":\"https:\\\/\\\/www.fundacionmdp.org\\\/ca\\\/el-programa-sense-barreres-de-la-fundacio-mutua-de-propietarios-ja-ha-lliurat-mes-de-600-000-e-per-millorar-laccessibilitat\\\/#primaryimage\"},\"thumbnailUrl\":\"https:\\\/\\\/www.fundacionmdp.org\\\/wp-content\\\/uploads\\\/2023\\\/05\\\/balance_funda.jpeg\",\"articleSection\":[\"Sin categorizar\"],\"inLanguage\":\"ca\",\"potentialAction\":[{\"@type\":\"CommentAction\",\"name\":\"Comment\",\"target\":[\"https:\\\/\\\/www.fundacionmdp.org\\\/ca\\\/el-programa-sense-barreres-de-la-fundacio-mutua-de-propietarios-ja-ha-lliurat-mes-de-600-000-e-per-millorar-laccessibilitat\\\/#respond\"]}]},{\"@type\":\"WebPage\",\"@id\":\"https:\\\/\\\/www.fundacionmdp.org\\\/ca\\\/el-programa-sense-barreres-de-la-fundacio-mutua-de-propietarios-ja-ha-lliurat-mes-de-600-000-e-per-millorar-laccessibilitat\\\/\",\"url\":\"https:\\\/\\\/www.fundacionmdp.org\\\/ca\\\/el-programa-sense-barreres-de-la-fundacio-mutua-de-propietarios-ja-ha-lliurat-mes-de-600-000-e-per-millorar-laccessibilitat\\\/\",\"name\":\"El programa Sense Barreres de la Fundaci\u00f3 Mutua de Propietarios ja ha lliurat m\u00e9s de 600.000 \u20ac per millorar l\u2019accessibilitat - Fundaci\u00f3n Mutua de Propietarios\",\"isPartOf\":{\"@id\":\"https:\\\/\\\/www.fundacionmdp.org\\\/#website\"},\"primaryImageOfPage\":{\"@id\":\"https:\\\/\\\/www.fundacionmdp.org\\\/ca\\\/el-programa-sense-barreres-de-la-fundacio-mutua-de-propietarios-ja-ha-lliurat-mes-de-600-000-e-per-millorar-laccessibilitat\\\/#primaryimage\"},\"image\":{\"@id\":\"https:\\\/\\\/www.fundacionmdp.org\\\/ca\\\/el-programa-sense-barreres-de-la-fundacio-mutua-de-propietarios-ja-ha-lliurat-mes-de-600-000-e-per-millorar-laccessibilitat\\\/#primaryimage\"},\"thumbnailUrl\":\"https:\\\/\\\/www.fundacionmdp.org\\\/wp-content\\\/uploads\\\/2023\\\/05\\\/balance_funda.jpeg\",\"datePublished\":\"2021-02-05T13:44:00+00:00\",\"dateModified\":\"2023-05-15T11:50:48+00:00\",\"breadcrumb\":{\"@id\":\"https:\\\/\\\/www.fundacionmdp.org\\\/ca\\\/el-programa-sense-barreres-de-la-fundacio-mutua-de-propietarios-ja-ha-lliurat-mes-de-600-000-e-per-millorar-laccessibilitat\\\/#breadcrumb\"},\"inLanguage\":\"ca\",\"potentialAction\":[{\"@type\":\"ReadAction\",\"target\":[\"https:\\\/\\\/www.fundacionmdp.org\\\/ca\\\/el-programa-sense-barreres-de-la-fundacio-mutua-de-propietarios-ja-ha-lliurat-mes-de-600-000-e-per-millorar-laccessibilitat\\\/\"]}]},{\"@type\":\"ImageObject\",\"inLanguage\":\"ca\",\"@id\":\"https:\\\/\\\/www.fundacionmdp.org\\\/ca\\\/el-programa-sense-barreres-de-la-fundacio-mutua-de-propietarios-ja-ha-lliurat-mes-de-600-000-e-per-millorar-laccessibilitat\\\/#primaryimage\",\"url\":\"https:\\\/\\\/www.fundacionmdp.org\\\/wp-content\\\/uploads\\\/2023\\\/05\\\/balance_funda.jpeg\",\"contentUrl\":\"https:\\\/\\\/www.fundacionmdp.org\\\/wp-content\\\/uploads\\\/2023\\\/05\\\/balance_funda.jpeg\",\"width\":640,\"height\":640},{\"@type\":\"BreadcrumbList\",\"@id\":\"https:\\\/\\\/www.fundacionmdp.org\\\/ca\\\/el-programa-sense-barreres-de-la-fundacio-mutua-de-propietarios-ja-ha-lliurat-mes-de-600-000-e-per-millorar-laccessibilitat\\\/#breadcrumb\",\"itemListElement\":[{\"@type\":\"ListItem\",\"position\":1,\"name\":\"Home\",\"item\":\"https:\\\/\\\/www.fundacionmdp.org\\\/ca\\\/\"},{\"@type\":\"ListItem\",\"position\":2,\"name\":\"El programa Sense Barreres de la Fundaci\u00f3 Mutua de Propietarios ja ha lliurat m\u00e9s de 600.000 \u20ac per millorar l\u2019accessibilitat\"}]},{\"@type\":\"WebSite\",\"@id\":\"https:\\\/\\\/www.fundacionmdp.org\\\/#website\",\"url\":\"https:\\\/\\\/www.fundacionmdp.org\\\/\",\"name\":\"Fundaci\u00f3n Mutua de Propietarios\",\"description\":\"En la Fundaci\u00f3n Mutua de Propietarios te ayudamos a convertir tu edificio de viviendas en un espacio sin barreras arquitect\u00f3nicas.\",\"publisher\":{\"@id\":\"https:\\\/\\\/www.fundacionmdp.org\\\/#organization\"},\"potentialAction\":[{\"@type\":\"SearchAction\",\"target\":{\"@type\":\"EntryPoint\",\"urlTemplate\":\"https:\\\/\\\/www.fundacionmdp.org\\\/?s={search_term_string}\"},\"query-input\":{\"@type\":\"PropertyValueSpecification\",\"valueRequired\":true,\"valueName\":\"search_term_string\"}}],\"inLanguage\":\"ca\"},{\"@type\":\"Organization\",\"@id\":\"https:\\\/\\\/www.fundacionmdp.org\\\/#organization\",\"name\":\"Fundaci\u00f3n Mutua de Propietarios\",\"url\":\"https:\\\/\\\/www.fundacionmdp.org\\\/\",\"logo\":{\"@type\":\"ImageObject\",\"inLanguage\":\"ca\",\"@id\":\"https:\\\/\\\/www.fundacionmdp.org\\\/#\\\/schema\\\/logo\\\/image\\\/\",\"url\":\"https:\\\/\\\/www.fundacionmdp.org\\\/wp-content\\\/uploads\\\/2023\\\/05\\\/logo_FMdP_cat.png\",\"contentUrl\":\"https:\\\/\\\/www.fundacionmdp.org\\\/wp-content\\\/uploads\\\/2023\\\/05\\\/logo_FMdP_cat.png\",\"width\":655,\"height\":297,\"caption\":\"Fundaci\u00f3n Mutua de Propietarios\"},\"image\":{\"@id\":\"https:\\\/\\\/www.fundacionmdp.org\\\/#\\\/schema\\\/logo\\\/image\\\/\"}},{\"@type\":\"Person\",\"@id\":\"https:\\\/\\\/www.fundacionmdp.org\\\/#\\\/schema\\\/person\\\/12f9af801cac25dfcb5a96cb0090f703\",\"name\":\"fundacionmdp\",\"image\":{\"@type\":\"ImageObject\",\"inLanguage\":\"ca\",\"@id\":\"https:\\\/\\\/secure.gravatar.com\\\/avatar\\\/b540f93d1816a14d85e51109d050c3243b98fb660a665f517a6d2597cff3bbed?s=96&d=mm&r=g\",\"url\":\"https:\\\/\\\/secure.gravatar.com\\\/avatar\\\/b540f93d1816a14d85e51109d050c3243b98fb660a665f517a6d2597cff3bbed?s=96&d=mm&r=g\",\"contentUrl\":\"https:\\\/\\\/secure.gravatar.com\\\/avatar\\\/b540f93d1816a14d85e51109d050c3243b98fb660a665f517a6d2597cff3bbed?s=96&d=mm&r=g\",\"caption\":\"fundacionmdp\"},\"sameAs\":[\"http:\\\/\\\/prezuk.com.mialias.net\\\/fundacionmdp\"],\"url\":\"https:\\\/\\\/www.fundacionmdp.org\\\/ca\\\/author\\\/fundacionmdp\\\/\"}]}<\/script>\n<!-- \/ Yoast SEO plugin. -->","yoast_head_json":{"title":"El programa Sense Barreres de la Fundaci\u00f3 Mutua de Propietarios ja ha lliurat m\u00e9s de 600.000 \u20ac per millorar l\u2019accessibilitat - Fundaci\u00f3n Mutua de Propietarios","robots":{"index":"index","follow":"follow","max-snippet":"max-snippet:-1","max-image-preview":"max-image-preview:large","max-video-preview":"max-video-preview:-1"},"canonical":"https:\/\/www.fundacionmdp.org\/ca\/el-programa-sense-barreres-de-la-fundacio-mutua-de-propietarios-ja-ha-lliurat-mes-de-600-000-e-per-millorar-laccessibilitat\/","og_locale":"ca_ES","og_type":"article","og_title":"El programa Sense Barreres de la Fundaci\u00f3 Mutua de Propietarios ja ha lliurat m\u00e9s de 600.000 \u20ac per millorar l\u2019accessibilitat - Fundaci\u00f3n Mutua de Propietarios","og_description":"L\u2019entitat presenta el seu balan\u00e7 anual amb les accions realitzades per millorar la qualitat de vida de les persones amb mobilitat redu\u00efda La Fundaci\u00f3 ha sol\u00b7licitat al Govern que les subvencions atorgades per a la rehabilitaci\u00f3 d\u2019habitatges incloguin fons per a l\u2019eliminaci\u00f3 de barreres arquitect\u00f2niques Madrid, 5 de febrer de 2021.- El programa \u2018Sense Barreres\u2019 [&hellip;]","og_url":"https:\/\/www.fundacionmdp.org\/ca\/el-programa-sense-barreres-de-la-fundacio-mutua-de-propietarios-ja-ha-lliurat-mes-de-600-000-e-per-millorar-laccessibilitat\/","og_site_name":"Fundaci\u00f3n Mutua de Propietarios","article_published_time":"2021-02-05T13:44:00+00:00","article_modified_time":"2023-05-15T11:50:48+00:00","og_image":[{"width":640,"height":640,"url":"https:\/\/www.fundacionmdp.org\/wp-content\/uploads\/2023\/05\/balance_funda.jpeg","type":"image\/jpeg"}],"author":"fundacionmdp","twitter_card":"summary_large_image","twitter_misc":{"Escrit per":"fundacionmdp","Temps estimat de lectura":"4 minuts"},"schema":{"@context":"https:\/\/schema.org","@graph":[{"@type":"Article","@id":"https:\/\/www.fundacionmdp.org\/ca\/el-programa-sense-barreres-de-la-fundacio-mutua-de-propietarios-ja-ha-lliurat-mes-de-600-000-e-per-millorar-laccessibilitat\/#article","isPartOf":{"@id":"https:\/\/www.fundacionmdp.org\/ca\/el-programa-sense-barreres-de-la-fundacio-mutua-de-propietarios-ja-ha-lliurat-mes-de-600-000-e-per-millorar-laccessibilitat\/"},"author":{"name":"fundacionmdp","@id":"https:\/\/www.fundacionmdp.org\/#\/schema\/person\/12f9af801cac25dfcb5a96cb0090f703"},"headline":"El programa Sense Barreres de la Fundaci\u00f3 Mutua de Propietarios ja ha lliurat m\u00e9s de 600.000 \u20ac per millorar l\u2019accessibilitat","datePublished":"2021-02-05T13:44:00+00:00","dateModified":"2023-05-15T11:50:48+00:00","mainEntityOfPage":{"@id":"https:\/\/www.fundacionmdp.org\/ca\/el-programa-sense-barreres-de-la-fundacio-mutua-de-propietarios-ja-ha-lliurat-mes-de-600-000-e-per-millorar-laccessibilitat\/"},"wordCount":793,"commentCount":0,"publisher":{"@id":"https:\/\/www.fundacionmdp.org\/#organization"},"image":{"@id":"https:\/\/www.fundacionmdp.org\/ca\/el-programa-sense-barreres-de-la-fundacio-mutua-de-propietarios-ja-ha-lliurat-mes-de-600-000-e-per-millorar-laccessibilitat\/#primaryimage"},"thumbnailUrl":"https:\/\/www.fundacionmdp.org\/wp-content\/uploads\/2023\/05\/balance_funda.jpeg","articleSection":["Sin categorizar"],"inLanguage":"ca","potentialAction":[{"@type":"CommentAction","name":"Comment","target":["https:\/\/www.fundacionmdp.org\/ca\/el-programa-sense-barreres-de-la-fundacio-mutua-de-propietarios-ja-ha-lliurat-mes-de-600-000-e-per-millorar-laccessibilitat\/#respond"]}]},{"@type":"WebPage","@id":"https:\/\/www.fundacionmdp.org\/ca\/el-programa-sense-barreres-de-la-fundacio-mutua-de-propietarios-ja-ha-lliurat-mes-de-600-000-e-per-millorar-laccessibilitat\/","url":"https:\/\/www.fundacionmdp.org\/ca\/el-programa-sense-barreres-de-la-fundacio-mutua-de-propietarios-ja-ha-lliurat-mes-de-600-000-e-per-millorar-laccessibilitat\/","name":"El programa Sense Barreres de la Fundaci\u00f3 Mutua de Propietarios ja ha lliurat m\u00e9s de 600.000 \u20ac per millorar l\u2019accessibilitat - Fundaci\u00f3n Mutua de Propietarios","isPartOf":{"@id":"https:\/\/www.fundacionmdp.org\/#website"},"primaryImageOfPage":{"@id":"https:\/\/www.fundacionmdp.org\/ca\/el-programa-sense-barreres-de-la-fundacio-mutua-de-propietarios-ja-ha-lliurat-mes-de-600-000-e-per-millorar-laccessibilitat\/#primaryimage"},"image":{"@id":"https:\/\/www.fundacionmdp.org\/ca\/el-programa-sense-barreres-de-la-fundacio-mutua-de-propietarios-ja-ha-lliurat-mes-de-600-000-e-per-millorar-laccessibilitat\/#primaryimage"},"thumbnailUrl":"https:\/\/www.fundacionmdp.org\/wp-content\/uploads\/2023\/05\/balance_funda.jpeg","datePublished":"2021-02-05T13:44:00+00:00","dateModified":"2023-05-15T11:50:48+00:00","breadcrumb":{"@id":"https:\/\/www.fundacionmdp.org\/ca\/el-programa-sense-barreres-de-la-fundacio-mutua-de-propietarios-ja-ha-lliurat-mes-de-600-000-e-per-millorar-laccessibilitat\/#breadcrumb"},"inLanguage":"ca","potentialAction":[{"@type":"ReadAction","target":["https:\/\/www.fundacionmdp.org\/ca\/el-programa-sense-barreres-de-la-fundacio-mutua-de-propietarios-ja-ha-lliurat-mes-de-600-000-e-per-millorar-laccessibilitat\/"]}]},{"@type":"ImageObject","inLanguage":"ca","@id":"https:\/\/www.fundacionmdp.org\/ca\/el-programa-sense-barreres-de-la-fundacio-mutua-de-propietarios-ja-ha-lliurat-mes-de-600-000-e-per-millorar-laccessibilitat\/#primaryimage","url":"https:\/\/www.fundacionmdp.org\/wp-content\/uploads\/2023\/05\/balance_funda.jpeg","contentUrl":"https:\/\/www.fundacionmdp.org\/wp-content\/uploads\/2023\/05\/balance_funda.jpeg","width":640,"height":640},{"@type":"BreadcrumbList","@id":"https:\/\/www.fundacionmdp.org\/ca\/el-programa-sense-barreres-de-la-fundacio-mutua-de-propietarios-ja-ha-lliurat-mes-de-600-000-e-per-millorar-laccessibilitat\/#breadcrumb","itemListElement":[{"@type":"ListItem","position":1,"name":"Home","item":"https:\/\/www.fundacionmdp.org\/ca\/"},{"@type":"ListItem","position":2,"name":"El programa Sense Barreres de la Fundaci\u00f3 Mutua de Propietarios ja ha lliurat m\u00e9s de 600.000 \u20ac per millorar l\u2019accessibilitat"}]},{"@type":"WebSite","@id":"https:\/\/www.fundacionmdp.org\/#website","url":"https:\/\/www.fundacionmdp.org\/","name":"Fundaci\u00f3n Mutua de Propietarios","description":"En la Fundaci\u00f3n Mutua de Propietarios te ayudamos a convertir tu edificio de viviendas en un espacio sin barreras arquitect\u00f3nicas.","publisher":{"@id":"https:\/\/www.fundacionmdp.org\/#organization"},"potentialAction":[{"@type":"SearchAction","target":{"@type":"EntryPoint","urlTemplate":"https:\/\/www.fundacionmdp.org\/?s={search_term_string}"},"query-input":{"@type":"PropertyValueSpecification","valueRequired":true,"valueName":"search_term_string"}}],"inLanguage":"ca"},{"@type":"Organization","@id":"https:\/\/www.fundacionmdp.org\/#organization","name":"Fundaci\u00f3n Mutua de Propietarios","url":"https:\/\/www.fundacionmdp.org\/","logo":{"@type":"ImageObject","inLanguage":"ca","@id":"https:\/\/www.fundacionmdp.org\/#\/schema\/logo\/image\/","url":"https:\/\/www.fundacionmdp.org\/wp-content\/uploads\/2023\/05\/logo_FMdP_cat.png","contentUrl":"https:\/\/www.fundacionmdp.org\/wp-content\/uploads\/2023\/05\/logo_FMdP_cat.png","width":655,"height":297,"caption":"Fundaci\u00f3n Mutua de Propietarios"},"image":{"@id":"https:\/\/www.fundacionmdp.org\/#\/schema\/logo\/image\/"}},{"@type":"Person","@id":"https:\/\/www.fundacionmdp.org\/#\/schema\/person\/12f9af801cac25dfcb5a96cb0090f703","name":"fundacionmdp","image":{"@type":"ImageObject","inLanguage":"ca","@id":"https:\/\/secure.gravatar.com\/avatar\/b540f93d1816a14d85e51109d050c3243b98fb660a665f517a6d2597cff3bbed?s=96&d=mm&r=g","url":"https:\/\/secure.gravatar.com\/avatar\/b540f93d1816a14d85e51109d050c3243b98fb660a665f517a6d2597cff3bbed?s=96&d=mm&r=g","contentUrl":"https:\/\/secure.gravatar.com\/avatar\/b540f93d1816a14d85e51109d050c3243b98fb660a665f517a6d2597cff3bbed?s=96&d=mm&r=g","caption":"fundacionmdp"},"sameAs":["http:\/\/prezuk.com.mialias.net\/fundacionmdp"],"url":"https:\/\/www.fundacionmdp.org\/ca\/author\/fundacionmdp\/"}]}},"_links":{"self":[{"href":"https:\/\/www.fundacionmdp.org\/ca\/wp-json\/wp\/v2\/posts\/7377","targetHints":{"allow":["GET"]}}],"collection":[{"href":"https:\/\/www.fundacionmdp.org\/ca\/wp-json\/wp\/v2\/posts"}],"about":[{"href":"https:\/\/www.fundacionmdp.org\/ca\/wp-json\/wp\/v2\/types\/post"}],"author":[{"embeddable":true,"href":"https:\/\/www.fundacionmdp.org\/ca\/wp-json\/wp\/v2\/users\/1"}],"replies":[{"embeddable":true,"href":"https:\/\/www.fundacionmdp.org\/ca\/wp-json\/wp\/v2\/comments?post=7377"}],"version-history":[{"count":6,"href":"https:\/\/www.fundacionmdp.org\/ca\/wp-json\/wp\/v2\/posts\/7377\/revisions"}],"predecessor-version":[{"id":7383,"href":"https:\/\/www.fundacionmdp.org\/ca\/wp-json\/wp\/v2\/posts\/7377\/revisions\/7383"}],"wp:featuredmedia":[{"embeddable":true,"href":"https:\/\/www.fundacionmdp.org\/ca\/wp-json\/wp\/v2\/media\/6564"}],"wp:attachment":[{"href":"https:\/\/www.fundacionmdp.org\/ca\/wp-json\/wp\/v2\/media?parent=7377"}],"wp:term":[{"taxonomy":"category","embeddable":true,"href":"https:\/\/www.fundacionmdp.org\/ca\/wp-json\/wp\/v2\/categories?post=7377"},{"taxonomy":"post_tag","embeddable":true,"href":"https:\/\/www.fundacionmdp.org\/ca\/wp-json\/wp\/v2\/tags?post=7377"}],"curies":[{"name":"wp","href":"https:\/\/api.w.org\/{rel}","templated":true}]}}