{"id":7397,"date":"2021-05-26T13:52:00","date_gmt":"2021-05-26T13:52:00","guid":{"rendered":"http:\/\/prezuk.com.mialias.net\/fundacionmdp\/rampes-i-portes-automatiques-principals-demandes-de-les-persones-amb-mobilitat-reduida-per-a-millorar-lacces-a-ledifici\/"},"modified":"2023-05-15T11:57:05","modified_gmt":"2023-05-15T11:57:05","slug":"rampes-i-portes-automatiques-principals-demandes-de-les-persones-amb-mobilitat-reduida-per-a-millorar-lacces-a-ledifici","status":"publish","type":"post","link":"https:\/\/www.fundacionmdp.org\/ca\/rampes-i-portes-automatiques-principals-demandes-de-les-persones-amb-mobilitat-reduida-per-a-millorar-lacces-a-ledifici\/","title":{"rendered":"Rampes i portes autom\u00e0tiques, principals demandes de les persones amb mobilitat redu\u00efda per a millorar l\u2019acc\u00e9s a l\u2019edifici"},"content":{"rendered":"\t\t<div data-elementor-type=\"wp-post\" data-elementor-id=\"7397\" class=\"elementor elementor-7397 elementor-2577\">\n\t\t\t\t<div class=\"elementor-element elementor-element-0db3d2b e-flex e-con-boxed e-con e-parent\" data-id=\"0db3d2b\" data-element_type=\"container\" data-e-type=\"container\">\n\t\t\t\t\t<div class=\"e-con-inner\">\n\t\t\t\t<div class=\"elementor-element elementor-element-1bb8d43 elementor-widget elementor-widget-text-editor\" data-id=\"1bb8d43\" data-element_type=\"widget\" data-e-type=\"widget\" data-widget_type=\"text-editor.default\">\n\t\t\t\t<div class=\"elementor-widget-container\">\n\t\t\t\t\t\t\t\t\t<p><strong>L\u2019informe \u201cRampa a l\u2019accessibilitat\u201d posa en evid\u00e8ncia les barreres arquitect\u00f2niques a les quals s\u2019enfronten els 2,5 milions d\u2019espanyols amb mobilitat redu\u00efda en accedir al seu immoble<\/strong><\/p><p>\u00a0<\/p><ul><li>El 59% dels immobles d\u2019habitatges t\u00e9 escales o esglaons abans d\u2019arribar al portal, i nom\u00e9s un 28% tenen rampa i un 4% plataforma elevadora<\/li><li>El 38% considera que la rampa \u00e9s un element decisiu a l\u2019hora de comprar un habitatge<\/li><li>La normativa permet als propietaris majors de 70 anys o amb discapacitat for\u00e7ar adaptacions d\u2019accessibilitat universal, fins a un determinat import<\/li><\/ul><p><strong>Madrid, 26 de maig de 2021.-<\/strong> Les rampes (61%), les portes d\u2019obertura autom\u00e0tica (68%) i els int\u00e8rfons adaptats a l\u2019al\u00e7ada d\u2019una cadira de rodes (49%) s\u00f3n les actuacions de millora m\u00e9s urgents que demanden les persones amb mobilitat redu\u00efda per a facilitar l\u2019acc\u00e9s al seu edifici d\u2019habitatges, sent una necessitat que reclamen amb major import\u00e0ncia les persones de m\u00e9s edat. Aix\u00ed ho recull l\u2019informe \u201cRampa cap a l\u2019accessibilitat\u201d elaborat per la Fundaci\u00f3 Mutua de Propietarios per a con\u00e8ixer el grau d\u2019accessibilitat dels accessos als 9,8 milions d\u2019edificis destinats a habitatges que existeixen a Espanya1.<br \/>A Espanya, on prop del 70% dels seus habitants resideixen a pisos2 , 2,5 milions de persones tenen mobilitat redu\u00efda i 608.000 viuen soles en la seva llar. No obstant aix\u00f2, sis de cada deu edificis d\u2019habitatges (un 59%) tenen graons abans d\u2019arribar al portal, convertint-se en la primera gran barrera a la qual ha d\u2019enfrontar-se una persona amb mobilitat redu\u00efda quan accedeix a l\u2019immoble on resideix, i nom\u00e9s un 28% t\u00e9 rampa o disposa de plataforma elevadora (4%).<\/p><p><img decoding=\"async\" src=\"https:\/\/www.fundacionmdp.org\/wp-content\/uploads\/2023\/05\/taula_cast.png\" height=\"400px;\" \/><\/p><p>\u201c\u00c9s essencial posar-se en la pell de les persones amb mobilitat redu\u00efda per a con\u00e8ixer de primera m\u00e0 les nombroses barreres f\u00edsiques que han de sortejar di\u00e0riament i aix\u00ed promoure que s\u2019actu\u00ef amb celeritat per a solucionar-les\u201d, afirma Laura L\u00f3pez Demarbre, vicepresidenta executiva de la Fundaci\u00f3 Mutua de Propietarios.<br \/>Una rampa que, quan existeix, a vegades presenta dificultats per estar massa inclinada (14%), per mancar de baranes a banda i banda (65%), o perqu\u00e8 la seva superf\u00edcie \u00e9s lliscant (9%).<br \/>Per aquest motiu, entre els immobles que han realitzat obres de millora d\u2019accessibilitat, el principal element reformat ha estat la rampa (57%), seguida de la porta d\u2019acc\u00e9s (34%) i el porter autom\u00e0tic (23%). En aquest sentit, \u00e9s de destacar que un 38% dels espanyols afirma que l\u2019edifici tingu\u00e9s rampa o plataforma va ser decisiu a l\u2019hora de comprar el seu habitatge.<\/p><p><strong>Altres elements no accessibles.<\/strong><br \/>L\u2019estudi de la Fundaci\u00f3 Mutua de Propietarios revela que el 14% dels edificis no disposa de porter autom\u00e0tic i, dels quals ho tenen, el 68% no \u00e9s accessible per a una persona en cadira de rodes.<br \/>Una altra de les grans dificultats a les quals s\u2019exposen les persones amb mobilitat redu\u00efda resideix en l\u2019obertura del portal d\u2019acc\u00e9s a l\u2019edifici, una acci\u00f3 complicada per a un 25% a causa del seu pes o per dificultats a utilitzar el pany. En aquest punt, un 39% indica que la porta no se subjecta sola o es tanca massa r\u00e0pid.<\/p><p>L\u2019informe de la Fundaci\u00f3 Mutua de Propietarios tamb\u00e9 s\u2019atura en el grau d\u2019accessibilitat d\u2019un altre dels accessos a l\u2019edifici \u2013el garatge-, revelant que un 48% t\u00e9 gra\u00f3, escala o obstacle abans de la porta dificultant l\u2019acc\u00e9s. En aquest punt, encara que els edificis tinguin rampa d\u2019acc\u00e9s del p\u00e0rquing als habitatges, els principals inconvenients se centren en la seva inclinaci\u00f3 (un 23% assegura que \u00e9s dif\u00edcil pujar-la) i en qu\u00e8 manca de barana a banda i banda (76%).<\/p><p>\u00a0<\/p>\t\t\t\t\t\t\t\t<\/div>\n\t\t\t\t<\/div>\n\t\t\t\t\t<\/div>\n\t\t\t\t<\/div>\n\t\t<div class=\"elementor-element elementor-element-6521e29 e-flex e-con-boxed e-con e-parent\" data-id=\"6521e29\" data-element_type=\"container\" data-e-type=\"container\">\n\t\t\t\t\t<div class=\"e-con-inner\">\n\t\t\t\t<div class=\"elementor-element elementor-element-d5d82a9 elementor-widget elementor-widget-text-editor\" data-id=\"d5d82a9\" data-element_type=\"widget\" data-e-type=\"widget\" data-widget_type=\"text-editor.default\">\n\t\t\t\t<div class=\"elementor-widget-container\">\n\t\t\t\t\t\t\t\t\t<p>1 Censo de Viviendas y Edificios 2011 \u2013 INE INE \u2013 Encuesta de Discapacidad, Autonom\u00eda Personal y situaciones de Dependencia (EDAD) 2008<br \/>2 Eurostat 2015<br \/>3 Censo de Viviendas y Edificios 2011 \u2013 INE<\/p>\t\t\t\t\t\t\t\t<\/div>\n\t\t\t\t<\/div>\n\t\t\t\t\t<\/div>\n\t\t\t\t<\/div>\n\t\t\t\t<\/div>\n\t\t","protected":false},"excerpt":{"rendered":"<p>L\u2019informe \u201cRampa a l\u2019accessibilitat\u201d posa en evid\u00e8ncia les barreres arquitect\u00f2niques a les quals s\u2019enfronten els 2,5 milions d\u2019espanyols amb mobilitat redu\u00efda en accedir al seu immoble \u00a0 El 59% dels immobles d\u2019habitatges t\u00e9 escales o esglaons abans d\u2019arribar al portal, i nom\u00e9s un 28% tenen rampa i un 4% plataforma elevadora El 38% considera que [&hellip;]<\/p>\n","protected":false},"author":1,"featured_media":6569,"comment_status":"open","ping_status":"open","sticky":false,"template":"","format":"standard","meta":{"_acf_changed":false,"ocean_post_layout":"","ocean_both_sidebars_style":"","ocean_both_sidebars_content_width":0,"ocean_both_sidebars_sidebars_width":0,"ocean_sidebar":"0","ocean_second_sidebar":"0","ocean_disable_margins":"enable","ocean_add_body_class":"","ocean_shortcode_before_top_bar":"","ocean_shortcode_after_top_bar":"","ocean_shortcode_before_header":"","ocean_shortcode_after_header":"","ocean_has_shortcode":"","ocean_shortcode_after_title":"","ocean_shortcode_before_footer_widgets":"","ocean_shortcode_after_footer_widgets":"","ocean_shortcode_before_footer_bottom":"","ocean_shortcode_after_footer_bottom":"","ocean_display_top_bar":"default","ocean_display_header":"default","ocean_header_style":"","ocean_center_header_left_menu":"0","ocean_custom_header_template":"0","ocean_custom_logo":0,"ocean_custom_retina_logo":0,"ocean_custom_logo_max_width":0,"ocean_custom_logo_tablet_max_width":0,"ocean_custom_logo_mobile_max_width":0,"ocean_custom_logo_max_height":0,"ocean_custom_logo_tablet_max_height":0,"ocean_custom_logo_mobile_max_height":0,"ocean_header_custom_menu":"0","ocean_menu_typo_font_family":"0","ocean_menu_typo_font_subset":"","ocean_menu_typo_font_size":0,"ocean_menu_typo_font_size_tablet":0,"ocean_menu_typo_font_size_mobile":0,"ocean_menu_typo_font_size_unit":"px","ocean_menu_typo_font_weight":"","ocean_menu_typo_font_weight_tablet":"","ocean_menu_typo_font_weight_mobile":"","ocean_menu_typo_transform":"","ocean_menu_typo_transform_tablet":"","ocean_menu_typo_transform_mobile":"","ocean_menu_typo_line_height":0,"ocean_menu_typo_line_height_tablet":0,"ocean_menu_typo_line_height_mobile":0,"ocean_menu_typo_line_height_unit":"","ocean_menu_typo_spacing":0,"ocean_menu_typo_spacing_tablet":0,"ocean_menu_typo_spacing_mobile":0,"ocean_menu_typo_spacing_unit":"","ocean_menu_link_color":"","ocean_menu_link_color_hover":"","ocean_menu_link_color_active":"","ocean_menu_link_background":"","ocean_menu_link_hover_background":"","ocean_menu_link_active_background":"","ocean_menu_social_links_bg":"","ocean_menu_social_hover_links_bg":"","ocean_menu_social_links_color":"","ocean_menu_social_hover_links_color":"","ocean_disable_title":"default","ocean_disable_heading":"default","ocean_post_title":"","ocean_post_subheading":"","ocean_post_title_style":"","ocean_post_title_background_color":"","ocean_post_title_background":0,"ocean_post_title_bg_image_position":"","ocean_post_title_bg_image_attachment":"","ocean_post_title_bg_image_repeat":"","ocean_post_title_bg_image_size":"","ocean_post_title_height":0,"ocean_post_title_bg_overlay":0.5,"ocean_post_title_bg_overlay_color":"","ocean_disable_breadcrumbs":"default","ocean_breadcrumbs_color":"","ocean_breadcrumbs_separator_color":"","ocean_breadcrumbs_links_color":"","ocean_breadcrumbs_links_hover_color":"","ocean_display_footer_widgets":"default","ocean_display_footer_bottom":"default","ocean_custom_footer_template":"0","ocean_post_oembed":"","ocean_post_self_hosted_media":"","ocean_post_video_embed":"","ocean_link_format":"","ocean_link_format_target":"self","ocean_quote_format":"","ocean_quote_format_link":"post","ocean_gallery_link_images":"on","ocean_gallery_id":[],"footnotes":""},"categories":[1],"tags":[],"class_list":["post-7397","post","type-post","status-publish","format-standard","has-post-thumbnail","hentry","category-sin-categorizar","entry","has-media"],"acf":[],"yoast_head":"<!-- This site is optimized with the Yoast SEO plugin v27.3 - https:\/\/yoast.com\/product\/yoast-seo-wordpress\/ -->\n<title>Rampes i portes autom\u00e0tiques, principals demandes de les persones amb mobilitat redu\u00efda per a millorar l\u2019acc\u00e9s a l\u2019edifici - Fundaci\u00f3n Mutua de Propietarios<\/title>\n<meta name=\"robots\" content=\"index, follow, max-snippet:-1, max-image-preview:large, max-video-preview:-1\" \/>\n<link rel=\"canonical\" href=\"https:\/\/www.fundacionmdp.org\/ca\/rampes-i-portes-automatiques-principals-demandes-de-les-persones-amb-mobilitat-reduida-per-a-millorar-lacces-a-ledifici\/\" \/>\n<meta property=\"og:locale\" content=\"ca_ES\" \/>\n<meta property=\"og:type\" content=\"article\" \/>\n<meta property=\"og:title\" content=\"Rampes i portes autom\u00e0tiques, principals demandes de les persones amb mobilitat redu\u00efda per a millorar l\u2019acc\u00e9s a l\u2019edifici - Fundaci\u00f3n Mutua de Propietarios\" \/>\n<meta property=\"og:description\" content=\"L\u2019informe \u201cRampa a l\u2019accessibilitat\u201d posa en evid\u00e8ncia les barreres arquitect\u00f2niques a les quals s\u2019enfronten els 2,5 milions d\u2019espanyols amb mobilitat redu\u00efda en accedir al seu immoble \u00a0 El 59% dels immobles d\u2019habitatges t\u00e9 escales o esglaons abans d\u2019arribar al portal, i nom\u00e9s un 28% tenen rampa i un 4% plataforma elevadora El 38% considera que [&hellip;]\" \/>\n<meta property=\"og:url\" content=\"https:\/\/www.fundacionmdp.org\/ca\/rampes-i-portes-automatiques-principals-demandes-de-les-persones-amb-mobilitat-reduida-per-a-millorar-lacces-a-ledifici\/\" \/>\n<meta property=\"og:site_name\" content=\"Fundaci\u00f3n Mutua de Propietarios\" \/>\n<meta property=\"article:published_time\" content=\"2021-05-26T13:52:00+00:00\" \/>\n<meta property=\"article:modified_time\" content=\"2023-05-15T11:57:05+00:00\" \/>\n<meta property=\"og:image\" content=\"https:\/\/www.fundacionmdp.org\/wp-content\/uploads\/2023\/05\/rampa3d-scaled.jpg\" \/>\n\t<meta property=\"og:image:width\" content=\"1920\" \/>\n\t<meta property=\"og:image:height\" content=\"2560\" \/>\n\t<meta property=\"og:image:type\" content=\"image\/jpeg\" \/>\n<meta name=\"author\" content=\"fundacionmdp\" \/>\n<meta name=\"twitter:card\" content=\"summary_large_image\" \/>\n<meta name=\"twitter:label1\" content=\"Escrit per\" \/>\n\t<meta name=\"twitter:data1\" content=\"fundacionmdp\" \/>\n\t<meta name=\"twitter:label2\" content=\"Temps estimat de lectura\" \/>\n\t<meta name=\"twitter:data2\" content=\"3 minuts\" \/>\n<script type=\"application\/ld+json\" class=\"yoast-schema-graph\">{\"@context\":\"https:\\\/\\\/schema.org\",\"@graph\":[{\"@type\":\"Article\",\"@id\":\"https:\\\/\\\/www.fundacionmdp.org\\\/ca\\\/rampes-i-portes-automatiques-principals-demandes-de-les-persones-amb-mobilitat-reduida-per-a-millorar-lacces-a-ledifici\\\/#article\",\"isPartOf\":{\"@id\":\"https:\\\/\\\/www.fundacionmdp.org\\\/ca\\\/rampes-i-portes-automatiques-principals-demandes-de-les-persones-amb-mobilitat-reduida-per-a-millorar-lacces-a-ledifici\\\/\"},\"author\":{\"name\":\"fundacionmdp\",\"@id\":\"https:\\\/\\\/www.fundacionmdp.org\\\/#\\\/schema\\\/person\\\/12f9af801cac25dfcb5a96cb0090f703\"},\"headline\":\"Rampes i portes autom\u00e0tiques, principals demandes de les persones amb mobilitat redu\u00efda per a millorar l\u2019acc\u00e9s a l\u2019edifici\",\"datePublished\":\"2021-05-26T13:52:00+00:00\",\"dateModified\":\"2023-05-15T11:57:05+00:00\",\"mainEntityOfPage\":{\"@id\":\"https:\\\/\\\/www.fundacionmdp.org\\\/ca\\\/rampes-i-portes-automatiques-principals-demandes-de-les-persones-amb-mobilitat-reduida-per-a-millorar-lacces-a-ledifici\\\/\"},\"wordCount\":667,\"commentCount\":0,\"publisher\":{\"@id\":\"https:\\\/\\\/www.fundacionmdp.org\\\/#organization\"},\"image\":{\"@id\":\"https:\\\/\\\/www.fundacionmdp.org\\\/ca\\\/rampes-i-portes-automatiques-principals-demandes-de-les-persones-amb-mobilitat-reduida-per-a-millorar-lacces-a-ledifici\\\/#primaryimage\"},\"thumbnailUrl\":\"https:\\\/\\\/www.fundacionmdp.org\\\/wp-content\\\/uploads\\\/2023\\\/05\\\/rampa3d-scaled.jpg\",\"articleSection\":[\"Sin categorizar\"],\"inLanguage\":\"ca\",\"potentialAction\":[{\"@type\":\"CommentAction\",\"name\":\"Comment\",\"target\":[\"https:\\\/\\\/www.fundacionmdp.org\\\/ca\\\/rampes-i-portes-automatiques-principals-demandes-de-les-persones-amb-mobilitat-reduida-per-a-millorar-lacces-a-ledifici\\\/#respond\"]}]},{\"@type\":\"WebPage\",\"@id\":\"https:\\\/\\\/www.fundacionmdp.org\\\/ca\\\/rampes-i-portes-automatiques-principals-demandes-de-les-persones-amb-mobilitat-reduida-per-a-millorar-lacces-a-ledifici\\\/\",\"url\":\"https:\\\/\\\/www.fundacionmdp.org\\\/ca\\\/rampes-i-portes-automatiques-principals-demandes-de-les-persones-amb-mobilitat-reduida-per-a-millorar-lacces-a-ledifici\\\/\",\"name\":\"Rampes i portes autom\u00e0tiques, principals demandes de les persones amb mobilitat redu\u00efda per a millorar l\u2019acc\u00e9s a l\u2019edifici - Fundaci\u00f3n Mutua de Propietarios\",\"isPartOf\":{\"@id\":\"https:\\\/\\\/www.fundacionmdp.org\\\/#website\"},\"primaryImageOfPage\":{\"@id\":\"https:\\\/\\\/www.fundacionmdp.org\\\/ca\\\/rampes-i-portes-automatiques-principals-demandes-de-les-persones-amb-mobilitat-reduida-per-a-millorar-lacces-a-ledifici\\\/#primaryimage\"},\"image\":{\"@id\":\"https:\\\/\\\/www.fundacionmdp.org\\\/ca\\\/rampes-i-portes-automatiques-principals-demandes-de-les-persones-amb-mobilitat-reduida-per-a-millorar-lacces-a-ledifici\\\/#primaryimage\"},\"thumbnailUrl\":\"https:\\\/\\\/www.fundacionmdp.org\\\/wp-content\\\/uploads\\\/2023\\\/05\\\/rampa3d-scaled.jpg\",\"datePublished\":\"2021-05-26T13:52:00+00:00\",\"dateModified\":\"2023-05-15T11:57:05+00:00\",\"breadcrumb\":{\"@id\":\"https:\\\/\\\/www.fundacionmdp.org\\\/ca\\\/rampes-i-portes-automatiques-principals-demandes-de-les-persones-amb-mobilitat-reduida-per-a-millorar-lacces-a-ledifici\\\/#breadcrumb\"},\"inLanguage\":\"ca\",\"potentialAction\":[{\"@type\":\"ReadAction\",\"target\":[\"https:\\\/\\\/www.fundacionmdp.org\\\/ca\\\/rampes-i-portes-automatiques-principals-demandes-de-les-persones-amb-mobilitat-reduida-per-a-millorar-lacces-a-ledifici\\\/\"]}]},{\"@type\":\"ImageObject\",\"inLanguage\":\"ca\",\"@id\":\"https:\\\/\\\/www.fundacionmdp.org\\\/ca\\\/rampes-i-portes-automatiques-principals-demandes-de-les-persones-amb-mobilitat-reduida-per-a-millorar-lacces-a-ledifici\\\/#primaryimage\",\"url\":\"https:\\\/\\\/www.fundacionmdp.org\\\/wp-content\\\/uploads\\\/2023\\\/05\\\/rampa3d-scaled.jpg\",\"contentUrl\":\"https:\\\/\\\/www.fundacionmdp.org\\\/wp-content\\\/uploads\\\/2023\\\/05\\\/rampa3d-scaled.jpg\",\"width\":1920,\"height\":2560},{\"@type\":\"BreadcrumbList\",\"@id\":\"https:\\\/\\\/www.fundacionmdp.org\\\/ca\\\/rampes-i-portes-automatiques-principals-demandes-de-les-persones-amb-mobilitat-reduida-per-a-millorar-lacces-a-ledifici\\\/#breadcrumb\",\"itemListElement\":[{\"@type\":\"ListItem\",\"position\":1,\"name\":\"Home\",\"item\":\"https:\\\/\\\/www.fundacionmdp.org\\\/ca\\\/\"},{\"@type\":\"ListItem\",\"position\":2,\"name\":\"Rampes i portes autom\u00e0tiques, principals demandes de les persones amb mobilitat redu\u00efda per a millorar l\u2019acc\u00e9s a l\u2019edifici\"}]},{\"@type\":\"WebSite\",\"@id\":\"https:\\\/\\\/www.fundacionmdp.org\\\/#website\",\"url\":\"https:\\\/\\\/www.fundacionmdp.org\\\/\",\"name\":\"Fundaci\u00f3n Mutua de Propietarios\",\"description\":\"En la Fundaci\u00f3n Mutua de Propietarios te ayudamos a convertir tu edificio de viviendas en un espacio sin barreras arquitect\u00f3nicas.\",\"publisher\":{\"@id\":\"https:\\\/\\\/www.fundacionmdp.org\\\/#organization\"},\"potentialAction\":[{\"@type\":\"SearchAction\",\"target\":{\"@type\":\"EntryPoint\",\"urlTemplate\":\"https:\\\/\\\/www.fundacionmdp.org\\\/?s={search_term_string}\"},\"query-input\":{\"@type\":\"PropertyValueSpecification\",\"valueRequired\":true,\"valueName\":\"search_term_string\"}}],\"inLanguage\":\"ca\"},{\"@type\":\"Organization\",\"@id\":\"https:\\\/\\\/www.fundacionmdp.org\\\/#organization\",\"name\":\"Fundaci\u00f3n Mutua de Propietarios\",\"url\":\"https:\\\/\\\/www.fundacionmdp.org\\\/\",\"logo\":{\"@type\":\"ImageObject\",\"inLanguage\":\"ca\",\"@id\":\"https:\\\/\\\/www.fundacionmdp.org\\\/#\\\/schema\\\/logo\\\/image\\\/\",\"url\":\"https:\\\/\\\/www.fundacionmdp.org\\\/wp-content\\\/uploads\\\/2023\\\/05\\\/logo_FMdP_cat.png\",\"contentUrl\":\"https:\\\/\\\/www.fundacionmdp.org\\\/wp-content\\\/uploads\\\/2023\\\/05\\\/logo_FMdP_cat.png\",\"width\":655,\"height\":297,\"caption\":\"Fundaci\u00f3n Mutua de Propietarios\"},\"image\":{\"@id\":\"https:\\\/\\\/www.fundacionmdp.org\\\/#\\\/schema\\\/logo\\\/image\\\/\"}},{\"@type\":\"Person\",\"@id\":\"https:\\\/\\\/www.fundacionmdp.org\\\/#\\\/schema\\\/person\\\/12f9af801cac25dfcb5a96cb0090f703\",\"name\":\"fundacionmdp\",\"image\":{\"@type\":\"ImageObject\",\"inLanguage\":\"ca\",\"@id\":\"https:\\\/\\\/secure.gravatar.com\\\/avatar\\\/b540f93d1816a14d85e51109d050c3243b98fb660a665f517a6d2597cff3bbed?s=96&d=mm&r=g\",\"url\":\"https:\\\/\\\/secure.gravatar.com\\\/avatar\\\/b540f93d1816a14d85e51109d050c3243b98fb660a665f517a6d2597cff3bbed?s=96&d=mm&r=g\",\"contentUrl\":\"https:\\\/\\\/secure.gravatar.com\\\/avatar\\\/b540f93d1816a14d85e51109d050c3243b98fb660a665f517a6d2597cff3bbed?s=96&d=mm&r=g\",\"caption\":\"fundacionmdp\"},\"sameAs\":[\"http:\\\/\\\/prezuk.com.mialias.net\\\/fundacionmdp\"],\"url\":\"https:\\\/\\\/www.fundacionmdp.org\\\/ca\\\/author\\\/fundacionmdp\\\/\"}]}<\/script>\n<!-- \/ Yoast SEO plugin. -->","yoast_head_json":{"title":"Rampes i portes autom\u00e0tiques, principals demandes de les persones amb mobilitat redu\u00efda per a millorar l\u2019acc\u00e9s a l\u2019edifici - Fundaci\u00f3n Mutua de Propietarios","robots":{"index":"index","follow":"follow","max-snippet":"max-snippet:-1","max-image-preview":"max-image-preview:large","max-video-preview":"max-video-preview:-1"},"canonical":"https:\/\/www.fundacionmdp.org\/ca\/rampes-i-portes-automatiques-principals-demandes-de-les-persones-amb-mobilitat-reduida-per-a-millorar-lacces-a-ledifici\/","og_locale":"ca_ES","og_type":"article","og_title":"Rampes i portes autom\u00e0tiques, principals demandes de les persones amb mobilitat redu\u00efda per a millorar l\u2019acc\u00e9s a l\u2019edifici - Fundaci\u00f3n Mutua de Propietarios","og_description":"L\u2019informe \u201cRampa a l\u2019accessibilitat\u201d posa en evid\u00e8ncia les barreres arquitect\u00f2niques a les quals s\u2019enfronten els 2,5 milions d\u2019espanyols amb mobilitat redu\u00efda en accedir al seu immoble \u00a0 El 59% dels immobles d\u2019habitatges t\u00e9 escales o esglaons abans d\u2019arribar al portal, i nom\u00e9s un 28% tenen rampa i un 4% plataforma elevadora El 38% considera que [&hellip;]","og_url":"https:\/\/www.fundacionmdp.org\/ca\/rampes-i-portes-automatiques-principals-demandes-de-les-persones-amb-mobilitat-reduida-per-a-millorar-lacces-a-ledifici\/","og_site_name":"Fundaci\u00f3n Mutua de Propietarios","article_published_time":"2021-05-26T13:52:00+00:00","article_modified_time":"2023-05-15T11:57:05+00:00","og_image":[{"width":1920,"height":2560,"url":"https:\/\/www.fundacionmdp.org\/wp-content\/uploads\/2023\/05\/rampa3d-scaled.jpg","type":"image\/jpeg"}],"author":"fundacionmdp","twitter_card":"summary_large_image","twitter_misc":{"Escrit per":"fundacionmdp","Temps estimat de lectura":"3 minuts"},"schema":{"@context":"https:\/\/schema.org","@graph":[{"@type":"Article","@id":"https:\/\/www.fundacionmdp.org\/ca\/rampes-i-portes-automatiques-principals-demandes-de-les-persones-amb-mobilitat-reduida-per-a-millorar-lacces-a-ledifici\/#article","isPartOf":{"@id":"https:\/\/www.fundacionmdp.org\/ca\/rampes-i-portes-automatiques-principals-demandes-de-les-persones-amb-mobilitat-reduida-per-a-millorar-lacces-a-ledifici\/"},"author":{"name":"fundacionmdp","@id":"https:\/\/www.fundacionmdp.org\/#\/schema\/person\/12f9af801cac25dfcb5a96cb0090f703"},"headline":"Rampes i portes autom\u00e0tiques, principals demandes de les persones amb mobilitat redu\u00efda per a millorar l\u2019acc\u00e9s a l\u2019edifici","datePublished":"2021-05-26T13:52:00+00:00","dateModified":"2023-05-15T11:57:05+00:00","mainEntityOfPage":{"@id":"https:\/\/www.fundacionmdp.org\/ca\/rampes-i-portes-automatiques-principals-demandes-de-les-persones-amb-mobilitat-reduida-per-a-millorar-lacces-a-ledifici\/"},"wordCount":667,"commentCount":0,"publisher":{"@id":"https:\/\/www.fundacionmdp.org\/#organization"},"image":{"@id":"https:\/\/www.fundacionmdp.org\/ca\/rampes-i-portes-automatiques-principals-demandes-de-les-persones-amb-mobilitat-reduida-per-a-millorar-lacces-a-ledifici\/#primaryimage"},"thumbnailUrl":"https:\/\/www.fundacionmdp.org\/wp-content\/uploads\/2023\/05\/rampa3d-scaled.jpg","articleSection":["Sin categorizar"],"inLanguage":"ca","potentialAction":[{"@type":"CommentAction","name":"Comment","target":["https:\/\/www.fundacionmdp.org\/ca\/rampes-i-portes-automatiques-principals-demandes-de-les-persones-amb-mobilitat-reduida-per-a-millorar-lacces-a-ledifici\/#respond"]}]},{"@type":"WebPage","@id":"https:\/\/www.fundacionmdp.org\/ca\/rampes-i-portes-automatiques-principals-demandes-de-les-persones-amb-mobilitat-reduida-per-a-millorar-lacces-a-ledifici\/","url":"https:\/\/www.fundacionmdp.org\/ca\/rampes-i-portes-automatiques-principals-demandes-de-les-persones-amb-mobilitat-reduida-per-a-millorar-lacces-a-ledifici\/","name":"Rampes i portes autom\u00e0tiques, principals demandes de les persones amb mobilitat redu\u00efda per a millorar l\u2019acc\u00e9s a l\u2019edifici - Fundaci\u00f3n Mutua de Propietarios","isPartOf":{"@id":"https:\/\/www.fundacionmdp.org\/#website"},"primaryImageOfPage":{"@id":"https:\/\/www.fundacionmdp.org\/ca\/rampes-i-portes-automatiques-principals-demandes-de-les-persones-amb-mobilitat-reduida-per-a-millorar-lacces-a-ledifici\/#primaryimage"},"image":{"@id":"https:\/\/www.fundacionmdp.org\/ca\/rampes-i-portes-automatiques-principals-demandes-de-les-persones-amb-mobilitat-reduida-per-a-millorar-lacces-a-ledifici\/#primaryimage"},"thumbnailUrl":"https:\/\/www.fundacionmdp.org\/wp-content\/uploads\/2023\/05\/rampa3d-scaled.jpg","datePublished":"2021-05-26T13:52:00+00:00","dateModified":"2023-05-15T11:57:05+00:00","breadcrumb":{"@id":"https:\/\/www.fundacionmdp.org\/ca\/rampes-i-portes-automatiques-principals-demandes-de-les-persones-amb-mobilitat-reduida-per-a-millorar-lacces-a-ledifici\/#breadcrumb"},"inLanguage":"ca","potentialAction":[{"@type":"ReadAction","target":["https:\/\/www.fundacionmdp.org\/ca\/rampes-i-portes-automatiques-principals-demandes-de-les-persones-amb-mobilitat-reduida-per-a-millorar-lacces-a-ledifici\/"]}]},{"@type":"ImageObject","inLanguage":"ca","@id":"https:\/\/www.fundacionmdp.org\/ca\/rampes-i-portes-automatiques-principals-demandes-de-les-persones-amb-mobilitat-reduida-per-a-millorar-lacces-a-ledifici\/#primaryimage","url":"https:\/\/www.fundacionmdp.org\/wp-content\/uploads\/2023\/05\/rampa3d-scaled.jpg","contentUrl":"https:\/\/www.fundacionmdp.org\/wp-content\/uploads\/2023\/05\/rampa3d-scaled.jpg","width":1920,"height":2560},{"@type":"BreadcrumbList","@id":"https:\/\/www.fundacionmdp.org\/ca\/rampes-i-portes-automatiques-principals-demandes-de-les-persones-amb-mobilitat-reduida-per-a-millorar-lacces-a-ledifici\/#breadcrumb","itemListElement":[{"@type":"ListItem","position":1,"name":"Home","item":"https:\/\/www.fundacionmdp.org\/ca\/"},{"@type":"ListItem","position":2,"name":"Rampes i portes autom\u00e0tiques, principals demandes de les persones amb mobilitat redu\u00efda per a millorar l\u2019acc\u00e9s a l\u2019edifici"}]},{"@type":"WebSite","@id":"https:\/\/www.fundacionmdp.org\/#website","url":"https:\/\/www.fundacionmdp.org\/","name":"Fundaci\u00f3n Mutua de Propietarios","description":"En la Fundaci\u00f3n Mutua de Propietarios te ayudamos a convertir tu edificio de viviendas en un espacio sin barreras arquitect\u00f3nicas.","publisher":{"@id":"https:\/\/www.fundacionmdp.org\/#organization"},"potentialAction":[{"@type":"SearchAction","target":{"@type":"EntryPoint","urlTemplate":"https:\/\/www.fundacionmdp.org\/?s={search_term_string}"},"query-input":{"@type":"PropertyValueSpecification","valueRequired":true,"valueName":"search_term_string"}}],"inLanguage":"ca"},{"@type":"Organization","@id":"https:\/\/www.fundacionmdp.org\/#organization","name":"Fundaci\u00f3n Mutua de Propietarios","url":"https:\/\/www.fundacionmdp.org\/","logo":{"@type":"ImageObject","inLanguage":"ca","@id":"https:\/\/www.fundacionmdp.org\/#\/schema\/logo\/image\/","url":"https:\/\/www.fundacionmdp.org\/wp-content\/uploads\/2023\/05\/logo_FMdP_cat.png","contentUrl":"https:\/\/www.fundacionmdp.org\/wp-content\/uploads\/2023\/05\/logo_FMdP_cat.png","width":655,"height":297,"caption":"Fundaci\u00f3n Mutua de Propietarios"},"image":{"@id":"https:\/\/www.fundacionmdp.org\/#\/schema\/logo\/image\/"}},{"@type":"Person","@id":"https:\/\/www.fundacionmdp.org\/#\/schema\/person\/12f9af801cac25dfcb5a96cb0090f703","name":"fundacionmdp","image":{"@type":"ImageObject","inLanguage":"ca","@id":"https:\/\/secure.gravatar.com\/avatar\/b540f93d1816a14d85e51109d050c3243b98fb660a665f517a6d2597cff3bbed?s=96&d=mm&r=g","url":"https:\/\/secure.gravatar.com\/avatar\/b540f93d1816a14d85e51109d050c3243b98fb660a665f517a6d2597cff3bbed?s=96&d=mm&r=g","contentUrl":"https:\/\/secure.gravatar.com\/avatar\/b540f93d1816a14d85e51109d050c3243b98fb660a665f517a6d2597cff3bbed?s=96&d=mm&r=g","caption":"fundacionmdp"},"sameAs":["http:\/\/prezuk.com.mialias.net\/fundacionmdp"],"url":"https:\/\/www.fundacionmdp.org\/ca\/author\/fundacionmdp\/"}]}},"_links":{"self":[{"href":"https:\/\/www.fundacionmdp.org\/ca\/wp-json\/wp\/v2\/posts\/7397","targetHints":{"allow":["GET"]}}],"collection":[{"href":"https:\/\/www.fundacionmdp.org\/ca\/wp-json\/wp\/v2\/posts"}],"about":[{"href":"https:\/\/www.fundacionmdp.org\/ca\/wp-json\/wp\/v2\/types\/post"}],"author":[{"embeddable":true,"href":"https:\/\/www.fundacionmdp.org\/ca\/wp-json\/wp\/v2\/users\/1"}],"replies":[{"embeddable":true,"href":"https:\/\/www.fundacionmdp.org\/ca\/wp-json\/wp\/v2\/comments?post=7397"}],"version-history":[{"count":4,"href":"https:\/\/www.fundacionmdp.org\/ca\/wp-json\/wp\/v2\/posts\/7397\/revisions"}],"predecessor-version":[{"id":7401,"href":"https:\/\/www.fundacionmdp.org\/ca\/wp-json\/wp\/v2\/posts\/7397\/revisions\/7401"}],"wp:featuredmedia":[{"embeddable":true,"href":"https:\/\/www.fundacionmdp.org\/ca\/wp-json\/wp\/v2\/media\/6569"}],"wp:attachment":[{"href":"https:\/\/www.fundacionmdp.org\/ca\/wp-json\/wp\/v2\/media?parent=7397"}],"wp:term":[{"taxonomy":"category","embeddable":true,"href":"https:\/\/www.fundacionmdp.org\/ca\/wp-json\/wp\/v2\/categories?post=7397"},{"taxonomy":"post_tag","embeddable":true,"href":"https:\/\/www.fundacionmdp.org\/ca\/wp-json\/wp\/v2\/tags?post=7397"}],"curies":[{"name":"wp","href":"https:\/\/api.w.org\/{rel}","templated":true}]}}