{"id":7412,"date":"2022-03-15T14:02:00","date_gmt":"2022-03-15T14:02:00","guid":{"rendered":"http:\/\/prezuk.com.mialias.net\/fundacionmdp\/oberta-la-convocatoria-dajudes-sense-barreres-per-a-la-millora-de-laccessibilitat-dels-edificis-dhabitatges\/"},"modified":"2023-05-15T12:04:29","modified_gmt":"2023-05-15T12:04:29","slug":"oberta-la-convocatoria-dajudes-sense-barreres-per-a-la-millora-de-laccessibilitat-dels-edificis-dhabitatges","status":"publish","type":"post","link":"https:\/\/www.fundacionmdp.org\/ca\/oberta-la-convocatoria-dajudes-sense-barreres-per-a-la-millora-de-laccessibilitat-dels-edificis-dhabitatges\/","title":{"rendered":"OBERTA LA CONVOCAT\u00d2RIA D\u2019AJUDES \u2018SENSE BARRERES\u2019 PER A LA MILLORA DE L\u2019ACCESSIBILITAT DELS EDIFICIS D\u2019HABITATGES"},"content":{"rendered":"\t\t<div data-elementor-type=\"wp-post\" data-elementor-id=\"7412\" class=\"elementor elementor-7412 elementor-2601\">\n\t\t\t\t<div class=\"elementor-element elementor-element-1b8699e e-flex e-con-boxed e-con e-parent\" data-id=\"1b8699e\" data-element_type=\"container\" data-e-type=\"container\">\n\t\t\t\t\t<div class=\"e-con-inner\">\n\t\t\t\t<div class=\"elementor-element elementor-element-b87398d elementor-widget elementor-widget-text-editor\" data-id=\"b87398d\" data-element_type=\"widget\" data-e-type=\"widget\" data-widget_type=\"text-editor.default\">\n\t\t\t\t<div class=\"elementor-widget-container\">\n\t\t\t\t\t\t\t\t\t<ul><li><strong>Desde 2018, el programa de la Fundaci\u00f3n Mutua de Propietarios ha entregado m\u00e1s de 745.000 euros de los que se han beneficiado 848 viviendas y 2.120 personas.<\/strong><\/li><li><strong>El programa subvenciona parte del coste de las intervenciones para la eliminaci\u00f3n de barreras arquitect\u00f3nicas, as\u00ed como de los honorarios t\u00e9cnicos de la redacci\u00f3n del proyecto y la direcci\u00f3n de obra<\/strong><\/li><li><strong>Podr\u00e1n acceder a estas ayudas las comunidades de viviendas donde resida una persona con movilidad reducida o mayor de 75 a\u00f1os.<\/strong><\/li><\/ul><p>La Fundaci\u00f3n Mutua de Propietarios ha abierto una nueva convocatoria del programa de ayudas \u2018Sin Barreras\u2019 para la concesi\u00f3n de subvenciones al desarrollo de obras de supresi\u00f3n de barreras arquitect\u00f3nicas que ayuden a mejorar la accesibilidad de los edificios de viviendas a las personas con movilidad reducida.<\/p><p><img fetchpriority=\"high\" decoding=\"async\" class=\"size-medium wp-image-5825 alignright\" src=\"https:\/\/www.fundacionmdp.org\/wp-content\/uploads\/2023\/05\/novedades_2022-268x300-1.png\" alt=\"\" width=\"268\" height=\"300\" \/>La edici\u00f3n 2022 de \u2018Sin Barreras\u2019 incorpora como novedad la subvenci\u00f3n, no s\u00f3lo de las obras de adaptaci\u00f3n, sino tambi\u00e9n de los honorarios de redacci\u00f3n de los proyectos y de la direcci\u00f3n de obra. \u201cQueremos facilitar a las comunidades de propietarios la rehabilitaci\u00f3n de sus edificios para hacerlos accesibles y, para ello, consideramos importante ampliar nuestras subvenciones a todo el proceso, desde el dise\u00f1o de la obra hasta su seguimiento y finalizaci\u00f3n\u201d, explica Laura L\u00f3pez Demarbre, vicepresidenta ejecutiva de la Fundaci\u00f3n Mutua de Propietarios.<\/p><p>Al programa de ayudas \u201cSin Barreras\u201d, que cuenta con una dotaci\u00f3n de 150.000\u20ac, podr\u00e1n optar las comunidades de vecinos situadas en la Comunidad de Madrid y Barcelona y su \u00e1rea metropolitana, donde resida, como m\u00ednimo, una persona con movilidad reducida -personas con discapacidad con afectaci\u00f3n a la movilidad o personas de m\u00e1s de 75 a\u00f1os-. La cuant\u00eda de las ayudas ascender\u00e1 al 50% de la suma del presupuesto para la ejecuci\u00f3n de la obra de accesibilidad y los honorarios t\u00e9cnicos para la redacci\u00f3n del proyecto y direcci\u00f3n de obra, hasta un m\u00e1ximo de 15.000\u20ac por comunidad.<\/p><p>Creado en 2018, el programa \u201cSin Barreras\u201d es una iniciativa de la Fundaci\u00f3n Mutua de Propietarios que desea poner al alcance de las comunidades vecinales recursos financieros para mejorar la accesibilidad a las \u00e1reas comunes de un edificio, incluyendo proyectos como la instalaci\u00f3n de un ascensor, la supresi\u00f3n de desniveles, adecuaci\u00f3n o ensanchamiento de puertas, construcci\u00f3n de pasadizos o ampliaci\u00f3n de paradas, construcci\u00f3n de rampas o, excepcionalmente, la instalaci\u00f3n de aparatos elevadores.<\/p><p>Desde sus inicios, el programa \u2018Sin Barreras\u2019 ha entregado 745.000 euros en ayudas para la mejora de la accesibilidad en los edificios de viviendas donde residen personas con movilidad reducida<strong>, <\/strong>de las que se han beneficiado 46 comunidades de vecinos, m\u00e1s de 848 viviendas y un total de 2.120 personas.<\/p>\t\t\t\t\t\t\t\t<\/div>\n\t\t\t\t<\/div>\n\t\t\t\t\t<\/div>\n\t\t\t\t<\/div>\n\t\t\t\t<\/div>\n\t\t","protected":false},"excerpt":{"rendered":"<p>Desde 2018, el programa de la Fundaci\u00f3n Mutua de Propietarios ha entregado m\u00e1s de 745.000 euros de los que se han beneficiado 848 viviendas y 2.120 personas. El programa subvenciona parte del coste de las intervenciones para la eliminaci\u00f3n de barreras arquitect\u00f3nicas, as\u00ed como de los honorarios t\u00e9cnicos de la redacci\u00f3n del proyecto y la [&hellip;]<\/p>\n","protected":false},"author":1,"featured_media":6575,"comment_status":"open","ping_status":"open","sticky":false,"template":"","format":"standard","meta":{"_acf_changed":false,"ocean_post_layout":"","ocean_both_sidebars_style":"","ocean_both_sidebars_content_width":0,"ocean_both_sidebars_sidebars_width":0,"ocean_sidebar":"0","ocean_second_sidebar":"0","ocean_disable_margins":"enable","ocean_add_body_class":"","ocean_shortcode_before_top_bar":"","ocean_shortcode_after_top_bar":"","ocean_shortcode_before_header":"","ocean_shortcode_after_header":"","ocean_has_shortcode":"","ocean_shortcode_after_title":"","ocean_shortcode_before_footer_widgets":"","ocean_shortcode_after_footer_widgets":"","ocean_shortcode_before_footer_bottom":"","ocean_shortcode_after_footer_bottom":"","ocean_display_top_bar":"default","ocean_display_header":"default","ocean_header_style":"","ocean_center_header_left_menu":"0","ocean_custom_header_template":"0","ocean_custom_logo":0,"ocean_custom_retina_logo":0,"ocean_custom_logo_max_width":0,"ocean_custom_logo_tablet_max_width":0,"ocean_custom_logo_mobile_max_width":0,"ocean_custom_logo_max_height":0,"ocean_custom_logo_tablet_max_height":0,"ocean_custom_logo_mobile_max_height":0,"ocean_header_custom_menu":"0","ocean_menu_typo_font_family":"0","ocean_menu_typo_font_subset":"","ocean_menu_typo_font_size":0,"ocean_menu_typo_font_size_tablet":0,"ocean_menu_typo_font_size_mobile":0,"ocean_menu_typo_font_size_unit":"px","ocean_menu_typo_font_weight":"","ocean_menu_typo_font_weight_tablet":"","ocean_menu_typo_font_weight_mobile":"","ocean_menu_typo_transform":"","ocean_menu_typo_transform_tablet":"","ocean_menu_typo_transform_mobile":"","ocean_menu_typo_line_height":0,"ocean_menu_typo_line_height_tablet":0,"ocean_menu_typo_line_height_mobile":0,"ocean_menu_typo_line_height_unit":"","ocean_menu_typo_spacing":0,"ocean_menu_typo_spacing_tablet":0,"ocean_menu_typo_spacing_mobile":0,"ocean_menu_typo_spacing_unit":"","ocean_menu_link_color":"","ocean_menu_link_color_hover":"","ocean_menu_link_color_active":"","ocean_menu_link_background":"","ocean_menu_link_hover_background":"","ocean_menu_link_active_background":"","ocean_menu_social_links_bg":"","ocean_menu_social_hover_links_bg":"","ocean_menu_social_links_color":"","ocean_menu_social_hover_links_color":"","ocean_disable_title":"default","ocean_disable_heading":"default","ocean_post_title":"","ocean_post_subheading":"","ocean_post_title_style":"","ocean_post_title_background_color":"","ocean_post_title_background":0,"ocean_post_title_bg_image_position":"","ocean_post_title_bg_image_attachment":"","ocean_post_title_bg_image_repeat":"","ocean_post_title_bg_image_size":"","ocean_post_title_height":0,"ocean_post_title_bg_overlay":0.5,"ocean_post_title_bg_overlay_color":"","ocean_disable_breadcrumbs":"default","ocean_breadcrumbs_color":"","ocean_breadcrumbs_separator_color":"","ocean_breadcrumbs_links_color":"","ocean_breadcrumbs_links_hover_color":"","ocean_display_footer_widgets":"default","ocean_display_footer_bottom":"default","ocean_custom_footer_template":"0","ocean_post_oembed":"","ocean_post_self_hosted_media":"","ocean_post_video_embed":"","ocean_link_format":"","ocean_link_format_target":"self","ocean_quote_format":"","ocean_quote_format_link":"post","ocean_gallery_link_images":"on","ocean_gallery_id":[],"footnotes":""},"categories":[1],"tags":[],"class_list":["post-7412","post","type-post","status-publish","format-standard","has-post-thumbnail","hentry","category-sin-categorizar","entry","has-media"],"acf":[],"yoast_head":"<!-- This site is optimized with the Yoast SEO plugin v27.3 - https:\/\/yoast.com\/product\/yoast-seo-wordpress\/ -->\n<title>OBERTA LA CONVOCAT\u00d2RIA D\u2019AJUDES \u2018SENSE BARRERES\u2019 PER A LA MILLORA DE L\u2019ACCESSIBILITAT DELS EDIFICIS D\u2019HABITATGES - Fundaci\u00f3n Mutua de Propietarios<\/title>\n<meta name=\"robots\" content=\"index, follow, max-snippet:-1, max-image-preview:large, max-video-preview:-1\" \/>\n<link rel=\"canonical\" href=\"https:\/\/www.fundacionmdp.org\/abierta-la-convocatoria-de-ayudas-sin-barreras-para-la-mejora-de-la-accesibilidad-de-los-edificios-de-viviendas\/\" \/>\n<meta property=\"og:locale\" content=\"ca_ES\" \/>\n<meta property=\"og:type\" content=\"article\" \/>\n<meta property=\"og:title\" content=\"OBERTA LA CONVOCAT\u00d2RIA D\u2019AJUDES \u2018SENSE BARRERES\u2019 PER A LA MILLORA DE L\u2019ACCESSIBILITAT DELS EDIFICIS D\u2019HABITATGES - Fundaci\u00f3n Mutua de Propietarios\" \/>\n<meta property=\"og:description\" content=\"Desde 2018, el programa de la Fundaci\u00f3n Mutua de Propietarios ha entregado m\u00e1s de 745.000 euros de los que se han beneficiado 848 viviendas y 2.120 personas. El programa subvenciona parte del coste de las intervenciones para la eliminaci\u00f3n de barreras arquitect\u00f3nicas, as\u00ed como de los honorarios t\u00e9cnicos de la redacci\u00f3n del proyecto y la [&hellip;]\" \/>\n<meta property=\"og:url\" content=\"https:\/\/www.fundacionmdp.org\/abierta-la-convocatoria-de-ayudas-sin-barreras-para-la-mejora-de-la-accesibilidad-de-los-edificios-de-viviendas\/\" \/>\n<meta property=\"og:site_name\" content=\"Fundaci\u00f3n Mutua de Propietarios\" \/>\n<meta property=\"article:published_time\" content=\"2022-03-15T14:02:00+00:00\" \/>\n<meta property=\"article:modified_time\" content=\"2023-05-15T12:04:29+00:00\" \/>\n<meta property=\"og:image\" content=\"https:\/\/www.fundacionmdp.org\/wp-content\/uploads\/2023\/05\/Noticia_web_informeaccesibilidad1.png\" \/>\n\t<meta property=\"og:image:width\" content=\"940\" \/>\n\t<meta property=\"og:image:height\" content=\"788\" \/>\n\t<meta property=\"og:image:type\" content=\"image\/png\" \/>\n<meta name=\"author\" content=\"fundacionmdp\" \/>\n<meta name=\"twitter:card\" content=\"summary_large_image\" \/>\n<meta name=\"twitter:label1\" content=\"Escrit per\" \/>\n\t<meta name=\"twitter:data1\" content=\"fundacionmdp\" \/>\n\t<meta name=\"twitter:label2\" content=\"Temps estimat de lectura\" \/>\n\t<meta name=\"twitter:data2\" content=\"2 minuts\" \/>\n<script type=\"application\/ld+json\" class=\"yoast-schema-graph\">{\"@context\":\"https:\\\/\\\/schema.org\",\"@graph\":[{\"@type\":\"Article\",\"@id\":\"https:\\\/\\\/www.fundacionmdp.org\\\/abierta-la-convocatoria-de-ayudas-sin-barreras-para-la-mejora-de-la-accesibilidad-de-los-edificios-de-viviendas\\\/#article\",\"isPartOf\":{\"@id\":\"https:\\\/\\\/www.fundacionmdp.org\\\/abierta-la-convocatoria-de-ayudas-sin-barreras-para-la-mejora-de-la-accesibilidad-de-los-edificios-de-viviendas\\\/\"},\"author\":{\"name\":\"fundacionmdp\",\"@id\":\"https:\\\/\\\/www.fundacionmdp.org\\\/#\\\/schema\\\/person\\\/12f9af801cac25dfcb5a96cb0090f703\"},\"headline\":\"OBERTA LA CONVOCAT\u00d2RIA D\u2019AJUDES \u2018SENSE BARRERES\u2019 PER A LA MILLORA DE L\u2019ACCESSIBILITAT DELS EDIFICIS D\u2019HABITATGES\",\"datePublished\":\"2022-03-15T14:02:00+00:00\",\"dateModified\":\"2023-05-15T12:04:29+00:00\",\"mainEntityOfPage\":{\"@id\":\"https:\\\/\\\/www.fundacionmdp.org\\\/abierta-la-convocatoria-de-ayudas-sin-barreras-para-la-mejora-de-la-accesibilidad-de-los-edificios-de-viviendas\\\/\"},\"wordCount\":478,\"commentCount\":0,\"publisher\":{\"@id\":\"https:\\\/\\\/www.fundacionmdp.org\\\/#organization\"},\"image\":{\"@id\":\"https:\\\/\\\/www.fundacionmdp.org\\\/abierta-la-convocatoria-de-ayudas-sin-barreras-para-la-mejora-de-la-accesibilidad-de-los-edificios-de-viviendas\\\/#primaryimage\"},\"thumbnailUrl\":\"https:\\\/\\\/www.fundacionmdp.org\\\/wp-content\\\/uploads\\\/2023\\\/05\\\/Noticia_web_informeaccesibilidad1.png\",\"articleSection\":[\"Sin categorizar\"],\"inLanguage\":\"ca\",\"potentialAction\":[{\"@type\":\"CommentAction\",\"name\":\"Comment\",\"target\":[\"https:\\\/\\\/www.fundacionmdp.org\\\/abierta-la-convocatoria-de-ayudas-sin-barreras-para-la-mejora-de-la-accesibilidad-de-los-edificios-de-viviendas\\\/#respond\"]}]},{\"@type\":\"WebPage\",\"@id\":\"https:\\\/\\\/www.fundacionmdp.org\\\/abierta-la-convocatoria-de-ayudas-sin-barreras-para-la-mejora-de-la-accesibilidad-de-los-edificios-de-viviendas\\\/\",\"url\":\"https:\\\/\\\/www.fundacionmdp.org\\\/abierta-la-convocatoria-de-ayudas-sin-barreras-para-la-mejora-de-la-accesibilidad-de-los-edificios-de-viviendas\\\/\",\"name\":\"OBERTA LA CONVOCAT\u00d2RIA D\u2019AJUDES \u2018SENSE BARRERES\u2019 PER A LA MILLORA DE L\u2019ACCESSIBILITAT DELS EDIFICIS D\u2019HABITATGES - Fundaci\u00f3n Mutua de Propietarios\",\"isPartOf\":{\"@id\":\"https:\\\/\\\/www.fundacionmdp.org\\\/#website\"},\"primaryImageOfPage\":{\"@id\":\"https:\\\/\\\/www.fundacionmdp.org\\\/abierta-la-convocatoria-de-ayudas-sin-barreras-para-la-mejora-de-la-accesibilidad-de-los-edificios-de-viviendas\\\/#primaryimage\"},\"image\":{\"@id\":\"https:\\\/\\\/www.fundacionmdp.org\\\/abierta-la-convocatoria-de-ayudas-sin-barreras-para-la-mejora-de-la-accesibilidad-de-los-edificios-de-viviendas\\\/#primaryimage\"},\"thumbnailUrl\":\"https:\\\/\\\/www.fundacionmdp.org\\\/wp-content\\\/uploads\\\/2023\\\/05\\\/Noticia_web_informeaccesibilidad1.png\",\"datePublished\":\"2022-03-15T14:02:00+00:00\",\"dateModified\":\"2023-05-15T12:04:29+00:00\",\"breadcrumb\":{\"@id\":\"https:\\\/\\\/www.fundacionmdp.org\\\/abierta-la-convocatoria-de-ayudas-sin-barreras-para-la-mejora-de-la-accesibilidad-de-los-edificios-de-viviendas\\\/#breadcrumb\"},\"inLanguage\":\"ca\",\"potentialAction\":[{\"@type\":\"ReadAction\",\"target\":[\"https:\\\/\\\/www.fundacionmdp.org\\\/abierta-la-convocatoria-de-ayudas-sin-barreras-para-la-mejora-de-la-accesibilidad-de-los-edificios-de-viviendas\\\/\"]}]},{\"@type\":\"ImageObject\",\"inLanguage\":\"ca\",\"@id\":\"https:\\\/\\\/www.fundacionmdp.org\\\/abierta-la-convocatoria-de-ayudas-sin-barreras-para-la-mejora-de-la-accesibilidad-de-los-edificios-de-viviendas\\\/#primaryimage\",\"url\":\"https:\\\/\\\/www.fundacionmdp.org\\\/wp-content\\\/uploads\\\/2023\\\/05\\\/Noticia_web_informeaccesibilidad1.png\",\"contentUrl\":\"https:\\\/\\\/www.fundacionmdp.org\\\/wp-content\\\/uploads\\\/2023\\\/05\\\/Noticia_web_informeaccesibilidad1.png\",\"width\":940,\"height\":788},{\"@type\":\"BreadcrumbList\",\"@id\":\"https:\\\/\\\/www.fundacionmdp.org\\\/abierta-la-convocatoria-de-ayudas-sin-barreras-para-la-mejora-de-la-accesibilidad-de-los-edificios-de-viviendas\\\/#breadcrumb\",\"itemListElement\":[{\"@type\":\"ListItem\",\"position\":1,\"name\":\"Home\",\"item\":\"https:\\\/\\\/www.fundacionmdp.org\\\/ca\\\/\"},{\"@type\":\"ListItem\",\"position\":2,\"name\":\"OBERTA LA CONVOCAT\u00d2RIA D\u2019AJUDES \u2018SENSE BARRERES\u2019 PER A LA MILLORA DE L\u2019ACCESSIBILITAT DELS EDIFICIS D\u2019HABITATGES\"}]},{\"@type\":\"WebSite\",\"@id\":\"https:\\\/\\\/www.fundacionmdp.org\\\/#website\",\"url\":\"https:\\\/\\\/www.fundacionmdp.org\\\/\",\"name\":\"Fundaci\u00f3n Mutua de Propietarios\",\"description\":\"En la Fundaci\u00f3n Mutua de Propietarios te ayudamos a convertir tu edificio de viviendas en un espacio sin barreras arquitect\u00f3nicas.\",\"publisher\":{\"@id\":\"https:\\\/\\\/www.fundacionmdp.org\\\/#organization\"},\"potentialAction\":[{\"@type\":\"SearchAction\",\"target\":{\"@type\":\"EntryPoint\",\"urlTemplate\":\"https:\\\/\\\/www.fundacionmdp.org\\\/?s={search_term_string}\"},\"query-input\":{\"@type\":\"PropertyValueSpecification\",\"valueRequired\":true,\"valueName\":\"search_term_string\"}}],\"inLanguage\":\"ca\"},{\"@type\":\"Organization\",\"@id\":\"https:\\\/\\\/www.fundacionmdp.org\\\/#organization\",\"name\":\"Fundaci\u00f3n Mutua de Propietarios\",\"url\":\"https:\\\/\\\/www.fundacionmdp.org\\\/\",\"logo\":{\"@type\":\"ImageObject\",\"inLanguage\":\"ca\",\"@id\":\"https:\\\/\\\/www.fundacionmdp.org\\\/#\\\/schema\\\/logo\\\/image\\\/\",\"url\":\"https:\\\/\\\/www.fundacionmdp.org\\\/wp-content\\\/uploads\\\/2023\\\/05\\\/logo_FMdP_cat.png\",\"contentUrl\":\"https:\\\/\\\/www.fundacionmdp.org\\\/wp-content\\\/uploads\\\/2023\\\/05\\\/logo_FMdP_cat.png\",\"width\":655,\"height\":297,\"caption\":\"Fundaci\u00f3n Mutua de Propietarios\"},\"image\":{\"@id\":\"https:\\\/\\\/www.fundacionmdp.org\\\/#\\\/schema\\\/logo\\\/image\\\/\"}},{\"@type\":\"Person\",\"@id\":\"https:\\\/\\\/www.fundacionmdp.org\\\/#\\\/schema\\\/person\\\/12f9af801cac25dfcb5a96cb0090f703\",\"name\":\"fundacionmdp\",\"image\":{\"@type\":\"ImageObject\",\"inLanguage\":\"ca\",\"@id\":\"https:\\\/\\\/secure.gravatar.com\\\/avatar\\\/b540f93d1816a14d85e51109d050c3243b98fb660a665f517a6d2597cff3bbed?s=96&d=mm&r=g\",\"url\":\"https:\\\/\\\/secure.gravatar.com\\\/avatar\\\/b540f93d1816a14d85e51109d050c3243b98fb660a665f517a6d2597cff3bbed?s=96&d=mm&r=g\",\"contentUrl\":\"https:\\\/\\\/secure.gravatar.com\\\/avatar\\\/b540f93d1816a14d85e51109d050c3243b98fb660a665f517a6d2597cff3bbed?s=96&d=mm&r=g\",\"caption\":\"fundacionmdp\"},\"sameAs\":[\"http:\\\/\\\/prezuk.com.mialias.net\\\/fundacionmdp\"],\"url\":\"https:\\\/\\\/www.fundacionmdp.org\\\/ca\\\/author\\\/fundacionmdp\\\/\"}]}<\/script>\n<!-- \/ Yoast SEO plugin. -->","yoast_head_json":{"title":"OBERTA LA CONVOCAT\u00d2RIA D\u2019AJUDES \u2018SENSE BARRERES\u2019 PER A LA MILLORA DE L\u2019ACCESSIBILITAT DELS EDIFICIS D\u2019HABITATGES - Fundaci\u00f3n Mutua de Propietarios","robots":{"index":"index","follow":"follow","max-snippet":"max-snippet:-1","max-image-preview":"max-image-preview:large","max-video-preview":"max-video-preview:-1"},"canonical":"https:\/\/www.fundacionmdp.org\/abierta-la-convocatoria-de-ayudas-sin-barreras-para-la-mejora-de-la-accesibilidad-de-los-edificios-de-viviendas\/","og_locale":"ca_ES","og_type":"article","og_title":"OBERTA LA CONVOCAT\u00d2RIA D\u2019AJUDES \u2018SENSE BARRERES\u2019 PER A LA MILLORA DE L\u2019ACCESSIBILITAT DELS EDIFICIS D\u2019HABITATGES - Fundaci\u00f3n Mutua de Propietarios","og_description":"Desde 2018, el programa de la Fundaci\u00f3n Mutua de Propietarios ha entregado m\u00e1s de 745.000 euros de los que se han beneficiado 848 viviendas y 2.120 personas. El programa subvenciona parte del coste de las intervenciones para la eliminaci\u00f3n de barreras arquitect\u00f3nicas, as\u00ed como de los honorarios t\u00e9cnicos de la redacci\u00f3n del proyecto y la [&hellip;]","og_url":"https:\/\/www.fundacionmdp.org\/abierta-la-convocatoria-de-ayudas-sin-barreras-para-la-mejora-de-la-accesibilidad-de-los-edificios-de-viviendas\/","og_site_name":"Fundaci\u00f3n Mutua de Propietarios","article_published_time":"2022-03-15T14:02:00+00:00","article_modified_time":"2023-05-15T12:04:29+00:00","og_image":[{"width":940,"height":788,"url":"https:\/\/www.fundacionmdp.org\/wp-content\/uploads\/2023\/05\/Noticia_web_informeaccesibilidad1.png","type":"image\/png"}],"author":"fundacionmdp","twitter_card":"summary_large_image","twitter_misc":{"Escrit per":"fundacionmdp","Temps estimat de lectura":"2 minuts"},"schema":{"@context":"https:\/\/schema.org","@graph":[{"@type":"Article","@id":"https:\/\/www.fundacionmdp.org\/abierta-la-convocatoria-de-ayudas-sin-barreras-para-la-mejora-de-la-accesibilidad-de-los-edificios-de-viviendas\/#article","isPartOf":{"@id":"https:\/\/www.fundacionmdp.org\/abierta-la-convocatoria-de-ayudas-sin-barreras-para-la-mejora-de-la-accesibilidad-de-los-edificios-de-viviendas\/"},"author":{"name":"fundacionmdp","@id":"https:\/\/www.fundacionmdp.org\/#\/schema\/person\/12f9af801cac25dfcb5a96cb0090f703"},"headline":"OBERTA LA CONVOCAT\u00d2RIA D\u2019AJUDES \u2018SENSE BARRERES\u2019 PER A LA MILLORA DE L\u2019ACCESSIBILITAT DELS EDIFICIS D\u2019HABITATGES","datePublished":"2022-03-15T14:02:00+00:00","dateModified":"2023-05-15T12:04:29+00:00","mainEntityOfPage":{"@id":"https:\/\/www.fundacionmdp.org\/abierta-la-convocatoria-de-ayudas-sin-barreras-para-la-mejora-de-la-accesibilidad-de-los-edificios-de-viviendas\/"},"wordCount":478,"commentCount":0,"publisher":{"@id":"https:\/\/www.fundacionmdp.org\/#organization"},"image":{"@id":"https:\/\/www.fundacionmdp.org\/abierta-la-convocatoria-de-ayudas-sin-barreras-para-la-mejora-de-la-accesibilidad-de-los-edificios-de-viviendas\/#primaryimage"},"thumbnailUrl":"https:\/\/www.fundacionmdp.org\/wp-content\/uploads\/2023\/05\/Noticia_web_informeaccesibilidad1.png","articleSection":["Sin categorizar"],"inLanguage":"ca","potentialAction":[{"@type":"CommentAction","name":"Comment","target":["https:\/\/www.fundacionmdp.org\/abierta-la-convocatoria-de-ayudas-sin-barreras-para-la-mejora-de-la-accesibilidad-de-los-edificios-de-viviendas\/#respond"]}]},{"@type":"WebPage","@id":"https:\/\/www.fundacionmdp.org\/abierta-la-convocatoria-de-ayudas-sin-barreras-para-la-mejora-de-la-accesibilidad-de-los-edificios-de-viviendas\/","url":"https:\/\/www.fundacionmdp.org\/abierta-la-convocatoria-de-ayudas-sin-barreras-para-la-mejora-de-la-accesibilidad-de-los-edificios-de-viviendas\/","name":"OBERTA LA CONVOCAT\u00d2RIA D\u2019AJUDES \u2018SENSE BARRERES\u2019 PER A LA MILLORA DE L\u2019ACCESSIBILITAT DELS EDIFICIS D\u2019HABITATGES - Fundaci\u00f3n Mutua de Propietarios","isPartOf":{"@id":"https:\/\/www.fundacionmdp.org\/#website"},"primaryImageOfPage":{"@id":"https:\/\/www.fundacionmdp.org\/abierta-la-convocatoria-de-ayudas-sin-barreras-para-la-mejora-de-la-accesibilidad-de-los-edificios-de-viviendas\/#primaryimage"},"image":{"@id":"https:\/\/www.fundacionmdp.org\/abierta-la-convocatoria-de-ayudas-sin-barreras-para-la-mejora-de-la-accesibilidad-de-los-edificios-de-viviendas\/#primaryimage"},"thumbnailUrl":"https:\/\/www.fundacionmdp.org\/wp-content\/uploads\/2023\/05\/Noticia_web_informeaccesibilidad1.png","datePublished":"2022-03-15T14:02:00+00:00","dateModified":"2023-05-15T12:04:29+00:00","breadcrumb":{"@id":"https:\/\/www.fundacionmdp.org\/abierta-la-convocatoria-de-ayudas-sin-barreras-para-la-mejora-de-la-accesibilidad-de-los-edificios-de-viviendas\/#breadcrumb"},"inLanguage":"ca","potentialAction":[{"@type":"ReadAction","target":["https:\/\/www.fundacionmdp.org\/abierta-la-convocatoria-de-ayudas-sin-barreras-para-la-mejora-de-la-accesibilidad-de-los-edificios-de-viviendas\/"]}]},{"@type":"ImageObject","inLanguage":"ca","@id":"https:\/\/www.fundacionmdp.org\/abierta-la-convocatoria-de-ayudas-sin-barreras-para-la-mejora-de-la-accesibilidad-de-los-edificios-de-viviendas\/#primaryimage","url":"https:\/\/www.fundacionmdp.org\/wp-content\/uploads\/2023\/05\/Noticia_web_informeaccesibilidad1.png","contentUrl":"https:\/\/www.fundacionmdp.org\/wp-content\/uploads\/2023\/05\/Noticia_web_informeaccesibilidad1.png","width":940,"height":788},{"@type":"BreadcrumbList","@id":"https:\/\/www.fundacionmdp.org\/abierta-la-convocatoria-de-ayudas-sin-barreras-para-la-mejora-de-la-accesibilidad-de-los-edificios-de-viviendas\/#breadcrumb","itemListElement":[{"@type":"ListItem","position":1,"name":"Home","item":"https:\/\/www.fundacionmdp.org\/ca\/"},{"@type":"ListItem","position":2,"name":"OBERTA LA CONVOCAT\u00d2RIA D\u2019AJUDES \u2018SENSE BARRERES\u2019 PER A LA MILLORA DE L\u2019ACCESSIBILITAT DELS EDIFICIS D\u2019HABITATGES"}]},{"@type":"WebSite","@id":"https:\/\/www.fundacionmdp.org\/#website","url":"https:\/\/www.fundacionmdp.org\/","name":"Fundaci\u00f3n Mutua de Propietarios","description":"En la Fundaci\u00f3n Mutua de Propietarios te ayudamos a convertir tu edificio de viviendas en un espacio sin barreras arquitect\u00f3nicas.","publisher":{"@id":"https:\/\/www.fundacionmdp.org\/#organization"},"potentialAction":[{"@type":"SearchAction","target":{"@type":"EntryPoint","urlTemplate":"https:\/\/www.fundacionmdp.org\/?s={search_term_string}"},"query-input":{"@type":"PropertyValueSpecification","valueRequired":true,"valueName":"search_term_string"}}],"inLanguage":"ca"},{"@type":"Organization","@id":"https:\/\/www.fundacionmdp.org\/#organization","name":"Fundaci\u00f3n Mutua de Propietarios","url":"https:\/\/www.fundacionmdp.org\/","logo":{"@type":"ImageObject","inLanguage":"ca","@id":"https:\/\/www.fundacionmdp.org\/#\/schema\/logo\/image\/","url":"https:\/\/www.fundacionmdp.org\/wp-content\/uploads\/2023\/05\/logo_FMdP_cat.png","contentUrl":"https:\/\/www.fundacionmdp.org\/wp-content\/uploads\/2023\/05\/logo_FMdP_cat.png","width":655,"height":297,"caption":"Fundaci\u00f3n Mutua de Propietarios"},"image":{"@id":"https:\/\/www.fundacionmdp.org\/#\/schema\/logo\/image\/"}},{"@type":"Person","@id":"https:\/\/www.fundacionmdp.org\/#\/schema\/person\/12f9af801cac25dfcb5a96cb0090f703","name":"fundacionmdp","image":{"@type":"ImageObject","inLanguage":"ca","@id":"https:\/\/secure.gravatar.com\/avatar\/b540f93d1816a14d85e51109d050c3243b98fb660a665f517a6d2597cff3bbed?s=96&d=mm&r=g","url":"https:\/\/secure.gravatar.com\/avatar\/b540f93d1816a14d85e51109d050c3243b98fb660a665f517a6d2597cff3bbed?s=96&d=mm&r=g","contentUrl":"https:\/\/secure.gravatar.com\/avatar\/b540f93d1816a14d85e51109d050c3243b98fb660a665f517a6d2597cff3bbed?s=96&d=mm&r=g","caption":"fundacionmdp"},"sameAs":["http:\/\/prezuk.com.mialias.net\/fundacionmdp"],"url":"https:\/\/www.fundacionmdp.org\/ca\/author\/fundacionmdp\/"}]}},"_links":{"self":[{"href":"https:\/\/www.fundacionmdp.org\/ca\/wp-json\/wp\/v2\/posts\/7412","targetHints":{"allow":["GET"]}}],"collection":[{"href":"https:\/\/www.fundacionmdp.org\/ca\/wp-json\/wp\/v2\/posts"}],"about":[{"href":"https:\/\/www.fundacionmdp.org\/ca\/wp-json\/wp\/v2\/types\/post"}],"author":[{"embeddable":true,"href":"https:\/\/www.fundacionmdp.org\/ca\/wp-json\/wp\/v2\/users\/1"}],"replies":[{"embeddable":true,"href":"https:\/\/www.fundacionmdp.org\/ca\/wp-json\/wp\/v2\/comments?post=7412"}],"version-history":[{"count":4,"href":"https:\/\/www.fundacionmdp.org\/ca\/wp-json\/wp\/v2\/posts\/7412\/revisions"}],"predecessor-version":[{"id":7416,"href":"https:\/\/www.fundacionmdp.org\/ca\/wp-json\/wp\/v2\/posts\/7412\/revisions\/7416"}],"wp:featuredmedia":[{"embeddable":true,"href":"https:\/\/www.fundacionmdp.org\/ca\/wp-json\/wp\/v2\/media\/6575"}],"wp:attachment":[{"href":"https:\/\/www.fundacionmdp.org\/ca\/wp-json\/wp\/v2\/media?parent=7412"}],"wp:term":[{"taxonomy":"category","embeddable":true,"href":"https:\/\/www.fundacionmdp.org\/ca\/wp-json\/wp\/v2\/categories?post=7412"},{"taxonomy":"post_tag","embeddable":true,"href":"https:\/\/www.fundacionmdp.org\/ca\/wp-json\/wp\/v2\/tags?post=7412"}],"curies":[{"name":"wp","href":"https:\/\/api.w.org\/{rel}","templated":true}]}}