{"id":7417,"date":"2022-06-13T14:05:00","date_gmt":"2022-06-13T14:05:00","guid":{"rendered":"http:\/\/prezuk.com.mialias.net\/fundacionmdp\/els-espanyols-situen-linici-de-la-vellesa-als-74-anys-i-un-de-cada-tres-es-mostra-molt-preocupat-pel-seu-futur-durant-aquest-periode\/"},"modified":"2023-05-15T12:11:24","modified_gmt":"2023-05-15T12:11:24","slug":"els-espanyols-situen-linici-de-la-vellesa-als-74-anys-i-un-de-cada-tres-es-mostra-molt-preocupat-pel-seu-futur-durant-aquest-periode","status":"publish","type":"post","link":"https:\/\/www.fundacionmdp.org\/ca\/els-espanyols-situen-linici-de-la-vellesa-als-74-anys-i-un-de-cada-tres-es-mostra-molt-preocupat-pel-seu-futur-durant-aquest-periode\/","title":{"rendered":"ELS ESPANYOLS SITUEN L\u2019INICI DE LA VELLESA ALS 74 ANYS, I UN DE CADA TRES ES MOSTRA MOLT PREOCUPAT PEL SEU FUTUR DURANT AQUEST PER\u00cdODE"},"content":{"rendered":"\t\t<div data-elementor-type=\"wp-post\" data-elementor-id=\"7417\" class=\"elementor elementor-7417 elementor-2608\">\n\t\t\t\t<div class=\"elementor-element elementor-element-89c920e e-flex e-con-boxed e-con e-parent\" data-id=\"89c920e\" data-element_type=\"container\" data-e-type=\"container\">\n\t\t\t\t\t<div class=\"e-con-inner\">\n\t\t\t\t<div class=\"elementor-element elementor-element-b7c3f9a elementor-widget elementor-widget-text-editor\" data-id=\"b7c3f9a\" data-element_type=\"widget\" data-e-type=\"widget\" data-widget_type=\"text-editor.default\">\n\t\t\t\t<div class=\"elementor-widget-container\">\n\t\t\t\t\t\t\t\t\t<ul><li><strong>Les situacions que m\u00e9s preocupen s\u00f3n tenir problemes de mobilitat (68%), patir una malaltia cr\u00f2nica (67%) i no disposar de diners per a viure (59%)<\/strong><\/li><li><strong>Gaireb\u00e9 un 40% de la gent gran te alguna dificultat per a arribar a fi de mes amb els ingressos de la llar i un 43% tindria dificultats per a afrontar les despeses imprevistes<\/strong><\/li><li><strong>\u00a0L\u2019accessibilitat del propi habitatge \u00e9s priorit\u00e0ria, per\u00f2 el 51% dels habitatges estan poc o gens adaptats.<\/strong><\/li><\/ul><p>Estem preparats per a afrontar la vellesa? Quins s\u00f3n els assumptes que ens preocupen del nostre futur? Quan ens considerem persones \u2018grans\u2019? D\u2019acord amb l\u2019estudi \u201cPreocupacions davant la pr\u00f2xima vellesa\u201d realitzat per la Fundaci\u00f3 Mutua de Propietarios, els espanyols situem l\u2019inici d\u2019aquest per\u00edode als 74 anys, una edat que varia en funci\u00f3 de la perspectiva de vida: per als menors de 25 anys, aquest per\u00edode comen\u00e7a als 69 anys mentre que per a les persones de 65 a 74 anys, als 78 anys.<\/p><p>L\u2019Institut Nacional d\u2019Estad\u00edstica (INE) calcula que el percentatge de la poblaci\u00f3 major de 70 anys a Espanya, que a l\u2019any 2020 se situava al 14,4% del total de la poblaci\u00f3, aconseguiria un m\u00e0xim hist\u00f2ric del 25,3% cap al 2055.<\/p><p>\u201cLa vellesa \u00e9s l\u2019\u00faltima etapa de la vida i \u00e9s un fet que les persones som cada cop m\u00e9s longeves. Per tant, tenim el repte de preparar-nos i adaptar el nostre entorn per a afrontar aquesta etapa i les seves noves\u00a0\u00a0 necessitats amb la millor qualitat de vida possible\u201d, explica Laura L\u00f3pez Demarbre, vicepresidenta executiva de la Fundaci\u00f3 Mutua de Propietarios, que el seu informe ha analitzat les preocupacions i percepcions sobre la vellesa des de dues visions complement\u00e0ries: d\u2019una banda, la dels qui conviuen amb familiars de m\u00e9s de 75 anys i, per l\u2019altre, la dels qui projecten la seva futura vellesa.<\/p><p>Per\u00f2 realment pensem en el moment de passar la barrera dels 75 anys? El 36% dels espanyols afirma que mai ho fa, encara que aquest percentatge s\u2019eleva fins al 46% en el cas de les persones sense parents grans. Per altra banda, un 12% admet que pensa en aquest moment \u201csovint\u201d i un 52% assegura que \u201calguna vegada\u201d.<\/p><p>Una vegada conscienciats sobre el nostre futur, l\u2019informe de la Fundaci\u00f3 Mutua de Propietarios destaca que 1 de cada 3 espanyols est\u00e0 molt o bastant preocupat per la seva vellesa, encara que la majoria (43%) es mostra poc o gens preocupat i un 11% ni tan sols pensa en aix\u00f2. \u00c9s destacable<\/p><p>que els m\u00e9s joves (18 a 24 anys) i els m\u00e9s grans (65 a 74 anys) s\u00f3n els que mostren un grau de preocupaci\u00f3 menor. En aquest aspecte, tenir a la fam\u00edlia a persones m\u00e9s grans de 75 anys provoca una major preocupaci\u00f3 per les conseq\u00fc\u00e8ncies d\u2019arribar a la vellesa i \u00e9s que, \u201ccon\u00e8ixer la realitat de la nostra gent gran de prop \u00e9s un element sensibilitzador cap a les situacions que ells viuen\u201d, assenyala L\u00f3pez Demarbre.<\/p><p><strong><em>Mobilitat, malaltia i economia, el que m\u00e9s preocupa<\/em><\/strong><\/p><p>Si b\u00e9 la majoria dels espanyols considera indiscutible la import\u00e0ncia de cuidar-se per a arribar a la vellesa amb una millor qualitat de vida, tamb\u00e9 reconeixen que la deterioraci\u00f3 acaba sent inevitable. En aquest marc, l\u2019informe de la Fundaci\u00f3 Mutua de Propietarios revela que les situacions que m\u00e9s preocupen s\u00f3n tenir<\/p><p>problemes de mobilitat (68%), patir una malaltia cr\u00f2nica (67%) i no disposar de diners per a viure (59%).<\/p><p><img fetchpriority=\"high\" decoding=\"async\" class=\"wp-image-6128 alignnone\" src=\"https:\/\/www.fundacionmdp.org\/wp-content\/uploads\/2023\/05\/graf_1.png\" alt=\"\" width=\"583\" height=\"350\" \/><\/p><p>En relaci\u00f3 als que es mostren preocupats per la seva mobilitat en un futur, el 53% esmenta la necessitat de comptar amb una casa accessible, ja que, d\u2019acord amb l\u2019informe de la Fundaci\u00f3 Mutua de Propietarios, un 51% dels habitatges est\u00e0 poc o gens adaptat. Portes autom\u00e0tiques (53%), s\u00f2ls antilliscants (43%) i rampes (38%) s\u00f3n els elements no disponibles que podrien ser m\u00e9s necessaris per a millorar la mobilitat. Per contra, l\u2019ascensor (58%) o el plat de dutxa (57%) s\u00f3n els elements que la majoria, o b\u00e9 ja en tenen, o b\u00e9 consideren que no \u00e9s necessari.<\/p><p><img decoding=\"async\" class=\"wp-image-6134 alignnone\" src=\"https:\/\/www.fundacionmdp.org\/wp-content\/uploads\/2023\/05\/graf_2-768x357-1.png\" alt=\"\" width=\"707\" height=\"375\" \/><\/p><p>En aquest apartat de l\u2019accessibilitat a l\u2019habitatge, l\u2019estudi percep una clara conscienciaci\u00f3 a l\u2019hora d\u2019adaptar l\u2019habitatge conforme m\u00e9s edat tens per a anticipar-se a les no tan futures necessitats. Com exemple, entre les persones de 64 a 75 anys un 65% tenen disponible el plat de dutxa; mentre que aquest indicador baixa al 41% entre el grup de 18 a 24 anys. El mateix passa amb l\u2019ascensor: el 49% del grup entre 65 i 74 anys assegura tenir-lo disponible, front del 40% del grup d\u2019entre 25 i 34 anys.<\/p><p><strong><em>Arribar a fi de mes, la gran dificultat<\/em><\/strong><\/p><p>L\u2019estudi \u201cPreocupacions davant la pr\u00f2xima vellesa\u201d alerta que gaireb\u00e9 un 40% dels m\u00e9s grans de 75 anys tenen alguna dificultat per a arribar a fi de mes amb els ingressos de la llar, encara que sigui ocasionalment; un 43% t\u00e9 dificultats per a afrontar despeses imprevistes i un 42% no pot marxar de vacances una setmana.<\/p><p>D\u2019altra banda, i malgrat que pugui semblar el contrari, l\u2019estudi de la Fundaci\u00f3 Mutua de Propietarios apunta que el fet de viure amb els fills no suposa una millor economia per a les persones grans, un comportament que podria atribuir-se al fet que el motiu per a tornar a viure amb els seus pares s\u00f3n les dificultats econ\u00f2miques per a tenir la seva pr\u00f2pia llar i, per aquest motiu, \u201cl\u2019economia d\u2019aquests fills no suma, sin\u00f3 que \u00e9s l\u2019economia de les persones grans que es reparteix entre tots membres de la llar\u201d, explica L\u00f3pez Demarbre.<\/p><p><strong><em>El Govern, responsable de la qualitat de vida dels majors<\/em><\/strong><\/p><p>Finalment, l\u2019informe \u201cPreocupacions davant una pr\u00f2xima vellesa\u201d analitza qui deu responsabilitz\u00e9s de la qualitat de vida dels nostres majors i, en aquest punt, els espanyols assenyalen al Govern com a responsable en un 42%, una ajuda que d\u2019altra banda es reconeix pagada durant la vida laboral.<\/p><p>No obstant aix\u00f2, malgrat l\u2019elevada responsabilitat assignada a l\u2019Estat, els espanyols no s\u2019obliden tampoc de les responsabilitats individuals dels propis majors (27 punts de 100) i les de les seves fam\u00edlies (23 punts de 100).<\/p><p>\u201c\u00c9s destacable que les persones majors no s\u00f3n percebudes com una c\u00e0rrega ni per al sistema ni per a l\u2019entorn social o familiar, sin\u00f3 m\u00e9s aviat el contrari. De fet, es reconeix positivament el paper que les persones majors realitzen en el si de les seves fam\u00edlies, tant en el terreny del suport familiar com del suport econ\u00f2mic\u201d, conclou la vicepresidenta executiva de la Fundaci\u00f3 Mutua de Propietarios.<\/p><p>\u201c\u00c9s destacable que les persones grans no s\u00f3n percebudes com una c\u00e0rrega ni per al sistema ni per a l\u2019entorn social o familiar, sin\u00f3 m\u00e9s aviat al contrari. De fet, es reconeix positivament el paper que les persones grans realitzen en el si de les seves fam\u00edlies, tant en el terreny del suport familiar com del suport econ\u00f2mic\u201d, conclou la vicepresidenta executiva de la Fundaci\u00f3 Mutua de Propietarios.<\/p><p><strong>EN QUINA PROPORCI\u00d3 LES INSTITUCIONS HAURIEN DE GARANTIR LA QUALITAT DE VIDA DE LES PERSONES GRANS?<\/strong><\/p>\t\t\t\t\t\t\t\t<\/div>\n\t\t\t\t<\/div>\n\t\t\t\t\t<\/div>\n\t\t\t\t<\/div>\n\t\t<div class=\"elementor-element elementor-element-2c5827f e-flex e-con-boxed e-con e-parent\" data-id=\"2c5827f\" data-element_type=\"container\" data-e-type=\"container\">\n\t\t\t\t\t<div class=\"e-con-inner\">\n\t\t\t\t<div class=\"elementor-element elementor-element-0061d82 elementor-widget elementor-widget-image\" data-id=\"0061d82\" data-element_type=\"widget\" data-e-type=\"widget\" data-widget_type=\"image.default\">\n\t\t\t\t<div class=\"elementor-widget-container\">\n\t\t\t\t\t\t\t\t\t\t\t\t\t\t\t<img decoding=\"async\" width=\"304\" height=\"264\" src=\"https:\/\/www.fundacionmdp.org\/wp-content\/uploads\/2022\/06\/imatge_2022-06-13_121543341.png\" class=\"attachment-large size-large wp-image-7424\" alt=\"\" srcset=\"https:\/\/www.fundacionmdp.org\/wp-content\/uploads\/2022\/06\/imatge_2022-06-13_121543341.png 304w, https:\/\/www.fundacionmdp.org\/wp-content\/uploads\/2022\/06\/imatge_2022-06-13_121543341-300x261.png 300w\" sizes=\"(max-width: 304px) 100vw, 304px\" \/>\t\t\t\t\t\t\t\t\t\t\t\t\t\t\t<\/div>\n\t\t\t\t<\/div>\n\t\t\t\t\t<\/div>\n\t\t\t\t<\/div>\n\t\t\t\t<\/div>\n\t\t","protected":false},"excerpt":{"rendered":"<p>Les situacions que m\u00e9s preocupen s\u00f3n tenir problemes de mobilitat (68%), patir una malaltia cr\u00f2nica (67%) i no disposar de diners per a viure (59%) Gaireb\u00e9 un 40% de la gent gran te alguna dificultat per a arribar a fi de mes amb els ingressos de la llar i un 43% tindria dificultats per a [&hellip;]<\/p>\n","protected":false},"author":1,"featured_media":6577,"comment_status":"open","ping_status":"open","sticky":false,"template":"","format":"standard","meta":{"_acf_changed":false,"ocean_post_layout":"","ocean_both_sidebars_style":"","ocean_both_sidebars_content_width":0,"ocean_both_sidebars_sidebars_width":0,"ocean_sidebar":"0","ocean_second_sidebar":"0","ocean_disable_margins":"enable","ocean_add_body_class":"","ocean_shortcode_before_top_bar":"","ocean_shortcode_after_top_bar":"","ocean_shortcode_before_header":"","ocean_shortcode_after_header":"","ocean_has_shortcode":"","ocean_shortcode_after_title":"","ocean_shortcode_before_footer_widgets":"","ocean_shortcode_after_footer_widgets":"","ocean_shortcode_before_footer_bottom":"","ocean_shortcode_after_footer_bottom":"","ocean_display_top_bar":"default","ocean_display_header":"default","ocean_header_style":"","ocean_center_header_left_menu":"0","ocean_custom_header_template":"0","ocean_custom_logo":0,"ocean_custom_retina_logo":0,"ocean_custom_logo_max_width":0,"ocean_custom_logo_tablet_max_width":0,"ocean_custom_logo_mobile_max_width":0,"ocean_custom_logo_max_height":0,"ocean_custom_logo_tablet_max_height":0,"ocean_custom_logo_mobile_max_height":0,"ocean_header_custom_menu":"0","ocean_menu_typo_font_family":"0","ocean_menu_typo_font_subset":"","ocean_menu_typo_font_size":0,"ocean_menu_typo_font_size_tablet":0,"ocean_menu_typo_font_size_mobile":0,"ocean_menu_typo_font_size_unit":"px","ocean_menu_typo_font_weight":"","ocean_menu_typo_font_weight_tablet":"","ocean_menu_typo_font_weight_mobile":"","ocean_menu_typo_transform":"","ocean_menu_typo_transform_tablet":"","ocean_menu_typo_transform_mobile":"","ocean_menu_typo_line_height":0,"ocean_menu_typo_line_height_tablet":0,"ocean_menu_typo_line_height_mobile":0,"ocean_menu_typo_line_height_unit":"","ocean_menu_typo_spacing":0,"ocean_menu_typo_spacing_tablet":0,"ocean_menu_typo_spacing_mobile":0,"ocean_menu_typo_spacing_unit":"","ocean_menu_link_color":"","ocean_menu_link_color_hover":"","ocean_menu_link_color_active":"","ocean_menu_link_background":"","ocean_menu_link_hover_background":"","ocean_menu_link_active_background":"","ocean_menu_social_links_bg":"","ocean_menu_social_hover_links_bg":"","ocean_menu_social_links_color":"","ocean_menu_social_hover_links_color":"","ocean_disable_title":"default","ocean_disable_heading":"default","ocean_post_title":"","ocean_post_subheading":"","ocean_post_title_style":"","ocean_post_title_background_color":"","ocean_post_title_background":0,"ocean_post_title_bg_image_position":"","ocean_post_title_bg_image_attachment":"","ocean_post_title_bg_image_repeat":"","ocean_post_title_bg_image_size":"","ocean_post_title_height":0,"ocean_post_title_bg_overlay":0.5,"ocean_post_title_bg_overlay_color":"","ocean_disable_breadcrumbs":"default","ocean_breadcrumbs_color":"","ocean_breadcrumbs_separator_color":"","ocean_breadcrumbs_links_color":"","ocean_breadcrumbs_links_hover_color":"","ocean_display_footer_widgets":"default","ocean_display_footer_bottom":"default","ocean_custom_footer_template":"0","ocean_post_oembed":"","ocean_post_self_hosted_media":"","ocean_post_video_embed":"","ocean_link_format":"","ocean_link_format_target":"self","ocean_quote_format":"","ocean_quote_format_link":"post","ocean_gallery_link_images":"on","ocean_gallery_id":[],"footnotes":""},"categories":[1],"tags":[],"class_list":["post-7417","post","type-post","status-publish","format-standard","has-post-thumbnail","hentry","category-sin-categorizar","entry","has-media"],"acf":[],"yoast_head":"<!-- This site is optimized with the Yoast SEO plugin v27.3 - https:\/\/yoast.com\/product\/yoast-seo-wordpress\/ -->\n<title>ELS ESPANYOLS SITUEN L\u2019INICI DE LA VELLESA ALS 74 ANYS, I UN DE CADA TRES ES MOSTRA MOLT PREOCUPAT PEL SEU FUTUR DURANT AQUEST PER\u00cdODE - Fundaci\u00f3n Mutua de Propietarios<\/title>\n<meta name=\"robots\" content=\"index, follow, max-snippet:-1, max-image-preview:large, max-video-preview:-1\" \/>\n<link rel=\"canonical\" href=\"https:\/\/www.fundacionmdp.org\/ca\/els-espanyols-situen-linici-de-la-vellesa-als-74-anys-i-un-de-cada-tres-es-mostra-molt-preocupat-pel-seu-futur-durant-aquest-periode\/\" \/>\n<meta property=\"og:locale\" content=\"ca_ES\" \/>\n<meta property=\"og:type\" content=\"article\" \/>\n<meta property=\"og:title\" content=\"ELS ESPANYOLS SITUEN L\u2019INICI DE LA VELLESA ALS 74 ANYS, I UN DE CADA TRES ES MOSTRA MOLT PREOCUPAT PEL SEU FUTUR DURANT AQUEST PER\u00cdODE - Fundaci\u00f3n Mutua de Propietarios\" \/>\n<meta property=\"og:description\" content=\"Les situacions que m\u00e9s preocupen s\u00f3n tenir problemes de mobilitat (68%), patir una malaltia cr\u00f2nica (67%) i no disposar de diners per a viure (59%) Gaireb\u00e9 un 40% de la gent gran te alguna dificultat per a arribar a fi de mes amb els ingressos de la llar i un 43% tindria dificultats per a [&hellip;]\" \/>\n<meta property=\"og:url\" content=\"https:\/\/www.fundacionmdp.org\/ca\/els-espanyols-situen-linici-de-la-vellesa-als-74-anys-i-un-de-cada-tres-es-mostra-molt-preocupat-pel-seu-futur-durant-aquest-periode\/\" \/>\n<meta property=\"og:site_name\" content=\"Fundaci\u00f3n Mutua de Propietarios\" \/>\n<meta property=\"article:published_time\" content=\"2022-06-13T14:05:00+00:00\" \/>\n<meta property=\"article:modified_time\" content=\"2023-05-15T12:11:24+00:00\" \/>\n<meta property=\"og:image\" content=\"https:\/\/www.fundacionmdp.org\/wp-content\/uploads\/2023\/05\/image-10.png\" \/>\n\t<meta property=\"og:image:width\" content=\"640\" \/>\n\t<meta property=\"og:image:height\" content=\"426\" \/>\n\t<meta property=\"og:image:type\" content=\"image\/png\" \/>\n<meta name=\"author\" content=\"fundacionmdp\" \/>\n<meta name=\"twitter:card\" content=\"summary_large_image\" \/>\n<meta name=\"twitter:label1\" content=\"Escrit per\" \/>\n\t<meta name=\"twitter:data1\" content=\"fundacionmdp\" \/>\n\t<meta name=\"twitter:label2\" content=\"Temps estimat de lectura\" \/>\n\t<meta name=\"twitter:data2\" content=\"6 minuts\" \/>\n<script type=\"application\/ld+json\" class=\"yoast-schema-graph\">{\"@context\":\"https:\\\/\\\/schema.org\",\"@graph\":[{\"@type\":\"Article\",\"@id\":\"https:\\\/\\\/www.fundacionmdp.org\\\/ca\\\/els-espanyols-situen-linici-de-la-vellesa-als-74-anys-i-un-de-cada-tres-es-mostra-molt-preocupat-pel-seu-futur-durant-aquest-periode\\\/#article\",\"isPartOf\":{\"@id\":\"https:\\\/\\\/www.fundacionmdp.org\\\/ca\\\/els-espanyols-situen-linici-de-la-vellesa-als-74-anys-i-un-de-cada-tres-es-mostra-molt-preocupat-pel-seu-futur-durant-aquest-periode\\\/\"},\"author\":{\"name\":\"fundacionmdp\",\"@id\":\"https:\\\/\\\/www.fundacionmdp.org\\\/#\\\/schema\\\/person\\\/12f9af801cac25dfcb5a96cb0090f703\"},\"headline\":\"ELS ESPANYOLS SITUEN L\u2019INICI DE LA VELLESA ALS 74 ANYS, I UN DE CADA TRES ES MOSTRA MOLT PREOCUPAT PEL SEU FUTUR DURANT AQUEST PER\u00cdODE\",\"datePublished\":\"2022-06-13T14:05:00+00:00\",\"dateModified\":\"2023-05-15T12:11:24+00:00\",\"mainEntityOfPage\":{\"@id\":\"https:\\\/\\\/www.fundacionmdp.org\\\/ca\\\/els-espanyols-situen-linici-de-la-vellesa-als-74-anys-i-un-de-cada-tres-es-mostra-molt-preocupat-pel-seu-futur-durant-aquest-periode\\\/\"},\"wordCount\":1207,\"commentCount\":0,\"publisher\":{\"@id\":\"https:\\\/\\\/www.fundacionmdp.org\\\/#organization\"},\"image\":{\"@id\":\"https:\\\/\\\/www.fundacionmdp.org\\\/ca\\\/els-espanyols-situen-linici-de-la-vellesa-als-74-anys-i-un-de-cada-tres-es-mostra-molt-preocupat-pel-seu-futur-durant-aquest-periode\\\/#primaryimage\"},\"thumbnailUrl\":\"https:\\\/\\\/www.fundacionmdp.org\\\/wp-content\\\/uploads\\\/2023\\\/05\\\/image-10.png\",\"articleSection\":[\"Sin categorizar\"],\"inLanguage\":\"ca\",\"potentialAction\":[{\"@type\":\"CommentAction\",\"name\":\"Comment\",\"target\":[\"https:\\\/\\\/www.fundacionmdp.org\\\/ca\\\/els-espanyols-situen-linici-de-la-vellesa-als-74-anys-i-un-de-cada-tres-es-mostra-molt-preocupat-pel-seu-futur-durant-aquest-periode\\\/#respond\"]}]},{\"@type\":\"WebPage\",\"@id\":\"https:\\\/\\\/www.fundacionmdp.org\\\/ca\\\/els-espanyols-situen-linici-de-la-vellesa-als-74-anys-i-un-de-cada-tres-es-mostra-molt-preocupat-pel-seu-futur-durant-aquest-periode\\\/\",\"url\":\"https:\\\/\\\/www.fundacionmdp.org\\\/ca\\\/els-espanyols-situen-linici-de-la-vellesa-als-74-anys-i-un-de-cada-tres-es-mostra-molt-preocupat-pel-seu-futur-durant-aquest-periode\\\/\",\"name\":\"ELS ESPANYOLS SITUEN L\u2019INICI DE LA VELLESA ALS 74 ANYS, I UN DE CADA TRES ES MOSTRA MOLT PREOCUPAT PEL SEU FUTUR DURANT AQUEST PER\u00cdODE - Fundaci\u00f3n Mutua de Propietarios\",\"isPartOf\":{\"@id\":\"https:\\\/\\\/www.fundacionmdp.org\\\/#website\"},\"primaryImageOfPage\":{\"@id\":\"https:\\\/\\\/www.fundacionmdp.org\\\/ca\\\/els-espanyols-situen-linici-de-la-vellesa-als-74-anys-i-un-de-cada-tres-es-mostra-molt-preocupat-pel-seu-futur-durant-aquest-periode\\\/#primaryimage\"},\"image\":{\"@id\":\"https:\\\/\\\/www.fundacionmdp.org\\\/ca\\\/els-espanyols-situen-linici-de-la-vellesa-als-74-anys-i-un-de-cada-tres-es-mostra-molt-preocupat-pel-seu-futur-durant-aquest-periode\\\/#primaryimage\"},\"thumbnailUrl\":\"https:\\\/\\\/www.fundacionmdp.org\\\/wp-content\\\/uploads\\\/2023\\\/05\\\/image-10.png\",\"datePublished\":\"2022-06-13T14:05:00+00:00\",\"dateModified\":\"2023-05-15T12:11:24+00:00\",\"breadcrumb\":{\"@id\":\"https:\\\/\\\/www.fundacionmdp.org\\\/ca\\\/els-espanyols-situen-linici-de-la-vellesa-als-74-anys-i-un-de-cada-tres-es-mostra-molt-preocupat-pel-seu-futur-durant-aquest-periode\\\/#breadcrumb\"},\"inLanguage\":\"ca\",\"potentialAction\":[{\"@type\":\"ReadAction\",\"target\":[\"https:\\\/\\\/www.fundacionmdp.org\\\/ca\\\/els-espanyols-situen-linici-de-la-vellesa-als-74-anys-i-un-de-cada-tres-es-mostra-molt-preocupat-pel-seu-futur-durant-aquest-periode\\\/\"]}]},{\"@type\":\"ImageObject\",\"inLanguage\":\"ca\",\"@id\":\"https:\\\/\\\/www.fundacionmdp.org\\\/ca\\\/els-espanyols-situen-linici-de-la-vellesa-als-74-anys-i-un-de-cada-tres-es-mostra-molt-preocupat-pel-seu-futur-durant-aquest-periode\\\/#primaryimage\",\"url\":\"https:\\\/\\\/www.fundacionmdp.org\\\/wp-content\\\/uploads\\\/2023\\\/05\\\/image-10.png\",\"contentUrl\":\"https:\\\/\\\/www.fundacionmdp.org\\\/wp-content\\\/uploads\\\/2023\\\/05\\\/image-10.png\",\"width\":640,\"height\":426},{\"@type\":\"BreadcrumbList\",\"@id\":\"https:\\\/\\\/www.fundacionmdp.org\\\/ca\\\/els-espanyols-situen-linici-de-la-vellesa-als-74-anys-i-un-de-cada-tres-es-mostra-molt-preocupat-pel-seu-futur-durant-aquest-periode\\\/#breadcrumb\",\"itemListElement\":[{\"@type\":\"ListItem\",\"position\":1,\"name\":\"Home\",\"item\":\"https:\\\/\\\/www.fundacionmdp.org\\\/ca\\\/\"},{\"@type\":\"ListItem\",\"position\":2,\"name\":\"ELS ESPANYOLS SITUEN L\u2019INICI DE LA VELLESA ALS 74 ANYS, I UN DE CADA TRES ES MOSTRA MOLT PREOCUPAT PEL SEU FUTUR DURANT AQUEST PER\u00cdODE\"}]},{\"@type\":\"WebSite\",\"@id\":\"https:\\\/\\\/www.fundacionmdp.org\\\/#website\",\"url\":\"https:\\\/\\\/www.fundacionmdp.org\\\/\",\"name\":\"Fundaci\u00f3n Mutua de Propietarios\",\"description\":\"En la Fundaci\u00f3n Mutua de Propietarios te ayudamos a convertir tu edificio de viviendas en un espacio sin barreras arquitect\u00f3nicas.\",\"publisher\":{\"@id\":\"https:\\\/\\\/www.fundacionmdp.org\\\/#organization\"},\"potentialAction\":[{\"@type\":\"SearchAction\",\"target\":{\"@type\":\"EntryPoint\",\"urlTemplate\":\"https:\\\/\\\/www.fundacionmdp.org\\\/?s={search_term_string}\"},\"query-input\":{\"@type\":\"PropertyValueSpecification\",\"valueRequired\":true,\"valueName\":\"search_term_string\"}}],\"inLanguage\":\"ca\"},{\"@type\":\"Organization\",\"@id\":\"https:\\\/\\\/www.fundacionmdp.org\\\/#organization\",\"name\":\"Fundaci\u00f3n Mutua de Propietarios\",\"url\":\"https:\\\/\\\/www.fundacionmdp.org\\\/\",\"logo\":{\"@type\":\"ImageObject\",\"inLanguage\":\"ca\",\"@id\":\"https:\\\/\\\/www.fundacionmdp.org\\\/#\\\/schema\\\/logo\\\/image\\\/\",\"url\":\"https:\\\/\\\/www.fundacionmdp.org\\\/wp-content\\\/uploads\\\/2023\\\/05\\\/logo_FMdP_cat.png\",\"contentUrl\":\"https:\\\/\\\/www.fundacionmdp.org\\\/wp-content\\\/uploads\\\/2023\\\/05\\\/logo_FMdP_cat.png\",\"width\":655,\"height\":297,\"caption\":\"Fundaci\u00f3n Mutua de Propietarios\"},\"image\":{\"@id\":\"https:\\\/\\\/www.fundacionmdp.org\\\/#\\\/schema\\\/logo\\\/image\\\/\"}},{\"@type\":\"Person\",\"@id\":\"https:\\\/\\\/www.fundacionmdp.org\\\/#\\\/schema\\\/person\\\/12f9af801cac25dfcb5a96cb0090f703\",\"name\":\"fundacionmdp\",\"image\":{\"@type\":\"ImageObject\",\"inLanguage\":\"ca\",\"@id\":\"https:\\\/\\\/secure.gravatar.com\\\/avatar\\\/b540f93d1816a14d85e51109d050c3243b98fb660a665f517a6d2597cff3bbed?s=96&d=mm&r=g\",\"url\":\"https:\\\/\\\/secure.gravatar.com\\\/avatar\\\/b540f93d1816a14d85e51109d050c3243b98fb660a665f517a6d2597cff3bbed?s=96&d=mm&r=g\",\"contentUrl\":\"https:\\\/\\\/secure.gravatar.com\\\/avatar\\\/b540f93d1816a14d85e51109d050c3243b98fb660a665f517a6d2597cff3bbed?s=96&d=mm&r=g\",\"caption\":\"fundacionmdp\"},\"sameAs\":[\"http:\\\/\\\/prezuk.com.mialias.net\\\/fundacionmdp\"],\"url\":\"https:\\\/\\\/www.fundacionmdp.org\\\/ca\\\/author\\\/fundacionmdp\\\/\"}]}<\/script>\n<!-- \/ Yoast SEO plugin. -->","yoast_head_json":{"title":"ELS ESPANYOLS SITUEN L\u2019INICI DE LA VELLESA ALS 74 ANYS, I UN DE CADA TRES ES MOSTRA MOLT PREOCUPAT PEL SEU FUTUR DURANT AQUEST PER\u00cdODE - Fundaci\u00f3n Mutua de Propietarios","robots":{"index":"index","follow":"follow","max-snippet":"max-snippet:-1","max-image-preview":"max-image-preview:large","max-video-preview":"max-video-preview:-1"},"canonical":"https:\/\/www.fundacionmdp.org\/ca\/els-espanyols-situen-linici-de-la-vellesa-als-74-anys-i-un-de-cada-tres-es-mostra-molt-preocupat-pel-seu-futur-durant-aquest-periode\/","og_locale":"ca_ES","og_type":"article","og_title":"ELS ESPANYOLS SITUEN L\u2019INICI DE LA VELLESA ALS 74 ANYS, I UN DE CADA TRES ES MOSTRA MOLT PREOCUPAT PEL SEU FUTUR DURANT AQUEST PER\u00cdODE - Fundaci\u00f3n Mutua de Propietarios","og_description":"Les situacions que m\u00e9s preocupen s\u00f3n tenir problemes de mobilitat (68%), patir una malaltia cr\u00f2nica (67%) i no disposar de diners per a viure (59%) Gaireb\u00e9 un 40% de la gent gran te alguna dificultat per a arribar a fi de mes amb els ingressos de la llar i un 43% tindria dificultats per a [&hellip;]","og_url":"https:\/\/www.fundacionmdp.org\/ca\/els-espanyols-situen-linici-de-la-vellesa-als-74-anys-i-un-de-cada-tres-es-mostra-molt-preocupat-pel-seu-futur-durant-aquest-periode\/","og_site_name":"Fundaci\u00f3n Mutua de Propietarios","article_published_time":"2022-06-13T14:05:00+00:00","article_modified_time":"2023-05-15T12:11:24+00:00","og_image":[{"width":640,"height":426,"url":"https:\/\/www.fundacionmdp.org\/wp-content\/uploads\/2023\/05\/image-10.png","type":"image\/png"}],"author":"fundacionmdp","twitter_card":"summary_large_image","twitter_misc":{"Escrit per":"fundacionmdp","Temps estimat de lectura":"6 minuts"},"schema":{"@context":"https:\/\/schema.org","@graph":[{"@type":"Article","@id":"https:\/\/www.fundacionmdp.org\/ca\/els-espanyols-situen-linici-de-la-vellesa-als-74-anys-i-un-de-cada-tres-es-mostra-molt-preocupat-pel-seu-futur-durant-aquest-periode\/#article","isPartOf":{"@id":"https:\/\/www.fundacionmdp.org\/ca\/els-espanyols-situen-linici-de-la-vellesa-als-74-anys-i-un-de-cada-tres-es-mostra-molt-preocupat-pel-seu-futur-durant-aquest-periode\/"},"author":{"name":"fundacionmdp","@id":"https:\/\/www.fundacionmdp.org\/#\/schema\/person\/12f9af801cac25dfcb5a96cb0090f703"},"headline":"ELS ESPANYOLS SITUEN L\u2019INICI DE LA VELLESA ALS 74 ANYS, I UN DE CADA TRES ES MOSTRA MOLT PREOCUPAT PEL SEU FUTUR DURANT AQUEST PER\u00cdODE","datePublished":"2022-06-13T14:05:00+00:00","dateModified":"2023-05-15T12:11:24+00:00","mainEntityOfPage":{"@id":"https:\/\/www.fundacionmdp.org\/ca\/els-espanyols-situen-linici-de-la-vellesa-als-74-anys-i-un-de-cada-tres-es-mostra-molt-preocupat-pel-seu-futur-durant-aquest-periode\/"},"wordCount":1207,"commentCount":0,"publisher":{"@id":"https:\/\/www.fundacionmdp.org\/#organization"},"image":{"@id":"https:\/\/www.fundacionmdp.org\/ca\/els-espanyols-situen-linici-de-la-vellesa-als-74-anys-i-un-de-cada-tres-es-mostra-molt-preocupat-pel-seu-futur-durant-aquest-periode\/#primaryimage"},"thumbnailUrl":"https:\/\/www.fundacionmdp.org\/wp-content\/uploads\/2023\/05\/image-10.png","articleSection":["Sin categorizar"],"inLanguage":"ca","potentialAction":[{"@type":"CommentAction","name":"Comment","target":["https:\/\/www.fundacionmdp.org\/ca\/els-espanyols-situen-linici-de-la-vellesa-als-74-anys-i-un-de-cada-tres-es-mostra-molt-preocupat-pel-seu-futur-durant-aquest-periode\/#respond"]}]},{"@type":"WebPage","@id":"https:\/\/www.fundacionmdp.org\/ca\/els-espanyols-situen-linici-de-la-vellesa-als-74-anys-i-un-de-cada-tres-es-mostra-molt-preocupat-pel-seu-futur-durant-aquest-periode\/","url":"https:\/\/www.fundacionmdp.org\/ca\/els-espanyols-situen-linici-de-la-vellesa-als-74-anys-i-un-de-cada-tres-es-mostra-molt-preocupat-pel-seu-futur-durant-aquest-periode\/","name":"ELS ESPANYOLS SITUEN L\u2019INICI DE LA VELLESA ALS 74 ANYS, I UN DE CADA TRES ES MOSTRA MOLT PREOCUPAT PEL SEU FUTUR DURANT AQUEST PER\u00cdODE - Fundaci\u00f3n Mutua de Propietarios","isPartOf":{"@id":"https:\/\/www.fundacionmdp.org\/#website"},"primaryImageOfPage":{"@id":"https:\/\/www.fundacionmdp.org\/ca\/els-espanyols-situen-linici-de-la-vellesa-als-74-anys-i-un-de-cada-tres-es-mostra-molt-preocupat-pel-seu-futur-durant-aquest-periode\/#primaryimage"},"image":{"@id":"https:\/\/www.fundacionmdp.org\/ca\/els-espanyols-situen-linici-de-la-vellesa-als-74-anys-i-un-de-cada-tres-es-mostra-molt-preocupat-pel-seu-futur-durant-aquest-periode\/#primaryimage"},"thumbnailUrl":"https:\/\/www.fundacionmdp.org\/wp-content\/uploads\/2023\/05\/image-10.png","datePublished":"2022-06-13T14:05:00+00:00","dateModified":"2023-05-15T12:11:24+00:00","breadcrumb":{"@id":"https:\/\/www.fundacionmdp.org\/ca\/els-espanyols-situen-linici-de-la-vellesa-als-74-anys-i-un-de-cada-tres-es-mostra-molt-preocupat-pel-seu-futur-durant-aquest-periode\/#breadcrumb"},"inLanguage":"ca","potentialAction":[{"@type":"ReadAction","target":["https:\/\/www.fundacionmdp.org\/ca\/els-espanyols-situen-linici-de-la-vellesa-als-74-anys-i-un-de-cada-tres-es-mostra-molt-preocupat-pel-seu-futur-durant-aquest-periode\/"]}]},{"@type":"ImageObject","inLanguage":"ca","@id":"https:\/\/www.fundacionmdp.org\/ca\/els-espanyols-situen-linici-de-la-vellesa-als-74-anys-i-un-de-cada-tres-es-mostra-molt-preocupat-pel-seu-futur-durant-aquest-periode\/#primaryimage","url":"https:\/\/www.fundacionmdp.org\/wp-content\/uploads\/2023\/05\/image-10.png","contentUrl":"https:\/\/www.fundacionmdp.org\/wp-content\/uploads\/2023\/05\/image-10.png","width":640,"height":426},{"@type":"BreadcrumbList","@id":"https:\/\/www.fundacionmdp.org\/ca\/els-espanyols-situen-linici-de-la-vellesa-als-74-anys-i-un-de-cada-tres-es-mostra-molt-preocupat-pel-seu-futur-durant-aquest-periode\/#breadcrumb","itemListElement":[{"@type":"ListItem","position":1,"name":"Home","item":"https:\/\/www.fundacionmdp.org\/ca\/"},{"@type":"ListItem","position":2,"name":"ELS ESPANYOLS SITUEN L\u2019INICI DE LA VELLESA ALS 74 ANYS, I UN DE CADA TRES ES MOSTRA MOLT PREOCUPAT PEL SEU FUTUR DURANT AQUEST PER\u00cdODE"}]},{"@type":"WebSite","@id":"https:\/\/www.fundacionmdp.org\/#website","url":"https:\/\/www.fundacionmdp.org\/","name":"Fundaci\u00f3n Mutua de Propietarios","description":"En la Fundaci\u00f3n Mutua de Propietarios te ayudamos a convertir tu edificio de viviendas en un espacio sin barreras arquitect\u00f3nicas.","publisher":{"@id":"https:\/\/www.fundacionmdp.org\/#organization"},"potentialAction":[{"@type":"SearchAction","target":{"@type":"EntryPoint","urlTemplate":"https:\/\/www.fundacionmdp.org\/?s={search_term_string}"},"query-input":{"@type":"PropertyValueSpecification","valueRequired":true,"valueName":"search_term_string"}}],"inLanguage":"ca"},{"@type":"Organization","@id":"https:\/\/www.fundacionmdp.org\/#organization","name":"Fundaci\u00f3n Mutua de Propietarios","url":"https:\/\/www.fundacionmdp.org\/","logo":{"@type":"ImageObject","inLanguage":"ca","@id":"https:\/\/www.fundacionmdp.org\/#\/schema\/logo\/image\/","url":"https:\/\/www.fundacionmdp.org\/wp-content\/uploads\/2023\/05\/logo_FMdP_cat.png","contentUrl":"https:\/\/www.fundacionmdp.org\/wp-content\/uploads\/2023\/05\/logo_FMdP_cat.png","width":655,"height":297,"caption":"Fundaci\u00f3n Mutua de Propietarios"},"image":{"@id":"https:\/\/www.fundacionmdp.org\/#\/schema\/logo\/image\/"}},{"@type":"Person","@id":"https:\/\/www.fundacionmdp.org\/#\/schema\/person\/12f9af801cac25dfcb5a96cb0090f703","name":"fundacionmdp","image":{"@type":"ImageObject","inLanguage":"ca","@id":"https:\/\/secure.gravatar.com\/avatar\/b540f93d1816a14d85e51109d050c3243b98fb660a665f517a6d2597cff3bbed?s=96&d=mm&r=g","url":"https:\/\/secure.gravatar.com\/avatar\/b540f93d1816a14d85e51109d050c3243b98fb660a665f517a6d2597cff3bbed?s=96&d=mm&r=g","contentUrl":"https:\/\/secure.gravatar.com\/avatar\/b540f93d1816a14d85e51109d050c3243b98fb660a665f517a6d2597cff3bbed?s=96&d=mm&r=g","caption":"fundacionmdp"},"sameAs":["http:\/\/prezuk.com.mialias.net\/fundacionmdp"],"url":"https:\/\/www.fundacionmdp.org\/ca\/author\/fundacionmdp\/"}]}},"_links":{"self":[{"href":"https:\/\/www.fundacionmdp.org\/ca\/wp-json\/wp\/v2\/posts\/7417","targetHints":{"allow":["GET"]}}],"collection":[{"href":"https:\/\/www.fundacionmdp.org\/ca\/wp-json\/wp\/v2\/posts"}],"about":[{"href":"https:\/\/www.fundacionmdp.org\/ca\/wp-json\/wp\/v2\/types\/post"}],"author":[{"embeddable":true,"href":"https:\/\/www.fundacionmdp.org\/ca\/wp-json\/wp\/v2\/users\/1"}],"replies":[{"embeddable":true,"href":"https:\/\/www.fundacionmdp.org\/ca\/wp-json\/wp\/v2\/comments?post=7417"}],"version-history":[{"count":7,"href":"https:\/\/www.fundacionmdp.org\/ca\/wp-json\/wp\/v2\/posts\/7417\/revisions"}],"predecessor-version":[{"id":7428,"href":"https:\/\/www.fundacionmdp.org\/ca\/wp-json\/wp\/v2\/posts\/7417\/revisions\/7428"}],"wp:featuredmedia":[{"embeddable":true,"href":"https:\/\/www.fundacionmdp.org\/ca\/wp-json\/wp\/v2\/media\/6577"}],"wp:attachment":[{"href":"https:\/\/www.fundacionmdp.org\/ca\/wp-json\/wp\/v2\/media?parent=7417"}],"wp:term":[{"taxonomy":"category","embeddable":true,"href":"https:\/\/www.fundacionmdp.org\/ca\/wp-json\/wp\/v2\/categories?post=7417"},{"taxonomy":"post_tag","embeddable":true,"href":"https:\/\/www.fundacionmdp.org\/ca\/wp-json\/wp\/v2\/tags?post=7417"}],"curies":[{"name":"wp","href":"https:\/\/api.w.org\/{rel}","templated":true}]}}