{"id":7429,"date":"2022-09-29T14:16:00","date_gmt":"2022-09-29T14:16:00","guid":{"rendered":"http:\/\/prezuk.com.mialias.net\/fundacionmdp\/la-vellesa-en-solitud-el-gran-temor-del-48-dels-espanyols\/"},"modified":"2023-05-15T12:13:51","modified_gmt":"2023-05-15T12:13:51","slug":"la-vellesa-en-solitud-el-gran-temor-del-48-dels-espanyols","status":"publish","type":"post","link":"https:\/\/www.fundacionmdp.org\/ca\/la-vellesa-en-solitud-el-gran-temor-del-48-dels-espanyols\/","title":{"rendered":"LA VELLESA EN SOLITUD: EL GRAN TEMOR DEL 48% DELS ESPANYOLS"},"content":{"rendered":"\t\t<div data-elementor-type=\"wp-post\" data-elementor-id=\"7429\" class=\"elementor elementor-7429 elementor-2618\">\n\t\t\t\t<div class=\"elementor-element elementor-element-cae0adc e-flex e-con-boxed e-con e-parent\" data-id=\"cae0adc\" data-element_type=\"container\" data-e-type=\"container\">\n\t\t\t\t\t<div class=\"e-con-inner\">\n\t\t\t\t<div class=\"elementor-element elementor-element-e3c3adb elementor-widget elementor-widget-text-editor\" data-id=\"e3c3adb\" data-element_type=\"widget\" data-e-type=\"widget\" data-widget_type=\"text-editor.default\">\n\t\t\t\t<div class=\"elementor-widget-container\">\n\t\t\t\t\t\t\t\t\t<ul><li><strong>Els problemes de mobilitat (68%), la salut (67%) i la falta de recursos econ\u00f2mics (59%) s\u00f3n les principals preocupacions dels espanyols davant una futura vellesa<\/strong><\/li><li><strong>Un 34% de les persones grans afirma que, per motius econ\u00f2mics, tindr\u00e0 dificultats per a mantenir la calefacci\u00f3 encesa<\/strong><\/li><li><strong>Segons l\u2019estudi \u201cEls espanyols davant de la vellesa\u201d, un 45% de les persones grans rep ajuda d\u2019una persona amb la que conviu; un 25% del seu cercle familiar o amistats, i un 16% no compta amb cap suport<\/strong><\/li><\/ul><p>\u00a0<\/p><p><strong>Madrid, 29 de setembre de 2022\u2013<\/strong>El 48% dels espanyols li fa por estar sol al fer-se gran i, encara que un 44% creu que el suport de la fam\u00edlia a les persones grans \u00e9s fort al nostre pa\u00eds, un 27% afirma que \u00e9s responsabilitat de cada persona garantir la seva qualitat de vida durant aquest per\u00edode.<\/p><p>Aquestes s\u00f3n algunes de les conclusions de l\u2019informe \u201cEls espanyols davant de la vellesa\u201d elaborat per la Fundaci\u00f3 Mutua de Propietarios, en col\u00b7laboraci\u00f3 amb la Universitat de Barcelona, que ha analitzat les percepcions sobre aquesta etapa de la vida des de les \u00f2ptiques dels qui conviuen amb familiars de m\u00e9s de 75 anys i dels qui projecten la seva futura vellesa.<\/p><p><img fetchpriority=\"high\" decoding=\"async\" class=\" wp-image-6167 alignright\" src=\"https:\/\/www.fundacionmdp.org\/wp-content\/uploads\/2023\/05\/esp-75.png\" alt=\"\" width=\"482\" height=\"371\" \/><\/p><p>A Espanya, 4,73 milions de persones tenen 75 anys o m\u00e9s (un 9,98% de la poblaci\u00f3) i, d\u2019aquests, un 35,1% de les dones i un 14,7% dels homes entre 75 i 84 anys viuen sols, percentatges que augmenten fins al 44,1% i el 35,1%, respectivament, a partir dels 85 anys.<\/p><p>\u201cDavant una major longevitat, els espanyols tenim el repte de preparar-nos i adaptar el nostre entorn per a afrontar aquesta etapa i les seves noves necessitats amb la major qualitat de vida possible\u201d, explica Laura L\u00f3pez Demarbre, vicepresidenta executiva de la Fundaci\u00f3 Mutua de Propietarios.<\/p><p>D\u2019acord amb l\u2019informe, davant una futura vellesa, els problemes de mobilitat (68%), la salut (67%) i la falta de recursos econ\u00f2mics (59%) s\u00f3n les principals preocupacions dels espanyols, seguides de la possibilitat de no comptar amb una pensi\u00f3 de jubilaci\u00f3 (60%) i de patir la solitud (48%).<\/p><p>En aquest marc, les cures a terceres persones que formen part del cercle familiar o d\u2019amics es presenten com l\u2019alternativa m\u00e9s probable entre les persones grans amb dificultats per a realitzar les activitats fonamentals de la vida di\u00e0ria. De fet, a l\u2019actualitat, un 45% de les persones grans rep ajuda d\u2019una persona amb la que conviu; un 25% del seu cercle familiar i d\u2019amistats, mentre que un 25% recorre a la contractaci\u00f3 de personal extern remunerat. La prestaci\u00f3 de serveis socials queda redu\u00efda a un 6% i un 16% no compta amb cap mena d\u2019ajuda.<\/p><p>Pel que fa a la percepci\u00f3 que tenim de la nostra gent gran, l\u2019estudi de la Fundaci\u00f3 Mutua de Propietarios revela que els espanyols valorem molt positivament el paper que realitzen en el si de les fam\u00edlies, tant en l\u2019\u00e0mbit de la conciliaci\u00f3 com en l\u2019econ\u00f2mic. De fet, un 85% confirma que \u201cles persones grans ajuden a les seves fam\u00edlies ja sigui cuidant dels nets o ajudant econ\u00f2micament\u201d.<\/p><p>En aquest aspecte, l\u2019estudi \u201cEls espanyols davant de la vellesa\u201d apunta que el fet de viure amb els fills no suposa una millor economia per a la gent gran. En moltes ocasions, la ra\u00f3 per a tornar a viure amb els pares s\u00f3n les dificultats econ\u00f2miques pel que aquests fills no aporten sin\u00f3, per contra, s\u00f3n els ingressos de les persones grans els que es reparteixen entre tots els membres de la llar.<\/p><h3><em><span lang=\"CA\">Afrontar imprevistos econ\u00f2mics.<\/span><\/em><\/h3><p><img decoding=\"async\" class=\" wp-image-6165 alignright\" src=\"https:\/\/www.fundacionmdp.org\/wp-content\/uploads\/2023\/05\/actitud-eco.png\" alt=\"\" width=\"519\" height=\"313\" \/><\/p><p>Encara que un 58% de les persones grans assegura que no t\u00e9 dificultats per a arribar a fi de mes amb els ingressos de la llar, un 24% manifesta tenir problemes econ\u00f2mics de manera ocasional; un 8% admet que s\u00f3n freq\u00fcents i el 5% assenyala que sempre els t\u00e9. De fet, un 34% de la gent gran afirma que tindr\u00e0 dificultats per a mantenir la calefacci\u00f3 encesa i un 43% per a fer front a imprevistos superiors a 750 euros.<\/p><p>En relaci\u00f3 als qui es mostren preocupats davant possibles problemes de mobilitat, l\u2019informe de la Fundaci\u00f3 Mutua de Propietarios alerta que un 51% dels habitatges est\u00e0 poc o gens adaptat. Les portes autom\u00e0tiques (53%), els s\u00f2ls antilliscants (43%) i les rampes (38%) s\u00f3n els elements que manquen i podrien facilitar la mobilitat. Per contra, l\u2019ascensor (68%) o el plat de la dutxa (57%) s\u00f3n elements que la majoria, o b\u00e9 ja els tenen, o b\u00e9 consideren que no \u00e9s necessari.<\/p><p>\u201cEn societats envellides, \u00e9s necessari millorar l\u2019accessibilitat a l\u2019habitatge per a garantir que activitats fonamentals, com anar a comprar o anar al metge, puguin efectuar-se amb facilitat\u201d, expliquen les Dres. Manuela Alcany\u00eds i Mercedes Ayuso, de la Universitat de Barcelona. En concret, una de cada 3 persones m\u00e9s grans de 75 anys t\u00e9 dificultats per a accedir des del carrer al seu habitatge, b\u00e9 perqu\u00e8 no hi ha ascensor, b\u00e9 perqu\u00e8 ha de pujar de manera obligat\u00f2ria escales, o per tots dos factors.<\/p>\t\t\t\t\t\t\t\t<\/div>\n\t\t\t\t<\/div>\n\t\t\t\t\t<\/div>\n\t\t\t\t<\/div>\n\t\t\t\t<\/div>\n\t\t","protected":false},"excerpt":{"rendered":"<p>Els problemes de mobilitat (68%), la salut (67%) i la falta de recursos econ\u00f2mics (59%) s\u00f3n les principals preocupacions dels espanyols davant una futura vellesa Un 34% de les persones grans afirma que, per motius econ\u00f2mics, tindr\u00e0 dificultats per a mantenir la calefacci\u00f3 encesa Segons l\u2019estudi \u201cEls espanyols davant de la vellesa\u201d, un 45% de [&hellip;]<\/p>\n","protected":false},"author":1,"featured_media":6581,"comment_status":"open","ping_status":"open","sticky":false,"template":"","format":"standard","meta":{"_acf_changed":false,"ocean_post_layout":"","ocean_both_sidebars_style":"","ocean_both_sidebars_content_width":0,"ocean_both_sidebars_sidebars_width":0,"ocean_sidebar":"0","ocean_second_sidebar":"0","ocean_disable_margins":"enable","ocean_add_body_class":"","ocean_shortcode_before_top_bar":"","ocean_shortcode_after_top_bar":"","ocean_shortcode_before_header":"","ocean_shortcode_after_header":"","ocean_has_shortcode":"","ocean_shortcode_after_title":"","ocean_shortcode_before_footer_widgets":"","ocean_shortcode_after_footer_widgets":"","ocean_shortcode_before_footer_bottom":"","ocean_shortcode_after_footer_bottom":"","ocean_display_top_bar":"default","ocean_display_header":"default","ocean_header_style":"","ocean_center_header_left_menu":"0","ocean_custom_header_template":"0","ocean_custom_logo":0,"ocean_custom_retina_logo":0,"ocean_custom_logo_max_width":0,"ocean_custom_logo_tablet_max_width":0,"ocean_custom_logo_mobile_max_width":0,"ocean_custom_logo_max_height":0,"ocean_custom_logo_tablet_max_height":0,"ocean_custom_logo_mobile_max_height":0,"ocean_header_custom_menu":"0","ocean_menu_typo_font_family":"0","ocean_menu_typo_font_subset":"","ocean_menu_typo_font_size":0,"ocean_menu_typo_font_size_tablet":0,"ocean_menu_typo_font_size_mobile":0,"ocean_menu_typo_font_size_unit":"px","ocean_menu_typo_font_weight":"","ocean_menu_typo_font_weight_tablet":"","ocean_menu_typo_font_weight_mobile":"","ocean_menu_typo_transform":"","ocean_menu_typo_transform_tablet":"","ocean_menu_typo_transform_mobile":"","ocean_menu_typo_line_height":0,"ocean_menu_typo_line_height_tablet":0,"ocean_menu_typo_line_height_mobile":0,"ocean_menu_typo_line_height_unit":"","ocean_menu_typo_spacing":0,"ocean_menu_typo_spacing_tablet":0,"ocean_menu_typo_spacing_mobile":0,"ocean_menu_typo_spacing_unit":"","ocean_menu_link_color":"","ocean_menu_link_color_hover":"","ocean_menu_link_color_active":"","ocean_menu_link_background":"","ocean_menu_link_hover_background":"","ocean_menu_link_active_background":"","ocean_menu_social_links_bg":"","ocean_menu_social_hover_links_bg":"","ocean_menu_social_links_color":"","ocean_menu_social_hover_links_color":"","ocean_disable_title":"default","ocean_disable_heading":"default","ocean_post_title":"","ocean_post_subheading":"","ocean_post_title_style":"","ocean_post_title_background_color":"","ocean_post_title_background":0,"ocean_post_title_bg_image_position":"","ocean_post_title_bg_image_attachment":"","ocean_post_title_bg_image_repeat":"","ocean_post_title_bg_image_size":"","ocean_post_title_height":0,"ocean_post_title_bg_overlay":0.5,"ocean_post_title_bg_overlay_color":"","ocean_disable_breadcrumbs":"default","ocean_breadcrumbs_color":"","ocean_breadcrumbs_separator_color":"","ocean_breadcrumbs_links_color":"","ocean_breadcrumbs_links_hover_color":"","ocean_display_footer_widgets":"default","ocean_display_footer_bottom":"default","ocean_custom_footer_template":"0","ocean_post_oembed":"","ocean_post_self_hosted_media":"","ocean_post_video_embed":"","ocean_link_format":"","ocean_link_format_target":"self","ocean_quote_format":"","ocean_quote_format_link":"post","ocean_gallery_link_images":"on","ocean_gallery_id":[],"footnotes":""},"categories":[1],"tags":[],"class_list":["post-7429","post","type-post","status-publish","format-standard","has-post-thumbnail","hentry","category-sin-categorizar","entry","has-media"],"acf":[],"yoast_head":"<!-- This site is optimized with the Yoast SEO plugin v27.3 - https:\/\/yoast.com\/product\/yoast-seo-wordpress\/ -->\n<title>LA VELLESA EN SOLITUD: EL GRAN TEMOR DEL 48% DELS ESPANYOLS - Fundaci\u00f3n Mutua de Propietarios<\/title>\n<meta name=\"robots\" content=\"index, follow, max-snippet:-1, max-image-preview:large, max-video-preview:-1\" \/>\n<link rel=\"canonical\" href=\"https:\/\/www.fundacionmdp.org\/ca\/la-vellesa-en-solitud-el-gran-temor-del-48-dels-espanyols\/\" \/>\n<meta property=\"og:locale\" content=\"ca_ES\" \/>\n<meta property=\"og:type\" content=\"article\" \/>\n<meta property=\"og:title\" content=\"LA VELLESA EN SOLITUD: EL GRAN TEMOR DEL 48% DELS ESPANYOLS - Fundaci\u00f3n Mutua de Propietarios\" \/>\n<meta property=\"og:description\" content=\"Els problemes de mobilitat (68%), la salut (67%) i la falta de recursos econ\u00f2mics (59%) s\u00f3n les principals preocupacions dels espanyols davant una futura vellesa Un 34% de les persones grans afirma que, per motius econ\u00f2mics, tindr\u00e0 dificultats per a mantenir la calefacci\u00f3 encesa Segons l\u2019estudi \u201cEls espanyols davant de la vellesa\u201d, un 45% de [&hellip;]\" \/>\n<meta property=\"og:url\" content=\"https:\/\/www.fundacionmdp.org\/ca\/la-vellesa-en-solitud-el-gran-temor-del-48-dels-espanyols\/\" \/>\n<meta property=\"og:site_name\" content=\"Fundaci\u00f3n Mutua de Propietarios\" \/>\n<meta property=\"article:published_time\" content=\"2022-09-29T14:16:00+00:00\" \/>\n<meta property=\"article:modified_time\" content=\"2023-05-15T12:13:51+00:00\" \/>\n<meta property=\"og:image\" content=\"https:\/\/www.fundacionmdp.org\/wp-content\/uploads\/2023\/05\/estudiofundacionvejezweb.png\" \/>\n\t<meta property=\"og:image:width\" content=\"1080\" \/>\n\t<meta property=\"og:image:height\" content=\"1080\" \/>\n\t<meta property=\"og:image:type\" content=\"image\/png\" \/>\n<meta name=\"author\" content=\"fundacionmdp\" \/>\n<meta name=\"twitter:card\" content=\"summary_large_image\" \/>\n<meta name=\"twitter:label1\" content=\"Escrit per\" \/>\n\t<meta name=\"twitter:data1\" content=\"fundacionmdp\" \/>\n\t<meta name=\"twitter:label2\" content=\"Temps estimat de lectura\" \/>\n\t<meta name=\"twitter:data2\" content=\"4 minuts\" \/>\n<script type=\"application\/ld+json\" class=\"yoast-schema-graph\">{\"@context\":\"https:\\\/\\\/schema.org\",\"@graph\":[{\"@type\":\"Article\",\"@id\":\"https:\\\/\\\/www.fundacionmdp.org\\\/ca\\\/la-vellesa-en-solitud-el-gran-temor-del-48-dels-espanyols\\\/#article\",\"isPartOf\":{\"@id\":\"https:\\\/\\\/www.fundacionmdp.org\\\/ca\\\/la-vellesa-en-solitud-el-gran-temor-del-48-dels-espanyols\\\/\"},\"author\":{\"name\":\"fundacionmdp\",\"@id\":\"https:\\\/\\\/www.fundacionmdp.org\\\/#\\\/schema\\\/person\\\/12f9af801cac25dfcb5a96cb0090f703\"},\"headline\":\"LA VELLESA EN SOLITUD: EL GRAN TEMOR DEL 48% DELS ESPANYOLS\",\"datePublished\":\"2022-09-29T14:16:00+00:00\",\"dateModified\":\"2023-05-15T12:13:51+00:00\",\"mainEntityOfPage\":{\"@id\":\"https:\\\/\\\/www.fundacionmdp.org\\\/ca\\\/la-vellesa-en-solitud-el-gran-temor-del-48-dels-espanyols\\\/\"},\"wordCount\":839,\"commentCount\":0,\"publisher\":{\"@id\":\"https:\\\/\\\/www.fundacionmdp.org\\\/#organization\"},\"image\":{\"@id\":\"https:\\\/\\\/www.fundacionmdp.org\\\/ca\\\/la-vellesa-en-solitud-el-gran-temor-del-48-dels-espanyols\\\/#primaryimage\"},\"thumbnailUrl\":\"https:\\\/\\\/www.fundacionmdp.org\\\/wp-content\\\/uploads\\\/2023\\\/05\\\/estudiofundacionvejezweb.png\",\"articleSection\":[\"Sin categorizar\"],\"inLanguage\":\"ca\",\"potentialAction\":[{\"@type\":\"CommentAction\",\"name\":\"Comment\",\"target\":[\"https:\\\/\\\/www.fundacionmdp.org\\\/ca\\\/la-vellesa-en-solitud-el-gran-temor-del-48-dels-espanyols\\\/#respond\"]}]},{\"@type\":\"WebPage\",\"@id\":\"https:\\\/\\\/www.fundacionmdp.org\\\/ca\\\/la-vellesa-en-solitud-el-gran-temor-del-48-dels-espanyols\\\/\",\"url\":\"https:\\\/\\\/www.fundacionmdp.org\\\/ca\\\/la-vellesa-en-solitud-el-gran-temor-del-48-dels-espanyols\\\/\",\"name\":\"LA VELLESA EN SOLITUD: EL GRAN TEMOR DEL 48% DELS ESPANYOLS - Fundaci\u00f3n Mutua de Propietarios\",\"isPartOf\":{\"@id\":\"https:\\\/\\\/www.fundacionmdp.org\\\/#website\"},\"primaryImageOfPage\":{\"@id\":\"https:\\\/\\\/www.fundacionmdp.org\\\/ca\\\/la-vellesa-en-solitud-el-gran-temor-del-48-dels-espanyols\\\/#primaryimage\"},\"image\":{\"@id\":\"https:\\\/\\\/www.fundacionmdp.org\\\/ca\\\/la-vellesa-en-solitud-el-gran-temor-del-48-dels-espanyols\\\/#primaryimage\"},\"thumbnailUrl\":\"https:\\\/\\\/www.fundacionmdp.org\\\/wp-content\\\/uploads\\\/2023\\\/05\\\/estudiofundacionvejezweb.png\",\"datePublished\":\"2022-09-29T14:16:00+00:00\",\"dateModified\":\"2023-05-15T12:13:51+00:00\",\"breadcrumb\":{\"@id\":\"https:\\\/\\\/www.fundacionmdp.org\\\/ca\\\/la-vellesa-en-solitud-el-gran-temor-del-48-dels-espanyols\\\/#breadcrumb\"},\"inLanguage\":\"ca\",\"potentialAction\":[{\"@type\":\"ReadAction\",\"target\":[\"https:\\\/\\\/www.fundacionmdp.org\\\/ca\\\/la-vellesa-en-solitud-el-gran-temor-del-48-dels-espanyols\\\/\"]}]},{\"@type\":\"ImageObject\",\"inLanguage\":\"ca\",\"@id\":\"https:\\\/\\\/www.fundacionmdp.org\\\/ca\\\/la-vellesa-en-solitud-el-gran-temor-del-48-dels-espanyols\\\/#primaryimage\",\"url\":\"https:\\\/\\\/www.fundacionmdp.org\\\/wp-content\\\/uploads\\\/2023\\\/05\\\/estudiofundacionvejezweb.png\",\"contentUrl\":\"https:\\\/\\\/www.fundacionmdp.org\\\/wp-content\\\/uploads\\\/2023\\\/05\\\/estudiofundacionvejezweb.png\",\"width\":1080,\"height\":1080},{\"@type\":\"BreadcrumbList\",\"@id\":\"https:\\\/\\\/www.fundacionmdp.org\\\/ca\\\/la-vellesa-en-solitud-el-gran-temor-del-48-dels-espanyols\\\/#breadcrumb\",\"itemListElement\":[{\"@type\":\"ListItem\",\"position\":1,\"name\":\"Home\",\"item\":\"https:\\\/\\\/www.fundacionmdp.org\\\/ca\\\/\"},{\"@type\":\"ListItem\",\"position\":2,\"name\":\"LA VELLESA EN SOLITUD: EL GRAN TEMOR DEL 48% DELS ESPANYOLS\"}]},{\"@type\":\"WebSite\",\"@id\":\"https:\\\/\\\/www.fundacionmdp.org\\\/#website\",\"url\":\"https:\\\/\\\/www.fundacionmdp.org\\\/\",\"name\":\"Fundaci\u00f3n Mutua de Propietarios\",\"description\":\"En la Fundaci\u00f3n Mutua de Propietarios te ayudamos a convertir tu edificio de viviendas en un espacio sin barreras arquitect\u00f3nicas.\",\"publisher\":{\"@id\":\"https:\\\/\\\/www.fundacionmdp.org\\\/#organization\"},\"potentialAction\":[{\"@type\":\"SearchAction\",\"target\":{\"@type\":\"EntryPoint\",\"urlTemplate\":\"https:\\\/\\\/www.fundacionmdp.org\\\/?s={search_term_string}\"},\"query-input\":{\"@type\":\"PropertyValueSpecification\",\"valueRequired\":true,\"valueName\":\"search_term_string\"}}],\"inLanguage\":\"ca\"},{\"@type\":\"Organization\",\"@id\":\"https:\\\/\\\/www.fundacionmdp.org\\\/#organization\",\"name\":\"Fundaci\u00f3n Mutua de Propietarios\",\"url\":\"https:\\\/\\\/www.fundacionmdp.org\\\/\",\"logo\":{\"@type\":\"ImageObject\",\"inLanguage\":\"ca\",\"@id\":\"https:\\\/\\\/www.fundacionmdp.org\\\/#\\\/schema\\\/logo\\\/image\\\/\",\"url\":\"https:\\\/\\\/www.fundacionmdp.org\\\/wp-content\\\/uploads\\\/2023\\\/05\\\/logo_FMdP_cat.png\",\"contentUrl\":\"https:\\\/\\\/www.fundacionmdp.org\\\/wp-content\\\/uploads\\\/2023\\\/05\\\/logo_FMdP_cat.png\",\"width\":655,\"height\":297,\"caption\":\"Fundaci\u00f3n Mutua de Propietarios\"},\"image\":{\"@id\":\"https:\\\/\\\/www.fundacionmdp.org\\\/#\\\/schema\\\/logo\\\/image\\\/\"}},{\"@type\":\"Person\",\"@id\":\"https:\\\/\\\/www.fundacionmdp.org\\\/#\\\/schema\\\/person\\\/12f9af801cac25dfcb5a96cb0090f703\",\"name\":\"fundacionmdp\",\"image\":{\"@type\":\"ImageObject\",\"inLanguage\":\"ca\",\"@id\":\"https:\\\/\\\/secure.gravatar.com\\\/avatar\\\/b540f93d1816a14d85e51109d050c3243b98fb660a665f517a6d2597cff3bbed?s=96&d=mm&r=g\",\"url\":\"https:\\\/\\\/secure.gravatar.com\\\/avatar\\\/b540f93d1816a14d85e51109d050c3243b98fb660a665f517a6d2597cff3bbed?s=96&d=mm&r=g\",\"contentUrl\":\"https:\\\/\\\/secure.gravatar.com\\\/avatar\\\/b540f93d1816a14d85e51109d050c3243b98fb660a665f517a6d2597cff3bbed?s=96&d=mm&r=g\",\"caption\":\"fundacionmdp\"},\"sameAs\":[\"http:\\\/\\\/prezuk.com.mialias.net\\\/fundacionmdp\"],\"url\":\"https:\\\/\\\/www.fundacionmdp.org\\\/ca\\\/author\\\/fundacionmdp\\\/\"}]}<\/script>\n<!-- \/ Yoast SEO plugin. -->","yoast_head_json":{"title":"LA VELLESA EN SOLITUD: EL GRAN TEMOR DEL 48% DELS ESPANYOLS - Fundaci\u00f3n Mutua de Propietarios","robots":{"index":"index","follow":"follow","max-snippet":"max-snippet:-1","max-image-preview":"max-image-preview:large","max-video-preview":"max-video-preview:-1"},"canonical":"https:\/\/www.fundacionmdp.org\/ca\/la-vellesa-en-solitud-el-gran-temor-del-48-dels-espanyols\/","og_locale":"ca_ES","og_type":"article","og_title":"LA VELLESA EN SOLITUD: EL GRAN TEMOR DEL 48% DELS ESPANYOLS - Fundaci\u00f3n Mutua de Propietarios","og_description":"Els problemes de mobilitat (68%), la salut (67%) i la falta de recursos econ\u00f2mics (59%) s\u00f3n les principals preocupacions dels espanyols davant una futura vellesa Un 34% de les persones grans afirma que, per motius econ\u00f2mics, tindr\u00e0 dificultats per a mantenir la calefacci\u00f3 encesa Segons l\u2019estudi \u201cEls espanyols davant de la vellesa\u201d, un 45% de [&hellip;]","og_url":"https:\/\/www.fundacionmdp.org\/ca\/la-vellesa-en-solitud-el-gran-temor-del-48-dels-espanyols\/","og_site_name":"Fundaci\u00f3n Mutua de Propietarios","article_published_time":"2022-09-29T14:16:00+00:00","article_modified_time":"2023-05-15T12:13:51+00:00","og_image":[{"width":1080,"height":1080,"url":"https:\/\/www.fundacionmdp.org\/wp-content\/uploads\/2023\/05\/estudiofundacionvejezweb.png","type":"image\/png"}],"author":"fundacionmdp","twitter_card":"summary_large_image","twitter_misc":{"Escrit per":"fundacionmdp","Temps estimat de lectura":"4 minuts"},"schema":{"@context":"https:\/\/schema.org","@graph":[{"@type":"Article","@id":"https:\/\/www.fundacionmdp.org\/ca\/la-vellesa-en-solitud-el-gran-temor-del-48-dels-espanyols\/#article","isPartOf":{"@id":"https:\/\/www.fundacionmdp.org\/ca\/la-vellesa-en-solitud-el-gran-temor-del-48-dels-espanyols\/"},"author":{"name":"fundacionmdp","@id":"https:\/\/www.fundacionmdp.org\/#\/schema\/person\/12f9af801cac25dfcb5a96cb0090f703"},"headline":"LA VELLESA EN SOLITUD: EL GRAN TEMOR DEL 48% DELS ESPANYOLS","datePublished":"2022-09-29T14:16:00+00:00","dateModified":"2023-05-15T12:13:51+00:00","mainEntityOfPage":{"@id":"https:\/\/www.fundacionmdp.org\/ca\/la-vellesa-en-solitud-el-gran-temor-del-48-dels-espanyols\/"},"wordCount":839,"commentCount":0,"publisher":{"@id":"https:\/\/www.fundacionmdp.org\/#organization"},"image":{"@id":"https:\/\/www.fundacionmdp.org\/ca\/la-vellesa-en-solitud-el-gran-temor-del-48-dels-espanyols\/#primaryimage"},"thumbnailUrl":"https:\/\/www.fundacionmdp.org\/wp-content\/uploads\/2023\/05\/estudiofundacionvejezweb.png","articleSection":["Sin categorizar"],"inLanguage":"ca","potentialAction":[{"@type":"CommentAction","name":"Comment","target":["https:\/\/www.fundacionmdp.org\/ca\/la-vellesa-en-solitud-el-gran-temor-del-48-dels-espanyols\/#respond"]}]},{"@type":"WebPage","@id":"https:\/\/www.fundacionmdp.org\/ca\/la-vellesa-en-solitud-el-gran-temor-del-48-dels-espanyols\/","url":"https:\/\/www.fundacionmdp.org\/ca\/la-vellesa-en-solitud-el-gran-temor-del-48-dels-espanyols\/","name":"LA VELLESA EN SOLITUD: EL GRAN TEMOR DEL 48% DELS ESPANYOLS - Fundaci\u00f3n Mutua de Propietarios","isPartOf":{"@id":"https:\/\/www.fundacionmdp.org\/#website"},"primaryImageOfPage":{"@id":"https:\/\/www.fundacionmdp.org\/ca\/la-vellesa-en-solitud-el-gran-temor-del-48-dels-espanyols\/#primaryimage"},"image":{"@id":"https:\/\/www.fundacionmdp.org\/ca\/la-vellesa-en-solitud-el-gran-temor-del-48-dels-espanyols\/#primaryimage"},"thumbnailUrl":"https:\/\/www.fundacionmdp.org\/wp-content\/uploads\/2023\/05\/estudiofundacionvejezweb.png","datePublished":"2022-09-29T14:16:00+00:00","dateModified":"2023-05-15T12:13:51+00:00","breadcrumb":{"@id":"https:\/\/www.fundacionmdp.org\/ca\/la-vellesa-en-solitud-el-gran-temor-del-48-dels-espanyols\/#breadcrumb"},"inLanguage":"ca","potentialAction":[{"@type":"ReadAction","target":["https:\/\/www.fundacionmdp.org\/ca\/la-vellesa-en-solitud-el-gran-temor-del-48-dels-espanyols\/"]}]},{"@type":"ImageObject","inLanguage":"ca","@id":"https:\/\/www.fundacionmdp.org\/ca\/la-vellesa-en-solitud-el-gran-temor-del-48-dels-espanyols\/#primaryimage","url":"https:\/\/www.fundacionmdp.org\/wp-content\/uploads\/2023\/05\/estudiofundacionvejezweb.png","contentUrl":"https:\/\/www.fundacionmdp.org\/wp-content\/uploads\/2023\/05\/estudiofundacionvejezweb.png","width":1080,"height":1080},{"@type":"BreadcrumbList","@id":"https:\/\/www.fundacionmdp.org\/ca\/la-vellesa-en-solitud-el-gran-temor-del-48-dels-espanyols\/#breadcrumb","itemListElement":[{"@type":"ListItem","position":1,"name":"Home","item":"https:\/\/www.fundacionmdp.org\/ca\/"},{"@type":"ListItem","position":2,"name":"LA VELLESA EN SOLITUD: EL GRAN TEMOR DEL 48% DELS ESPANYOLS"}]},{"@type":"WebSite","@id":"https:\/\/www.fundacionmdp.org\/#website","url":"https:\/\/www.fundacionmdp.org\/","name":"Fundaci\u00f3n Mutua de Propietarios","description":"En la Fundaci\u00f3n Mutua de Propietarios te ayudamos a convertir tu edificio de viviendas en un espacio sin barreras arquitect\u00f3nicas.","publisher":{"@id":"https:\/\/www.fundacionmdp.org\/#organization"},"potentialAction":[{"@type":"SearchAction","target":{"@type":"EntryPoint","urlTemplate":"https:\/\/www.fundacionmdp.org\/?s={search_term_string}"},"query-input":{"@type":"PropertyValueSpecification","valueRequired":true,"valueName":"search_term_string"}}],"inLanguage":"ca"},{"@type":"Organization","@id":"https:\/\/www.fundacionmdp.org\/#organization","name":"Fundaci\u00f3n Mutua de Propietarios","url":"https:\/\/www.fundacionmdp.org\/","logo":{"@type":"ImageObject","inLanguage":"ca","@id":"https:\/\/www.fundacionmdp.org\/#\/schema\/logo\/image\/","url":"https:\/\/www.fundacionmdp.org\/wp-content\/uploads\/2023\/05\/logo_FMdP_cat.png","contentUrl":"https:\/\/www.fundacionmdp.org\/wp-content\/uploads\/2023\/05\/logo_FMdP_cat.png","width":655,"height":297,"caption":"Fundaci\u00f3n Mutua de Propietarios"},"image":{"@id":"https:\/\/www.fundacionmdp.org\/#\/schema\/logo\/image\/"}},{"@type":"Person","@id":"https:\/\/www.fundacionmdp.org\/#\/schema\/person\/12f9af801cac25dfcb5a96cb0090f703","name":"fundacionmdp","image":{"@type":"ImageObject","inLanguage":"ca","@id":"https:\/\/secure.gravatar.com\/avatar\/b540f93d1816a14d85e51109d050c3243b98fb660a665f517a6d2597cff3bbed?s=96&d=mm&r=g","url":"https:\/\/secure.gravatar.com\/avatar\/b540f93d1816a14d85e51109d050c3243b98fb660a665f517a6d2597cff3bbed?s=96&d=mm&r=g","contentUrl":"https:\/\/secure.gravatar.com\/avatar\/b540f93d1816a14d85e51109d050c3243b98fb660a665f517a6d2597cff3bbed?s=96&d=mm&r=g","caption":"fundacionmdp"},"sameAs":["http:\/\/prezuk.com.mialias.net\/fundacionmdp"],"url":"https:\/\/www.fundacionmdp.org\/ca\/author\/fundacionmdp\/"}]}},"_links":{"self":[{"href":"https:\/\/www.fundacionmdp.org\/ca\/wp-json\/wp\/v2\/posts\/7429","targetHints":{"allow":["GET"]}}],"collection":[{"href":"https:\/\/www.fundacionmdp.org\/ca\/wp-json\/wp\/v2\/posts"}],"about":[{"href":"https:\/\/www.fundacionmdp.org\/ca\/wp-json\/wp\/v2\/types\/post"}],"author":[{"embeddable":true,"href":"https:\/\/www.fundacionmdp.org\/ca\/wp-json\/wp\/v2\/users\/1"}],"replies":[{"embeddable":true,"href":"https:\/\/www.fundacionmdp.org\/ca\/wp-json\/wp\/v2\/comments?post=7429"}],"version-history":[{"count":4,"href":"https:\/\/www.fundacionmdp.org\/ca\/wp-json\/wp\/v2\/posts\/7429\/revisions"}],"predecessor-version":[{"id":7433,"href":"https:\/\/www.fundacionmdp.org\/ca\/wp-json\/wp\/v2\/posts\/7429\/revisions\/7433"}],"wp:featuredmedia":[{"embeddable":true,"href":"https:\/\/www.fundacionmdp.org\/ca\/wp-json\/wp\/v2\/media\/6581"}],"wp:attachment":[{"href":"https:\/\/www.fundacionmdp.org\/ca\/wp-json\/wp\/v2\/media?parent=7429"}],"wp:term":[{"taxonomy":"category","embeddable":true,"href":"https:\/\/www.fundacionmdp.org\/ca\/wp-json\/wp\/v2\/categories?post=7429"},{"taxonomy":"post_tag","embeddable":true,"href":"https:\/\/www.fundacionmdp.org\/ca\/wp-json\/wp\/v2\/tags?post=7429"}],"curies":[{"name":"wp","href":"https:\/\/api.w.org\/{rel}","templated":true}]}}