{"id":7434,"date":"2022-10-03T14:21:00","date_gmt":"2022-10-03T14:21:00","guid":{"rendered":"http:\/\/prezuk.com.mialias.net\/fundacionmdp\/participa-en-el-nostre-concurs-de-fotografia-en-xarxes-socials-viviendassinbarreras-i-ajudans-a-trencar-amb-les-barreres-arquitectoniques\/"},"modified":"2023-05-15T12:16:12","modified_gmt":"2023-05-15T12:16:12","slug":"participa-en-el-nostre-concurs-de-fotografia-en-xarxes-socials-viviendassinbarreras-i-ajudans-a-trencar-amb-les-barreres-arquitectoniques","status":"publish","type":"post","link":"https:\/\/www.fundacionmdp.org\/ca\/participa-en-el-nostre-concurs-de-fotografia-en-xarxes-socials-viviendassinbarreras-i-ajudans-a-trencar-amb-les-barreres-arquitectoniques\/","title":{"rendered":"Participa en el nostre concurs de fotografia en xarxes socials #ViviendasSinBarreras i ajuda\u2019ns a trencar amb les barreres arquitect\u00f2niques"},"content":{"rendered":"\t\t<div data-elementor-type=\"wp-post\" data-elementor-id=\"7434\" class=\"elementor elementor-7434 elementor-2627\">\n\t\t\t\t<div class=\"elementor-element elementor-element-f9b3512 e-flex e-con-boxed e-con e-parent\" data-id=\"f9b3512\" data-element_type=\"container\" data-e-type=\"container\">\n\t\t\t\t\t<div class=\"e-con-inner\">\n\t\t\t\t<div class=\"elementor-element elementor-element-9971230 elementor-widget elementor-widget-text-editor\" data-id=\"9971230\" data-element_type=\"widget\" data-e-type=\"widget\" data-widget_type=\"text-editor.default\">\n\t\t\t\t<div class=\"elementor-widget-container\">\n\t\t\t\t\t\t\t\t\t<p>Saps que nom\u00e9s el 0\u20196% dels edificis d\u2019habitatges a Espanya s\u00f3n universalment accessibles?<\/p><p>Aix\u00f2 vol dir que la majoria dels edificis d\u2019habitatges tenen barreres arquitect\u00f2niques que dificulten que les persones amb mobilitat redu\u00efda puguin accedir a les seves cases de manera independent i segura.<\/p><p>Graons al portal o l\u2019entrada, escales sense rampa, b\u00fasties\u00a0 o int\u00e8rfons molt alts, portes molt pesades. . . S\u00f3n alguns dels exemples m\u00e9s comuns de barreres arquitect\u00f2niques en edificis d\u2019habitatges.<\/p><p>A la Fundaci\u00f3 Mutua de Propietaris volem donar visibilitat a la problem\u00e0tica que suposen les barreres arquitect\u00f2niques en edificis d\u2019habitatges, especialment per a persones amb mobilitat redu\u00efda, i per aix\u00f2, llancem\u00a0 l\u2019espot i concurs de fotografia en xarxes socials #ViviendasSinBarreras.<\/p><h3><strong>La hist\u00f2ria de Idoia, ballant amb barreres arquitect\u00f2niques<\/strong><\/h3><p><iframe title=\"YouTube video player\" src=\"https:\/\/www.youtube.com\/embed\/G3OehZhcpyg\" width=\"560\" height=\"315\" frameborder=\"0\" allowfullscreen=\"allowfullscreen\" data-mce-fragment=\"1\"><\/iframe><\/p><p>En aquest v\u00eddeo us expliquem l\u2019hist\u00f2ria d\u2019Idoia, una persona en cadira de rodes que utilitza la dansa per a transmetre el que sent alg\u00fa en la seva situaci\u00f3 a l\u2019hora d\u2019obrir una porta pesada, intentar arribar a un telefonillo massa elevat, accedir a un portal precedit per graons. . .Com Idoia, milions de persones amb mobilitat redu\u00efda s\u2019enfronten a barreres arquitect\u00f2niques com aquestes en el seu dia a dia, en els seus habitatges o edificis.<\/p><p>Per a fer m\u00e9s visible aquesta situaci\u00f3, llancem tamb\u00e9 un concurs de fotografia en xarxes socials en el qual tu tamb\u00e9 pots participar per a ajudar-nos a trencar amb les barreres arquitect\u00f2niques.<\/p><p>\u00a0<\/p><h3><strong>Com participar en el concurs #ViviendasSinBarreras?<\/strong><\/h3><p>Per a participar en aquest repte has de pujar una foto en Instagram o Twitter que mostri un edifici d\u2019habitatges amb alguna barrera arquitect\u00f2nica, tant en el seu exterior (graons d\u2019entrada, telefonillo massa elevat\u2026) com a l\u2019interior (habitatges sense ascensor\u2026).<\/p><p>Ens ajudar\u00e0s a \u00a0fer visible el problema i, a m\u00e9s, pots aconseguir un Iphone 13 per a continuar derrocant barreres amb les teves fotos!<\/p><p>Per a participar, nom\u00e9s has de:<\/p><ol><li>Pujar la foto a Instagram o Twitter fent servir l\u2019etiqueta #ViviendasSinBarreras<\/li><li>Seguir-nos i etiquetar a @viviendassinbarreras (a Twitter @FundacionMdP) en el post que contingui la foto.<\/li><\/ol><p><strong>Participa fins al 30 d\u2019octubre de 2022<\/strong><\/p><p>Entre totes les fotos, un jurat de la Fundaci\u00f3 M\u00fatua de Propietaris i la xarxa de fot\u00f2grafs @Igersspain, triaran la fotografia guanyadora, que aconseguir\u00e0 un fant\u00e0stic Iphone 13!<\/p><p>Pots llegir les bases i regles del concurs \u00a0complertes aqu\u00ed:<\/p><p><a href=\"https:\/\/www.fundacionmdp.org\/wp-content\/uploads\/2023\/05\/5.-2022-09-27-Bases-concurso-ViviendasSinBarreras_OK-1.pdf\">Bases concurs &#8211; ViviendasSinBarreras<\/a><\/p>\t\t\t\t\t\t\t\t<\/div>\n\t\t\t\t<\/div>\n\t\t\t\t\t<\/div>\n\t\t\t\t<\/div>\n\t\t\t\t<\/div>\n\t\t","protected":false},"excerpt":{"rendered":"<p>Saps que nom\u00e9s el 0\u20196% dels edificis d\u2019habitatges a Espanya s\u00f3n universalment accessibles? Aix\u00f2 vol dir que la majoria dels edificis d\u2019habitatges tenen barreres arquitect\u00f2niques que dificulten que les persones amb mobilitat redu\u00efda puguin accedir a les seves cases de manera independent i segura. Graons al portal o l\u2019entrada, escales sense rampa, b\u00fasties\u00a0 o int\u00e8rfons [&hellip;]<\/p>\n","protected":false},"author":1,"featured_media":6585,"comment_status":"open","ping_status":"open","sticky":false,"template":"","format":"standard","meta":{"_acf_changed":false,"ocean_post_layout":"","ocean_both_sidebars_style":"","ocean_both_sidebars_content_width":0,"ocean_both_sidebars_sidebars_width":0,"ocean_sidebar":"0","ocean_second_sidebar":"0","ocean_disable_margins":"enable","ocean_add_body_class":"","ocean_shortcode_before_top_bar":"","ocean_shortcode_after_top_bar":"","ocean_shortcode_before_header":"","ocean_shortcode_after_header":"","ocean_has_shortcode":"","ocean_shortcode_after_title":"","ocean_shortcode_before_footer_widgets":"","ocean_shortcode_after_footer_widgets":"","ocean_shortcode_before_footer_bottom":"","ocean_shortcode_after_footer_bottom":"","ocean_display_top_bar":"default","ocean_display_header":"default","ocean_header_style":"","ocean_center_header_left_menu":"0","ocean_custom_header_template":"0","ocean_custom_logo":0,"ocean_custom_retina_logo":0,"ocean_custom_logo_max_width":0,"ocean_custom_logo_tablet_max_width":0,"ocean_custom_logo_mobile_max_width":0,"ocean_custom_logo_max_height":0,"ocean_custom_logo_tablet_max_height":0,"ocean_custom_logo_mobile_max_height":0,"ocean_header_custom_menu":"0","ocean_menu_typo_font_family":"0","ocean_menu_typo_font_subset":"","ocean_menu_typo_font_size":0,"ocean_menu_typo_font_size_tablet":0,"ocean_menu_typo_font_size_mobile":0,"ocean_menu_typo_font_size_unit":"px","ocean_menu_typo_font_weight":"","ocean_menu_typo_font_weight_tablet":"","ocean_menu_typo_font_weight_mobile":"","ocean_menu_typo_transform":"","ocean_menu_typo_transform_tablet":"","ocean_menu_typo_transform_mobile":"","ocean_menu_typo_line_height":0,"ocean_menu_typo_line_height_tablet":0,"ocean_menu_typo_line_height_mobile":0,"ocean_menu_typo_line_height_unit":"","ocean_menu_typo_spacing":0,"ocean_menu_typo_spacing_tablet":0,"ocean_menu_typo_spacing_mobile":0,"ocean_menu_typo_spacing_unit":"","ocean_menu_link_color":"","ocean_menu_link_color_hover":"","ocean_menu_link_color_active":"","ocean_menu_link_background":"","ocean_menu_link_hover_background":"","ocean_menu_link_active_background":"","ocean_menu_social_links_bg":"","ocean_menu_social_hover_links_bg":"","ocean_menu_social_links_color":"","ocean_menu_social_hover_links_color":"","ocean_disable_title":"default","ocean_disable_heading":"default","ocean_post_title":"","ocean_post_subheading":"","ocean_post_title_style":"","ocean_post_title_background_color":"","ocean_post_title_background":0,"ocean_post_title_bg_image_position":"","ocean_post_title_bg_image_attachment":"","ocean_post_title_bg_image_repeat":"","ocean_post_title_bg_image_size":"","ocean_post_title_height":0,"ocean_post_title_bg_overlay":0.5,"ocean_post_title_bg_overlay_color":"","ocean_disable_breadcrumbs":"default","ocean_breadcrumbs_color":"","ocean_breadcrumbs_separator_color":"","ocean_breadcrumbs_links_color":"","ocean_breadcrumbs_links_hover_color":"","ocean_display_footer_widgets":"default","ocean_display_footer_bottom":"default","ocean_custom_footer_template":"0","ocean_post_oembed":"","ocean_post_self_hosted_media":"","ocean_post_video_embed":"","ocean_link_format":"","ocean_link_format_target":"self","ocean_quote_format":"","ocean_quote_format_link":"post","ocean_gallery_link_images":"on","ocean_gallery_id":[],"footnotes":""},"categories":[1],"tags":[],"class_list":["post-7434","post","type-post","status-publish","format-standard","has-post-thumbnail","hentry","category-sin-categorizar","entry","has-media"],"acf":[],"yoast_head":"<!-- This site is optimized with the Yoast SEO plugin v27.3 - https:\/\/yoast.com\/product\/yoast-seo-wordpress\/ -->\n<title>Participa en el nostre concurs de fotografia en xarxes socials #ViviendasSinBarreras i ajuda\u2019ns a trencar amb les barreres arquitect\u00f2niques - Fundaci\u00f3n Mutua de Propietarios<\/title>\n<meta name=\"robots\" content=\"index, follow, max-snippet:-1, max-image-preview:large, max-video-preview:-1\" \/>\n<link rel=\"canonical\" href=\"https:\/\/www.fundacionmdp.org\/participa-en-nuestro-concurso-viviendassinbarreras-y-ayudanos-a-romper-con-las-barreras-arquitectonicas\/\" \/>\n<meta property=\"og:locale\" content=\"ca_ES\" \/>\n<meta property=\"og:type\" content=\"article\" \/>\n<meta property=\"og:title\" content=\"Participa en el nostre concurs de fotografia en xarxes socials #ViviendasSinBarreras i ajuda\u2019ns a trencar amb les barreres arquitect\u00f2niques - Fundaci\u00f3n Mutua de Propietarios\" \/>\n<meta property=\"og:description\" content=\"Saps que nom\u00e9s el 0\u20196% dels edificis d\u2019habitatges a Espanya s\u00f3n universalment accessibles? Aix\u00f2 vol dir que la majoria dels edificis d\u2019habitatges tenen barreres arquitect\u00f2niques que dificulten que les persones amb mobilitat redu\u00efda puguin accedir a les seves cases de manera independent i segura. Graons al portal o l\u2019entrada, escales sense rampa, b\u00fasties\u00a0 o int\u00e8rfons [&hellip;]\" \/>\n<meta property=\"og:url\" content=\"https:\/\/www.fundacionmdp.org\/participa-en-nuestro-concurso-viviendassinbarreras-y-ayudanos-a-romper-con-las-barreras-arquitectonicas\/\" \/>\n<meta property=\"og:site_name\" content=\"Fundaci\u00f3n Mutua de Propietarios\" \/>\n<meta property=\"article:published_time\" content=\"2022-10-03T14:21:00+00:00\" \/>\n<meta property=\"article:modified_time\" content=\"2023-05-15T12:16:12+00:00\" \/>\n<meta property=\"og:image\" content=\"https:\/\/www.fundacionmdp.org\/wp-content\/uploads\/2023\/05\/6.-Foto-para-noticia-web-1.jpg\" \/>\n\t<meta property=\"og:image:width\" content=\"1080\" \/>\n\t<meta property=\"og:image:height\" content=\"1080\" \/>\n\t<meta property=\"og:image:type\" content=\"image\/jpeg\" \/>\n<meta name=\"author\" content=\"fundacionmdp\" \/>\n<meta name=\"twitter:card\" content=\"summary_large_image\" \/>\n<meta name=\"twitter:label1\" content=\"Escrit per\" \/>\n\t<meta name=\"twitter:data1\" content=\"fundacionmdp\" \/>\n\t<meta name=\"twitter:label2\" content=\"Temps estimat de lectura\" \/>\n\t<meta name=\"twitter:data2\" content=\"2 minuts\" \/>\n<script type=\"application\/ld+json\" class=\"yoast-schema-graph\">{\"@context\":\"https:\\\/\\\/schema.org\",\"@graph\":[{\"@type\":\"Article\",\"@id\":\"https:\\\/\\\/www.fundacionmdp.org\\\/participa-en-nuestro-concurso-viviendassinbarreras-y-ayudanos-a-romper-con-las-barreras-arquitectonicas\\\/#article\",\"isPartOf\":{\"@id\":\"https:\\\/\\\/www.fundacionmdp.org\\\/participa-en-nuestro-concurso-viviendassinbarreras-y-ayudanos-a-romper-con-las-barreras-arquitectonicas\\\/\"},\"author\":{\"name\":\"fundacionmdp\",\"@id\":\"https:\\\/\\\/www.fundacionmdp.org\\\/#\\\/schema\\\/person\\\/12f9af801cac25dfcb5a96cb0090f703\"},\"headline\":\"Participa en el nostre concurs de fotografia en xarxes socials #ViviendasSinBarreras i ajuda\u2019ns a trencar amb les barreres arquitect\u00f2niques\",\"datePublished\":\"2022-10-03T14:21:00+00:00\",\"dateModified\":\"2023-05-15T12:16:12+00:00\",\"mainEntityOfPage\":{\"@id\":\"https:\\\/\\\/www.fundacionmdp.org\\\/participa-en-nuestro-concurso-viviendassinbarreras-y-ayudanos-a-romper-con-las-barreras-arquitectonicas\\\/\"},\"wordCount\":436,\"commentCount\":0,\"publisher\":{\"@id\":\"https:\\\/\\\/www.fundacionmdp.org\\\/#organization\"},\"image\":{\"@id\":\"https:\\\/\\\/www.fundacionmdp.org\\\/participa-en-nuestro-concurso-viviendassinbarreras-y-ayudanos-a-romper-con-las-barreras-arquitectonicas\\\/#primaryimage\"},\"thumbnailUrl\":\"https:\\\/\\\/www.fundacionmdp.org\\\/wp-content\\\/uploads\\\/2023\\\/05\\\/6.-Foto-para-noticia-web-1.jpg\",\"articleSection\":[\"Sin categorizar\"],\"inLanguage\":\"ca\",\"potentialAction\":[{\"@type\":\"CommentAction\",\"name\":\"Comment\",\"target\":[\"https:\\\/\\\/www.fundacionmdp.org\\\/participa-en-nuestro-concurso-viviendassinbarreras-y-ayudanos-a-romper-con-las-barreras-arquitectonicas\\\/#respond\"]}]},{\"@type\":\"WebPage\",\"@id\":\"https:\\\/\\\/www.fundacionmdp.org\\\/participa-en-nuestro-concurso-viviendassinbarreras-y-ayudanos-a-romper-con-las-barreras-arquitectonicas\\\/\",\"url\":\"https:\\\/\\\/www.fundacionmdp.org\\\/participa-en-nuestro-concurso-viviendassinbarreras-y-ayudanos-a-romper-con-las-barreras-arquitectonicas\\\/\",\"name\":\"Participa en el nostre concurs de fotografia en xarxes socials #ViviendasSinBarreras i ajuda\u2019ns a trencar amb les barreres arquitect\u00f2niques - Fundaci\u00f3n Mutua de Propietarios\",\"isPartOf\":{\"@id\":\"https:\\\/\\\/www.fundacionmdp.org\\\/#website\"},\"primaryImageOfPage\":{\"@id\":\"https:\\\/\\\/www.fundacionmdp.org\\\/participa-en-nuestro-concurso-viviendassinbarreras-y-ayudanos-a-romper-con-las-barreras-arquitectonicas\\\/#primaryimage\"},\"image\":{\"@id\":\"https:\\\/\\\/www.fundacionmdp.org\\\/participa-en-nuestro-concurso-viviendassinbarreras-y-ayudanos-a-romper-con-las-barreras-arquitectonicas\\\/#primaryimage\"},\"thumbnailUrl\":\"https:\\\/\\\/www.fundacionmdp.org\\\/wp-content\\\/uploads\\\/2023\\\/05\\\/6.-Foto-para-noticia-web-1.jpg\",\"datePublished\":\"2022-10-03T14:21:00+00:00\",\"dateModified\":\"2023-05-15T12:16:12+00:00\",\"breadcrumb\":{\"@id\":\"https:\\\/\\\/www.fundacionmdp.org\\\/participa-en-nuestro-concurso-viviendassinbarreras-y-ayudanos-a-romper-con-las-barreras-arquitectonicas\\\/#breadcrumb\"},\"inLanguage\":\"ca\",\"potentialAction\":[{\"@type\":\"ReadAction\",\"target\":[\"https:\\\/\\\/www.fundacionmdp.org\\\/participa-en-nuestro-concurso-viviendassinbarreras-y-ayudanos-a-romper-con-las-barreras-arquitectonicas\\\/\"]}]},{\"@type\":\"ImageObject\",\"inLanguage\":\"ca\",\"@id\":\"https:\\\/\\\/www.fundacionmdp.org\\\/participa-en-nuestro-concurso-viviendassinbarreras-y-ayudanos-a-romper-con-las-barreras-arquitectonicas\\\/#primaryimage\",\"url\":\"https:\\\/\\\/www.fundacionmdp.org\\\/wp-content\\\/uploads\\\/2023\\\/05\\\/6.-Foto-para-noticia-web-1.jpg\",\"contentUrl\":\"https:\\\/\\\/www.fundacionmdp.org\\\/wp-content\\\/uploads\\\/2023\\\/05\\\/6.-Foto-para-noticia-web-1.jpg\",\"width\":1080,\"height\":1080},{\"@type\":\"BreadcrumbList\",\"@id\":\"https:\\\/\\\/www.fundacionmdp.org\\\/participa-en-nuestro-concurso-viviendassinbarreras-y-ayudanos-a-romper-con-las-barreras-arquitectonicas\\\/#breadcrumb\",\"itemListElement\":[{\"@type\":\"ListItem\",\"position\":1,\"name\":\"Home\",\"item\":\"https:\\\/\\\/www.fundacionmdp.org\\\/ca\\\/\"},{\"@type\":\"ListItem\",\"position\":2,\"name\":\"Participa en el nostre concurs de fotografia en xarxes socials #ViviendasSinBarreras i ajuda\u2019ns a trencar amb les barreres arquitect\u00f2niques\"}]},{\"@type\":\"WebSite\",\"@id\":\"https:\\\/\\\/www.fundacionmdp.org\\\/#website\",\"url\":\"https:\\\/\\\/www.fundacionmdp.org\\\/\",\"name\":\"Fundaci\u00f3n Mutua de Propietarios\",\"description\":\"En la Fundaci\u00f3n Mutua de Propietarios te ayudamos a convertir tu edificio de viviendas en un espacio sin barreras arquitect\u00f3nicas.\",\"publisher\":{\"@id\":\"https:\\\/\\\/www.fundacionmdp.org\\\/#organization\"},\"potentialAction\":[{\"@type\":\"SearchAction\",\"target\":{\"@type\":\"EntryPoint\",\"urlTemplate\":\"https:\\\/\\\/www.fundacionmdp.org\\\/?s={search_term_string}\"},\"query-input\":{\"@type\":\"PropertyValueSpecification\",\"valueRequired\":true,\"valueName\":\"search_term_string\"}}],\"inLanguage\":\"ca\"},{\"@type\":\"Organization\",\"@id\":\"https:\\\/\\\/www.fundacionmdp.org\\\/#organization\",\"name\":\"Fundaci\u00f3n Mutua de Propietarios\",\"url\":\"https:\\\/\\\/www.fundacionmdp.org\\\/\",\"logo\":{\"@type\":\"ImageObject\",\"inLanguage\":\"ca\",\"@id\":\"https:\\\/\\\/www.fundacionmdp.org\\\/#\\\/schema\\\/logo\\\/image\\\/\",\"url\":\"https:\\\/\\\/www.fundacionmdp.org\\\/wp-content\\\/uploads\\\/2023\\\/05\\\/logo_FMdP_cat.png\",\"contentUrl\":\"https:\\\/\\\/www.fundacionmdp.org\\\/wp-content\\\/uploads\\\/2023\\\/05\\\/logo_FMdP_cat.png\",\"width\":655,\"height\":297,\"caption\":\"Fundaci\u00f3n Mutua de Propietarios\"},\"image\":{\"@id\":\"https:\\\/\\\/www.fundacionmdp.org\\\/#\\\/schema\\\/logo\\\/image\\\/\"}},{\"@type\":\"Person\",\"@id\":\"https:\\\/\\\/www.fundacionmdp.org\\\/#\\\/schema\\\/person\\\/12f9af801cac25dfcb5a96cb0090f703\",\"name\":\"fundacionmdp\",\"image\":{\"@type\":\"ImageObject\",\"inLanguage\":\"ca\",\"@id\":\"https:\\\/\\\/secure.gravatar.com\\\/avatar\\\/b540f93d1816a14d85e51109d050c3243b98fb660a665f517a6d2597cff3bbed?s=96&d=mm&r=g\",\"url\":\"https:\\\/\\\/secure.gravatar.com\\\/avatar\\\/b540f93d1816a14d85e51109d050c3243b98fb660a665f517a6d2597cff3bbed?s=96&d=mm&r=g\",\"contentUrl\":\"https:\\\/\\\/secure.gravatar.com\\\/avatar\\\/b540f93d1816a14d85e51109d050c3243b98fb660a665f517a6d2597cff3bbed?s=96&d=mm&r=g\",\"caption\":\"fundacionmdp\"},\"sameAs\":[\"http:\\\/\\\/prezuk.com.mialias.net\\\/fundacionmdp\"],\"url\":\"https:\\\/\\\/www.fundacionmdp.org\\\/ca\\\/author\\\/fundacionmdp\\\/\"}]}<\/script>\n<!-- \/ Yoast SEO plugin. -->","yoast_head_json":{"title":"Participa en el nostre concurs de fotografia en xarxes socials #ViviendasSinBarreras i ajuda\u2019ns a trencar amb les barreres arquitect\u00f2niques - Fundaci\u00f3n Mutua de Propietarios","robots":{"index":"index","follow":"follow","max-snippet":"max-snippet:-1","max-image-preview":"max-image-preview:large","max-video-preview":"max-video-preview:-1"},"canonical":"https:\/\/www.fundacionmdp.org\/participa-en-nuestro-concurso-viviendassinbarreras-y-ayudanos-a-romper-con-las-barreras-arquitectonicas\/","og_locale":"ca_ES","og_type":"article","og_title":"Participa en el nostre concurs de fotografia en xarxes socials #ViviendasSinBarreras i ajuda\u2019ns a trencar amb les barreres arquitect\u00f2niques - Fundaci\u00f3n Mutua de Propietarios","og_description":"Saps que nom\u00e9s el 0\u20196% dels edificis d\u2019habitatges a Espanya s\u00f3n universalment accessibles? Aix\u00f2 vol dir que la majoria dels edificis d\u2019habitatges tenen barreres arquitect\u00f2niques que dificulten que les persones amb mobilitat redu\u00efda puguin accedir a les seves cases de manera independent i segura. Graons al portal o l\u2019entrada, escales sense rampa, b\u00fasties\u00a0 o int\u00e8rfons [&hellip;]","og_url":"https:\/\/www.fundacionmdp.org\/participa-en-nuestro-concurso-viviendassinbarreras-y-ayudanos-a-romper-con-las-barreras-arquitectonicas\/","og_site_name":"Fundaci\u00f3n Mutua de Propietarios","article_published_time":"2022-10-03T14:21:00+00:00","article_modified_time":"2023-05-15T12:16:12+00:00","og_image":[{"width":1080,"height":1080,"url":"https:\/\/www.fundacionmdp.org\/wp-content\/uploads\/2023\/05\/6.-Foto-para-noticia-web-1.jpg","type":"image\/jpeg"}],"author":"fundacionmdp","twitter_card":"summary_large_image","twitter_misc":{"Escrit per":"fundacionmdp","Temps estimat de lectura":"2 minuts"},"schema":{"@context":"https:\/\/schema.org","@graph":[{"@type":"Article","@id":"https:\/\/www.fundacionmdp.org\/participa-en-nuestro-concurso-viviendassinbarreras-y-ayudanos-a-romper-con-las-barreras-arquitectonicas\/#article","isPartOf":{"@id":"https:\/\/www.fundacionmdp.org\/participa-en-nuestro-concurso-viviendassinbarreras-y-ayudanos-a-romper-con-las-barreras-arquitectonicas\/"},"author":{"name":"fundacionmdp","@id":"https:\/\/www.fundacionmdp.org\/#\/schema\/person\/12f9af801cac25dfcb5a96cb0090f703"},"headline":"Participa en el nostre concurs de fotografia en xarxes socials #ViviendasSinBarreras i ajuda\u2019ns a trencar amb les barreres arquitect\u00f2niques","datePublished":"2022-10-03T14:21:00+00:00","dateModified":"2023-05-15T12:16:12+00:00","mainEntityOfPage":{"@id":"https:\/\/www.fundacionmdp.org\/participa-en-nuestro-concurso-viviendassinbarreras-y-ayudanos-a-romper-con-las-barreras-arquitectonicas\/"},"wordCount":436,"commentCount":0,"publisher":{"@id":"https:\/\/www.fundacionmdp.org\/#organization"},"image":{"@id":"https:\/\/www.fundacionmdp.org\/participa-en-nuestro-concurso-viviendassinbarreras-y-ayudanos-a-romper-con-las-barreras-arquitectonicas\/#primaryimage"},"thumbnailUrl":"https:\/\/www.fundacionmdp.org\/wp-content\/uploads\/2023\/05\/6.-Foto-para-noticia-web-1.jpg","articleSection":["Sin categorizar"],"inLanguage":"ca","potentialAction":[{"@type":"CommentAction","name":"Comment","target":["https:\/\/www.fundacionmdp.org\/participa-en-nuestro-concurso-viviendassinbarreras-y-ayudanos-a-romper-con-las-barreras-arquitectonicas\/#respond"]}]},{"@type":"WebPage","@id":"https:\/\/www.fundacionmdp.org\/participa-en-nuestro-concurso-viviendassinbarreras-y-ayudanos-a-romper-con-las-barreras-arquitectonicas\/","url":"https:\/\/www.fundacionmdp.org\/participa-en-nuestro-concurso-viviendassinbarreras-y-ayudanos-a-romper-con-las-barreras-arquitectonicas\/","name":"Participa en el nostre concurs de fotografia en xarxes socials #ViviendasSinBarreras i ajuda\u2019ns a trencar amb les barreres arquitect\u00f2niques - Fundaci\u00f3n Mutua de Propietarios","isPartOf":{"@id":"https:\/\/www.fundacionmdp.org\/#website"},"primaryImageOfPage":{"@id":"https:\/\/www.fundacionmdp.org\/participa-en-nuestro-concurso-viviendassinbarreras-y-ayudanos-a-romper-con-las-barreras-arquitectonicas\/#primaryimage"},"image":{"@id":"https:\/\/www.fundacionmdp.org\/participa-en-nuestro-concurso-viviendassinbarreras-y-ayudanos-a-romper-con-las-barreras-arquitectonicas\/#primaryimage"},"thumbnailUrl":"https:\/\/www.fundacionmdp.org\/wp-content\/uploads\/2023\/05\/6.-Foto-para-noticia-web-1.jpg","datePublished":"2022-10-03T14:21:00+00:00","dateModified":"2023-05-15T12:16:12+00:00","breadcrumb":{"@id":"https:\/\/www.fundacionmdp.org\/participa-en-nuestro-concurso-viviendassinbarreras-y-ayudanos-a-romper-con-las-barreras-arquitectonicas\/#breadcrumb"},"inLanguage":"ca","potentialAction":[{"@type":"ReadAction","target":["https:\/\/www.fundacionmdp.org\/participa-en-nuestro-concurso-viviendassinbarreras-y-ayudanos-a-romper-con-las-barreras-arquitectonicas\/"]}]},{"@type":"ImageObject","inLanguage":"ca","@id":"https:\/\/www.fundacionmdp.org\/participa-en-nuestro-concurso-viviendassinbarreras-y-ayudanos-a-romper-con-las-barreras-arquitectonicas\/#primaryimage","url":"https:\/\/www.fundacionmdp.org\/wp-content\/uploads\/2023\/05\/6.-Foto-para-noticia-web-1.jpg","contentUrl":"https:\/\/www.fundacionmdp.org\/wp-content\/uploads\/2023\/05\/6.-Foto-para-noticia-web-1.jpg","width":1080,"height":1080},{"@type":"BreadcrumbList","@id":"https:\/\/www.fundacionmdp.org\/participa-en-nuestro-concurso-viviendassinbarreras-y-ayudanos-a-romper-con-las-barreras-arquitectonicas\/#breadcrumb","itemListElement":[{"@type":"ListItem","position":1,"name":"Home","item":"https:\/\/www.fundacionmdp.org\/ca\/"},{"@type":"ListItem","position":2,"name":"Participa en el nostre concurs de fotografia en xarxes socials #ViviendasSinBarreras i ajuda\u2019ns a trencar amb les barreres arquitect\u00f2niques"}]},{"@type":"WebSite","@id":"https:\/\/www.fundacionmdp.org\/#website","url":"https:\/\/www.fundacionmdp.org\/","name":"Fundaci\u00f3n Mutua de Propietarios","description":"En la Fundaci\u00f3n Mutua de Propietarios te ayudamos a convertir tu edificio de viviendas en un espacio sin barreras arquitect\u00f3nicas.","publisher":{"@id":"https:\/\/www.fundacionmdp.org\/#organization"},"potentialAction":[{"@type":"SearchAction","target":{"@type":"EntryPoint","urlTemplate":"https:\/\/www.fundacionmdp.org\/?s={search_term_string}"},"query-input":{"@type":"PropertyValueSpecification","valueRequired":true,"valueName":"search_term_string"}}],"inLanguage":"ca"},{"@type":"Organization","@id":"https:\/\/www.fundacionmdp.org\/#organization","name":"Fundaci\u00f3n Mutua de Propietarios","url":"https:\/\/www.fundacionmdp.org\/","logo":{"@type":"ImageObject","inLanguage":"ca","@id":"https:\/\/www.fundacionmdp.org\/#\/schema\/logo\/image\/","url":"https:\/\/www.fundacionmdp.org\/wp-content\/uploads\/2023\/05\/logo_FMdP_cat.png","contentUrl":"https:\/\/www.fundacionmdp.org\/wp-content\/uploads\/2023\/05\/logo_FMdP_cat.png","width":655,"height":297,"caption":"Fundaci\u00f3n Mutua de Propietarios"},"image":{"@id":"https:\/\/www.fundacionmdp.org\/#\/schema\/logo\/image\/"}},{"@type":"Person","@id":"https:\/\/www.fundacionmdp.org\/#\/schema\/person\/12f9af801cac25dfcb5a96cb0090f703","name":"fundacionmdp","image":{"@type":"ImageObject","inLanguage":"ca","@id":"https:\/\/secure.gravatar.com\/avatar\/b540f93d1816a14d85e51109d050c3243b98fb660a665f517a6d2597cff3bbed?s=96&d=mm&r=g","url":"https:\/\/secure.gravatar.com\/avatar\/b540f93d1816a14d85e51109d050c3243b98fb660a665f517a6d2597cff3bbed?s=96&d=mm&r=g","contentUrl":"https:\/\/secure.gravatar.com\/avatar\/b540f93d1816a14d85e51109d050c3243b98fb660a665f517a6d2597cff3bbed?s=96&d=mm&r=g","caption":"fundacionmdp"},"sameAs":["http:\/\/prezuk.com.mialias.net\/fundacionmdp"],"url":"https:\/\/www.fundacionmdp.org\/ca\/author\/fundacionmdp\/"}]}},"_links":{"self":[{"href":"https:\/\/www.fundacionmdp.org\/ca\/wp-json\/wp\/v2\/posts\/7434","targetHints":{"allow":["GET"]}}],"collection":[{"href":"https:\/\/www.fundacionmdp.org\/ca\/wp-json\/wp\/v2\/posts"}],"about":[{"href":"https:\/\/www.fundacionmdp.org\/ca\/wp-json\/wp\/v2\/types\/post"}],"author":[{"embeddable":true,"href":"https:\/\/www.fundacionmdp.org\/ca\/wp-json\/wp\/v2\/users\/1"}],"replies":[{"embeddable":true,"href":"https:\/\/www.fundacionmdp.org\/ca\/wp-json\/wp\/v2\/comments?post=7434"}],"version-history":[{"count":4,"href":"https:\/\/www.fundacionmdp.org\/ca\/wp-json\/wp\/v2\/posts\/7434\/revisions"}],"predecessor-version":[{"id":7438,"href":"https:\/\/www.fundacionmdp.org\/ca\/wp-json\/wp\/v2\/posts\/7434\/revisions\/7438"}],"wp:featuredmedia":[{"embeddable":true,"href":"https:\/\/www.fundacionmdp.org\/ca\/wp-json\/wp\/v2\/media\/6585"}],"wp:attachment":[{"href":"https:\/\/www.fundacionmdp.org\/ca\/wp-json\/wp\/v2\/media?parent=7434"}],"wp:term":[{"taxonomy":"category","embeddable":true,"href":"https:\/\/www.fundacionmdp.org\/ca\/wp-json\/wp\/v2\/categories?post=7434"},{"taxonomy":"post_tag","embeddable":true,"href":"https:\/\/www.fundacionmdp.org\/ca\/wp-json\/wp\/v2\/tags?post=7434"}],"curies":[{"name":"wp","href":"https:\/\/api.w.org\/{rel}","templated":true}]}}