{"id":7439,"date":"2022-11-10T14:24:00","date_gmt":"2022-11-10T14:24:00","guid":{"rendered":"http:\/\/prezuk.com.mialias.net\/fundacionmdp\/es-torna-a-obrir-el-programa-sense-barreres-de-financament-al-0-dinteressos-per-ajuts-a-obres-daccessibilitat\/"},"modified":"2023-05-15T12:18:18","modified_gmt":"2023-05-15T12:18:18","slug":"es-torna-a-obrir-el-programa-sense-barreres-de-financament-al-0-dinteressos-per-ajuts-a-obres-daccessibilitat","status":"publish","type":"post","link":"https:\/\/www.fundacionmdp.org\/ca\/es-torna-a-obrir-el-programa-sense-barreres-de-financament-al-0-dinteressos-per-ajuts-a-obres-daccessibilitat\/","title":{"rendered":"ES TORNA A OBRIR EL PROGRAMA \u2018SENSE BARRERES\u2019 DE FINAN\u00c7AMENT AL 0% D\u2019INTERESSOS PER AJUTS A OBRES D\u2019ACCESSIBILITAT"},"content":{"rendered":"\t\t<div data-elementor-type=\"wp-post\" data-elementor-id=\"7439\" class=\"elementor elementor-7439 elementor-2634\">\n\t\t\t\t<div class=\"elementor-element elementor-element-508fede e-flex e-con-boxed e-con e-parent\" data-id=\"508fede\" data-element_type=\"container\" data-e-type=\"container\">\n\t\t\t\t\t<div class=\"e-con-inner\">\n\t\t\t\t<div class=\"elementor-element elementor-element-a69eec5 elementor-widget elementor-widget-text-editor\" data-id=\"a69eec5\" data-element_type=\"widget\" data-e-type=\"widget\" data-widget_type=\"text-editor.default\">\n\t\t\t\t<div class=\"elementor-widget-container\">\n\t\t\t\t\t\t\t\t\t<ul><li>A dia d\u2019avui, el programa de la Fundaci\u00f3 Mutua de Propietarios ha subvencionat els interessos de pr\u00e9stecs per valor de 1.400.000 \u20ac<\/li><li>Podran accedir a aquests ajuts les comunitats de ve\u00efns de tota Espanya on resideixin persones amb mobilitat redu\u00efda o persones m\u00e9s grans de 65 anys.<\/li><li>M\u00e9s de 500 persones residents en 204 habitatges s\u2019han adherit a aquest finan\u00e7ament per la realitzaci\u00f3 de les obres de supressi\u00f3 de barreres arquitect\u00f2niques<\/li><\/ul><p><img fetchpriority=\"high\" decoding=\"async\" class=\" wp-image-5363 alignright\" src=\"https:\/\/www.fundacionmdp.org\/wp-content\/uploads\/2023\/05\/imatge_2022-12-14_144218551.png\" alt=\"\" width=\"274\" height=\"381\" \/><\/p><p><strong>Madrid, 10 de novembre de 2022- <\/strong>La Fundaci\u00f3 Mutua de Propietarios ha tornat a obrir la convocat\u00f2ria del programa \u2018Sense Barreres\u2019 amb finan\u00e7ament al 0% d\u2019interessos per a la realitzaci\u00f3 d\u2019obres de supressi\u00f3 de barreres arquitect\u00f2niques que contribueixin a millorar l\u2019accessibilitat dels edificis d\u2019habitatges a les persones amb mobilitat redu\u00efda.<\/p><p>Durant les dues \u00faltimes edicions, el programa de la Fundaci\u00f3 Mutua de Propietarios va subvencionar els interessos de pr\u00e9stecs per valor d\u20191.400.000\u20ac, dels quals es van beneficiar m\u00e9s de 500 persones residents en 204 habitatges.<\/p><p>Amb l\u2019objectiu de preparar els edificis per a una millor qualitat de vida, el programa \u2018Sense Barreres\u2019 de Finan\u00e7ament al 0% d\u2019interessos podran accedir-hi les comunitats de ve\u00efns situades en tot el territori nacional on resideixin, persones amb mobilitat redu\u00efda o majors de 65 anys.<\/p><p>El programa de la Fundaci\u00f3 Mutua de Propietarios compta amb una dotaci\u00f3 de finan\u00e7ament de 700.000 \u20ac per a la subvenci\u00f3 dels interessos de pr\u00e9stecs fins a 100.000\u20ac concedits per l\u2019entitat financera UCI (Uni\u00f3 de Cr\u00e8dits Immobiliaris, S.A).<\/p><p>Com \u00a0a novetat en aquesta convocat\u00f2ria, en el cas que el pressupost de les obres ascend\u00eds a m\u00e9s de 100.000\u20ac subvencionats per la Fundaci\u00f3, les comunitats de propietaris seleccionades per rebre els ajuts podran beneficiar-se de pr\u00e9stecs amb unes condicions de finan\u00e7ament molt avantatjoses que ofereix l\u2019entitat financera (UCI), a trav\u00e9s de l\u2019acord signat amb la Fundaci\u00f3 Mutua de Propietarios.<\/p><p><strong>Programa Sense Barreres<\/strong><\/p><p>A m\u00e9s a m\u00e9s del Programa de Finan\u00e7ament al 0% d\u2019interessos, la Fundaci\u00f3 Mutua de Propietarios concedeix tamb\u00e9 subvencions directes a la realitzaci\u00f3 d\u2019obres de supressi\u00f3 de barreres arquitect\u00f2niques, incloent-hi els honoraris de redacci\u00f3 dels projectes i de la direcci\u00f3 d\u2019obra.<\/p><p>Creat el 2018, el programa \u201cSense Barreres\u201d desitja posar a l\u2019abast a les comunitats ve\u00efnals els recursos financers i t\u00e8cnics per millorar l\u2019accessibilitat a les \u00e0rees comunes d\u2019un edifici, incloent projectes com la instal\u00b7laci\u00f3 d\u2019un ascensor, la supressi\u00f3 de desnivells, adequaci\u00f3 o eixamplament de portes, construcci\u00f3 de passadissos o ampliaci\u00f3 de parades, construcci\u00f3 de rampes o, excepcionalment, la instal\u00b7laci\u00f3 d\u2019aparells elevadors.<\/p><p>Des dels seus inicis, el programa \u2018Sense Barreres\u2019 ha entregat 988.000 euros en ajuts per a la millora de l\u2019accessibilitat en els edificis d\u2019habitatges on resideixen persones amb mobilitat redu\u00efda<strong>, <\/strong>de les quals s\u2019han beneficiat quasi 3.000 persones de 1.200 habitatges de comunitats de ve\u00efns.<\/p><p><strong><em>Sobre la Fundaci\u00f3 Mutua de Propietarios<\/em><\/strong><\/p><p>La Fundaci\u00f3 Mutua de Propietarios \u00e9s una instituci\u00f3 no lucrativa creada per l\u2019asseguradora Mutua de Propietarios amb la missi\u00f3 de millorar la qualitat de vida de les persones amb mobilitat redu\u00efda facilitant l\u2019accessibilitat a l\u2019habitatge i al seu entorn. Les \u00e0rees principals en les quals la Fundaci\u00f3 Mutua de Propietarios desenvolupa les seves activitats s\u00f3n l\u2019accessibilitat, mitjan\u00e7ant l\u2019eliminaci\u00f3 de barreres arquitect\u00f2niques, i la sensibilitzaci\u00f3 dels actors socials i pol\u00edtics decisors en aquesta mat\u00e8ria; l\u2019acci\u00f3 i inclusi\u00f3 social, mitjan\u00e7ant el disseny d\u2019activitats que afavoreixin la integraci\u00f3 i la qualitat de vida de les persones amb mobilitat redu\u00efda, i la innovaci\u00f3, amb la finalitat d\u2019afavorir la integraci\u00f3 de les noves tecnologies per millorar les condicions de vida a les persones amb mobilitat redu\u00efda.<\/p><p><strong><em>Per a m\u00e9s informaci\u00f3<\/em><\/strong><\/p><p><strong>LASKER<\/strong><\/p><p><strong><em>Alejandra Garc\u00eda de la Maza\/ Paloma Aguilera<\/em><\/strong><\/p><p>Tel. 650 52 54 29 \/659 072 261<\/p><p>\u00a0<\/p>\t\t\t\t\t\t\t\t<\/div>\n\t\t\t\t<\/div>\n\t\t\t\t\t<\/div>\n\t\t\t\t<\/div>\n\t\t\t\t<\/div>\n\t\t","protected":false},"excerpt":{"rendered":"<p>A dia d\u2019avui, el programa de la Fundaci\u00f3 Mutua de Propietarios ha subvencionat els interessos de pr\u00e9stecs per valor de 1.400.000 \u20ac Podran accedir a aquests ajuts les comunitats de ve\u00efns de tota Espanya on resideixin persones amb mobilitat redu\u00efda o persones m\u00e9s grans de 65 anys. M\u00e9s de 500 persones residents en 204 habitatges [&hellip;]<\/p>\n","protected":false},"author":1,"featured_media":6587,"comment_status":"open","ping_status":"open","sticky":false,"template":"","format":"standard","meta":{"_acf_changed":false,"ocean_post_layout":"","ocean_both_sidebars_style":"","ocean_both_sidebars_content_width":0,"ocean_both_sidebars_sidebars_width":0,"ocean_sidebar":"0","ocean_second_sidebar":"0","ocean_disable_margins":"enable","ocean_add_body_class":"","ocean_shortcode_before_top_bar":"","ocean_shortcode_after_top_bar":"","ocean_shortcode_before_header":"","ocean_shortcode_after_header":"","ocean_has_shortcode":"","ocean_shortcode_after_title":"","ocean_shortcode_before_footer_widgets":"","ocean_shortcode_after_footer_widgets":"","ocean_shortcode_before_footer_bottom":"","ocean_shortcode_after_footer_bottom":"","ocean_display_top_bar":"default","ocean_display_header":"default","ocean_header_style":"","ocean_center_header_left_menu":"0","ocean_custom_header_template":"0","ocean_custom_logo":0,"ocean_custom_retina_logo":0,"ocean_custom_logo_max_width":0,"ocean_custom_logo_tablet_max_width":0,"ocean_custom_logo_mobile_max_width":0,"ocean_custom_logo_max_height":0,"ocean_custom_logo_tablet_max_height":0,"ocean_custom_logo_mobile_max_height":0,"ocean_header_custom_menu":"0","ocean_menu_typo_font_family":"0","ocean_menu_typo_font_subset":"","ocean_menu_typo_font_size":0,"ocean_menu_typo_font_size_tablet":0,"ocean_menu_typo_font_size_mobile":0,"ocean_menu_typo_font_size_unit":"px","ocean_menu_typo_font_weight":"","ocean_menu_typo_font_weight_tablet":"","ocean_menu_typo_font_weight_mobile":"","ocean_menu_typo_transform":"","ocean_menu_typo_transform_tablet":"","ocean_menu_typo_transform_mobile":"","ocean_menu_typo_line_height":0,"ocean_menu_typo_line_height_tablet":0,"ocean_menu_typo_line_height_mobile":0,"ocean_menu_typo_line_height_unit":"","ocean_menu_typo_spacing":0,"ocean_menu_typo_spacing_tablet":0,"ocean_menu_typo_spacing_mobile":0,"ocean_menu_typo_spacing_unit":"","ocean_menu_link_color":"","ocean_menu_link_color_hover":"","ocean_menu_link_color_active":"","ocean_menu_link_background":"","ocean_menu_link_hover_background":"","ocean_menu_link_active_background":"","ocean_menu_social_links_bg":"","ocean_menu_social_hover_links_bg":"","ocean_menu_social_links_color":"","ocean_menu_social_hover_links_color":"","ocean_disable_title":"default","ocean_disable_heading":"default","ocean_post_title":"","ocean_post_subheading":"","ocean_post_title_style":"","ocean_post_title_background_color":"","ocean_post_title_background":0,"ocean_post_title_bg_image_position":"","ocean_post_title_bg_image_attachment":"","ocean_post_title_bg_image_repeat":"","ocean_post_title_bg_image_size":"","ocean_post_title_height":0,"ocean_post_title_bg_overlay":0.5,"ocean_post_title_bg_overlay_color":"","ocean_disable_breadcrumbs":"default","ocean_breadcrumbs_color":"","ocean_breadcrumbs_separator_color":"","ocean_breadcrumbs_links_color":"","ocean_breadcrumbs_links_hover_color":"","ocean_display_footer_widgets":"default","ocean_display_footer_bottom":"default","ocean_custom_footer_template":"0","ocean_post_oembed":"","ocean_post_self_hosted_media":"","ocean_post_video_embed":"","ocean_link_format":"","ocean_link_format_target":"self","ocean_quote_format":"","ocean_quote_format_link":"post","ocean_gallery_link_images":"on","ocean_gallery_id":[],"footnotes":""},"categories":[1],"tags":[],"class_list":["post-7439","post","type-post","status-publish","format-standard","has-post-thumbnail","hentry","category-sin-categorizar","entry","has-media"],"acf":[],"yoast_head":"<!-- This site is optimized with the Yoast SEO plugin v27.3 - https:\/\/yoast.com\/product\/yoast-seo-wordpress\/ -->\n<title>ES TORNA A OBRIR EL PROGRAMA \u2018SENSE BARRERES\u2019 DE FINAN\u00c7AMENT AL 0% D\u2019INTERESSOS PER AJUTS A OBRES D\u2019ACCESSIBILITAT - Fundaci\u00f3n Mutua de Propietarios<\/title>\n<meta name=\"robots\" content=\"index, follow, max-snippet:-1, max-image-preview:large, max-video-preview:-1\" \/>\n<link rel=\"canonical\" href=\"https:\/\/www.fundacionmdp.org\/se-reabre-programa-sin-barreras-de-financiacion-al-0-de-intereses-para-ayudas-a-obras-de-accesibilidad\/\" \/>\n<meta property=\"og:locale\" content=\"ca_ES\" \/>\n<meta property=\"og:type\" content=\"article\" \/>\n<meta property=\"og:title\" content=\"ES TORNA A OBRIR EL PROGRAMA \u2018SENSE BARRERES\u2019 DE FINAN\u00c7AMENT AL 0% D\u2019INTERESSOS PER AJUTS A OBRES D\u2019ACCESSIBILITAT - Fundaci\u00f3n Mutua de Propietarios\" \/>\n<meta property=\"og:description\" content=\"A dia d\u2019avui, el programa de la Fundaci\u00f3 Mutua de Propietarios ha subvencionat els interessos de pr\u00e9stecs per valor de 1.400.000 \u20ac Podran accedir a aquests ajuts les comunitats de ve\u00efns de tota Espanya on resideixin persones amb mobilitat redu\u00efda o persones m\u00e9s grans de 65 anys. M\u00e9s de 500 persones residents en 204 habitatges [&hellip;]\" \/>\n<meta property=\"og:url\" content=\"https:\/\/www.fundacionmdp.org\/se-reabre-programa-sin-barreras-de-financiacion-al-0-de-intereses-para-ayudas-a-obras-de-accesibilidad\/\" \/>\n<meta property=\"og:site_name\" content=\"Fundaci\u00f3n Mutua de Propietarios\" \/>\n<meta property=\"article:published_time\" content=\"2022-11-10T14:24:00+00:00\" \/>\n<meta property=\"article:modified_time\" content=\"2023-05-15T12:18:18+00:00\" \/>\n<meta property=\"og:image\" content=\"https:\/\/www.fundacionmdp.org\/wp-content\/uploads\/2023\/05\/6-1.jpg\" \/>\n\t<meta property=\"og:image:width\" content=\"1000\" \/>\n\t<meta property=\"og:image:height\" content=\"667\" \/>\n\t<meta property=\"og:image:type\" content=\"image\/jpeg\" \/>\n<meta name=\"author\" content=\"fundacionmdp\" \/>\n<meta name=\"twitter:card\" content=\"summary_large_image\" \/>\n<meta name=\"twitter:label1\" content=\"Escrit per\" \/>\n\t<meta name=\"twitter:data1\" content=\"fundacionmdp\" \/>\n\t<meta name=\"twitter:label2\" content=\"Temps estimat de lectura\" \/>\n\t<meta name=\"twitter:data2\" content=\"3 minuts\" \/>\n<script type=\"application\/ld+json\" class=\"yoast-schema-graph\">{\"@context\":\"https:\\\/\\\/schema.org\",\"@graph\":[{\"@type\":\"Article\",\"@id\":\"https:\\\/\\\/www.fundacionmdp.org\\\/se-reabre-programa-sin-barreras-de-financiacion-al-0-de-intereses-para-ayudas-a-obras-de-accesibilidad\\\/#article\",\"isPartOf\":{\"@id\":\"https:\\\/\\\/www.fundacionmdp.org\\\/se-reabre-programa-sin-barreras-de-financiacion-al-0-de-intereses-para-ayudas-a-obras-de-accesibilidad\\\/\"},\"author\":{\"name\":\"fundacionmdp\",\"@id\":\"https:\\\/\\\/www.fundacionmdp.org\\\/#\\\/schema\\\/person\\\/12f9af801cac25dfcb5a96cb0090f703\"},\"headline\":\"ES TORNA A OBRIR EL PROGRAMA \u2018SENSE BARRERES\u2019 DE FINAN\u00c7AMENT AL 0% D\u2019INTERESSOS PER AJUTS A OBRES D\u2019ACCESSIBILITAT\",\"datePublished\":\"2022-11-10T14:24:00+00:00\",\"dateModified\":\"2023-05-15T12:18:18+00:00\",\"mainEntityOfPage\":{\"@id\":\"https:\\\/\\\/www.fundacionmdp.org\\\/se-reabre-programa-sin-barreras-de-financiacion-al-0-de-intereses-para-ayudas-a-obras-de-accesibilidad\\\/\"},\"wordCount\":666,\"commentCount\":0,\"publisher\":{\"@id\":\"https:\\\/\\\/www.fundacionmdp.org\\\/#organization\"},\"image\":{\"@id\":\"https:\\\/\\\/www.fundacionmdp.org\\\/se-reabre-programa-sin-barreras-de-financiacion-al-0-de-intereses-para-ayudas-a-obras-de-accesibilidad\\\/#primaryimage\"},\"thumbnailUrl\":\"https:\\\/\\\/www.fundacionmdp.org\\\/wp-content\\\/uploads\\\/2023\\\/05\\\/6-1.jpg\",\"articleSection\":[\"Sin categorizar\"],\"inLanguage\":\"ca\",\"potentialAction\":[{\"@type\":\"CommentAction\",\"name\":\"Comment\",\"target\":[\"https:\\\/\\\/www.fundacionmdp.org\\\/se-reabre-programa-sin-barreras-de-financiacion-al-0-de-intereses-para-ayudas-a-obras-de-accesibilidad\\\/#respond\"]}]},{\"@type\":\"WebPage\",\"@id\":\"https:\\\/\\\/www.fundacionmdp.org\\\/se-reabre-programa-sin-barreras-de-financiacion-al-0-de-intereses-para-ayudas-a-obras-de-accesibilidad\\\/\",\"url\":\"https:\\\/\\\/www.fundacionmdp.org\\\/se-reabre-programa-sin-barreras-de-financiacion-al-0-de-intereses-para-ayudas-a-obras-de-accesibilidad\\\/\",\"name\":\"ES TORNA A OBRIR EL PROGRAMA \u2018SENSE BARRERES\u2019 DE FINAN\u00c7AMENT AL 0% D\u2019INTERESSOS PER AJUTS A OBRES D\u2019ACCESSIBILITAT - Fundaci\u00f3n Mutua de Propietarios\",\"isPartOf\":{\"@id\":\"https:\\\/\\\/www.fundacionmdp.org\\\/#website\"},\"primaryImageOfPage\":{\"@id\":\"https:\\\/\\\/www.fundacionmdp.org\\\/se-reabre-programa-sin-barreras-de-financiacion-al-0-de-intereses-para-ayudas-a-obras-de-accesibilidad\\\/#primaryimage\"},\"image\":{\"@id\":\"https:\\\/\\\/www.fundacionmdp.org\\\/se-reabre-programa-sin-barreras-de-financiacion-al-0-de-intereses-para-ayudas-a-obras-de-accesibilidad\\\/#primaryimage\"},\"thumbnailUrl\":\"https:\\\/\\\/www.fundacionmdp.org\\\/wp-content\\\/uploads\\\/2023\\\/05\\\/6-1.jpg\",\"datePublished\":\"2022-11-10T14:24:00+00:00\",\"dateModified\":\"2023-05-15T12:18:18+00:00\",\"breadcrumb\":{\"@id\":\"https:\\\/\\\/www.fundacionmdp.org\\\/se-reabre-programa-sin-barreras-de-financiacion-al-0-de-intereses-para-ayudas-a-obras-de-accesibilidad\\\/#breadcrumb\"},\"inLanguage\":\"ca\",\"potentialAction\":[{\"@type\":\"ReadAction\",\"target\":[\"https:\\\/\\\/www.fundacionmdp.org\\\/se-reabre-programa-sin-barreras-de-financiacion-al-0-de-intereses-para-ayudas-a-obras-de-accesibilidad\\\/\"]}]},{\"@type\":\"ImageObject\",\"inLanguage\":\"ca\",\"@id\":\"https:\\\/\\\/www.fundacionmdp.org\\\/se-reabre-programa-sin-barreras-de-financiacion-al-0-de-intereses-para-ayudas-a-obras-de-accesibilidad\\\/#primaryimage\",\"url\":\"https:\\\/\\\/www.fundacionmdp.org\\\/wp-content\\\/uploads\\\/2023\\\/05\\\/6-1.jpg\",\"contentUrl\":\"https:\\\/\\\/www.fundacionmdp.org\\\/wp-content\\\/uploads\\\/2023\\\/05\\\/6-1.jpg\",\"width\":1000,\"height\":667},{\"@type\":\"BreadcrumbList\",\"@id\":\"https:\\\/\\\/www.fundacionmdp.org\\\/se-reabre-programa-sin-barreras-de-financiacion-al-0-de-intereses-para-ayudas-a-obras-de-accesibilidad\\\/#breadcrumb\",\"itemListElement\":[{\"@type\":\"ListItem\",\"position\":1,\"name\":\"Home\",\"item\":\"https:\\\/\\\/www.fundacionmdp.org\\\/ca\\\/\"},{\"@type\":\"ListItem\",\"position\":2,\"name\":\"ES TORNA A OBRIR EL PROGRAMA \u2018SENSE BARRERES\u2019 DE FINAN\u00c7AMENT AL 0% D\u2019INTERESSOS PER AJUTS A OBRES D\u2019ACCESSIBILITAT\"}]},{\"@type\":\"WebSite\",\"@id\":\"https:\\\/\\\/www.fundacionmdp.org\\\/#website\",\"url\":\"https:\\\/\\\/www.fundacionmdp.org\\\/\",\"name\":\"Fundaci\u00f3n Mutua de Propietarios\",\"description\":\"En la Fundaci\u00f3n Mutua de Propietarios te ayudamos a convertir tu edificio de viviendas en un espacio sin barreras arquitect\u00f3nicas.\",\"publisher\":{\"@id\":\"https:\\\/\\\/www.fundacionmdp.org\\\/#organization\"},\"potentialAction\":[{\"@type\":\"SearchAction\",\"target\":{\"@type\":\"EntryPoint\",\"urlTemplate\":\"https:\\\/\\\/www.fundacionmdp.org\\\/?s={search_term_string}\"},\"query-input\":{\"@type\":\"PropertyValueSpecification\",\"valueRequired\":true,\"valueName\":\"search_term_string\"}}],\"inLanguage\":\"ca\"},{\"@type\":\"Organization\",\"@id\":\"https:\\\/\\\/www.fundacionmdp.org\\\/#organization\",\"name\":\"Fundaci\u00f3n Mutua de Propietarios\",\"url\":\"https:\\\/\\\/www.fundacionmdp.org\\\/\",\"logo\":{\"@type\":\"ImageObject\",\"inLanguage\":\"ca\",\"@id\":\"https:\\\/\\\/www.fundacionmdp.org\\\/#\\\/schema\\\/logo\\\/image\\\/\",\"url\":\"https:\\\/\\\/www.fundacionmdp.org\\\/wp-content\\\/uploads\\\/2023\\\/05\\\/logo_FMdP_cat.png\",\"contentUrl\":\"https:\\\/\\\/www.fundacionmdp.org\\\/wp-content\\\/uploads\\\/2023\\\/05\\\/logo_FMdP_cat.png\",\"width\":655,\"height\":297,\"caption\":\"Fundaci\u00f3n Mutua de Propietarios\"},\"image\":{\"@id\":\"https:\\\/\\\/www.fundacionmdp.org\\\/#\\\/schema\\\/logo\\\/image\\\/\"}},{\"@type\":\"Person\",\"@id\":\"https:\\\/\\\/www.fundacionmdp.org\\\/#\\\/schema\\\/person\\\/12f9af801cac25dfcb5a96cb0090f703\",\"name\":\"fundacionmdp\",\"image\":{\"@type\":\"ImageObject\",\"inLanguage\":\"ca\",\"@id\":\"https:\\\/\\\/secure.gravatar.com\\\/avatar\\\/b540f93d1816a14d85e51109d050c3243b98fb660a665f517a6d2597cff3bbed?s=96&d=mm&r=g\",\"url\":\"https:\\\/\\\/secure.gravatar.com\\\/avatar\\\/b540f93d1816a14d85e51109d050c3243b98fb660a665f517a6d2597cff3bbed?s=96&d=mm&r=g\",\"contentUrl\":\"https:\\\/\\\/secure.gravatar.com\\\/avatar\\\/b540f93d1816a14d85e51109d050c3243b98fb660a665f517a6d2597cff3bbed?s=96&d=mm&r=g\",\"caption\":\"fundacionmdp\"},\"sameAs\":[\"http:\\\/\\\/prezuk.com.mialias.net\\\/fundacionmdp\"],\"url\":\"https:\\\/\\\/www.fundacionmdp.org\\\/ca\\\/author\\\/fundacionmdp\\\/\"}]}<\/script>\n<!-- \/ Yoast SEO plugin. -->","yoast_head_json":{"title":"ES TORNA A OBRIR EL PROGRAMA \u2018SENSE BARRERES\u2019 DE FINAN\u00c7AMENT AL 0% D\u2019INTERESSOS PER AJUTS A OBRES D\u2019ACCESSIBILITAT - Fundaci\u00f3n Mutua de Propietarios","robots":{"index":"index","follow":"follow","max-snippet":"max-snippet:-1","max-image-preview":"max-image-preview:large","max-video-preview":"max-video-preview:-1"},"canonical":"https:\/\/www.fundacionmdp.org\/se-reabre-programa-sin-barreras-de-financiacion-al-0-de-intereses-para-ayudas-a-obras-de-accesibilidad\/","og_locale":"ca_ES","og_type":"article","og_title":"ES TORNA A OBRIR EL PROGRAMA \u2018SENSE BARRERES\u2019 DE FINAN\u00c7AMENT AL 0% D\u2019INTERESSOS PER AJUTS A OBRES D\u2019ACCESSIBILITAT - Fundaci\u00f3n Mutua de Propietarios","og_description":"A dia d\u2019avui, el programa de la Fundaci\u00f3 Mutua de Propietarios ha subvencionat els interessos de pr\u00e9stecs per valor de 1.400.000 \u20ac Podran accedir a aquests ajuts les comunitats de ve\u00efns de tota Espanya on resideixin persones amb mobilitat redu\u00efda o persones m\u00e9s grans de 65 anys. M\u00e9s de 500 persones residents en 204 habitatges [&hellip;]","og_url":"https:\/\/www.fundacionmdp.org\/se-reabre-programa-sin-barreras-de-financiacion-al-0-de-intereses-para-ayudas-a-obras-de-accesibilidad\/","og_site_name":"Fundaci\u00f3n Mutua de Propietarios","article_published_time":"2022-11-10T14:24:00+00:00","article_modified_time":"2023-05-15T12:18:18+00:00","og_image":[{"width":1000,"height":667,"url":"https:\/\/www.fundacionmdp.org\/wp-content\/uploads\/2023\/05\/6-1.jpg","type":"image\/jpeg"}],"author":"fundacionmdp","twitter_card":"summary_large_image","twitter_misc":{"Escrit per":"fundacionmdp","Temps estimat de lectura":"3 minuts"},"schema":{"@context":"https:\/\/schema.org","@graph":[{"@type":"Article","@id":"https:\/\/www.fundacionmdp.org\/se-reabre-programa-sin-barreras-de-financiacion-al-0-de-intereses-para-ayudas-a-obras-de-accesibilidad\/#article","isPartOf":{"@id":"https:\/\/www.fundacionmdp.org\/se-reabre-programa-sin-barreras-de-financiacion-al-0-de-intereses-para-ayudas-a-obras-de-accesibilidad\/"},"author":{"name":"fundacionmdp","@id":"https:\/\/www.fundacionmdp.org\/#\/schema\/person\/12f9af801cac25dfcb5a96cb0090f703"},"headline":"ES TORNA A OBRIR EL PROGRAMA \u2018SENSE BARRERES\u2019 DE FINAN\u00c7AMENT AL 0% D\u2019INTERESSOS PER AJUTS A OBRES D\u2019ACCESSIBILITAT","datePublished":"2022-11-10T14:24:00+00:00","dateModified":"2023-05-15T12:18:18+00:00","mainEntityOfPage":{"@id":"https:\/\/www.fundacionmdp.org\/se-reabre-programa-sin-barreras-de-financiacion-al-0-de-intereses-para-ayudas-a-obras-de-accesibilidad\/"},"wordCount":666,"commentCount":0,"publisher":{"@id":"https:\/\/www.fundacionmdp.org\/#organization"},"image":{"@id":"https:\/\/www.fundacionmdp.org\/se-reabre-programa-sin-barreras-de-financiacion-al-0-de-intereses-para-ayudas-a-obras-de-accesibilidad\/#primaryimage"},"thumbnailUrl":"https:\/\/www.fundacionmdp.org\/wp-content\/uploads\/2023\/05\/6-1.jpg","articleSection":["Sin categorizar"],"inLanguage":"ca","potentialAction":[{"@type":"CommentAction","name":"Comment","target":["https:\/\/www.fundacionmdp.org\/se-reabre-programa-sin-barreras-de-financiacion-al-0-de-intereses-para-ayudas-a-obras-de-accesibilidad\/#respond"]}]},{"@type":"WebPage","@id":"https:\/\/www.fundacionmdp.org\/se-reabre-programa-sin-barreras-de-financiacion-al-0-de-intereses-para-ayudas-a-obras-de-accesibilidad\/","url":"https:\/\/www.fundacionmdp.org\/se-reabre-programa-sin-barreras-de-financiacion-al-0-de-intereses-para-ayudas-a-obras-de-accesibilidad\/","name":"ES TORNA A OBRIR EL PROGRAMA \u2018SENSE BARRERES\u2019 DE FINAN\u00c7AMENT AL 0% D\u2019INTERESSOS PER AJUTS A OBRES D\u2019ACCESSIBILITAT - Fundaci\u00f3n Mutua de Propietarios","isPartOf":{"@id":"https:\/\/www.fundacionmdp.org\/#website"},"primaryImageOfPage":{"@id":"https:\/\/www.fundacionmdp.org\/se-reabre-programa-sin-barreras-de-financiacion-al-0-de-intereses-para-ayudas-a-obras-de-accesibilidad\/#primaryimage"},"image":{"@id":"https:\/\/www.fundacionmdp.org\/se-reabre-programa-sin-barreras-de-financiacion-al-0-de-intereses-para-ayudas-a-obras-de-accesibilidad\/#primaryimage"},"thumbnailUrl":"https:\/\/www.fundacionmdp.org\/wp-content\/uploads\/2023\/05\/6-1.jpg","datePublished":"2022-11-10T14:24:00+00:00","dateModified":"2023-05-15T12:18:18+00:00","breadcrumb":{"@id":"https:\/\/www.fundacionmdp.org\/se-reabre-programa-sin-barreras-de-financiacion-al-0-de-intereses-para-ayudas-a-obras-de-accesibilidad\/#breadcrumb"},"inLanguage":"ca","potentialAction":[{"@type":"ReadAction","target":["https:\/\/www.fundacionmdp.org\/se-reabre-programa-sin-barreras-de-financiacion-al-0-de-intereses-para-ayudas-a-obras-de-accesibilidad\/"]}]},{"@type":"ImageObject","inLanguage":"ca","@id":"https:\/\/www.fundacionmdp.org\/se-reabre-programa-sin-barreras-de-financiacion-al-0-de-intereses-para-ayudas-a-obras-de-accesibilidad\/#primaryimage","url":"https:\/\/www.fundacionmdp.org\/wp-content\/uploads\/2023\/05\/6-1.jpg","contentUrl":"https:\/\/www.fundacionmdp.org\/wp-content\/uploads\/2023\/05\/6-1.jpg","width":1000,"height":667},{"@type":"BreadcrumbList","@id":"https:\/\/www.fundacionmdp.org\/se-reabre-programa-sin-barreras-de-financiacion-al-0-de-intereses-para-ayudas-a-obras-de-accesibilidad\/#breadcrumb","itemListElement":[{"@type":"ListItem","position":1,"name":"Home","item":"https:\/\/www.fundacionmdp.org\/ca\/"},{"@type":"ListItem","position":2,"name":"ES TORNA A OBRIR EL PROGRAMA \u2018SENSE BARRERES\u2019 DE FINAN\u00c7AMENT AL 0% D\u2019INTERESSOS PER AJUTS A OBRES D\u2019ACCESSIBILITAT"}]},{"@type":"WebSite","@id":"https:\/\/www.fundacionmdp.org\/#website","url":"https:\/\/www.fundacionmdp.org\/","name":"Fundaci\u00f3n Mutua de Propietarios","description":"En la Fundaci\u00f3n Mutua de Propietarios te ayudamos a convertir tu edificio de viviendas en un espacio sin barreras arquitect\u00f3nicas.","publisher":{"@id":"https:\/\/www.fundacionmdp.org\/#organization"},"potentialAction":[{"@type":"SearchAction","target":{"@type":"EntryPoint","urlTemplate":"https:\/\/www.fundacionmdp.org\/?s={search_term_string}"},"query-input":{"@type":"PropertyValueSpecification","valueRequired":true,"valueName":"search_term_string"}}],"inLanguage":"ca"},{"@type":"Organization","@id":"https:\/\/www.fundacionmdp.org\/#organization","name":"Fundaci\u00f3n Mutua de Propietarios","url":"https:\/\/www.fundacionmdp.org\/","logo":{"@type":"ImageObject","inLanguage":"ca","@id":"https:\/\/www.fundacionmdp.org\/#\/schema\/logo\/image\/","url":"https:\/\/www.fundacionmdp.org\/wp-content\/uploads\/2023\/05\/logo_FMdP_cat.png","contentUrl":"https:\/\/www.fundacionmdp.org\/wp-content\/uploads\/2023\/05\/logo_FMdP_cat.png","width":655,"height":297,"caption":"Fundaci\u00f3n Mutua de Propietarios"},"image":{"@id":"https:\/\/www.fundacionmdp.org\/#\/schema\/logo\/image\/"}},{"@type":"Person","@id":"https:\/\/www.fundacionmdp.org\/#\/schema\/person\/12f9af801cac25dfcb5a96cb0090f703","name":"fundacionmdp","image":{"@type":"ImageObject","inLanguage":"ca","@id":"https:\/\/secure.gravatar.com\/avatar\/b540f93d1816a14d85e51109d050c3243b98fb660a665f517a6d2597cff3bbed?s=96&d=mm&r=g","url":"https:\/\/secure.gravatar.com\/avatar\/b540f93d1816a14d85e51109d050c3243b98fb660a665f517a6d2597cff3bbed?s=96&d=mm&r=g","contentUrl":"https:\/\/secure.gravatar.com\/avatar\/b540f93d1816a14d85e51109d050c3243b98fb660a665f517a6d2597cff3bbed?s=96&d=mm&r=g","caption":"fundacionmdp"},"sameAs":["http:\/\/prezuk.com.mialias.net\/fundacionmdp"],"url":"https:\/\/www.fundacionmdp.org\/ca\/author\/fundacionmdp\/"}]}},"_links":{"self":[{"href":"https:\/\/www.fundacionmdp.org\/ca\/wp-json\/wp\/v2\/posts\/7439","targetHints":{"allow":["GET"]}}],"collection":[{"href":"https:\/\/www.fundacionmdp.org\/ca\/wp-json\/wp\/v2\/posts"}],"about":[{"href":"https:\/\/www.fundacionmdp.org\/ca\/wp-json\/wp\/v2\/types\/post"}],"author":[{"embeddable":true,"href":"https:\/\/www.fundacionmdp.org\/ca\/wp-json\/wp\/v2\/users\/1"}],"replies":[{"embeddable":true,"href":"https:\/\/www.fundacionmdp.org\/ca\/wp-json\/wp\/v2\/comments?post=7439"}],"version-history":[{"count":4,"href":"https:\/\/www.fundacionmdp.org\/ca\/wp-json\/wp\/v2\/posts\/7439\/revisions"}],"predecessor-version":[{"id":7443,"href":"https:\/\/www.fundacionmdp.org\/ca\/wp-json\/wp\/v2\/posts\/7439\/revisions\/7443"}],"wp:featuredmedia":[{"embeddable":true,"href":"https:\/\/www.fundacionmdp.org\/ca\/wp-json\/wp\/v2\/media\/6587"}],"wp:attachment":[{"href":"https:\/\/www.fundacionmdp.org\/ca\/wp-json\/wp\/v2\/media?parent=7439"}],"wp:term":[{"taxonomy":"category","embeddable":true,"href":"https:\/\/www.fundacionmdp.org\/ca\/wp-json\/wp\/v2\/categories?post=7439"},{"taxonomy":"post_tag","embeddable":true,"href":"https:\/\/www.fundacionmdp.org\/ca\/wp-json\/wp\/v2\/tags?post=7439"}],"curies":[{"name":"wp","href":"https:\/\/api.w.org\/{rel}","templated":true}]}}