{"id":7444,"date":"2022-11-25T14:26:00","date_gmt":"2022-11-25T14:26:00","guid":{"rendered":"http:\/\/prezuk.com.mialias.net\/fundacionmdp\/prop-de-1-200-habitatges-rehabilitats-i-47-milions-deuros-per-a-eliminar-barreres-es-el-balanc-de-cinc-anys-de-compromis-amb-laccessibilitat\/"},"modified":"2023-05-15T12:20:40","modified_gmt":"2023-05-15T12:20:40","slug":"prop-de-1-200-habitatges-rehabilitats-i-47-milions-deuros-per-a-eliminar-barreres-es-el-balanc-de-cinc-anys-de-compromis-amb-laccessibilitat","status":"publish","type":"post","link":"https:\/\/www.fundacionmdp.org\/ca\/prop-de-1-200-habitatges-rehabilitats-i-47-milions-deuros-per-a-eliminar-barreres-es-el-balanc-de-cinc-anys-de-compromis-amb-laccessibilitat\/","title":{"rendered":"PROP DE 1.200 HABITATGES REHABILITATS I 4,7 MILIONS D\u2019EUROS PER A ELIMINAR BARRERES, \u00c9S EL BALAN\u00c7 DE CINC ANYS DE COMPROM\u00cdS AMB L\u2019ACCESSIBILITAT"},"content":{"rendered":"\t\t<div data-elementor-type=\"wp-post\" data-elementor-id=\"7444\" class=\"elementor elementor-7444 elementor-2641\">\n\t\t\t\t<div class=\"elementor-element elementor-element-35698b9 e-flex e-con-boxed e-con e-parent\" data-id=\"35698b9\" data-element_type=\"container\" data-e-type=\"container\">\n\t\t\t\t\t<div class=\"e-con-inner\">\n\t\t\t\t<div class=\"elementor-element elementor-element-e893386 elementor-widget elementor-widget-text-editor\" data-id=\"e893386\" data-element_type=\"widget\" data-e-type=\"widget\" data-widget_type=\"text-editor.default\">\n\t\t\t\t<div class=\"elementor-widget-container\">\n\t\t\t\t\t\t\t\t\t<p><strong>La Fundaci\u00f3 Mutua de Propietarios celebra el seu cinqu\u00e8 aniversari amb la missi\u00f3 de continuar millorant la qualitat de vida de les persones amb mobilitat redu\u00efda<\/strong><\/p><ul><li><strong>Campanyes de sensibilitzaci\u00f3 social com \u2018#Supervecinos\u2019 o \u2018La hist\u00f2ria de Idoia\u2019 han contribu\u00eft a conscienciar en la necessitat d\u2019eliminar barreres arquitect\u00f2niques<\/strong><\/li><li><strong>La Fundaci\u00f3 ha impulsat el desenvolupament de noves solucions tecnol\u00f2giques com la primera app que mesura l\u2019accessibilitat d\u2019un edifici o les Rampes d\u2019impressi\u00f3 3D<\/strong><\/li><\/ul><p><img fetchpriority=\"high\" decoding=\"async\" class=\" wp-image-5403 alignright\" src=\"https:\/\/www.fundacionmdp.org\/wp-content\/uploads\/2023\/05\/05-ImagenFondo-1800.jpg\" alt=\"\" width=\"290\" height=\"403\" \/><\/p><p><strong>Barcelona, 25 de novembre de 2022\u2013 <\/strong>Prop de mil edificis d\u2019habitatges s\u2019han beneficiat de les ajudes econ\u00f2miques per a l\u2019eliminaci\u00f3 de barreres arquitect\u00f2niques que concedeix la Fundaci\u00f3 Mutua de Propietarios, que celebra el seu cinqu\u00e8 aniversari reafirmant el seu comprom\u00eds amb la millora de la qualitat de vida de les persones amb mobilitat redu\u00efda<\/p><p>\u201cEl que hem aconseguit des de 2017 ens anima a continuar avan\u00e7ant per a aconseguir un parc d\u2019habitatges lliure de barreres arquitect\u00f2niques que garanteixi el dret a una vida independent\u00a0de\u00a0totes les persones\u201d, va afirmar Laura L\u00f3pez\u00a0Demarbre, vicepresidenta executiva de la Fundaci\u00f3 Mutua de Propietarios, en l\u2019acte commemoratiu d\u2019aquest aniversari celebrat a Barcelona.<\/p><p>Amb l\u2019objectiu de millorar l\u2019accessibilitat a l\u2019habitatge i al seu entorn, la Fundaci\u00f3 t\u00e9 obertes quatre l\u00ednies d\u2019actuaci\u00f3: finan\u00e7ament d\u2019obres d\u2019eliminaci\u00f3 de barreres arquitect\u00f2niques; campanyes de sensibilitzaci\u00f3 social; l\u2019 acci\u00f3 i la inclusi\u00f3 de les persones amb mobilitat redu\u00efda, i la innovaci\u00f3 aplicada a l\u2019accessibilitat, mitjan\u00e7ant el desenvolupament de noves tecnologies que contribueixin a millorar les condicions de vida d\u2019aquest col\u00b7lectiu.<\/p><p>En els seus cinc anys d\u2019activitat, el Programa <strong>\u2018Sense Barreres\u2019<\/strong> ha posat a l\u2019abast de les comunitats ve\u00efnals els recursos financers i t\u00e8cnics per a millorar l\u2019accessibilitat en les \u00e0rees comuns d\u2019un edifici, destinant 993.547 euros a l\u2019eliminaci\u00f3 de barreres arquitect\u00f2niques en 1.193 habitatges on resideixen 2.983 persones amb mobilitat redu\u00efda.<\/p><p>A aquest efecte, s\u2019han realitzat obres per valor de 4,7 milions d\u2019euros per a la creaci\u00f3 d\u2019itineraris accessibles que inclouen la instal\u00b7laci\u00f3 d\u2019ascensors, plataformes elevadores o salva escales, l\u2019execuci\u00f3 de rampes per a eliminar desnivells o la motoritzaci\u00f3 de la porta d\u2019acc\u00e9s, entre d\u2019altres accions.<\/p><p><strong>\u00a0<\/strong><\/p><p><strong><em>Tecnologia al servei de l\u2019Accessibilitat.<\/em><\/strong><\/p><p>Com a part del seu programa <em>Tecnologia i Innovaci\u00f3<\/em>, la Fundaci\u00f3 Mutua de Propietarios ha desenvolupat eines, aplicacions i estructures que han contribu\u00eft de manera efectiva a fer accessible l\u2019itinerari des de la via p\u00fablica a l\u2019habitatge.<\/p><p>En 2020 va presentar \u2018<strong>Zero\u00a0Barreres\u2019<\/strong>, la primera aplicaci\u00f3 que mesura el grau d\u2019accessibilitat de cadascun dels elements comuns d\u2019un edifici, identificant d\u2019una forma senzilla quines s\u00f3n les barreres arquitect\u00f2niques a les quals s\u2019ha d\u2019afrontar una persona amb mobilitat redu\u00efda en accedir a la seva finca.<\/p><p>En 2021, la Fundaci\u00f3 Mutua de Propietarios presentava la primera <strong>Rampa impresa<\/strong> <strong>en 3D,<\/strong> una soluci\u00f3 per a no trobar-se amb els graons d\u2019acc\u00e9s a l\u2019edifici d\u2019una forma r\u00e0pida, eficient, rendible i duradora. Les Rampes 3D van ser presentades per la periodista\u00a0<strong>Samanta\u00a0Villar<\/strong> que, com a part del seu comprom\u00eds amb les causes socials, va donar suport a la instal\u00b7laci\u00f3 de la primera rampa pilot en una comunitat de propietaris de Barcelona amb l\u2019objectiu de testar els reptes tecnol\u00f2gics que plantejava el projecte.<\/p><p><img decoding=\"async\" class=\" wp-image-5405 alignright\" src=\"https:\/\/www.fundacionmdp.org\/wp-content\/uploads\/2023\/05\/supervecinos.jpg\" alt=\"\" width=\"341\" height=\"191\" \/><\/p><p>Precisament en l\u2019\u00e0mbit de la sensibilitzaci\u00f3 social, la Fundaci\u00f3 Mutua de Propietarios ha dirigit els seus esfor\u00e7os a donar a con\u00e8ixer els testimonis de superaci\u00f3 de persones amb mobilitat redu\u00efda. Al costat de la recentment estrenada \u201cHist\u00f2ria de\u00a0Idoia\u201d, on la ballarina navarresa ens endinsa des de la seva cadira de rodes a les barreres arquitect\u00f2niques que ha de superar dia a dia, la Fundaci\u00f3 ha desenvolupat diverses campanyes entre les quals destaca \u201cSuperVecinos\u201d, guardonada als Premis\u00a0Agripina\u00a0i als Premis Xarxes en Acci\u00f3, de la Fundaci\u00f3 Mutua Madrile\u00f1a.<\/p><p>La campanya recollia el cas real d\u2019Andrea, una dona amb Parkinson, en cadira de rodes, que vivia en un quart pis sense ascensor. A trav\u00e9s d\u2019un experiment social amb la seva comunitat de ve\u00efns, la campanya va voler fer-nos reflexionar sobre la situaci\u00f3 de les 100.000 persones amb mobilitat redu\u00efda que no poden sortir mai de les seves llars per la falta d\u2019accessibilitat al seu edifici.<\/p><p><strong>L\u2019observatori de l\u2019 Accessibilitat<\/strong><\/p><p>Amb l\u2019objectiu d\u2019aprofundir en el coneixement de l\u2019estat del parc immobiliari espanyol, l\u2019Observatori de l\u2019Accessibilitat de la Fundaci\u00f3 Mutua de Propietarios elabora peri\u00f2dicament informes que, en col\u00b7laboraci\u00f3 amb institucions reconegudes com la C\u00e0tedra Unesco de la Universitat Rovira i Virgili, o la Universitat de Barcelona, analitzen la situaci\u00f3 a la que s\u2019enfronten di\u00e0riament els 2,5 milions d\u2019espanyols amb mobilitat redu\u00efda en accedir al seu immoble.<\/p><p>\u201cDes de la Fundaci\u00f3 Mutua de Propietarios volem continuar promovent l\u2019accessibilitat universal <strong>com a garantia<\/strong> de la plena inclusi\u00f3 i la igualtat de les persones amb mobilitat redu\u00efda i discapacitat i, a aquest efecte, continuarem treballant fermament en els pr\u00f2xims anys\u201d, explica la seva vicepresidenta executiva Laura L\u00f3pez\u00a0Demarbre.<\/p><p>\u00a0<\/p>\t\t\t\t\t\t\t\t<\/div>\n\t\t\t\t<\/div>\n\t\t\t\t\t<\/div>\n\t\t\t\t<\/div>\n\t\t\t\t<\/div>\n\t\t","protected":false},"excerpt":{"rendered":"<p>La Fundaci\u00f3 Mutua de Propietarios celebra el seu cinqu\u00e8 aniversari amb la missi\u00f3 de continuar millorant la qualitat de vida de les persones amb mobilitat redu\u00efda Campanyes de sensibilitzaci\u00f3 social com \u2018#Supervecinos\u2019 o \u2018La hist\u00f2ria de Idoia\u2019 han contribu\u00eft a conscienciar en la necessitat d\u2019eliminar barreres arquitect\u00f2niques La Fundaci\u00f3 ha impulsat el desenvolupament de noves [&hellip;]<\/p>\n","protected":false},"author":1,"featured_media":6589,"comment_status":"open","ping_status":"open","sticky":false,"template":"","format":"standard","meta":{"_acf_changed":false,"ocean_post_layout":"","ocean_both_sidebars_style":"","ocean_both_sidebars_content_width":0,"ocean_both_sidebars_sidebars_width":0,"ocean_sidebar":"0","ocean_second_sidebar":"0","ocean_disable_margins":"enable","ocean_add_body_class":"","ocean_shortcode_before_top_bar":"","ocean_shortcode_after_top_bar":"","ocean_shortcode_before_header":"","ocean_shortcode_after_header":"","ocean_has_shortcode":"","ocean_shortcode_after_title":"","ocean_shortcode_before_footer_widgets":"","ocean_shortcode_after_footer_widgets":"","ocean_shortcode_before_footer_bottom":"","ocean_shortcode_after_footer_bottom":"","ocean_display_top_bar":"default","ocean_display_header":"default","ocean_header_style":"","ocean_center_header_left_menu":"0","ocean_custom_header_template":"0","ocean_custom_logo":0,"ocean_custom_retina_logo":0,"ocean_custom_logo_max_width":0,"ocean_custom_logo_tablet_max_width":0,"ocean_custom_logo_mobile_max_width":0,"ocean_custom_logo_max_height":0,"ocean_custom_logo_tablet_max_height":0,"ocean_custom_logo_mobile_max_height":0,"ocean_header_custom_menu":"0","ocean_menu_typo_font_family":"0","ocean_menu_typo_font_subset":"","ocean_menu_typo_font_size":0,"ocean_menu_typo_font_size_tablet":0,"ocean_menu_typo_font_size_mobile":0,"ocean_menu_typo_font_size_unit":"px","ocean_menu_typo_font_weight":"","ocean_menu_typo_font_weight_tablet":"","ocean_menu_typo_font_weight_mobile":"","ocean_menu_typo_transform":"","ocean_menu_typo_transform_tablet":"","ocean_menu_typo_transform_mobile":"","ocean_menu_typo_line_height":0,"ocean_menu_typo_line_height_tablet":0,"ocean_menu_typo_line_height_mobile":0,"ocean_menu_typo_line_height_unit":"","ocean_menu_typo_spacing":0,"ocean_menu_typo_spacing_tablet":0,"ocean_menu_typo_spacing_mobile":0,"ocean_menu_typo_spacing_unit":"","ocean_menu_link_color":"","ocean_menu_link_color_hover":"","ocean_menu_link_color_active":"","ocean_menu_link_background":"","ocean_menu_link_hover_background":"","ocean_menu_link_active_background":"","ocean_menu_social_links_bg":"","ocean_menu_social_hover_links_bg":"","ocean_menu_social_links_color":"","ocean_menu_social_hover_links_color":"","ocean_disable_title":"default","ocean_disable_heading":"default","ocean_post_title":"","ocean_post_subheading":"","ocean_post_title_style":"","ocean_post_title_background_color":"","ocean_post_title_background":0,"ocean_post_title_bg_image_position":"","ocean_post_title_bg_image_attachment":"","ocean_post_title_bg_image_repeat":"","ocean_post_title_bg_image_size":"","ocean_post_title_height":0,"ocean_post_title_bg_overlay":0.5,"ocean_post_title_bg_overlay_color":"","ocean_disable_breadcrumbs":"default","ocean_breadcrumbs_color":"","ocean_breadcrumbs_separator_color":"","ocean_breadcrumbs_links_color":"","ocean_breadcrumbs_links_hover_color":"","ocean_display_footer_widgets":"default","ocean_display_footer_bottom":"default","ocean_custom_footer_template":"0","ocean_post_oembed":"","ocean_post_self_hosted_media":"","ocean_post_video_embed":"","ocean_link_format":"","ocean_link_format_target":"self","ocean_quote_format":"","ocean_quote_format_link":"post","ocean_gallery_link_images":"on","ocean_gallery_id":[],"footnotes":""},"categories":[1],"tags":[],"class_list":["post-7444","post","type-post","status-publish","format-standard","has-post-thumbnail","hentry","category-sin-categorizar","entry","has-media"],"acf":[],"yoast_head":"<!-- This site is optimized with the Yoast SEO plugin v27.3 - https:\/\/yoast.com\/product\/yoast-seo-wordpress\/ -->\n<title>PROP DE 1.200 HABITATGES REHABILITATS I 4,7 MILIONS D\u2019EUROS PER A ELIMINAR BARRERES, \u00c9S EL BALAN\u00c7 DE CINC ANYS DE COMPROM\u00cdS AMB L\u2019ACCESSIBILITAT - Fundaci\u00f3n Mutua de Propietarios<\/title>\n<meta name=\"robots\" content=\"index, follow, max-snippet:-1, max-image-preview:large, max-video-preview:-1\" \/>\n<link rel=\"canonical\" href=\"https:\/\/www.fundacionmdp.org\/cerca-de-1-200-viviendas-rehabilitadas-y-47-m-de-euros-para-eliminar-barreras-balance-de-cinco-anos-de-compromiso-con-la-accesibilidad\/\" \/>\n<meta property=\"og:locale\" content=\"ca_ES\" \/>\n<meta property=\"og:type\" content=\"article\" \/>\n<meta property=\"og:title\" content=\"PROP DE 1.200 HABITATGES REHABILITATS I 4,7 MILIONS D\u2019EUROS PER A ELIMINAR BARRERES, \u00c9S EL BALAN\u00c7 DE CINC ANYS DE COMPROM\u00cdS AMB L\u2019ACCESSIBILITAT - Fundaci\u00f3n Mutua de Propietarios\" \/>\n<meta property=\"og:description\" content=\"La Fundaci\u00f3 Mutua de Propietarios celebra el seu cinqu\u00e8 aniversari amb la missi\u00f3 de continuar millorant la qualitat de vida de les persones amb mobilitat redu\u00efda Campanyes de sensibilitzaci\u00f3 social com \u2018#Supervecinos\u2019 o \u2018La hist\u00f2ria de Idoia\u2019 han contribu\u00eft a conscienciar en la necessitat d\u2019eliminar barreres arquitect\u00f2niques La Fundaci\u00f3 ha impulsat el desenvolupament de noves [&hellip;]\" \/>\n<meta property=\"og:url\" content=\"https:\/\/www.fundacionmdp.org\/cerca-de-1-200-viviendas-rehabilitadas-y-47-m-de-euros-para-eliminar-barreras-balance-de-cinco-anos-de-compromiso-con-la-accesibilidad\/\" \/>\n<meta property=\"og:site_name\" content=\"Fundaci\u00f3n Mutua de Propietarios\" \/>\n<meta property=\"article:published_time\" content=\"2022-11-25T14:26:00+00:00\" \/>\n<meta property=\"article:modified_time\" content=\"2023-05-15T12:20:40+00:00\" \/>\n<meta property=\"og:image\" content=\"https:\/\/www.fundacionmdp.org\/wp-content\/uploads\/2023\/05\/5anosFundacion.png\" \/>\n\t<meta property=\"og:image:width\" content=\"1080\" \/>\n\t<meta property=\"og:image:height\" content=\"1080\" \/>\n\t<meta property=\"og:image:type\" content=\"image\/png\" \/>\n<meta name=\"author\" content=\"fundacionmdp\" \/>\n<meta name=\"twitter:card\" content=\"summary_large_image\" \/>\n<meta name=\"twitter:label1\" content=\"Escrit per\" \/>\n\t<meta name=\"twitter:data1\" content=\"fundacionmdp\" \/>\n\t<meta name=\"twitter:label2\" content=\"Temps estimat de lectura\" \/>\n\t<meta name=\"twitter:data2\" content=\"4 minuts\" \/>\n<script type=\"application\/ld+json\" class=\"yoast-schema-graph\">{\"@context\":\"https:\\\/\\\/schema.org\",\"@graph\":[{\"@type\":\"Article\",\"@id\":\"https:\\\/\\\/www.fundacionmdp.org\\\/cerca-de-1-200-viviendas-rehabilitadas-y-47-m-de-euros-para-eliminar-barreras-balance-de-cinco-anos-de-compromiso-con-la-accesibilidad\\\/#article\",\"isPartOf\":{\"@id\":\"https:\\\/\\\/www.fundacionmdp.org\\\/cerca-de-1-200-viviendas-rehabilitadas-y-47-m-de-euros-para-eliminar-barreras-balance-de-cinco-anos-de-compromiso-con-la-accesibilidad\\\/\"},\"author\":{\"name\":\"fundacionmdp\",\"@id\":\"https:\\\/\\\/www.fundacionmdp.org\\\/#\\\/schema\\\/person\\\/12f9af801cac25dfcb5a96cb0090f703\"},\"headline\":\"PROP DE 1.200 HABITATGES REHABILITATS I 4,7 MILIONS D\u2019EUROS PER A ELIMINAR BARRERES, \u00c9S EL BALAN\u00c7 DE CINC ANYS DE COMPROM\u00cdS AMB L\u2019ACCESSIBILITAT\",\"datePublished\":\"2022-11-25T14:26:00+00:00\",\"dateModified\":\"2023-05-15T12:20:40+00:00\",\"mainEntityOfPage\":{\"@id\":\"https:\\\/\\\/www.fundacionmdp.org\\\/cerca-de-1-200-viviendas-rehabilitadas-y-47-m-de-euros-para-eliminar-barreras-balance-de-cinco-anos-de-compromiso-con-la-accesibilidad\\\/\"},\"wordCount\":901,\"commentCount\":0,\"publisher\":{\"@id\":\"https:\\\/\\\/www.fundacionmdp.org\\\/#organization\"},\"image\":{\"@id\":\"https:\\\/\\\/www.fundacionmdp.org\\\/cerca-de-1-200-viviendas-rehabilitadas-y-47-m-de-euros-para-eliminar-barreras-balance-de-cinco-anos-de-compromiso-con-la-accesibilidad\\\/#primaryimage\"},\"thumbnailUrl\":\"https:\\\/\\\/www.fundacionmdp.org\\\/wp-content\\\/uploads\\\/2023\\\/05\\\/5anosFundacion.png\",\"articleSection\":[\"Sin categorizar\"],\"inLanguage\":\"ca\",\"potentialAction\":[{\"@type\":\"CommentAction\",\"name\":\"Comment\",\"target\":[\"https:\\\/\\\/www.fundacionmdp.org\\\/cerca-de-1-200-viviendas-rehabilitadas-y-47-m-de-euros-para-eliminar-barreras-balance-de-cinco-anos-de-compromiso-con-la-accesibilidad\\\/#respond\"]}]},{\"@type\":\"WebPage\",\"@id\":\"https:\\\/\\\/www.fundacionmdp.org\\\/cerca-de-1-200-viviendas-rehabilitadas-y-47-m-de-euros-para-eliminar-barreras-balance-de-cinco-anos-de-compromiso-con-la-accesibilidad\\\/\",\"url\":\"https:\\\/\\\/www.fundacionmdp.org\\\/cerca-de-1-200-viviendas-rehabilitadas-y-47-m-de-euros-para-eliminar-barreras-balance-de-cinco-anos-de-compromiso-con-la-accesibilidad\\\/\",\"name\":\"PROP DE 1.200 HABITATGES REHABILITATS I 4,7 MILIONS D\u2019EUROS PER A ELIMINAR BARRERES, \u00c9S EL BALAN\u00c7 DE CINC ANYS DE COMPROM\u00cdS AMB L\u2019ACCESSIBILITAT - Fundaci\u00f3n Mutua de Propietarios\",\"isPartOf\":{\"@id\":\"https:\\\/\\\/www.fundacionmdp.org\\\/#website\"},\"primaryImageOfPage\":{\"@id\":\"https:\\\/\\\/www.fundacionmdp.org\\\/cerca-de-1-200-viviendas-rehabilitadas-y-47-m-de-euros-para-eliminar-barreras-balance-de-cinco-anos-de-compromiso-con-la-accesibilidad\\\/#primaryimage\"},\"image\":{\"@id\":\"https:\\\/\\\/www.fundacionmdp.org\\\/cerca-de-1-200-viviendas-rehabilitadas-y-47-m-de-euros-para-eliminar-barreras-balance-de-cinco-anos-de-compromiso-con-la-accesibilidad\\\/#primaryimage\"},\"thumbnailUrl\":\"https:\\\/\\\/www.fundacionmdp.org\\\/wp-content\\\/uploads\\\/2023\\\/05\\\/5anosFundacion.png\",\"datePublished\":\"2022-11-25T14:26:00+00:00\",\"dateModified\":\"2023-05-15T12:20:40+00:00\",\"breadcrumb\":{\"@id\":\"https:\\\/\\\/www.fundacionmdp.org\\\/cerca-de-1-200-viviendas-rehabilitadas-y-47-m-de-euros-para-eliminar-barreras-balance-de-cinco-anos-de-compromiso-con-la-accesibilidad\\\/#breadcrumb\"},\"inLanguage\":\"ca\",\"potentialAction\":[{\"@type\":\"ReadAction\",\"target\":[\"https:\\\/\\\/www.fundacionmdp.org\\\/cerca-de-1-200-viviendas-rehabilitadas-y-47-m-de-euros-para-eliminar-barreras-balance-de-cinco-anos-de-compromiso-con-la-accesibilidad\\\/\"]}]},{\"@type\":\"ImageObject\",\"inLanguage\":\"ca\",\"@id\":\"https:\\\/\\\/www.fundacionmdp.org\\\/cerca-de-1-200-viviendas-rehabilitadas-y-47-m-de-euros-para-eliminar-barreras-balance-de-cinco-anos-de-compromiso-con-la-accesibilidad\\\/#primaryimage\",\"url\":\"https:\\\/\\\/www.fundacionmdp.org\\\/wp-content\\\/uploads\\\/2023\\\/05\\\/5anosFundacion.png\",\"contentUrl\":\"https:\\\/\\\/www.fundacionmdp.org\\\/wp-content\\\/uploads\\\/2023\\\/05\\\/5anosFundacion.png\",\"width\":1080,\"height\":1080},{\"@type\":\"BreadcrumbList\",\"@id\":\"https:\\\/\\\/www.fundacionmdp.org\\\/cerca-de-1-200-viviendas-rehabilitadas-y-47-m-de-euros-para-eliminar-barreras-balance-de-cinco-anos-de-compromiso-con-la-accesibilidad\\\/#breadcrumb\",\"itemListElement\":[{\"@type\":\"ListItem\",\"position\":1,\"name\":\"Home\",\"item\":\"https:\\\/\\\/www.fundacionmdp.org\\\/ca\\\/\"},{\"@type\":\"ListItem\",\"position\":2,\"name\":\"PROP DE 1.200 HABITATGES REHABILITATS I 4,7 MILIONS D\u2019EUROS PER A ELIMINAR BARRERES, \u00c9S EL BALAN\u00c7 DE CINC ANYS DE COMPROM\u00cdS AMB L\u2019ACCESSIBILITAT\"}]},{\"@type\":\"WebSite\",\"@id\":\"https:\\\/\\\/www.fundacionmdp.org\\\/#website\",\"url\":\"https:\\\/\\\/www.fundacionmdp.org\\\/\",\"name\":\"Fundaci\u00f3n Mutua de Propietarios\",\"description\":\"En la Fundaci\u00f3n Mutua de Propietarios te ayudamos a convertir tu edificio de viviendas en un espacio sin barreras arquitect\u00f3nicas.\",\"publisher\":{\"@id\":\"https:\\\/\\\/www.fundacionmdp.org\\\/#organization\"},\"potentialAction\":[{\"@type\":\"SearchAction\",\"target\":{\"@type\":\"EntryPoint\",\"urlTemplate\":\"https:\\\/\\\/www.fundacionmdp.org\\\/?s={search_term_string}\"},\"query-input\":{\"@type\":\"PropertyValueSpecification\",\"valueRequired\":true,\"valueName\":\"search_term_string\"}}],\"inLanguage\":\"ca\"},{\"@type\":\"Organization\",\"@id\":\"https:\\\/\\\/www.fundacionmdp.org\\\/#organization\",\"name\":\"Fundaci\u00f3n Mutua de Propietarios\",\"url\":\"https:\\\/\\\/www.fundacionmdp.org\\\/\",\"logo\":{\"@type\":\"ImageObject\",\"inLanguage\":\"ca\",\"@id\":\"https:\\\/\\\/www.fundacionmdp.org\\\/#\\\/schema\\\/logo\\\/image\\\/\",\"url\":\"https:\\\/\\\/www.fundacionmdp.org\\\/wp-content\\\/uploads\\\/2023\\\/05\\\/logo_FMdP_cat.png\",\"contentUrl\":\"https:\\\/\\\/www.fundacionmdp.org\\\/wp-content\\\/uploads\\\/2023\\\/05\\\/logo_FMdP_cat.png\",\"width\":655,\"height\":297,\"caption\":\"Fundaci\u00f3n Mutua de Propietarios\"},\"image\":{\"@id\":\"https:\\\/\\\/www.fundacionmdp.org\\\/#\\\/schema\\\/logo\\\/image\\\/\"}},{\"@type\":\"Person\",\"@id\":\"https:\\\/\\\/www.fundacionmdp.org\\\/#\\\/schema\\\/person\\\/12f9af801cac25dfcb5a96cb0090f703\",\"name\":\"fundacionmdp\",\"image\":{\"@type\":\"ImageObject\",\"inLanguage\":\"ca\",\"@id\":\"https:\\\/\\\/secure.gravatar.com\\\/avatar\\\/b540f93d1816a14d85e51109d050c3243b98fb660a665f517a6d2597cff3bbed?s=96&d=mm&r=g\",\"url\":\"https:\\\/\\\/secure.gravatar.com\\\/avatar\\\/b540f93d1816a14d85e51109d050c3243b98fb660a665f517a6d2597cff3bbed?s=96&d=mm&r=g\",\"contentUrl\":\"https:\\\/\\\/secure.gravatar.com\\\/avatar\\\/b540f93d1816a14d85e51109d050c3243b98fb660a665f517a6d2597cff3bbed?s=96&d=mm&r=g\",\"caption\":\"fundacionmdp\"},\"sameAs\":[\"http:\\\/\\\/prezuk.com.mialias.net\\\/fundacionmdp\"],\"url\":\"https:\\\/\\\/www.fundacionmdp.org\\\/ca\\\/author\\\/fundacionmdp\\\/\"}]}<\/script>\n<!-- \/ Yoast SEO plugin. -->","yoast_head_json":{"title":"PROP DE 1.200 HABITATGES REHABILITATS I 4,7 MILIONS D\u2019EUROS PER A ELIMINAR BARRERES, \u00c9S EL BALAN\u00c7 DE CINC ANYS DE COMPROM\u00cdS AMB L\u2019ACCESSIBILITAT - Fundaci\u00f3n Mutua de Propietarios","robots":{"index":"index","follow":"follow","max-snippet":"max-snippet:-1","max-image-preview":"max-image-preview:large","max-video-preview":"max-video-preview:-1"},"canonical":"https:\/\/www.fundacionmdp.org\/cerca-de-1-200-viviendas-rehabilitadas-y-47-m-de-euros-para-eliminar-barreras-balance-de-cinco-anos-de-compromiso-con-la-accesibilidad\/","og_locale":"ca_ES","og_type":"article","og_title":"PROP DE 1.200 HABITATGES REHABILITATS I 4,7 MILIONS D\u2019EUROS PER A ELIMINAR BARRERES, \u00c9S EL BALAN\u00c7 DE CINC ANYS DE COMPROM\u00cdS AMB L\u2019ACCESSIBILITAT - Fundaci\u00f3n Mutua de Propietarios","og_description":"La Fundaci\u00f3 Mutua de Propietarios celebra el seu cinqu\u00e8 aniversari amb la missi\u00f3 de continuar millorant la qualitat de vida de les persones amb mobilitat redu\u00efda Campanyes de sensibilitzaci\u00f3 social com \u2018#Supervecinos\u2019 o \u2018La hist\u00f2ria de Idoia\u2019 han contribu\u00eft a conscienciar en la necessitat d\u2019eliminar barreres arquitect\u00f2niques La Fundaci\u00f3 ha impulsat el desenvolupament de noves [&hellip;]","og_url":"https:\/\/www.fundacionmdp.org\/cerca-de-1-200-viviendas-rehabilitadas-y-47-m-de-euros-para-eliminar-barreras-balance-de-cinco-anos-de-compromiso-con-la-accesibilidad\/","og_site_name":"Fundaci\u00f3n Mutua de Propietarios","article_published_time":"2022-11-25T14:26:00+00:00","article_modified_time":"2023-05-15T12:20:40+00:00","og_image":[{"width":1080,"height":1080,"url":"https:\/\/www.fundacionmdp.org\/wp-content\/uploads\/2023\/05\/5anosFundacion.png","type":"image\/png"}],"author":"fundacionmdp","twitter_card":"summary_large_image","twitter_misc":{"Escrit per":"fundacionmdp","Temps estimat de lectura":"4 minuts"},"schema":{"@context":"https:\/\/schema.org","@graph":[{"@type":"Article","@id":"https:\/\/www.fundacionmdp.org\/cerca-de-1-200-viviendas-rehabilitadas-y-47-m-de-euros-para-eliminar-barreras-balance-de-cinco-anos-de-compromiso-con-la-accesibilidad\/#article","isPartOf":{"@id":"https:\/\/www.fundacionmdp.org\/cerca-de-1-200-viviendas-rehabilitadas-y-47-m-de-euros-para-eliminar-barreras-balance-de-cinco-anos-de-compromiso-con-la-accesibilidad\/"},"author":{"name":"fundacionmdp","@id":"https:\/\/www.fundacionmdp.org\/#\/schema\/person\/12f9af801cac25dfcb5a96cb0090f703"},"headline":"PROP DE 1.200 HABITATGES REHABILITATS I 4,7 MILIONS D\u2019EUROS PER A ELIMINAR BARRERES, \u00c9S EL BALAN\u00c7 DE CINC ANYS DE COMPROM\u00cdS AMB L\u2019ACCESSIBILITAT","datePublished":"2022-11-25T14:26:00+00:00","dateModified":"2023-05-15T12:20:40+00:00","mainEntityOfPage":{"@id":"https:\/\/www.fundacionmdp.org\/cerca-de-1-200-viviendas-rehabilitadas-y-47-m-de-euros-para-eliminar-barreras-balance-de-cinco-anos-de-compromiso-con-la-accesibilidad\/"},"wordCount":901,"commentCount":0,"publisher":{"@id":"https:\/\/www.fundacionmdp.org\/#organization"},"image":{"@id":"https:\/\/www.fundacionmdp.org\/cerca-de-1-200-viviendas-rehabilitadas-y-47-m-de-euros-para-eliminar-barreras-balance-de-cinco-anos-de-compromiso-con-la-accesibilidad\/#primaryimage"},"thumbnailUrl":"https:\/\/www.fundacionmdp.org\/wp-content\/uploads\/2023\/05\/5anosFundacion.png","articleSection":["Sin categorizar"],"inLanguage":"ca","potentialAction":[{"@type":"CommentAction","name":"Comment","target":["https:\/\/www.fundacionmdp.org\/cerca-de-1-200-viviendas-rehabilitadas-y-47-m-de-euros-para-eliminar-barreras-balance-de-cinco-anos-de-compromiso-con-la-accesibilidad\/#respond"]}]},{"@type":"WebPage","@id":"https:\/\/www.fundacionmdp.org\/cerca-de-1-200-viviendas-rehabilitadas-y-47-m-de-euros-para-eliminar-barreras-balance-de-cinco-anos-de-compromiso-con-la-accesibilidad\/","url":"https:\/\/www.fundacionmdp.org\/cerca-de-1-200-viviendas-rehabilitadas-y-47-m-de-euros-para-eliminar-barreras-balance-de-cinco-anos-de-compromiso-con-la-accesibilidad\/","name":"PROP DE 1.200 HABITATGES REHABILITATS I 4,7 MILIONS D\u2019EUROS PER A ELIMINAR BARRERES, \u00c9S EL BALAN\u00c7 DE CINC ANYS DE COMPROM\u00cdS AMB L\u2019ACCESSIBILITAT - Fundaci\u00f3n Mutua de Propietarios","isPartOf":{"@id":"https:\/\/www.fundacionmdp.org\/#website"},"primaryImageOfPage":{"@id":"https:\/\/www.fundacionmdp.org\/cerca-de-1-200-viviendas-rehabilitadas-y-47-m-de-euros-para-eliminar-barreras-balance-de-cinco-anos-de-compromiso-con-la-accesibilidad\/#primaryimage"},"image":{"@id":"https:\/\/www.fundacionmdp.org\/cerca-de-1-200-viviendas-rehabilitadas-y-47-m-de-euros-para-eliminar-barreras-balance-de-cinco-anos-de-compromiso-con-la-accesibilidad\/#primaryimage"},"thumbnailUrl":"https:\/\/www.fundacionmdp.org\/wp-content\/uploads\/2023\/05\/5anosFundacion.png","datePublished":"2022-11-25T14:26:00+00:00","dateModified":"2023-05-15T12:20:40+00:00","breadcrumb":{"@id":"https:\/\/www.fundacionmdp.org\/cerca-de-1-200-viviendas-rehabilitadas-y-47-m-de-euros-para-eliminar-barreras-balance-de-cinco-anos-de-compromiso-con-la-accesibilidad\/#breadcrumb"},"inLanguage":"ca","potentialAction":[{"@type":"ReadAction","target":["https:\/\/www.fundacionmdp.org\/cerca-de-1-200-viviendas-rehabilitadas-y-47-m-de-euros-para-eliminar-barreras-balance-de-cinco-anos-de-compromiso-con-la-accesibilidad\/"]}]},{"@type":"ImageObject","inLanguage":"ca","@id":"https:\/\/www.fundacionmdp.org\/cerca-de-1-200-viviendas-rehabilitadas-y-47-m-de-euros-para-eliminar-barreras-balance-de-cinco-anos-de-compromiso-con-la-accesibilidad\/#primaryimage","url":"https:\/\/www.fundacionmdp.org\/wp-content\/uploads\/2023\/05\/5anosFundacion.png","contentUrl":"https:\/\/www.fundacionmdp.org\/wp-content\/uploads\/2023\/05\/5anosFundacion.png","width":1080,"height":1080},{"@type":"BreadcrumbList","@id":"https:\/\/www.fundacionmdp.org\/cerca-de-1-200-viviendas-rehabilitadas-y-47-m-de-euros-para-eliminar-barreras-balance-de-cinco-anos-de-compromiso-con-la-accesibilidad\/#breadcrumb","itemListElement":[{"@type":"ListItem","position":1,"name":"Home","item":"https:\/\/www.fundacionmdp.org\/ca\/"},{"@type":"ListItem","position":2,"name":"PROP DE 1.200 HABITATGES REHABILITATS I 4,7 MILIONS D\u2019EUROS PER A ELIMINAR BARRERES, \u00c9S EL BALAN\u00c7 DE CINC ANYS DE COMPROM\u00cdS AMB L\u2019ACCESSIBILITAT"}]},{"@type":"WebSite","@id":"https:\/\/www.fundacionmdp.org\/#website","url":"https:\/\/www.fundacionmdp.org\/","name":"Fundaci\u00f3n Mutua de Propietarios","description":"En la Fundaci\u00f3n Mutua de Propietarios te ayudamos a convertir tu edificio de viviendas en un espacio sin barreras arquitect\u00f3nicas.","publisher":{"@id":"https:\/\/www.fundacionmdp.org\/#organization"},"potentialAction":[{"@type":"SearchAction","target":{"@type":"EntryPoint","urlTemplate":"https:\/\/www.fundacionmdp.org\/?s={search_term_string}"},"query-input":{"@type":"PropertyValueSpecification","valueRequired":true,"valueName":"search_term_string"}}],"inLanguage":"ca"},{"@type":"Organization","@id":"https:\/\/www.fundacionmdp.org\/#organization","name":"Fundaci\u00f3n Mutua de Propietarios","url":"https:\/\/www.fundacionmdp.org\/","logo":{"@type":"ImageObject","inLanguage":"ca","@id":"https:\/\/www.fundacionmdp.org\/#\/schema\/logo\/image\/","url":"https:\/\/www.fundacionmdp.org\/wp-content\/uploads\/2023\/05\/logo_FMdP_cat.png","contentUrl":"https:\/\/www.fundacionmdp.org\/wp-content\/uploads\/2023\/05\/logo_FMdP_cat.png","width":655,"height":297,"caption":"Fundaci\u00f3n Mutua de Propietarios"},"image":{"@id":"https:\/\/www.fundacionmdp.org\/#\/schema\/logo\/image\/"}},{"@type":"Person","@id":"https:\/\/www.fundacionmdp.org\/#\/schema\/person\/12f9af801cac25dfcb5a96cb0090f703","name":"fundacionmdp","image":{"@type":"ImageObject","inLanguage":"ca","@id":"https:\/\/secure.gravatar.com\/avatar\/b540f93d1816a14d85e51109d050c3243b98fb660a665f517a6d2597cff3bbed?s=96&d=mm&r=g","url":"https:\/\/secure.gravatar.com\/avatar\/b540f93d1816a14d85e51109d050c3243b98fb660a665f517a6d2597cff3bbed?s=96&d=mm&r=g","contentUrl":"https:\/\/secure.gravatar.com\/avatar\/b540f93d1816a14d85e51109d050c3243b98fb660a665f517a6d2597cff3bbed?s=96&d=mm&r=g","caption":"fundacionmdp"},"sameAs":["http:\/\/prezuk.com.mialias.net\/fundacionmdp"],"url":"https:\/\/www.fundacionmdp.org\/ca\/author\/fundacionmdp\/"}]}},"_links":{"self":[{"href":"https:\/\/www.fundacionmdp.org\/ca\/wp-json\/wp\/v2\/posts\/7444","targetHints":{"allow":["GET"]}}],"collection":[{"href":"https:\/\/www.fundacionmdp.org\/ca\/wp-json\/wp\/v2\/posts"}],"about":[{"href":"https:\/\/www.fundacionmdp.org\/ca\/wp-json\/wp\/v2\/types\/post"}],"author":[{"embeddable":true,"href":"https:\/\/www.fundacionmdp.org\/ca\/wp-json\/wp\/v2\/users\/1"}],"replies":[{"embeddable":true,"href":"https:\/\/www.fundacionmdp.org\/ca\/wp-json\/wp\/v2\/comments?post=7444"}],"version-history":[{"count":4,"href":"https:\/\/www.fundacionmdp.org\/ca\/wp-json\/wp\/v2\/posts\/7444\/revisions"}],"predecessor-version":[{"id":7448,"href":"https:\/\/www.fundacionmdp.org\/ca\/wp-json\/wp\/v2\/posts\/7444\/revisions\/7448"}],"wp:featuredmedia":[{"embeddable":true,"href":"https:\/\/www.fundacionmdp.org\/ca\/wp-json\/wp\/v2\/media\/6589"}],"wp:attachment":[{"href":"https:\/\/www.fundacionmdp.org\/ca\/wp-json\/wp\/v2\/media?parent=7444"}],"wp:term":[{"taxonomy":"category","embeddable":true,"href":"https:\/\/www.fundacionmdp.org\/ca\/wp-json\/wp\/v2\/categories?post=7444"},{"taxonomy":"post_tag","embeddable":true,"href":"https:\/\/www.fundacionmdp.org\/ca\/wp-json\/wp\/v2\/tags?post=7444"}],"curies":[{"name":"wp","href":"https:\/\/api.w.org\/{rel}","templated":true}]}}