{"id":7449,"date":"2023-02-27T14:30:00","date_gmt":"2023-02-27T14:30:00","guid":{"rendered":"http:\/\/prezuk.com.mialias.net\/fundacionmdp\/la-fundacio-mutua-de-propietarios-aconsegueix-un-milio-deuros-en-ajudes-per-a-millorar-laccessibilitat-dels-edificis-dhabitatges\/"},"modified":"2023-05-15T12:22:24","modified_gmt":"2023-05-15T12:22:24","slug":"la-fundacio-mutua-de-propietarios-aconsegueix-un-milio-deuros-en-ajudes-per-a-millorar-laccessibilitat-dels-edificis-dhabitatges","status":"publish","type":"post","link":"https:\/\/www.fundacionmdp.org\/ca\/la-fundacio-mutua-de-propietarios-aconsegueix-un-milio-deuros-en-ajudes-per-a-millorar-laccessibilitat-dels-edificis-dhabitatges\/","title":{"rendered":"LA FUNDACI\u00d3 MUTUA DE PROPIETARIOS ACONSEGUEIX UN MILI\u00d3 D\u2019EUROS EN AJUDES PER A MILLORAR L\u2019ACCESSIBILITAT DELS EDIFICIS D\u2019HABITATGES"},"content":{"rendered":"\t\t<div data-elementor-type=\"wp-post\" data-elementor-id=\"7449\" class=\"elementor elementor-7449 elementor-2649\">\n\t\t\t\t<div class=\"elementor-element elementor-element-d3a1ac3 e-flex e-con-boxed e-con e-parent\" data-id=\"d3a1ac3\" data-element_type=\"container\" data-e-type=\"container\">\n\t\t\t\t\t<div class=\"e-con-inner\">\n\t\t\t\t<div class=\"elementor-element elementor-element-15208f3 elementor-widget elementor-widget-text-editor\" data-id=\"15208f3\" data-element_type=\"widget\" data-e-type=\"widget\" data-widget_type=\"text-editor.default\">\n\t\t\t\t<div class=\"elementor-widget-container\">\n\t\t\t\t\t\t\t\t\t<ul><li><strong>Prop de 1.200 habitatges s\u2019han beneficiat del programa \u2018Sense Barreres\u2019 fent possible que 398 persones amb mobilitat redu\u00efda puguin sortir de manera aut\u00f2noma de les seves cases <\/strong><\/li><li><strong>L\u2019aplicaci\u00f3 \u2018Zero Barreras\u2019 suma m\u00e9s de 700 subscriptors per a fer possible el \u2018Mapa d\u2019Accessibilitat d\u2019Edificis d\u2019Habitatges d\u2019Espanya\u2019<\/strong><\/li><\/ul><p><strong>Madrid, 27 de febrer de 2023\u2013<\/strong>La Fundaci\u00f3 Mutua de Propietarios ha concedit, a trav\u00e9s del seu programa \u2018Sense Barreres\u2019, 993.547 euros en ajudes per a millorar l\u2019accessibilitat dels edificis d\u2019habitatges, permetent millorar la qualitat de vida de prop de 3.000 persones.<\/p><p>D\u2019acord amb el balan\u00e7 anual presentat per l\u2019entitat, un total de 1.193 habitatges s\u2019han beneficiat d\u2019aquest programa en els seus cinc anys de traject\u00f2ria, fent possible que 398 persones amb mobilitat redu\u00efda puguin sortir de manera aut\u00f2noma de les seves cases gr\u00e0cies a la instal\u00b7laci\u00f3 d\u2019ascensors, plataformes o rampes per a eliminar les barreres arquitect\u00f2niques.<\/p><p>Amb aquesta mateixa finalitat, en 2022 la Fundaci\u00f3 Mutua de Propietarios va tornar a obrir el <strong>Programa Sense Barreres d\u2019ajudes al Finan\u00e7ament al 0% d\u2019inter\u00e8s <\/strong>que, amb una dotaci\u00f3 pressupost\u00e0ria d\u2019 1,4 milions d\u2019euros, desitja finan\u00e7ar prestem d\u2019obres en col\u00b7laboraci\u00f3 amb l\u2019entitat financera Uni\u00f3 de Cr\u00e8dits Immobiliaris (UCI).<\/p><p>Durant el 2022, una de les grans fites de l\u2019entitat va ser la concessi\u00f3 al Projecte Rampes 3D del Premi Emprenedoria per part de la Fundaci\u00f3 Caser que, en el marc dels seus Premis de Depend\u00e8ncia i Societat, reconeixien l\u2019aportaci\u00f3 d\u2019aquesta innovadora soluci\u00f3 tecnol\u00f2gica. Desenvolupades amb la col\u00b7laboraci\u00f3 de Sensedi, les Rampes impreses amb tecnologia 3D s\u00f3n una soluci\u00f3 digital senzilla i replicable per a fer accessible l\u2019entrada als edificis d\u2019habitatges.<\/p><p>Com a part de la seva tasca de recerca, en 2022 la Fundaci\u00f3 Mutua de Propietarios va impulsar des de <strong>l\u2019Observatori de l\u2019Accessibilitat <\/strong>un nou estudi sobre la <strong>\u201cPercepci\u00f3 de la poblaci\u00f3 espanyola sobre la vellesa\u201d <\/strong>concloent que una de les situacions m\u00e9s preocupants per als espanyols \u00e9s, avui dia, els problemes de mobilitat (68%).<\/p><p>En aquest sentit, i amb l\u2019objectiu d\u2019elaborar un gran <strong>\u201cMapa d\u2019Accessibilitat d\u2019Edificis d\u2019Habitat-ges d\u2019Espanya\u201d<\/strong>, la Fundaci\u00f3 Mutua de Propietarios va crear en 2020 l\u2019aplicaci\u00f3 Zero Barreras, una eina que, amb l\u2019ajuda d\u2019un dispositiu m\u00f2bil, mesura el grau d\u2019accessibilitat de cadascun dels elements comuns d\u2019un edifici. En nom\u00e9s dos anys, Zero Barreras compta amb 760 usuaris regis-trats i continua avan\u00e7ant en la construcci\u00f3 d\u2019una manera col\u00b7laborativa d\u2019aquest mapa local, identificant quines s\u00f3n les barreres arquitect\u00f2niques a les que s\u2019enfronta una persona amb mo-bilitat redu\u00efda en accedir a la seva finca.<\/p><p><strong><em>Compromesos amb les persones amb mobilitat redu\u00efda. <\/em><\/strong><\/p><p>Com a part del seu comprom\u00eds amb les persones amb mobilitat redu\u00efda, la Fundaci\u00f3 Mutua de Propietarios va presentar en 2022 la campanya \u201cAjuda\u2019ns a trencar amb les barreres arquitect\u00f2niques\u201d. Amb m\u00e9s de 620.000 reproduccions i quatre milions de persones impactades a les xarxes socials, la campanya va tornar a posar de manifest la problem\u00e0tica dels accessos als edificis d\u2019habitatges a trav\u00e9s dels ulls de la ballarina Idoia en cadira de rodes.<\/p><p>Finalment, al desembre de 2022 la Fundaci\u00f3 Mutua de Propietarios va posar en marxa la iniciativa <strong>Fes-te Soci- Converteix-te en Impulsor d\u2019Edificis Sense Barreres<\/strong>, un programa per a promoure la responsabilitat social corporativa per a les entitats relacionades amb la gesti\u00f3 de finques i la propietat immobili\u00e0ria.<\/p><p>\u201cMillorar l\u2019accessibilitat a l\u2019habitatge i al seu entorn per a millorar la qualitat de vida de les persones amb mobilitat redu\u00efda \u00e9s la nostra missi\u00f3 i, amb aquest repte, desitgem continuar treballant des de tots els \u00e0mbits per a contribuir a aconseguir un parc d\u2019habitatges lliure de barreres arquitect\u00f2niques\u201d, afirma Laura L\u00f3pez Demarbre, vicepresidenta executiva de la Fundaci\u00f3 Mutua de Propietarios.<\/p>\t\t\t\t\t\t\t\t<\/div>\n\t\t\t\t<\/div>\n\t\t\t\t\t<\/div>\n\t\t\t\t<\/div>\n\t\t\t\t<\/div>\n\t\t","protected":false},"excerpt":{"rendered":"<p>Prop de 1.200 habitatges s\u2019han beneficiat del programa \u2018Sense Barreres\u2019 fent possible que 398 persones amb mobilitat redu\u00efda puguin sortir de manera aut\u00f2noma de les seves cases L\u2019aplicaci\u00f3 \u2018Zero Barreras\u2019 suma m\u00e9s de 700 subscriptors per a fer possible el \u2018Mapa d\u2019Accessibilitat d\u2019Edificis d\u2019Habitatges d\u2019Espanya\u2019 Madrid, 27 de febrer de 2023\u2013La Fundaci\u00f3 Mutua de Propietarios [&hellip;]<\/p>\n","protected":false},"author":1,"featured_media":6539,"comment_status":"open","ping_status":"open","sticky":false,"template":"","format":"standard","meta":{"_acf_changed":false,"ocean_post_layout":"","ocean_both_sidebars_style":"","ocean_both_sidebars_content_width":0,"ocean_both_sidebars_sidebars_width":0,"ocean_sidebar":"0","ocean_second_sidebar":"0","ocean_disable_margins":"enable","ocean_add_body_class":"","ocean_shortcode_before_top_bar":"","ocean_shortcode_after_top_bar":"","ocean_shortcode_before_header":"","ocean_shortcode_after_header":"","ocean_has_shortcode":"","ocean_shortcode_after_title":"","ocean_shortcode_before_footer_widgets":"","ocean_shortcode_after_footer_widgets":"","ocean_shortcode_before_footer_bottom":"","ocean_shortcode_after_footer_bottom":"","ocean_display_top_bar":"default","ocean_display_header":"default","ocean_header_style":"","ocean_center_header_left_menu":"0","ocean_custom_header_template":"0","ocean_custom_logo":0,"ocean_custom_retina_logo":0,"ocean_custom_logo_max_width":0,"ocean_custom_logo_tablet_max_width":0,"ocean_custom_logo_mobile_max_width":0,"ocean_custom_logo_max_height":0,"ocean_custom_logo_tablet_max_height":0,"ocean_custom_logo_mobile_max_height":0,"ocean_header_custom_menu":"0","ocean_menu_typo_font_family":"0","ocean_menu_typo_font_subset":"","ocean_menu_typo_font_size":0,"ocean_menu_typo_font_size_tablet":0,"ocean_menu_typo_font_size_mobile":0,"ocean_menu_typo_font_size_unit":"px","ocean_menu_typo_font_weight":"","ocean_menu_typo_font_weight_tablet":"","ocean_menu_typo_font_weight_mobile":"","ocean_menu_typo_transform":"","ocean_menu_typo_transform_tablet":"","ocean_menu_typo_transform_mobile":"","ocean_menu_typo_line_height":0,"ocean_menu_typo_line_height_tablet":0,"ocean_menu_typo_line_height_mobile":0,"ocean_menu_typo_line_height_unit":"","ocean_menu_typo_spacing":0,"ocean_menu_typo_spacing_tablet":0,"ocean_menu_typo_spacing_mobile":0,"ocean_menu_typo_spacing_unit":"","ocean_menu_link_color":"","ocean_menu_link_color_hover":"","ocean_menu_link_color_active":"","ocean_menu_link_background":"","ocean_menu_link_hover_background":"","ocean_menu_link_active_background":"","ocean_menu_social_links_bg":"","ocean_menu_social_hover_links_bg":"","ocean_menu_social_links_color":"","ocean_menu_social_hover_links_color":"","ocean_disable_title":"default","ocean_disable_heading":"default","ocean_post_title":"","ocean_post_subheading":"","ocean_post_title_style":"","ocean_post_title_background_color":"","ocean_post_title_background":0,"ocean_post_title_bg_image_position":"","ocean_post_title_bg_image_attachment":"","ocean_post_title_bg_image_repeat":"","ocean_post_title_bg_image_size":"","ocean_post_title_height":0,"ocean_post_title_bg_overlay":0.5,"ocean_post_title_bg_overlay_color":"","ocean_disable_breadcrumbs":"default","ocean_breadcrumbs_color":"","ocean_breadcrumbs_separator_color":"","ocean_breadcrumbs_links_color":"","ocean_breadcrumbs_links_hover_color":"","ocean_display_footer_widgets":"default","ocean_display_footer_bottom":"default","ocean_custom_footer_template":"0","ocean_post_oembed":"","ocean_post_self_hosted_media":"","ocean_post_video_embed":"","ocean_link_format":"","ocean_link_format_target":"self","ocean_quote_format":"","ocean_quote_format_link":"post","ocean_gallery_link_images":"on","ocean_gallery_id":[],"footnotes":""},"categories":[1],"tags":[],"class_list":["post-7449","post","type-post","status-publish","format-standard","has-post-thumbnail","hentry","category-sin-categorizar","entry","has-media"],"acf":[],"yoast_head":"<!-- This site is optimized with the Yoast SEO plugin v27.3 - https:\/\/yoast.com\/product\/yoast-seo-wordpress\/ -->\n<title>LA FUNDACI\u00d3 MUTUA DE PROPIETARIOS ACONSEGUEIX UN MILI\u00d3 D\u2019EUROS EN AJUDES PER A MILLORAR L\u2019ACCESSIBILITAT DELS EDIFICIS D\u2019HABITATGES - Fundaci\u00f3n Mutua de Propietarios<\/title>\n<meta name=\"robots\" content=\"index, follow, max-snippet:-1, max-image-preview:large, max-video-preview:-1\" \/>\n<link rel=\"canonical\" href=\"https:\/\/www.fundacionmdp.org\/la-fundacion-mutua-de-propietarios-alcanza-el-millon-de-euros-en-ayudas-para-mejorar-la-accesibilidad-de-los-edificios-de-viviendas\/\" \/>\n<meta property=\"og:locale\" content=\"ca_ES\" \/>\n<meta property=\"og:type\" content=\"article\" \/>\n<meta property=\"og:title\" content=\"LA FUNDACI\u00d3 MUTUA DE PROPIETARIOS ACONSEGUEIX UN MILI\u00d3 D\u2019EUROS EN AJUDES PER A MILLORAR L\u2019ACCESSIBILITAT DELS EDIFICIS D\u2019HABITATGES - Fundaci\u00f3n Mutua de Propietarios\" \/>\n<meta property=\"og:description\" content=\"Prop de 1.200 habitatges s\u2019han beneficiat del programa \u2018Sense Barreres\u2019 fent possible que 398 persones amb mobilitat redu\u00efda puguin sortir de manera aut\u00f2noma de les seves cases L\u2019aplicaci\u00f3 \u2018Zero Barreras\u2019 suma m\u00e9s de 700 subscriptors per a fer possible el \u2018Mapa d\u2019Accessibilitat d\u2019Edificis d\u2019Habitatges d\u2019Espanya\u2019 Madrid, 27 de febrer de 2023\u2013La Fundaci\u00f3 Mutua de Propietarios [&hellip;]\" \/>\n<meta property=\"og:url\" content=\"https:\/\/www.fundacionmdp.org\/la-fundacion-mutua-de-propietarios-alcanza-el-millon-de-euros-en-ayudas-para-mejorar-la-accesibilidad-de-los-edificios-de-viviendas\/\" \/>\n<meta property=\"og:site_name\" content=\"Fundaci\u00f3n Mutua de Propietarios\" \/>\n<meta property=\"article:published_time\" content=\"2023-02-27T14:30:00+00:00\" \/>\n<meta property=\"article:modified_time\" content=\"2023-05-15T12:22:24+00:00\" \/>\n<meta property=\"og:image\" content=\"https:\/\/www.fundacionmdp.org\/wp-content\/uploads\/2023\/05\/Foto-campana.jpg\" \/>\n\t<meta property=\"og:image:width\" content=\"1188\" \/>\n\t<meta property=\"og:image:height\" content=\"666\" \/>\n\t<meta property=\"og:image:type\" content=\"image\/jpeg\" \/>\n<meta name=\"author\" content=\"fundacionmdp\" \/>\n<meta name=\"twitter:card\" content=\"summary_large_image\" \/>\n<meta name=\"twitter:label1\" content=\"Escrit per\" \/>\n\t<meta name=\"twitter:data1\" content=\"fundacionmdp\" \/>\n\t<meta name=\"twitter:label2\" content=\"Temps estimat de lectura\" \/>\n\t<meta name=\"twitter:data2\" content=\"3 minuts\" \/>\n<script type=\"application\/ld+json\" class=\"yoast-schema-graph\">{\"@context\":\"https:\\\/\\\/schema.org\",\"@graph\":[{\"@type\":\"Article\",\"@id\":\"https:\\\/\\\/www.fundacionmdp.org\\\/la-fundacion-mutua-de-propietarios-alcanza-el-millon-de-euros-en-ayudas-para-mejorar-la-accesibilidad-de-los-edificios-de-viviendas\\\/#article\",\"isPartOf\":{\"@id\":\"https:\\\/\\\/www.fundacionmdp.org\\\/la-fundacion-mutua-de-propietarios-alcanza-el-millon-de-euros-en-ayudas-para-mejorar-la-accesibilidad-de-los-edificios-de-viviendas\\\/\"},\"author\":{\"name\":\"fundacionmdp\",\"@id\":\"https:\\\/\\\/www.fundacionmdp.org\\\/#\\\/schema\\\/person\\\/12f9af801cac25dfcb5a96cb0090f703\"},\"headline\":\"LA FUNDACI\u00d3 MUTUA DE PROPIETARIOS ACONSEGUEIX UN MILI\u00d3 D\u2019EUROS EN AJUDES PER A MILLORAR L\u2019ACCESSIBILITAT DELS EDIFICIS D\u2019HABITATGES\",\"datePublished\":\"2023-02-27T14:30:00+00:00\",\"dateModified\":\"2023-05-15T12:22:24+00:00\",\"mainEntityOfPage\":{\"@id\":\"https:\\\/\\\/www.fundacionmdp.org\\\/la-fundacion-mutua-de-propietarios-alcanza-el-millon-de-euros-en-ayudas-para-mejorar-la-accesibilidad-de-los-edificios-de-viviendas\\\/\"},\"wordCount\":677,\"commentCount\":0,\"publisher\":{\"@id\":\"https:\\\/\\\/www.fundacionmdp.org\\\/#organization\"},\"image\":{\"@id\":\"https:\\\/\\\/www.fundacionmdp.org\\\/la-fundacion-mutua-de-propietarios-alcanza-el-millon-de-euros-en-ayudas-para-mejorar-la-accesibilidad-de-los-edificios-de-viviendas\\\/#primaryimage\"},\"thumbnailUrl\":\"https:\\\/\\\/www.fundacionmdp.org\\\/wp-content\\\/uploads\\\/2023\\\/05\\\/Foto-campana.jpg\",\"articleSection\":[\"Sin categorizar\"],\"inLanguage\":\"ca\",\"potentialAction\":[{\"@type\":\"CommentAction\",\"name\":\"Comment\",\"target\":[\"https:\\\/\\\/www.fundacionmdp.org\\\/la-fundacion-mutua-de-propietarios-alcanza-el-millon-de-euros-en-ayudas-para-mejorar-la-accesibilidad-de-los-edificios-de-viviendas\\\/#respond\"]}]},{\"@type\":\"WebPage\",\"@id\":\"https:\\\/\\\/www.fundacionmdp.org\\\/la-fundacion-mutua-de-propietarios-alcanza-el-millon-de-euros-en-ayudas-para-mejorar-la-accesibilidad-de-los-edificios-de-viviendas\\\/\",\"url\":\"https:\\\/\\\/www.fundacionmdp.org\\\/la-fundacion-mutua-de-propietarios-alcanza-el-millon-de-euros-en-ayudas-para-mejorar-la-accesibilidad-de-los-edificios-de-viviendas\\\/\",\"name\":\"LA FUNDACI\u00d3 MUTUA DE PROPIETARIOS ACONSEGUEIX UN MILI\u00d3 D\u2019EUROS EN AJUDES PER A MILLORAR L\u2019ACCESSIBILITAT DELS EDIFICIS D\u2019HABITATGES - Fundaci\u00f3n Mutua de Propietarios\",\"isPartOf\":{\"@id\":\"https:\\\/\\\/www.fundacionmdp.org\\\/#website\"},\"primaryImageOfPage\":{\"@id\":\"https:\\\/\\\/www.fundacionmdp.org\\\/la-fundacion-mutua-de-propietarios-alcanza-el-millon-de-euros-en-ayudas-para-mejorar-la-accesibilidad-de-los-edificios-de-viviendas\\\/#primaryimage\"},\"image\":{\"@id\":\"https:\\\/\\\/www.fundacionmdp.org\\\/la-fundacion-mutua-de-propietarios-alcanza-el-millon-de-euros-en-ayudas-para-mejorar-la-accesibilidad-de-los-edificios-de-viviendas\\\/#primaryimage\"},\"thumbnailUrl\":\"https:\\\/\\\/www.fundacionmdp.org\\\/wp-content\\\/uploads\\\/2023\\\/05\\\/Foto-campana.jpg\",\"datePublished\":\"2023-02-27T14:30:00+00:00\",\"dateModified\":\"2023-05-15T12:22:24+00:00\",\"breadcrumb\":{\"@id\":\"https:\\\/\\\/www.fundacionmdp.org\\\/la-fundacion-mutua-de-propietarios-alcanza-el-millon-de-euros-en-ayudas-para-mejorar-la-accesibilidad-de-los-edificios-de-viviendas\\\/#breadcrumb\"},\"inLanguage\":\"ca\",\"potentialAction\":[{\"@type\":\"ReadAction\",\"target\":[\"https:\\\/\\\/www.fundacionmdp.org\\\/la-fundacion-mutua-de-propietarios-alcanza-el-millon-de-euros-en-ayudas-para-mejorar-la-accesibilidad-de-los-edificios-de-viviendas\\\/\"]}]},{\"@type\":\"ImageObject\",\"inLanguage\":\"ca\",\"@id\":\"https:\\\/\\\/www.fundacionmdp.org\\\/la-fundacion-mutua-de-propietarios-alcanza-el-millon-de-euros-en-ayudas-para-mejorar-la-accesibilidad-de-los-edificios-de-viviendas\\\/#primaryimage\",\"url\":\"https:\\\/\\\/www.fundacionmdp.org\\\/wp-content\\\/uploads\\\/2023\\\/05\\\/Foto-campana.jpg\",\"contentUrl\":\"https:\\\/\\\/www.fundacionmdp.org\\\/wp-content\\\/uploads\\\/2023\\\/05\\\/Foto-campana.jpg\",\"width\":1188,\"height\":666},{\"@type\":\"BreadcrumbList\",\"@id\":\"https:\\\/\\\/www.fundacionmdp.org\\\/la-fundacion-mutua-de-propietarios-alcanza-el-millon-de-euros-en-ayudas-para-mejorar-la-accesibilidad-de-los-edificios-de-viviendas\\\/#breadcrumb\",\"itemListElement\":[{\"@type\":\"ListItem\",\"position\":1,\"name\":\"Home\",\"item\":\"https:\\\/\\\/www.fundacionmdp.org\\\/ca\\\/\"},{\"@type\":\"ListItem\",\"position\":2,\"name\":\"LA FUNDACI\u00d3 MUTUA DE PROPIETARIOS ACONSEGUEIX UN MILI\u00d3 D\u2019EUROS EN AJUDES PER A MILLORAR L\u2019ACCESSIBILITAT DELS EDIFICIS D\u2019HABITATGES\"}]},{\"@type\":\"WebSite\",\"@id\":\"https:\\\/\\\/www.fundacionmdp.org\\\/#website\",\"url\":\"https:\\\/\\\/www.fundacionmdp.org\\\/\",\"name\":\"Fundaci\u00f3n Mutua de Propietarios\",\"description\":\"En la Fundaci\u00f3n Mutua de Propietarios te ayudamos a convertir tu edificio de viviendas en un espacio sin barreras arquitect\u00f3nicas.\",\"publisher\":{\"@id\":\"https:\\\/\\\/www.fundacionmdp.org\\\/#organization\"},\"potentialAction\":[{\"@type\":\"SearchAction\",\"target\":{\"@type\":\"EntryPoint\",\"urlTemplate\":\"https:\\\/\\\/www.fundacionmdp.org\\\/?s={search_term_string}\"},\"query-input\":{\"@type\":\"PropertyValueSpecification\",\"valueRequired\":true,\"valueName\":\"search_term_string\"}}],\"inLanguage\":\"ca\"},{\"@type\":\"Organization\",\"@id\":\"https:\\\/\\\/www.fundacionmdp.org\\\/#organization\",\"name\":\"Fundaci\u00f3n Mutua de Propietarios\",\"url\":\"https:\\\/\\\/www.fundacionmdp.org\\\/\",\"logo\":{\"@type\":\"ImageObject\",\"inLanguage\":\"ca\",\"@id\":\"https:\\\/\\\/www.fundacionmdp.org\\\/#\\\/schema\\\/logo\\\/image\\\/\",\"url\":\"https:\\\/\\\/www.fundacionmdp.org\\\/wp-content\\\/uploads\\\/2023\\\/05\\\/logo_FMdP_cat.png\",\"contentUrl\":\"https:\\\/\\\/www.fundacionmdp.org\\\/wp-content\\\/uploads\\\/2023\\\/05\\\/logo_FMdP_cat.png\",\"width\":655,\"height\":297,\"caption\":\"Fundaci\u00f3n Mutua de Propietarios\"},\"image\":{\"@id\":\"https:\\\/\\\/www.fundacionmdp.org\\\/#\\\/schema\\\/logo\\\/image\\\/\"}},{\"@type\":\"Person\",\"@id\":\"https:\\\/\\\/www.fundacionmdp.org\\\/#\\\/schema\\\/person\\\/12f9af801cac25dfcb5a96cb0090f703\",\"name\":\"fundacionmdp\",\"image\":{\"@type\":\"ImageObject\",\"inLanguage\":\"ca\",\"@id\":\"https:\\\/\\\/secure.gravatar.com\\\/avatar\\\/b540f93d1816a14d85e51109d050c3243b98fb660a665f517a6d2597cff3bbed?s=96&d=mm&r=g\",\"url\":\"https:\\\/\\\/secure.gravatar.com\\\/avatar\\\/b540f93d1816a14d85e51109d050c3243b98fb660a665f517a6d2597cff3bbed?s=96&d=mm&r=g\",\"contentUrl\":\"https:\\\/\\\/secure.gravatar.com\\\/avatar\\\/b540f93d1816a14d85e51109d050c3243b98fb660a665f517a6d2597cff3bbed?s=96&d=mm&r=g\",\"caption\":\"fundacionmdp\"},\"sameAs\":[\"http:\\\/\\\/prezuk.com.mialias.net\\\/fundacionmdp\"],\"url\":\"https:\\\/\\\/www.fundacionmdp.org\\\/ca\\\/author\\\/fundacionmdp\\\/\"}]}<\/script>\n<!-- \/ Yoast SEO plugin. -->","yoast_head_json":{"title":"LA FUNDACI\u00d3 MUTUA DE PROPIETARIOS ACONSEGUEIX UN MILI\u00d3 D\u2019EUROS EN AJUDES PER A MILLORAR L\u2019ACCESSIBILITAT DELS EDIFICIS D\u2019HABITATGES - Fundaci\u00f3n Mutua de Propietarios","robots":{"index":"index","follow":"follow","max-snippet":"max-snippet:-1","max-image-preview":"max-image-preview:large","max-video-preview":"max-video-preview:-1"},"canonical":"https:\/\/www.fundacionmdp.org\/la-fundacion-mutua-de-propietarios-alcanza-el-millon-de-euros-en-ayudas-para-mejorar-la-accesibilidad-de-los-edificios-de-viviendas\/","og_locale":"ca_ES","og_type":"article","og_title":"LA FUNDACI\u00d3 MUTUA DE PROPIETARIOS ACONSEGUEIX UN MILI\u00d3 D\u2019EUROS EN AJUDES PER A MILLORAR L\u2019ACCESSIBILITAT DELS EDIFICIS D\u2019HABITATGES - Fundaci\u00f3n Mutua de Propietarios","og_description":"Prop de 1.200 habitatges s\u2019han beneficiat del programa \u2018Sense Barreres\u2019 fent possible que 398 persones amb mobilitat redu\u00efda puguin sortir de manera aut\u00f2noma de les seves cases L\u2019aplicaci\u00f3 \u2018Zero Barreras\u2019 suma m\u00e9s de 700 subscriptors per a fer possible el \u2018Mapa d\u2019Accessibilitat d\u2019Edificis d\u2019Habitatges d\u2019Espanya\u2019 Madrid, 27 de febrer de 2023\u2013La Fundaci\u00f3 Mutua de Propietarios [&hellip;]","og_url":"https:\/\/www.fundacionmdp.org\/la-fundacion-mutua-de-propietarios-alcanza-el-millon-de-euros-en-ayudas-para-mejorar-la-accesibilidad-de-los-edificios-de-viviendas\/","og_site_name":"Fundaci\u00f3n Mutua de Propietarios","article_published_time":"2023-02-27T14:30:00+00:00","article_modified_time":"2023-05-15T12:22:24+00:00","og_image":[{"width":1188,"height":666,"url":"https:\/\/www.fundacionmdp.org\/wp-content\/uploads\/2023\/05\/Foto-campana.jpg","type":"image\/jpeg"}],"author":"fundacionmdp","twitter_card":"summary_large_image","twitter_misc":{"Escrit per":"fundacionmdp","Temps estimat de lectura":"3 minuts"},"schema":{"@context":"https:\/\/schema.org","@graph":[{"@type":"Article","@id":"https:\/\/www.fundacionmdp.org\/la-fundacion-mutua-de-propietarios-alcanza-el-millon-de-euros-en-ayudas-para-mejorar-la-accesibilidad-de-los-edificios-de-viviendas\/#article","isPartOf":{"@id":"https:\/\/www.fundacionmdp.org\/la-fundacion-mutua-de-propietarios-alcanza-el-millon-de-euros-en-ayudas-para-mejorar-la-accesibilidad-de-los-edificios-de-viviendas\/"},"author":{"name":"fundacionmdp","@id":"https:\/\/www.fundacionmdp.org\/#\/schema\/person\/12f9af801cac25dfcb5a96cb0090f703"},"headline":"LA FUNDACI\u00d3 MUTUA DE PROPIETARIOS ACONSEGUEIX UN MILI\u00d3 D\u2019EUROS EN AJUDES PER A MILLORAR L\u2019ACCESSIBILITAT DELS EDIFICIS D\u2019HABITATGES","datePublished":"2023-02-27T14:30:00+00:00","dateModified":"2023-05-15T12:22:24+00:00","mainEntityOfPage":{"@id":"https:\/\/www.fundacionmdp.org\/la-fundacion-mutua-de-propietarios-alcanza-el-millon-de-euros-en-ayudas-para-mejorar-la-accesibilidad-de-los-edificios-de-viviendas\/"},"wordCount":677,"commentCount":0,"publisher":{"@id":"https:\/\/www.fundacionmdp.org\/#organization"},"image":{"@id":"https:\/\/www.fundacionmdp.org\/la-fundacion-mutua-de-propietarios-alcanza-el-millon-de-euros-en-ayudas-para-mejorar-la-accesibilidad-de-los-edificios-de-viviendas\/#primaryimage"},"thumbnailUrl":"https:\/\/www.fundacionmdp.org\/wp-content\/uploads\/2023\/05\/Foto-campana.jpg","articleSection":["Sin categorizar"],"inLanguage":"ca","potentialAction":[{"@type":"CommentAction","name":"Comment","target":["https:\/\/www.fundacionmdp.org\/la-fundacion-mutua-de-propietarios-alcanza-el-millon-de-euros-en-ayudas-para-mejorar-la-accesibilidad-de-los-edificios-de-viviendas\/#respond"]}]},{"@type":"WebPage","@id":"https:\/\/www.fundacionmdp.org\/la-fundacion-mutua-de-propietarios-alcanza-el-millon-de-euros-en-ayudas-para-mejorar-la-accesibilidad-de-los-edificios-de-viviendas\/","url":"https:\/\/www.fundacionmdp.org\/la-fundacion-mutua-de-propietarios-alcanza-el-millon-de-euros-en-ayudas-para-mejorar-la-accesibilidad-de-los-edificios-de-viviendas\/","name":"LA FUNDACI\u00d3 MUTUA DE PROPIETARIOS ACONSEGUEIX UN MILI\u00d3 D\u2019EUROS EN AJUDES PER A MILLORAR L\u2019ACCESSIBILITAT DELS EDIFICIS D\u2019HABITATGES - Fundaci\u00f3n Mutua de Propietarios","isPartOf":{"@id":"https:\/\/www.fundacionmdp.org\/#website"},"primaryImageOfPage":{"@id":"https:\/\/www.fundacionmdp.org\/la-fundacion-mutua-de-propietarios-alcanza-el-millon-de-euros-en-ayudas-para-mejorar-la-accesibilidad-de-los-edificios-de-viviendas\/#primaryimage"},"image":{"@id":"https:\/\/www.fundacionmdp.org\/la-fundacion-mutua-de-propietarios-alcanza-el-millon-de-euros-en-ayudas-para-mejorar-la-accesibilidad-de-los-edificios-de-viviendas\/#primaryimage"},"thumbnailUrl":"https:\/\/www.fundacionmdp.org\/wp-content\/uploads\/2023\/05\/Foto-campana.jpg","datePublished":"2023-02-27T14:30:00+00:00","dateModified":"2023-05-15T12:22:24+00:00","breadcrumb":{"@id":"https:\/\/www.fundacionmdp.org\/la-fundacion-mutua-de-propietarios-alcanza-el-millon-de-euros-en-ayudas-para-mejorar-la-accesibilidad-de-los-edificios-de-viviendas\/#breadcrumb"},"inLanguage":"ca","potentialAction":[{"@type":"ReadAction","target":["https:\/\/www.fundacionmdp.org\/la-fundacion-mutua-de-propietarios-alcanza-el-millon-de-euros-en-ayudas-para-mejorar-la-accesibilidad-de-los-edificios-de-viviendas\/"]}]},{"@type":"ImageObject","inLanguage":"ca","@id":"https:\/\/www.fundacionmdp.org\/la-fundacion-mutua-de-propietarios-alcanza-el-millon-de-euros-en-ayudas-para-mejorar-la-accesibilidad-de-los-edificios-de-viviendas\/#primaryimage","url":"https:\/\/www.fundacionmdp.org\/wp-content\/uploads\/2023\/05\/Foto-campana.jpg","contentUrl":"https:\/\/www.fundacionmdp.org\/wp-content\/uploads\/2023\/05\/Foto-campana.jpg","width":1188,"height":666},{"@type":"BreadcrumbList","@id":"https:\/\/www.fundacionmdp.org\/la-fundacion-mutua-de-propietarios-alcanza-el-millon-de-euros-en-ayudas-para-mejorar-la-accesibilidad-de-los-edificios-de-viviendas\/#breadcrumb","itemListElement":[{"@type":"ListItem","position":1,"name":"Home","item":"https:\/\/www.fundacionmdp.org\/ca\/"},{"@type":"ListItem","position":2,"name":"LA FUNDACI\u00d3 MUTUA DE PROPIETARIOS ACONSEGUEIX UN MILI\u00d3 D\u2019EUROS EN AJUDES PER A MILLORAR L\u2019ACCESSIBILITAT DELS EDIFICIS D\u2019HABITATGES"}]},{"@type":"WebSite","@id":"https:\/\/www.fundacionmdp.org\/#website","url":"https:\/\/www.fundacionmdp.org\/","name":"Fundaci\u00f3n Mutua de Propietarios","description":"En la Fundaci\u00f3n Mutua de Propietarios te ayudamos a convertir tu edificio de viviendas en un espacio sin barreras arquitect\u00f3nicas.","publisher":{"@id":"https:\/\/www.fundacionmdp.org\/#organization"},"potentialAction":[{"@type":"SearchAction","target":{"@type":"EntryPoint","urlTemplate":"https:\/\/www.fundacionmdp.org\/?s={search_term_string}"},"query-input":{"@type":"PropertyValueSpecification","valueRequired":true,"valueName":"search_term_string"}}],"inLanguage":"ca"},{"@type":"Organization","@id":"https:\/\/www.fundacionmdp.org\/#organization","name":"Fundaci\u00f3n Mutua de Propietarios","url":"https:\/\/www.fundacionmdp.org\/","logo":{"@type":"ImageObject","inLanguage":"ca","@id":"https:\/\/www.fundacionmdp.org\/#\/schema\/logo\/image\/","url":"https:\/\/www.fundacionmdp.org\/wp-content\/uploads\/2023\/05\/logo_FMdP_cat.png","contentUrl":"https:\/\/www.fundacionmdp.org\/wp-content\/uploads\/2023\/05\/logo_FMdP_cat.png","width":655,"height":297,"caption":"Fundaci\u00f3n Mutua de Propietarios"},"image":{"@id":"https:\/\/www.fundacionmdp.org\/#\/schema\/logo\/image\/"}},{"@type":"Person","@id":"https:\/\/www.fundacionmdp.org\/#\/schema\/person\/12f9af801cac25dfcb5a96cb0090f703","name":"fundacionmdp","image":{"@type":"ImageObject","inLanguage":"ca","@id":"https:\/\/secure.gravatar.com\/avatar\/b540f93d1816a14d85e51109d050c3243b98fb660a665f517a6d2597cff3bbed?s=96&d=mm&r=g","url":"https:\/\/secure.gravatar.com\/avatar\/b540f93d1816a14d85e51109d050c3243b98fb660a665f517a6d2597cff3bbed?s=96&d=mm&r=g","contentUrl":"https:\/\/secure.gravatar.com\/avatar\/b540f93d1816a14d85e51109d050c3243b98fb660a665f517a6d2597cff3bbed?s=96&d=mm&r=g","caption":"fundacionmdp"},"sameAs":["http:\/\/prezuk.com.mialias.net\/fundacionmdp"],"url":"https:\/\/www.fundacionmdp.org\/ca\/author\/fundacionmdp\/"}]}},"_links":{"self":[{"href":"https:\/\/www.fundacionmdp.org\/ca\/wp-json\/wp\/v2\/posts\/7449","targetHints":{"allow":["GET"]}}],"collection":[{"href":"https:\/\/www.fundacionmdp.org\/ca\/wp-json\/wp\/v2\/posts"}],"about":[{"href":"https:\/\/www.fundacionmdp.org\/ca\/wp-json\/wp\/v2\/types\/post"}],"author":[{"embeddable":true,"href":"https:\/\/www.fundacionmdp.org\/ca\/wp-json\/wp\/v2\/users\/1"}],"replies":[{"embeddable":true,"href":"https:\/\/www.fundacionmdp.org\/ca\/wp-json\/wp\/v2\/comments?post=7449"}],"version-history":[{"count":4,"href":"https:\/\/www.fundacionmdp.org\/ca\/wp-json\/wp\/v2\/posts\/7449\/revisions"}],"predecessor-version":[{"id":7453,"href":"https:\/\/www.fundacionmdp.org\/ca\/wp-json\/wp\/v2\/posts\/7449\/revisions\/7453"}],"wp:featuredmedia":[{"embeddable":true,"href":"https:\/\/www.fundacionmdp.org\/ca\/wp-json\/wp\/v2\/media\/6539"}],"wp:attachment":[{"href":"https:\/\/www.fundacionmdp.org\/ca\/wp-json\/wp\/v2\/media?parent=7449"}],"wp:term":[{"taxonomy":"category","embeddable":true,"href":"https:\/\/www.fundacionmdp.org\/ca\/wp-json\/wp\/v2\/categories?post=7449"},{"taxonomy":"post_tag","embeddable":true,"href":"https:\/\/www.fundacionmdp.org\/ca\/wp-json\/wp\/v2\/tags?post=7449"}],"curies":[{"name":"wp","href":"https:\/\/api.w.org\/{rel}","templated":true}]}}