{"id":7454,"date":"2023-04-20T14:32:00","date_gmt":"2023-04-20T14:32:00","guid":{"rendered":"http:\/\/prezuk.com.mialias.net\/fundacionmdp\/oberta-la-convocatoria-dajuts-sense-barreres-per-a-la-millora-de-laccessibilitat-dels-edificis-dhabitatges\/"},"modified":"2023-05-15T12:25:01","modified_gmt":"2023-05-15T12:25:01","slug":"oberta-la-convocatoria-dajuts-sense-barreres-per-a-la-millora-de-laccessibilitat-dels-edificis-dhabitatges","status":"publish","type":"post","link":"https:\/\/www.fundacionmdp.org\/ca\/oberta-la-convocatoria-dajuts-sense-barreres-per-a-la-millora-de-laccessibilitat-dels-edificis-dhabitatges\/","title":{"rendered":"OBERTA LA CONVOCAT\u00d2RIA D\u2019AJUTS \u2018SENSE BARRERES\u2019 PER A LA MILLORA DE L\u2019ACCESSIBILITAT DELS EDIFICIS D\u2019HABITATGES"},"content":{"rendered":"\t\t<div data-elementor-type=\"wp-post\" data-elementor-id=\"7454\" class=\"elementor elementor-7454 elementor-2655\">\n\t\t\t\t<div class=\"elementor-element elementor-element-8417837 e-flex e-con-boxed e-con e-parent\" data-id=\"8417837\" data-element_type=\"container\" data-e-type=\"container\">\n\t\t\t\t\t<div class=\"e-con-inner\">\n\t\t\t\t<div class=\"elementor-element elementor-element-bca5dec elementor-widget elementor-widget-text-editor\" data-id=\"bca5dec\" data-element_type=\"widget\" data-e-type=\"widget\" data-widget_type=\"text-editor.default\">\n\t\t\t\t<div class=\"elementor-widget-container\">\n\t\t\t\t\t\t\t\t\t<p><strong>Des de 2018, el programa de la Fundaci\u00f3 Mutua de Propietarios ha concedit m\u00e9s de 990.000\u20ac en subvencions, dels quals s\u2019han beneficiat 1.193 habitatges i 2.983 persones<\/strong><\/p><ul><li><strong>Amb l\u2019objectiu de facilitar la tramitaci\u00f3 dels ajuts, el programa estrena una plataforma web on tamb\u00e9 es podr\u00e0 con\u00e8ixer l\u2019estat de la sol\u00b7licitud<\/strong><\/li><li><strong>El programa, que subvenciona les obres d\u2019eliminaci\u00f3 de barreres arquitect\u00f2niques, podran accedir les comunitats d\u2019habitatges on resideixin persones amb mobilitat redu\u00efda o m\u00e9s grans de 75 anys.<\/strong><\/li><\/ul><p><strong>Madrid, 19 d\u2019 abril de 2023.- <\/strong>La Fundaci\u00f3 Mutua de Propietarios ha obert una nova convocat\u00f2ria del programa d\u2019ajuts \u2018Sense Barreres\u2019 per a la concessi\u00f3 de subvencions pel desenvolupament d\u2019obres d\u2019eliminaci\u00f3 de barreres arquitect\u00f2niques als edificis d\u2019habitatges, contribuint aix\u00ed a millorar la seva accessibilitat i, per tant, la qualitat de vida de les persones amb mobilitat redu\u00efda que all\u00ed resideixen.<\/p><p><img fetchpriority=\"high\" decoding=\"async\" class=\" wp-image-5525 alignright\" src=\"https:\/\/www.fundacionmdp.org\/wp-content\/uploads\/2023\/05\/llegenda_cat.png\" alt=\"\" width=\"333\" height=\"348\" \/><\/p><p>Amb l\u2019objectiu de facilitar els tr\u00e0mits de gesti\u00f3 de les subvencions, el programa \u2018Sense Barreres\u201d estrena una <strong>plataforma web de tramitaci\u00f3 dels ajuts<\/strong>, on el sol\u00b7licitant podr\u00e0 realitzar el seguiment de l\u2019estat de la documentaci\u00f3 d\u2019una forma interactiva, a m\u00e9s de poder visualitzar la puntuaci\u00f3 obtinguda en la valoraci\u00f3 de la seva sol\u00b7licitud. \u201cVolem ajudar a les comunitats de propietaris a fer m\u00e9s accessibles els seus edificis, i per a aix\u00f2 \u00e9s tamb\u00e9 important simplificar la gesti\u00f3 de les subvencions, alhora que ampliem les possibilitats d\u2019acc\u00e9s a m\u00e9s comunitats\u201d, explica Laura L\u00f3pez\u00a0Demarbre, vicepresidenta executiva de la Fundaci\u00f3 Mutua de Propietarios\u201d<\/p><p>Amb una dotaci\u00f3 de 150.000\u20ac, al programa d\u2019ajuts \u201cSense Barreres\u201d, podran optar les comunitats de ve\u00efns situades a la Comunitat de Madrid i Barcelona i la seva \u00e0rea metropolitana, on resideixi, com a m\u00ednim, una persona amb mobilitat redu\u00efda -persones amb discapacitat amb afectaci\u00f3 a la mobilitat o persones de m\u00e9s de 75 anys-.<\/p><p>La quantia dels ajuts ascendir\u00e0 al 50% de la suma del pressupost per a l\u2019execuci\u00f3 de l\u2019obra d\u2019accessibilitat i els honoraris t\u00e8cnics per a la redacci\u00f3 del projecte i direcci\u00f3 d\u2019obra, fins a un m\u00e0xim de 15.000\u20ac per comunitat.<\/p><p>Creat en 2018, el programa \u201cSense Barreres\u201d \u00e9s una iniciativa de la Fundaci\u00f3 Mutua de Propietarios que desitja posar a l\u2019abast de les comunitats ve\u00efnals recursos financers per a millorar l\u2019accessibilitat a les \u00e0rees comuns d\u2019un edifici, incloent-hi projectes com la instal\u00b7laci\u00f3 d\u2019un ascensor, la supressi\u00f3 de desnivells, l\u2019adequaci\u00f3 o l\u2019 eixamplament de portes, la construcci\u00f3 de passadissos o l\u2019 ampliaci\u00f3 de parades, la construcci\u00f3 de rampes o, excepcionalment, la instal\u00b7laci\u00f3 d\u2019aparells elevadors.<\/p><p>Des dels seus inicis, el programa \u2018Sense Barreres\u2019 ha lliurat 993.547 euros en ajuts per a la millora de l\u2019accessibilitat als edificis d\u2019habitatges on resideixen persones amb mobilitat redu\u00efda, de les quals s\u2019han beneficiat 74 comunitats de ve\u00efns, m\u00e9s 1.193 habitatges i un total de 2.983 persones.<\/p><p>M\u00e9s informaci\u00f3 sobre la convocat\u00f2ria d\u2019ajudes a la web de la Fundaci\u00f3:<\/p><p><a href=\"https:\/\/www.fundacionmdp.org\/\">https:\/\/www.fundacionmdp.org\/<\/a><\/p><p><strong><em>Sobre la Fundaci\u00f3 Mutua de Propietarios<\/em><\/strong><\/p><p>La Fundaci\u00f3 Mutua de Propietarios \u00e9s una instituci\u00f3 no lucrativa creada per l\u2019asseguradora Mutua de Propietarios amb la finalitat de millorar la qualitat de vida de les persones amb mobilitat redu\u00efda facilitant l\u2019accessibilitat a l\u2019habitatge i al seu entorn. Les \u00e0rees principals en les que la Fundaci\u00f3 Mutua de Propietarios desenvolupa les seves activitats s\u00f3n l\u2019accessibilitat, mitjan\u00e7ant l\u2019eliminaci\u00f3 de barreres arquitect\u00f2niques i la sensibilitzaci\u00f3 dels actors socials i pol\u00edtics\u00a0decisors\u00a0en aquesta mat\u00e8ria; l\u2019acci\u00f3 i inclusi\u00f3 social, mitjan\u00e7ant el disseny d\u2019activitats que afavoreixin la integraci\u00f3 i la qualitat de vida de les persones amb mobilitat redu\u00efda, i la innovaci\u00f3, amb la finalitat d\u2019afavorir la integraci\u00f3 de les noves tecnologies per a millorar les condicions de vida a les persones amb mobilitat redu\u00efda.<\/p><p><strong><em>Per a m\u00e9s informaci\u00f3<\/em><\/strong><\/p><p>Alejandra Garc\u00eda de la Maza \/ Paloma Aguilera<\/p><p><strong><em>Lasker <\/em><\/strong><\/p><p>agm@lasker.es \/ pafm@lasker.es<\/p><p>91 088 55 50 | 650 52 54 29<\/p>\t\t\t\t\t\t\t\t<\/div>\n\t\t\t\t<\/div>\n\t\t\t\t\t<\/div>\n\t\t\t\t<\/div>\n\t\t\t\t<\/div>\n\t\t","protected":false},"excerpt":{"rendered":"<p>Des de 2018, el programa de la Fundaci\u00f3 Mutua de Propietarios ha concedit m\u00e9s de 990.000\u20ac en subvencions, dels quals s\u2019han beneficiat 1.193 habitatges i 2.983 persones Amb l\u2019objectiu de facilitar la tramitaci\u00f3 dels ajuts, el programa estrena una plataforma web on tamb\u00e9 es podr\u00e0 con\u00e8ixer l\u2019estat de la sol\u00b7licitud El programa, que subvenciona les [&hellip;]<\/p>\n","protected":false},"author":1,"featured_media":7016,"comment_status":"open","ping_status":"open","sticky":false,"template":"","format":"standard","meta":{"_acf_changed":false,"ocean_post_layout":"","ocean_both_sidebars_style":"","ocean_both_sidebars_content_width":0,"ocean_both_sidebars_sidebars_width":0,"ocean_sidebar":"0","ocean_second_sidebar":"0","ocean_disable_margins":"enable","ocean_add_body_class":"","ocean_shortcode_before_top_bar":"","ocean_shortcode_after_top_bar":"","ocean_shortcode_before_header":"","ocean_shortcode_after_header":"","ocean_has_shortcode":"","ocean_shortcode_after_title":"","ocean_shortcode_before_footer_widgets":"","ocean_shortcode_after_footer_widgets":"","ocean_shortcode_before_footer_bottom":"","ocean_shortcode_after_footer_bottom":"","ocean_display_top_bar":"default","ocean_display_header":"default","ocean_header_style":"","ocean_center_header_left_menu":"0","ocean_custom_header_template":"0","ocean_custom_logo":0,"ocean_custom_retina_logo":0,"ocean_custom_logo_max_width":0,"ocean_custom_logo_tablet_max_width":0,"ocean_custom_logo_mobile_max_width":0,"ocean_custom_logo_max_height":0,"ocean_custom_logo_tablet_max_height":0,"ocean_custom_logo_mobile_max_height":0,"ocean_header_custom_menu":"0","ocean_menu_typo_font_family":"0","ocean_menu_typo_font_subset":"","ocean_menu_typo_font_size":0,"ocean_menu_typo_font_size_tablet":0,"ocean_menu_typo_font_size_mobile":0,"ocean_menu_typo_font_size_unit":"px","ocean_menu_typo_font_weight":"","ocean_menu_typo_font_weight_tablet":"","ocean_menu_typo_font_weight_mobile":"","ocean_menu_typo_transform":"","ocean_menu_typo_transform_tablet":"","ocean_menu_typo_transform_mobile":"","ocean_menu_typo_line_height":0,"ocean_menu_typo_line_height_tablet":0,"ocean_menu_typo_line_height_mobile":0,"ocean_menu_typo_line_height_unit":"","ocean_menu_typo_spacing":0,"ocean_menu_typo_spacing_tablet":0,"ocean_menu_typo_spacing_mobile":0,"ocean_menu_typo_spacing_unit":"","ocean_menu_link_color":"","ocean_menu_link_color_hover":"","ocean_menu_link_color_active":"","ocean_menu_link_background":"","ocean_menu_link_hover_background":"","ocean_menu_link_active_background":"","ocean_menu_social_links_bg":"","ocean_menu_social_hover_links_bg":"","ocean_menu_social_links_color":"","ocean_menu_social_hover_links_color":"","ocean_disable_title":"default","ocean_disable_heading":"default","ocean_post_title":"","ocean_post_subheading":"","ocean_post_title_style":"","ocean_post_title_background_color":"","ocean_post_title_background":0,"ocean_post_title_bg_image_position":"","ocean_post_title_bg_image_attachment":"","ocean_post_title_bg_image_repeat":"","ocean_post_title_bg_image_size":"","ocean_post_title_height":0,"ocean_post_title_bg_overlay":0.5,"ocean_post_title_bg_overlay_color":"","ocean_disable_breadcrumbs":"default","ocean_breadcrumbs_color":"","ocean_breadcrumbs_separator_color":"","ocean_breadcrumbs_links_color":"","ocean_breadcrumbs_links_hover_color":"","ocean_display_footer_widgets":"default","ocean_display_footer_bottom":"default","ocean_custom_footer_template":"0","ocean_post_oembed":"","ocean_post_self_hosted_media":"","ocean_post_video_embed":"","ocean_link_format":"","ocean_link_format_target":"self","ocean_quote_format":"","ocean_quote_format_link":"post","ocean_gallery_link_images":"on","ocean_gallery_id":[],"footnotes":""},"categories":[1],"tags":[],"class_list":["post-7454","post","type-post","status-publish","format-standard","has-post-thumbnail","hentry","category-sin-categorizar","entry","has-media"],"acf":[],"yoast_head":"<!-- This site is optimized with the Yoast SEO plugin v27.3 - https:\/\/yoast.com\/product\/yoast-seo-wordpress\/ -->\n<title>OBERTA LA CONVOCAT\u00d2RIA D\u2019AJUTS \u2018SENSE BARRERES\u2019 PER A LA MILLORA DE L\u2019ACCESSIBILITAT DELS EDIFICIS D\u2019HABITATGES - Fundaci\u00f3n Mutua de Propietarios<\/title>\n<meta name=\"robots\" content=\"index, follow, max-snippet:-1, max-image-preview:large, max-video-preview:-1\" \/>\n<link rel=\"canonical\" href=\"https:\/\/www.fundacionmdp.org\/abierta-la-convocatoria-de-ayudas-sin-barreras-para-la-mejora-de-la-accesibilidad-de-los-edificios-de-viviendas-2\/\" \/>\n<meta property=\"og:locale\" content=\"ca_ES\" \/>\n<meta property=\"og:type\" content=\"article\" \/>\n<meta property=\"og:title\" content=\"OBERTA LA CONVOCAT\u00d2RIA D\u2019AJUTS \u2018SENSE BARRERES\u2019 PER A LA MILLORA DE L\u2019ACCESSIBILITAT DELS EDIFICIS D\u2019HABITATGES - Fundaci\u00f3n Mutua de Propietarios\" \/>\n<meta property=\"og:description\" content=\"Des de 2018, el programa de la Fundaci\u00f3 Mutua de Propietarios ha concedit m\u00e9s de 990.000\u20ac en subvencions, dels quals s\u2019han beneficiat 1.193 habitatges i 2.983 persones Amb l\u2019objectiu de facilitar la tramitaci\u00f3 dels ajuts, el programa estrena una plataforma web on tamb\u00e9 es podr\u00e0 con\u00e8ixer l\u2019estat de la sol\u00b7licitud El programa, que subvenciona les [&hellip;]\" \/>\n<meta property=\"og:url\" content=\"https:\/\/www.fundacionmdp.org\/abierta-la-convocatoria-de-ayudas-sin-barreras-para-la-mejora-de-la-accesibilidad-de-los-edificios-de-viviendas-2\/\" \/>\n<meta property=\"og:site_name\" content=\"Fundaci\u00f3n Mutua de Propietarios\" \/>\n<meta property=\"article:published_time\" content=\"2023-04-20T14:32:00+00:00\" \/>\n<meta property=\"article:modified_time\" content=\"2023-05-15T12:25:01+00:00\" \/>\n<meta property=\"og:image\" content=\"https:\/\/www.fundacionmdp.org\/wp-content\/uploads\/2023\/05\/26-enero-1.jpg\" \/>\n\t<meta property=\"og:image:width\" content=\"1000\" \/>\n\t<meta property=\"og:image:height\" content=\"667\" \/>\n\t<meta property=\"og:image:type\" content=\"image\/jpeg\" \/>\n<meta name=\"author\" content=\"fundacionmdp\" \/>\n<meta name=\"twitter:card\" content=\"summary_large_image\" \/>\n<meta name=\"twitter:label1\" content=\"Escrit per\" \/>\n\t<meta name=\"twitter:data1\" content=\"fundacionmdp\" \/>\n\t<meta name=\"twitter:label2\" content=\"Temps estimat de lectura\" \/>\n\t<meta name=\"twitter:data2\" content=\"3 minuts\" \/>\n<script type=\"application\/ld+json\" class=\"yoast-schema-graph\">{\"@context\":\"https:\\\/\\\/schema.org\",\"@graph\":[{\"@type\":\"Article\",\"@id\":\"https:\\\/\\\/www.fundacionmdp.org\\\/abierta-la-convocatoria-de-ayudas-sin-barreras-para-la-mejora-de-la-accesibilidad-de-los-edificios-de-viviendas-2\\\/#article\",\"isPartOf\":{\"@id\":\"https:\\\/\\\/www.fundacionmdp.org\\\/abierta-la-convocatoria-de-ayudas-sin-barreras-para-la-mejora-de-la-accesibilidad-de-los-edificios-de-viviendas-2\\\/\"},\"author\":{\"name\":\"fundacionmdp\",\"@id\":\"https:\\\/\\\/www.fundacionmdp.org\\\/#\\\/schema\\\/person\\\/12f9af801cac25dfcb5a96cb0090f703\"},\"headline\":\"OBERTA LA CONVOCAT\u00d2RIA D\u2019AJUTS \u2018SENSE BARRERES\u2019 PER A LA MILLORA DE L\u2019ACCESSIBILITAT DELS EDIFICIS D\u2019HABITATGES\",\"datePublished\":\"2023-04-20T14:32:00+00:00\",\"dateModified\":\"2023-05-15T12:25:01+00:00\",\"mainEntityOfPage\":{\"@id\":\"https:\\\/\\\/www.fundacionmdp.org\\\/abierta-la-convocatoria-de-ayudas-sin-barreras-para-la-mejora-de-la-accesibilidad-de-los-edificios-de-viviendas-2\\\/\"},\"wordCount\":695,\"commentCount\":0,\"publisher\":{\"@id\":\"https:\\\/\\\/www.fundacionmdp.org\\\/#organization\"},\"image\":{\"@id\":\"https:\\\/\\\/www.fundacionmdp.org\\\/abierta-la-convocatoria-de-ayudas-sin-barreras-para-la-mejora-de-la-accesibilidad-de-los-edificios-de-viviendas-2\\\/#primaryimage\"},\"thumbnailUrl\":\"https:\\\/\\\/www.fundacionmdp.org\\\/wp-content\\\/uploads\\\/2023\\\/05\\\/26-enero-1.jpg\",\"articleSection\":[\"Sin categorizar\"],\"inLanguage\":\"ca\",\"potentialAction\":[{\"@type\":\"CommentAction\",\"name\":\"Comment\",\"target\":[\"https:\\\/\\\/www.fundacionmdp.org\\\/abierta-la-convocatoria-de-ayudas-sin-barreras-para-la-mejora-de-la-accesibilidad-de-los-edificios-de-viviendas-2\\\/#respond\"]}]},{\"@type\":\"WebPage\",\"@id\":\"https:\\\/\\\/www.fundacionmdp.org\\\/abierta-la-convocatoria-de-ayudas-sin-barreras-para-la-mejora-de-la-accesibilidad-de-los-edificios-de-viviendas-2\\\/\",\"url\":\"https:\\\/\\\/www.fundacionmdp.org\\\/abierta-la-convocatoria-de-ayudas-sin-barreras-para-la-mejora-de-la-accesibilidad-de-los-edificios-de-viviendas-2\\\/\",\"name\":\"OBERTA LA CONVOCAT\u00d2RIA D\u2019AJUTS \u2018SENSE BARRERES\u2019 PER A LA MILLORA DE L\u2019ACCESSIBILITAT DELS EDIFICIS D\u2019HABITATGES - Fundaci\u00f3n Mutua de Propietarios\",\"isPartOf\":{\"@id\":\"https:\\\/\\\/www.fundacionmdp.org\\\/#website\"},\"primaryImageOfPage\":{\"@id\":\"https:\\\/\\\/www.fundacionmdp.org\\\/abierta-la-convocatoria-de-ayudas-sin-barreras-para-la-mejora-de-la-accesibilidad-de-los-edificios-de-viviendas-2\\\/#primaryimage\"},\"image\":{\"@id\":\"https:\\\/\\\/www.fundacionmdp.org\\\/abierta-la-convocatoria-de-ayudas-sin-barreras-para-la-mejora-de-la-accesibilidad-de-los-edificios-de-viviendas-2\\\/#primaryimage\"},\"thumbnailUrl\":\"https:\\\/\\\/www.fundacionmdp.org\\\/wp-content\\\/uploads\\\/2023\\\/05\\\/26-enero-1.jpg\",\"datePublished\":\"2023-04-20T14:32:00+00:00\",\"dateModified\":\"2023-05-15T12:25:01+00:00\",\"breadcrumb\":{\"@id\":\"https:\\\/\\\/www.fundacionmdp.org\\\/abierta-la-convocatoria-de-ayudas-sin-barreras-para-la-mejora-de-la-accesibilidad-de-los-edificios-de-viviendas-2\\\/#breadcrumb\"},\"inLanguage\":\"ca\",\"potentialAction\":[{\"@type\":\"ReadAction\",\"target\":[\"https:\\\/\\\/www.fundacionmdp.org\\\/abierta-la-convocatoria-de-ayudas-sin-barreras-para-la-mejora-de-la-accesibilidad-de-los-edificios-de-viviendas-2\\\/\"]}]},{\"@type\":\"ImageObject\",\"inLanguage\":\"ca\",\"@id\":\"https:\\\/\\\/www.fundacionmdp.org\\\/abierta-la-convocatoria-de-ayudas-sin-barreras-para-la-mejora-de-la-accesibilidad-de-los-edificios-de-viviendas-2\\\/#primaryimage\",\"url\":\"https:\\\/\\\/www.fundacionmdp.org\\\/wp-content\\\/uploads\\\/2023\\\/05\\\/26-enero-1.jpg\",\"contentUrl\":\"https:\\\/\\\/www.fundacionmdp.org\\\/wp-content\\\/uploads\\\/2023\\\/05\\\/26-enero-1.jpg\",\"width\":1000,\"height\":667},{\"@type\":\"BreadcrumbList\",\"@id\":\"https:\\\/\\\/www.fundacionmdp.org\\\/abierta-la-convocatoria-de-ayudas-sin-barreras-para-la-mejora-de-la-accesibilidad-de-los-edificios-de-viviendas-2\\\/#breadcrumb\",\"itemListElement\":[{\"@type\":\"ListItem\",\"position\":1,\"name\":\"Home\",\"item\":\"https:\\\/\\\/www.fundacionmdp.org\\\/ca\\\/\"},{\"@type\":\"ListItem\",\"position\":2,\"name\":\"OBERTA LA CONVOCAT\u00d2RIA D\u2019AJUTS \u2018SENSE BARRERES\u2019 PER A LA MILLORA DE L\u2019ACCESSIBILITAT DELS EDIFICIS D\u2019HABITATGES\"}]},{\"@type\":\"WebSite\",\"@id\":\"https:\\\/\\\/www.fundacionmdp.org\\\/#website\",\"url\":\"https:\\\/\\\/www.fundacionmdp.org\\\/\",\"name\":\"Fundaci\u00f3n Mutua de Propietarios\",\"description\":\"En la Fundaci\u00f3n Mutua de Propietarios te ayudamos a convertir tu edificio de viviendas en un espacio sin barreras arquitect\u00f3nicas.\",\"publisher\":{\"@id\":\"https:\\\/\\\/www.fundacionmdp.org\\\/#organization\"},\"potentialAction\":[{\"@type\":\"SearchAction\",\"target\":{\"@type\":\"EntryPoint\",\"urlTemplate\":\"https:\\\/\\\/www.fundacionmdp.org\\\/?s={search_term_string}\"},\"query-input\":{\"@type\":\"PropertyValueSpecification\",\"valueRequired\":true,\"valueName\":\"search_term_string\"}}],\"inLanguage\":\"ca\"},{\"@type\":\"Organization\",\"@id\":\"https:\\\/\\\/www.fundacionmdp.org\\\/#organization\",\"name\":\"Fundaci\u00f3n Mutua de Propietarios\",\"url\":\"https:\\\/\\\/www.fundacionmdp.org\\\/\",\"logo\":{\"@type\":\"ImageObject\",\"inLanguage\":\"ca\",\"@id\":\"https:\\\/\\\/www.fundacionmdp.org\\\/#\\\/schema\\\/logo\\\/image\\\/\",\"url\":\"https:\\\/\\\/www.fundacionmdp.org\\\/wp-content\\\/uploads\\\/2023\\\/05\\\/logo_FMdP_cat.png\",\"contentUrl\":\"https:\\\/\\\/www.fundacionmdp.org\\\/wp-content\\\/uploads\\\/2023\\\/05\\\/logo_FMdP_cat.png\",\"width\":655,\"height\":297,\"caption\":\"Fundaci\u00f3n Mutua de Propietarios\"},\"image\":{\"@id\":\"https:\\\/\\\/www.fundacionmdp.org\\\/#\\\/schema\\\/logo\\\/image\\\/\"}},{\"@type\":\"Person\",\"@id\":\"https:\\\/\\\/www.fundacionmdp.org\\\/#\\\/schema\\\/person\\\/12f9af801cac25dfcb5a96cb0090f703\",\"name\":\"fundacionmdp\",\"image\":{\"@type\":\"ImageObject\",\"inLanguage\":\"ca\",\"@id\":\"https:\\\/\\\/secure.gravatar.com\\\/avatar\\\/b540f93d1816a14d85e51109d050c3243b98fb660a665f517a6d2597cff3bbed?s=96&d=mm&r=g\",\"url\":\"https:\\\/\\\/secure.gravatar.com\\\/avatar\\\/b540f93d1816a14d85e51109d050c3243b98fb660a665f517a6d2597cff3bbed?s=96&d=mm&r=g\",\"contentUrl\":\"https:\\\/\\\/secure.gravatar.com\\\/avatar\\\/b540f93d1816a14d85e51109d050c3243b98fb660a665f517a6d2597cff3bbed?s=96&d=mm&r=g\",\"caption\":\"fundacionmdp\"},\"sameAs\":[\"http:\\\/\\\/prezuk.com.mialias.net\\\/fundacionmdp\"],\"url\":\"https:\\\/\\\/www.fundacionmdp.org\\\/ca\\\/author\\\/fundacionmdp\\\/\"}]}<\/script>\n<!-- \/ Yoast SEO plugin. -->","yoast_head_json":{"title":"OBERTA LA CONVOCAT\u00d2RIA D\u2019AJUTS \u2018SENSE BARRERES\u2019 PER A LA MILLORA DE L\u2019ACCESSIBILITAT DELS EDIFICIS D\u2019HABITATGES - Fundaci\u00f3n Mutua de Propietarios","robots":{"index":"index","follow":"follow","max-snippet":"max-snippet:-1","max-image-preview":"max-image-preview:large","max-video-preview":"max-video-preview:-1"},"canonical":"https:\/\/www.fundacionmdp.org\/abierta-la-convocatoria-de-ayudas-sin-barreras-para-la-mejora-de-la-accesibilidad-de-los-edificios-de-viviendas-2\/","og_locale":"ca_ES","og_type":"article","og_title":"OBERTA LA CONVOCAT\u00d2RIA D\u2019AJUTS \u2018SENSE BARRERES\u2019 PER A LA MILLORA DE L\u2019ACCESSIBILITAT DELS EDIFICIS D\u2019HABITATGES - Fundaci\u00f3n Mutua de Propietarios","og_description":"Des de 2018, el programa de la Fundaci\u00f3 Mutua de Propietarios ha concedit m\u00e9s de 990.000\u20ac en subvencions, dels quals s\u2019han beneficiat 1.193 habitatges i 2.983 persones Amb l\u2019objectiu de facilitar la tramitaci\u00f3 dels ajuts, el programa estrena una plataforma web on tamb\u00e9 es podr\u00e0 con\u00e8ixer l\u2019estat de la sol\u00b7licitud El programa, que subvenciona les [&hellip;]","og_url":"https:\/\/www.fundacionmdp.org\/abierta-la-convocatoria-de-ayudas-sin-barreras-para-la-mejora-de-la-accesibilidad-de-los-edificios-de-viviendas-2\/","og_site_name":"Fundaci\u00f3n Mutua de Propietarios","article_published_time":"2023-04-20T14:32:00+00:00","article_modified_time":"2023-05-15T12:25:01+00:00","og_image":[{"width":1000,"height":667,"url":"https:\/\/www.fundacionmdp.org\/wp-content\/uploads\/2023\/05\/26-enero-1.jpg","type":"image\/jpeg"}],"author":"fundacionmdp","twitter_card":"summary_large_image","twitter_misc":{"Escrit per":"fundacionmdp","Temps estimat de lectura":"3 minuts"},"schema":{"@context":"https:\/\/schema.org","@graph":[{"@type":"Article","@id":"https:\/\/www.fundacionmdp.org\/abierta-la-convocatoria-de-ayudas-sin-barreras-para-la-mejora-de-la-accesibilidad-de-los-edificios-de-viviendas-2\/#article","isPartOf":{"@id":"https:\/\/www.fundacionmdp.org\/abierta-la-convocatoria-de-ayudas-sin-barreras-para-la-mejora-de-la-accesibilidad-de-los-edificios-de-viviendas-2\/"},"author":{"name":"fundacionmdp","@id":"https:\/\/www.fundacionmdp.org\/#\/schema\/person\/12f9af801cac25dfcb5a96cb0090f703"},"headline":"OBERTA LA CONVOCAT\u00d2RIA D\u2019AJUTS \u2018SENSE BARRERES\u2019 PER A LA MILLORA DE L\u2019ACCESSIBILITAT DELS EDIFICIS D\u2019HABITATGES","datePublished":"2023-04-20T14:32:00+00:00","dateModified":"2023-05-15T12:25:01+00:00","mainEntityOfPage":{"@id":"https:\/\/www.fundacionmdp.org\/abierta-la-convocatoria-de-ayudas-sin-barreras-para-la-mejora-de-la-accesibilidad-de-los-edificios-de-viviendas-2\/"},"wordCount":695,"commentCount":0,"publisher":{"@id":"https:\/\/www.fundacionmdp.org\/#organization"},"image":{"@id":"https:\/\/www.fundacionmdp.org\/abierta-la-convocatoria-de-ayudas-sin-barreras-para-la-mejora-de-la-accesibilidad-de-los-edificios-de-viviendas-2\/#primaryimage"},"thumbnailUrl":"https:\/\/www.fundacionmdp.org\/wp-content\/uploads\/2023\/05\/26-enero-1.jpg","articleSection":["Sin categorizar"],"inLanguage":"ca","potentialAction":[{"@type":"CommentAction","name":"Comment","target":["https:\/\/www.fundacionmdp.org\/abierta-la-convocatoria-de-ayudas-sin-barreras-para-la-mejora-de-la-accesibilidad-de-los-edificios-de-viviendas-2\/#respond"]}]},{"@type":"WebPage","@id":"https:\/\/www.fundacionmdp.org\/abierta-la-convocatoria-de-ayudas-sin-barreras-para-la-mejora-de-la-accesibilidad-de-los-edificios-de-viviendas-2\/","url":"https:\/\/www.fundacionmdp.org\/abierta-la-convocatoria-de-ayudas-sin-barreras-para-la-mejora-de-la-accesibilidad-de-los-edificios-de-viviendas-2\/","name":"OBERTA LA CONVOCAT\u00d2RIA D\u2019AJUTS \u2018SENSE BARRERES\u2019 PER A LA MILLORA DE L\u2019ACCESSIBILITAT DELS EDIFICIS D\u2019HABITATGES - Fundaci\u00f3n Mutua de Propietarios","isPartOf":{"@id":"https:\/\/www.fundacionmdp.org\/#website"},"primaryImageOfPage":{"@id":"https:\/\/www.fundacionmdp.org\/abierta-la-convocatoria-de-ayudas-sin-barreras-para-la-mejora-de-la-accesibilidad-de-los-edificios-de-viviendas-2\/#primaryimage"},"image":{"@id":"https:\/\/www.fundacionmdp.org\/abierta-la-convocatoria-de-ayudas-sin-barreras-para-la-mejora-de-la-accesibilidad-de-los-edificios-de-viviendas-2\/#primaryimage"},"thumbnailUrl":"https:\/\/www.fundacionmdp.org\/wp-content\/uploads\/2023\/05\/26-enero-1.jpg","datePublished":"2023-04-20T14:32:00+00:00","dateModified":"2023-05-15T12:25:01+00:00","breadcrumb":{"@id":"https:\/\/www.fundacionmdp.org\/abierta-la-convocatoria-de-ayudas-sin-barreras-para-la-mejora-de-la-accesibilidad-de-los-edificios-de-viviendas-2\/#breadcrumb"},"inLanguage":"ca","potentialAction":[{"@type":"ReadAction","target":["https:\/\/www.fundacionmdp.org\/abierta-la-convocatoria-de-ayudas-sin-barreras-para-la-mejora-de-la-accesibilidad-de-los-edificios-de-viviendas-2\/"]}]},{"@type":"ImageObject","inLanguage":"ca","@id":"https:\/\/www.fundacionmdp.org\/abierta-la-convocatoria-de-ayudas-sin-barreras-para-la-mejora-de-la-accesibilidad-de-los-edificios-de-viviendas-2\/#primaryimage","url":"https:\/\/www.fundacionmdp.org\/wp-content\/uploads\/2023\/05\/26-enero-1.jpg","contentUrl":"https:\/\/www.fundacionmdp.org\/wp-content\/uploads\/2023\/05\/26-enero-1.jpg","width":1000,"height":667},{"@type":"BreadcrumbList","@id":"https:\/\/www.fundacionmdp.org\/abierta-la-convocatoria-de-ayudas-sin-barreras-para-la-mejora-de-la-accesibilidad-de-los-edificios-de-viviendas-2\/#breadcrumb","itemListElement":[{"@type":"ListItem","position":1,"name":"Home","item":"https:\/\/www.fundacionmdp.org\/ca\/"},{"@type":"ListItem","position":2,"name":"OBERTA LA CONVOCAT\u00d2RIA D\u2019AJUTS \u2018SENSE BARRERES\u2019 PER A LA MILLORA DE L\u2019ACCESSIBILITAT DELS EDIFICIS D\u2019HABITATGES"}]},{"@type":"WebSite","@id":"https:\/\/www.fundacionmdp.org\/#website","url":"https:\/\/www.fundacionmdp.org\/","name":"Fundaci\u00f3n Mutua de Propietarios","description":"En la Fundaci\u00f3n Mutua de Propietarios te ayudamos a convertir tu edificio de viviendas en un espacio sin barreras arquitect\u00f3nicas.","publisher":{"@id":"https:\/\/www.fundacionmdp.org\/#organization"},"potentialAction":[{"@type":"SearchAction","target":{"@type":"EntryPoint","urlTemplate":"https:\/\/www.fundacionmdp.org\/?s={search_term_string}"},"query-input":{"@type":"PropertyValueSpecification","valueRequired":true,"valueName":"search_term_string"}}],"inLanguage":"ca"},{"@type":"Organization","@id":"https:\/\/www.fundacionmdp.org\/#organization","name":"Fundaci\u00f3n Mutua de Propietarios","url":"https:\/\/www.fundacionmdp.org\/","logo":{"@type":"ImageObject","inLanguage":"ca","@id":"https:\/\/www.fundacionmdp.org\/#\/schema\/logo\/image\/","url":"https:\/\/www.fundacionmdp.org\/wp-content\/uploads\/2023\/05\/logo_FMdP_cat.png","contentUrl":"https:\/\/www.fundacionmdp.org\/wp-content\/uploads\/2023\/05\/logo_FMdP_cat.png","width":655,"height":297,"caption":"Fundaci\u00f3n Mutua de Propietarios"},"image":{"@id":"https:\/\/www.fundacionmdp.org\/#\/schema\/logo\/image\/"}},{"@type":"Person","@id":"https:\/\/www.fundacionmdp.org\/#\/schema\/person\/12f9af801cac25dfcb5a96cb0090f703","name":"fundacionmdp","image":{"@type":"ImageObject","inLanguage":"ca","@id":"https:\/\/secure.gravatar.com\/avatar\/b540f93d1816a14d85e51109d050c3243b98fb660a665f517a6d2597cff3bbed?s=96&d=mm&r=g","url":"https:\/\/secure.gravatar.com\/avatar\/b540f93d1816a14d85e51109d050c3243b98fb660a665f517a6d2597cff3bbed?s=96&d=mm&r=g","contentUrl":"https:\/\/secure.gravatar.com\/avatar\/b540f93d1816a14d85e51109d050c3243b98fb660a665f517a6d2597cff3bbed?s=96&d=mm&r=g","caption":"fundacionmdp"},"sameAs":["http:\/\/prezuk.com.mialias.net\/fundacionmdp"],"url":"https:\/\/www.fundacionmdp.org\/ca\/author\/fundacionmdp\/"}]}},"_links":{"self":[{"href":"https:\/\/www.fundacionmdp.org\/ca\/wp-json\/wp\/v2\/posts\/7454","targetHints":{"allow":["GET"]}}],"collection":[{"href":"https:\/\/www.fundacionmdp.org\/ca\/wp-json\/wp\/v2\/posts"}],"about":[{"href":"https:\/\/www.fundacionmdp.org\/ca\/wp-json\/wp\/v2\/types\/post"}],"author":[{"embeddable":true,"href":"https:\/\/www.fundacionmdp.org\/ca\/wp-json\/wp\/v2\/users\/1"}],"replies":[{"embeddable":true,"href":"https:\/\/www.fundacionmdp.org\/ca\/wp-json\/wp\/v2\/comments?post=7454"}],"version-history":[{"count":4,"href":"https:\/\/www.fundacionmdp.org\/ca\/wp-json\/wp\/v2\/posts\/7454\/revisions"}],"predecessor-version":[{"id":7460,"href":"https:\/\/www.fundacionmdp.org\/ca\/wp-json\/wp\/v2\/posts\/7454\/revisions\/7460"}],"wp:featuredmedia":[{"embeddable":true,"href":"https:\/\/www.fundacionmdp.org\/ca\/wp-json\/wp\/v2\/media\/7016"}],"wp:attachment":[{"href":"https:\/\/www.fundacionmdp.org\/ca\/wp-json\/wp\/v2\/media?parent=7454"}],"wp:term":[{"taxonomy":"category","embeddable":true,"href":"https:\/\/www.fundacionmdp.org\/ca\/wp-json\/wp\/v2\/categories?post=7454"},{"taxonomy":"post_tag","embeddable":true,"href":"https:\/\/www.fundacionmdp.org\/ca\/wp-json\/wp\/v2\/tags?post=7454"}],"curies":[{"name":"wp","href":"https:\/\/api.w.org\/{rel}","templated":true}]}}