{"id":8456,"date":"2023-05-20T13:54:08","date_gmt":"2023-05-20T13:54:08","guid":{"rendered":"http:\/\/108.128.154.120\/el-87-de-los-edificios-de-viviendas-necesitan-realizar-actuaciones-de-eliminacion-de-barreras-arquitectonicas-para-mejorar-su-accesibilidad\/"},"modified":"2023-05-20T14:07:46","modified_gmt":"2023-05-20T14:07:46","slug":"el-87-de-los-edificios-de-viviendas-necesitan-realizar-actuaciones-de-eliminacion-de-barreras-arquitectonicas-para-mejorar-su-accesibilidad","status":"publish","type":"post","link":"https:\/\/www.fundacionmdp.org\/ca\/el-87-de-los-edificios-de-viviendas-necesitan-realizar-actuaciones-de-eliminacion-de-barreras-arquitectonicas-para-mejorar-su-accesibilidad\/","title":{"rendered":"El 87% dels edificis d&#8217;habitatges necessiten realitzar actuacions d&#8217;eliminaci\u00f3 de barreres arquitect\u00f2niques per a millorar la seva accessibilitat"},"content":{"rendered":"\t\t<div data-elementor-type=\"wp-post\" data-elementor-id=\"8456\" class=\"elementor elementor-8456 elementor-8432\">\n\t\t\t\t<div class=\"elementor-element elementor-element-952785d e-flex e-con-boxed e-con e-parent\" data-id=\"952785d\" data-element_type=\"container\" data-e-type=\"container\">\n\t\t\t\t\t<div class=\"e-con-inner\">\n\t\t<div class=\"elementor-element elementor-element-2b719a6 e-flex e-con-boxed e-con e-parent\" data-id=\"2b719a6\" data-element_type=\"container\" data-e-type=\"container\">\n\t\t\t\t\t<div class=\"e-con-inner\">\n\t\t\t\t<div class=\"elementor-element elementor-element-23f84d0 elementor-widget elementor-widget-text-editor\" data-id=\"23f84d0\" data-element_type=\"widget\" data-e-type=\"widget\" data-widget_type=\"text-editor.default\">\n\t\t\t\t<div class=\"elementor-widget-container\">\n\t\t\t\t\t\t\t\t\t<p><span style=\"color: #993366;\"><strong>FER ACCESSIBLES TOTS ELS EDIFICIS D&#8217;HABITATGES DE CATALUNYA COSTARIA UNA MITJANA DE 1.361 \u20ac PER LLAR<\/strong><\/span><\/p><ul><li><strong>Encara que el 58% dels catalans est\u00e0 d&#8217;acord amb que un edifici accessible revaloritza els seus immobles, 6 de cada 10 considera que \u00e9s complicat que tots els ve\u00efns es posin d&#8217;acord per a fer front a aquesta inversi\u00f3<\/strong><\/li><li><strong>1 de cada 4 edificis t\u00e9 un gra\u00f3 a la porta d\u2019acc\u00e9s; el 56% tenen porters autom\u00e0tics no accessibles, i el 48% de les portes pesen massa<\/strong><\/li><li><strong>Els catalans puntuen amb un 5,3 l&#8217;accessibilitat del seu edifici<\/strong><\/li><\/ul><p><strong>Barcelona, <\/strong><strong>20 de maig de 2023<\/strong><strong>\u2013 \u00a0\u00a0<\/strong>El 87% dels edificis d&#8217;habitatges catalans necessitaria realitzar actuacions d&#8217;eliminaci\u00f3 de barreres arquitect\u00f2niques per a millorar la seva accessibilitat, aquest fet suposa un cost mitj\u00e0 per llar de 1.361\u20ac, d&#8217;acord amb el c\u00e0lcul realitzat per la Fundaci\u00f3 Mutua de Propietarios a l&#8217;informe \u201cAccessibilitat a l&#8217;edifici: despesa o inversi\u00f3?\u201d.<\/p><p>\u00a0\u201cQuan en un edifici o habitatge resideixen persones amb mobilitat redu\u00efda, sigui pel motiu de discapacitat o d\u2019edat avan\u00e7ada, l&#8217;accessibilitat cobra especial import\u00e0ncia, per\u00f2 mentre no resideixen persones amb necessitats especials, l&#8217;accessibilitat no rep la import\u00e0ncia que mereix i es percep m\u00e9s com una despesa que com una inversi\u00f3\u201d, explica Laura\u00a0Lopez\u00a0Demarbre, vicepresidenta executiva de la Fundaci\u00f3 Mutua de Propietarios.<\/p><p><img fetchpriority=\"high\" decoding=\"async\" class=\"size-medium wp-image-8462 alignright\" src=\"https:\/\/www.fundacionmdp.org\/wp-content\/uploads\/2023\/05\/GRAFIC1-274x300.png\" alt=\"\" width=\"274\" height=\"300\" srcset=\"https:\/\/www.fundacionmdp.org\/wp-content\/uploads\/2023\/05\/GRAFIC1-274x300.png 274w, https:\/\/www.fundacionmdp.org\/wp-content\/uploads\/2023\/05\/GRAFIC1.png 427w\" sizes=\"(max-width: 274px) 100vw, 274px\" \/>Partint del cost mitj\u00e0 de les actuacions detectades per a fer un edifici accessible, l&#8217;informe constata que la factura de l&#8217;accessibilitat s&#8217;incrementa, especialment, en aquells edificis de menys plantes i menys ve\u00efns, amb 5.409\u20ac i 4.457\u20ac respectivament; entre les llars d&#8217;edificis m\u00e9s antics (3.156\u20ac); en els quals tenen habitatges de menor grand\u00e0ria (2.416\u20ac) i en les llars amb menys ingressos (2.995\u20ac). \u201cMolts dels habitatges no accessibles s\u00f3n propietat de persones amb recursos baixos pel que s&#8217;evidencia la necessitat que l\u2019administraci\u00f3 i les institucions contribueixin a fer possible que es duguin a terme actuacions per a l&#8217;eliminaci\u00f3 de\u00a0barreres\u00a0arquitect\u00f2niques\u201d, explica L\u00f3pez\u00a0Demarbre.<\/p><p>Per a fer l&#8217;informe, es va realitzar un pressupost aproximat real a m\u00e9s de 2.400 llars sobre les actuacions de millora de l&#8217;accessibilitat que eren necess\u00e0ries al seu edifici i informant de la probabilitat de dur-les a terme.<strong><em>\u00a0<\/em><\/strong><\/p><p><strong><em>L&#8217;ascensor, el m\u00e9s urgent<\/em><\/strong><\/p><p>L&#8217;estudi de la Fundaci\u00f3 Mutua de Propietarios revela que 1 de cada 4 edificis t\u00e9 un gra\u00f3 a la porta d\u2019acc\u00e9s; el 56% dels porters autom\u00e0tics no son accessibles des d&#8217;una cadira de rodes, igual que 2 de cada 3 edificis tenen les seves b\u00fasties elevades i, per tant, tamb\u00e9 inaccessibles. Finalment, encara que el 90% dels portals d&#8217;acc\u00e9s a l&#8217;edifici tenen la grand\u00e0ria adequada per a passar amb cadira de rodes, el 48% pesen massa.<\/p><p><img decoding=\"async\" class=\"size-medium wp-image-8464 alignright\" src=\"https:\/\/www.fundacionmdp.org\/wp-content\/uploads\/2023\/05\/GRAFIC2-298x300.png\" alt=\"\" width=\"298\" height=\"300\" srcset=\"https:\/\/www.fundacionmdp.org\/wp-content\/uploads\/2023\/05\/GRAFIC2-298x300.png 298w, https:\/\/www.fundacionmdp.org\/wp-content\/uploads\/2023\/05\/GRAFIC2-150x150.png 150w, https:\/\/www.fundacionmdp.org\/wp-content\/uploads\/2023\/05\/GRAFIC2.png 433w\" sizes=\"(max-width: 298px) 100vw, 298px\" \/>No obstant aix\u00f2, l&#8217;informe \u201cAccessibilitat a l&#8217;edifici: despesa o inversi\u00f3?\u201d apunta a les barreres relacionades amb l\u2019ascensor com les actuacions amb un major grau d&#8217;urg\u00e8ncia. En concret, un 17% dels edificis d&#8217;habitatges comunitaris no disposa d&#8217;ascensor i, dels que s\u00ed que disposen, un 11% t\u00e9 un gra\u00f3 que dificulta l&#8217;accessibilitat fins a ell. Per aquest motiu, el 49% dels qui no compten amb ascensor, ho reclamen com una mesura urgent, de la mateixa manera que un 51% considera essencial millorar l&#8217;accessibilitat de la porta fins a l&#8217;ascensor amb una plataforma elevadora el\u00e8ctrica o una rampa.<\/p><p>Per tots aquests motius, els catalans posen una nota de 5,3 sobre 10 a l&#8217;accessibilitat, una nota que baixa si la persona que valorar l&#8217;accessibilitat es una persona amb mobilitat redu\u00efda.<\/p><p><strong><em>\u00a0<\/em><\/strong><strong><em>Accessibilitat i revaloraci\u00f3 de l&#8217;immoble: la barrera dels 2.000 euros<\/em><\/strong><\/p><p>L&#8217;estudi de la Fundaci\u00f3 Mutua de Propietarios detecta que, malgrat que el 58% dels catalans est\u00e0 d&#8217;acord amb que un edifici accessible revaloritza els seus immobles, 6 de cada 10 veu poc o gens probable realitzar les millores d&#8217;accessibilitat que es necessiten fer al seu edifici.<\/p><p><img decoding=\"async\" class=\"alignright wp-image-8468\" src=\"https:\/\/www.fundacionmdp.org\/wp-content\/uploads\/2023\/05\/GRAFIC3-300x178.jpg\" alt=\"\" width=\"450\" height=\"267\" srcset=\"https:\/\/www.fundacionmdp.org\/wp-content\/uploads\/2023\/05\/GRAFIC3-300x178.jpg 300w, https:\/\/www.fundacionmdp.org\/wp-content\/uploads\/2023\/05\/GRAFIC3-768x455.jpg 768w, https:\/\/www.fundacionmdp.org\/wp-content\/uploads\/2023\/05\/GRAFIC3.jpg 992w\" sizes=\"(max-width: 450px) 100vw, 450px\" \/>La falta d&#8217;acord entre ve\u00efns (55%) i els motius econ\u00f2mics (47%) s\u00f3n les principals raons exposades. En aquest \u00faltim punt, la barrera dels 2.000 euros per llar \u00e9s el punt d&#8217;inflexi\u00f3 per a considerar probable o no probable dur a terme les millores<\/p><p>\u201cEls catalans son cada vegada m\u00e9s conscients de la necessitat d&#8217;adaptar l&#8217;edifici a les seves futures necessitats, per\u00f2 el factor econ\u00f2mic continua sent una barrera que posa de manifest la necessitat de donar suport i incentivar les inversions en sostenibilitat\u201d, conclou la vicepresidenta executiva de la Fundaci\u00f3 Mutua de Propietarios.<\/p>\t\t\t\t\t\t\t\t<\/div>\n\t\t\t\t<\/div>\n\t\t\t\t\t<\/div>\n\t\t\t\t<\/div>\n\t\t\t\t\t<\/div>\n\t\t\t\t<\/div>\n\t\t\t\t<\/div>\n\t\t","protected":false},"excerpt":{"rendered":"<p>FER ACCESSIBLES TOTS ELS EDIFICIS D&#8217;HABITATGES DE CATALUNYA COSTARIA UNA MITJANA DE 1.361 \u20ac PER LLAR Encara que el 58% dels catalans est\u00e0 d&#8217;acord amb que un edifici accessible revaloritza els seus immobles, 6 de cada 10 considera que \u00e9s complicat que tots els ve\u00efns es posin d&#8217;acord per a fer front a aquesta inversi\u00f3 [&hellip;]<\/p>\n","protected":false},"author":1,"featured_media":8458,"comment_status":"open","ping_status":"open","sticky":false,"template":"","format":"standard","meta":{"_acf_changed":false,"ocean_post_layout":"","ocean_both_sidebars_style":"","ocean_both_sidebars_content_width":0,"ocean_both_sidebars_sidebars_width":0,"ocean_sidebar":"","ocean_second_sidebar":"","ocean_disable_margins":"enable","ocean_add_body_class":"","ocean_shortcode_before_top_bar":"","ocean_shortcode_after_top_bar":"","ocean_shortcode_before_header":"","ocean_shortcode_after_header":"","ocean_has_shortcode":"","ocean_shortcode_after_title":"","ocean_shortcode_before_footer_widgets":"","ocean_shortcode_after_footer_widgets":"","ocean_shortcode_before_footer_bottom":"","ocean_shortcode_after_footer_bottom":"","ocean_display_top_bar":"default","ocean_display_header":"default","ocean_header_style":"","ocean_center_header_left_menu":"","ocean_custom_header_template":"","ocean_custom_logo":0,"ocean_custom_retina_logo":0,"ocean_custom_logo_max_width":0,"ocean_custom_logo_tablet_max_width":0,"ocean_custom_logo_mobile_max_width":0,"ocean_custom_logo_max_height":0,"ocean_custom_logo_tablet_max_height":0,"ocean_custom_logo_mobile_max_height":0,"ocean_header_custom_menu":"","ocean_menu_typo_font_family":"","ocean_menu_typo_font_subset":"","ocean_menu_typo_font_size":0,"ocean_menu_typo_font_size_tablet":0,"ocean_menu_typo_font_size_mobile":0,"ocean_menu_typo_font_size_unit":"px","ocean_menu_typo_font_weight":"","ocean_menu_typo_font_weight_tablet":"","ocean_menu_typo_font_weight_mobile":"","ocean_menu_typo_transform":"","ocean_menu_typo_transform_tablet":"","ocean_menu_typo_transform_mobile":"","ocean_menu_typo_line_height":0,"ocean_menu_typo_line_height_tablet":0,"ocean_menu_typo_line_height_mobile":0,"ocean_menu_typo_line_height_unit":"","ocean_menu_typo_spacing":0,"ocean_menu_typo_spacing_tablet":0,"ocean_menu_typo_spacing_mobile":0,"ocean_menu_typo_spacing_unit":"","ocean_menu_link_color":"","ocean_menu_link_color_hover":"","ocean_menu_link_color_active":"","ocean_menu_link_background":"","ocean_menu_link_hover_background":"","ocean_menu_link_active_background":"","ocean_menu_social_links_bg":"","ocean_menu_social_hover_links_bg":"","ocean_menu_social_links_color":"","ocean_menu_social_hover_links_color":"","ocean_disable_title":"default","ocean_disable_heading":"default","ocean_post_title":"","ocean_post_subheading":"","ocean_post_title_style":"","ocean_post_title_background_color":"","ocean_post_title_background":0,"ocean_post_title_bg_image_position":"","ocean_post_title_bg_image_attachment":"","ocean_post_title_bg_image_repeat":"","ocean_post_title_bg_image_size":"","ocean_post_title_height":0,"ocean_post_title_bg_overlay":0.5,"ocean_post_title_bg_overlay_color":"","ocean_disable_breadcrumbs":"default","ocean_breadcrumbs_color":"","ocean_breadcrumbs_separator_color":"","ocean_breadcrumbs_links_color":"","ocean_breadcrumbs_links_hover_color":"","ocean_display_footer_widgets":"default","ocean_display_footer_bottom":"default","ocean_custom_footer_template":"","ocean_post_oembed":"","ocean_post_self_hosted_media":"","ocean_post_video_embed":"","ocean_link_format":"","ocean_link_format_target":"self","ocean_quote_format":"","ocean_quote_format_link":"post","ocean_gallery_link_images":"off","ocean_gallery_id":[],"footnotes":""},"categories":[1],"tags":[],"class_list":["post-8456","post","type-post","status-publish","format-standard","has-post-thumbnail","hentry","category-sin-categorizar","entry","has-media"],"acf":[],"yoast_head":"<!-- This site is optimized with the Yoast SEO plugin v27.3 - https:\/\/yoast.com\/product\/yoast-seo-wordpress\/ -->\n<title>El 87% dels edificis d&#039;habitatges necessiten realitzar actuacions d&#039;eliminaci\u00f3 de barreres arquitect\u00f2niques per a millorar la seva accessibilitat - Fundaci\u00f3n Mutua de Propietarios<\/title>\n<meta name=\"robots\" content=\"index, follow, max-snippet:-1, max-image-preview:large, max-video-preview:-1\" \/>\n<link rel=\"canonical\" href=\"https:\/\/www.fundacionmdp.org\/el-87-de-los-edificios-de-viviendas-necesitan-realizar-actuaciones-de-eliminacion-de-barreras-arquitectonicas-para-mejorar-su-accesibilidad\/\" \/>\n<meta property=\"og:locale\" content=\"ca_ES\" \/>\n<meta property=\"og:type\" content=\"article\" \/>\n<meta property=\"og:title\" content=\"El 87% dels edificis d&#039;habitatges necessiten realitzar actuacions d&#039;eliminaci\u00f3 de barreres arquitect\u00f2niques per a millorar la seva accessibilitat - Fundaci\u00f3n Mutua de Propietarios\" \/>\n<meta property=\"og:description\" content=\"FER ACCESSIBLES TOTS ELS EDIFICIS D&#8217;HABITATGES DE CATALUNYA COSTARIA UNA MITJANA DE 1.361 \u20ac PER LLAR Encara que el 58% dels catalans est\u00e0 d&#8217;acord amb que un edifici accessible revaloritza els seus immobles, 6 de cada 10 considera que \u00e9s complicat que tots els ve\u00efns es posin d&#8217;acord per a fer front a aquesta inversi\u00f3 [&hellip;]\" \/>\n<meta property=\"og:url\" content=\"https:\/\/www.fundacionmdp.org\/el-87-de-los-edificios-de-viviendas-necesitan-realizar-actuaciones-de-eliminacion-de-barreras-arquitectonicas-para-mejorar-su-accesibilidad\/\" \/>\n<meta property=\"og:site_name\" content=\"Fundaci\u00f3n Mutua de Propietarios\" \/>\n<meta property=\"article:published_time\" content=\"2023-05-20T13:54:08+00:00\" \/>\n<meta property=\"article:modified_time\" content=\"2023-05-20T14:07:46+00:00\" \/>\n<meta property=\"og:image\" content=\"https:\/\/www.fundacionmdp.org\/wp-content\/uploads\/2023\/05\/Noticia-fundacionmdp.jpg\" \/>\n\t<meta property=\"og:image:width\" content=\"1080\" \/>\n\t<meta property=\"og:image:height\" content=\"1080\" \/>\n\t<meta property=\"og:image:type\" content=\"image\/jpeg\" \/>\n<meta name=\"author\" content=\"fundacionmdp\" \/>\n<meta name=\"twitter:card\" content=\"summary_large_image\" \/>\n<meta name=\"twitter:label1\" content=\"Escrit per\" \/>\n\t<meta name=\"twitter:data1\" content=\"fundacionmdp\" \/>\n\t<meta name=\"twitter:label2\" content=\"Temps estimat de lectura\" \/>\n\t<meta name=\"twitter:data2\" content=\"3 minuts\" \/>\n<script type=\"application\/ld+json\" class=\"yoast-schema-graph\">{\"@context\":\"https:\\\/\\\/schema.org\",\"@graph\":[{\"@type\":\"Article\",\"@id\":\"https:\\\/\\\/www.fundacionmdp.org\\\/el-87-de-los-edificios-de-viviendas-necesitan-realizar-actuaciones-de-eliminacion-de-barreras-arquitectonicas-para-mejorar-su-accesibilidad\\\/#article\",\"isPartOf\":{\"@id\":\"https:\\\/\\\/www.fundacionmdp.org\\\/el-87-de-los-edificios-de-viviendas-necesitan-realizar-actuaciones-de-eliminacion-de-barreras-arquitectonicas-para-mejorar-su-accesibilidad\\\/\"},\"author\":{\"name\":\"fundacionmdp\",\"@id\":\"https:\\\/\\\/www.fundacionmdp.org\\\/#\\\/schema\\\/person\\\/12f9af801cac25dfcb5a96cb0090f703\"},\"headline\":\"El 87% dels edificis d&#8217;habitatges necessiten realitzar actuacions d&#8217;eliminaci\u00f3 de barreres arquitect\u00f2niques per a millorar la seva accessibilitat\",\"datePublished\":\"2023-05-20T13:54:08+00:00\",\"dateModified\":\"2023-05-20T14:07:46+00:00\",\"mainEntityOfPage\":{\"@id\":\"https:\\\/\\\/www.fundacionmdp.org\\\/el-87-de-los-edificios-de-viviendas-necesitan-realizar-actuaciones-de-eliminacion-de-barreras-arquitectonicas-para-mejorar-su-accesibilidad\\\/\"},\"wordCount\":761,\"commentCount\":0,\"publisher\":{\"@id\":\"https:\\\/\\\/www.fundacionmdp.org\\\/#organization\"},\"image\":{\"@id\":\"https:\\\/\\\/www.fundacionmdp.org\\\/el-87-de-los-edificios-de-viviendas-necesitan-realizar-actuaciones-de-eliminacion-de-barreras-arquitectonicas-para-mejorar-su-accesibilidad\\\/#primaryimage\"},\"thumbnailUrl\":\"https:\\\/\\\/www.fundacionmdp.org\\\/wp-content\\\/uploads\\\/2023\\\/05\\\/Noticia-fundacionmdp.jpg\",\"articleSection\":[\"Sin categorizar\"],\"inLanguage\":\"ca\",\"potentialAction\":[{\"@type\":\"CommentAction\",\"name\":\"Comment\",\"target\":[\"https:\\\/\\\/www.fundacionmdp.org\\\/el-87-de-los-edificios-de-viviendas-necesitan-realizar-actuaciones-de-eliminacion-de-barreras-arquitectonicas-para-mejorar-su-accesibilidad\\\/#respond\"]}]},{\"@type\":\"WebPage\",\"@id\":\"https:\\\/\\\/www.fundacionmdp.org\\\/el-87-de-los-edificios-de-viviendas-necesitan-realizar-actuaciones-de-eliminacion-de-barreras-arquitectonicas-para-mejorar-su-accesibilidad\\\/\",\"url\":\"https:\\\/\\\/www.fundacionmdp.org\\\/el-87-de-los-edificios-de-viviendas-necesitan-realizar-actuaciones-de-eliminacion-de-barreras-arquitectonicas-para-mejorar-su-accesibilidad\\\/\",\"name\":\"El 87% dels edificis d'habitatges necessiten realitzar actuacions d'eliminaci\u00f3 de barreres arquitect\u00f2niques per a millorar la seva accessibilitat - Fundaci\u00f3n Mutua de Propietarios\",\"isPartOf\":{\"@id\":\"https:\\\/\\\/www.fundacionmdp.org\\\/#website\"},\"primaryImageOfPage\":{\"@id\":\"https:\\\/\\\/www.fundacionmdp.org\\\/el-87-de-los-edificios-de-viviendas-necesitan-realizar-actuaciones-de-eliminacion-de-barreras-arquitectonicas-para-mejorar-su-accesibilidad\\\/#primaryimage\"},\"image\":{\"@id\":\"https:\\\/\\\/www.fundacionmdp.org\\\/el-87-de-los-edificios-de-viviendas-necesitan-realizar-actuaciones-de-eliminacion-de-barreras-arquitectonicas-para-mejorar-su-accesibilidad\\\/#primaryimage\"},\"thumbnailUrl\":\"https:\\\/\\\/www.fundacionmdp.org\\\/wp-content\\\/uploads\\\/2023\\\/05\\\/Noticia-fundacionmdp.jpg\",\"datePublished\":\"2023-05-20T13:54:08+00:00\",\"dateModified\":\"2023-05-20T14:07:46+00:00\",\"breadcrumb\":{\"@id\":\"https:\\\/\\\/www.fundacionmdp.org\\\/el-87-de-los-edificios-de-viviendas-necesitan-realizar-actuaciones-de-eliminacion-de-barreras-arquitectonicas-para-mejorar-su-accesibilidad\\\/#breadcrumb\"},\"inLanguage\":\"ca\",\"potentialAction\":[{\"@type\":\"ReadAction\",\"target\":[\"https:\\\/\\\/www.fundacionmdp.org\\\/el-87-de-los-edificios-de-viviendas-necesitan-realizar-actuaciones-de-eliminacion-de-barreras-arquitectonicas-para-mejorar-su-accesibilidad\\\/\"]}]},{\"@type\":\"ImageObject\",\"inLanguage\":\"ca\",\"@id\":\"https:\\\/\\\/www.fundacionmdp.org\\\/el-87-de-los-edificios-de-viviendas-necesitan-realizar-actuaciones-de-eliminacion-de-barreras-arquitectonicas-para-mejorar-su-accesibilidad\\\/#primaryimage\",\"url\":\"https:\\\/\\\/www.fundacionmdp.org\\\/wp-content\\\/uploads\\\/2023\\\/05\\\/Noticia-fundacionmdp.jpg\",\"contentUrl\":\"https:\\\/\\\/www.fundacionmdp.org\\\/wp-content\\\/uploads\\\/2023\\\/05\\\/Noticia-fundacionmdp.jpg\",\"width\":1080,\"height\":1080},{\"@type\":\"BreadcrumbList\",\"@id\":\"https:\\\/\\\/www.fundacionmdp.org\\\/el-87-de-los-edificios-de-viviendas-necesitan-realizar-actuaciones-de-eliminacion-de-barreras-arquitectonicas-para-mejorar-su-accesibilidad\\\/#breadcrumb\",\"itemListElement\":[{\"@type\":\"ListItem\",\"position\":1,\"name\":\"Home\",\"item\":\"https:\\\/\\\/www.fundacionmdp.org\\\/ca\\\/\"},{\"@type\":\"ListItem\",\"position\":2,\"name\":\"El 87% dels edificis d&#8217;habitatges necessiten realitzar actuacions d&#8217;eliminaci\u00f3 de barreres arquitect\u00f2niques per a millorar la seva accessibilitat\"}]},{\"@type\":\"WebSite\",\"@id\":\"https:\\\/\\\/www.fundacionmdp.org\\\/#website\",\"url\":\"https:\\\/\\\/www.fundacionmdp.org\\\/\",\"name\":\"Fundaci\u00f3n Mutua de Propietarios\",\"description\":\"En la Fundaci\u00f3n Mutua de Propietarios te ayudamos a convertir tu edificio de viviendas en un espacio sin barreras arquitect\u00f3nicas.\",\"publisher\":{\"@id\":\"https:\\\/\\\/www.fundacionmdp.org\\\/#organization\"},\"potentialAction\":[{\"@type\":\"SearchAction\",\"target\":{\"@type\":\"EntryPoint\",\"urlTemplate\":\"https:\\\/\\\/www.fundacionmdp.org\\\/?s={search_term_string}\"},\"query-input\":{\"@type\":\"PropertyValueSpecification\",\"valueRequired\":true,\"valueName\":\"search_term_string\"}}],\"inLanguage\":\"ca\"},{\"@type\":\"Organization\",\"@id\":\"https:\\\/\\\/www.fundacionmdp.org\\\/#organization\",\"name\":\"Fundaci\u00f3n Mutua de Propietarios\",\"url\":\"https:\\\/\\\/www.fundacionmdp.org\\\/\",\"logo\":{\"@type\":\"ImageObject\",\"inLanguage\":\"ca\",\"@id\":\"https:\\\/\\\/www.fundacionmdp.org\\\/#\\\/schema\\\/logo\\\/image\\\/\",\"url\":\"https:\\\/\\\/www.fundacionmdp.org\\\/wp-content\\\/uploads\\\/2023\\\/05\\\/logo_FMdP_cat.png\",\"contentUrl\":\"https:\\\/\\\/www.fundacionmdp.org\\\/wp-content\\\/uploads\\\/2023\\\/05\\\/logo_FMdP_cat.png\",\"width\":655,\"height\":297,\"caption\":\"Fundaci\u00f3n Mutua de Propietarios\"},\"image\":{\"@id\":\"https:\\\/\\\/www.fundacionmdp.org\\\/#\\\/schema\\\/logo\\\/image\\\/\"}},{\"@type\":\"Person\",\"@id\":\"https:\\\/\\\/www.fundacionmdp.org\\\/#\\\/schema\\\/person\\\/12f9af801cac25dfcb5a96cb0090f703\",\"name\":\"fundacionmdp\",\"image\":{\"@type\":\"ImageObject\",\"inLanguage\":\"ca\",\"@id\":\"https:\\\/\\\/secure.gravatar.com\\\/avatar\\\/b540f93d1816a14d85e51109d050c3243b98fb660a665f517a6d2597cff3bbed?s=96&d=mm&r=g\",\"url\":\"https:\\\/\\\/secure.gravatar.com\\\/avatar\\\/b540f93d1816a14d85e51109d050c3243b98fb660a665f517a6d2597cff3bbed?s=96&d=mm&r=g\",\"contentUrl\":\"https:\\\/\\\/secure.gravatar.com\\\/avatar\\\/b540f93d1816a14d85e51109d050c3243b98fb660a665f517a6d2597cff3bbed?s=96&d=mm&r=g\",\"caption\":\"fundacionmdp\"},\"sameAs\":[\"http:\\\/\\\/prezuk.com.mialias.net\\\/fundacionmdp\"],\"url\":\"https:\\\/\\\/www.fundacionmdp.org\\\/ca\\\/author\\\/fundacionmdp\\\/\"}]}<\/script>\n<!-- \/ Yoast SEO plugin. -->","yoast_head_json":{"title":"El 87% dels edificis d'habitatges necessiten realitzar actuacions d'eliminaci\u00f3 de barreres arquitect\u00f2niques per a millorar la seva accessibilitat - Fundaci\u00f3n Mutua de Propietarios","robots":{"index":"index","follow":"follow","max-snippet":"max-snippet:-1","max-image-preview":"max-image-preview:large","max-video-preview":"max-video-preview:-1"},"canonical":"https:\/\/www.fundacionmdp.org\/el-87-de-los-edificios-de-viviendas-necesitan-realizar-actuaciones-de-eliminacion-de-barreras-arquitectonicas-para-mejorar-su-accesibilidad\/","og_locale":"ca_ES","og_type":"article","og_title":"El 87% dels edificis d'habitatges necessiten realitzar actuacions d'eliminaci\u00f3 de barreres arquitect\u00f2niques per a millorar la seva accessibilitat - Fundaci\u00f3n Mutua de Propietarios","og_description":"FER ACCESSIBLES TOTS ELS EDIFICIS D&#8217;HABITATGES DE CATALUNYA COSTARIA UNA MITJANA DE 1.361 \u20ac PER LLAR Encara que el 58% dels catalans est\u00e0 d&#8217;acord amb que un edifici accessible revaloritza els seus immobles, 6 de cada 10 considera que \u00e9s complicat que tots els ve\u00efns es posin d&#8217;acord per a fer front a aquesta inversi\u00f3 [&hellip;]","og_url":"https:\/\/www.fundacionmdp.org\/el-87-de-los-edificios-de-viviendas-necesitan-realizar-actuaciones-de-eliminacion-de-barreras-arquitectonicas-para-mejorar-su-accesibilidad\/","og_site_name":"Fundaci\u00f3n Mutua de Propietarios","article_published_time":"2023-05-20T13:54:08+00:00","article_modified_time":"2023-05-20T14:07:46+00:00","og_image":[{"width":1080,"height":1080,"url":"https:\/\/www.fundacionmdp.org\/wp-content\/uploads\/2023\/05\/Noticia-fundacionmdp.jpg","type":"image\/jpeg"}],"author":"fundacionmdp","twitter_card":"summary_large_image","twitter_misc":{"Escrit per":"fundacionmdp","Temps estimat de lectura":"3 minuts"},"schema":{"@context":"https:\/\/schema.org","@graph":[{"@type":"Article","@id":"https:\/\/www.fundacionmdp.org\/el-87-de-los-edificios-de-viviendas-necesitan-realizar-actuaciones-de-eliminacion-de-barreras-arquitectonicas-para-mejorar-su-accesibilidad\/#article","isPartOf":{"@id":"https:\/\/www.fundacionmdp.org\/el-87-de-los-edificios-de-viviendas-necesitan-realizar-actuaciones-de-eliminacion-de-barreras-arquitectonicas-para-mejorar-su-accesibilidad\/"},"author":{"name":"fundacionmdp","@id":"https:\/\/www.fundacionmdp.org\/#\/schema\/person\/12f9af801cac25dfcb5a96cb0090f703"},"headline":"El 87% dels edificis d&#8217;habitatges necessiten realitzar actuacions d&#8217;eliminaci\u00f3 de barreres arquitect\u00f2niques per a millorar la seva accessibilitat","datePublished":"2023-05-20T13:54:08+00:00","dateModified":"2023-05-20T14:07:46+00:00","mainEntityOfPage":{"@id":"https:\/\/www.fundacionmdp.org\/el-87-de-los-edificios-de-viviendas-necesitan-realizar-actuaciones-de-eliminacion-de-barreras-arquitectonicas-para-mejorar-su-accesibilidad\/"},"wordCount":761,"commentCount":0,"publisher":{"@id":"https:\/\/www.fundacionmdp.org\/#organization"},"image":{"@id":"https:\/\/www.fundacionmdp.org\/el-87-de-los-edificios-de-viviendas-necesitan-realizar-actuaciones-de-eliminacion-de-barreras-arquitectonicas-para-mejorar-su-accesibilidad\/#primaryimage"},"thumbnailUrl":"https:\/\/www.fundacionmdp.org\/wp-content\/uploads\/2023\/05\/Noticia-fundacionmdp.jpg","articleSection":["Sin categorizar"],"inLanguage":"ca","potentialAction":[{"@type":"CommentAction","name":"Comment","target":["https:\/\/www.fundacionmdp.org\/el-87-de-los-edificios-de-viviendas-necesitan-realizar-actuaciones-de-eliminacion-de-barreras-arquitectonicas-para-mejorar-su-accesibilidad\/#respond"]}]},{"@type":"WebPage","@id":"https:\/\/www.fundacionmdp.org\/el-87-de-los-edificios-de-viviendas-necesitan-realizar-actuaciones-de-eliminacion-de-barreras-arquitectonicas-para-mejorar-su-accesibilidad\/","url":"https:\/\/www.fundacionmdp.org\/el-87-de-los-edificios-de-viviendas-necesitan-realizar-actuaciones-de-eliminacion-de-barreras-arquitectonicas-para-mejorar-su-accesibilidad\/","name":"El 87% dels edificis d'habitatges necessiten realitzar actuacions d'eliminaci\u00f3 de barreres arquitect\u00f2niques per a millorar la seva accessibilitat - Fundaci\u00f3n Mutua de Propietarios","isPartOf":{"@id":"https:\/\/www.fundacionmdp.org\/#website"},"primaryImageOfPage":{"@id":"https:\/\/www.fundacionmdp.org\/el-87-de-los-edificios-de-viviendas-necesitan-realizar-actuaciones-de-eliminacion-de-barreras-arquitectonicas-para-mejorar-su-accesibilidad\/#primaryimage"},"image":{"@id":"https:\/\/www.fundacionmdp.org\/el-87-de-los-edificios-de-viviendas-necesitan-realizar-actuaciones-de-eliminacion-de-barreras-arquitectonicas-para-mejorar-su-accesibilidad\/#primaryimage"},"thumbnailUrl":"https:\/\/www.fundacionmdp.org\/wp-content\/uploads\/2023\/05\/Noticia-fundacionmdp.jpg","datePublished":"2023-05-20T13:54:08+00:00","dateModified":"2023-05-20T14:07:46+00:00","breadcrumb":{"@id":"https:\/\/www.fundacionmdp.org\/el-87-de-los-edificios-de-viviendas-necesitan-realizar-actuaciones-de-eliminacion-de-barreras-arquitectonicas-para-mejorar-su-accesibilidad\/#breadcrumb"},"inLanguage":"ca","potentialAction":[{"@type":"ReadAction","target":["https:\/\/www.fundacionmdp.org\/el-87-de-los-edificios-de-viviendas-necesitan-realizar-actuaciones-de-eliminacion-de-barreras-arquitectonicas-para-mejorar-su-accesibilidad\/"]}]},{"@type":"ImageObject","inLanguage":"ca","@id":"https:\/\/www.fundacionmdp.org\/el-87-de-los-edificios-de-viviendas-necesitan-realizar-actuaciones-de-eliminacion-de-barreras-arquitectonicas-para-mejorar-su-accesibilidad\/#primaryimage","url":"https:\/\/www.fundacionmdp.org\/wp-content\/uploads\/2023\/05\/Noticia-fundacionmdp.jpg","contentUrl":"https:\/\/www.fundacionmdp.org\/wp-content\/uploads\/2023\/05\/Noticia-fundacionmdp.jpg","width":1080,"height":1080},{"@type":"BreadcrumbList","@id":"https:\/\/www.fundacionmdp.org\/el-87-de-los-edificios-de-viviendas-necesitan-realizar-actuaciones-de-eliminacion-de-barreras-arquitectonicas-para-mejorar-su-accesibilidad\/#breadcrumb","itemListElement":[{"@type":"ListItem","position":1,"name":"Home","item":"https:\/\/www.fundacionmdp.org\/ca\/"},{"@type":"ListItem","position":2,"name":"El 87% dels edificis d&#8217;habitatges necessiten realitzar actuacions d&#8217;eliminaci\u00f3 de barreres arquitect\u00f2niques per a millorar la seva accessibilitat"}]},{"@type":"WebSite","@id":"https:\/\/www.fundacionmdp.org\/#website","url":"https:\/\/www.fundacionmdp.org\/","name":"Fundaci\u00f3n Mutua de Propietarios","description":"En la Fundaci\u00f3n Mutua de Propietarios te ayudamos a convertir tu edificio de viviendas en un espacio sin barreras arquitect\u00f3nicas.","publisher":{"@id":"https:\/\/www.fundacionmdp.org\/#organization"},"potentialAction":[{"@type":"SearchAction","target":{"@type":"EntryPoint","urlTemplate":"https:\/\/www.fundacionmdp.org\/?s={search_term_string}"},"query-input":{"@type":"PropertyValueSpecification","valueRequired":true,"valueName":"search_term_string"}}],"inLanguage":"ca"},{"@type":"Organization","@id":"https:\/\/www.fundacionmdp.org\/#organization","name":"Fundaci\u00f3n Mutua de Propietarios","url":"https:\/\/www.fundacionmdp.org\/","logo":{"@type":"ImageObject","inLanguage":"ca","@id":"https:\/\/www.fundacionmdp.org\/#\/schema\/logo\/image\/","url":"https:\/\/www.fundacionmdp.org\/wp-content\/uploads\/2023\/05\/logo_FMdP_cat.png","contentUrl":"https:\/\/www.fundacionmdp.org\/wp-content\/uploads\/2023\/05\/logo_FMdP_cat.png","width":655,"height":297,"caption":"Fundaci\u00f3n Mutua de Propietarios"},"image":{"@id":"https:\/\/www.fundacionmdp.org\/#\/schema\/logo\/image\/"}},{"@type":"Person","@id":"https:\/\/www.fundacionmdp.org\/#\/schema\/person\/12f9af801cac25dfcb5a96cb0090f703","name":"fundacionmdp","image":{"@type":"ImageObject","inLanguage":"ca","@id":"https:\/\/secure.gravatar.com\/avatar\/b540f93d1816a14d85e51109d050c3243b98fb660a665f517a6d2597cff3bbed?s=96&d=mm&r=g","url":"https:\/\/secure.gravatar.com\/avatar\/b540f93d1816a14d85e51109d050c3243b98fb660a665f517a6d2597cff3bbed?s=96&d=mm&r=g","contentUrl":"https:\/\/secure.gravatar.com\/avatar\/b540f93d1816a14d85e51109d050c3243b98fb660a665f517a6d2597cff3bbed?s=96&d=mm&r=g","caption":"fundacionmdp"},"sameAs":["http:\/\/prezuk.com.mialias.net\/fundacionmdp"],"url":"https:\/\/www.fundacionmdp.org\/ca\/author\/fundacionmdp\/"}]}},"_links":{"self":[{"href":"https:\/\/www.fundacionmdp.org\/ca\/wp-json\/wp\/v2\/posts\/8456","targetHints":{"allow":["GET"]}}],"collection":[{"href":"https:\/\/www.fundacionmdp.org\/ca\/wp-json\/wp\/v2\/posts"}],"about":[{"href":"https:\/\/www.fundacionmdp.org\/ca\/wp-json\/wp\/v2\/types\/post"}],"author":[{"embeddable":true,"href":"https:\/\/www.fundacionmdp.org\/ca\/wp-json\/wp\/v2\/users\/1"}],"replies":[{"embeddable":true,"href":"https:\/\/www.fundacionmdp.org\/ca\/wp-json\/wp\/v2\/comments?post=8456"}],"version-history":[{"count":4,"href":"https:\/\/www.fundacionmdp.org\/ca\/wp-json\/wp\/v2\/posts\/8456\/revisions"}],"predecessor-version":[{"id":8472,"href":"https:\/\/www.fundacionmdp.org\/ca\/wp-json\/wp\/v2\/posts\/8456\/revisions\/8472"}],"wp:featuredmedia":[{"embeddable":true,"href":"https:\/\/www.fundacionmdp.org\/ca\/wp-json\/wp\/v2\/media\/8458"}],"wp:attachment":[{"href":"https:\/\/www.fundacionmdp.org\/ca\/wp-json\/wp\/v2\/media?parent=8456"}],"wp:term":[{"taxonomy":"category","embeddable":true,"href":"https:\/\/www.fundacionmdp.org\/ca\/wp-json\/wp\/v2\/categories?post=8456"},{"taxonomy":"post_tag","embeddable":true,"href":"https:\/\/www.fundacionmdp.org\/ca\/wp-json\/wp\/v2\/tags?post=8456"}],"curies":[{"name":"wp","href":"https:\/\/api.w.org\/{rel}","templated":true}]}}