{"id":9131,"date":"2023-07-20T11:02:12","date_gmt":"2023-07-20T09:02:12","guid":{"rendered":"https:\/\/www.fundacionmdp.org\/?p=9131"},"modified":"2023-07-24T11:14:12","modified_gmt":"2023-07-24T09:14:12","slug":"quant-costa-posar-una-rampa-accessible-en-un-edifici","status":"publish","type":"post","link":"https:\/\/www.fundacionmdp.org\/ca\/quant-costa-posar-una-rampa-accessible-en-un-edifici\/","title":{"rendered":"Quant costa posar una rampa accessible en un edifici?"},"content":{"rendered":"\t\t<div data-elementor-type=\"wp-post\" data-elementor-id=\"9131\" class=\"elementor elementor-9131 elementor-9125\">\n\t\t\t\t<div class=\"elementor-element elementor-element-64aa71e e-flex e-con-boxed e-con e-parent\" data-id=\"64aa71e\" data-element_type=\"container\" data-e-type=\"container\">\n\t\t\t\t\t<div class=\"e-con-inner\">\n\t\t\t\t<div class=\"elementor-element elementor-element-4fdb6b2 elementor-widget elementor-widget-text-editor\" data-id=\"4fdb6b2\" data-element_type=\"widget\" data-e-type=\"widget\" data-widget_type=\"text-editor.default\">\n\t\t\t\t<div class=\"elementor-widget-container\">\n\t\t\t\t\t\t\t\t\t<p>L&#8217; accessibilitat \u00e9s un tema cabdal en la societat, i \u00e9s fonamental per garantir que tots els ciutadans puguin gaudir dels mateixos drets i oportunitats.<\/p>\n<p>Tanmateix, molts edificis d&#8217;habitatges no compten amb les condicions adequades per garantir l&#8217; acc\u00e9s segur i aut\u00f2nom de totes les persones que resideixen. Una de les solucions m\u00e9s habituals per salvar els desnivells entre la via p\u00fablica i l&#8217;entrada d&#8217;un immoble \u00e9s la instal\u00b7laci\u00f3 d&#8217;una rampa accessible. Segons el nostre estudi les rampes s\u00f3n les actuacions de millora d&#8217;accessibilitat m\u00e9s demandades (61%) i contemplen el 57% de les obres de millora de l&#8217;accessibilitat.<\/p>\n<p>Per\u00f2, <b>quant costa posar una rampa accessible<\/b>? Quins factors influeixen en el preu? Quina normativa cal complir? En aquest article t&#8217;expliquem el que necessites saber.<\/p>\n<h3>Qu\u00e8 \u00e9s una rampa accessible?<\/h3>\n<p>Una rampa accessible \u00e9s una <b>superf\u00edcie inclinada que permet el pas de persones amb cadires de rodes o altres elements rodants<\/b>. El seu objectiu \u00e9s <b>facilitar l&#8217;acc\u00e9s<\/b> als edificis o espais que tenen escales o desnivells que dificulten o impedeixen el tr\u00e0nsit, especialment a persones amb problemes de mobilitat i gent gran.<\/p>\n<p>Les rampes han de complir una s\u00e8rie de requisits m\u00ednims establerts per la normativa vigent, tant a nivell estatal com auton\u00f2mic. Entre ells, es troben els seg\u00fcents:<\/p>\n<ul>\n<li style=\"font-weight: 400;\">L&#8217;amplada m\u00ednima ha de ser de 120 cm, sense comptar els passamans.<\/li>\n<li style=\"font-weight: 400;\">El pendent m\u00e0xim varia segons la longitud de la rampa: per a recorreguts menors o iguals a 3 metres, ha de ser inferior al 10%; per a recorreguts entre 3 i 6 metres, ha de ser inferior al 8%; i per a recorreguts entre 6 i 9 metres, ha de ser inferior al 6%. Si la rampa \u00e9s m\u00e9s llarga, ha de tenir replans intermedis de, com a m\u00ednim, 1,50 metres.<\/li>\n<li style=\"font-weight: 400;\">El s\u00f2l ha de ser antilliscant i estar lliure d&#8217; obstacles.<\/li>\n<li style=\"font-weight: 400;\">Hi ha d&#8217;haver un doble passamans a dues al\u00e7ades diferents (entre 70 i 75 cm i entre 90 i 100 cm), amb un di\u00e0metre entre 3 i 4,5 cm i separats del mur almenys 4 cm. Els extrems han d&#8217;estar corbats o encastats per evitar enganxalls.<\/li>\n<li style=\"font-weight: 400;\">Hi ha d&#8217;haver una senyalitzaci\u00f3 adequada que indiqui la pres\u00e8ncia de la rampa i el seu pendent.<\/li>\n<\/ul>\n<h3>Quins tipus de rampes accessibles existeixen?<\/h3>\n<p>Segons el material, la forma i la funcionalitat, es distingeixen diferents tipus de rampes accessibles:<\/p>\n<h4>Rampes fixes<\/h4>\n<p>S\u00f3n les que es construeixen amb materials com formig\u00f3, metall o fusta, i s&#8217;integren en l&#8217;estructura de l&#8217;edifici.<\/p>\n<h4>Rampes m\u00f2bils<\/h4>\n<p>S\u00f3n les que es poden despla\u00e7ar o retirar segons les necessitats. Es fan d&#8217; alumini o pl\u00e0stic, i es recolzen sobre el terra o les escales.<\/p>\n<h4>Rampes plegables<\/h4>\n<p>S\u00f3n les que es poden doblar o enrotllar per guardar-les o transportar-les. Es fabriquen amb materials lleugers com fibra de vidre o goma. Se solen fer servir per a casos puntuals.<\/p>\n<h4>Rampes 3D<\/h4>\n<p>Creades per la Fundaci\u00f3 M\u00fatua de Propietaris i SENSEDI, les rampes 3D s\u00f3n una soluci\u00f3 d&#8217;accessibilitat innovadora i sostenible per facilitar l&#8217;acc\u00e9s als edificis a les persones amb mobilitat redu\u00efda. Aquestes rampes es fabriquen amb impressores 3D i materials ecol\u00f2gics. Com que no requereixen obra per a la seva instal\u00b7laci\u00f3, permeten comptar amb una soluci\u00f3 d&#8217;accessibilitat de forma \u00e0gil i r\u00e0pida.<\/p>\n<h3>Quins factors influeixen en el preu d&#8217;una rampa accessible?<\/h3>\n<p>El preu de la instal\u00b7laci\u00f3 d&#8217;una rampa accessible dep\u00e8n de diversos factors, com el tipus de rampa, el material que utilitza, la longitud de la rampa, la quantitat d&#8217;esglaons que ha de salvar, els passamans, si requereix obra o no per a la seva instal\u00b7laci\u00f3, entre altres factors.<\/p>\n<h3>Quant costa posar una rampa accessible?<\/h3>\n<p>El preu d&#8217;instal\u00b7lar una rampa<b> varia molt<\/b> segons el tipus, el material, la longitud, els esglaons a salvar, la longitud entre altres factors.<\/p>\n<p>Si vols saber el cost orientatiu que podria costar instal\u00b7lar una rampa accessible al teu edifici, et recomanem que utilitzis la nostra <a href=\"https:\/\/www.fundacionmdp.org\/calculadora-de-accesibilidad\/\">calculadora de costos d&#8217;obres d&#8217;accessibilitat<\/a>, en la qual contestant a una pregunta senzilla com quants esglaons es necessiten salvar amb la rampa, et donar\u00e0 un preu orientatiu. Per exemple, una rampa accessible per a l&#8217;entrada d&#8217;un edifici amb 2 graons costa aproximadament, <b>1670 \u20ac.<\/b><\/p>\n<p>La calculadora d&#8217;accessibilitat \u00e9s una<b> eina online i gratu\u00efta<\/b> que hem desenvolupat a la Fundaci\u00f3 M\u00fatua de Propietaris, que et permetr\u00e0 introduir les dades del teu edifici contestant a unes senzilles preguntes, per obtenir una estimaci\u00f3 del cost d&#8217;instal\u00b7lar una rampa accessible o altres solucions d&#8217;accessibilitat com ascensors o plataformes elevadores.<\/p>\n<p>A <b>Fundaci\u00f3 M\u00fatua de Propietaris<\/b> treballem per a l&#8217;eliminaci\u00f3 de les barreres arquitect\u00f2niques als edificis d&#8217;habitatges. La nostra missi\u00f3 \u00e9s millorar la qualitat de vida de les persones amb mobilitat redu\u00efda facilitant l&#8217;accessibilitat a l&#8217;habitatge i el seu entorn.Per aix\u00f2 desenvolupem eines com la calculadora d&#8217;accessibilitat o les rampes 3D, entre altres programes i activitats. Visita la nostra web per con\u00e8ixer-les totes!<\/p>&nbsp;\t\t\t\t\t\t\t\t<\/div>\n\t\t\t\t<\/div>\n\t\t\t\t\t<\/div>\n\t\t\t\t<\/div>\n\t\t\t\t<\/div>\n\t\t","protected":false},"excerpt":{"rendered":"<p>L&#8217; accessibilitat \u00e9s un tema cabdal en la societat, i \u00e9s fonamental per garantir que tots els ciutadans puguin gaudir dels mateixos drets i oportunitats. Tanmateix, molts edificis d&#8217;habitatges no compten amb les condicions adequades per garantir l&#8217; acc\u00e9s segur i aut\u00f2nom de totes les persones que resideixen. Una de les solucions m\u00e9s habituals per [&hellip;]<\/p>\n","protected":false},"author":1,"featured_media":9123,"comment_status":"open","ping_status":"open","sticky":false,"template":"","format":"standard","meta":{"_acf_changed":false,"ocean_post_layout":"","ocean_both_sidebars_style":"","ocean_both_sidebars_content_width":0,"ocean_both_sidebars_sidebars_width":0,"ocean_sidebar":"","ocean_second_sidebar":"","ocean_disable_margins":"enable","ocean_add_body_class":"","ocean_shortcode_before_top_bar":"","ocean_shortcode_after_top_bar":"","ocean_shortcode_before_header":"","ocean_shortcode_after_header":"","ocean_has_shortcode":"","ocean_shortcode_after_title":"","ocean_shortcode_before_footer_widgets":"","ocean_shortcode_after_footer_widgets":"","ocean_shortcode_before_footer_bottom":"","ocean_shortcode_after_footer_bottom":"","ocean_display_top_bar":"default","ocean_display_header":"default","ocean_header_style":"","ocean_center_header_left_menu":"","ocean_custom_header_template":"","ocean_custom_logo":0,"ocean_custom_retina_logo":0,"ocean_custom_logo_max_width":0,"ocean_custom_logo_tablet_max_width":0,"ocean_custom_logo_mobile_max_width":0,"ocean_custom_logo_max_height":0,"ocean_custom_logo_tablet_max_height":0,"ocean_custom_logo_mobile_max_height":0,"ocean_header_custom_menu":"","ocean_menu_typo_font_family":"","ocean_menu_typo_font_subset":"","ocean_menu_typo_font_size":0,"ocean_menu_typo_font_size_tablet":0,"ocean_menu_typo_font_size_mobile":0,"ocean_menu_typo_font_size_unit":"px","ocean_menu_typo_font_weight":"","ocean_menu_typo_font_weight_tablet":"","ocean_menu_typo_font_weight_mobile":"","ocean_menu_typo_transform":"","ocean_menu_typo_transform_tablet":"","ocean_menu_typo_transform_mobile":"","ocean_menu_typo_line_height":0,"ocean_menu_typo_line_height_tablet":0,"ocean_menu_typo_line_height_mobile":0,"ocean_menu_typo_line_height_unit":"","ocean_menu_typo_spacing":0,"ocean_menu_typo_spacing_tablet":0,"ocean_menu_typo_spacing_mobile":0,"ocean_menu_typo_spacing_unit":"","ocean_menu_link_color":"","ocean_menu_link_color_hover":"","ocean_menu_link_color_active":"","ocean_menu_link_background":"","ocean_menu_link_hover_background":"","ocean_menu_link_active_background":"","ocean_menu_social_links_bg":"","ocean_menu_social_hover_links_bg":"","ocean_menu_social_links_color":"","ocean_menu_social_hover_links_color":"","ocean_disable_title":"default","ocean_disable_heading":"default","ocean_post_title":"","ocean_post_subheading":"","ocean_post_title_style":"","ocean_post_title_background_color":"","ocean_post_title_background":0,"ocean_post_title_bg_image_position":"","ocean_post_title_bg_image_attachment":"","ocean_post_title_bg_image_repeat":"","ocean_post_title_bg_image_size":"","ocean_post_title_height":0,"ocean_post_title_bg_overlay":0.5,"ocean_post_title_bg_overlay_color":"","ocean_disable_breadcrumbs":"default","ocean_breadcrumbs_color":"","ocean_breadcrumbs_separator_color":"","ocean_breadcrumbs_links_color":"","ocean_breadcrumbs_links_hover_color":"","ocean_display_footer_widgets":"default","ocean_display_footer_bottom":"default","ocean_custom_footer_template":"","ocean_post_oembed":"","ocean_post_self_hosted_media":"","ocean_post_video_embed":"","ocean_link_format":"","ocean_link_format_target":"self","ocean_quote_format":"","ocean_quote_format_link":"post","ocean_gallery_link_images":"off","ocean_gallery_id":[],"footnotes":""},"categories":[1],"tags":[],"class_list":["post-9131","post","type-post","status-publish","format-standard","has-post-thumbnail","hentry","category-sin-categorizar","entry","has-media"],"acf":[],"yoast_head":"<!-- This site is optimized with the Yoast SEO plugin v27.3 - https:\/\/yoast.com\/product\/yoast-seo-wordpress\/ -->\n<title>Quant costa posar una rampa accessible en un edifici? - Fundaci\u00f3n Mutua de Propietarios<\/title>\n<meta name=\"robots\" content=\"index, follow, max-snippet:-1, max-image-preview:large, max-video-preview:-1\" \/>\n<link rel=\"canonical\" href=\"https:\/\/www.fundacionmdp.org\/cuanto-cuesta-poner-una-rampa-accesible\/\" \/>\n<meta property=\"og:locale\" content=\"ca_ES\" \/>\n<meta property=\"og:type\" content=\"article\" \/>\n<meta property=\"og:title\" content=\"Quant costa posar una rampa accessible en un edifici? - Fundaci\u00f3n Mutua de Propietarios\" \/>\n<meta property=\"og:description\" content=\"L&#8217; accessibilitat \u00e9s un tema cabdal en la societat, i \u00e9s fonamental per garantir que tots els ciutadans puguin gaudir dels mateixos drets i oportunitats. Tanmateix, molts edificis d&#8217;habitatges no compten amb les condicions adequades per garantir l&#8217; acc\u00e9s segur i aut\u00f2nom de totes les persones que resideixen. Una de les solucions m\u00e9s habituals per [&hellip;]\" \/>\n<meta property=\"og:url\" content=\"https:\/\/www.fundacionmdp.org\/cuanto-cuesta-poner-una-rampa-accesible\/\" \/>\n<meta property=\"og:site_name\" content=\"Fundaci\u00f3n Mutua de Propietarios\" \/>\n<meta property=\"article:published_time\" content=\"2023-07-20T09:02:12+00:00\" \/>\n<meta property=\"article:modified_time\" content=\"2023-07-24T09:14:12+00:00\" \/>\n<meta property=\"og:image\" content=\"https:\/\/www.fundacionmdp.org\/wp-content\/uploads\/2023\/07\/Rampa-web.jpg\" \/>\n\t<meta property=\"og:image:width\" content=\"1000\" \/>\n\t<meta property=\"og:image:height\" content=\"667\" \/>\n\t<meta property=\"og:image:type\" content=\"image\/jpeg\" \/>\n<meta name=\"author\" content=\"fundacionmdp\" \/>\n<meta name=\"twitter:card\" content=\"summary_large_image\" \/>\n<meta name=\"twitter:label1\" content=\"Escrit per\" \/>\n\t<meta name=\"twitter:data1\" content=\"fundacionmdp\" \/>\n\t<meta name=\"twitter:label2\" content=\"Temps estimat de lectura\" \/>\n\t<meta name=\"twitter:data2\" content=\"4 minuts\" \/>\n<script type=\"application\/ld+json\" class=\"yoast-schema-graph\">{\"@context\":\"https:\\\/\\\/schema.org\",\"@graph\":[{\"@type\":\"Article\",\"@id\":\"https:\\\/\\\/www.fundacionmdp.org\\\/cuanto-cuesta-poner-una-rampa-accesible\\\/#article\",\"isPartOf\":{\"@id\":\"https:\\\/\\\/www.fundacionmdp.org\\\/cuanto-cuesta-poner-una-rampa-accesible\\\/\"},\"author\":{\"name\":\"fundacionmdp\",\"@id\":\"https:\\\/\\\/www.fundacionmdp.org\\\/#\\\/schema\\\/person\\\/12f9af801cac25dfcb5a96cb0090f703\"},\"headline\":\"Quant costa posar una rampa accessible en un edifici?\",\"datePublished\":\"2023-07-20T09:02:12+00:00\",\"dateModified\":\"2023-07-24T09:14:12+00:00\",\"mainEntityOfPage\":{\"@id\":\"https:\\\/\\\/www.fundacionmdp.org\\\/cuanto-cuesta-poner-una-rampa-accesible\\\/\"},\"wordCount\":864,\"commentCount\":0,\"publisher\":{\"@id\":\"https:\\\/\\\/www.fundacionmdp.org\\\/#organization\"},\"image\":{\"@id\":\"https:\\\/\\\/www.fundacionmdp.org\\\/cuanto-cuesta-poner-una-rampa-accesible\\\/#primaryimage\"},\"thumbnailUrl\":\"https:\\\/\\\/www.fundacionmdp.org\\\/wp-content\\\/uploads\\\/2023\\\/07\\\/Rampa-web.jpg\",\"articleSection\":[\"Sin categorizar\"],\"inLanguage\":\"ca\",\"potentialAction\":[{\"@type\":\"CommentAction\",\"name\":\"Comment\",\"target\":[\"https:\\\/\\\/www.fundacionmdp.org\\\/cuanto-cuesta-poner-una-rampa-accesible\\\/#respond\"]}]},{\"@type\":\"WebPage\",\"@id\":\"https:\\\/\\\/www.fundacionmdp.org\\\/cuanto-cuesta-poner-una-rampa-accesible\\\/\",\"url\":\"https:\\\/\\\/www.fundacionmdp.org\\\/cuanto-cuesta-poner-una-rampa-accesible\\\/\",\"name\":\"Quant costa posar una rampa accessible en un edifici? - Fundaci\u00f3n Mutua de Propietarios\",\"isPartOf\":{\"@id\":\"https:\\\/\\\/www.fundacionmdp.org\\\/#website\"},\"primaryImageOfPage\":{\"@id\":\"https:\\\/\\\/www.fundacionmdp.org\\\/cuanto-cuesta-poner-una-rampa-accesible\\\/#primaryimage\"},\"image\":{\"@id\":\"https:\\\/\\\/www.fundacionmdp.org\\\/cuanto-cuesta-poner-una-rampa-accesible\\\/#primaryimage\"},\"thumbnailUrl\":\"https:\\\/\\\/www.fundacionmdp.org\\\/wp-content\\\/uploads\\\/2023\\\/07\\\/Rampa-web.jpg\",\"datePublished\":\"2023-07-20T09:02:12+00:00\",\"dateModified\":\"2023-07-24T09:14:12+00:00\",\"breadcrumb\":{\"@id\":\"https:\\\/\\\/www.fundacionmdp.org\\\/cuanto-cuesta-poner-una-rampa-accesible\\\/#breadcrumb\"},\"inLanguage\":\"ca\",\"potentialAction\":[{\"@type\":\"ReadAction\",\"target\":[\"https:\\\/\\\/www.fundacionmdp.org\\\/cuanto-cuesta-poner-una-rampa-accesible\\\/\"]}]},{\"@type\":\"ImageObject\",\"inLanguage\":\"ca\",\"@id\":\"https:\\\/\\\/www.fundacionmdp.org\\\/cuanto-cuesta-poner-una-rampa-accesible\\\/#primaryimage\",\"url\":\"https:\\\/\\\/www.fundacionmdp.org\\\/wp-content\\\/uploads\\\/2023\\\/07\\\/Rampa-web.jpg\",\"contentUrl\":\"https:\\\/\\\/www.fundacionmdp.org\\\/wp-content\\\/uploads\\\/2023\\\/07\\\/Rampa-web.jpg\",\"width\":1000,\"height\":667},{\"@type\":\"BreadcrumbList\",\"@id\":\"https:\\\/\\\/www.fundacionmdp.org\\\/cuanto-cuesta-poner-una-rampa-accesible\\\/#breadcrumb\",\"itemListElement\":[{\"@type\":\"ListItem\",\"position\":1,\"name\":\"Home\",\"item\":\"https:\\\/\\\/www.fundacionmdp.org\\\/ca\\\/\"},{\"@type\":\"ListItem\",\"position\":2,\"name\":\"Quant costa posar una rampa accessible en un edifici?\"}]},{\"@type\":\"WebSite\",\"@id\":\"https:\\\/\\\/www.fundacionmdp.org\\\/#website\",\"url\":\"https:\\\/\\\/www.fundacionmdp.org\\\/\",\"name\":\"Fundaci\u00f3n Mutua de Propietarios\",\"description\":\"En la Fundaci\u00f3n Mutua de Propietarios te ayudamos a convertir tu edificio de viviendas en un espacio sin barreras arquitect\u00f3nicas.\",\"publisher\":{\"@id\":\"https:\\\/\\\/www.fundacionmdp.org\\\/#organization\"},\"potentialAction\":[{\"@type\":\"SearchAction\",\"target\":{\"@type\":\"EntryPoint\",\"urlTemplate\":\"https:\\\/\\\/www.fundacionmdp.org\\\/?s={search_term_string}\"},\"query-input\":{\"@type\":\"PropertyValueSpecification\",\"valueRequired\":true,\"valueName\":\"search_term_string\"}}],\"inLanguage\":\"ca\"},{\"@type\":\"Organization\",\"@id\":\"https:\\\/\\\/www.fundacionmdp.org\\\/#organization\",\"name\":\"Fundaci\u00f3n Mutua de Propietarios\",\"url\":\"https:\\\/\\\/www.fundacionmdp.org\\\/\",\"logo\":{\"@type\":\"ImageObject\",\"inLanguage\":\"ca\",\"@id\":\"https:\\\/\\\/www.fundacionmdp.org\\\/#\\\/schema\\\/logo\\\/image\\\/\",\"url\":\"https:\\\/\\\/www.fundacionmdp.org\\\/wp-content\\\/uploads\\\/2023\\\/05\\\/logo_FMdP_cat.png\",\"contentUrl\":\"https:\\\/\\\/www.fundacionmdp.org\\\/wp-content\\\/uploads\\\/2023\\\/05\\\/logo_FMdP_cat.png\",\"width\":655,\"height\":297,\"caption\":\"Fundaci\u00f3n Mutua de Propietarios\"},\"image\":{\"@id\":\"https:\\\/\\\/www.fundacionmdp.org\\\/#\\\/schema\\\/logo\\\/image\\\/\"}},{\"@type\":\"Person\",\"@id\":\"https:\\\/\\\/www.fundacionmdp.org\\\/#\\\/schema\\\/person\\\/12f9af801cac25dfcb5a96cb0090f703\",\"name\":\"fundacionmdp\",\"image\":{\"@type\":\"ImageObject\",\"inLanguage\":\"ca\",\"@id\":\"https:\\\/\\\/secure.gravatar.com\\\/avatar\\\/b540f93d1816a14d85e51109d050c3243b98fb660a665f517a6d2597cff3bbed?s=96&d=mm&r=g\",\"url\":\"https:\\\/\\\/secure.gravatar.com\\\/avatar\\\/b540f93d1816a14d85e51109d050c3243b98fb660a665f517a6d2597cff3bbed?s=96&d=mm&r=g\",\"contentUrl\":\"https:\\\/\\\/secure.gravatar.com\\\/avatar\\\/b540f93d1816a14d85e51109d050c3243b98fb660a665f517a6d2597cff3bbed?s=96&d=mm&r=g\",\"caption\":\"fundacionmdp\"},\"sameAs\":[\"http:\\\/\\\/prezuk.com.mialias.net\\\/fundacionmdp\"],\"url\":\"https:\\\/\\\/www.fundacionmdp.org\\\/ca\\\/author\\\/fundacionmdp\\\/\"}]}<\/script>\n<!-- \/ Yoast SEO plugin. -->","yoast_head_json":{"title":"Quant costa posar una rampa accessible en un edifici? - Fundaci\u00f3n Mutua de Propietarios","robots":{"index":"index","follow":"follow","max-snippet":"max-snippet:-1","max-image-preview":"max-image-preview:large","max-video-preview":"max-video-preview:-1"},"canonical":"https:\/\/www.fundacionmdp.org\/cuanto-cuesta-poner-una-rampa-accesible\/","og_locale":"ca_ES","og_type":"article","og_title":"Quant costa posar una rampa accessible en un edifici? - Fundaci\u00f3n Mutua de Propietarios","og_description":"L&#8217; accessibilitat \u00e9s un tema cabdal en la societat, i \u00e9s fonamental per garantir que tots els ciutadans puguin gaudir dels mateixos drets i oportunitats. Tanmateix, molts edificis d&#8217;habitatges no compten amb les condicions adequades per garantir l&#8217; acc\u00e9s segur i aut\u00f2nom de totes les persones que resideixen. Una de les solucions m\u00e9s habituals per [&hellip;]","og_url":"https:\/\/www.fundacionmdp.org\/cuanto-cuesta-poner-una-rampa-accesible\/","og_site_name":"Fundaci\u00f3n Mutua de Propietarios","article_published_time":"2023-07-20T09:02:12+00:00","article_modified_time":"2023-07-24T09:14:12+00:00","og_image":[{"width":1000,"height":667,"url":"https:\/\/www.fundacionmdp.org\/wp-content\/uploads\/2023\/07\/Rampa-web.jpg","type":"image\/jpeg"}],"author":"fundacionmdp","twitter_card":"summary_large_image","twitter_misc":{"Escrit per":"fundacionmdp","Temps estimat de lectura":"4 minuts"},"schema":{"@context":"https:\/\/schema.org","@graph":[{"@type":"Article","@id":"https:\/\/www.fundacionmdp.org\/cuanto-cuesta-poner-una-rampa-accesible\/#article","isPartOf":{"@id":"https:\/\/www.fundacionmdp.org\/cuanto-cuesta-poner-una-rampa-accesible\/"},"author":{"name":"fundacionmdp","@id":"https:\/\/www.fundacionmdp.org\/#\/schema\/person\/12f9af801cac25dfcb5a96cb0090f703"},"headline":"Quant costa posar una rampa accessible en un edifici?","datePublished":"2023-07-20T09:02:12+00:00","dateModified":"2023-07-24T09:14:12+00:00","mainEntityOfPage":{"@id":"https:\/\/www.fundacionmdp.org\/cuanto-cuesta-poner-una-rampa-accesible\/"},"wordCount":864,"commentCount":0,"publisher":{"@id":"https:\/\/www.fundacionmdp.org\/#organization"},"image":{"@id":"https:\/\/www.fundacionmdp.org\/cuanto-cuesta-poner-una-rampa-accesible\/#primaryimage"},"thumbnailUrl":"https:\/\/www.fundacionmdp.org\/wp-content\/uploads\/2023\/07\/Rampa-web.jpg","articleSection":["Sin categorizar"],"inLanguage":"ca","potentialAction":[{"@type":"CommentAction","name":"Comment","target":["https:\/\/www.fundacionmdp.org\/cuanto-cuesta-poner-una-rampa-accesible\/#respond"]}]},{"@type":"WebPage","@id":"https:\/\/www.fundacionmdp.org\/cuanto-cuesta-poner-una-rampa-accesible\/","url":"https:\/\/www.fundacionmdp.org\/cuanto-cuesta-poner-una-rampa-accesible\/","name":"Quant costa posar una rampa accessible en un edifici? - Fundaci\u00f3n Mutua de Propietarios","isPartOf":{"@id":"https:\/\/www.fundacionmdp.org\/#website"},"primaryImageOfPage":{"@id":"https:\/\/www.fundacionmdp.org\/cuanto-cuesta-poner-una-rampa-accesible\/#primaryimage"},"image":{"@id":"https:\/\/www.fundacionmdp.org\/cuanto-cuesta-poner-una-rampa-accesible\/#primaryimage"},"thumbnailUrl":"https:\/\/www.fundacionmdp.org\/wp-content\/uploads\/2023\/07\/Rampa-web.jpg","datePublished":"2023-07-20T09:02:12+00:00","dateModified":"2023-07-24T09:14:12+00:00","breadcrumb":{"@id":"https:\/\/www.fundacionmdp.org\/cuanto-cuesta-poner-una-rampa-accesible\/#breadcrumb"},"inLanguage":"ca","potentialAction":[{"@type":"ReadAction","target":["https:\/\/www.fundacionmdp.org\/cuanto-cuesta-poner-una-rampa-accesible\/"]}]},{"@type":"ImageObject","inLanguage":"ca","@id":"https:\/\/www.fundacionmdp.org\/cuanto-cuesta-poner-una-rampa-accesible\/#primaryimage","url":"https:\/\/www.fundacionmdp.org\/wp-content\/uploads\/2023\/07\/Rampa-web.jpg","contentUrl":"https:\/\/www.fundacionmdp.org\/wp-content\/uploads\/2023\/07\/Rampa-web.jpg","width":1000,"height":667},{"@type":"BreadcrumbList","@id":"https:\/\/www.fundacionmdp.org\/cuanto-cuesta-poner-una-rampa-accesible\/#breadcrumb","itemListElement":[{"@type":"ListItem","position":1,"name":"Home","item":"https:\/\/www.fundacionmdp.org\/ca\/"},{"@type":"ListItem","position":2,"name":"Quant costa posar una rampa accessible en un edifici?"}]},{"@type":"WebSite","@id":"https:\/\/www.fundacionmdp.org\/#website","url":"https:\/\/www.fundacionmdp.org\/","name":"Fundaci\u00f3n Mutua de Propietarios","description":"En la Fundaci\u00f3n Mutua de Propietarios te ayudamos a convertir tu edificio de viviendas en un espacio sin barreras arquitect\u00f3nicas.","publisher":{"@id":"https:\/\/www.fundacionmdp.org\/#organization"},"potentialAction":[{"@type":"SearchAction","target":{"@type":"EntryPoint","urlTemplate":"https:\/\/www.fundacionmdp.org\/?s={search_term_string}"},"query-input":{"@type":"PropertyValueSpecification","valueRequired":true,"valueName":"search_term_string"}}],"inLanguage":"ca"},{"@type":"Organization","@id":"https:\/\/www.fundacionmdp.org\/#organization","name":"Fundaci\u00f3n Mutua de Propietarios","url":"https:\/\/www.fundacionmdp.org\/","logo":{"@type":"ImageObject","inLanguage":"ca","@id":"https:\/\/www.fundacionmdp.org\/#\/schema\/logo\/image\/","url":"https:\/\/www.fundacionmdp.org\/wp-content\/uploads\/2023\/05\/logo_FMdP_cat.png","contentUrl":"https:\/\/www.fundacionmdp.org\/wp-content\/uploads\/2023\/05\/logo_FMdP_cat.png","width":655,"height":297,"caption":"Fundaci\u00f3n Mutua de Propietarios"},"image":{"@id":"https:\/\/www.fundacionmdp.org\/#\/schema\/logo\/image\/"}},{"@type":"Person","@id":"https:\/\/www.fundacionmdp.org\/#\/schema\/person\/12f9af801cac25dfcb5a96cb0090f703","name":"fundacionmdp","image":{"@type":"ImageObject","inLanguage":"ca","@id":"https:\/\/secure.gravatar.com\/avatar\/b540f93d1816a14d85e51109d050c3243b98fb660a665f517a6d2597cff3bbed?s=96&d=mm&r=g","url":"https:\/\/secure.gravatar.com\/avatar\/b540f93d1816a14d85e51109d050c3243b98fb660a665f517a6d2597cff3bbed?s=96&d=mm&r=g","contentUrl":"https:\/\/secure.gravatar.com\/avatar\/b540f93d1816a14d85e51109d050c3243b98fb660a665f517a6d2597cff3bbed?s=96&d=mm&r=g","caption":"fundacionmdp"},"sameAs":["http:\/\/prezuk.com.mialias.net\/fundacionmdp"],"url":"https:\/\/www.fundacionmdp.org\/ca\/author\/fundacionmdp\/"}]}},"_links":{"self":[{"href":"https:\/\/www.fundacionmdp.org\/ca\/wp-json\/wp\/v2\/posts\/9131","targetHints":{"allow":["GET"]}}],"collection":[{"href":"https:\/\/www.fundacionmdp.org\/ca\/wp-json\/wp\/v2\/posts"}],"about":[{"href":"https:\/\/www.fundacionmdp.org\/ca\/wp-json\/wp\/v2\/types\/post"}],"author":[{"embeddable":true,"href":"https:\/\/www.fundacionmdp.org\/ca\/wp-json\/wp\/v2\/users\/1"}],"replies":[{"embeddable":true,"href":"https:\/\/www.fundacionmdp.org\/ca\/wp-json\/wp\/v2\/comments?post=9131"}],"version-history":[{"count":7,"href":"https:\/\/www.fundacionmdp.org\/ca\/wp-json\/wp\/v2\/posts\/9131\/revisions"}],"predecessor-version":[{"id":9139,"href":"https:\/\/www.fundacionmdp.org\/ca\/wp-json\/wp\/v2\/posts\/9131\/revisions\/9139"}],"wp:featuredmedia":[{"embeddable":true,"href":"https:\/\/www.fundacionmdp.org\/ca\/wp-json\/wp\/v2\/media\/9123"}],"wp:attachment":[{"href":"https:\/\/www.fundacionmdp.org\/ca\/wp-json\/wp\/v2\/media?parent=9131"}],"wp:term":[{"taxonomy":"category","embeddable":true,"href":"https:\/\/www.fundacionmdp.org\/ca\/wp-json\/wp\/v2\/categories?post=9131"},{"taxonomy":"post_tag","embeddable":true,"href":"https:\/\/www.fundacionmdp.org\/ca\/wp-json\/wp\/v2\/tags?post=9131"}],"curies":[{"name":"wp","href":"https:\/\/api.w.org\/{rel}","templated":true}]}}