{"id":9181,"date":"2023-08-28T12:29:47","date_gmt":"2023-08-28T10:29:47","guid":{"rendered":"https:\/\/www.fundacionmdp.org\/?p=9181"},"modified":"2023-09-07T15:52:13","modified_gmt":"2023-09-07T13:52:13","slug":"quant-costa-posar-un-ascensor-per-a-persones-amb-mobilitat-reduida","status":"publish","type":"post","link":"https:\/\/www.fundacionmdp.org\/ca\/quant-costa-posar-un-ascensor-per-a-persones-amb-mobilitat-reduida\/","title":{"rendered":"Quant costa posar un ascensor per a persones amb mobilitat redu\u00efda?"},"content":{"rendered":"\t\t<div data-elementor-type=\"wp-post\" data-elementor-id=\"9181\" class=\"elementor elementor-9181 elementor-9174\">\n\t\t\t\t<div class=\"elementor-element elementor-element-38af518 e-flex e-con-boxed e-con e-parent\" data-id=\"38af518\" data-element_type=\"container\" data-e-type=\"container\">\n\t\t\t\t\t<div class=\"e-con-inner\">\n\t\t\t\t<div class=\"elementor-element elementor-element-2434b9a elementor-widget elementor-widget-text-editor\" data-id=\"2434b9a\" data-element_type=\"widget\" data-e-type=\"widget\" data-widget_type=\"text-editor.default\">\n\t\t\t\t<div class=\"elementor-widget-container\">\n\t\t\t\t\t\t\t\t\t<p>L&#8217;accessibilitat \u00e9s un dret fonamental per a totes les persones, en especial per a aquelles que tenen alguna discapacitat o dificultat per despla\u00e7ar-se. <\/p><p>Tanmateix, molts habitatges i edificis no s&#8217;adapten per garantir una mobilitat segura i c\u00f2moda. En aquest article t\u2019expliquem <strong>quant costa posar un ascensor per a persones amb mobilitat redu\u00efda<\/strong> i quines opcions existeixen per facilitar l&#8217;acc\u00e9s a les diferents plantes.<\/p><h3>Quins tipus d&#8217;ascensors o elevadors hi ha per a persones amb mobilitat redu\u00efda?<\/h3><p>Hi ha <strong>diferents tipus d&#8217;ascensors<\/strong> que es poden instal\u00b7lar en un habitatge o una comunitat de ve\u00efns per <strong>millorar l&#8217;accessibilitat<\/strong> de les persones amb mobilitat redu\u00efda. Alguns dels m\u00e9s habituals s\u00f3n:<\/p><h3>Ascensors el\u00e8ctrics o electromec\u00e0nics<\/h3><p>S\u00f3n els ascensors m\u00e9s comuns i<strong> funcionen mitjan\u00e7ant un motor el\u00e8ctric<\/strong> que acciona uns cables que subjecten la cabina i el contrap\u00e8s. La cabina es despla\u00e7a per unes guies que la desplacen en tot el recorregut.<\/p><p>Poden assolir una velocitat superior a la d&#8217;altres dispositius, per\u00f2 tamb\u00e9 tenen un consum m\u00e9s elevat i acostumen a necessitar m\u00e9s espai i obra per a la seva instal\u00b7laci\u00f3. <strong>Es recomanen en edificis de moltes plantes en l\u2019edifici<\/strong>.<\/p><h3>Ascensors hidr\u00e0ulics<\/h3><p><strong>Treballen mitjan\u00e7ant una bomba hidr\u00e0ulica <\/strong>que injecta oli en un pist\u00f3 que eleva o baixa la cabina. Tamb\u00e9 es despla\u00e7a per unes guies que la mantenen estable.<\/p><p>Aquests ascensors tenen una velocitat menor que els el\u00e8ctrics, per\u00f2 consumeixen menys energia i tenen un desgast menor de la maquin\u00e0ria. A m\u00e9s, la seva instal\u00b7laci\u00f3 sol ser m\u00e9s senzilla i econ\u00f2mica, ja que no necessiten contrap\u00e8s ni sala de m\u00e0quines. S&#8217;aconsellen per a edificis de poques plantes.<\/p><h3>Cadires salvaescales<\/h3><p>S\u00f3n dispositius que consisteixen en una cadira que<strong> es despla\u00e7a per un ra\u00efl fixat a la paret o al terra de l&#8217;escala<\/strong>. S\u00f3n ideals per a persones que poden seure i aixecar-se amb facilitat, per\u00f2 tenen dificultats per pujar o baixar esglaons.<\/p><p>Aquestes cadires poden adaptar-se a diferents formes i longituds d&#8217;escales, tant a l&#8217;interior com a l&#8217;exterior de l&#8217;habitatge. La seva instal\u00b7laci\u00f3 \u00e9s r\u00e0pida i senzilla, ja que no requereixen obra ni permisos especials.<\/p><h3>Plataformes salvaescales<\/h3><p>S\u00f3n similars a les cadires salvaescales, per\u00f2 al seu lloc <strong>tenen una plataforma<\/strong> on es pot col\u00b7locar una persona en cadira de rodes o amb un caminador.<\/p><p>Tamb\u00e9 es desplacen per un ra\u00efl fixat a la paret o al terra de l&#8217;escala i poden adaptar-se a diferents tipus d&#8217;escales. La seva instal\u00b7laci\u00f3 tamb\u00e9 \u00e9s r\u00e0pida i senzilla, per\u00f2 requereixen m\u00e9s espai.<\/p><h3>Elevadors verticals<\/h3><p>Consisteixen en una plataforma elevadora que es despla\u00e7a en vertical per un espai buit o una estructura met\u00e0l\u00b7lica. Serveixen per salvar petits desnivells, un pis o dos, o per accedir a zones comunes com el portal o el garatge.<\/p><p>La seva instal\u00b7laci\u00f3 \u00e9s m\u00e9s complexa que la de les cadires o les plataformes salvaescales, ja que requereixen obra i permisos especials.<\/p><h3>Qu\u00e8 cal tenir en compte abans de posar un ascensor per a persones amb mobilitat redu\u00efda?<\/h3><p>Abans de posar un ascensor per a persones amb mobilitat redu\u00efda en un edifici o comunitat de propietaris cal tenir en compte una s\u00e8rie d&#8217;aspectes importants, com ara:<\/p><ul><li>La<strong> normativa vigent sobre accessibilitat i seguretat en ascensors<\/strong>, que estableix una s\u00e8rie de requisits m\u00ednims que han de complir els dispositius instal\u00b7lats.<\/li><li>L<strong>&#8216;espai disponible<\/strong> a l&#8217;habitatge o l&#8217;edifici que determinar\u00e0 el tipus i la mida de l&#8217;ascensor m\u00e9s adequat per a cada cas.<\/li><li>El <strong>pressupost disponible<\/strong>, condicionaran la selecci\u00f3 del model i les seves caracter\u00edstiques.<\/li><li>L<strong>&#8216;empresa instal\u00b7ladora<\/strong>, ha de ser professional, qualificada i amb experi\u00e8ncia en el sector dels ascensors.<\/li><\/ul><p>Com puc saber el cost d&#8217;obres d&#8217;accessibilitat per al meu habitatge o edifici?<\/p><p>Per con\u00e8ixer el cost aproximat de les obres d&#8217;accessibilitat que necessita el teu habitatge o edifici, pots utilitzar la <a href=\"https:\/\/www.fundacionmdp.org\/calculadora-de-accesibilidad\/\">calculadora d&#8217;accessibilitat<\/a> de la Fundaci\u00f3 M\u00fatua de Propietarios que t&#8217;ofereix una estimaci\u00f3 basada en els criteris t\u00e8cnics i econ\u00f2mics m\u00e9s habituals.<\/p><p>Contestant a unes senzilles preguntes, aquesta calculadora t&#8217;orientar\u00e0 perqu\u00e8 vegis quines obres d&#8217;accessibilitat necessites executar en la teva comunitat per realitzar una millora en base a l&#8217;accessibilitat de l&#8217;edifici, com la instal\u00b7laci\u00f3 d&#8217;un ascensor o una rampa per eliminar escales, entre d&#8217;altres.<\/p><p>El resultat que obtindr\u00e0s \u00e9s un cost aproximat, perqu\u00e8 nom\u00e9s \u00e9s una <strong>refer\u00e8ncia orientativa. <\/strong>Per obtenir un preu m\u00e9s exacte, l\u2019edifici haur\u00e0 de ser avaluat per un t\u00e8cnic especialista, analitzant les caracter\u00edstiques concretes del teu edifici.<\/p><p>Des de la <strong>Fundaci\u00f3 M\u00fatua de Propietarios<\/strong>, t&#8217;animem a afavorir l&#8217;accessibilitat del teu habitatge o comunitat de ve\u00efns, ja que \u00e9s un factor clau per millorar la qualitat de vida i l&#8217;autonomia de les persones amb mobilitat redu\u00efda.<\/p>\t\t\t\t\t\t\t\t<\/div>\n\t\t\t\t<\/div>\n\t\t\t\t\t<\/div>\n\t\t\t\t<\/div>\n\t\t\t\t<\/div>\n\t\t","protected":false},"excerpt":{"rendered":"<p>Vols saber el preu d&#8217;instal\u00b7lar un ascensor per a persones amb mobilitat redu\u00efda? Descobreix les opcions i els factors que influeixen en el cost.<\/p>\n","protected":false},"author":1,"featured_media":9177,"comment_status":"open","ping_status":"open","sticky":false,"template":"","format":"standard","meta":{"_acf_changed":false,"ocean_post_layout":"","ocean_both_sidebars_style":"","ocean_both_sidebars_content_width":0,"ocean_both_sidebars_sidebars_width":0,"ocean_sidebar":"","ocean_second_sidebar":"","ocean_disable_margins":"enable","ocean_add_body_class":"","ocean_shortcode_before_top_bar":"","ocean_shortcode_after_top_bar":"","ocean_shortcode_before_header":"","ocean_shortcode_after_header":"","ocean_has_shortcode":"","ocean_shortcode_after_title":"","ocean_shortcode_before_footer_widgets":"","ocean_shortcode_after_footer_widgets":"","ocean_shortcode_before_footer_bottom":"","ocean_shortcode_after_footer_bottom":"","ocean_display_top_bar":"default","ocean_display_header":"default","ocean_header_style":"","ocean_center_header_left_menu":"","ocean_custom_header_template":"","ocean_custom_logo":0,"ocean_custom_retina_logo":0,"ocean_custom_logo_max_width":0,"ocean_custom_logo_tablet_max_width":0,"ocean_custom_logo_mobile_max_width":0,"ocean_custom_logo_max_height":0,"ocean_custom_logo_tablet_max_height":0,"ocean_custom_logo_mobile_max_height":0,"ocean_header_custom_menu":"","ocean_menu_typo_font_family":"","ocean_menu_typo_font_subset":"","ocean_menu_typo_font_size":0,"ocean_menu_typo_font_size_tablet":0,"ocean_menu_typo_font_size_mobile":0,"ocean_menu_typo_font_size_unit":"px","ocean_menu_typo_font_weight":"","ocean_menu_typo_font_weight_tablet":"","ocean_menu_typo_font_weight_mobile":"","ocean_menu_typo_transform":"","ocean_menu_typo_transform_tablet":"","ocean_menu_typo_transform_mobile":"","ocean_menu_typo_line_height":0,"ocean_menu_typo_line_height_tablet":0,"ocean_menu_typo_line_height_mobile":0,"ocean_menu_typo_line_height_unit":"","ocean_menu_typo_spacing":0,"ocean_menu_typo_spacing_tablet":0,"ocean_menu_typo_spacing_mobile":0,"ocean_menu_typo_spacing_unit":"","ocean_menu_link_color":"","ocean_menu_link_color_hover":"","ocean_menu_link_color_active":"","ocean_menu_link_background":"","ocean_menu_link_hover_background":"","ocean_menu_link_active_background":"","ocean_menu_social_links_bg":"","ocean_menu_social_hover_links_bg":"","ocean_menu_social_links_color":"","ocean_menu_social_hover_links_color":"","ocean_disable_title":"default","ocean_disable_heading":"default","ocean_post_title":"","ocean_post_subheading":"","ocean_post_title_style":"","ocean_post_title_background_color":"","ocean_post_title_background":0,"ocean_post_title_bg_image_position":"","ocean_post_title_bg_image_attachment":"","ocean_post_title_bg_image_repeat":"","ocean_post_title_bg_image_size":"","ocean_post_title_height":0,"ocean_post_title_bg_overlay":0.5,"ocean_post_title_bg_overlay_color":"","ocean_disable_breadcrumbs":"default","ocean_breadcrumbs_color":"","ocean_breadcrumbs_separator_color":"","ocean_breadcrumbs_links_color":"","ocean_breadcrumbs_links_hover_color":"","ocean_display_footer_widgets":"default","ocean_display_footer_bottom":"default","ocean_custom_footer_template":"","ocean_post_oembed":"","ocean_post_self_hosted_media":"","ocean_post_video_embed":"","ocean_link_format":"","ocean_link_format_target":"self","ocean_quote_format":"","ocean_quote_format_link":"post","ocean_gallery_link_images":"off","ocean_gallery_id":[],"footnotes":""},"categories":[1],"tags":[],"class_list":["post-9181","post","type-post","status-publish","format-standard","has-post-thumbnail","hentry","category-sin-categorizar","entry","has-media"],"acf":[],"yoast_head":"<!-- This site is optimized with the Yoast SEO plugin v27.3 - https:\/\/yoast.com\/product\/yoast-seo-wordpress\/ -->\n<title>Quant costa posar un ascensor per a persones amb mobilitat redu\u00efda? - Fundaci\u00f3n Mutua de Propietarios<\/title>\n<meta name=\"robots\" content=\"index, follow, max-snippet:-1, max-image-preview:large, max-video-preview:-1\" \/>\n<link rel=\"canonical\" href=\"https:\/\/www.fundacionmdp.org\/cuanto-cuesta-poner-un-ascensor-para-personas-con-movilidad-reducida\/\" \/>\n<meta property=\"og:locale\" content=\"ca_ES\" \/>\n<meta property=\"og:type\" content=\"article\" \/>\n<meta property=\"og:title\" content=\"Quant costa posar un ascensor per a persones amb mobilitat redu\u00efda? - Fundaci\u00f3n Mutua de Propietarios\" \/>\n<meta property=\"og:description\" content=\"Vols saber el preu d&#039;instal\u00b7lar un ascensor per a persones amb mobilitat redu\u00efda? Descobreix les opcions i els factors que influeixen en el cost.\" \/>\n<meta property=\"og:url\" content=\"https:\/\/www.fundacionmdp.org\/cuanto-cuesta-poner-un-ascensor-para-personas-con-movilidad-reducida\/\" \/>\n<meta property=\"og:site_name\" content=\"Fundaci\u00f3n Mutua de Propietarios\" \/>\n<meta property=\"article:published_time\" content=\"2023-08-28T10:29:47+00:00\" \/>\n<meta property=\"article:modified_time\" content=\"2023-09-07T13:52:13+00:00\" \/>\n<meta property=\"og:image\" content=\"https:\/\/www.fundacionmdp.org\/wp-content\/uploads\/2023\/09\/Ascensor.jpg\" \/>\n\t<meta property=\"og:image:width\" content=\"1000\" \/>\n\t<meta property=\"og:image:height\" content=\"667\" \/>\n\t<meta property=\"og:image:type\" content=\"image\/jpeg\" \/>\n<meta name=\"author\" content=\"fundacionmdp\" \/>\n<meta name=\"twitter:card\" content=\"summary_large_image\" \/>\n<meta name=\"twitter:label1\" content=\"Escrit per\" \/>\n\t<meta name=\"twitter:data1\" content=\"fundacionmdp\" \/>\n\t<meta name=\"twitter:label2\" content=\"Temps estimat de lectura\" \/>\n\t<meta name=\"twitter:data2\" content=\"4 minuts\" \/>\n<script type=\"application\/ld+json\" class=\"yoast-schema-graph\">{\"@context\":\"https:\\\/\\\/schema.org\",\"@graph\":[{\"@type\":\"Article\",\"@id\":\"https:\\\/\\\/www.fundacionmdp.org\\\/cuanto-cuesta-poner-un-ascensor-para-personas-con-movilidad-reducida\\\/#article\",\"isPartOf\":{\"@id\":\"https:\\\/\\\/www.fundacionmdp.org\\\/cuanto-cuesta-poner-un-ascensor-para-personas-con-movilidad-reducida\\\/\"},\"author\":{\"name\":\"fundacionmdp\",\"@id\":\"https:\\\/\\\/www.fundacionmdp.org\\\/#\\\/schema\\\/person\\\/12f9af801cac25dfcb5a96cb0090f703\"},\"headline\":\"Quant costa posar un ascensor per a persones amb mobilitat redu\u00efda?\",\"datePublished\":\"2023-08-28T10:29:47+00:00\",\"dateModified\":\"2023-09-07T13:52:13+00:00\",\"mainEntityOfPage\":{\"@id\":\"https:\\\/\\\/www.fundacionmdp.org\\\/cuanto-cuesta-poner-un-ascensor-para-personas-con-movilidad-reducida\\\/\"},\"wordCount\":874,\"commentCount\":0,\"publisher\":{\"@id\":\"https:\\\/\\\/www.fundacionmdp.org\\\/#organization\"},\"image\":{\"@id\":\"https:\\\/\\\/www.fundacionmdp.org\\\/cuanto-cuesta-poner-un-ascensor-para-personas-con-movilidad-reducida\\\/#primaryimage\"},\"thumbnailUrl\":\"https:\\\/\\\/www.fundacionmdp.org\\\/wp-content\\\/uploads\\\/2023\\\/09\\\/Ascensor.jpg\",\"articleSection\":[\"Sin categorizar\"],\"inLanguage\":\"ca\",\"potentialAction\":[{\"@type\":\"CommentAction\",\"name\":\"Comment\",\"target\":[\"https:\\\/\\\/www.fundacionmdp.org\\\/cuanto-cuesta-poner-un-ascensor-para-personas-con-movilidad-reducida\\\/#respond\"]}]},{\"@type\":\"WebPage\",\"@id\":\"https:\\\/\\\/www.fundacionmdp.org\\\/cuanto-cuesta-poner-un-ascensor-para-personas-con-movilidad-reducida\\\/\",\"url\":\"https:\\\/\\\/www.fundacionmdp.org\\\/cuanto-cuesta-poner-un-ascensor-para-personas-con-movilidad-reducida\\\/\",\"name\":\"Quant costa posar un ascensor per a persones amb mobilitat redu\u00efda? - Fundaci\u00f3n Mutua de Propietarios\",\"isPartOf\":{\"@id\":\"https:\\\/\\\/www.fundacionmdp.org\\\/#website\"},\"primaryImageOfPage\":{\"@id\":\"https:\\\/\\\/www.fundacionmdp.org\\\/cuanto-cuesta-poner-un-ascensor-para-personas-con-movilidad-reducida\\\/#primaryimage\"},\"image\":{\"@id\":\"https:\\\/\\\/www.fundacionmdp.org\\\/cuanto-cuesta-poner-un-ascensor-para-personas-con-movilidad-reducida\\\/#primaryimage\"},\"thumbnailUrl\":\"https:\\\/\\\/www.fundacionmdp.org\\\/wp-content\\\/uploads\\\/2023\\\/09\\\/Ascensor.jpg\",\"datePublished\":\"2023-08-28T10:29:47+00:00\",\"dateModified\":\"2023-09-07T13:52:13+00:00\",\"breadcrumb\":{\"@id\":\"https:\\\/\\\/www.fundacionmdp.org\\\/cuanto-cuesta-poner-un-ascensor-para-personas-con-movilidad-reducida\\\/#breadcrumb\"},\"inLanguage\":\"ca\",\"potentialAction\":[{\"@type\":\"ReadAction\",\"target\":[\"https:\\\/\\\/www.fundacionmdp.org\\\/cuanto-cuesta-poner-un-ascensor-para-personas-con-movilidad-reducida\\\/\"]}]},{\"@type\":\"ImageObject\",\"inLanguage\":\"ca\",\"@id\":\"https:\\\/\\\/www.fundacionmdp.org\\\/cuanto-cuesta-poner-un-ascensor-para-personas-con-movilidad-reducida\\\/#primaryimage\",\"url\":\"https:\\\/\\\/www.fundacionmdp.org\\\/wp-content\\\/uploads\\\/2023\\\/09\\\/Ascensor.jpg\",\"contentUrl\":\"https:\\\/\\\/www.fundacionmdp.org\\\/wp-content\\\/uploads\\\/2023\\\/09\\\/Ascensor.jpg\",\"width\":1000,\"height\":667},{\"@type\":\"BreadcrumbList\",\"@id\":\"https:\\\/\\\/www.fundacionmdp.org\\\/cuanto-cuesta-poner-un-ascensor-para-personas-con-movilidad-reducida\\\/#breadcrumb\",\"itemListElement\":[{\"@type\":\"ListItem\",\"position\":1,\"name\":\"Home\",\"item\":\"https:\\\/\\\/www.fundacionmdp.org\\\/ca\\\/\"},{\"@type\":\"ListItem\",\"position\":2,\"name\":\"Quant costa posar un ascensor per a persones amb mobilitat redu\u00efda?\"}]},{\"@type\":\"WebSite\",\"@id\":\"https:\\\/\\\/www.fundacionmdp.org\\\/#website\",\"url\":\"https:\\\/\\\/www.fundacionmdp.org\\\/\",\"name\":\"Fundaci\u00f3n Mutua de Propietarios\",\"description\":\"En la Fundaci\u00f3n Mutua de Propietarios te ayudamos a convertir tu edificio de viviendas en un espacio sin barreras arquitect\u00f3nicas.\",\"publisher\":{\"@id\":\"https:\\\/\\\/www.fundacionmdp.org\\\/#organization\"},\"potentialAction\":[{\"@type\":\"SearchAction\",\"target\":{\"@type\":\"EntryPoint\",\"urlTemplate\":\"https:\\\/\\\/www.fundacionmdp.org\\\/?s={search_term_string}\"},\"query-input\":{\"@type\":\"PropertyValueSpecification\",\"valueRequired\":true,\"valueName\":\"search_term_string\"}}],\"inLanguage\":\"ca\"},{\"@type\":\"Organization\",\"@id\":\"https:\\\/\\\/www.fundacionmdp.org\\\/#organization\",\"name\":\"Fundaci\u00f3n Mutua de Propietarios\",\"url\":\"https:\\\/\\\/www.fundacionmdp.org\\\/\",\"logo\":{\"@type\":\"ImageObject\",\"inLanguage\":\"ca\",\"@id\":\"https:\\\/\\\/www.fundacionmdp.org\\\/#\\\/schema\\\/logo\\\/image\\\/\",\"url\":\"https:\\\/\\\/www.fundacionmdp.org\\\/wp-content\\\/uploads\\\/2023\\\/05\\\/logo_FMdP_cat.png\",\"contentUrl\":\"https:\\\/\\\/www.fundacionmdp.org\\\/wp-content\\\/uploads\\\/2023\\\/05\\\/logo_FMdP_cat.png\",\"width\":655,\"height\":297,\"caption\":\"Fundaci\u00f3n Mutua de Propietarios\"},\"image\":{\"@id\":\"https:\\\/\\\/www.fundacionmdp.org\\\/#\\\/schema\\\/logo\\\/image\\\/\"}},{\"@type\":\"Person\",\"@id\":\"https:\\\/\\\/www.fundacionmdp.org\\\/#\\\/schema\\\/person\\\/12f9af801cac25dfcb5a96cb0090f703\",\"name\":\"fundacionmdp\",\"image\":{\"@type\":\"ImageObject\",\"inLanguage\":\"ca\",\"@id\":\"https:\\\/\\\/secure.gravatar.com\\\/avatar\\\/b540f93d1816a14d85e51109d050c3243b98fb660a665f517a6d2597cff3bbed?s=96&d=mm&r=g\",\"url\":\"https:\\\/\\\/secure.gravatar.com\\\/avatar\\\/b540f93d1816a14d85e51109d050c3243b98fb660a665f517a6d2597cff3bbed?s=96&d=mm&r=g\",\"contentUrl\":\"https:\\\/\\\/secure.gravatar.com\\\/avatar\\\/b540f93d1816a14d85e51109d050c3243b98fb660a665f517a6d2597cff3bbed?s=96&d=mm&r=g\",\"caption\":\"fundacionmdp\"},\"sameAs\":[\"http:\\\/\\\/prezuk.com.mialias.net\\\/fundacionmdp\"],\"url\":\"https:\\\/\\\/www.fundacionmdp.org\\\/ca\\\/author\\\/fundacionmdp\\\/\"}]}<\/script>\n<!-- \/ Yoast SEO plugin. -->","yoast_head_json":{"title":"Quant costa posar un ascensor per a persones amb mobilitat redu\u00efda? - Fundaci\u00f3n Mutua de Propietarios","robots":{"index":"index","follow":"follow","max-snippet":"max-snippet:-1","max-image-preview":"max-image-preview:large","max-video-preview":"max-video-preview:-1"},"canonical":"https:\/\/www.fundacionmdp.org\/cuanto-cuesta-poner-un-ascensor-para-personas-con-movilidad-reducida\/","og_locale":"ca_ES","og_type":"article","og_title":"Quant costa posar un ascensor per a persones amb mobilitat redu\u00efda? - Fundaci\u00f3n Mutua de Propietarios","og_description":"Vols saber el preu d'instal\u00b7lar un ascensor per a persones amb mobilitat redu\u00efda? Descobreix les opcions i els factors que influeixen en el cost.","og_url":"https:\/\/www.fundacionmdp.org\/cuanto-cuesta-poner-un-ascensor-para-personas-con-movilidad-reducida\/","og_site_name":"Fundaci\u00f3n Mutua de Propietarios","article_published_time":"2023-08-28T10:29:47+00:00","article_modified_time":"2023-09-07T13:52:13+00:00","og_image":[{"width":1000,"height":667,"url":"https:\/\/www.fundacionmdp.org\/wp-content\/uploads\/2023\/09\/Ascensor.jpg","type":"image\/jpeg"}],"author":"fundacionmdp","twitter_card":"summary_large_image","twitter_misc":{"Escrit per":"fundacionmdp","Temps estimat de lectura":"4 minuts"},"schema":{"@context":"https:\/\/schema.org","@graph":[{"@type":"Article","@id":"https:\/\/www.fundacionmdp.org\/cuanto-cuesta-poner-un-ascensor-para-personas-con-movilidad-reducida\/#article","isPartOf":{"@id":"https:\/\/www.fundacionmdp.org\/cuanto-cuesta-poner-un-ascensor-para-personas-con-movilidad-reducida\/"},"author":{"name":"fundacionmdp","@id":"https:\/\/www.fundacionmdp.org\/#\/schema\/person\/12f9af801cac25dfcb5a96cb0090f703"},"headline":"Quant costa posar un ascensor per a persones amb mobilitat redu\u00efda?","datePublished":"2023-08-28T10:29:47+00:00","dateModified":"2023-09-07T13:52:13+00:00","mainEntityOfPage":{"@id":"https:\/\/www.fundacionmdp.org\/cuanto-cuesta-poner-un-ascensor-para-personas-con-movilidad-reducida\/"},"wordCount":874,"commentCount":0,"publisher":{"@id":"https:\/\/www.fundacionmdp.org\/#organization"},"image":{"@id":"https:\/\/www.fundacionmdp.org\/cuanto-cuesta-poner-un-ascensor-para-personas-con-movilidad-reducida\/#primaryimage"},"thumbnailUrl":"https:\/\/www.fundacionmdp.org\/wp-content\/uploads\/2023\/09\/Ascensor.jpg","articleSection":["Sin categorizar"],"inLanguage":"ca","potentialAction":[{"@type":"CommentAction","name":"Comment","target":["https:\/\/www.fundacionmdp.org\/cuanto-cuesta-poner-un-ascensor-para-personas-con-movilidad-reducida\/#respond"]}]},{"@type":"WebPage","@id":"https:\/\/www.fundacionmdp.org\/cuanto-cuesta-poner-un-ascensor-para-personas-con-movilidad-reducida\/","url":"https:\/\/www.fundacionmdp.org\/cuanto-cuesta-poner-un-ascensor-para-personas-con-movilidad-reducida\/","name":"Quant costa posar un ascensor per a persones amb mobilitat redu\u00efda? - Fundaci\u00f3n Mutua de Propietarios","isPartOf":{"@id":"https:\/\/www.fundacionmdp.org\/#website"},"primaryImageOfPage":{"@id":"https:\/\/www.fundacionmdp.org\/cuanto-cuesta-poner-un-ascensor-para-personas-con-movilidad-reducida\/#primaryimage"},"image":{"@id":"https:\/\/www.fundacionmdp.org\/cuanto-cuesta-poner-un-ascensor-para-personas-con-movilidad-reducida\/#primaryimage"},"thumbnailUrl":"https:\/\/www.fundacionmdp.org\/wp-content\/uploads\/2023\/09\/Ascensor.jpg","datePublished":"2023-08-28T10:29:47+00:00","dateModified":"2023-09-07T13:52:13+00:00","breadcrumb":{"@id":"https:\/\/www.fundacionmdp.org\/cuanto-cuesta-poner-un-ascensor-para-personas-con-movilidad-reducida\/#breadcrumb"},"inLanguage":"ca","potentialAction":[{"@type":"ReadAction","target":["https:\/\/www.fundacionmdp.org\/cuanto-cuesta-poner-un-ascensor-para-personas-con-movilidad-reducida\/"]}]},{"@type":"ImageObject","inLanguage":"ca","@id":"https:\/\/www.fundacionmdp.org\/cuanto-cuesta-poner-un-ascensor-para-personas-con-movilidad-reducida\/#primaryimage","url":"https:\/\/www.fundacionmdp.org\/wp-content\/uploads\/2023\/09\/Ascensor.jpg","contentUrl":"https:\/\/www.fundacionmdp.org\/wp-content\/uploads\/2023\/09\/Ascensor.jpg","width":1000,"height":667},{"@type":"BreadcrumbList","@id":"https:\/\/www.fundacionmdp.org\/cuanto-cuesta-poner-un-ascensor-para-personas-con-movilidad-reducida\/#breadcrumb","itemListElement":[{"@type":"ListItem","position":1,"name":"Home","item":"https:\/\/www.fundacionmdp.org\/ca\/"},{"@type":"ListItem","position":2,"name":"Quant costa posar un ascensor per a persones amb mobilitat redu\u00efda?"}]},{"@type":"WebSite","@id":"https:\/\/www.fundacionmdp.org\/#website","url":"https:\/\/www.fundacionmdp.org\/","name":"Fundaci\u00f3n Mutua de Propietarios","description":"En la Fundaci\u00f3n Mutua de Propietarios te ayudamos a convertir tu edificio de viviendas en un espacio sin barreras arquitect\u00f3nicas.","publisher":{"@id":"https:\/\/www.fundacionmdp.org\/#organization"},"potentialAction":[{"@type":"SearchAction","target":{"@type":"EntryPoint","urlTemplate":"https:\/\/www.fundacionmdp.org\/?s={search_term_string}"},"query-input":{"@type":"PropertyValueSpecification","valueRequired":true,"valueName":"search_term_string"}}],"inLanguage":"ca"},{"@type":"Organization","@id":"https:\/\/www.fundacionmdp.org\/#organization","name":"Fundaci\u00f3n Mutua de Propietarios","url":"https:\/\/www.fundacionmdp.org\/","logo":{"@type":"ImageObject","inLanguage":"ca","@id":"https:\/\/www.fundacionmdp.org\/#\/schema\/logo\/image\/","url":"https:\/\/www.fundacionmdp.org\/wp-content\/uploads\/2023\/05\/logo_FMdP_cat.png","contentUrl":"https:\/\/www.fundacionmdp.org\/wp-content\/uploads\/2023\/05\/logo_FMdP_cat.png","width":655,"height":297,"caption":"Fundaci\u00f3n Mutua de Propietarios"},"image":{"@id":"https:\/\/www.fundacionmdp.org\/#\/schema\/logo\/image\/"}},{"@type":"Person","@id":"https:\/\/www.fundacionmdp.org\/#\/schema\/person\/12f9af801cac25dfcb5a96cb0090f703","name":"fundacionmdp","image":{"@type":"ImageObject","inLanguage":"ca","@id":"https:\/\/secure.gravatar.com\/avatar\/b540f93d1816a14d85e51109d050c3243b98fb660a665f517a6d2597cff3bbed?s=96&d=mm&r=g","url":"https:\/\/secure.gravatar.com\/avatar\/b540f93d1816a14d85e51109d050c3243b98fb660a665f517a6d2597cff3bbed?s=96&d=mm&r=g","contentUrl":"https:\/\/secure.gravatar.com\/avatar\/b540f93d1816a14d85e51109d050c3243b98fb660a665f517a6d2597cff3bbed?s=96&d=mm&r=g","caption":"fundacionmdp"},"sameAs":["http:\/\/prezuk.com.mialias.net\/fundacionmdp"],"url":"https:\/\/www.fundacionmdp.org\/ca\/author\/fundacionmdp\/"}]}},"_links":{"self":[{"href":"https:\/\/www.fundacionmdp.org\/ca\/wp-json\/wp\/v2\/posts\/9181","targetHints":{"allow":["GET"]}}],"collection":[{"href":"https:\/\/www.fundacionmdp.org\/ca\/wp-json\/wp\/v2\/posts"}],"about":[{"href":"https:\/\/www.fundacionmdp.org\/ca\/wp-json\/wp\/v2\/types\/post"}],"author":[{"embeddable":true,"href":"https:\/\/www.fundacionmdp.org\/ca\/wp-json\/wp\/v2\/users\/1"}],"replies":[{"embeddable":true,"href":"https:\/\/www.fundacionmdp.org\/ca\/wp-json\/wp\/v2\/comments?post=9181"}],"version-history":[{"count":3,"href":"https:\/\/www.fundacionmdp.org\/ca\/wp-json\/wp\/v2\/posts\/9181\/revisions"}],"predecessor-version":[{"id":9184,"href":"https:\/\/www.fundacionmdp.org\/ca\/wp-json\/wp\/v2\/posts\/9181\/revisions\/9184"}],"wp:featuredmedia":[{"embeddable":true,"href":"https:\/\/www.fundacionmdp.org\/ca\/wp-json\/wp\/v2\/media\/9177"}],"wp:attachment":[{"href":"https:\/\/www.fundacionmdp.org\/ca\/wp-json\/wp\/v2\/media?parent=9181"}],"wp:term":[{"taxonomy":"category","embeddable":true,"href":"https:\/\/www.fundacionmdp.org\/ca\/wp-json\/wp\/v2\/categories?post=9181"},{"taxonomy":"post_tag","embeddable":true,"href":"https:\/\/www.fundacionmdp.org\/ca\/wp-json\/wp\/v2\/tags?post=9181"}],"curies":[{"name":"wp","href":"https:\/\/api.w.org\/{rel}","templated":true}]}}