{"id":9265,"date":"2023-09-29T08:52:18","date_gmt":"2023-09-29T06:52:18","guid":{"rendered":"https:\/\/www.fundacionmdp.org\/?p=9265"},"modified":"2023-10-02T11:05:49","modified_gmt":"2023-10-02T09:05:49","slug":"dia-internacional-de-la-gent-gran","status":"publish","type":"post","link":"https:\/\/www.fundacionmdp.org\/ca\/dia-internacional-de-la-gent-gran\/","title":{"rendered":"Dia Internacional de la gent gran"},"content":{"rendered":"\t\t<div data-elementor-type=\"wp-post\" data-elementor-id=\"9265\" class=\"elementor elementor-9265 elementor-9257\">\n\t\t\t\t<div class=\"elementor-element elementor-element-79d6ad6 e-flex e-con-boxed e-con e-parent\" data-id=\"79d6ad6\" data-element_type=\"container\" data-e-type=\"container\">\n\t\t\t\t\t<div class=\"e-con-inner\">\n\t\t\t\t<div class=\"elementor-element elementor-element-6ff821c elementor-widget elementor-widget-text-editor\" data-id=\"6ff821c\" data-element_type=\"widget\" data-e-type=\"widget\" data-widget_type=\"text-editor.default\">\n\t\t\t\t<div class=\"elementor-widget-container\">\n\t\t\t\t\t\t\t\t\t<p><strong>Els catalans admeten importants mancances en l&#8217;accessibilitat dels edificis d&#8217;habitatges per a les persones amb mobilitat redu\u00efda i concedeixen un \u201csuficient\u201d als seus immobles<\/strong><\/p><p><strong>UNA DE CADA 3 PERSONES M\u00c9S GRANS DE 75 ANYS T\u00c9 DIFICULTATS PER A ACCEDIR DES DEL CARRER AL SEU HABITATGE<\/strong><\/p><ul><li><strong>El 87% dels immobles han d\u2019 eliminar les barreres arquitect\u00f2niques: el 17% necessita un ascensor i el 25% una rampa per a salvar el gra\u00f3 d&#8217;acc\u00e9s a la porta <\/strong><\/li><li><strong>D&#8217;acord amb la normativa vigent, els propietaris poden obligar a la comunitat de ve\u00efns a assumir part de les obres d&#8217;accessibilitat<\/strong><\/li><li><strong>A Catalunya, 654 <\/strong><strong>persones tenen 75 anys o m\u00e9s (un 9,7% de la poblaci\u00f3)<\/strong><\/li><\/ul><p><strong>Barcelona, 29 de setembre de 2023\u2013<\/strong>Encara que la normativa vigent exigeix unes condicions b\u00e0siques d&#8217;accessibilitat i no discriminaci\u00f3 per a l&#8217;acc\u00e9s als edificis, la realitat \u00e9s que un 32% de la gent gran que te m\u00e9s de 75 anys t\u00e9 dificultats per a accedir des del carrer al seu habitatge, b\u00e9 perqu\u00e8 no hi ha ascensor, b\u00e9 perqu\u00e8 ha de pujar de manera obligat\u00f2ria escales, o per tots dos factors.<\/p><p><img fetchpriority=\"high\" decoding=\"async\" class=\"size-full wp-image-9270 alignright\" src=\"https:\/\/www.fundacionmdp.org\/wp-content\/uploads\/2023\/09\/datos-cat-ok.png\" alt=\"\" width=\"491\" height=\"537\" srcset=\"https:\/\/www.fundacionmdp.org\/wp-content\/uploads\/2023\/09\/datos-cat-ok.png 491w, https:\/\/www.fundacionmdp.org\/wp-content\/uploads\/2023\/09\/datos-cat-ok-274x300.png 274w\" sizes=\"(max-width: 491px) 100vw, 491px\" \/>Per aquest motiu, els catalans concedeixen una nota del 5,3 a l&#8217;accessibilitat del seu edifici, d&#8217;acord amb l&#8217;informe realitzat per la Fundaci\u00f3 Mutua de Propietarios i la C\u00e0tedra d&#8217;Habitatge de la Universitat Rovira i Virgili amb motiu del Dia Internacional de la Gent Gran.<\/p><p>\u00a0\u201cLes importants mancances en accessibilitat suposen una discriminaci\u00f3 dels drets fonamentals de la gent gran com la llibertat de resid\u00e8ncia i de circulaci\u00f3, el lliure desenvolupament de la personalitat o la igualtat\u201d, afirma Laura L\u00f3pez\u00a0Demarbre, vicepresidenta executiva de la Fundaci\u00f3 Mutua de Propietarios.<\/p><p>A Catalunya, 747.654 persones tenen 75 anys o m\u00e9s (un 9,7% de la poblaci\u00f3). D&#8217;acord amb l&#8217;informe de la Fundaci\u00f3 Mutua de Propietarios, els problemes de mobilitat (68%) s\u00f3n la principal preocupaci\u00f3 dels catalans davant una futura vellesa, seguits de la salut (67%) i la falta de recursos econ\u00f2mics (59%); la possibilitat de no comptar amb una pensi\u00f3 de jubilaci\u00f3 (60%) i de patir la solitud (48%).<\/p><p>Partint d&#8217;aquestes preocupacions, l&#8217;estudi de la Fundaci\u00f3 Mutua de Propietarios adverteix que un 87% dels edificis d&#8217;habitatges necessiten realitzar actuacions d&#8217;eliminaci\u00f3 de les barreres arquitect\u00f2niques per a millorar la seva accessibilitat. En concret, un 17% necessita instal\u00b7lar ascensor; el 25% necessita instal\u00b7lar una rampa per a salvar el gra\u00f3 d\u2019acc\u00e9s a la porta; el 56% t\u00e9 porters autom\u00e0tics no accessibles des d&#8217;una cadira de rodes; 2 de cada 3 tenen les\u00a0 b\u00fasties elevades i el 48% de les portes necessita un obre portes motoritzat perqu\u00e8 pesen massa.<\/p><p>En aquest marc, les barreres relacionades amb l&#8217;ascensor s\u00f3n les actuacions amb un major grau d&#8217;urg\u00e8ncia: el 49% dels qui no compten amb ascensor, ho reclamen com una mesura urgent, de la mateixa manera que un 51% considera essencial millorar l&#8217;accessibilitat del portal fins a l&#8217;ascensor amb una plataforma elevadora el\u00e8ctrica o una rampa.<\/p><p>L&#8217;estudi detecta que, malgrat que el 58% dels catalans est\u00e0 d&#8217;acord amb que un edifici accessible revaloritza els seus immobles, 6 de cada 10 veu poc o gens probable realitzar les millores d&#8217;accessibilitat que es necessiten al seu edifici. La falta d&#8217;acord entre ve\u00efns (55%) i els motius econ\u00f2mics (47%) s\u00f3n les principals raons exposades, especialment quan la inversi\u00f3 suposa una xifra superior als 2.000 euros.<\/p><p>En aquest aspecte, l&#8217;informe de la Fundaci\u00f3 Mutua de Propietarios assenyala que la normativa \u00e9s clara. \u201cEls propietaris poden obligar a la comunitat de ve\u00efns a assumir part de les obres d&#8217;accessibilitat i totes elles estan obligades a pagar el seu cost, qualsevol que sigui la seva situaci\u00f3 econ\u00f2mica, per la qual cosa no podran vetar les obres per circumst\u00e0ncies econ\u00f2miques\u201d, explica el Dr. H\u00e9ctor Sim\u00f3n, de la C\u00e0tedra d&#8217;Habitatge.<\/p><p><strong><em>\u00a0<\/em><\/strong><\/p>\t\t\t\t\t\t\t\t<\/div>\n\t\t\t\t<\/div>\n\t\t\t\t\t<\/div>\n\t\t\t\t<\/div>\n\t\t\t\t<\/div>\n\t\t","protected":false},"excerpt":{"rendered":"<p>Els catalans admeten importants mancances en l&#8217;accessibilitat dels edificis d&#8217;habitatges per a les persones amb mobilitat redu\u00efda i concedeixen un \u201csuficient\u201d als seus immobles UNA DE CADA 3 PERSONES M\u00c9S GRANS DE 75 ANYS T\u00c9 DIFICULTATS PER A ACCEDIR DES DEL CARRER AL SEU HABITATGE El 87% dels immobles han d\u2019 eliminar les barreres arquitect\u00f2niques: [&hellip;]<\/p>\n","protected":false},"author":1,"featured_media":9252,"comment_status":"open","ping_status":"open","sticky":false,"template":"","format":"standard","meta":{"_acf_changed":false,"ocean_post_layout":"","ocean_both_sidebars_style":"","ocean_both_sidebars_content_width":0,"ocean_both_sidebars_sidebars_width":0,"ocean_sidebar":"","ocean_second_sidebar":"","ocean_disable_margins":"enable","ocean_add_body_class":"","ocean_shortcode_before_top_bar":"","ocean_shortcode_after_top_bar":"","ocean_shortcode_before_header":"","ocean_shortcode_after_header":"","ocean_has_shortcode":"","ocean_shortcode_after_title":"","ocean_shortcode_before_footer_widgets":"","ocean_shortcode_after_footer_widgets":"","ocean_shortcode_before_footer_bottom":"","ocean_shortcode_after_footer_bottom":"","ocean_display_top_bar":"default","ocean_display_header":"default","ocean_header_style":"","ocean_center_header_left_menu":"","ocean_custom_header_template":"","ocean_custom_logo":0,"ocean_custom_retina_logo":0,"ocean_custom_logo_max_width":0,"ocean_custom_logo_tablet_max_width":0,"ocean_custom_logo_mobile_max_width":0,"ocean_custom_logo_max_height":0,"ocean_custom_logo_tablet_max_height":0,"ocean_custom_logo_mobile_max_height":0,"ocean_header_custom_menu":"","ocean_menu_typo_font_family":"","ocean_menu_typo_font_subset":"","ocean_menu_typo_font_size":0,"ocean_menu_typo_font_size_tablet":0,"ocean_menu_typo_font_size_mobile":0,"ocean_menu_typo_font_size_unit":"px","ocean_menu_typo_font_weight":"","ocean_menu_typo_font_weight_tablet":"","ocean_menu_typo_font_weight_mobile":"","ocean_menu_typo_transform":"","ocean_menu_typo_transform_tablet":"","ocean_menu_typo_transform_mobile":"","ocean_menu_typo_line_height":0,"ocean_menu_typo_line_height_tablet":0,"ocean_menu_typo_line_height_mobile":0,"ocean_menu_typo_line_height_unit":"","ocean_menu_typo_spacing":0,"ocean_menu_typo_spacing_tablet":0,"ocean_menu_typo_spacing_mobile":0,"ocean_menu_typo_spacing_unit":"","ocean_menu_link_color":"","ocean_menu_link_color_hover":"","ocean_menu_link_color_active":"","ocean_menu_link_background":"","ocean_menu_link_hover_background":"","ocean_menu_link_active_background":"","ocean_menu_social_links_bg":"","ocean_menu_social_hover_links_bg":"","ocean_menu_social_links_color":"","ocean_menu_social_hover_links_color":"","ocean_disable_title":"default","ocean_disable_heading":"default","ocean_post_title":"","ocean_post_subheading":"","ocean_post_title_style":"","ocean_post_title_background_color":"","ocean_post_title_background":0,"ocean_post_title_bg_image_position":"","ocean_post_title_bg_image_attachment":"","ocean_post_title_bg_image_repeat":"","ocean_post_title_bg_image_size":"","ocean_post_title_height":0,"ocean_post_title_bg_overlay":0.5,"ocean_post_title_bg_overlay_color":"","ocean_disable_breadcrumbs":"default","ocean_breadcrumbs_color":"","ocean_breadcrumbs_separator_color":"","ocean_breadcrumbs_links_color":"","ocean_breadcrumbs_links_hover_color":"","ocean_display_footer_widgets":"default","ocean_display_footer_bottom":"default","ocean_custom_footer_template":"","ocean_post_oembed":"","ocean_post_self_hosted_media":"","ocean_post_video_embed":"","ocean_link_format":"","ocean_link_format_target":"self","ocean_quote_format":"","ocean_quote_format_link":"post","ocean_gallery_link_images":"off","ocean_gallery_id":[],"footnotes":""},"categories":[1],"tags":[],"class_list":["post-9265","post","type-post","status-publish","format-standard","has-post-thumbnail","hentry","category-sin-categorizar","entry","has-media"],"acf":[],"yoast_head":"<!-- This site is optimized with the Yoast SEO plugin v27.3 - https:\/\/yoast.com\/product\/yoast-seo-wordpress\/ -->\n<title>Dia Internacional de la gent gran - Fundaci\u00f3n Mutua de Propietarios<\/title>\n<meta name=\"robots\" content=\"index, follow, max-snippet:-1, max-image-preview:large, max-video-preview:-1\" \/>\n<link rel=\"canonical\" href=\"https:\/\/www.fundacionmdp.org\/ca\/dia-internacional-de-la-gent-gran\/\" \/>\n<meta property=\"og:locale\" content=\"ca_ES\" \/>\n<meta property=\"og:type\" content=\"article\" \/>\n<meta property=\"og:title\" content=\"Dia Internacional de la gent gran - Fundaci\u00f3n Mutua de Propietarios\" \/>\n<meta property=\"og:description\" content=\"Els catalans admeten importants mancances en l&#8217;accessibilitat dels edificis d&#8217;habitatges per a les persones amb mobilitat redu\u00efda i concedeixen un \u201csuficient\u201d als seus immobles UNA DE CADA 3 PERSONES M\u00c9S GRANS DE 75 ANYS T\u00c9 DIFICULTATS PER A ACCEDIR DES DEL CARRER AL SEU HABITATGE El 87% dels immobles han d\u2019 eliminar les barreres arquitect\u00f2niques: [&hellip;]\" \/>\n<meta property=\"og:url\" content=\"https:\/\/www.fundacionmdp.org\/ca\/dia-internacional-de-la-gent-gran\/\" \/>\n<meta property=\"og:site_name\" content=\"Fundaci\u00f3n Mutua de Propietarios\" \/>\n<meta property=\"article:published_time\" content=\"2023-09-29T06:52:18+00:00\" \/>\n<meta property=\"article:modified_time\" content=\"2023-10-02T09:05:49+00:00\" \/>\n<meta property=\"og:image\" content=\"https:\/\/www.fundacionmdp.org\/wp-content\/uploads\/2023\/09\/PLANTILLA_-ESTUDIOS-_1.png\" \/>\n\t<meta property=\"og:image:width\" content=\"1080\" \/>\n\t<meta property=\"og:image:height\" content=\"1080\" \/>\n\t<meta property=\"og:image:type\" content=\"image\/png\" \/>\n<meta name=\"author\" content=\"fundacionmdp\" \/>\n<meta name=\"twitter:card\" content=\"summary_large_image\" \/>\n<meta name=\"twitter:label1\" content=\"Escrit per\" \/>\n\t<meta name=\"twitter:data1\" content=\"fundacionmdp\" \/>\n\t<meta name=\"twitter:label2\" content=\"Temps estimat de lectura\" \/>\n\t<meta name=\"twitter:data2\" content=\"3 minuts\" \/>\n<script type=\"application\/ld+json\" class=\"yoast-schema-graph\">{\"@context\":\"https:\\\/\\\/schema.org\",\"@graph\":[{\"@type\":\"Article\",\"@id\":\"https:\\\/\\\/www.fundacionmdp.org\\\/ca\\\/dia-internacional-de-la-gent-gran\\\/#article\",\"isPartOf\":{\"@id\":\"https:\\\/\\\/www.fundacionmdp.org\\\/ca\\\/dia-internacional-de-la-gent-gran\\\/\"},\"author\":{\"name\":\"fundacionmdp\",\"@id\":\"https:\\\/\\\/www.fundacionmdp.org\\\/#\\\/schema\\\/person\\\/12f9af801cac25dfcb5a96cb0090f703\"},\"headline\":\"Dia Internacional de la gent gran\",\"datePublished\":\"2023-09-29T06:52:18+00:00\",\"dateModified\":\"2023-10-02T09:05:49+00:00\",\"mainEntityOfPage\":{\"@id\":\"https:\\\/\\\/www.fundacionmdp.org\\\/ca\\\/dia-internacional-de-la-gent-gran\\\/\"},\"wordCount\":647,\"commentCount\":0,\"publisher\":{\"@id\":\"https:\\\/\\\/www.fundacionmdp.org\\\/#organization\"},\"image\":{\"@id\":\"https:\\\/\\\/www.fundacionmdp.org\\\/ca\\\/dia-internacional-de-la-gent-gran\\\/#primaryimage\"},\"thumbnailUrl\":\"https:\\\/\\\/www.fundacionmdp.org\\\/wp-content\\\/uploads\\\/2023\\\/09\\\/PLANTILLA_-ESTUDIOS-_1.png\",\"articleSection\":[\"Sin categorizar\"],\"inLanguage\":\"ca\",\"potentialAction\":[{\"@type\":\"CommentAction\",\"name\":\"Comment\",\"target\":[\"https:\\\/\\\/www.fundacionmdp.org\\\/ca\\\/dia-internacional-de-la-gent-gran\\\/#respond\"]}]},{\"@type\":\"WebPage\",\"@id\":\"https:\\\/\\\/www.fundacionmdp.org\\\/ca\\\/dia-internacional-de-la-gent-gran\\\/\",\"url\":\"https:\\\/\\\/www.fundacionmdp.org\\\/ca\\\/dia-internacional-de-la-gent-gran\\\/\",\"name\":\"Dia Internacional de la gent gran - Fundaci\u00f3n Mutua de Propietarios\",\"isPartOf\":{\"@id\":\"https:\\\/\\\/www.fundacionmdp.org\\\/#website\"},\"primaryImageOfPage\":{\"@id\":\"https:\\\/\\\/www.fundacionmdp.org\\\/ca\\\/dia-internacional-de-la-gent-gran\\\/#primaryimage\"},\"image\":{\"@id\":\"https:\\\/\\\/www.fundacionmdp.org\\\/ca\\\/dia-internacional-de-la-gent-gran\\\/#primaryimage\"},\"thumbnailUrl\":\"https:\\\/\\\/www.fundacionmdp.org\\\/wp-content\\\/uploads\\\/2023\\\/09\\\/PLANTILLA_-ESTUDIOS-_1.png\",\"datePublished\":\"2023-09-29T06:52:18+00:00\",\"dateModified\":\"2023-10-02T09:05:49+00:00\",\"breadcrumb\":{\"@id\":\"https:\\\/\\\/www.fundacionmdp.org\\\/ca\\\/dia-internacional-de-la-gent-gran\\\/#breadcrumb\"},\"inLanguage\":\"ca\",\"potentialAction\":[{\"@type\":\"ReadAction\",\"target\":[\"https:\\\/\\\/www.fundacionmdp.org\\\/ca\\\/dia-internacional-de-la-gent-gran\\\/\"]}]},{\"@type\":\"ImageObject\",\"inLanguage\":\"ca\",\"@id\":\"https:\\\/\\\/www.fundacionmdp.org\\\/ca\\\/dia-internacional-de-la-gent-gran\\\/#primaryimage\",\"url\":\"https:\\\/\\\/www.fundacionmdp.org\\\/wp-content\\\/uploads\\\/2023\\\/09\\\/PLANTILLA_-ESTUDIOS-_1.png\",\"contentUrl\":\"https:\\\/\\\/www.fundacionmdp.org\\\/wp-content\\\/uploads\\\/2023\\\/09\\\/PLANTILLA_-ESTUDIOS-_1.png\",\"width\":1080,\"height\":1080},{\"@type\":\"BreadcrumbList\",\"@id\":\"https:\\\/\\\/www.fundacionmdp.org\\\/ca\\\/dia-internacional-de-la-gent-gran\\\/#breadcrumb\",\"itemListElement\":[{\"@type\":\"ListItem\",\"position\":1,\"name\":\"Home\",\"item\":\"https:\\\/\\\/www.fundacionmdp.org\\\/ca\\\/\"},{\"@type\":\"ListItem\",\"position\":2,\"name\":\"Dia Internacional de la gent gran\"}]},{\"@type\":\"WebSite\",\"@id\":\"https:\\\/\\\/www.fundacionmdp.org\\\/#website\",\"url\":\"https:\\\/\\\/www.fundacionmdp.org\\\/\",\"name\":\"Fundaci\u00f3n Mutua de Propietarios\",\"description\":\"En la Fundaci\u00f3n Mutua de Propietarios te ayudamos a convertir tu edificio de viviendas en un espacio sin barreras arquitect\u00f3nicas.\",\"publisher\":{\"@id\":\"https:\\\/\\\/www.fundacionmdp.org\\\/#organization\"},\"potentialAction\":[{\"@type\":\"SearchAction\",\"target\":{\"@type\":\"EntryPoint\",\"urlTemplate\":\"https:\\\/\\\/www.fundacionmdp.org\\\/?s={search_term_string}\"},\"query-input\":{\"@type\":\"PropertyValueSpecification\",\"valueRequired\":true,\"valueName\":\"search_term_string\"}}],\"inLanguage\":\"ca\"},{\"@type\":\"Organization\",\"@id\":\"https:\\\/\\\/www.fundacionmdp.org\\\/#organization\",\"name\":\"Fundaci\u00f3n Mutua de Propietarios\",\"url\":\"https:\\\/\\\/www.fundacionmdp.org\\\/\",\"logo\":{\"@type\":\"ImageObject\",\"inLanguage\":\"ca\",\"@id\":\"https:\\\/\\\/www.fundacionmdp.org\\\/#\\\/schema\\\/logo\\\/image\\\/\",\"url\":\"https:\\\/\\\/www.fundacionmdp.org\\\/wp-content\\\/uploads\\\/2023\\\/05\\\/logo_FMdP_cat.png\",\"contentUrl\":\"https:\\\/\\\/www.fundacionmdp.org\\\/wp-content\\\/uploads\\\/2023\\\/05\\\/logo_FMdP_cat.png\",\"width\":655,\"height\":297,\"caption\":\"Fundaci\u00f3n Mutua de Propietarios\"},\"image\":{\"@id\":\"https:\\\/\\\/www.fundacionmdp.org\\\/#\\\/schema\\\/logo\\\/image\\\/\"}},{\"@type\":\"Person\",\"@id\":\"https:\\\/\\\/www.fundacionmdp.org\\\/#\\\/schema\\\/person\\\/12f9af801cac25dfcb5a96cb0090f703\",\"name\":\"fundacionmdp\",\"image\":{\"@type\":\"ImageObject\",\"inLanguage\":\"ca\",\"@id\":\"https:\\\/\\\/secure.gravatar.com\\\/avatar\\\/b540f93d1816a14d85e51109d050c3243b98fb660a665f517a6d2597cff3bbed?s=96&d=mm&r=g\",\"url\":\"https:\\\/\\\/secure.gravatar.com\\\/avatar\\\/b540f93d1816a14d85e51109d050c3243b98fb660a665f517a6d2597cff3bbed?s=96&d=mm&r=g\",\"contentUrl\":\"https:\\\/\\\/secure.gravatar.com\\\/avatar\\\/b540f93d1816a14d85e51109d050c3243b98fb660a665f517a6d2597cff3bbed?s=96&d=mm&r=g\",\"caption\":\"fundacionmdp\"},\"sameAs\":[\"http:\\\/\\\/prezuk.com.mialias.net\\\/fundacionmdp\"],\"url\":\"https:\\\/\\\/www.fundacionmdp.org\\\/ca\\\/author\\\/fundacionmdp\\\/\"}]}<\/script>\n<!-- \/ Yoast SEO plugin. -->","yoast_head_json":{"title":"Dia Internacional de la gent gran - Fundaci\u00f3n Mutua de Propietarios","robots":{"index":"index","follow":"follow","max-snippet":"max-snippet:-1","max-image-preview":"max-image-preview:large","max-video-preview":"max-video-preview:-1"},"canonical":"https:\/\/www.fundacionmdp.org\/ca\/dia-internacional-de-la-gent-gran\/","og_locale":"ca_ES","og_type":"article","og_title":"Dia Internacional de la gent gran - Fundaci\u00f3n Mutua de Propietarios","og_description":"Els catalans admeten importants mancances en l&#8217;accessibilitat dels edificis d&#8217;habitatges per a les persones amb mobilitat redu\u00efda i concedeixen un \u201csuficient\u201d als seus immobles UNA DE CADA 3 PERSONES M\u00c9S GRANS DE 75 ANYS T\u00c9 DIFICULTATS PER A ACCEDIR DES DEL CARRER AL SEU HABITATGE El 87% dels immobles han d\u2019 eliminar les barreres arquitect\u00f2niques: [&hellip;]","og_url":"https:\/\/www.fundacionmdp.org\/ca\/dia-internacional-de-la-gent-gran\/","og_site_name":"Fundaci\u00f3n Mutua de Propietarios","article_published_time":"2023-09-29T06:52:18+00:00","article_modified_time":"2023-10-02T09:05:49+00:00","og_image":[{"width":1080,"height":1080,"url":"https:\/\/www.fundacionmdp.org\/wp-content\/uploads\/2023\/09\/PLANTILLA_-ESTUDIOS-_1.png","type":"image\/png"}],"author":"fundacionmdp","twitter_card":"summary_large_image","twitter_misc":{"Escrit per":"fundacionmdp","Temps estimat de lectura":"3 minuts"},"schema":{"@context":"https:\/\/schema.org","@graph":[{"@type":"Article","@id":"https:\/\/www.fundacionmdp.org\/ca\/dia-internacional-de-la-gent-gran\/#article","isPartOf":{"@id":"https:\/\/www.fundacionmdp.org\/ca\/dia-internacional-de-la-gent-gran\/"},"author":{"name":"fundacionmdp","@id":"https:\/\/www.fundacionmdp.org\/#\/schema\/person\/12f9af801cac25dfcb5a96cb0090f703"},"headline":"Dia Internacional de la gent gran","datePublished":"2023-09-29T06:52:18+00:00","dateModified":"2023-10-02T09:05:49+00:00","mainEntityOfPage":{"@id":"https:\/\/www.fundacionmdp.org\/ca\/dia-internacional-de-la-gent-gran\/"},"wordCount":647,"commentCount":0,"publisher":{"@id":"https:\/\/www.fundacionmdp.org\/#organization"},"image":{"@id":"https:\/\/www.fundacionmdp.org\/ca\/dia-internacional-de-la-gent-gran\/#primaryimage"},"thumbnailUrl":"https:\/\/www.fundacionmdp.org\/wp-content\/uploads\/2023\/09\/PLANTILLA_-ESTUDIOS-_1.png","articleSection":["Sin categorizar"],"inLanguage":"ca","potentialAction":[{"@type":"CommentAction","name":"Comment","target":["https:\/\/www.fundacionmdp.org\/ca\/dia-internacional-de-la-gent-gran\/#respond"]}]},{"@type":"WebPage","@id":"https:\/\/www.fundacionmdp.org\/ca\/dia-internacional-de-la-gent-gran\/","url":"https:\/\/www.fundacionmdp.org\/ca\/dia-internacional-de-la-gent-gran\/","name":"Dia Internacional de la gent gran - Fundaci\u00f3n Mutua de Propietarios","isPartOf":{"@id":"https:\/\/www.fundacionmdp.org\/#website"},"primaryImageOfPage":{"@id":"https:\/\/www.fundacionmdp.org\/ca\/dia-internacional-de-la-gent-gran\/#primaryimage"},"image":{"@id":"https:\/\/www.fundacionmdp.org\/ca\/dia-internacional-de-la-gent-gran\/#primaryimage"},"thumbnailUrl":"https:\/\/www.fundacionmdp.org\/wp-content\/uploads\/2023\/09\/PLANTILLA_-ESTUDIOS-_1.png","datePublished":"2023-09-29T06:52:18+00:00","dateModified":"2023-10-02T09:05:49+00:00","breadcrumb":{"@id":"https:\/\/www.fundacionmdp.org\/ca\/dia-internacional-de-la-gent-gran\/#breadcrumb"},"inLanguage":"ca","potentialAction":[{"@type":"ReadAction","target":["https:\/\/www.fundacionmdp.org\/ca\/dia-internacional-de-la-gent-gran\/"]}]},{"@type":"ImageObject","inLanguage":"ca","@id":"https:\/\/www.fundacionmdp.org\/ca\/dia-internacional-de-la-gent-gran\/#primaryimage","url":"https:\/\/www.fundacionmdp.org\/wp-content\/uploads\/2023\/09\/PLANTILLA_-ESTUDIOS-_1.png","contentUrl":"https:\/\/www.fundacionmdp.org\/wp-content\/uploads\/2023\/09\/PLANTILLA_-ESTUDIOS-_1.png","width":1080,"height":1080},{"@type":"BreadcrumbList","@id":"https:\/\/www.fundacionmdp.org\/ca\/dia-internacional-de-la-gent-gran\/#breadcrumb","itemListElement":[{"@type":"ListItem","position":1,"name":"Home","item":"https:\/\/www.fundacionmdp.org\/ca\/"},{"@type":"ListItem","position":2,"name":"Dia Internacional de la gent gran"}]},{"@type":"WebSite","@id":"https:\/\/www.fundacionmdp.org\/#website","url":"https:\/\/www.fundacionmdp.org\/","name":"Fundaci\u00f3n Mutua de Propietarios","description":"En la Fundaci\u00f3n Mutua de Propietarios te ayudamos a convertir tu edificio de viviendas en un espacio sin barreras arquitect\u00f3nicas.","publisher":{"@id":"https:\/\/www.fundacionmdp.org\/#organization"},"potentialAction":[{"@type":"SearchAction","target":{"@type":"EntryPoint","urlTemplate":"https:\/\/www.fundacionmdp.org\/?s={search_term_string}"},"query-input":{"@type":"PropertyValueSpecification","valueRequired":true,"valueName":"search_term_string"}}],"inLanguage":"ca"},{"@type":"Organization","@id":"https:\/\/www.fundacionmdp.org\/#organization","name":"Fundaci\u00f3n Mutua de Propietarios","url":"https:\/\/www.fundacionmdp.org\/","logo":{"@type":"ImageObject","inLanguage":"ca","@id":"https:\/\/www.fundacionmdp.org\/#\/schema\/logo\/image\/","url":"https:\/\/www.fundacionmdp.org\/wp-content\/uploads\/2023\/05\/logo_FMdP_cat.png","contentUrl":"https:\/\/www.fundacionmdp.org\/wp-content\/uploads\/2023\/05\/logo_FMdP_cat.png","width":655,"height":297,"caption":"Fundaci\u00f3n Mutua de Propietarios"},"image":{"@id":"https:\/\/www.fundacionmdp.org\/#\/schema\/logo\/image\/"}},{"@type":"Person","@id":"https:\/\/www.fundacionmdp.org\/#\/schema\/person\/12f9af801cac25dfcb5a96cb0090f703","name":"fundacionmdp","image":{"@type":"ImageObject","inLanguage":"ca","@id":"https:\/\/secure.gravatar.com\/avatar\/b540f93d1816a14d85e51109d050c3243b98fb660a665f517a6d2597cff3bbed?s=96&d=mm&r=g","url":"https:\/\/secure.gravatar.com\/avatar\/b540f93d1816a14d85e51109d050c3243b98fb660a665f517a6d2597cff3bbed?s=96&d=mm&r=g","contentUrl":"https:\/\/secure.gravatar.com\/avatar\/b540f93d1816a14d85e51109d050c3243b98fb660a665f517a6d2597cff3bbed?s=96&d=mm&r=g","caption":"fundacionmdp"},"sameAs":["http:\/\/prezuk.com.mialias.net\/fundacionmdp"],"url":"https:\/\/www.fundacionmdp.org\/ca\/author\/fundacionmdp\/"}]}},"_links":{"self":[{"href":"https:\/\/www.fundacionmdp.org\/ca\/wp-json\/wp\/v2\/posts\/9265","targetHints":{"allow":["GET"]}}],"collection":[{"href":"https:\/\/www.fundacionmdp.org\/ca\/wp-json\/wp\/v2\/posts"}],"about":[{"href":"https:\/\/www.fundacionmdp.org\/ca\/wp-json\/wp\/v2\/types\/post"}],"author":[{"embeddable":true,"href":"https:\/\/www.fundacionmdp.org\/ca\/wp-json\/wp\/v2\/users\/1"}],"replies":[{"embeddable":true,"href":"https:\/\/www.fundacionmdp.org\/ca\/wp-json\/wp\/v2\/comments?post=9265"}],"version-history":[{"count":10,"href":"https:\/\/www.fundacionmdp.org\/ca\/wp-json\/wp\/v2\/posts\/9265\/revisions"}],"predecessor-version":[{"id":9277,"href":"https:\/\/www.fundacionmdp.org\/ca\/wp-json\/wp\/v2\/posts\/9265\/revisions\/9277"}],"wp:featuredmedia":[{"embeddable":true,"href":"https:\/\/www.fundacionmdp.org\/ca\/wp-json\/wp\/v2\/media\/9252"}],"wp:attachment":[{"href":"https:\/\/www.fundacionmdp.org\/ca\/wp-json\/wp\/v2\/media?parent=9265"}],"wp:term":[{"taxonomy":"category","embeddable":true,"href":"https:\/\/www.fundacionmdp.org\/ca\/wp-json\/wp\/v2\/categories?post=9265"},{"taxonomy":"post_tag","embeddable":true,"href":"https:\/\/www.fundacionmdp.org\/ca\/wp-json\/wp\/v2\/tags?post=9265"}],"curies":[{"name":"wp","href":"https:\/\/api.w.org\/{rel}","templated":true}]}}