{"id":9432,"date":"2023-11-27T09:00:00","date_gmt":"2023-11-27T07:00:00","guid":{"rendered":"https:\/\/www.fundacionmdp.org\/?p=9432"},"modified":"2023-11-27T09:00:00","modified_gmt":"2023-11-27T07:00:00","slug":"la-importancia-de-laccessibilitat-en-els-edificis-dhabitatges-per-a-les-persones-amb-discapacitat","status":"publish","type":"post","link":"https:\/\/www.fundacionmdp.org\/ca\/la-importancia-de-laccessibilitat-en-els-edificis-dhabitatges-per-a-les-persones-amb-discapacitat\/","title":{"rendered":"La import\u00e0ncia de l\u2019accessibilitat en els edificis d\u2019habitatges per a les persones amb discapacitat"},"content":{"rendered":"\t\t<div data-elementor-type=\"wp-post\" data-elementor-id=\"9432\" class=\"elementor elementor-9432 elementor-9425\">\n\t\t\t\t<div class=\"elementor-element elementor-element-9151be0 e-flex e-con-boxed e-con e-parent\" data-id=\"9151be0\" data-element_type=\"container\" data-e-type=\"container\">\n\t\t\t\t\t<div class=\"e-con-inner\">\n\t\t\t\t<div class=\"elementor-element elementor-element-4569f3e elementor-widget elementor-widget-text-editor\" data-id=\"4569f3e\" data-element_type=\"widget\" data-e-type=\"widget\" data-widget_type=\"text-editor.default\">\n\t\t\t\t<div class=\"elementor-widget-container\">\n\t\t\t\t\t\t\t\t\t<p>Se acerca el D\u00eda Internacional de las Personas con Discapacidad, que como cada a\u00f1o desde 1992, se conmemora cada 3 de diciembre. El D\u00eda Internacional de las Personas con Discapacidad busca movilizar y concienciar en cuestiones esenciales relacionadas con la inclusi\u00f3n de personas con discapacidad. Adem\u00e1s, llama la atenci\u00f3n sobre la necesidad de una sociedad inclusiva y accesible para todos. Es por ello, el momento perfecto para recordar y reflexionar sobre la importancia de la accesibilidad en los edificios de viviendas para las personas con discapacidad y\/o movilidad reducida.<\/p>\n<p>Todo el mundo deber\u00eda poder acceder a una vivienda sin problemas, pero todav\u00eda hay personas que necesitan la ayuda de terceros o, directamente, no pueden entrar o salir de sus hogares porque los edificios no son accesibles y no cuentan con las medidas ni herramientas necesarias. \u00a0Por ejemplo, una persona con silla de ruedas no puede acceder a un edificio si en el portal hay escaleras. Una persona con movilidad reducida no puede subir a su casa si no existe ascensor, o el que hay es demasiado peque\u00f1o para entrar con su silla de ruedas o bien no tiene puertas autom\u00e1ticas. En <a href=\"https:\/\/www.fundacionmdp.org\/\"><strong>Fundaci\u00f3n Mutua de Propietarios <\/strong><\/a>estamos comprometidos con la <strong>accesibilidad para todo el mundo <\/strong>y trabajamos para concienciar a la sociedad de la importancia de eliminar las barreras arquitect\u00f3nicas de los edificios y adaptar los espacios, tanto en las viviendas como su entorno, para que estas personas no se queden al margen y puedan acceder con libertad y autonom\u00eda a sus viviendas.<\/p>\n<h3>Diversidad e inclusi\u00f3n: accesibilidad en los edificios de viviendas para personas con discapacidad\u00a0<\/h3>\n<p>Dos de los valores fundamentales en una sociedad son la inclusi\u00f3n y la diversidad y, para ello, es necesario que se tomen medidas que permitan a las personas con movilidad reducida y discapacidad poder acceder sin inconvenientes a los edificios de viviendas.<\/p>\n<p>Para que sea posible, estas medidas deben contar con la instalaci\u00f3n de rampas, ascensores, puertas autom\u00e1ticas y otros dispositivos para facilitar la vida y hacer accesibles los edificios de viviendas a todo el mundo, independientemente de su capacidad, edad o econom\u00eda.<\/p>\n<p>Mejorando la accesibilidad, se crea un impacto positivo en la salud y bienestar de las personas, ya que se garantiza comodidad y seguridad a la hora de entrar o salir de los edificios de viviendas, subir y bajar pisos, caminar o sentarse.\u00a0<\/p>\n<h3>Medidas de accesibilidad en los edificios de viviendas para las personas con discapacidad<\/h3>\n<p>Algunas de las zonas vitales para la accesibilidad en un edificio son:<\/p>\n<ul>\n<li><strong>Acceso de entrada y salida<\/strong>: Las zonas comunes de un edificio, donde todas las personas confluyen por el mismo espacio para llegar a su vivienda, son los accesos de entrada y salida al edificio. Hay vest\u00edbulos que cuentan con escaleras en la entrada, o varios escalones justo en la puerta de acceso, incluso escalones enfrente del ascensor, por lo que, es necesario incorporar rampas o elementos de accesibilidad de uso individual para las personas con discapacidad.<\/li>\n<li><strong>Puertas adaptadas<\/strong>: Las puertas de acceso deben ser lo suficientemente anchas para que puedan pasar las sillas de ruedas y ligeras para que puedan ser abiertas.<\/li>\n<li><strong>Ascensores adaptados<\/strong>: Que exista un ascensor en una comunidad no es sin\u00f3nimo de accesibilidad a las plantas superiores. Un ascensor, para ser accesible por personas en sillas de ruedas debe de tener puertas autom\u00e1ticas, la anchura y profundidad suficiente para acceder dentro de \u00e9l y disponer de botonera accesible desde una silla de ruedas.<\/li>\n<li><strong>Parking accesible<\/strong>: Poder acceder a la zona de estacionamiento del coche y disponer de plazas de aparcamiento para las personas con movilidad reducida en los parkings de viviendas es un gran avance para la inclusi\u00f3n.<\/li>\n<\/ul>\n<h3>Campa\u00f1a divulgativa #ViviendaSinBarreras<\/h3>\n<p>En Fundaci\u00f3n Mutua de Propietarios hemos participado en los Premios de Marketing y Comunicaci\u00f3n del Sector Asegurador en la categor\u00eda<strong> \u201cMejor Campa\u00f1a de Responsabilidad Social Corporativa\u201d<\/strong>, donde hemos quedado en el puesto de Finalista. Nuestra campa\u00f1a divulgativa<strong> #ViviendaSinBarreras <\/strong>la ha protagonizado Idoia, una mujer que se desplaza en silla de ruedas y que mediante la danza transmite las emociones y sentimientos de viven algunas personas, que quieren moverse con autonom\u00eda y no pueden, a la hora de acceder a la vivienda.<\/p>\n<p>Con esta campa\u00f1a divulgativa, desde Fundaci\u00f3n hemos querido reflejar c\u00f3mo es el d\u00eda a d\u00eda de las personas con discapacidad o movilidad reducida, generando as\u00ed conciencia social sobre la necesidad de eliminar las barreras arquitect\u00f3nicas para mejorar la calidad de vida de las personas con movilidad reducida.<\/p>\n<p>Idoia no es la \u00fanica que sufre d\u00eda a d\u00eda los inconvenientes de no poder acceder de forma segura y c\u00f3moda a su vivienda, y por ello, hemos querido mostrar c\u00f3mo pueden llegarse a sentir algunas personas, que como ella, quieren moverse y no pueden por la falta de accesibilidad en su vivienda y entorno, que son miles en Espa\u00f1a y a\u00fan m\u00e1s en el resto del mundo.<\/p>\n<p>Si te perdiste la campa\u00f1a, puedes volver a verla aqu\u00ed: <a href=\"https:\/\/www.fundacionmdp.org\/divulga\/\">Divulga \u2013 Fundaci\u00f3n Mutua de Propietarios (fundacionmdp.org)<\/a><\/p>\n<h3>El compromiso de Fundaci\u00f3n Mutua de Propietarios con las personas con discapacidad y\/o movilidad reducida<\/h3>\n<p>En Fundaci\u00f3n Mutua de Propietarios trabajamos para aumentar m\u00e1s Viviendas Sin Barreras, para lograr una sociedad libre de prejuicios y igualdad de oportunidades, donde la inclusi\u00f3n social se tengan en cuenta a la hora de dise\u00f1ar y construir los edificios de viviendas. Trabajamos para conseguir una sociedad m\u00e1s justa y equitativa, que tenga en cuenta las necesidades en cuanto a la accesibilidad a las viviendas de las personas con discapacidad.<\/p>\n<p>Nuestra Fundaci\u00f3n facilita ayudas econ\u00f3micas y subvenciones para obras de accesibilidad en las viviendas, adem\u00e1s de ofrecer soluciones como las <strong>Rampas 3D<\/strong> o la app m\u00f3vil <strong>Zero Barreras<\/strong>. \u00a0Si quieres estar al d\u00eda en accesibilidad y de todas las actividades que promueven la diversidad y la inclusi\u00f3n social, no dudes en echar un vistazo a nuestra web. Luchamos para que todas las personas con movilidad reducida y\/o discapacidad, tengan una vivienda segura, sin barreras, y adecuada a sus necesidades.<\/p>\n\t\t\t\t\t\t\t\t<\/div>\n\t\t\t\t<\/div>\n\t\t\t\t\t<\/div>\n\t\t\t\t<\/div>\n\t\t\t\t<\/div>\n\t\t","protected":false},"excerpt":{"rendered":"<p>Se acerca el D\u00eda Internacional de las Personas con Discapacidad, que como cada a\u00f1o desde 1992, se conmemora cada 3 de diciembre. El D\u00eda Internacional de las Personas con Discapacidad busca movilizar y concienciar en cuestiones esenciales relacionadas con la inclusi\u00f3n de personas con discapacidad. Adem\u00e1s, llama la atenci\u00f3n sobre la necesidad de una sociedad [&hellip;]<\/p>\n","protected":false},"author":1,"featured_media":9427,"comment_status":"open","ping_status":"open","sticky":false,"template":"","format":"standard","meta":{"_acf_changed":false,"ocean_post_layout":"","ocean_both_sidebars_style":"","ocean_both_sidebars_content_width":0,"ocean_both_sidebars_sidebars_width":0,"ocean_sidebar":"","ocean_second_sidebar":"","ocean_disable_margins":"enable","ocean_add_body_class":"","ocean_shortcode_before_top_bar":"","ocean_shortcode_after_top_bar":"","ocean_shortcode_before_header":"","ocean_shortcode_after_header":"","ocean_has_shortcode":"","ocean_shortcode_after_title":"","ocean_shortcode_before_footer_widgets":"","ocean_shortcode_after_footer_widgets":"","ocean_shortcode_before_footer_bottom":"","ocean_shortcode_after_footer_bottom":"","ocean_display_top_bar":"default","ocean_display_header":"default","ocean_header_style":"","ocean_center_header_left_menu":"","ocean_custom_header_template":"","ocean_custom_logo":0,"ocean_custom_retina_logo":0,"ocean_custom_logo_max_width":0,"ocean_custom_logo_tablet_max_width":0,"ocean_custom_logo_mobile_max_width":0,"ocean_custom_logo_max_height":0,"ocean_custom_logo_tablet_max_height":0,"ocean_custom_logo_mobile_max_height":0,"ocean_header_custom_menu":"","ocean_menu_typo_font_family":"","ocean_menu_typo_font_subset":"","ocean_menu_typo_font_size":0,"ocean_menu_typo_font_size_tablet":0,"ocean_menu_typo_font_size_mobile":0,"ocean_menu_typo_font_size_unit":"px","ocean_menu_typo_font_weight":"","ocean_menu_typo_font_weight_tablet":"","ocean_menu_typo_font_weight_mobile":"","ocean_menu_typo_transform":"","ocean_menu_typo_transform_tablet":"","ocean_menu_typo_transform_mobile":"","ocean_menu_typo_line_height":0,"ocean_menu_typo_line_height_tablet":0,"ocean_menu_typo_line_height_mobile":0,"ocean_menu_typo_line_height_unit":"","ocean_menu_typo_spacing":0,"ocean_menu_typo_spacing_tablet":0,"ocean_menu_typo_spacing_mobile":0,"ocean_menu_typo_spacing_unit":"","ocean_menu_link_color":"","ocean_menu_link_color_hover":"","ocean_menu_link_color_active":"","ocean_menu_link_background":"","ocean_menu_link_hover_background":"","ocean_menu_link_active_background":"","ocean_menu_social_links_bg":"","ocean_menu_social_hover_links_bg":"","ocean_menu_social_links_color":"","ocean_menu_social_hover_links_color":"","ocean_disable_title":"default","ocean_disable_heading":"default","ocean_post_title":"","ocean_post_subheading":"","ocean_post_title_style":"","ocean_post_title_background_color":"","ocean_post_title_background":0,"ocean_post_title_bg_image_position":"","ocean_post_title_bg_image_attachment":"","ocean_post_title_bg_image_repeat":"","ocean_post_title_bg_image_size":"","ocean_post_title_height":0,"ocean_post_title_bg_overlay":0.5,"ocean_post_title_bg_overlay_color":"","ocean_disable_breadcrumbs":"default","ocean_breadcrumbs_color":"","ocean_breadcrumbs_separator_color":"","ocean_breadcrumbs_links_color":"","ocean_breadcrumbs_links_hover_color":"","ocean_display_footer_widgets":"default","ocean_display_footer_bottom":"default","ocean_custom_footer_template":"","ocean_post_oembed":"","ocean_post_self_hosted_media":"","ocean_post_video_embed":"","ocean_link_format":"","ocean_link_format_target":"self","ocean_quote_format":"","ocean_quote_format_link":"post","ocean_gallery_link_images":"off","ocean_gallery_id":[],"footnotes":""},"categories":[1],"tags":[],"class_list":["post-9432","post","type-post","status-publish","format-standard","has-post-thumbnail","hentry","category-sin-categorizar","entry","has-media"],"acf":[],"yoast_head":"<!-- This site is optimized with the Yoast SEO plugin v27.3 - https:\/\/yoast.com\/product\/yoast-seo-wordpress\/ -->\n<title>La import\u00e0ncia de l\u2019accessibilitat en els edificis d\u2019habitatges per a les persones amb discapacitat - Fundaci\u00f3n Mutua de Propietarios<\/title>\n<meta name=\"robots\" content=\"index, follow, max-snippet:-1, max-image-preview:large, max-video-preview:-1\" \/>\n<link rel=\"canonical\" href=\"https:\/\/www.fundacionmdp.org\/ca\/la-importancia-de-laccessibilitat-en-els-edificis-dhabitatges-per-a-les-persones-amb-discapacitat\/\" \/>\n<meta property=\"og:locale\" content=\"ca_ES\" \/>\n<meta property=\"og:type\" content=\"article\" \/>\n<meta property=\"og:title\" content=\"La import\u00e0ncia de l\u2019accessibilitat en els edificis d\u2019habitatges per a les persones amb discapacitat - Fundaci\u00f3n Mutua de Propietarios\" \/>\n<meta property=\"og:description\" content=\"Se acerca el D\u00eda Internacional de las Personas con Discapacidad, que como cada a\u00f1o desde 1992, se conmemora cada 3 de diciembre. El D\u00eda Internacional de las Personas con Discapacidad busca movilizar y concienciar en cuestiones esenciales relacionadas con la inclusi\u00f3n de personas con discapacidad. Adem\u00e1s, llama la atenci\u00f3n sobre la necesidad de una sociedad [&hellip;]\" \/>\n<meta property=\"og:url\" content=\"https:\/\/www.fundacionmdp.org\/ca\/la-importancia-de-laccessibilitat-en-els-edificis-dhabitatges-per-a-les-persones-amb-discapacitat\/\" \/>\n<meta property=\"og:site_name\" content=\"Fundaci\u00f3n Mutua de Propietarios\" \/>\n<meta property=\"article:published_time\" content=\"2023-11-27T07:00:00+00:00\" \/>\n<meta property=\"og:image\" content=\"https:\/\/www.fundacionmdp.org\/wp-content\/uploads\/2023\/11\/Nina-interior-ascensor.jpg\" \/>\n\t<meta property=\"og:image:width\" content=\"1000\" \/>\n\t<meta property=\"og:image:height\" content=\"667\" \/>\n\t<meta property=\"og:image:type\" content=\"image\/jpeg\" \/>\n<meta name=\"author\" content=\"fundacionmdp\" \/>\n<meta name=\"twitter:card\" content=\"summary_large_image\" \/>\n<meta name=\"twitter:label1\" content=\"Escrit per\" \/>\n\t<meta name=\"twitter:data1\" content=\"fundacionmdp\" \/>\n\t<meta name=\"twitter:label2\" content=\"Temps estimat de lectura\" \/>\n\t<meta name=\"twitter:data2\" content=\"5 minuts\" \/>\n<script type=\"application\/ld+json\" class=\"yoast-schema-graph\">{\"@context\":\"https:\\\/\\\/schema.org\",\"@graph\":[{\"@type\":\"Article\",\"@id\":\"https:\\\/\\\/www.fundacionmdp.org\\\/ca\\\/la-importancia-de-laccessibilitat-en-els-edificis-dhabitatges-per-a-les-persones-amb-discapacitat\\\/#article\",\"isPartOf\":{\"@id\":\"https:\\\/\\\/www.fundacionmdp.org\\\/ca\\\/la-importancia-de-laccessibilitat-en-els-edificis-dhabitatges-per-a-les-persones-amb-discapacitat\\\/\"},\"author\":{\"name\":\"fundacionmdp\",\"@id\":\"https:\\\/\\\/www.fundacionmdp.org\\\/#\\\/schema\\\/person\\\/12f9af801cac25dfcb5a96cb0090f703\"},\"headline\":\"La import\u00e0ncia de l\u2019accessibilitat en els edificis d\u2019habitatges per a les persones amb discapacitat\",\"datePublished\":\"2023-11-27T07:00:00+00:00\",\"mainEntityOfPage\":{\"@id\":\"https:\\\/\\\/www.fundacionmdp.org\\\/ca\\\/la-importancia-de-laccessibilitat-en-els-edificis-dhabitatges-per-a-les-persones-amb-discapacitat\\\/\"},\"wordCount\":1060,\"commentCount\":0,\"publisher\":{\"@id\":\"https:\\\/\\\/www.fundacionmdp.org\\\/#organization\"},\"image\":{\"@id\":\"https:\\\/\\\/www.fundacionmdp.org\\\/ca\\\/la-importancia-de-laccessibilitat-en-els-edificis-dhabitatges-per-a-les-persones-amb-discapacitat\\\/#primaryimage\"},\"thumbnailUrl\":\"https:\\\/\\\/www.fundacionmdp.org\\\/wp-content\\\/uploads\\\/2023\\\/11\\\/Nina-interior-ascensor.jpg\",\"articleSection\":[\"Sin categorizar\"],\"inLanguage\":\"ca\",\"potentialAction\":[{\"@type\":\"CommentAction\",\"name\":\"Comment\",\"target\":[\"https:\\\/\\\/www.fundacionmdp.org\\\/ca\\\/la-importancia-de-laccessibilitat-en-els-edificis-dhabitatges-per-a-les-persones-amb-discapacitat\\\/#respond\"]}]},{\"@type\":\"WebPage\",\"@id\":\"https:\\\/\\\/www.fundacionmdp.org\\\/ca\\\/la-importancia-de-laccessibilitat-en-els-edificis-dhabitatges-per-a-les-persones-amb-discapacitat\\\/\",\"url\":\"https:\\\/\\\/www.fundacionmdp.org\\\/ca\\\/la-importancia-de-laccessibilitat-en-els-edificis-dhabitatges-per-a-les-persones-amb-discapacitat\\\/\",\"name\":\"La import\u00e0ncia de l\u2019accessibilitat en els edificis d\u2019habitatges per a les persones amb discapacitat - Fundaci\u00f3n Mutua de Propietarios\",\"isPartOf\":{\"@id\":\"https:\\\/\\\/www.fundacionmdp.org\\\/#website\"},\"primaryImageOfPage\":{\"@id\":\"https:\\\/\\\/www.fundacionmdp.org\\\/ca\\\/la-importancia-de-laccessibilitat-en-els-edificis-dhabitatges-per-a-les-persones-amb-discapacitat\\\/#primaryimage\"},\"image\":{\"@id\":\"https:\\\/\\\/www.fundacionmdp.org\\\/ca\\\/la-importancia-de-laccessibilitat-en-els-edificis-dhabitatges-per-a-les-persones-amb-discapacitat\\\/#primaryimage\"},\"thumbnailUrl\":\"https:\\\/\\\/www.fundacionmdp.org\\\/wp-content\\\/uploads\\\/2023\\\/11\\\/Nina-interior-ascensor.jpg\",\"datePublished\":\"2023-11-27T07:00:00+00:00\",\"breadcrumb\":{\"@id\":\"https:\\\/\\\/www.fundacionmdp.org\\\/ca\\\/la-importancia-de-laccessibilitat-en-els-edificis-dhabitatges-per-a-les-persones-amb-discapacitat\\\/#breadcrumb\"},\"inLanguage\":\"ca\",\"potentialAction\":[{\"@type\":\"ReadAction\",\"target\":[\"https:\\\/\\\/www.fundacionmdp.org\\\/ca\\\/la-importancia-de-laccessibilitat-en-els-edificis-dhabitatges-per-a-les-persones-amb-discapacitat\\\/\"]}]},{\"@type\":\"ImageObject\",\"inLanguage\":\"ca\",\"@id\":\"https:\\\/\\\/www.fundacionmdp.org\\\/ca\\\/la-importancia-de-laccessibilitat-en-els-edificis-dhabitatges-per-a-les-persones-amb-discapacitat\\\/#primaryimage\",\"url\":\"https:\\\/\\\/www.fundacionmdp.org\\\/wp-content\\\/uploads\\\/2023\\\/11\\\/Nina-interior-ascensor.jpg\",\"contentUrl\":\"https:\\\/\\\/www.fundacionmdp.org\\\/wp-content\\\/uploads\\\/2023\\\/11\\\/Nina-interior-ascensor.jpg\",\"width\":1000,\"height\":667},{\"@type\":\"BreadcrumbList\",\"@id\":\"https:\\\/\\\/www.fundacionmdp.org\\\/ca\\\/la-importancia-de-laccessibilitat-en-els-edificis-dhabitatges-per-a-les-persones-amb-discapacitat\\\/#breadcrumb\",\"itemListElement\":[{\"@type\":\"ListItem\",\"position\":1,\"name\":\"Home\",\"item\":\"https:\\\/\\\/www.fundacionmdp.org\\\/ca\\\/\"},{\"@type\":\"ListItem\",\"position\":2,\"name\":\"La import\u00e0ncia de l\u2019accessibilitat en els edificis d\u2019habitatges per a les persones amb discapacitat\"}]},{\"@type\":\"WebSite\",\"@id\":\"https:\\\/\\\/www.fundacionmdp.org\\\/#website\",\"url\":\"https:\\\/\\\/www.fundacionmdp.org\\\/\",\"name\":\"Fundaci\u00f3n Mutua de Propietarios\",\"description\":\"En la Fundaci\u00f3n Mutua de Propietarios te ayudamos a convertir tu edificio de viviendas en un espacio sin barreras arquitect\u00f3nicas.\",\"publisher\":{\"@id\":\"https:\\\/\\\/www.fundacionmdp.org\\\/#organization\"},\"potentialAction\":[{\"@type\":\"SearchAction\",\"target\":{\"@type\":\"EntryPoint\",\"urlTemplate\":\"https:\\\/\\\/www.fundacionmdp.org\\\/?s={search_term_string}\"},\"query-input\":{\"@type\":\"PropertyValueSpecification\",\"valueRequired\":true,\"valueName\":\"search_term_string\"}}],\"inLanguage\":\"ca\"},{\"@type\":\"Organization\",\"@id\":\"https:\\\/\\\/www.fundacionmdp.org\\\/#organization\",\"name\":\"Fundaci\u00f3n Mutua de Propietarios\",\"url\":\"https:\\\/\\\/www.fundacionmdp.org\\\/\",\"logo\":{\"@type\":\"ImageObject\",\"inLanguage\":\"ca\",\"@id\":\"https:\\\/\\\/www.fundacionmdp.org\\\/#\\\/schema\\\/logo\\\/image\\\/\",\"url\":\"https:\\\/\\\/www.fundacionmdp.org\\\/wp-content\\\/uploads\\\/2023\\\/05\\\/logo_FMdP_cat.png\",\"contentUrl\":\"https:\\\/\\\/www.fundacionmdp.org\\\/wp-content\\\/uploads\\\/2023\\\/05\\\/logo_FMdP_cat.png\",\"width\":655,\"height\":297,\"caption\":\"Fundaci\u00f3n Mutua de Propietarios\"},\"image\":{\"@id\":\"https:\\\/\\\/www.fundacionmdp.org\\\/#\\\/schema\\\/logo\\\/image\\\/\"}},{\"@type\":\"Person\",\"@id\":\"https:\\\/\\\/www.fundacionmdp.org\\\/#\\\/schema\\\/person\\\/12f9af801cac25dfcb5a96cb0090f703\",\"name\":\"fundacionmdp\",\"image\":{\"@type\":\"ImageObject\",\"inLanguage\":\"ca\",\"@id\":\"https:\\\/\\\/secure.gravatar.com\\\/avatar\\\/b540f93d1816a14d85e51109d050c3243b98fb660a665f517a6d2597cff3bbed?s=96&d=mm&r=g\",\"url\":\"https:\\\/\\\/secure.gravatar.com\\\/avatar\\\/b540f93d1816a14d85e51109d050c3243b98fb660a665f517a6d2597cff3bbed?s=96&d=mm&r=g\",\"contentUrl\":\"https:\\\/\\\/secure.gravatar.com\\\/avatar\\\/b540f93d1816a14d85e51109d050c3243b98fb660a665f517a6d2597cff3bbed?s=96&d=mm&r=g\",\"caption\":\"fundacionmdp\"},\"sameAs\":[\"http:\\\/\\\/prezuk.com.mialias.net\\\/fundacionmdp\"],\"url\":\"https:\\\/\\\/www.fundacionmdp.org\\\/ca\\\/author\\\/fundacionmdp\\\/\"}]}<\/script>\n<!-- \/ Yoast SEO plugin. -->","yoast_head_json":{"title":"La import\u00e0ncia de l\u2019accessibilitat en els edificis d\u2019habitatges per a les persones amb discapacitat - Fundaci\u00f3n Mutua de Propietarios","robots":{"index":"index","follow":"follow","max-snippet":"max-snippet:-1","max-image-preview":"max-image-preview:large","max-video-preview":"max-video-preview:-1"},"canonical":"https:\/\/www.fundacionmdp.org\/ca\/la-importancia-de-laccessibilitat-en-els-edificis-dhabitatges-per-a-les-persones-amb-discapacitat\/","og_locale":"ca_ES","og_type":"article","og_title":"La import\u00e0ncia de l\u2019accessibilitat en els edificis d\u2019habitatges per a les persones amb discapacitat - Fundaci\u00f3n Mutua de Propietarios","og_description":"Se acerca el D\u00eda Internacional de las Personas con Discapacidad, que como cada a\u00f1o desde 1992, se conmemora cada 3 de diciembre. El D\u00eda Internacional de las Personas con Discapacidad busca movilizar y concienciar en cuestiones esenciales relacionadas con la inclusi\u00f3n de personas con discapacidad. Adem\u00e1s, llama la atenci\u00f3n sobre la necesidad de una sociedad [&hellip;]","og_url":"https:\/\/www.fundacionmdp.org\/ca\/la-importancia-de-laccessibilitat-en-els-edificis-dhabitatges-per-a-les-persones-amb-discapacitat\/","og_site_name":"Fundaci\u00f3n Mutua de Propietarios","article_published_time":"2023-11-27T07:00:00+00:00","og_image":[{"width":1000,"height":667,"url":"https:\/\/www.fundacionmdp.org\/wp-content\/uploads\/2023\/11\/Nina-interior-ascensor.jpg","type":"image\/jpeg"}],"author":"fundacionmdp","twitter_card":"summary_large_image","twitter_misc":{"Escrit per":"fundacionmdp","Temps estimat de lectura":"5 minuts"},"schema":{"@context":"https:\/\/schema.org","@graph":[{"@type":"Article","@id":"https:\/\/www.fundacionmdp.org\/ca\/la-importancia-de-laccessibilitat-en-els-edificis-dhabitatges-per-a-les-persones-amb-discapacitat\/#article","isPartOf":{"@id":"https:\/\/www.fundacionmdp.org\/ca\/la-importancia-de-laccessibilitat-en-els-edificis-dhabitatges-per-a-les-persones-amb-discapacitat\/"},"author":{"name":"fundacionmdp","@id":"https:\/\/www.fundacionmdp.org\/#\/schema\/person\/12f9af801cac25dfcb5a96cb0090f703"},"headline":"La import\u00e0ncia de l\u2019accessibilitat en els edificis d\u2019habitatges per a les persones amb discapacitat","datePublished":"2023-11-27T07:00:00+00:00","mainEntityOfPage":{"@id":"https:\/\/www.fundacionmdp.org\/ca\/la-importancia-de-laccessibilitat-en-els-edificis-dhabitatges-per-a-les-persones-amb-discapacitat\/"},"wordCount":1060,"commentCount":0,"publisher":{"@id":"https:\/\/www.fundacionmdp.org\/#organization"},"image":{"@id":"https:\/\/www.fundacionmdp.org\/ca\/la-importancia-de-laccessibilitat-en-els-edificis-dhabitatges-per-a-les-persones-amb-discapacitat\/#primaryimage"},"thumbnailUrl":"https:\/\/www.fundacionmdp.org\/wp-content\/uploads\/2023\/11\/Nina-interior-ascensor.jpg","articleSection":["Sin categorizar"],"inLanguage":"ca","potentialAction":[{"@type":"CommentAction","name":"Comment","target":["https:\/\/www.fundacionmdp.org\/ca\/la-importancia-de-laccessibilitat-en-els-edificis-dhabitatges-per-a-les-persones-amb-discapacitat\/#respond"]}]},{"@type":"WebPage","@id":"https:\/\/www.fundacionmdp.org\/ca\/la-importancia-de-laccessibilitat-en-els-edificis-dhabitatges-per-a-les-persones-amb-discapacitat\/","url":"https:\/\/www.fundacionmdp.org\/ca\/la-importancia-de-laccessibilitat-en-els-edificis-dhabitatges-per-a-les-persones-amb-discapacitat\/","name":"La import\u00e0ncia de l\u2019accessibilitat en els edificis d\u2019habitatges per a les persones amb discapacitat - Fundaci\u00f3n Mutua de Propietarios","isPartOf":{"@id":"https:\/\/www.fundacionmdp.org\/#website"},"primaryImageOfPage":{"@id":"https:\/\/www.fundacionmdp.org\/ca\/la-importancia-de-laccessibilitat-en-els-edificis-dhabitatges-per-a-les-persones-amb-discapacitat\/#primaryimage"},"image":{"@id":"https:\/\/www.fundacionmdp.org\/ca\/la-importancia-de-laccessibilitat-en-els-edificis-dhabitatges-per-a-les-persones-amb-discapacitat\/#primaryimage"},"thumbnailUrl":"https:\/\/www.fundacionmdp.org\/wp-content\/uploads\/2023\/11\/Nina-interior-ascensor.jpg","datePublished":"2023-11-27T07:00:00+00:00","breadcrumb":{"@id":"https:\/\/www.fundacionmdp.org\/ca\/la-importancia-de-laccessibilitat-en-els-edificis-dhabitatges-per-a-les-persones-amb-discapacitat\/#breadcrumb"},"inLanguage":"ca","potentialAction":[{"@type":"ReadAction","target":["https:\/\/www.fundacionmdp.org\/ca\/la-importancia-de-laccessibilitat-en-els-edificis-dhabitatges-per-a-les-persones-amb-discapacitat\/"]}]},{"@type":"ImageObject","inLanguage":"ca","@id":"https:\/\/www.fundacionmdp.org\/ca\/la-importancia-de-laccessibilitat-en-els-edificis-dhabitatges-per-a-les-persones-amb-discapacitat\/#primaryimage","url":"https:\/\/www.fundacionmdp.org\/wp-content\/uploads\/2023\/11\/Nina-interior-ascensor.jpg","contentUrl":"https:\/\/www.fundacionmdp.org\/wp-content\/uploads\/2023\/11\/Nina-interior-ascensor.jpg","width":1000,"height":667},{"@type":"BreadcrumbList","@id":"https:\/\/www.fundacionmdp.org\/ca\/la-importancia-de-laccessibilitat-en-els-edificis-dhabitatges-per-a-les-persones-amb-discapacitat\/#breadcrumb","itemListElement":[{"@type":"ListItem","position":1,"name":"Home","item":"https:\/\/www.fundacionmdp.org\/ca\/"},{"@type":"ListItem","position":2,"name":"La import\u00e0ncia de l\u2019accessibilitat en els edificis d\u2019habitatges per a les persones amb discapacitat"}]},{"@type":"WebSite","@id":"https:\/\/www.fundacionmdp.org\/#website","url":"https:\/\/www.fundacionmdp.org\/","name":"Fundaci\u00f3n Mutua de Propietarios","description":"En la Fundaci\u00f3n Mutua de Propietarios te ayudamos a convertir tu edificio de viviendas en un espacio sin barreras arquitect\u00f3nicas.","publisher":{"@id":"https:\/\/www.fundacionmdp.org\/#organization"},"potentialAction":[{"@type":"SearchAction","target":{"@type":"EntryPoint","urlTemplate":"https:\/\/www.fundacionmdp.org\/?s={search_term_string}"},"query-input":{"@type":"PropertyValueSpecification","valueRequired":true,"valueName":"search_term_string"}}],"inLanguage":"ca"},{"@type":"Organization","@id":"https:\/\/www.fundacionmdp.org\/#organization","name":"Fundaci\u00f3n Mutua de Propietarios","url":"https:\/\/www.fundacionmdp.org\/","logo":{"@type":"ImageObject","inLanguage":"ca","@id":"https:\/\/www.fundacionmdp.org\/#\/schema\/logo\/image\/","url":"https:\/\/www.fundacionmdp.org\/wp-content\/uploads\/2023\/05\/logo_FMdP_cat.png","contentUrl":"https:\/\/www.fundacionmdp.org\/wp-content\/uploads\/2023\/05\/logo_FMdP_cat.png","width":655,"height":297,"caption":"Fundaci\u00f3n Mutua de Propietarios"},"image":{"@id":"https:\/\/www.fundacionmdp.org\/#\/schema\/logo\/image\/"}},{"@type":"Person","@id":"https:\/\/www.fundacionmdp.org\/#\/schema\/person\/12f9af801cac25dfcb5a96cb0090f703","name":"fundacionmdp","image":{"@type":"ImageObject","inLanguage":"ca","@id":"https:\/\/secure.gravatar.com\/avatar\/b540f93d1816a14d85e51109d050c3243b98fb660a665f517a6d2597cff3bbed?s=96&d=mm&r=g","url":"https:\/\/secure.gravatar.com\/avatar\/b540f93d1816a14d85e51109d050c3243b98fb660a665f517a6d2597cff3bbed?s=96&d=mm&r=g","contentUrl":"https:\/\/secure.gravatar.com\/avatar\/b540f93d1816a14d85e51109d050c3243b98fb660a665f517a6d2597cff3bbed?s=96&d=mm&r=g","caption":"fundacionmdp"},"sameAs":["http:\/\/prezuk.com.mialias.net\/fundacionmdp"],"url":"https:\/\/www.fundacionmdp.org\/ca\/author\/fundacionmdp\/"}]}},"_links":{"self":[{"href":"https:\/\/www.fundacionmdp.org\/ca\/wp-json\/wp\/v2\/posts\/9432","targetHints":{"allow":["GET"]}}],"collection":[{"href":"https:\/\/www.fundacionmdp.org\/ca\/wp-json\/wp\/v2\/posts"}],"about":[{"href":"https:\/\/www.fundacionmdp.org\/ca\/wp-json\/wp\/v2\/types\/post"}],"author":[{"embeddable":true,"href":"https:\/\/www.fundacionmdp.org\/ca\/wp-json\/wp\/v2\/users\/1"}],"replies":[{"embeddable":true,"href":"https:\/\/www.fundacionmdp.org\/ca\/wp-json\/wp\/v2\/comments?post=9432"}],"version-history":[{"count":6,"href":"https:\/\/www.fundacionmdp.org\/ca\/wp-json\/wp\/v2\/posts\/9432\/revisions"}],"predecessor-version":[{"id":9443,"href":"https:\/\/www.fundacionmdp.org\/ca\/wp-json\/wp\/v2\/posts\/9432\/revisions\/9443"}],"wp:featuredmedia":[{"embeddable":true,"href":"https:\/\/www.fundacionmdp.org\/ca\/wp-json\/wp\/v2\/media\/9427"}],"wp:attachment":[{"href":"https:\/\/www.fundacionmdp.org\/ca\/wp-json\/wp\/v2\/media?parent=9432"}],"wp:term":[{"taxonomy":"category","embeddable":true,"href":"https:\/\/www.fundacionmdp.org\/ca\/wp-json\/wp\/v2\/categories?post=9432"},{"taxonomy":"post_tag","embeddable":true,"href":"https:\/\/www.fundacionmdp.org\/ca\/wp-json\/wp\/v2\/tags?post=9432"}],"curies":[{"name":"wp","href":"https:\/\/api.w.org\/{rel}","templated":true}]}}