{"id":9454,"date":"2023-11-27T12:52:41","date_gmt":"2023-11-27T10:52:41","guid":{"rendered":"https:\/\/www.fundacionmdp.org\/?p=9454"},"modified":"2023-11-27T12:52:01","modified_gmt":"2023-11-27T10:52:01","slug":"babel-i-fundacio-mutua-de-propietarios-faciliten-laccessibilitat-a-habitatges-per-a-persones-amb-mobilitat-reduida","status":"publish","type":"post","link":"https:\/\/www.fundacionmdp.org\/ca\/babel-i-fundacio-mutua-de-propietarios-faciliten-laccessibilitat-a-habitatges-per-a-persones-amb-mobilitat-reduida\/","title":{"rendered":"Babel i Fundaci\u00f3 Mutua de Propietarios faciliten l\u2019accessibilitat a habitatges per a persones amb mobilitat redu\u00efda"},"content":{"rendered":"\t\t<div data-elementor-type=\"wp-post\" data-elementor-id=\"9454\" class=\"elementor elementor-9454 elementor-9444\">\n\t\t\t\t<div class=\"elementor-element elementor-element-ef5b9e3 e-flex e-con-boxed e-con e-parent\" data-id=\"ef5b9e3\" data-element_type=\"container\" data-e-type=\"container\">\n\t\t\t\t\t<div class=\"e-con-inner\">\n\t\t\t\t<div class=\"elementor-element elementor-element-fa71f2e elementor-widget elementor-widget-text-editor\" data-id=\"fa71f2e\" data-element_type=\"widget\" data-e-type=\"widget\" data-widget_type=\"text-editor.default\">\n\t\t\t\t<div class=\"elementor-widget-container\">\n\t\t\t\t\t\t\t\t\t<ul>\n<li><em>El nou sistema implantat per la consultora millora l&#8217;acc\u00e9s a les ajudes econ\u00f2miques del programa Sense Barreres de la Fundaci\u00f3.<\/em><\/li>\n<\/ul>\n<ul>\n<li><em>Facilita la tramitaci\u00f3 de les ajudes amb una gesti\u00f3 centralitzada i automatitzada de les sol\u00b7licituds<\/em><\/li>\n<\/ul>\n<ul>\n<li><em>Des de la seva creaci\u00f3, el programa ha beneficiat a 457 persones i 1.398 habitatges, millorant significativament l&#8217;accessibilitat<\/em><\/li>\n<\/ul>\n<p><strong>Madrid, 23 de novembre de 2023. <\/strong>Babel, multinacional espanyola especialitzada en solucions i serveis de transformaci\u00f3 digital, i una de les deu principals consultores tecnol\u00f2giques de capital espanyol, ha dut a terme un projecte tecnol\u00f2gic en Fundaci\u00f3 Mutua de Propietarios per a facilitar l&#8217;acc\u00e9s de persones amb mobilitat redu\u00efda als seus habitatges. Mitjan\u00e7ant una plataforma de programari cloud basada en tecnologia lowcode, la consultora tecnol\u00f2gica ha facilitat la tramitaci\u00f3 de les ajudes del programa Sense Barreres, del qual des de la seva creaci\u00f3 s&#8217;han beneficiat 457 persones i 1.398 habitatges.<\/p>\n<p>La Fundaci\u00f3 Mutua de Propietarios \u00e9s una instituci\u00f3 sense \u00e0nim de lucre que treballa per a millorar la qualitat de vida de les persones amb mobilitat redu\u00efda, impulsant l&#8217;accessibilitat en els edificis d&#8217;habitatges. Per a aix\u00f2 compta amb el programa Sense Barreres, que ofereix ajudes econ\u00f2miques per a la realitzaci\u00f3 d&#8217;obres de millora per a col\u00b7lectius de persones majors i amb problemes de mobilitat, del qual fins al moment s&#8217;han beneficiat 457 persones i 1.398 habitatges. Amb la finalitat de facilitar els tr\u00e0mits de gesti\u00f3 de les subvencions, la Fundaci\u00f3 es planteja la creaci\u00f3 d&#8217;un nou canal en l\u00ednia i responsive de presentaci\u00f3 telem\u00e0tica, millorar la comunicaci\u00f3 amb el sol\u00b7licitant de manera digital i omnicanal i reduir tasques manuals, com la generaci\u00f3 de contingut o resoluci\u00f3 de les ajudes.<\/p>\n<p><strong>Gesti\u00f3 centralitzada i automatitzada de sol\u00b7licituds<\/strong><\/p>\n<p>A m\u00e9s, la implementaci\u00f3 del sistema basat en lowcode en la plataforma de sol\u00b7licituds en el programa <em>Sense Barreres de la Fundaci\u00f3 Mutua de Propietarios<\/em> ha perm\u00e8s una gesti\u00f3 centralitzada i automatitzada de les sol\u00b7licituds, des de la seva creaci\u00f3 fins a la seva resoluci\u00f3, facilitant aix\u00ed la tramitaci\u00f3 de les ajudes. La nova plataforma ha perm\u00e8s millorar la comunicaci\u00f3 digital i omnicanal amb els sol\u00b7licitants. Aquesta modernitzaci\u00f3 ha suposat una notable disminuci\u00f3 de tasques manuals i una millor gesti\u00f3 del programa d&#8217;ajudes, contribuint a una major efici\u00e8ncia i efic\u00e0cia en el lliurament de serveis.<\/p>\n<p><em>\u201cAquest projecte representa, sens dubte, una fita en el nostre comprom\u00eds amb la Responsabilitat Social Corporativa i la innovaci\u00f3 social\u201d,<\/em> afirma Josep Solbes \u201c<em>Amb aquest projecte no sols hem aconseguit millorar l&#8217;accessibilitat als habitatges, sin\u00f3 tamb\u00e9 establir un nou model de col\u00b7laboraci\u00f3 entre les TI i el sector social, demostrant que la tecnologia pot ser un gran aliat en la soluci\u00f3 de problemes socials rellevants avui dia, com en aquest cas, que persones amb problemes de mobilitat puguin tenir acc\u00e9s als seus habitatges amb unes condicions que estiguin plenament adaptades a les seves necessitats\u201d<\/em>.<\/p>\n<p>Per part seva, Laura L\u00f3pez Demarbre, vicepresidenta executiva de Fundaci\u00f3 Mutua de Propietarios, destaca que <em>\u201cLa col\u00b7laboraci\u00f3 entre Babel i la Fundaci\u00f3 Mutua de Propietarios no sols beneficia directament a les comunitats de ve\u00efns i persones amb mobilitat redu\u00efda, sin\u00f3 que suposa un pas m\u00e9s a l&#8217;hora de combinar Responsabilitat Social Empresarial amb aven\u00e7os tecnol\u00f2gics\u201d.<\/em><\/p>\n<p><strong>Sobre Babel<\/strong><\/p>\n<p>Babel \u00e9s una multinacional tecnol\u00f2gica d&#8217;origen espanyol especialitzada en solucions de transformaci\u00f3 digital. La signatura t\u00e9 vocaci\u00f3 de ser un referent en la prestaci\u00f3 de serveis dirigits a grans empreses i organismes p\u00fablics, caracteritzats per la qualitat en el servei, la confian\u00e7a dels seus clients i el comprom\u00eds dels seus professionals. Actualment, se situa entre les 10 primeres consultores tecnol\u00f2giques de capital espanyol, t\u00e9 m\u00e9s de 3.300 professionals i va facturar en el passat exercici 142 milions d&#8217;euros. Enguany preveu superar els 180 milions d&#8217;euros de xifra de negoci.<\/p>\n<p>La multinacional compta amb un model societari diferencial, amb socis treballadors amb forta vinculaci\u00f3 amb el grup. La transpar\u00e8ncia i la comunicaci\u00f3 s\u00f3n elements que la diferencien de la seva compet\u00e8ncia. Oferir als treballadors una carrera professional a llarg termini, en la qual es valorin els m\u00e8rits individuals, \u00e9s una de les seves missions. <a href=\"https:\/\/www.babelgroup.com\/\">www.babelgroup.com\u202f<\/a><\/p>\n<p><br \/><strong>Contacte per a mitjans de comunicaci\u00f3:<\/strong><\/p>\n<p><strong>Atrevia<\/strong><\/p>\n<p>Pepe Mart\u00edn \/ <a href=\"mailto:pmartin@atrevia.com\">pmartin@atrevia.com<\/a><\/p>\n<p>Luc\u00eda Aparicio \/ <a href=\"mailto:laparicio@atrevia.com\">laparicio@atrevia.com<\/a><\/p>\n<p><strong>Babel<\/strong><\/p>\n<p>Carmen Vargas \/ carmen.vargas@babelgroup.com<\/p>\n<p><strong>\u00a0<\/strong><strong><em>Sobre la Fundaci\u00f3 Mutua de Propietarios<\/em><\/strong><\/p>\n<p>La Fundaci\u00f3 Mutua de Propietarios \u00e9s una instituci\u00f3 no lucrativa creada per l&#8217;asseguradora M\u00fatua de Propietaris amb la missi\u00f3 de millorar la qualitat de vida de les persones amb mobilitat redu\u00efda facilitant l&#8217;accessibilitat a l&#8217;habitatge i el seu entorn. Les \u00e0rees principals en les quals la Fundaci\u00f3 M\u00fatua de Propietaris desenvolupa les seves activitats s\u00f3n l&#8217;accessibilitat, mitjan\u00e7ant l&#8217;eliminaci\u00f3 de barreres arquitect\u00f2niques i la sensibilitzaci\u00f3 dels actors socials i pol\u00edtics decisors en aquesta mat\u00e8ria; l&#8217;acci\u00f3 i inclusi\u00f3 social, mitjan\u00e7ant el disseny d&#8217;activitats que afavoreixin la integraci\u00f3 i la qualitat de vida de les persones amb mobilitat redu\u00efda, i la innovaci\u00f3, amb la finalitat d&#8217;afavorir la integraci\u00f3 de les noves tecnologies per a millorar les condicions de vida a les persones amb mobilitat redu\u00efda. <a href=\"http:\/\/www.fundacionmdp.org\/ca\/\">www.fundacionmdp.org\/ca<\/a><\/p>\n<p>\u00a0<\/p>\t\t\t\t\t\t\t\t<\/div>\n\t\t\t\t<\/div>\n\t\t\t\t\t<\/div>\n\t\t\t\t<\/div>\n\t\t\t\t<\/div>\n\t\t","protected":false},"excerpt":{"rendered":"<p>El nou sistema implantat per la consultora millora l&#8217;acc\u00e9s a les ajudes econ\u00f2miques del programa Sense Barreres de la Fundaci\u00f3. Facilita la tramitaci\u00f3 de les ajudes amb una gesti\u00f3 centralitzada i automatitzada de les sol\u00b7licituds Des de la seva creaci\u00f3, el programa ha beneficiat a 457 persones i 1.398 habitatges, millorant significativament l&#8217;accessibilitat Madrid, 23 [&hellip;]<\/p>\n","protected":false},"author":1,"featured_media":9446,"comment_status":"open","ping_status":"open","sticky":false,"template":"","format":"standard","meta":{"_acf_changed":false,"ocean_post_layout":"","ocean_both_sidebars_style":"","ocean_both_sidebars_content_width":0,"ocean_both_sidebars_sidebars_width":0,"ocean_sidebar":"","ocean_second_sidebar":"","ocean_disable_margins":"enable","ocean_add_body_class":"","ocean_shortcode_before_top_bar":"","ocean_shortcode_after_top_bar":"","ocean_shortcode_before_header":"","ocean_shortcode_after_header":"","ocean_has_shortcode":"","ocean_shortcode_after_title":"","ocean_shortcode_before_footer_widgets":"","ocean_shortcode_after_footer_widgets":"","ocean_shortcode_before_footer_bottom":"","ocean_shortcode_after_footer_bottom":"","ocean_display_top_bar":"default","ocean_display_header":"default","ocean_header_style":"","ocean_center_header_left_menu":"","ocean_custom_header_template":"","ocean_custom_logo":0,"ocean_custom_retina_logo":0,"ocean_custom_logo_max_width":0,"ocean_custom_logo_tablet_max_width":0,"ocean_custom_logo_mobile_max_width":0,"ocean_custom_logo_max_height":0,"ocean_custom_logo_tablet_max_height":0,"ocean_custom_logo_mobile_max_height":0,"ocean_header_custom_menu":"","ocean_menu_typo_font_family":"","ocean_menu_typo_font_subset":"","ocean_menu_typo_font_size":0,"ocean_menu_typo_font_size_tablet":0,"ocean_menu_typo_font_size_mobile":0,"ocean_menu_typo_font_size_unit":"px","ocean_menu_typo_font_weight":"","ocean_menu_typo_font_weight_tablet":"","ocean_menu_typo_font_weight_mobile":"","ocean_menu_typo_transform":"","ocean_menu_typo_transform_tablet":"","ocean_menu_typo_transform_mobile":"","ocean_menu_typo_line_height":0,"ocean_menu_typo_line_height_tablet":0,"ocean_menu_typo_line_height_mobile":0,"ocean_menu_typo_line_height_unit":"","ocean_menu_typo_spacing":0,"ocean_menu_typo_spacing_tablet":0,"ocean_menu_typo_spacing_mobile":0,"ocean_menu_typo_spacing_unit":"","ocean_menu_link_color":"","ocean_menu_link_color_hover":"","ocean_menu_link_color_active":"","ocean_menu_link_background":"","ocean_menu_link_hover_background":"","ocean_menu_link_active_background":"","ocean_menu_social_links_bg":"","ocean_menu_social_hover_links_bg":"","ocean_menu_social_links_color":"","ocean_menu_social_hover_links_color":"","ocean_disable_title":"default","ocean_disable_heading":"default","ocean_post_title":"","ocean_post_subheading":"","ocean_post_title_style":"","ocean_post_title_background_color":"","ocean_post_title_background":0,"ocean_post_title_bg_image_position":"","ocean_post_title_bg_image_attachment":"","ocean_post_title_bg_image_repeat":"","ocean_post_title_bg_image_size":"","ocean_post_title_height":0,"ocean_post_title_bg_overlay":0.5,"ocean_post_title_bg_overlay_color":"","ocean_disable_breadcrumbs":"default","ocean_breadcrumbs_color":"","ocean_breadcrumbs_separator_color":"","ocean_breadcrumbs_links_color":"","ocean_breadcrumbs_links_hover_color":"","ocean_display_footer_widgets":"default","ocean_display_footer_bottom":"default","ocean_custom_footer_template":"","ocean_post_oembed":"","ocean_post_self_hosted_media":"","ocean_post_video_embed":"","ocean_link_format":"","ocean_link_format_target":"self","ocean_quote_format":"","ocean_quote_format_link":"post","ocean_gallery_link_images":"off","ocean_gallery_id":[],"footnotes":""},"categories":[1],"tags":[],"class_list":["post-9454","post","type-post","status-publish","format-standard","has-post-thumbnail","hentry","category-sin-categorizar","entry","has-media"],"acf":[],"yoast_head":"<!-- This site is optimized with the Yoast SEO plugin v27.3 - https:\/\/yoast.com\/product\/yoast-seo-wordpress\/ -->\n<title>Babel i Fundaci\u00f3 Mutua de Propietarios faciliten l\u2019accessibilitat a habitatges per a persones amb mobilitat redu\u00efda - Fundaci\u00f3n Mutua de Propietarios<\/title>\n<meta name=\"robots\" content=\"index, follow, max-snippet:-1, max-image-preview:large, max-video-preview:-1\" \/>\n<link rel=\"canonical\" href=\"https:\/\/www.fundacionmdp.org\/babel-y-fundacion-mutua-de-propietarios-facilitan-la-accesibilidad-a-viviendas-para-personas-con-movilidad-reducida\/\" \/>\n<meta property=\"og:locale\" content=\"ca_ES\" \/>\n<meta property=\"og:type\" content=\"article\" \/>\n<meta property=\"og:title\" content=\"Babel i Fundaci\u00f3 Mutua de Propietarios faciliten l\u2019accessibilitat a habitatges per a persones amb mobilitat redu\u00efda - Fundaci\u00f3n Mutua de Propietarios\" \/>\n<meta property=\"og:description\" content=\"El nou sistema implantat per la consultora millora l&#8217;acc\u00e9s a les ajudes econ\u00f2miques del programa Sense Barreres de la Fundaci\u00f3. Facilita la tramitaci\u00f3 de les ajudes amb una gesti\u00f3 centralitzada i automatitzada de les sol\u00b7licituds Des de la seva creaci\u00f3, el programa ha beneficiat a 457 persones i 1.398 habitatges, millorant significativament l&#8217;accessibilitat Madrid, 23 [&hellip;]\" \/>\n<meta property=\"og:url\" content=\"https:\/\/www.fundacionmdp.org\/babel-y-fundacion-mutua-de-propietarios-facilitan-la-accesibilidad-a-viviendas-para-personas-con-movilidad-reducida\/\" \/>\n<meta property=\"og:site_name\" content=\"Fundaci\u00f3n Mutua de Propietarios\" \/>\n<meta property=\"article:published_time\" content=\"2023-11-27T10:52:41+00:00\" \/>\n<meta property=\"og:image\" content=\"https:\/\/www.fundacionmdp.org\/wp-content\/uploads\/2023\/11\/20231120_Foto_BabelFMP-rotated.jpg\" \/>\n\t<meta property=\"og:image:width\" content=\"1530\" \/>\n\t<meta property=\"og:image:height\" content=\"2040\" \/>\n\t<meta property=\"og:image:type\" content=\"image\/jpeg\" \/>\n<meta name=\"author\" content=\"fundacionmdp\" \/>\n<meta name=\"twitter:card\" content=\"summary_large_image\" \/>\n<meta name=\"twitter:label1\" content=\"Escrit per\" \/>\n\t<meta name=\"twitter:data1\" content=\"fundacionmdp\" \/>\n\t<meta name=\"twitter:label2\" content=\"Temps estimat de lectura\" \/>\n\t<meta name=\"twitter:data2\" content=\"4 minuts\" \/>\n<script type=\"application\/ld+json\" class=\"yoast-schema-graph\">{\"@context\":\"https:\\\/\\\/schema.org\",\"@graph\":[{\"@type\":\"Article\",\"@id\":\"https:\\\/\\\/www.fundacionmdp.org\\\/babel-y-fundacion-mutua-de-propietarios-facilitan-la-accesibilidad-a-viviendas-para-personas-con-movilidad-reducida\\\/#article\",\"isPartOf\":{\"@id\":\"https:\\\/\\\/www.fundacionmdp.org\\\/babel-y-fundacion-mutua-de-propietarios-facilitan-la-accesibilidad-a-viviendas-para-personas-con-movilidad-reducida\\\/\"},\"author\":{\"name\":\"fundacionmdp\",\"@id\":\"https:\\\/\\\/www.fundacionmdp.org\\\/#\\\/schema\\\/person\\\/12f9af801cac25dfcb5a96cb0090f703\"},\"headline\":\"Babel i Fundaci\u00f3 Mutua de Propietarios faciliten l\u2019accessibilitat a habitatges per a persones amb mobilitat redu\u00efda\",\"datePublished\":\"2023-11-27T10:52:41+00:00\",\"mainEntityOfPage\":{\"@id\":\"https:\\\/\\\/www.fundacionmdp.org\\\/babel-y-fundacion-mutua-de-propietarios-facilitan-la-accesibilidad-a-viviendas-para-personas-con-movilidad-reducida\\\/\"},\"wordCount\":913,\"commentCount\":0,\"publisher\":{\"@id\":\"https:\\\/\\\/www.fundacionmdp.org\\\/#organization\"},\"image\":{\"@id\":\"https:\\\/\\\/www.fundacionmdp.org\\\/babel-y-fundacion-mutua-de-propietarios-facilitan-la-accesibilidad-a-viviendas-para-personas-con-movilidad-reducida\\\/#primaryimage\"},\"thumbnailUrl\":\"https:\\\/\\\/www.fundacionmdp.org\\\/wp-content\\\/uploads\\\/2023\\\/11\\\/20231120_Foto_BabelFMP-rotated.jpg\",\"articleSection\":[\"Sin categorizar\"],\"inLanguage\":\"ca\",\"potentialAction\":[{\"@type\":\"CommentAction\",\"name\":\"Comment\",\"target\":[\"https:\\\/\\\/www.fundacionmdp.org\\\/babel-y-fundacion-mutua-de-propietarios-facilitan-la-accesibilidad-a-viviendas-para-personas-con-movilidad-reducida\\\/#respond\"]}]},{\"@type\":\"WebPage\",\"@id\":\"https:\\\/\\\/www.fundacionmdp.org\\\/babel-y-fundacion-mutua-de-propietarios-facilitan-la-accesibilidad-a-viviendas-para-personas-con-movilidad-reducida\\\/\",\"url\":\"https:\\\/\\\/www.fundacionmdp.org\\\/babel-y-fundacion-mutua-de-propietarios-facilitan-la-accesibilidad-a-viviendas-para-personas-con-movilidad-reducida\\\/\",\"name\":\"Babel i Fundaci\u00f3 Mutua de Propietarios faciliten l\u2019accessibilitat a habitatges per a persones amb mobilitat redu\u00efda - Fundaci\u00f3n Mutua de Propietarios\",\"isPartOf\":{\"@id\":\"https:\\\/\\\/www.fundacionmdp.org\\\/#website\"},\"primaryImageOfPage\":{\"@id\":\"https:\\\/\\\/www.fundacionmdp.org\\\/babel-y-fundacion-mutua-de-propietarios-facilitan-la-accesibilidad-a-viviendas-para-personas-con-movilidad-reducida\\\/#primaryimage\"},\"image\":{\"@id\":\"https:\\\/\\\/www.fundacionmdp.org\\\/babel-y-fundacion-mutua-de-propietarios-facilitan-la-accesibilidad-a-viviendas-para-personas-con-movilidad-reducida\\\/#primaryimage\"},\"thumbnailUrl\":\"https:\\\/\\\/www.fundacionmdp.org\\\/wp-content\\\/uploads\\\/2023\\\/11\\\/20231120_Foto_BabelFMP-rotated.jpg\",\"datePublished\":\"2023-11-27T10:52:41+00:00\",\"breadcrumb\":{\"@id\":\"https:\\\/\\\/www.fundacionmdp.org\\\/babel-y-fundacion-mutua-de-propietarios-facilitan-la-accesibilidad-a-viviendas-para-personas-con-movilidad-reducida\\\/#breadcrumb\"},\"inLanguage\":\"ca\",\"potentialAction\":[{\"@type\":\"ReadAction\",\"target\":[\"https:\\\/\\\/www.fundacionmdp.org\\\/babel-y-fundacion-mutua-de-propietarios-facilitan-la-accesibilidad-a-viviendas-para-personas-con-movilidad-reducida\\\/\"]}]},{\"@type\":\"ImageObject\",\"inLanguage\":\"ca\",\"@id\":\"https:\\\/\\\/www.fundacionmdp.org\\\/babel-y-fundacion-mutua-de-propietarios-facilitan-la-accesibilidad-a-viviendas-para-personas-con-movilidad-reducida\\\/#primaryimage\",\"url\":\"https:\\\/\\\/www.fundacionmdp.org\\\/wp-content\\\/uploads\\\/2023\\\/11\\\/20231120_Foto_BabelFMP-rotated.jpg\",\"contentUrl\":\"https:\\\/\\\/www.fundacionmdp.org\\\/wp-content\\\/uploads\\\/2023\\\/11\\\/20231120_Foto_BabelFMP-rotated.jpg\",\"width\":1530,\"height\":2040},{\"@type\":\"BreadcrumbList\",\"@id\":\"https:\\\/\\\/www.fundacionmdp.org\\\/babel-y-fundacion-mutua-de-propietarios-facilitan-la-accesibilidad-a-viviendas-para-personas-con-movilidad-reducida\\\/#breadcrumb\",\"itemListElement\":[{\"@type\":\"ListItem\",\"position\":1,\"name\":\"Home\",\"item\":\"https:\\\/\\\/www.fundacionmdp.org\\\/ca\\\/\"},{\"@type\":\"ListItem\",\"position\":2,\"name\":\"Babel i Fundaci\u00f3 Mutua de Propietarios faciliten l\u2019accessibilitat a habitatges per a persones amb mobilitat redu\u00efda\"}]},{\"@type\":\"WebSite\",\"@id\":\"https:\\\/\\\/www.fundacionmdp.org\\\/#website\",\"url\":\"https:\\\/\\\/www.fundacionmdp.org\\\/\",\"name\":\"Fundaci\u00f3n Mutua de Propietarios\",\"description\":\"En la Fundaci\u00f3n Mutua de Propietarios te ayudamos a convertir tu edificio de viviendas en un espacio sin barreras arquitect\u00f3nicas.\",\"publisher\":{\"@id\":\"https:\\\/\\\/www.fundacionmdp.org\\\/#organization\"},\"potentialAction\":[{\"@type\":\"SearchAction\",\"target\":{\"@type\":\"EntryPoint\",\"urlTemplate\":\"https:\\\/\\\/www.fundacionmdp.org\\\/?s={search_term_string}\"},\"query-input\":{\"@type\":\"PropertyValueSpecification\",\"valueRequired\":true,\"valueName\":\"search_term_string\"}}],\"inLanguage\":\"ca\"},{\"@type\":\"Organization\",\"@id\":\"https:\\\/\\\/www.fundacionmdp.org\\\/#organization\",\"name\":\"Fundaci\u00f3n Mutua de Propietarios\",\"url\":\"https:\\\/\\\/www.fundacionmdp.org\\\/\",\"logo\":{\"@type\":\"ImageObject\",\"inLanguage\":\"ca\",\"@id\":\"https:\\\/\\\/www.fundacionmdp.org\\\/#\\\/schema\\\/logo\\\/image\\\/\",\"url\":\"https:\\\/\\\/www.fundacionmdp.org\\\/wp-content\\\/uploads\\\/2023\\\/05\\\/logo_FMdP_cat.png\",\"contentUrl\":\"https:\\\/\\\/www.fundacionmdp.org\\\/wp-content\\\/uploads\\\/2023\\\/05\\\/logo_FMdP_cat.png\",\"width\":655,\"height\":297,\"caption\":\"Fundaci\u00f3n Mutua de Propietarios\"},\"image\":{\"@id\":\"https:\\\/\\\/www.fundacionmdp.org\\\/#\\\/schema\\\/logo\\\/image\\\/\"}},{\"@type\":\"Person\",\"@id\":\"https:\\\/\\\/www.fundacionmdp.org\\\/#\\\/schema\\\/person\\\/12f9af801cac25dfcb5a96cb0090f703\",\"name\":\"fundacionmdp\",\"image\":{\"@type\":\"ImageObject\",\"inLanguage\":\"ca\",\"@id\":\"https:\\\/\\\/secure.gravatar.com\\\/avatar\\\/b540f93d1816a14d85e51109d050c3243b98fb660a665f517a6d2597cff3bbed?s=96&d=mm&r=g\",\"url\":\"https:\\\/\\\/secure.gravatar.com\\\/avatar\\\/b540f93d1816a14d85e51109d050c3243b98fb660a665f517a6d2597cff3bbed?s=96&d=mm&r=g\",\"contentUrl\":\"https:\\\/\\\/secure.gravatar.com\\\/avatar\\\/b540f93d1816a14d85e51109d050c3243b98fb660a665f517a6d2597cff3bbed?s=96&d=mm&r=g\",\"caption\":\"fundacionmdp\"},\"sameAs\":[\"http:\\\/\\\/prezuk.com.mialias.net\\\/fundacionmdp\"],\"url\":\"https:\\\/\\\/www.fundacionmdp.org\\\/ca\\\/author\\\/fundacionmdp\\\/\"}]}<\/script>\n<!-- \/ Yoast SEO plugin. -->","yoast_head_json":{"title":"Babel i Fundaci\u00f3 Mutua de Propietarios faciliten l\u2019accessibilitat a habitatges per a persones amb mobilitat redu\u00efda - Fundaci\u00f3n Mutua de Propietarios","robots":{"index":"index","follow":"follow","max-snippet":"max-snippet:-1","max-image-preview":"max-image-preview:large","max-video-preview":"max-video-preview:-1"},"canonical":"https:\/\/www.fundacionmdp.org\/babel-y-fundacion-mutua-de-propietarios-facilitan-la-accesibilidad-a-viviendas-para-personas-con-movilidad-reducida\/","og_locale":"ca_ES","og_type":"article","og_title":"Babel i Fundaci\u00f3 Mutua de Propietarios faciliten l\u2019accessibilitat a habitatges per a persones amb mobilitat redu\u00efda - Fundaci\u00f3n Mutua de Propietarios","og_description":"El nou sistema implantat per la consultora millora l&#8217;acc\u00e9s a les ajudes econ\u00f2miques del programa Sense Barreres de la Fundaci\u00f3. Facilita la tramitaci\u00f3 de les ajudes amb una gesti\u00f3 centralitzada i automatitzada de les sol\u00b7licituds Des de la seva creaci\u00f3, el programa ha beneficiat a 457 persones i 1.398 habitatges, millorant significativament l&#8217;accessibilitat Madrid, 23 [&hellip;]","og_url":"https:\/\/www.fundacionmdp.org\/babel-y-fundacion-mutua-de-propietarios-facilitan-la-accesibilidad-a-viviendas-para-personas-con-movilidad-reducida\/","og_site_name":"Fundaci\u00f3n Mutua de Propietarios","article_published_time":"2023-11-27T10:52:41+00:00","og_image":[{"width":1530,"height":2040,"url":"https:\/\/www.fundacionmdp.org\/wp-content\/uploads\/2023\/11\/20231120_Foto_BabelFMP-rotated.jpg","type":"image\/jpeg"}],"author":"fundacionmdp","twitter_card":"summary_large_image","twitter_misc":{"Escrit per":"fundacionmdp","Temps estimat de lectura":"4 minuts"},"schema":{"@context":"https:\/\/schema.org","@graph":[{"@type":"Article","@id":"https:\/\/www.fundacionmdp.org\/babel-y-fundacion-mutua-de-propietarios-facilitan-la-accesibilidad-a-viviendas-para-personas-con-movilidad-reducida\/#article","isPartOf":{"@id":"https:\/\/www.fundacionmdp.org\/babel-y-fundacion-mutua-de-propietarios-facilitan-la-accesibilidad-a-viviendas-para-personas-con-movilidad-reducida\/"},"author":{"name":"fundacionmdp","@id":"https:\/\/www.fundacionmdp.org\/#\/schema\/person\/12f9af801cac25dfcb5a96cb0090f703"},"headline":"Babel i Fundaci\u00f3 Mutua de Propietarios faciliten l\u2019accessibilitat a habitatges per a persones amb mobilitat redu\u00efda","datePublished":"2023-11-27T10:52:41+00:00","mainEntityOfPage":{"@id":"https:\/\/www.fundacionmdp.org\/babel-y-fundacion-mutua-de-propietarios-facilitan-la-accesibilidad-a-viviendas-para-personas-con-movilidad-reducida\/"},"wordCount":913,"commentCount":0,"publisher":{"@id":"https:\/\/www.fundacionmdp.org\/#organization"},"image":{"@id":"https:\/\/www.fundacionmdp.org\/babel-y-fundacion-mutua-de-propietarios-facilitan-la-accesibilidad-a-viviendas-para-personas-con-movilidad-reducida\/#primaryimage"},"thumbnailUrl":"https:\/\/www.fundacionmdp.org\/wp-content\/uploads\/2023\/11\/20231120_Foto_BabelFMP-rotated.jpg","articleSection":["Sin categorizar"],"inLanguage":"ca","potentialAction":[{"@type":"CommentAction","name":"Comment","target":["https:\/\/www.fundacionmdp.org\/babel-y-fundacion-mutua-de-propietarios-facilitan-la-accesibilidad-a-viviendas-para-personas-con-movilidad-reducida\/#respond"]}]},{"@type":"WebPage","@id":"https:\/\/www.fundacionmdp.org\/babel-y-fundacion-mutua-de-propietarios-facilitan-la-accesibilidad-a-viviendas-para-personas-con-movilidad-reducida\/","url":"https:\/\/www.fundacionmdp.org\/babel-y-fundacion-mutua-de-propietarios-facilitan-la-accesibilidad-a-viviendas-para-personas-con-movilidad-reducida\/","name":"Babel i Fundaci\u00f3 Mutua de Propietarios faciliten l\u2019accessibilitat a habitatges per a persones amb mobilitat redu\u00efda - Fundaci\u00f3n Mutua de Propietarios","isPartOf":{"@id":"https:\/\/www.fundacionmdp.org\/#website"},"primaryImageOfPage":{"@id":"https:\/\/www.fundacionmdp.org\/babel-y-fundacion-mutua-de-propietarios-facilitan-la-accesibilidad-a-viviendas-para-personas-con-movilidad-reducida\/#primaryimage"},"image":{"@id":"https:\/\/www.fundacionmdp.org\/babel-y-fundacion-mutua-de-propietarios-facilitan-la-accesibilidad-a-viviendas-para-personas-con-movilidad-reducida\/#primaryimage"},"thumbnailUrl":"https:\/\/www.fundacionmdp.org\/wp-content\/uploads\/2023\/11\/20231120_Foto_BabelFMP-rotated.jpg","datePublished":"2023-11-27T10:52:41+00:00","breadcrumb":{"@id":"https:\/\/www.fundacionmdp.org\/babel-y-fundacion-mutua-de-propietarios-facilitan-la-accesibilidad-a-viviendas-para-personas-con-movilidad-reducida\/#breadcrumb"},"inLanguage":"ca","potentialAction":[{"@type":"ReadAction","target":["https:\/\/www.fundacionmdp.org\/babel-y-fundacion-mutua-de-propietarios-facilitan-la-accesibilidad-a-viviendas-para-personas-con-movilidad-reducida\/"]}]},{"@type":"ImageObject","inLanguage":"ca","@id":"https:\/\/www.fundacionmdp.org\/babel-y-fundacion-mutua-de-propietarios-facilitan-la-accesibilidad-a-viviendas-para-personas-con-movilidad-reducida\/#primaryimage","url":"https:\/\/www.fundacionmdp.org\/wp-content\/uploads\/2023\/11\/20231120_Foto_BabelFMP-rotated.jpg","contentUrl":"https:\/\/www.fundacionmdp.org\/wp-content\/uploads\/2023\/11\/20231120_Foto_BabelFMP-rotated.jpg","width":1530,"height":2040},{"@type":"BreadcrumbList","@id":"https:\/\/www.fundacionmdp.org\/babel-y-fundacion-mutua-de-propietarios-facilitan-la-accesibilidad-a-viviendas-para-personas-con-movilidad-reducida\/#breadcrumb","itemListElement":[{"@type":"ListItem","position":1,"name":"Home","item":"https:\/\/www.fundacionmdp.org\/ca\/"},{"@type":"ListItem","position":2,"name":"Babel i Fundaci\u00f3 Mutua de Propietarios faciliten l\u2019accessibilitat a habitatges per a persones amb mobilitat redu\u00efda"}]},{"@type":"WebSite","@id":"https:\/\/www.fundacionmdp.org\/#website","url":"https:\/\/www.fundacionmdp.org\/","name":"Fundaci\u00f3n Mutua de Propietarios","description":"En la Fundaci\u00f3n Mutua de Propietarios te ayudamos a convertir tu edificio de viviendas en un espacio sin barreras arquitect\u00f3nicas.","publisher":{"@id":"https:\/\/www.fundacionmdp.org\/#organization"},"potentialAction":[{"@type":"SearchAction","target":{"@type":"EntryPoint","urlTemplate":"https:\/\/www.fundacionmdp.org\/?s={search_term_string}"},"query-input":{"@type":"PropertyValueSpecification","valueRequired":true,"valueName":"search_term_string"}}],"inLanguage":"ca"},{"@type":"Organization","@id":"https:\/\/www.fundacionmdp.org\/#organization","name":"Fundaci\u00f3n Mutua de Propietarios","url":"https:\/\/www.fundacionmdp.org\/","logo":{"@type":"ImageObject","inLanguage":"ca","@id":"https:\/\/www.fundacionmdp.org\/#\/schema\/logo\/image\/","url":"https:\/\/www.fundacionmdp.org\/wp-content\/uploads\/2023\/05\/logo_FMdP_cat.png","contentUrl":"https:\/\/www.fundacionmdp.org\/wp-content\/uploads\/2023\/05\/logo_FMdP_cat.png","width":655,"height":297,"caption":"Fundaci\u00f3n Mutua de Propietarios"},"image":{"@id":"https:\/\/www.fundacionmdp.org\/#\/schema\/logo\/image\/"}},{"@type":"Person","@id":"https:\/\/www.fundacionmdp.org\/#\/schema\/person\/12f9af801cac25dfcb5a96cb0090f703","name":"fundacionmdp","image":{"@type":"ImageObject","inLanguage":"ca","@id":"https:\/\/secure.gravatar.com\/avatar\/b540f93d1816a14d85e51109d050c3243b98fb660a665f517a6d2597cff3bbed?s=96&d=mm&r=g","url":"https:\/\/secure.gravatar.com\/avatar\/b540f93d1816a14d85e51109d050c3243b98fb660a665f517a6d2597cff3bbed?s=96&d=mm&r=g","contentUrl":"https:\/\/secure.gravatar.com\/avatar\/b540f93d1816a14d85e51109d050c3243b98fb660a665f517a6d2597cff3bbed?s=96&d=mm&r=g","caption":"fundacionmdp"},"sameAs":["http:\/\/prezuk.com.mialias.net\/fundacionmdp"],"url":"https:\/\/www.fundacionmdp.org\/ca\/author\/fundacionmdp\/"}]}},"_links":{"self":[{"href":"https:\/\/www.fundacionmdp.org\/ca\/wp-json\/wp\/v2\/posts\/9454","targetHints":{"allow":["GET"]}}],"collection":[{"href":"https:\/\/www.fundacionmdp.org\/ca\/wp-json\/wp\/v2\/posts"}],"about":[{"href":"https:\/\/www.fundacionmdp.org\/ca\/wp-json\/wp\/v2\/types\/post"}],"author":[{"embeddable":true,"href":"https:\/\/www.fundacionmdp.org\/ca\/wp-json\/wp\/v2\/users\/1"}],"replies":[{"embeddable":true,"href":"https:\/\/www.fundacionmdp.org\/ca\/wp-json\/wp\/v2\/comments?post=9454"}],"version-history":[{"count":8,"href":"https:\/\/www.fundacionmdp.org\/ca\/wp-json\/wp\/v2\/posts\/9454\/revisions"}],"predecessor-version":[{"id":9462,"href":"https:\/\/www.fundacionmdp.org\/ca\/wp-json\/wp\/v2\/posts\/9454\/revisions\/9462"}],"wp:featuredmedia":[{"embeddable":true,"href":"https:\/\/www.fundacionmdp.org\/ca\/wp-json\/wp\/v2\/media\/9446"}],"wp:attachment":[{"href":"https:\/\/www.fundacionmdp.org\/ca\/wp-json\/wp\/v2\/media?parent=9454"}],"wp:term":[{"taxonomy":"category","embeddable":true,"href":"https:\/\/www.fundacionmdp.org\/ca\/wp-json\/wp\/v2\/categories?post=9454"},{"taxonomy":"post_tag","embeddable":true,"href":"https:\/\/www.fundacionmdp.org\/ca\/wp-json\/wp\/v2\/tags?post=9454"}],"curies":[{"name":"wp","href":"https:\/\/api.w.org\/{rel}","templated":true}]}}