{"id":9534,"date":"2023-12-19T12:58:15","date_gmt":"2023-12-19T10:58:15","guid":{"rendered":"https:\/\/www.fundacionmdp.org\/?p=9534"},"modified":"2023-12-19T18:37:52","modified_gmt":"2023-12-19T16:37:52","slug":"una-experiencia-immersiva-per-a-posar-se-a-la-pell-del-que-senten-les-persones-amb-mobilitat-reduida-davant-les-barreres-arquitectoniques","status":"publish","type":"post","link":"https:\/\/www.fundacionmdp.org\/ca\/una-experiencia-immersiva-per-a-posar-se-a-la-pell-del-que-senten-les-persones-amb-mobilitat-reduida-davant-les-barreres-arquitectoniques\/","title":{"rendered":"UNA EXPERI\u00c8NCIA IMMERSIVA PER A POSAR-SE A LA PELL DEL QUE SENTEN LES PERSONES AMB MOBILITAT REDU\u00cfDA DAVANT LES BARRERES\u00a0ARQUITECT\u00d2NIQUES"},"content":{"rendered":"\n<p>La Fundaci\u00f3 Mutua de Propietarios ha presentat avui el projecte \u201cAccessibilitat Virtual als edificis d&#8217;habitatges\u201d, una experi\u00e8ncia educativa immersiva en el camp de l&#8217;accessibilitat que utilitza la realitat virtual per a mostrar les dificultats a les quals s&#8217;enfronten les persones amb mobilitat redu\u00efda per a accedir al seu habitatge.<\/p>\n\n\n\n<p>\u201cVolem que els usuaris percebin aquesta sensaci\u00f3 de frustraci\u00f3 el m\u00e9s real possible, per a donar visibilitat a com se senten les persones que no poden superar les barreres arquitect\u00f2niques d&#8217;una manera aut\u00f2noma i que, en moltes ocasions, els impedeix sortir de la seva casa o fer-ho amb l&#8217;ajuda d&#8217;alg\u00fa. El fet de no poder moure tot el cos i sentir que no ets independent, \u00e9s el que ajuda a generar aquesta conscienciaci\u00f3 sobre la import\u00e0ncia de tenir uns edificis d&#8217;habitatges accessibles\u201d, explica Laura L\u00f3pez&nbsp;Demarbre, vicepresidenta executiva de la Fundaci\u00f3 Mutua de Propietarios.<\/p>\n\n\n\n<p><br>A trav\u00e9s d&#8217;unes ulleres de realitat virtual, l&#8217;experi\u00e8ncia consisteix a realitzar un itinerari des del portal fins a la porta de l&#8217;habitatge observant les diferents barreres arquitect\u00f2niques amb les quals es pot trobar una persona amb mobilitat redu\u00efda, aix\u00ed com les solucions per a eliminar-les.<\/p>\n\n\n\n<p>D&#8217;acord amb els estudis de la Fundaci\u00f3 Mutua de Propietarios, el 87% dels edificis d&#8217;habitatges catalans necessitarien dur a terme actuacions d&#8217;eliminaci\u00f3 de les barreres arquitect\u00f2niques per a millorar la seva accessibilitat. En concret, un 17% necessita instal\u00b7lar un ascensor i el 25% una rampa per a salvar el gra\u00f3 d&#8217;acc\u00e9s al portal; el 56% t\u00e9 porters autom\u00e0tics no accessibles des d&#8217;una cadira de rodes; 2 de cada 3 tenen les b\u00fasties elevades i el 48% dels portals necessita un&nbsp;obre portes&nbsp;motoritzat perqu\u00e8 pesa massa.<\/p>\n\n\n\n<p><strong><em><br>Tecnologia per a avan\u00e7ar i educar<\/em><\/strong><\/p>\n\n\n\n<p><br>En l\u00ednia amb el Pla Estrat\u00e8gic definit per als pr\u00f2xims anys, la Fundaci\u00f3 Mutua de Propietarios continua impulsant el seu programa \u2018Tecnologia i Innovaci\u00f3\u2019 amb el que ve desenvolupant eines, aplicacions i estructures que han contribu\u00eft de manera efectiva a fer accessible l&#8217;itinerari des de la via p\u00fablica a l&#8217;habitatge.<\/p>\n\n\n\n<p><br>\u201cLa Fundaci\u00f3 Mutua de Propietarios vol avan\u00e7ar en els seus projectes i activitats apostant tamb\u00e9 per les noves tecnologies, per a continuar conscienciant i sensibilitzant dels problemes de l&#8217;accessibilitat a l&#8217;habitatge, captant l&#8217;atenci\u00f3 de la societat i, de manera especial, del p\u00fablic m\u00e9s jove perqu\u00e8 coneguin la import\u00e0ncia d&#8217;invertir avui en accessibilitat per a comptar dem\u00e0 amb una millor qualitat de vida\u201d, va assenyalar L\u00f3pez&nbsp;Demarbre.<\/p>\n\n\n\n<p><br>L&#8217;aplicaci\u00f3 de realitat virtual de la Fundaci\u00f3 Mutua de Propietarios ha estat desenvolupada amb la col\u00b7laboraci\u00f3 de C95&nbsp;Creative,&nbsp;amb la tecnologia&nbsp;Unreal&nbsp;Engine&nbsp;i dissenyada espec\u00edficament per a les ulleres de realitat virtual&nbsp;Quest&nbsp;2, que proporcionen als usuaris una experi\u00e8ncia \u00fanica.<\/p>\n\n\n\n<p>Immersos en un entorn virtual, els usuaris es troben amb desafiadores barreres f\u00edsiques als edificis que simulen situacions del m\u00f3n real, podent interactuar de manera intu\u00eftiva amb l&#8217;entorn, i aplicar solucions per a resoldre barreres arquitect\u00f2niques. L&#8217;aplicaci\u00f3 no sols ofereix una experi\u00e8ncia visual envolupant gr\u00e0cies al C95&nbsp;Creative&nbsp;i la pot\u00e8ncia gr\u00e0fica d\u2019&nbsp;Unreal&nbsp;Engine, sin\u00f3 que tamb\u00e9 aprofita al m\u00e0xim les capacitats de seguiment de moviment i controladors de les ulleres per a viure de primera m\u00e0 el que senten les persones amb mobilitat redu\u00efda davant les barreres arquitect\u00f2niques als seus edificis.<strong><\/strong><\/p>\n\n\n\n<figure class=\"wp-block-gallery has-nested-images columns-default is-cropped wp-block-gallery-1 is-layout-flex wp-block-gallery-is-layout-flex\">\n<figure class=\"wp-block-image size-large\"><img fetchpriority=\"high\" decoding=\"async\" width=\"768\" height=\"1024\" data-id=\"9536\" src=\"https:\/\/www.fundacionmdp.org\/wp-content\/uploads\/2023\/12\/Foto-seleccionada-5-1-768x1024.jpg\" alt=\"\" class=\"wp-image-9536\" srcset=\"https:\/\/www.fundacionmdp.org\/wp-content\/uploads\/2023\/12\/Foto-seleccionada-5-1-768x1024.jpg 768w, https:\/\/www.fundacionmdp.org\/wp-content\/uploads\/2023\/12\/Foto-seleccionada-5-1-225x300.jpg 225w, https:\/\/www.fundacionmdp.org\/wp-content\/uploads\/2023\/12\/Foto-seleccionada-5-1-1152x1536.jpg 1152w, https:\/\/www.fundacionmdp.org\/wp-content\/uploads\/2023\/12\/Foto-seleccionada-5-1.jpg 1200w\" sizes=\"(max-width: 768px) 100vw, 768px\" \/><\/figure>\n\n\n\n<figure class=\"wp-block-image size-large\"><img decoding=\"async\" width=\"768\" height=\"1024\" data-id=\"9539\" src=\"https:\/\/www.fundacionmdp.org\/wp-content\/uploads\/2023\/12\/Foto-seleccionada-4-1-768x1024.jpg\" alt=\"\" class=\"wp-image-9539\" srcset=\"https:\/\/www.fundacionmdp.org\/wp-content\/uploads\/2023\/12\/Foto-seleccionada-4-1-768x1024.jpg 768w, https:\/\/www.fundacionmdp.org\/wp-content\/uploads\/2023\/12\/Foto-seleccionada-4-1-225x300.jpg 225w, https:\/\/www.fundacionmdp.org\/wp-content\/uploads\/2023\/12\/Foto-seleccionada-4-1-1152x1536.jpg 1152w, https:\/\/www.fundacionmdp.org\/wp-content\/uploads\/2023\/12\/Foto-seleccionada-4-1.jpg 1200w\" sizes=\"(max-width: 768px) 100vw, 768px\" \/><\/figure>\n\n\n\n<figure class=\"wp-block-image size-large\"><img decoding=\"async\" width=\"765\" height=\"1024\" data-id=\"9538\" src=\"https:\/\/www.fundacionmdp.org\/wp-content\/uploads\/2023\/12\/Foto-seleccionada-3-1-765x1024.jpg\" alt=\"\" class=\"wp-image-9538\" srcset=\"https:\/\/www.fundacionmdp.org\/wp-content\/uploads\/2023\/12\/Foto-seleccionada-3-1-765x1024.jpg 765w, https:\/\/www.fundacionmdp.org\/wp-content\/uploads\/2023\/12\/Foto-seleccionada-3-1-224x300.jpg 224w, https:\/\/www.fundacionmdp.org\/wp-content\/uploads\/2023\/12\/Foto-seleccionada-3-1-768x1027.jpg 768w, https:\/\/www.fundacionmdp.org\/wp-content\/uploads\/2023\/12\/Foto-seleccionada-3-1-1148x1536.jpg 1148w, https:\/\/www.fundacionmdp.org\/wp-content\/uploads\/2023\/12\/Foto-seleccionada-3-1.jpg 1196w\" sizes=\"(max-width: 765px) 100vw, 765px\" \/><\/figure>\n\n\n\n<figure class=\"wp-block-image size-large\"><img loading=\"lazy\" decoding=\"async\" width=\"768\" height=\"1024\" data-id=\"9543\" src=\"https:\/\/www.fundacionmdp.org\/wp-content\/uploads\/2023\/12\/Foto-seleccionada-2-1-768x1024.jpg\" alt=\"\" class=\"wp-image-9543\" srcset=\"https:\/\/www.fundacionmdp.org\/wp-content\/uploads\/2023\/12\/Foto-seleccionada-2-1-768x1024.jpg 768w, https:\/\/www.fundacionmdp.org\/wp-content\/uploads\/2023\/12\/Foto-seleccionada-2-1-225x300.jpg 225w, https:\/\/www.fundacionmdp.org\/wp-content\/uploads\/2023\/12\/Foto-seleccionada-2-1-1152x1536.jpg 1152w, https:\/\/www.fundacionmdp.org\/wp-content\/uploads\/2023\/12\/Foto-seleccionada-2-1.jpg 1200w\" sizes=\"(max-width: 768px) 100vw, 768px\" \/><\/figure>\n\n\n\n<figure class=\"wp-block-image size-large\"><img loading=\"lazy\" decoding=\"async\" width=\"1024\" height=\"768\" data-id=\"9541\" src=\"https:\/\/www.fundacionmdp.org\/wp-content\/uploads\/2023\/12\/Foto-seleccionada-6-1024x768.jpg\" alt=\"\" class=\"wp-image-9541\" srcset=\"https:\/\/www.fundacionmdp.org\/wp-content\/uploads\/2023\/12\/Foto-seleccionada-6-1024x768.jpg 1024w, https:\/\/www.fundacionmdp.org\/wp-content\/uploads\/2023\/12\/Foto-seleccionada-6-300x225.jpg 300w, https:\/\/www.fundacionmdp.org\/wp-content\/uploads\/2023\/12\/Foto-seleccionada-6-768x576.jpg 768w, https:\/\/www.fundacionmdp.org\/wp-content\/uploads\/2023\/12\/Foto-seleccionada-6-1536x1152.jpg 1536w, https:\/\/www.fundacionmdp.org\/wp-content\/uploads\/2023\/12\/Foto-seleccionada-6.jpg 1600w\" sizes=\"(max-width: 1024px) 100vw, 1024px\" \/><\/figure>\n<\/figure>\n","protected":false},"excerpt":{"rendered":"<p>La Fundaci\u00f3 Mutua de Propietarios ha presentat avui el projecte \u201cAccessibilitat Virtual als edificis d&#8217;habitatges\u201d, una experi\u00e8ncia educativa immersiva en el camp de l&#8217;accessibilitat que utilitza la realitat virtual per a mostrar les dificultats a les quals s&#8217;enfronten les persones amb mobilitat redu\u00efda per a accedir al seu habitatge. \u201cVolem que els usuaris percebin aquesta [&hellip;]<\/p>\n","protected":false},"author":29,"featured_media":9528,"comment_status":"open","ping_status":"open","sticky":false,"template":"","format":"standard","meta":{"_acf_changed":false,"ocean_post_layout":"","ocean_both_sidebars_style":"","ocean_both_sidebars_content_width":0,"ocean_both_sidebars_sidebars_width":0,"ocean_sidebar":"","ocean_second_sidebar":"","ocean_disable_margins":"enable","ocean_add_body_class":"","ocean_shortcode_before_top_bar":"","ocean_shortcode_after_top_bar":"","ocean_shortcode_before_header":"","ocean_shortcode_after_header":"","ocean_has_shortcode":"","ocean_shortcode_after_title":"","ocean_shortcode_before_footer_widgets":"","ocean_shortcode_after_footer_widgets":"","ocean_shortcode_before_footer_bottom":"","ocean_shortcode_after_footer_bottom":"","ocean_display_top_bar":"default","ocean_display_header":"default","ocean_header_style":"","ocean_center_header_left_menu":"","ocean_custom_header_template":"","ocean_custom_logo":0,"ocean_custom_retina_logo":0,"ocean_custom_logo_max_width":0,"ocean_custom_logo_tablet_max_width":0,"ocean_custom_logo_mobile_max_width":0,"ocean_custom_logo_max_height":0,"ocean_custom_logo_tablet_max_height":0,"ocean_custom_logo_mobile_max_height":0,"ocean_header_custom_menu":"","ocean_menu_typo_font_family":"","ocean_menu_typo_font_subset":"","ocean_menu_typo_font_size":0,"ocean_menu_typo_font_size_tablet":0,"ocean_menu_typo_font_size_mobile":0,"ocean_menu_typo_font_size_unit":"px","ocean_menu_typo_font_weight":"","ocean_menu_typo_font_weight_tablet":"","ocean_menu_typo_font_weight_mobile":"","ocean_menu_typo_transform":"","ocean_menu_typo_transform_tablet":"","ocean_menu_typo_transform_mobile":"","ocean_menu_typo_line_height":0,"ocean_menu_typo_line_height_tablet":0,"ocean_menu_typo_line_height_mobile":0,"ocean_menu_typo_line_height_unit":"","ocean_menu_typo_spacing":0,"ocean_menu_typo_spacing_tablet":0,"ocean_menu_typo_spacing_mobile":0,"ocean_menu_typo_spacing_unit":"","ocean_menu_link_color":"","ocean_menu_link_color_hover":"","ocean_menu_link_color_active":"","ocean_menu_link_background":"","ocean_menu_link_hover_background":"","ocean_menu_link_active_background":"","ocean_menu_social_links_bg":"","ocean_menu_social_hover_links_bg":"","ocean_menu_social_links_color":"","ocean_menu_social_hover_links_color":"","ocean_disable_title":"default","ocean_disable_heading":"default","ocean_post_title":"","ocean_post_subheading":"","ocean_post_title_style":"","ocean_post_title_background_color":"","ocean_post_title_background":0,"ocean_post_title_bg_image_position":"","ocean_post_title_bg_image_attachment":"","ocean_post_title_bg_image_repeat":"","ocean_post_title_bg_image_size":"","ocean_post_title_height":0,"ocean_post_title_bg_overlay":0.5,"ocean_post_title_bg_overlay_color":"","ocean_disable_breadcrumbs":"default","ocean_breadcrumbs_color":"","ocean_breadcrumbs_separator_color":"","ocean_breadcrumbs_links_color":"","ocean_breadcrumbs_links_hover_color":"","ocean_display_footer_widgets":"default","ocean_display_footer_bottom":"default","ocean_custom_footer_template":"","ocean_post_oembed":"","ocean_post_self_hosted_media":"","ocean_post_video_embed":"","ocean_link_format":"","ocean_link_format_target":"self","ocean_quote_format":"","ocean_quote_format_link":"post","ocean_gallery_link_images":"on","ocean_gallery_id":[],"footnotes":""},"categories":[1],"tags":[],"class_list":["post-9534","post","type-post","status-publish","format-standard","has-post-thumbnail","hentry","category-sin-categorizar","entry","has-media"],"acf":[],"yoast_head":"<!-- This site is optimized with the Yoast SEO plugin v27.3 - https:\/\/yoast.com\/product\/yoast-seo-wordpress\/ -->\n<title>UNA EXPERI\u00c8NCIA IMMERSIVA PER A POSAR-SE A LA PELL DEL QUE SENTEN LES PERSONES AMB MOBILITAT REDU\u00cfDA DAVANT LES BARRERES\u00a0ARQUITECT\u00d2NIQUES - Fundaci\u00f3n Mutua de Propietarios<\/title>\n<meta name=\"robots\" content=\"index, follow, max-snippet:-1, max-image-preview:large, max-video-preview:-1\" \/>\n<link rel=\"canonical\" href=\"https:\/\/www.fundacionmdp.org\/ca\/una-experiencia-immersiva-per-a-posar-se-a-la-pell-del-que-senten-les-persones-amb-mobilitat-reduida-davant-les-barreres-arquitectoniques\/\" \/>\n<meta property=\"og:locale\" content=\"ca_ES\" \/>\n<meta property=\"og:type\" content=\"article\" \/>\n<meta property=\"og:title\" content=\"UNA EXPERI\u00c8NCIA IMMERSIVA PER A POSAR-SE A LA PELL DEL QUE SENTEN LES PERSONES AMB MOBILITAT REDU\u00cfDA DAVANT LES BARRERES\u00a0ARQUITECT\u00d2NIQUES - Fundaci\u00f3n Mutua de Propietarios\" \/>\n<meta property=\"og:description\" content=\"La Fundaci\u00f3 Mutua de Propietarios ha presentat avui el projecte \u201cAccessibilitat Virtual als edificis d&#8217;habitatges\u201d, una experi\u00e8ncia educativa immersiva en el camp de l&#8217;accessibilitat que utilitza la realitat virtual per a mostrar les dificultats a les quals s&#8217;enfronten les persones amb mobilitat redu\u00efda per a accedir al seu habitatge. \u201cVolem que els usuaris percebin aquesta [&hellip;]\" \/>\n<meta property=\"og:url\" content=\"https:\/\/www.fundacionmdp.org\/ca\/una-experiencia-immersiva-per-a-posar-se-a-la-pell-del-que-senten-les-persones-amb-mobilitat-reduida-davant-les-barreres-arquitectoniques\/\" \/>\n<meta property=\"og:site_name\" content=\"Fundaci\u00f3n Mutua de Propietarios\" \/>\n<meta property=\"article:published_time\" content=\"2023-12-19T10:58:15+00:00\" \/>\n<meta property=\"article:modified_time\" content=\"2023-12-19T16:37:52+00:00\" \/>\n<meta property=\"og:image\" content=\"https:\/\/www.fundacionmdp.org\/wp-content\/uploads\/2023\/12\/Foto-seleccionada-1.jpg\" \/>\n\t<meta property=\"og:image:width\" content=\"1600\" \/>\n\t<meta property=\"og:image:height\" content=\"1200\" \/>\n\t<meta property=\"og:image:type\" content=\"image\/jpeg\" \/>\n<meta name=\"author\" content=\"consultinglasker@gmail.com\" \/>\n<meta name=\"twitter:card\" content=\"summary_large_image\" \/>\n<meta name=\"twitter:label1\" content=\"Escrit per\" \/>\n\t<meta name=\"twitter:data1\" content=\"consultinglasker@gmail.com\" \/>\n\t<meta name=\"twitter:label2\" content=\"Temps estimat de lectura\" \/>\n\t<meta name=\"twitter:data2\" content=\"3 minuts\" \/>\n<script type=\"application\/ld+json\" class=\"yoast-schema-graph\">{\"@context\":\"https:\\\/\\\/schema.org\",\"@graph\":[{\"@type\":\"Article\",\"@id\":\"https:\\\/\\\/www.fundacionmdp.org\\\/ca\\\/una-experiencia-immersiva-per-a-posar-se-a-la-pell-del-que-senten-les-persones-amb-mobilitat-reduida-davant-les-barreres-arquitectoniques\\\/#article\",\"isPartOf\":{\"@id\":\"https:\\\/\\\/www.fundacionmdp.org\\\/ca\\\/una-experiencia-immersiva-per-a-posar-se-a-la-pell-del-que-senten-les-persones-amb-mobilitat-reduida-davant-les-barreres-arquitectoniques\\\/\"},\"author\":{\"name\":\"consultinglasker@gmail.com\",\"@id\":\"https:\\\/\\\/www.fundacionmdp.org\\\/#\\\/schema\\\/person\\\/0a0491f126b8cd8387f8f0da72129079\"},\"headline\":\"UNA EXPERI\u00c8NCIA IMMERSIVA PER A POSAR-SE A LA PELL DEL QUE SENTEN LES PERSONES AMB MOBILITAT REDU\u00cfDA DAVANT LES BARRERES\u00a0ARQUITECT\u00d2NIQUES\",\"datePublished\":\"2023-12-19T10:58:15+00:00\",\"dateModified\":\"2023-12-19T16:37:52+00:00\",\"mainEntityOfPage\":{\"@id\":\"https:\\\/\\\/www.fundacionmdp.org\\\/ca\\\/una-experiencia-immersiva-per-a-posar-se-a-la-pell-del-que-senten-les-persones-amb-mobilitat-reduida-davant-les-barreres-arquitectoniques\\\/\"},\"wordCount\":628,\"commentCount\":0,\"publisher\":{\"@id\":\"https:\\\/\\\/www.fundacionmdp.org\\\/#organization\"},\"image\":{\"@id\":\"https:\\\/\\\/www.fundacionmdp.org\\\/ca\\\/una-experiencia-immersiva-per-a-posar-se-a-la-pell-del-que-senten-les-persones-amb-mobilitat-reduida-davant-les-barreres-arquitectoniques\\\/#primaryimage\"},\"thumbnailUrl\":\"https:\\\/\\\/www.fundacionmdp.org\\\/wp-content\\\/uploads\\\/2023\\\/12\\\/Foto-seleccionada-1.jpg\",\"articleSection\":[\"Sin categorizar\"],\"inLanguage\":\"ca\",\"potentialAction\":[{\"@type\":\"CommentAction\",\"name\":\"Comment\",\"target\":[\"https:\\\/\\\/www.fundacionmdp.org\\\/ca\\\/una-experiencia-immersiva-per-a-posar-se-a-la-pell-del-que-senten-les-persones-amb-mobilitat-reduida-davant-les-barreres-arquitectoniques\\\/#respond\"]}]},{\"@type\":\"WebPage\",\"@id\":\"https:\\\/\\\/www.fundacionmdp.org\\\/ca\\\/una-experiencia-immersiva-per-a-posar-se-a-la-pell-del-que-senten-les-persones-amb-mobilitat-reduida-davant-les-barreres-arquitectoniques\\\/\",\"url\":\"https:\\\/\\\/www.fundacionmdp.org\\\/ca\\\/una-experiencia-immersiva-per-a-posar-se-a-la-pell-del-que-senten-les-persones-amb-mobilitat-reduida-davant-les-barreres-arquitectoniques\\\/\",\"name\":\"UNA EXPERI\u00c8NCIA IMMERSIVA PER A POSAR-SE A LA PELL DEL QUE SENTEN LES PERSONES AMB MOBILITAT REDU\u00cfDA DAVANT LES BARRERES\u00a0ARQUITECT\u00d2NIQUES - Fundaci\u00f3n Mutua de Propietarios\",\"isPartOf\":{\"@id\":\"https:\\\/\\\/www.fundacionmdp.org\\\/#website\"},\"primaryImageOfPage\":{\"@id\":\"https:\\\/\\\/www.fundacionmdp.org\\\/ca\\\/una-experiencia-immersiva-per-a-posar-se-a-la-pell-del-que-senten-les-persones-amb-mobilitat-reduida-davant-les-barreres-arquitectoniques\\\/#primaryimage\"},\"image\":{\"@id\":\"https:\\\/\\\/www.fundacionmdp.org\\\/ca\\\/una-experiencia-immersiva-per-a-posar-se-a-la-pell-del-que-senten-les-persones-amb-mobilitat-reduida-davant-les-barreres-arquitectoniques\\\/#primaryimage\"},\"thumbnailUrl\":\"https:\\\/\\\/www.fundacionmdp.org\\\/wp-content\\\/uploads\\\/2023\\\/12\\\/Foto-seleccionada-1.jpg\",\"datePublished\":\"2023-12-19T10:58:15+00:00\",\"dateModified\":\"2023-12-19T16:37:52+00:00\",\"breadcrumb\":{\"@id\":\"https:\\\/\\\/www.fundacionmdp.org\\\/ca\\\/una-experiencia-immersiva-per-a-posar-se-a-la-pell-del-que-senten-les-persones-amb-mobilitat-reduida-davant-les-barreres-arquitectoniques\\\/#breadcrumb\"},\"inLanguage\":\"ca\",\"potentialAction\":[{\"@type\":\"ReadAction\",\"target\":[\"https:\\\/\\\/www.fundacionmdp.org\\\/ca\\\/una-experiencia-immersiva-per-a-posar-se-a-la-pell-del-que-senten-les-persones-amb-mobilitat-reduida-davant-les-barreres-arquitectoniques\\\/\"]}]},{\"@type\":\"ImageObject\",\"inLanguage\":\"ca\",\"@id\":\"https:\\\/\\\/www.fundacionmdp.org\\\/ca\\\/una-experiencia-immersiva-per-a-posar-se-a-la-pell-del-que-senten-les-persones-amb-mobilitat-reduida-davant-les-barreres-arquitectoniques\\\/#primaryimage\",\"url\":\"https:\\\/\\\/www.fundacionmdp.org\\\/wp-content\\\/uploads\\\/2023\\\/12\\\/Foto-seleccionada-1.jpg\",\"contentUrl\":\"https:\\\/\\\/www.fundacionmdp.org\\\/wp-content\\\/uploads\\\/2023\\\/12\\\/Foto-seleccionada-1.jpg\",\"width\":1600,\"height\":1200},{\"@type\":\"BreadcrumbList\",\"@id\":\"https:\\\/\\\/www.fundacionmdp.org\\\/ca\\\/una-experiencia-immersiva-per-a-posar-se-a-la-pell-del-que-senten-les-persones-amb-mobilitat-reduida-davant-les-barreres-arquitectoniques\\\/#breadcrumb\",\"itemListElement\":[{\"@type\":\"ListItem\",\"position\":1,\"name\":\"Home\",\"item\":\"https:\\\/\\\/www.fundacionmdp.org\\\/ca\\\/\"},{\"@type\":\"ListItem\",\"position\":2,\"name\":\"UNA EXPERI\u00c8NCIA IMMERSIVA PER A POSAR-SE A LA PELL DEL QUE SENTEN LES PERSONES AMB MOBILITAT REDU\u00cfDA DAVANT LES BARRERES\u00a0ARQUITECT\u00d2NIQUES\"}]},{\"@type\":\"WebSite\",\"@id\":\"https:\\\/\\\/www.fundacionmdp.org\\\/#website\",\"url\":\"https:\\\/\\\/www.fundacionmdp.org\\\/\",\"name\":\"Fundaci\u00f3n Mutua de Propietarios\",\"description\":\"En la Fundaci\u00f3n Mutua de Propietarios te ayudamos a convertir tu edificio de viviendas en un espacio sin barreras arquitect\u00f3nicas.\",\"publisher\":{\"@id\":\"https:\\\/\\\/www.fundacionmdp.org\\\/#organization\"},\"potentialAction\":[{\"@type\":\"SearchAction\",\"target\":{\"@type\":\"EntryPoint\",\"urlTemplate\":\"https:\\\/\\\/www.fundacionmdp.org\\\/?s={search_term_string}\"},\"query-input\":{\"@type\":\"PropertyValueSpecification\",\"valueRequired\":true,\"valueName\":\"search_term_string\"}}],\"inLanguage\":\"ca\"},{\"@type\":\"Organization\",\"@id\":\"https:\\\/\\\/www.fundacionmdp.org\\\/#organization\",\"name\":\"Fundaci\u00f3n Mutua de Propietarios\",\"url\":\"https:\\\/\\\/www.fundacionmdp.org\\\/\",\"logo\":{\"@type\":\"ImageObject\",\"inLanguage\":\"ca\",\"@id\":\"https:\\\/\\\/www.fundacionmdp.org\\\/#\\\/schema\\\/logo\\\/image\\\/\",\"url\":\"https:\\\/\\\/www.fundacionmdp.org\\\/wp-content\\\/uploads\\\/2023\\\/05\\\/logo_FMdP_cat.png\",\"contentUrl\":\"https:\\\/\\\/www.fundacionmdp.org\\\/wp-content\\\/uploads\\\/2023\\\/05\\\/logo_FMdP_cat.png\",\"width\":655,\"height\":297,\"caption\":\"Fundaci\u00f3n Mutua de Propietarios\"},\"image\":{\"@id\":\"https:\\\/\\\/www.fundacionmdp.org\\\/#\\\/schema\\\/logo\\\/image\\\/\"}},{\"@type\":\"Person\",\"@id\":\"https:\\\/\\\/www.fundacionmdp.org\\\/#\\\/schema\\\/person\\\/0a0491f126b8cd8387f8f0da72129079\",\"name\":\"consultinglasker@gmail.com\",\"image\":{\"@type\":\"ImageObject\",\"inLanguage\":\"ca\",\"@id\":\"https:\\\/\\\/secure.gravatar.com\\\/avatar\\\/7a939fbe5ab9abbba5f8a779e3054b4bee69cfadd53950db933d836ae1fc6281?s=96&d=mm&r=g\",\"url\":\"https:\\\/\\\/secure.gravatar.com\\\/avatar\\\/7a939fbe5ab9abbba5f8a779e3054b4bee69cfadd53950db933d836ae1fc6281?s=96&d=mm&r=g\",\"contentUrl\":\"https:\\\/\\\/secure.gravatar.com\\\/avatar\\\/7a939fbe5ab9abbba5f8a779e3054b4bee69cfadd53950db933d836ae1fc6281?s=96&d=mm&r=g\",\"caption\":\"consultinglasker@gmail.com\"},\"url\":\"https:\\\/\\\/www.fundacionmdp.org\\\/ca\\\/author\\\/consultinglaskergmail-com\\\/\"}]}<\/script>\n<!-- \/ Yoast SEO plugin. -->","yoast_head_json":{"title":"UNA EXPERI\u00c8NCIA IMMERSIVA PER A POSAR-SE A LA PELL DEL QUE SENTEN LES PERSONES AMB MOBILITAT REDU\u00cfDA DAVANT LES BARRERES\u00a0ARQUITECT\u00d2NIQUES - Fundaci\u00f3n Mutua de Propietarios","robots":{"index":"index","follow":"follow","max-snippet":"max-snippet:-1","max-image-preview":"max-image-preview:large","max-video-preview":"max-video-preview:-1"},"canonical":"https:\/\/www.fundacionmdp.org\/ca\/una-experiencia-immersiva-per-a-posar-se-a-la-pell-del-que-senten-les-persones-amb-mobilitat-reduida-davant-les-barreres-arquitectoniques\/","og_locale":"ca_ES","og_type":"article","og_title":"UNA EXPERI\u00c8NCIA IMMERSIVA PER A POSAR-SE A LA PELL DEL QUE SENTEN LES PERSONES AMB MOBILITAT REDU\u00cfDA DAVANT LES BARRERES\u00a0ARQUITECT\u00d2NIQUES - Fundaci\u00f3n Mutua de Propietarios","og_description":"La Fundaci\u00f3 Mutua de Propietarios ha presentat avui el projecte \u201cAccessibilitat Virtual als edificis d&#8217;habitatges\u201d, una experi\u00e8ncia educativa immersiva en el camp de l&#8217;accessibilitat que utilitza la realitat virtual per a mostrar les dificultats a les quals s&#8217;enfronten les persones amb mobilitat redu\u00efda per a accedir al seu habitatge. \u201cVolem que els usuaris percebin aquesta [&hellip;]","og_url":"https:\/\/www.fundacionmdp.org\/ca\/una-experiencia-immersiva-per-a-posar-se-a-la-pell-del-que-senten-les-persones-amb-mobilitat-reduida-davant-les-barreres-arquitectoniques\/","og_site_name":"Fundaci\u00f3n Mutua de Propietarios","article_published_time":"2023-12-19T10:58:15+00:00","article_modified_time":"2023-12-19T16:37:52+00:00","og_image":[{"width":1600,"height":1200,"url":"https:\/\/www.fundacionmdp.org\/wp-content\/uploads\/2023\/12\/Foto-seleccionada-1.jpg","type":"image\/jpeg"}],"author":"consultinglasker@gmail.com","twitter_card":"summary_large_image","twitter_misc":{"Escrit per":"consultinglasker@gmail.com","Temps estimat de lectura":"3 minuts"},"schema":{"@context":"https:\/\/schema.org","@graph":[{"@type":"Article","@id":"https:\/\/www.fundacionmdp.org\/ca\/una-experiencia-immersiva-per-a-posar-se-a-la-pell-del-que-senten-les-persones-amb-mobilitat-reduida-davant-les-barreres-arquitectoniques\/#article","isPartOf":{"@id":"https:\/\/www.fundacionmdp.org\/ca\/una-experiencia-immersiva-per-a-posar-se-a-la-pell-del-que-senten-les-persones-amb-mobilitat-reduida-davant-les-barreres-arquitectoniques\/"},"author":{"name":"consultinglasker@gmail.com","@id":"https:\/\/www.fundacionmdp.org\/#\/schema\/person\/0a0491f126b8cd8387f8f0da72129079"},"headline":"UNA EXPERI\u00c8NCIA IMMERSIVA PER A POSAR-SE A LA PELL DEL QUE SENTEN LES PERSONES AMB MOBILITAT REDU\u00cfDA DAVANT LES BARRERES\u00a0ARQUITECT\u00d2NIQUES","datePublished":"2023-12-19T10:58:15+00:00","dateModified":"2023-12-19T16:37:52+00:00","mainEntityOfPage":{"@id":"https:\/\/www.fundacionmdp.org\/ca\/una-experiencia-immersiva-per-a-posar-se-a-la-pell-del-que-senten-les-persones-amb-mobilitat-reduida-davant-les-barreres-arquitectoniques\/"},"wordCount":628,"commentCount":0,"publisher":{"@id":"https:\/\/www.fundacionmdp.org\/#organization"},"image":{"@id":"https:\/\/www.fundacionmdp.org\/ca\/una-experiencia-immersiva-per-a-posar-se-a-la-pell-del-que-senten-les-persones-amb-mobilitat-reduida-davant-les-barreres-arquitectoniques\/#primaryimage"},"thumbnailUrl":"https:\/\/www.fundacionmdp.org\/wp-content\/uploads\/2023\/12\/Foto-seleccionada-1.jpg","articleSection":["Sin categorizar"],"inLanguage":"ca","potentialAction":[{"@type":"CommentAction","name":"Comment","target":["https:\/\/www.fundacionmdp.org\/ca\/una-experiencia-immersiva-per-a-posar-se-a-la-pell-del-que-senten-les-persones-amb-mobilitat-reduida-davant-les-barreres-arquitectoniques\/#respond"]}]},{"@type":"WebPage","@id":"https:\/\/www.fundacionmdp.org\/ca\/una-experiencia-immersiva-per-a-posar-se-a-la-pell-del-que-senten-les-persones-amb-mobilitat-reduida-davant-les-barreres-arquitectoniques\/","url":"https:\/\/www.fundacionmdp.org\/ca\/una-experiencia-immersiva-per-a-posar-se-a-la-pell-del-que-senten-les-persones-amb-mobilitat-reduida-davant-les-barreres-arquitectoniques\/","name":"UNA EXPERI\u00c8NCIA IMMERSIVA PER A POSAR-SE A LA PELL DEL QUE SENTEN LES PERSONES AMB MOBILITAT REDU\u00cfDA DAVANT LES BARRERES\u00a0ARQUITECT\u00d2NIQUES - Fundaci\u00f3n Mutua de Propietarios","isPartOf":{"@id":"https:\/\/www.fundacionmdp.org\/#website"},"primaryImageOfPage":{"@id":"https:\/\/www.fundacionmdp.org\/ca\/una-experiencia-immersiva-per-a-posar-se-a-la-pell-del-que-senten-les-persones-amb-mobilitat-reduida-davant-les-barreres-arquitectoniques\/#primaryimage"},"image":{"@id":"https:\/\/www.fundacionmdp.org\/ca\/una-experiencia-immersiva-per-a-posar-se-a-la-pell-del-que-senten-les-persones-amb-mobilitat-reduida-davant-les-barreres-arquitectoniques\/#primaryimage"},"thumbnailUrl":"https:\/\/www.fundacionmdp.org\/wp-content\/uploads\/2023\/12\/Foto-seleccionada-1.jpg","datePublished":"2023-12-19T10:58:15+00:00","dateModified":"2023-12-19T16:37:52+00:00","breadcrumb":{"@id":"https:\/\/www.fundacionmdp.org\/ca\/una-experiencia-immersiva-per-a-posar-se-a-la-pell-del-que-senten-les-persones-amb-mobilitat-reduida-davant-les-barreres-arquitectoniques\/#breadcrumb"},"inLanguage":"ca","potentialAction":[{"@type":"ReadAction","target":["https:\/\/www.fundacionmdp.org\/ca\/una-experiencia-immersiva-per-a-posar-se-a-la-pell-del-que-senten-les-persones-amb-mobilitat-reduida-davant-les-barreres-arquitectoniques\/"]}]},{"@type":"ImageObject","inLanguage":"ca","@id":"https:\/\/www.fundacionmdp.org\/ca\/una-experiencia-immersiva-per-a-posar-se-a-la-pell-del-que-senten-les-persones-amb-mobilitat-reduida-davant-les-barreres-arquitectoniques\/#primaryimage","url":"https:\/\/www.fundacionmdp.org\/wp-content\/uploads\/2023\/12\/Foto-seleccionada-1.jpg","contentUrl":"https:\/\/www.fundacionmdp.org\/wp-content\/uploads\/2023\/12\/Foto-seleccionada-1.jpg","width":1600,"height":1200},{"@type":"BreadcrumbList","@id":"https:\/\/www.fundacionmdp.org\/ca\/una-experiencia-immersiva-per-a-posar-se-a-la-pell-del-que-senten-les-persones-amb-mobilitat-reduida-davant-les-barreres-arquitectoniques\/#breadcrumb","itemListElement":[{"@type":"ListItem","position":1,"name":"Home","item":"https:\/\/www.fundacionmdp.org\/ca\/"},{"@type":"ListItem","position":2,"name":"UNA EXPERI\u00c8NCIA IMMERSIVA PER A POSAR-SE A LA PELL DEL QUE SENTEN LES PERSONES AMB MOBILITAT REDU\u00cfDA DAVANT LES BARRERES\u00a0ARQUITECT\u00d2NIQUES"}]},{"@type":"WebSite","@id":"https:\/\/www.fundacionmdp.org\/#website","url":"https:\/\/www.fundacionmdp.org\/","name":"Fundaci\u00f3n Mutua de Propietarios","description":"En la Fundaci\u00f3n Mutua de Propietarios te ayudamos a convertir tu edificio de viviendas en un espacio sin barreras arquitect\u00f3nicas.","publisher":{"@id":"https:\/\/www.fundacionmdp.org\/#organization"},"potentialAction":[{"@type":"SearchAction","target":{"@type":"EntryPoint","urlTemplate":"https:\/\/www.fundacionmdp.org\/?s={search_term_string}"},"query-input":{"@type":"PropertyValueSpecification","valueRequired":true,"valueName":"search_term_string"}}],"inLanguage":"ca"},{"@type":"Organization","@id":"https:\/\/www.fundacionmdp.org\/#organization","name":"Fundaci\u00f3n Mutua de Propietarios","url":"https:\/\/www.fundacionmdp.org\/","logo":{"@type":"ImageObject","inLanguage":"ca","@id":"https:\/\/www.fundacionmdp.org\/#\/schema\/logo\/image\/","url":"https:\/\/www.fundacionmdp.org\/wp-content\/uploads\/2023\/05\/logo_FMdP_cat.png","contentUrl":"https:\/\/www.fundacionmdp.org\/wp-content\/uploads\/2023\/05\/logo_FMdP_cat.png","width":655,"height":297,"caption":"Fundaci\u00f3n Mutua de Propietarios"},"image":{"@id":"https:\/\/www.fundacionmdp.org\/#\/schema\/logo\/image\/"}},{"@type":"Person","@id":"https:\/\/www.fundacionmdp.org\/#\/schema\/person\/0a0491f126b8cd8387f8f0da72129079","name":"consultinglasker@gmail.com","image":{"@type":"ImageObject","inLanguage":"ca","@id":"https:\/\/secure.gravatar.com\/avatar\/7a939fbe5ab9abbba5f8a779e3054b4bee69cfadd53950db933d836ae1fc6281?s=96&d=mm&r=g","url":"https:\/\/secure.gravatar.com\/avatar\/7a939fbe5ab9abbba5f8a779e3054b4bee69cfadd53950db933d836ae1fc6281?s=96&d=mm&r=g","contentUrl":"https:\/\/secure.gravatar.com\/avatar\/7a939fbe5ab9abbba5f8a779e3054b4bee69cfadd53950db933d836ae1fc6281?s=96&d=mm&r=g","caption":"consultinglasker@gmail.com"},"url":"https:\/\/www.fundacionmdp.org\/ca\/author\/consultinglaskergmail-com\/"}]}},"_links":{"self":[{"href":"https:\/\/www.fundacionmdp.org\/ca\/wp-json\/wp\/v2\/posts\/9534","targetHints":{"allow":["GET"]}}],"collection":[{"href":"https:\/\/www.fundacionmdp.org\/ca\/wp-json\/wp\/v2\/posts"}],"about":[{"href":"https:\/\/www.fundacionmdp.org\/ca\/wp-json\/wp\/v2\/types\/post"}],"author":[{"embeddable":true,"href":"https:\/\/www.fundacionmdp.org\/ca\/wp-json\/wp\/v2\/users\/29"}],"replies":[{"embeddable":true,"href":"https:\/\/www.fundacionmdp.org\/ca\/wp-json\/wp\/v2\/comments?post=9534"}],"version-history":[{"count":2,"href":"https:\/\/www.fundacionmdp.org\/ca\/wp-json\/wp\/v2\/posts\/9534\/revisions"}],"predecessor-version":[{"id":9546,"href":"https:\/\/www.fundacionmdp.org\/ca\/wp-json\/wp\/v2\/posts\/9534\/revisions\/9546"}],"wp:featuredmedia":[{"embeddable":true,"href":"https:\/\/www.fundacionmdp.org\/ca\/wp-json\/wp\/v2\/media\/9528"}],"wp:attachment":[{"href":"https:\/\/www.fundacionmdp.org\/ca\/wp-json\/wp\/v2\/media?parent=9534"}],"wp:term":[{"taxonomy":"category","embeddable":true,"href":"https:\/\/www.fundacionmdp.org\/ca\/wp-json\/wp\/v2\/categories?post=9534"},{"taxonomy":"post_tag","embeddable":true,"href":"https:\/\/www.fundacionmdp.org\/ca\/wp-json\/wp\/v2\/tags?post=9534"}],"curies":[{"name":"wp","href":"https:\/\/api.w.org\/{rel}","templated":true}]}}