{"id":9668,"date":"2024-02-13T10:21:43","date_gmt":"2024-02-13T08:21:43","guid":{"rendered":"https:\/\/www.fundacionmdp.org\/?p=9668"},"modified":"2024-02-13T10:23:45","modified_gmt":"2024-02-13T08:23:45","slug":"memoria-de-actividades-y-balance-2023","status":"publish","type":"post","link":"https:\/\/www.fundacionmdp.org\/ca\/memoria-de-actividades-y-balance-2023\/","title":{"rendered":"MEM\u00d2RIA D\u2019ACTIVITATS I BALAN\u00c7 2023"},"content":{"rendered":"\t\t<div data-elementor-type=\"wp-post\" data-elementor-id=\"9668\" class=\"elementor elementor-9668 elementor-9661\">\n\t\t\t\t<div class=\"elementor-element elementor-element-fb03fe0 e-flex e-con-boxed e-con e-parent\" data-id=\"fb03fe0\" data-element_type=\"container\" data-e-type=\"container\">\n\t\t\t\t\t<div class=\"e-con-inner\">\n\t\t\t\t<div class=\"elementor-element elementor-element-6e3c271 elementor-widget elementor-widget-text-editor\" data-id=\"6e3c271\" data-element_type=\"widget\" data-e-type=\"widget\" data-widget_type=\"text-editor.default\">\n\t\t\t\t<div class=\"elementor-widget-container\">\n\t\t\t\t\t\t\t\t\t<p><strong>El programa \u2018Sense Barreres\u2019 ha fet possible que 450 persones amb mobilitat redu\u00efda puguin <\/strong><strong>accedir de manera aut\u00f2noma a casa seva <br \/><\/strong><\/p><p><span style=\"color: #800000;\"><strong>M\u00c9S DE 1.400 HABITATGES S&#8217;HAN BENEFICIAT DE LES AJUDES A L&#8217;ACCESSIBILITAT DE LA FUNDACI\u00d3 MUTUA DE PROPIETARIOS<\/strong><\/span><\/p><p><strong>La Calculadora de l&#8217;Accessibilitat presentada en 2023 ha perm\u00e8s als ciutadans estimar els costos de les obres d&#8217;eliminaci\u00f3 de les barreres arquitect\u00f2niques al seu edifici<\/strong><\/p><p><strong>Madrid, 13 de febrer de 2024\u2013 <\/strong>La Fundaci\u00f3 Mutua de Propietarios ha concedit, a trav\u00e9s del seu programa \u2018<strong>Sense Barreres\u2019<\/strong>, 1.163.670 \u20ac en ajudes econ\u00f2miques per a millorar l&#8217;accessibilitat dels edificis d&#8217;habitatges, fomentant la realitzaci\u00f3 de 5,5M\u20ac en obres d&#8217;accessibilitat de les quals s&#8217;han beneficiat un total de 1.400 habitatges i 3.500 ve\u00efns.<\/p><p>D&#8217;acord amb el balan\u00e7 anual presentat per l&#8217;entitat, aquest programa ha fet possible que 450 persones amb mobilitat redu\u00efda puguin accedir de manera aut\u00f2noma a casa seva gr\u00e0cies a la instal\u00b7laci\u00f3 d&#8217;ascensors, plataformes o rampes per a eliminar les barreres arquitect\u00f2niques.<\/p><p>En l&#8217;\u00e0mbit de la Innovaci\u00f3 i la Tecnologia, durant l\u2019any 2023 la Fundaci\u00f3 Mutua de Propietarios va presentar la <strong>Calculadora de l&#8217;Accessibilitat<\/strong>, una eina a la disposici\u00f3 dels ciutadans per a realitzar una estimaci\u00f3 pressupost\u00e0ria de les obres necess\u00e0ries per a l&#8217;eliminaci\u00f3 de les barreres arquitect\u00f2niques en un edifici residencial. Aix\u00ed mateix, l&#8217;entitat va desenvolupar el projecte <strong>\u201cAccessibilitat Virtual als edificis d&#8217;habitatges<\/strong>\u201d, una experi\u00e8ncia educativa immersiva en el camp de l&#8217;accessibilitat que, amb l&#8217;ajuda d&#8217;unes ulleres de realitat virtual, mostra les dificultats a les quals s&#8217;enfronten les persones amb mobilitat redu\u00efda per a accedir al seu habitatge<\/p><p>\u201cSentir en primera persona la frustraci\u00f3 de les persones amb mobilitat redu\u00efda quan s&#8217;enfronten a una barrera arquitect\u00f2nica contribueix al fet que les comunitats de propietaris entenguin la necessitat de convertir els seus immobles en edificis d&#8217;accessibles\u201d, afirma Laura L\u00f3pez Demarbre, vicepresidenta executiva de la Fundaci\u00f3 Mutua de Propietarios.<\/p><p>A aquest efecte, la Fundaci\u00f3 Mutua de Propietarios tamb\u00e9 va dur a terme, en el marc de la iniciativa @OlesaAccessible, un projecte educatiu amb els alumnes de Batxillerat de l&#8217;Institut Daina Isard per a, a trav\u00e9s de <strong>l&#8217;aplicaci\u00f3 Zero Barreres<\/strong>, mesurar l&#8217;accessibilitat dels edificis de la ciutat.<\/p><p>En l\u2019 \u00e0mbit del coneixement, <strong>l&#8217;Observatori de l&#8217;Accessibilitat <\/strong>de la Fundaci\u00f3 Mutua de Propietarios va elaborar en 2023 un nou estudi sota el t\u00edtol \u201cL&#8217;accessibilitat a les llars espanyoles despesa o inversi\u00f3?\u201d, amb l&#8217;objectiu de quantificar econ\u00f2micament les necessitats dels edificis d&#8217;habitatges en aquesta mat\u00e8ria. L&#8217;informe va comptar amb l&#8217;an\u00e0lisi conclusiva de la C\u00e0tedra UNESCO d&#8217;habitatge Universitat Rovira i Virgili de Tarragona.<\/p><p>Aix\u00ed mateix, i en col\u00b7laboraci\u00f3 amb l&#8217;ag\u00e8ncia Servimedia, la Fundaci\u00f3 Mutua de Propietarios va organitzar la jornada informativa \u201cEl repte de l&#8217;accessibilitat de l&#8217;edifici\u201d en la qual tamb\u00e9 van participar representants institucionals com la directora general de Pol\u00edtiques d&#8217;Habitatge i Rehabilitaci\u00f3 de l&#8217;Ajuntament de Madrid, Isabel Calzas Hern\u00e1ndez; Xavier Garcia-Mil\u00e0, integrant del Consell per a la Promoci\u00f3 de l&#8217;Accessibilitat de la Generalitat de Catalunya, i l&#8217;arquitecta i t\u00e8cnica d&#8217;Accessibilitat i Vida Independent de Cocemfe, Judit D\u00edaz Ses\u00e9.<\/p><h3><em>Compromesos amb les persones amb mobilitat redu\u00efda.<\/em><\/h3><p>Com a part del seu comprom\u00eds amb la conscienciaci\u00f3 social, la Fundaci\u00f3 Mutua de Propietarios va tornar a difondre \u201cLa hist\u00f2ria d\u2019 Idoia\u201d la campanya que, de la m\u00e0 d&#8217;aquesta ballarina en cadira de rodes, aprofundia en la problem\u00e0tica dels accessos als edificis d&#8217;habitatges. En aquest sentit, testimonis com el d\u2019 Idoia i els reptes aconseguits en mat\u00e8ria d&#8217;accessibilitat amb l&#8217;ajuda de la Fundaci\u00f3 Mutua de Propietarios s&#8217;han incl\u00f2s en la secci\u00f3 Hist\u00f2ries Sense Barreres de la seva nova web amb la finalitat de compartir com aquestes millores redunden la qualitat de vida de les persones amb mobilitat redu\u00efda.<\/p><p>I amb l&#8217;objectiu d&#8217;involucrar a les generacions futures en el repte de l&#8217;accessibilitat universal, la Universitat Internacional de Catalunya (UIC Barcelona) i la Fundaci\u00f3 Mutua de Propietarios van signar un conveni de col\u00b7laboraci\u00f3 per a potenciar la formaci\u00f3 a trav\u00e9s del Postgrau en Accessibilitat:\u00a0\u00a0\u00a0\u00a0\u00a0 Especialista en Disseny\u00a0 Universal que imparteix Barcelona School of Architecture des de 2011.<\/p><p>Finalment, el programa <strong>Impulsors d&#8217;Edificis Sense Barreres <\/strong>creat per a promoure la responsabilitat social corporativa entre entitats relacionades amb la gesti\u00f3 de finques i la propietat immobili\u00e0ria, va incorporar l&#8217;any passat als primers administradors de finques compromesos amb l&#8217;activitat de la Fundaci\u00f3 Mutua de Propietarios.<\/p><p>\u201cInformar i formar s\u00f3n palanques fonamentals per a conscienciar sobre la necessitat de lluitar per una societat m\u00e9s inclusiva en la qual tots tinguem l&#8217;oportunitat de viure d&#8217;una forma aut\u00f2noma\u201d, assenyala la vicepresidenta executiva de la Fundaci\u00f3 Mutua de Propietarios.<\/p>\t\t\t\t\t\t\t\t<\/div>\n\t\t\t\t<\/div>\n\t\t\t\t\t<\/div>\n\t\t\t\t<\/div>\n\t\t\t\t<\/div>\n\t\t","protected":false},"excerpt":{"rendered":"<p>El programa \u2018Sense Barreres\u2019 ha fet possible que 450 persones amb mobilitat redu\u00efda puguin accedir de manera aut\u00f2noma a casa seva M\u00c9S DE 1.400 HABITATGES S&#8217;HAN BENEFICIAT DE LES AJUDES A L&#8217;ACCESSIBILITAT DE LA FUNDACI\u00d3 MUTUA DE PROPIETARIOS La Calculadora de l&#8217;Accessibilitat presentada en 2023 ha perm\u00e8s als ciutadans estimar els costos de les obres [&hellip;]<\/p>\n","protected":false},"author":1,"featured_media":9663,"comment_status":"open","ping_status":"open","sticky":false,"template":"","format":"standard","meta":{"_acf_changed":false,"ocean_post_layout":"","ocean_both_sidebars_style":"","ocean_both_sidebars_content_width":0,"ocean_both_sidebars_sidebars_width":0,"ocean_sidebar":"","ocean_second_sidebar":"","ocean_disable_margins":"enable","ocean_add_body_class":"","ocean_shortcode_before_top_bar":"","ocean_shortcode_after_top_bar":"","ocean_shortcode_before_header":"","ocean_shortcode_after_header":"","ocean_has_shortcode":"","ocean_shortcode_after_title":"","ocean_shortcode_before_footer_widgets":"","ocean_shortcode_after_footer_widgets":"","ocean_shortcode_before_footer_bottom":"","ocean_shortcode_after_footer_bottom":"","ocean_display_top_bar":"default","ocean_display_header":"default","ocean_header_style":"","ocean_center_header_left_menu":"","ocean_custom_header_template":"","ocean_custom_logo":0,"ocean_custom_retina_logo":0,"ocean_custom_logo_max_width":0,"ocean_custom_logo_tablet_max_width":0,"ocean_custom_logo_mobile_max_width":0,"ocean_custom_logo_max_height":0,"ocean_custom_logo_tablet_max_height":0,"ocean_custom_logo_mobile_max_height":0,"ocean_header_custom_menu":"","ocean_menu_typo_font_family":"","ocean_menu_typo_font_subset":"","ocean_menu_typo_font_size":0,"ocean_menu_typo_font_size_tablet":0,"ocean_menu_typo_font_size_mobile":0,"ocean_menu_typo_font_size_unit":"px","ocean_menu_typo_font_weight":"","ocean_menu_typo_font_weight_tablet":"","ocean_menu_typo_font_weight_mobile":"","ocean_menu_typo_transform":"","ocean_menu_typo_transform_tablet":"","ocean_menu_typo_transform_mobile":"","ocean_menu_typo_line_height":0,"ocean_menu_typo_line_height_tablet":0,"ocean_menu_typo_line_height_mobile":0,"ocean_menu_typo_line_height_unit":"","ocean_menu_typo_spacing":0,"ocean_menu_typo_spacing_tablet":0,"ocean_menu_typo_spacing_mobile":0,"ocean_menu_typo_spacing_unit":"","ocean_menu_link_color":"","ocean_menu_link_color_hover":"","ocean_menu_link_color_active":"","ocean_menu_link_background":"","ocean_menu_link_hover_background":"","ocean_menu_link_active_background":"","ocean_menu_social_links_bg":"","ocean_menu_social_hover_links_bg":"","ocean_menu_social_links_color":"","ocean_menu_social_hover_links_color":"","ocean_disable_title":"default","ocean_disable_heading":"default","ocean_post_title":"","ocean_post_subheading":"","ocean_post_title_style":"","ocean_post_title_background_color":"","ocean_post_title_background":0,"ocean_post_title_bg_image_position":"","ocean_post_title_bg_image_attachment":"","ocean_post_title_bg_image_repeat":"","ocean_post_title_bg_image_size":"","ocean_post_title_height":0,"ocean_post_title_bg_overlay":0.5,"ocean_post_title_bg_overlay_color":"","ocean_disable_breadcrumbs":"default","ocean_breadcrumbs_color":"","ocean_breadcrumbs_separator_color":"","ocean_breadcrumbs_links_color":"","ocean_breadcrumbs_links_hover_color":"","ocean_display_footer_widgets":"default","ocean_display_footer_bottom":"default","ocean_custom_footer_template":"","ocean_post_oembed":"","ocean_post_self_hosted_media":"","ocean_post_video_embed":"","ocean_link_format":"","ocean_link_format_target":"self","ocean_quote_format":"","ocean_quote_format_link":"post","ocean_gallery_link_images":"on","ocean_gallery_id":[],"footnotes":""},"categories":[1],"tags":[],"class_list":["post-9668","post","type-post","status-publish","format-standard","has-post-thumbnail","hentry","category-sin-categorizar","entry","has-media"],"acf":[],"yoast_head":"<!-- This site is optimized with the Yoast SEO plugin v27.3 - https:\/\/yoast.com\/product\/yoast-seo-wordpress\/ -->\n<title>MEM\u00d2RIA D\u2019ACTIVITATS I BALAN\u00c7 2023 - Fundaci\u00f3n Mutua de Propietarios<\/title>\n<meta name=\"robots\" content=\"index, follow, max-snippet:-1, max-image-preview:large, max-video-preview:-1\" \/>\n<link rel=\"canonical\" href=\"https:\/\/www.fundacionmdp.org\/ca\/memoria-de-actividades-y-balance-2023\/\" \/>\n<meta property=\"og:locale\" content=\"ca_ES\" \/>\n<meta property=\"og:type\" content=\"article\" \/>\n<meta property=\"og:title\" content=\"MEM\u00d2RIA D\u2019ACTIVITATS I BALAN\u00c7 2023 - Fundaci\u00f3n Mutua de Propietarios\" \/>\n<meta property=\"og:description\" content=\"El programa \u2018Sense Barreres\u2019 ha fet possible que 450 persones amb mobilitat redu\u00efda puguin accedir de manera aut\u00f2noma a casa seva M\u00c9S DE 1.400 HABITATGES S&#8217;HAN BENEFICIAT DE LES AJUDES A L&#8217;ACCESSIBILITAT DE LA FUNDACI\u00d3 MUTUA DE PROPIETARIOS La Calculadora de l&#8217;Accessibilitat presentada en 2023 ha perm\u00e8s als ciutadans estimar els costos de les obres [&hellip;]\" \/>\n<meta property=\"og:url\" content=\"https:\/\/www.fundacionmdp.org\/ca\/memoria-de-actividades-y-balance-2023\/\" \/>\n<meta property=\"og:site_name\" content=\"Fundaci\u00f3n Mutua de Propietarios\" \/>\n<meta property=\"article:published_time\" content=\"2024-02-13T08:21:43+00:00\" \/>\n<meta property=\"article:modified_time\" content=\"2024-02-13T08:23:45+00:00\" \/>\n<meta property=\"og:image\" content=\"https:\/\/www.fundacionmdp.org\/wp-content\/uploads\/2024\/02\/PLANTILLA_-ESTUDIOS-_FUNDACION_-1.png\" \/>\n\t<meta property=\"og:image:width\" content=\"1080\" \/>\n\t<meta property=\"og:image:height\" content=\"1080\" \/>\n\t<meta property=\"og:image:type\" content=\"image\/png\" \/>\n<meta name=\"author\" content=\"fundacionmdp\" \/>\n<meta name=\"twitter:card\" content=\"summary_large_image\" \/>\n<meta name=\"twitter:label1\" content=\"Escrit per\" \/>\n\t<meta name=\"twitter:data1\" content=\"fundacionmdp\" \/>\n\t<meta name=\"twitter:label2\" content=\"Temps estimat de lectura\" \/>\n\t<meta name=\"twitter:data2\" content=\"4 minuts\" \/>\n<script type=\"application\/ld+json\" class=\"yoast-schema-graph\">{\"@context\":\"https:\\\/\\\/schema.org\",\"@graph\":[{\"@type\":\"Article\",\"@id\":\"https:\\\/\\\/www.fundacionmdp.org\\\/ca\\\/memoria-de-actividades-y-balance-2023\\\/#article\",\"isPartOf\":{\"@id\":\"https:\\\/\\\/www.fundacionmdp.org\\\/ca\\\/memoria-de-actividades-y-balance-2023\\\/\"},\"author\":{\"name\":\"fundacionmdp\",\"@id\":\"https:\\\/\\\/www.fundacionmdp.org\\\/#\\\/schema\\\/person\\\/12f9af801cac25dfcb5a96cb0090f703\"},\"headline\":\"MEM\u00d2RIA D\u2019ACTIVITATS I BALAN\u00c7 2023\",\"datePublished\":\"2024-02-13T08:21:43+00:00\",\"dateModified\":\"2024-02-13T08:23:45+00:00\",\"mainEntityOfPage\":{\"@id\":\"https:\\\/\\\/www.fundacionmdp.org\\\/ca\\\/memoria-de-actividades-y-balance-2023\\\/\"},\"wordCount\":832,\"commentCount\":0,\"publisher\":{\"@id\":\"https:\\\/\\\/www.fundacionmdp.org\\\/#organization\"},\"image\":{\"@id\":\"https:\\\/\\\/www.fundacionmdp.org\\\/ca\\\/memoria-de-actividades-y-balance-2023\\\/#primaryimage\"},\"thumbnailUrl\":\"https:\\\/\\\/www.fundacionmdp.org\\\/wp-content\\\/uploads\\\/2024\\\/02\\\/PLANTILLA_-ESTUDIOS-_FUNDACION_-1.png\",\"articleSection\":[\"Sin categorizar\"],\"inLanguage\":\"ca\",\"potentialAction\":[{\"@type\":\"CommentAction\",\"name\":\"Comment\",\"target\":[\"https:\\\/\\\/www.fundacionmdp.org\\\/ca\\\/memoria-de-actividades-y-balance-2023\\\/#respond\"]}]},{\"@type\":\"WebPage\",\"@id\":\"https:\\\/\\\/www.fundacionmdp.org\\\/ca\\\/memoria-de-actividades-y-balance-2023\\\/\",\"url\":\"https:\\\/\\\/www.fundacionmdp.org\\\/ca\\\/memoria-de-actividades-y-balance-2023\\\/\",\"name\":\"MEM\u00d2RIA D\u2019ACTIVITATS I BALAN\u00c7 2023 - Fundaci\u00f3n Mutua de Propietarios\",\"isPartOf\":{\"@id\":\"https:\\\/\\\/www.fundacionmdp.org\\\/#website\"},\"primaryImageOfPage\":{\"@id\":\"https:\\\/\\\/www.fundacionmdp.org\\\/ca\\\/memoria-de-actividades-y-balance-2023\\\/#primaryimage\"},\"image\":{\"@id\":\"https:\\\/\\\/www.fundacionmdp.org\\\/ca\\\/memoria-de-actividades-y-balance-2023\\\/#primaryimage\"},\"thumbnailUrl\":\"https:\\\/\\\/www.fundacionmdp.org\\\/wp-content\\\/uploads\\\/2024\\\/02\\\/PLANTILLA_-ESTUDIOS-_FUNDACION_-1.png\",\"datePublished\":\"2024-02-13T08:21:43+00:00\",\"dateModified\":\"2024-02-13T08:23:45+00:00\",\"breadcrumb\":{\"@id\":\"https:\\\/\\\/www.fundacionmdp.org\\\/ca\\\/memoria-de-actividades-y-balance-2023\\\/#breadcrumb\"},\"inLanguage\":\"ca\",\"potentialAction\":[{\"@type\":\"ReadAction\",\"target\":[\"https:\\\/\\\/www.fundacionmdp.org\\\/ca\\\/memoria-de-actividades-y-balance-2023\\\/\"]}]},{\"@type\":\"ImageObject\",\"inLanguage\":\"ca\",\"@id\":\"https:\\\/\\\/www.fundacionmdp.org\\\/ca\\\/memoria-de-actividades-y-balance-2023\\\/#primaryimage\",\"url\":\"https:\\\/\\\/www.fundacionmdp.org\\\/wp-content\\\/uploads\\\/2024\\\/02\\\/PLANTILLA_-ESTUDIOS-_FUNDACION_-1.png\",\"contentUrl\":\"https:\\\/\\\/www.fundacionmdp.org\\\/wp-content\\\/uploads\\\/2024\\\/02\\\/PLANTILLA_-ESTUDIOS-_FUNDACION_-1.png\",\"width\":1080,\"height\":1080},{\"@type\":\"BreadcrumbList\",\"@id\":\"https:\\\/\\\/www.fundacionmdp.org\\\/ca\\\/memoria-de-actividades-y-balance-2023\\\/#breadcrumb\",\"itemListElement\":[{\"@type\":\"ListItem\",\"position\":1,\"name\":\"Home\",\"item\":\"https:\\\/\\\/www.fundacionmdp.org\\\/ca\\\/\"},{\"@type\":\"ListItem\",\"position\":2,\"name\":\"MEM\u00d2RIA D\u2019ACTIVITATS I BALAN\u00c7 2023\"}]},{\"@type\":\"WebSite\",\"@id\":\"https:\\\/\\\/www.fundacionmdp.org\\\/#website\",\"url\":\"https:\\\/\\\/www.fundacionmdp.org\\\/\",\"name\":\"Fundaci\u00f3n Mutua de Propietarios\",\"description\":\"En la Fundaci\u00f3n Mutua de Propietarios te ayudamos a convertir tu edificio de viviendas en un espacio sin barreras arquitect\u00f3nicas.\",\"publisher\":{\"@id\":\"https:\\\/\\\/www.fundacionmdp.org\\\/#organization\"},\"potentialAction\":[{\"@type\":\"SearchAction\",\"target\":{\"@type\":\"EntryPoint\",\"urlTemplate\":\"https:\\\/\\\/www.fundacionmdp.org\\\/?s={search_term_string}\"},\"query-input\":{\"@type\":\"PropertyValueSpecification\",\"valueRequired\":true,\"valueName\":\"search_term_string\"}}],\"inLanguage\":\"ca\"},{\"@type\":\"Organization\",\"@id\":\"https:\\\/\\\/www.fundacionmdp.org\\\/#organization\",\"name\":\"Fundaci\u00f3n Mutua de Propietarios\",\"url\":\"https:\\\/\\\/www.fundacionmdp.org\\\/\",\"logo\":{\"@type\":\"ImageObject\",\"inLanguage\":\"ca\",\"@id\":\"https:\\\/\\\/www.fundacionmdp.org\\\/#\\\/schema\\\/logo\\\/image\\\/\",\"url\":\"https:\\\/\\\/www.fundacionmdp.org\\\/wp-content\\\/uploads\\\/2023\\\/05\\\/logo_FMdP_cat.png\",\"contentUrl\":\"https:\\\/\\\/www.fundacionmdp.org\\\/wp-content\\\/uploads\\\/2023\\\/05\\\/logo_FMdP_cat.png\",\"width\":655,\"height\":297,\"caption\":\"Fundaci\u00f3n Mutua de Propietarios\"},\"image\":{\"@id\":\"https:\\\/\\\/www.fundacionmdp.org\\\/#\\\/schema\\\/logo\\\/image\\\/\"}},{\"@type\":\"Person\",\"@id\":\"https:\\\/\\\/www.fundacionmdp.org\\\/#\\\/schema\\\/person\\\/12f9af801cac25dfcb5a96cb0090f703\",\"name\":\"fundacionmdp\",\"image\":{\"@type\":\"ImageObject\",\"inLanguage\":\"ca\",\"@id\":\"https:\\\/\\\/secure.gravatar.com\\\/avatar\\\/b540f93d1816a14d85e51109d050c3243b98fb660a665f517a6d2597cff3bbed?s=96&d=mm&r=g\",\"url\":\"https:\\\/\\\/secure.gravatar.com\\\/avatar\\\/b540f93d1816a14d85e51109d050c3243b98fb660a665f517a6d2597cff3bbed?s=96&d=mm&r=g\",\"contentUrl\":\"https:\\\/\\\/secure.gravatar.com\\\/avatar\\\/b540f93d1816a14d85e51109d050c3243b98fb660a665f517a6d2597cff3bbed?s=96&d=mm&r=g\",\"caption\":\"fundacionmdp\"},\"sameAs\":[\"http:\\\/\\\/prezuk.com.mialias.net\\\/fundacionmdp\"],\"url\":\"https:\\\/\\\/www.fundacionmdp.org\\\/ca\\\/author\\\/fundacionmdp\\\/\"}]}<\/script>\n<!-- \/ Yoast SEO plugin. -->","yoast_head_json":{"title":"MEM\u00d2RIA D\u2019ACTIVITATS I BALAN\u00c7 2023 - Fundaci\u00f3n Mutua de Propietarios","robots":{"index":"index","follow":"follow","max-snippet":"max-snippet:-1","max-image-preview":"max-image-preview:large","max-video-preview":"max-video-preview:-1"},"canonical":"https:\/\/www.fundacionmdp.org\/ca\/memoria-de-actividades-y-balance-2023\/","og_locale":"ca_ES","og_type":"article","og_title":"MEM\u00d2RIA D\u2019ACTIVITATS I BALAN\u00c7 2023 - Fundaci\u00f3n Mutua de Propietarios","og_description":"El programa \u2018Sense Barreres\u2019 ha fet possible que 450 persones amb mobilitat redu\u00efda puguin accedir de manera aut\u00f2noma a casa seva M\u00c9S DE 1.400 HABITATGES S&#8217;HAN BENEFICIAT DE LES AJUDES A L&#8217;ACCESSIBILITAT DE LA FUNDACI\u00d3 MUTUA DE PROPIETARIOS La Calculadora de l&#8217;Accessibilitat presentada en 2023 ha perm\u00e8s als ciutadans estimar els costos de les obres [&hellip;]","og_url":"https:\/\/www.fundacionmdp.org\/ca\/memoria-de-actividades-y-balance-2023\/","og_site_name":"Fundaci\u00f3n Mutua de Propietarios","article_published_time":"2024-02-13T08:21:43+00:00","article_modified_time":"2024-02-13T08:23:45+00:00","og_image":[{"width":1080,"height":1080,"url":"https:\/\/www.fundacionmdp.org\/wp-content\/uploads\/2024\/02\/PLANTILLA_-ESTUDIOS-_FUNDACION_-1.png","type":"image\/png"}],"author":"fundacionmdp","twitter_card":"summary_large_image","twitter_misc":{"Escrit per":"fundacionmdp","Temps estimat de lectura":"4 minuts"},"schema":{"@context":"https:\/\/schema.org","@graph":[{"@type":"Article","@id":"https:\/\/www.fundacionmdp.org\/ca\/memoria-de-actividades-y-balance-2023\/#article","isPartOf":{"@id":"https:\/\/www.fundacionmdp.org\/ca\/memoria-de-actividades-y-balance-2023\/"},"author":{"name":"fundacionmdp","@id":"https:\/\/www.fundacionmdp.org\/#\/schema\/person\/12f9af801cac25dfcb5a96cb0090f703"},"headline":"MEM\u00d2RIA D\u2019ACTIVITATS I BALAN\u00c7 2023","datePublished":"2024-02-13T08:21:43+00:00","dateModified":"2024-02-13T08:23:45+00:00","mainEntityOfPage":{"@id":"https:\/\/www.fundacionmdp.org\/ca\/memoria-de-actividades-y-balance-2023\/"},"wordCount":832,"commentCount":0,"publisher":{"@id":"https:\/\/www.fundacionmdp.org\/#organization"},"image":{"@id":"https:\/\/www.fundacionmdp.org\/ca\/memoria-de-actividades-y-balance-2023\/#primaryimage"},"thumbnailUrl":"https:\/\/www.fundacionmdp.org\/wp-content\/uploads\/2024\/02\/PLANTILLA_-ESTUDIOS-_FUNDACION_-1.png","articleSection":["Sin categorizar"],"inLanguage":"ca","potentialAction":[{"@type":"CommentAction","name":"Comment","target":["https:\/\/www.fundacionmdp.org\/ca\/memoria-de-actividades-y-balance-2023\/#respond"]}]},{"@type":"WebPage","@id":"https:\/\/www.fundacionmdp.org\/ca\/memoria-de-actividades-y-balance-2023\/","url":"https:\/\/www.fundacionmdp.org\/ca\/memoria-de-actividades-y-balance-2023\/","name":"MEM\u00d2RIA D\u2019ACTIVITATS I BALAN\u00c7 2023 - Fundaci\u00f3n Mutua de Propietarios","isPartOf":{"@id":"https:\/\/www.fundacionmdp.org\/#website"},"primaryImageOfPage":{"@id":"https:\/\/www.fundacionmdp.org\/ca\/memoria-de-actividades-y-balance-2023\/#primaryimage"},"image":{"@id":"https:\/\/www.fundacionmdp.org\/ca\/memoria-de-actividades-y-balance-2023\/#primaryimage"},"thumbnailUrl":"https:\/\/www.fundacionmdp.org\/wp-content\/uploads\/2024\/02\/PLANTILLA_-ESTUDIOS-_FUNDACION_-1.png","datePublished":"2024-02-13T08:21:43+00:00","dateModified":"2024-02-13T08:23:45+00:00","breadcrumb":{"@id":"https:\/\/www.fundacionmdp.org\/ca\/memoria-de-actividades-y-balance-2023\/#breadcrumb"},"inLanguage":"ca","potentialAction":[{"@type":"ReadAction","target":["https:\/\/www.fundacionmdp.org\/ca\/memoria-de-actividades-y-balance-2023\/"]}]},{"@type":"ImageObject","inLanguage":"ca","@id":"https:\/\/www.fundacionmdp.org\/ca\/memoria-de-actividades-y-balance-2023\/#primaryimage","url":"https:\/\/www.fundacionmdp.org\/wp-content\/uploads\/2024\/02\/PLANTILLA_-ESTUDIOS-_FUNDACION_-1.png","contentUrl":"https:\/\/www.fundacionmdp.org\/wp-content\/uploads\/2024\/02\/PLANTILLA_-ESTUDIOS-_FUNDACION_-1.png","width":1080,"height":1080},{"@type":"BreadcrumbList","@id":"https:\/\/www.fundacionmdp.org\/ca\/memoria-de-actividades-y-balance-2023\/#breadcrumb","itemListElement":[{"@type":"ListItem","position":1,"name":"Home","item":"https:\/\/www.fundacionmdp.org\/ca\/"},{"@type":"ListItem","position":2,"name":"MEM\u00d2RIA D\u2019ACTIVITATS I BALAN\u00c7 2023"}]},{"@type":"WebSite","@id":"https:\/\/www.fundacionmdp.org\/#website","url":"https:\/\/www.fundacionmdp.org\/","name":"Fundaci\u00f3n Mutua de Propietarios","description":"En la Fundaci\u00f3n Mutua de Propietarios te ayudamos a convertir tu edificio de viviendas en un espacio sin barreras arquitect\u00f3nicas.","publisher":{"@id":"https:\/\/www.fundacionmdp.org\/#organization"},"potentialAction":[{"@type":"SearchAction","target":{"@type":"EntryPoint","urlTemplate":"https:\/\/www.fundacionmdp.org\/?s={search_term_string}"},"query-input":{"@type":"PropertyValueSpecification","valueRequired":true,"valueName":"search_term_string"}}],"inLanguage":"ca"},{"@type":"Organization","@id":"https:\/\/www.fundacionmdp.org\/#organization","name":"Fundaci\u00f3n Mutua de Propietarios","url":"https:\/\/www.fundacionmdp.org\/","logo":{"@type":"ImageObject","inLanguage":"ca","@id":"https:\/\/www.fundacionmdp.org\/#\/schema\/logo\/image\/","url":"https:\/\/www.fundacionmdp.org\/wp-content\/uploads\/2023\/05\/logo_FMdP_cat.png","contentUrl":"https:\/\/www.fundacionmdp.org\/wp-content\/uploads\/2023\/05\/logo_FMdP_cat.png","width":655,"height":297,"caption":"Fundaci\u00f3n Mutua de Propietarios"},"image":{"@id":"https:\/\/www.fundacionmdp.org\/#\/schema\/logo\/image\/"}},{"@type":"Person","@id":"https:\/\/www.fundacionmdp.org\/#\/schema\/person\/12f9af801cac25dfcb5a96cb0090f703","name":"fundacionmdp","image":{"@type":"ImageObject","inLanguage":"ca","@id":"https:\/\/secure.gravatar.com\/avatar\/b540f93d1816a14d85e51109d050c3243b98fb660a665f517a6d2597cff3bbed?s=96&d=mm&r=g","url":"https:\/\/secure.gravatar.com\/avatar\/b540f93d1816a14d85e51109d050c3243b98fb660a665f517a6d2597cff3bbed?s=96&d=mm&r=g","contentUrl":"https:\/\/secure.gravatar.com\/avatar\/b540f93d1816a14d85e51109d050c3243b98fb660a665f517a6d2597cff3bbed?s=96&d=mm&r=g","caption":"fundacionmdp"},"sameAs":["http:\/\/prezuk.com.mialias.net\/fundacionmdp"],"url":"https:\/\/www.fundacionmdp.org\/ca\/author\/fundacionmdp\/"}]}},"_links":{"self":[{"href":"https:\/\/www.fundacionmdp.org\/ca\/wp-json\/wp\/v2\/posts\/9668","targetHints":{"allow":["GET"]}}],"collection":[{"href":"https:\/\/www.fundacionmdp.org\/ca\/wp-json\/wp\/v2\/posts"}],"about":[{"href":"https:\/\/www.fundacionmdp.org\/ca\/wp-json\/wp\/v2\/types\/post"}],"author":[{"embeddable":true,"href":"https:\/\/www.fundacionmdp.org\/ca\/wp-json\/wp\/v2\/users\/1"}],"replies":[{"embeddable":true,"href":"https:\/\/www.fundacionmdp.org\/ca\/wp-json\/wp\/v2\/comments?post=9668"}],"version-history":[{"count":9,"href":"https:\/\/www.fundacionmdp.org\/ca\/wp-json\/wp\/v2\/posts\/9668\/revisions"}],"predecessor-version":[{"id":9677,"href":"https:\/\/www.fundacionmdp.org\/ca\/wp-json\/wp\/v2\/posts\/9668\/revisions\/9677"}],"wp:featuredmedia":[{"embeddable":true,"href":"https:\/\/www.fundacionmdp.org\/ca\/wp-json\/wp\/v2\/media\/9663"}],"wp:attachment":[{"href":"https:\/\/www.fundacionmdp.org\/ca\/wp-json\/wp\/v2\/media?parent=9668"}],"wp:term":[{"taxonomy":"category","embeddable":true,"href":"https:\/\/www.fundacionmdp.org\/ca\/wp-json\/wp\/v2\/categories?post=9668"},{"taxonomy":"post_tag","embeddable":true,"href":"https:\/\/www.fundacionmdp.org\/ca\/wp-json\/wp\/v2\/tags?post=9668"}],"curies":[{"name":"wp","href":"https:\/\/api.w.org\/{rel}","templated":true}]}}