{"id":9715,"date":"2024-02-20T08:46:59","date_gmt":"2024-02-20T06:46:59","guid":{"rendered":"https:\/\/www.fundacionmdp.org\/?p=9715"},"modified":"2024-02-20T08:47:10","modified_gmt":"2024-02-20T06:47:10","slug":"tecnologia-emergent-per-laccessibilitat-en-edificis","status":"publish","type":"post","link":"https:\/\/www.fundacionmdp.org\/ca\/tecnologia-emergent-per-laccessibilitat-en-edificis\/","title":{"rendered":"Tecnologia emergent per l&#8217;accessibilitat en edificis"},"content":{"rendered":"\t\t<div data-elementor-type=\"wp-post\" data-elementor-id=\"9715\" class=\"elementor elementor-9715 elementor-9707\">\n\t\t\t\t<div class=\"elementor-element elementor-element-47e7c9c e-flex e-con-boxed e-con e-parent\" data-id=\"47e7c9c\" data-element_type=\"container\" data-e-type=\"container\">\n\t\t\t\t\t<div class=\"e-con-inner\">\n\t\t\t\t<div class=\"elementor-element elementor-element-79cfbf6 elementor-widget elementor-widget-text-editor\" data-id=\"79cfbf6\" data-element_type=\"widget\" data-e-type=\"widget\" data-widget_type=\"text-editor.default\">\n\t\t\t\t<div class=\"elementor-widget-container\">\n\t\t\t\t\t\t\t\t\t<p>En l&#8217;era actual, on la tecnologia emergent avan\u00e7a a passos agegantats, el concepte d&#8217;accessibilitat en els edificis est\u00e0 experimentant una revoluci\u00f3 sense precedents. Aquest article recopila 9 tecnologies emergents dissenyades per fer els espais m\u00e9s inclusius i c\u00f2modes per a tothom. Des de l\u2019assistent de veu i sistemes de navegaci\u00f3 interiors fins a s\u00f2ls t\u00e0ctils intel\u00b7ligents i aplicacions m\u00f2bils especialitzades. Explorarem com aquestes innovacions estan redefinint les normes d&#8217;accessibilitat i com prometen millorar la qualitat de vida de les persones amb discapacitats, aix\u00ed com tamb\u00e9 transformar la manera com tots interactuem amb el nostre entorn f\u00edsic. <\/p><h3>Com \u00e9s l&#8217;accessibilitat als edificis actualment?<\/h3><p>Avui dia, <a href=\"https:\/\/www.fundacionmdp.org\/la-importancia-de-la-accesibilidad-en-los-edificios-de-viviendas-para-las-personas-con-discapacidad\/\">l&#8217;accessibilitat als edificis<\/a> s&#8217;enfronta a diversos reptes: integrar solucions existents i adaptar-se a les necessitats canviants. Tot i que s&#8217;han realitzat aven\u00e7os significatius amb rampes, ascensors adaptats i senyalitzaci\u00f3 en Braille, persisteixen limitacions clau. Molts edificis antics encara no tenen adaptacions adequades i les solucions est\u00e0ndard no sempre aborden totes les discapacitats.<\/p><p>A m\u00e9s a m\u00e9s, la manca d&#8217;uniformitat en les regulacions d&#8217;accessibilitat a nivell global condueix a inconsist\u00e8ncies en la seva implementaci\u00f3. El cost i la complexitat de les modificacions arquitect\u00f2niques tamb\u00e9 representen obstacles importants, limitant la universalitat de l&#8217;accessibilitat en els entorns constru\u00efts.<em>\u00a0<\/em><\/p><h3>Tecnologia emergent per l&#8217;accessibilitat en edificis<\/h3><p>Les tecnologies modernes estan revolucionant l&#8217;accessibilitat en edificis, i s&#8217;han destacant innovacions com els assistents de veu, la realitat augmentada per a navegaci\u00f3 interior, s\u00f2ls t\u00e0ctils intel\u00b7ligents, i sistemes automatitzats de portes i ascensors. Aquestes eines prometen una major inclusi\u00f3 i autonomia per a les persones amb discapacitats o mobilitat redu\u00efda.<\/p><p>Aquestes s\u00f3n les principals idees que es plantegen incorporar al sector:<\/p><ul><li>Assistents de veu i control per gestos: Aquests sistemes permeten a les persones amb discapacitats f\u00edsiques o visuals interactuar amb l&#8217;entorn sense necessitat de controls tradicionals. D&#8217;aquesta manera, es podria, per exemple, encendre la llum demanant-ho.<\/li><li>Realitat augmentada i navegaci\u00f3 interior: Una cosa molt \u00fatil i enfocada a edificis grans, com hospitals, pot ajudar les persones amb discapacitats visuals en proporcionar informaci\u00f3 visual o auditiva sobre el seu entorn a trav\u00e9s de dispositius m\u00f2bils o ulleres intel\u00b7ligents.<\/li><li>S\u00f2ls t\u00e0ctils intel\u00b7ligents: Aquests s\u00f2ls proporcionen retroalimentacions t\u00e0ctils o visuals a trav\u00e9s d&#8217;un edifici. Per exemple, amb llums LED o textures en el mateix.<\/li><li>Ascensors i portes automatitzades avan\u00e7ades: aix\u00f2 permet controlar ambd\u00f3s tipus de portes per control de veu o a trav\u00e9s del m\u00f2bil, cosa que pot ser molt \u00fatil en evitar polsar un control f\u00edsic tradicional.<\/li><li>Tecnologia de senyalitzaci\u00f3 intel\u00b7ligent: En aquest cas es pot incloure qualsevol tipus de senyalitzaci\u00f3, com el braille, per\u00f2 portada a un altre nivell: pantalles t\u00e0ctils accessibles, senyalitzaci\u00f3 digital multiformat&#8230;<\/li><li>Robot assistent personal: Els robots poden ser programats per ajudar persones amb mobilitat redu\u00efda, portant objectes, obrint portes, o fins i tot guiant-se per l&#8217;edifici.<\/li><li>Aplicacions m\u00f2bils per a accessibilitat: Aquestes aplicacions poden oferir mapes accessibles, informaci\u00f3 sobre l&#8217;accessibilitat de certes \u00e0rees dins dels edificis, i control remot de certes caracter\u00edstiques de l&#8217;edifici. Fes clic <a href=\"https:\/\/www.archdaily.pe\/pe\/923710\/10-tecnologias-para-ciudades-accesibles-y-asequibles\">aqu\u00ed<\/a> per veure les enormes possibilitats que tenen les aplicacions per a un edifici o per a una ciutat.<\/li><li>Barreres arquitect\u00f2niques m\u00ednimes: Tot i que no \u00e9s una &#8220;tecnologia&#8221; en el sentit convencional, la tend\u00e8ncia cap al disseny arquitect\u00f2nic que minimitza les barreres arquitect\u00f2niques f\u00edsiques \u00e9s crucial. Aix\u00f2 inclou rampes suaus, portes m\u00e9s amplades, i dissenys d&#8217;espais oberts.<\/li><\/ul><p>No obstant aix\u00f2, enfronten limitacions significatives: l&#8217;alt cost d&#8217;implementaci\u00f3, la necessitat d&#8217;una infraestructura de suport avan\u00e7ada, i la bretxa digital que pot excloure aquells sense acc\u00e9s a l&#8217;\u00faltima tecnologia. A m\u00e9s, l&#8217;adaptaci\u00f3 d&#8217;aquestes tecnologies en edificis antics representa un desafiament arquitect\u00f2nic i regulador considerable.<\/p><h3>El futur de l&#8217;accessibilitat en edificis<\/h3><p>Un cas d&#8217;\u00fas real i notable de tecnologia avan\u00e7ada per millorar l&#8217;accessibilitat en edificis \u00e9s el del &#8220;Microsoft Headquarters&#8221; a Redmond, Washington. Microsoft ha implementat una s\u00e8rie de tecnologies innovadores per fer el seu campus m\u00e9s accessible per a empleats i visitants amb diverses discapacitats.<\/p><p>Utilitzen una aplicaci\u00f3 anomenada &#8220;<a href=\"https:\/\/news.microsoft.com\/es-xl\/la-aplicacion-soundscape-impulsa-la-gente-ceguera-baja-vision-explorar-mundo\/\">Soundscape<\/a>&#8221; que utilitza \u00e0udio 3D per ajudar les persones amb discapacitat visual a navegar pel campus. L&#8217;aplicaci\u00f3 ofereix indicacions basades en el so per guiar els usuaris a diferents ubicacions. Aplicat a un habitatge, a poc a poc hi ha iniciatives per incorporar una o diverses d&#8217; aquestes tecnologies.<\/p><p>Podem veure, per exemple, el projecte &#8220;<a href=\"https:\/\/www.panasonic.com\/pa\/corporate\/news\/articles\/201412-panasonic-ya-diseno-la-tecnologia-para-la-casa-del-futuro.html\">The Home of the Future<\/a>&#8221; desenvolupat per l&#8217;empresa japonesa Panasonic. Aquest projecte, situat al Jap\u00f3, integra una varietat de tecnologies avan\u00e7ades dissenyades per fer la vida m\u00e9s f\u00e0cil i segura, especialment per a gent gran amb mobilitat redu\u00efda o amb discapacitats. Aquest projecte inclou diverses mesures innovadores, des d&#8217;un sistema de monitoratge i assist\u00e8ncia que pot detectar autom\u00e0ticament caigudes o comportaments irregulars i avisar les autoritats. O, d&#8217;altra banda, l&#8217;automatitzaci\u00f3 completa de la llar utilitzant dom\u00f2tica.<\/p><h3>Reptes i perspectives<\/h3><p>A Espanya, l&#8217;accessibilitat s\u2019enfronta a reptes significatius, tant en edificis p\u00fablics com en edificis d&#8217;habitatges. Segons el nostre estudi &#8220;Accessibilitat a l&#8217;Habitatge a Espanya&#8221;, que pots consultar fent clic <a href=\"https:\/\/www.fundacionmdp.org\/wp-content\/uploads\/2023\/05\/201803-Accesibilidad-viviendas-espana_FundacionMdP-min.pdf\">aqu\u00ed<\/a>, 6 de cada 10 edificis tenen escales en el tram del carrer al portal, i el 22% d&#8217;edificis d&#8217;habitatges no disposa d&#8217;ascensor, la qual cosa resulta una barrera insalvable per a moltes persones amb mobilitat redu\u00efda i\/o discapacitat f\u00edsica. La diversitat de necessitats d&#8217;accessibilitat, incloent-hi discapacitats f\u00edsiques, sensorials i cognitives, representa un repte en quant a disseny i execuci\u00f3.<\/p><p>Els costos d&#8217;adaptaci\u00f3 i la falta de finan\u00e7ament s\u00f3n obstacles importants, juntament amb la bretxa digital que limita l&#8217;acc\u00e9s a tecnologies emergents. No obstant aix\u00f2, no s\u00f3n poques les iniciatives per implementar l&#8217;accessibilitat a Espanya. No nom\u00e9s promouen la inclusi\u00f3 i autonomia de les persones amb discapacitats, si no que milloren significativament la seva qualitat de vida, enriquint la societat en el seu conjunt fomentant entorns m\u00e9s emp\u00e0tics.<\/p><h3>Ajudes per a reformes d&#8217;accessibilitat<\/h3><p>A Espanya actualment existeix el programa <a href=\"https:\/\/www.mitma.gob.es\/el-ministerio\/campanas-de-publicidad-acciones-de-comunicacion-y-otros-eventos_new\/acciones-de-comunicacion-2022\/peav-2022-2025\">Pla Estatal d&#8217;acc\u00e9s a l&#8217;habitatge 2022-2025<\/a>, el qual pret\u00e9n donar ajudes de fins a 18.000 euros per habitatge en casos de residents en l&#8217;edifici amb discapacitat severa. A Fundaci\u00f3 M\u00fatua de Propietaris obrim convocat\u00f2ries peri\u00f2dicament i subvencionem amb ajuts econ\u00f2mics per a realitzar obres d&#8217;accessibilitat en edificis d&#8217;habitatges, en aquest cas, a trav\u00e9s del Programa <a href=\"https:\/\/www.fundacionmdp.org\/programa-de-ayudas-sin-barreras\/\">Sense Barreres<\/a>.<\/p><p>A Fundaci\u00f3 M\u00fatua de Propietaris, volem contribuir t\u00e8cnicament i econ\u00f2micament per aconseguir que qualsevol persona pugui moure&#8217;s lliurement des del carrer a la porta de casa seva, creant aix\u00ed una societat m\u00e9s justa i igualit\u00e0ria. Per acollir-se al programa revisi les nostres convocat\u00f2ries d&#8217;ajuts a l&#8217;accessibilitat i seleccioni la que millor s&#8217;adapti a la seva situaci\u00f3 fent <a href=\"https:\/\/www.fundacionmdp.org\/convocatorias-de-ayudas-del-programa-de-ayudas-sin-barreras\/\">clic aqu\u00ed<\/a>.<\/p>\t\t\t\t\t\t\t\t<\/div>\n\t\t\t\t<\/div>\n\t\t\t\t\t<\/div>\n\t\t\t\t<\/div>\n\t\t\t\t<\/div>\n\t\t","protected":false},"excerpt":{"rendered":"<p>En l&#8217;era actual, on la tecnologia emergent avan\u00e7a a passos agegantats, el concepte d&#8217;accessibilitat en els edificis est\u00e0 experimentant una revoluci\u00f3 sense precedents. Aquest article recopila 9 tecnologies emergents dissenyades per fer els espais m\u00e9s inclusius i c\u00f2modes per a tothom. Des de l\u2019assistent de veu i sistemes de navegaci\u00f3 interiors fins a s\u00f2ls t\u00e0ctils [&hellip;]<\/p>\n","protected":false},"author":1,"featured_media":9706,"comment_status":"open","ping_status":"open","sticky":false,"template":"","format":"standard","meta":{"_acf_changed":false,"ocean_post_layout":"","ocean_both_sidebars_style":"","ocean_both_sidebars_content_width":0,"ocean_both_sidebars_sidebars_width":0,"ocean_sidebar":"","ocean_second_sidebar":"","ocean_disable_margins":"enable","ocean_add_body_class":"","ocean_shortcode_before_top_bar":"","ocean_shortcode_after_top_bar":"","ocean_shortcode_before_header":"","ocean_shortcode_after_header":"","ocean_has_shortcode":"","ocean_shortcode_after_title":"","ocean_shortcode_before_footer_widgets":"","ocean_shortcode_after_footer_widgets":"","ocean_shortcode_before_footer_bottom":"","ocean_shortcode_after_footer_bottom":"","ocean_display_top_bar":"default","ocean_display_header":"default","ocean_header_style":"","ocean_center_header_left_menu":"","ocean_custom_header_template":"","ocean_custom_logo":0,"ocean_custom_retina_logo":0,"ocean_custom_logo_max_width":0,"ocean_custom_logo_tablet_max_width":0,"ocean_custom_logo_mobile_max_width":0,"ocean_custom_logo_max_height":0,"ocean_custom_logo_tablet_max_height":0,"ocean_custom_logo_mobile_max_height":0,"ocean_header_custom_menu":"","ocean_menu_typo_font_family":"","ocean_menu_typo_font_subset":"","ocean_menu_typo_font_size":0,"ocean_menu_typo_font_size_tablet":0,"ocean_menu_typo_font_size_mobile":0,"ocean_menu_typo_font_size_unit":"px","ocean_menu_typo_font_weight":"","ocean_menu_typo_font_weight_tablet":"","ocean_menu_typo_font_weight_mobile":"","ocean_menu_typo_transform":"","ocean_menu_typo_transform_tablet":"","ocean_menu_typo_transform_mobile":"","ocean_menu_typo_line_height":0,"ocean_menu_typo_line_height_tablet":0,"ocean_menu_typo_line_height_mobile":0,"ocean_menu_typo_line_height_unit":"","ocean_menu_typo_spacing":0,"ocean_menu_typo_spacing_tablet":0,"ocean_menu_typo_spacing_mobile":0,"ocean_menu_typo_spacing_unit":"","ocean_menu_link_color":"","ocean_menu_link_color_hover":"","ocean_menu_link_color_active":"","ocean_menu_link_background":"","ocean_menu_link_hover_background":"","ocean_menu_link_active_background":"","ocean_menu_social_links_bg":"","ocean_menu_social_hover_links_bg":"","ocean_menu_social_links_color":"","ocean_menu_social_hover_links_color":"","ocean_disable_title":"default","ocean_disable_heading":"default","ocean_post_title":"","ocean_post_subheading":"","ocean_post_title_style":"","ocean_post_title_background_color":"","ocean_post_title_background":0,"ocean_post_title_bg_image_position":"","ocean_post_title_bg_image_attachment":"","ocean_post_title_bg_image_repeat":"","ocean_post_title_bg_image_size":"","ocean_post_title_height":0,"ocean_post_title_bg_overlay":0.5,"ocean_post_title_bg_overlay_color":"","ocean_disable_breadcrumbs":"default","ocean_breadcrumbs_color":"","ocean_breadcrumbs_separator_color":"","ocean_breadcrumbs_links_color":"","ocean_breadcrumbs_links_hover_color":"","ocean_display_footer_widgets":"default","ocean_display_footer_bottom":"default","ocean_custom_footer_template":"","ocean_post_oembed":"","ocean_post_self_hosted_media":"","ocean_post_video_embed":"","ocean_link_format":"","ocean_link_format_target":"self","ocean_quote_format":"","ocean_quote_format_link":"post","ocean_gallery_link_images":"on","ocean_gallery_id":[],"footnotes":""},"categories":[1],"tags":[],"class_list":["post-9715","post","type-post","status-publish","format-standard","has-post-thumbnail","hentry","category-sin-categorizar","entry","has-media"],"acf":[],"yoast_head":"<!-- This site is optimized with the Yoast SEO plugin v27.3 - https:\/\/yoast.com\/product\/yoast-seo-wordpress\/ -->\n<title>Tecnologia emergent per l&#039;accessibilitat en edificis - Fundaci\u00f3n Mutua de Propietarios<\/title>\n<meta name=\"robots\" content=\"index, follow, max-snippet:-1, max-image-preview:large, max-video-preview:-1\" \/>\n<link rel=\"canonical\" href=\"https:\/\/www.fundacionmdp.org\/ca\/tecnologia-emergent-per-laccessibilitat-en-edificis\/\" \/>\n<meta property=\"og:locale\" content=\"ca_ES\" \/>\n<meta property=\"og:type\" content=\"article\" \/>\n<meta property=\"og:title\" content=\"Tecnologia emergent per l&#039;accessibilitat en edificis - Fundaci\u00f3n Mutua de Propietarios\" \/>\n<meta property=\"og:description\" content=\"En l&#8217;era actual, on la tecnologia emergent avan\u00e7a a passos agegantats, el concepte d&#8217;accessibilitat en els edificis est\u00e0 experimentant una revoluci\u00f3 sense precedents. Aquest article recopila 9 tecnologies emergents dissenyades per fer els espais m\u00e9s inclusius i c\u00f2modes per a tothom. Des de l\u2019assistent de veu i sistemes de navegaci\u00f3 interiors fins a s\u00f2ls t\u00e0ctils [&hellip;]\" \/>\n<meta property=\"og:url\" content=\"https:\/\/www.fundacionmdp.org\/ca\/tecnologia-emergent-per-laccessibilitat-en-edificis\/\" \/>\n<meta property=\"og:site_name\" content=\"Fundaci\u00f3n Mutua de Propietarios\" \/>\n<meta property=\"article:published_time\" content=\"2024-02-20T06:46:59+00:00\" \/>\n<meta property=\"article:modified_time\" content=\"2024-02-20T06:47:10+00:00\" \/>\n<meta property=\"og:image\" content=\"https:\/\/www.fundacionmdp.org\/wp-content\/uploads\/2024\/02\/Mobil-y-tecnologia-smart-home.png\" \/>\n\t<meta property=\"og:image:width\" content=\"1080\" \/>\n\t<meta property=\"og:image:height\" content=\"1080\" \/>\n\t<meta property=\"og:image:type\" content=\"image\/png\" \/>\n<meta name=\"author\" content=\"fundacionmdp\" \/>\n<meta name=\"twitter:card\" content=\"summary_large_image\" \/>\n<meta name=\"twitter:label1\" content=\"Escrit per\" \/>\n\t<meta name=\"twitter:data1\" content=\"fundacionmdp\" \/>\n\t<meta name=\"twitter:label2\" content=\"Temps estimat de lectura\" \/>\n\t<meta name=\"twitter:data2\" content=\"6 minuts\" \/>\n<script type=\"application\/ld+json\" class=\"yoast-schema-graph\">{\"@context\":\"https:\\\/\\\/schema.org\",\"@graph\":[{\"@type\":\"Article\",\"@id\":\"https:\\\/\\\/www.fundacionmdp.org\\\/ca\\\/tecnologia-emergent-per-laccessibilitat-en-edificis\\\/#article\",\"isPartOf\":{\"@id\":\"https:\\\/\\\/www.fundacionmdp.org\\\/ca\\\/tecnologia-emergent-per-laccessibilitat-en-edificis\\\/\"},\"author\":{\"name\":\"fundacionmdp\",\"@id\":\"https:\\\/\\\/www.fundacionmdp.org\\\/#\\\/schema\\\/person\\\/12f9af801cac25dfcb5a96cb0090f703\"},\"headline\":\"Tecnologia emergent per l&#8217;accessibilitat en edificis\",\"datePublished\":\"2024-02-20T06:46:59+00:00\",\"dateModified\":\"2024-02-20T06:47:10+00:00\",\"mainEntityOfPage\":{\"@id\":\"https:\\\/\\\/www.fundacionmdp.org\\\/ca\\\/tecnologia-emergent-per-laccessibilitat-en-edificis\\\/\"},\"wordCount\":1205,\"commentCount\":0,\"publisher\":{\"@id\":\"https:\\\/\\\/www.fundacionmdp.org\\\/#organization\"},\"image\":{\"@id\":\"https:\\\/\\\/www.fundacionmdp.org\\\/ca\\\/tecnologia-emergent-per-laccessibilitat-en-edificis\\\/#primaryimage\"},\"thumbnailUrl\":\"https:\\\/\\\/www.fundacionmdp.org\\\/wp-content\\\/uploads\\\/2024\\\/02\\\/Mobil-y-tecnologia-smart-home.png\",\"articleSection\":[\"Sin categorizar\"],\"inLanguage\":\"ca\",\"potentialAction\":[{\"@type\":\"CommentAction\",\"name\":\"Comment\",\"target\":[\"https:\\\/\\\/www.fundacionmdp.org\\\/ca\\\/tecnologia-emergent-per-laccessibilitat-en-edificis\\\/#respond\"]}]},{\"@type\":\"WebPage\",\"@id\":\"https:\\\/\\\/www.fundacionmdp.org\\\/ca\\\/tecnologia-emergent-per-laccessibilitat-en-edificis\\\/\",\"url\":\"https:\\\/\\\/www.fundacionmdp.org\\\/ca\\\/tecnologia-emergent-per-laccessibilitat-en-edificis\\\/\",\"name\":\"Tecnologia emergent per l'accessibilitat en edificis - Fundaci\u00f3n Mutua de Propietarios\",\"isPartOf\":{\"@id\":\"https:\\\/\\\/www.fundacionmdp.org\\\/#website\"},\"primaryImageOfPage\":{\"@id\":\"https:\\\/\\\/www.fundacionmdp.org\\\/ca\\\/tecnologia-emergent-per-laccessibilitat-en-edificis\\\/#primaryimage\"},\"image\":{\"@id\":\"https:\\\/\\\/www.fundacionmdp.org\\\/ca\\\/tecnologia-emergent-per-laccessibilitat-en-edificis\\\/#primaryimage\"},\"thumbnailUrl\":\"https:\\\/\\\/www.fundacionmdp.org\\\/wp-content\\\/uploads\\\/2024\\\/02\\\/Mobil-y-tecnologia-smart-home.png\",\"datePublished\":\"2024-02-20T06:46:59+00:00\",\"dateModified\":\"2024-02-20T06:47:10+00:00\",\"breadcrumb\":{\"@id\":\"https:\\\/\\\/www.fundacionmdp.org\\\/ca\\\/tecnologia-emergent-per-laccessibilitat-en-edificis\\\/#breadcrumb\"},\"inLanguage\":\"ca\",\"potentialAction\":[{\"@type\":\"ReadAction\",\"target\":[\"https:\\\/\\\/www.fundacionmdp.org\\\/ca\\\/tecnologia-emergent-per-laccessibilitat-en-edificis\\\/\"]}]},{\"@type\":\"ImageObject\",\"inLanguage\":\"ca\",\"@id\":\"https:\\\/\\\/www.fundacionmdp.org\\\/ca\\\/tecnologia-emergent-per-laccessibilitat-en-edificis\\\/#primaryimage\",\"url\":\"https:\\\/\\\/www.fundacionmdp.org\\\/wp-content\\\/uploads\\\/2024\\\/02\\\/Mobil-y-tecnologia-smart-home.png\",\"contentUrl\":\"https:\\\/\\\/www.fundacionmdp.org\\\/wp-content\\\/uploads\\\/2024\\\/02\\\/Mobil-y-tecnologia-smart-home.png\",\"width\":1080,\"height\":1080},{\"@type\":\"BreadcrumbList\",\"@id\":\"https:\\\/\\\/www.fundacionmdp.org\\\/ca\\\/tecnologia-emergent-per-laccessibilitat-en-edificis\\\/#breadcrumb\",\"itemListElement\":[{\"@type\":\"ListItem\",\"position\":1,\"name\":\"Home\",\"item\":\"https:\\\/\\\/www.fundacionmdp.org\\\/ca\\\/\"},{\"@type\":\"ListItem\",\"position\":2,\"name\":\"Tecnologia emergent per l&#8217;accessibilitat en edificis\"}]},{\"@type\":\"WebSite\",\"@id\":\"https:\\\/\\\/www.fundacionmdp.org\\\/#website\",\"url\":\"https:\\\/\\\/www.fundacionmdp.org\\\/\",\"name\":\"Fundaci\u00f3n Mutua de Propietarios\",\"description\":\"En la Fundaci\u00f3n Mutua de Propietarios te ayudamos a convertir tu edificio de viviendas en un espacio sin barreras arquitect\u00f3nicas.\",\"publisher\":{\"@id\":\"https:\\\/\\\/www.fundacionmdp.org\\\/#organization\"},\"potentialAction\":[{\"@type\":\"SearchAction\",\"target\":{\"@type\":\"EntryPoint\",\"urlTemplate\":\"https:\\\/\\\/www.fundacionmdp.org\\\/?s={search_term_string}\"},\"query-input\":{\"@type\":\"PropertyValueSpecification\",\"valueRequired\":true,\"valueName\":\"search_term_string\"}}],\"inLanguage\":\"ca\"},{\"@type\":\"Organization\",\"@id\":\"https:\\\/\\\/www.fundacionmdp.org\\\/#organization\",\"name\":\"Fundaci\u00f3n Mutua de Propietarios\",\"url\":\"https:\\\/\\\/www.fundacionmdp.org\\\/\",\"logo\":{\"@type\":\"ImageObject\",\"inLanguage\":\"ca\",\"@id\":\"https:\\\/\\\/www.fundacionmdp.org\\\/#\\\/schema\\\/logo\\\/image\\\/\",\"url\":\"https:\\\/\\\/www.fundacionmdp.org\\\/wp-content\\\/uploads\\\/2023\\\/05\\\/logo_FMdP_cat.png\",\"contentUrl\":\"https:\\\/\\\/www.fundacionmdp.org\\\/wp-content\\\/uploads\\\/2023\\\/05\\\/logo_FMdP_cat.png\",\"width\":655,\"height\":297,\"caption\":\"Fundaci\u00f3n Mutua de Propietarios\"},\"image\":{\"@id\":\"https:\\\/\\\/www.fundacionmdp.org\\\/#\\\/schema\\\/logo\\\/image\\\/\"}},{\"@type\":\"Person\",\"@id\":\"https:\\\/\\\/www.fundacionmdp.org\\\/#\\\/schema\\\/person\\\/12f9af801cac25dfcb5a96cb0090f703\",\"name\":\"fundacionmdp\",\"image\":{\"@type\":\"ImageObject\",\"inLanguage\":\"ca\",\"@id\":\"https:\\\/\\\/secure.gravatar.com\\\/avatar\\\/b540f93d1816a14d85e51109d050c3243b98fb660a665f517a6d2597cff3bbed?s=96&d=mm&r=g\",\"url\":\"https:\\\/\\\/secure.gravatar.com\\\/avatar\\\/b540f93d1816a14d85e51109d050c3243b98fb660a665f517a6d2597cff3bbed?s=96&d=mm&r=g\",\"contentUrl\":\"https:\\\/\\\/secure.gravatar.com\\\/avatar\\\/b540f93d1816a14d85e51109d050c3243b98fb660a665f517a6d2597cff3bbed?s=96&d=mm&r=g\",\"caption\":\"fundacionmdp\"},\"sameAs\":[\"http:\\\/\\\/prezuk.com.mialias.net\\\/fundacionmdp\"],\"url\":\"https:\\\/\\\/www.fundacionmdp.org\\\/ca\\\/author\\\/fundacionmdp\\\/\"}]}<\/script>\n<!-- \/ Yoast SEO plugin. -->","yoast_head_json":{"title":"Tecnologia emergent per l'accessibilitat en edificis - Fundaci\u00f3n Mutua de Propietarios","robots":{"index":"index","follow":"follow","max-snippet":"max-snippet:-1","max-image-preview":"max-image-preview:large","max-video-preview":"max-video-preview:-1"},"canonical":"https:\/\/www.fundacionmdp.org\/ca\/tecnologia-emergent-per-laccessibilitat-en-edificis\/","og_locale":"ca_ES","og_type":"article","og_title":"Tecnologia emergent per l'accessibilitat en edificis - Fundaci\u00f3n Mutua de Propietarios","og_description":"En l&#8217;era actual, on la tecnologia emergent avan\u00e7a a passos agegantats, el concepte d&#8217;accessibilitat en els edificis est\u00e0 experimentant una revoluci\u00f3 sense precedents. Aquest article recopila 9 tecnologies emergents dissenyades per fer els espais m\u00e9s inclusius i c\u00f2modes per a tothom. Des de l\u2019assistent de veu i sistemes de navegaci\u00f3 interiors fins a s\u00f2ls t\u00e0ctils [&hellip;]","og_url":"https:\/\/www.fundacionmdp.org\/ca\/tecnologia-emergent-per-laccessibilitat-en-edificis\/","og_site_name":"Fundaci\u00f3n Mutua de Propietarios","article_published_time":"2024-02-20T06:46:59+00:00","article_modified_time":"2024-02-20T06:47:10+00:00","og_image":[{"width":1080,"height":1080,"url":"https:\/\/www.fundacionmdp.org\/wp-content\/uploads\/2024\/02\/Mobil-y-tecnologia-smart-home.png","type":"image\/png"}],"author":"fundacionmdp","twitter_card":"summary_large_image","twitter_misc":{"Escrit per":"fundacionmdp","Temps estimat de lectura":"6 minuts"},"schema":{"@context":"https:\/\/schema.org","@graph":[{"@type":"Article","@id":"https:\/\/www.fundacionmdp.org\/ca\/tecnologia-emergent-per-laccessibilitat-en-edificis\/#article","isPartOf":{"@id":"https:\/\/www.fundacionmdp.org\/ca\/tecnologia-emergent-per-laccessibilitat-en-edificis\/"},"author":{"name":"fundacionmdp","@id":"https:\/\/www.fundacionmdp.org\/#\/schema\/person\/12f9af801cac25dfcb5a96cb0090f703"},"headline":"Tecnologia emergent per l&#8217;accessibilitat en edificis","datePublished":"2024-02-20T06:46:59+00:00","dateModified":"2024-02-20T06:47:10+00:00","mainEntityOfPage":{"@id":"https:\/\/www.fundacionmdp.org\/ca\/tecnologia-emergent-per-laccessibilitat-en-edificis\/"},"wordCount":1205,"commentCount":0,"publisher":{"@id":"https:\/\/www.fundacionmdp.org\/#organization"},"image":{"@id":"https:\/\/www.fundacionmdp.org\/ca\/tecnologia-emergent-per-laccessibilitat-en-edificis\/#primaryimage"},"thumbnailUrl":"https:\/\/www.fundacionmdp.org\/wp-content\/uploads\/2024\/02\/Mobil-y-tecnologia-smart-home.png","articleSection":["Sin categorizar"],"inLanguage":"ca","potentialAction":[{"@type":"CommentAction","name":"Comment","target":["https:\/\/www.fundacionmdp.org\/ca\/tecnologia-emergent-per-laccessibilitat-en-edificis\/#respond"]}]},{"@type":"WebPage","@id":"https:\/\/www.fundacionmdp.org\/ca\/tecnologia-emergent-per-laccessibilitat-en-edificis\/","url":"https:\/\/www.fundacionmdp.org\/ca\/tecnologia-emergent-per-laccessibilitat-en-edificis\/","name":"Tecnologia emergent per l'accessibilitat en edificis - Fundaci\u00f3n Mutua de Propietarios","isPartOf":{"@id":"https:\/\/www.fundacionmdp.org\/#website"},"primaryImageOfPage":{"@id":"https:\/\/www.fundacionmdp.org\/ca\/tecnologia-emergent-per-laccessibilitat-en-edificis\/#primaryimage"},"image":{"@id":"https:\/\/www.fundacionmdp.org\/ca\/tecnologia-emergent-per-laccessibilitat-en-edificis\/#primaryimage"},"thumbnailUrl":"https:\/\/www.fundacionmdp.org\/wp-content\/uploads\/2024\/02\/Mobil-y-tecnologia-smart-home.png","datePublished":"2024-02-20T06:46:59+00:00","dateModified":"2024-02-20T06:47:10+00:00","breadcrumb":{"@id":"https:\/\/www.fundacionmdp.org\/ca\/tecnologia-emergent-per-laccessibilitat-en-edificis\/#breadcrumb"},"inLanguage":"ca","potentialAction":[{"@type":"ReadAction","target":["https:\/\/www.fundacionmdp.org\/ca\/tecnologia-emergent-per-laccessibilitat-en-edificis\/"]}]},{"@type":"ImageObject","inLanguage":"ca","@id":"https:\/\/www.fundacionmdp.org\/ca\/tecnologia-emergent-per-laccessibilitat-en-edificis\/#primaryimage","url":"https:\/\/www.fundacionmdp.org\/wp-content\/uploads\/2024\/02\/Mobil-y-tecnologia-smart-home.png","contentUrl":"https:\/\/www.fundacionmdp.org\/wp-content\/uploads\/2024\/02\/Mobil-y-tecnologia-smart-home.png","width":1080,"height":1080},{"@type":"BreadcrumbList","@id":"https:\/\/www.fundacionmdp.org\/ca\/tecnologia-emergent-per-laccessibilitat-en-edificis\/#breadcrumb","itemListElement":[{"@type":"ListItem","position":1,"name":"Home","item":"https:\/\/www.fundacionmdp.org\/ca\/"},{"@type":"ListItem","position":2,"name":"Tecnologia emergent per l&#8217;accessibilitat en edificis"}]},{"@type":"WebSite","@id":"https:\/\/www.fundacionmdp.org\/#website","url":"https:\/\/www.fundacionmdp.org\/","name":"Fundaci\u00f3n Mutua de Propietarios","description":"En la Fundaci\u00f3n Mutua de Propietarios te ayudamos a convertir tu edificio de viviendas en un espacio sin barreras arquitect\u00f3nicas.","publisher":{"@id":"https:\/\/www.fundacionmdp.org\/#organization"},"potentialAction":[{"@type":"SearchAction","target":{"@type":"EntryPoint","urlTemplate":"https:\/\/www.fundacionmdp.org\/?s={search_term_string}"},"query-input":{"@type":"PropertyValueSpecification","valueRequired":true,"valueName":"search_term_string"}}],"inLanguage":"ca"},{"@type":"Organization","@id":"https:\/\/www.fundacionmdp.org\/#organization","name":"Fundaci\u00f3n Mutua de Propietarios","url":"https:\/\/www.fundacionmdp.org\/","logo":{"@type":"ImageObject","inLanguage":"ca","@id":"https:\/\/www.fundacionmdp.org\/#\/schema\/logo\/image\/","url":"https:\/\/www.fundacionmdp.org\/wp-content\/uploads\/2023\/05\/logo_FMdP_cat.png","contentUrl":"https:\/\/www.fundacionmdp.org\/wp-content\/uploads\/2023\/05\/logo_FMdP_cat.png","width":655,"height":297,"caption":"Fundaci\u00f3n Mutua de Propietarios"},"image":{"@id":"https:\/\/www.fundacionmdp.org\/#\/schema\/logo\/image\/"}},{"@type":"Person","@id":"https:\/\/www.fundacionmdp.org\/#\/schema\/person\/12f9af801cac25dfcb5a96cb0090f703","name":"fundacionmdp","image":{"@type":"ImageObject","inLanguage":"ca","@id":"https:\/\/secure.gravatar.com\/avatar\/b540f93d1816a14d85e51109d050c3243b98fb660a665f517a6d2597cff3bbed?s=96&d=mm&r=g","url":"https:\/\/secure.gravatar.com\/avatar\/b540f93d1816a14d85e51109d050c3243b98fb660a665f517a6d2597cff3bbed?s=96&d=mm&r=g","contentUrl":"https:\/\/secure.gravatar.com\/avatar\/b540f93d1816a14d85e51109d050c3243b98fb660a665f517a6d2597cff3bbed?s=96&d=mm&r=g","caption":"fundacionmdp"},"sameAs":["http:\/\/prezuk.com.mialias.net\/fundacionmdp"],"url":"https:\/\/www.fundacionmdp.org\/ca\/author\/fundacionmdp\/"}]}},"_links":{"self":[{"href":"https:\/\/www.fundacionmdp.org\/ca\/wp-json\/wp\/v2\/posts\/9715","targetHints":{"allow":["GET"]}}],"collection":[{"href":"https:\/\/www.fundacionmdp.org\/ca\/wp-json\/wp\/v2\/posts"}],"about":[{"href":"https:\/\/www.fundacionmdp.org\/ca\/wp-json\/wp\/v2\/types\/post"}],"author":[{"embeddable":true,"href":"https:\/\/www.fundacionmdp.org\/ca\/wp-json\/wp\/v2\/users\/1"}],"replies":[{"embeddable":true,"href":"https:\/\/www.fundacionmdp.org\/ca\/wp-json\/wp\/v2\/comments?post=9715"}],"version-history":[{"count":4,"href":"https:\/\/www.fundacionmdp.org\/ca\/wp-json\/wp\/v2\/posts\/9715\/revisions"}],"predecessor-version":[{"id":9719,"href":"https:\/\/www.fundacionmdp.org\/ca\/wp-json\/wp\/v2\/posts\/9715\/revisions\/9719"}],"wp:featuredmedia":[{"embeddable":true,"href":"https:\/\/www.fundacionmdp.org\/ca\/wp-json\/wp\/v2\/media\/9706"}],"wp:attachment":[{"href":"https:\/\/www.fundacionmdp.org\/ca\/wp-json\/wp\/v2\/media?parent=9715"}],"wp:term":[{"taxonomy":"category","embeddable":true,"href":"https:\/\/www.fundacionmdp.org\/ca\/wp-json\/wp\/v2\/categories?post=9715"},{"taxonomy":"post_tag","embeddable":true,"href":"https:\/\/www.fundacionmdp.org\/ca\/wp-json\/wp\/v2\/tags?post=9715"}],"curies":[{"name":"wp","href":"https:\/\/api.w.org\/{rel}","templated":true}]}}