{"id":9858,"date":"2024-03-12T12:48:37","date_gmt":"2024-03-12T10:48:37","guid":{"rendered":"https:\/\/www.fundacionmdp.org\/?p=9858"},"modified":"2024-03-12T13:09:30","modified_gmt":"2024-03-12T11:09:30","slug":"oberta-la-setena-convocatoria-dajudes-sense-barreres-per-a-millorar-laccessibilitat-als-edificis-dhabitatges","status":"publish","type":"post","link":"https:\/\/www.fundacionmdp.org\/ca\/oberta-la-setena-convocatoria-dajudes-sense-barreres-per-a-millorar-laccessibilitat-als-edificis-dhabitatges\/","title":{"rendered":"OBERTA LA SETENA CONVOCAT\u00d2RIA D&#8217;AJUDES \u2018SENSE BARRERES\u2019 PER A MILLORAR L&#8217;ACCESSIBILITAT ALS EDIFICIS D&#8217;HABITATGES"},"content":{"rendered":"\n<p>La Fundaci\u00f3 Mutua de Propietarios ha obert una nova convocat\u00f2ria del programa \u2018Sense Barreres\u2019 per a la subvenci\u00f3 d&#8217;obres d&#8217;eliminaci\u00f3 de les barreres arquitect\u00f2niques als edificis d&#8217;habitatges, contribuint aix\u00ed a millorar la qualitat de vida dels residents amb mobilitat redu\u00efda.<\/p>\n\n\n\n<p>Des que en 2018 la Fundaci\u00f3 Mutua de Propietarios va crear aquest programa, s&#8217;han concedit m\u00e9s d&#8217;1.187.000\u20ac en ajudes per a la millora de l&#8217;accessibilitat als edificis d&#8217;habitatges, de les quals s&#8217;han beneficiat 512 persones amb mobilitat redu\u00efda que ja poden accedir d&#8217;una manera aut\u00f2noma a casa seva, 1.489 habitatges i un total de 3.700 ve\u00efns.<\/p>\n\n\n\n<p>Amb una dotaci\u00f3 de 150.000\u20ac, el programa va dirigit a les comunitats de propietaris de la Comunitat de Madrid i de Barcelona i a la seva \u00e0rea metropolitana en les quals resideixi, almenys, una&nbsp;persona&nbsp;major de 75 anys o que tingui mobilitat redu\u00efda a causa d&#8217;una discapacitat.<\/p>\n\n\n\n<p>La quantia de les ajudes ascendeix al 50% de la suma del pressupost per a l&#8217;execuci\u00f3 de l&#8217;obra d&#8217;accessibilitat i els honoraris t\u00e8cnics per a la redacci\u00f3 del projecte i la direcci\u00f3 d&#8217;obra, fins a un m\u00e0xim de 15.000\u20ac per comunitat.<\/p>\n\n\n\n<p>Els qui desitgin presentar la seva sol\u00b7licitud podran fer-ho a trav\u00e9s de la Plataforma d&#8217;Ajudes de la <a href=\"https:\/\/www.fundacionmdp.org\/ca\/fes-ten-soci\/\">Fundaci\u00f3 Mutua de Propietarios<\/a>, renovada en 2023 i en la qual s&#8217;ha millorat l&#8217;experi\u00e8ncia de l\u2019usuari, la tra\u00e7abilitat i la transpar\u00e8ncia.<\/p>\n\n\n\n<p><br>A m\u00e9s, es reobre el finan\u00e7ament al 0% d&#8217;interessos per a ajudes a les obres d&#8217;accessibilitat a<br>les comunitats de ve\u00efns de tota Espanya on resideixin persones amb mobilitat redu\u00efda o persones majors de 65 anys. Fins a la data, el programa de la Fundaci\u00f3 Mutua de\u00a0Propietarios\u00a0ha subvencionat els interessos de pr\u00e9stecs per valor d&#8217;1.193.000\u20ac de capital.<\/p>\n\n\n\n<p><br>\u201cEn el nostre desig de millorar la qualitat de les persones amb mobilitat redu\u00efda que resideixen en edificis plurifamiliars hem millorat el proc\u00e9s de sol\u00b7licitud de les ajudes que realitzen les&nbsp;comunitats&nbsp;de propietaris simplificant el proc\u00e9s de presentaci\u00f3 de la documentaci\u00f3 per a fer-lo m\u00e9s f\u00e0cil i intu\u00eftiu, aix\u00ed com l&#8217;acc\u00e9s a l&#8217;estat de les sol\u00b7licituds, notificacions i&nbsp;comentaris&nbsp;que poguessin haver-hi\u201d, explica Laura L\u00f3pez&nbsp;Demarbre, vicepresidenta executiva de la Fundaci\u00f3 Mutua de Propietarios.<\/p>\n\n\n\n<p>Segons l&#8217;estudi \u2018L\u2019accessibilitat en l&#8217;Habitatge, despesa o inversi\u00f3?\u2019, realitzat per la Fundaci\u00f3 Mutua de Propietarios, el 87% dels edificis d&#8217;habitatges necessitaria realitzar actuacions d&#8217;eliminaci\u00f3 de les barreres arquitect\u00f2niques com ara la instal\u00b7laci\u00f3 d&#8217;un ascensor, la supressi\u00f3 de desnivells, l\u2019adequaci\u00f3 o l\u2019eixamplament de portes, la construcci\u00f3 de rampes o passadissos,&nbsp;l\u2019ampliaci\u00f3&nbsp;de parades, i, excepcionalment, la instal\u00b7laci\u00f3 d&#8217;aparells elevadors. Malgrat tot, a Catalunya, en un 47% de les vegades aquestes obres no s&#8217;arriben a realitzar per motius econ\u00f2mics, especialment si es supera la barrera dels 2.000\u20ac.<\/p>\n","protected":false},"excerpt":{"rendered":"<p>La Fundaci\u00f3 Mutua de Propietarios ha obert una nova convocat\u00f2ria del programa \u2018Sense Barreres\u2019 per a la subvenci\u00f3 d&#8217;obres d&#8217;eliminaci\u00f3 de les barreres arquitect\u00f2niques als edificis d&#8217;habitatges, contribuint aix\u00ed a millorar la qualitat de vida dels residents amb mobilitat redu\u00efda. Des que en 2018 la Fundaci\u00f3 Mutua de Propietarios va crear aquest programa, s&#8217;han concedit [&hellip;]<\/p>\n","protected":false},"author":29,"featured_media":9847,"comment_status":"open","ping_status":"open","sticky":false,"template":"","format":"standard","meta":{"_acf_changed":false,"ocean_post_layout":"","ocean_both_sidebars_style":"","ocean_both_sidebars_content_width":0,"ocean_both_sidebars_sidebars_width":0,"ocean_sidebar":"","ocean_second_sidebar":"","ocean_disable_margins":"enable","ocean_add_body_class":"","ocean_shortcode_before_top_bar":"","ocean_shortcode_after_top_bar":"","ocean_shortcode_before_header":"","ocean_shortcode_after_header":"","ocean_has_shortcode":"","ocean_shortcode_after_title":"","ocean_shortcode_before_footer_widgets":"","ocean_shortcode_after_footer_widgets":"","ocean_shortcode_before_footer_bottom":"","ocean_shortcode_after_footer_bottom":"","ocean_display_top_bar":"default","ocean_display_header":"default","ocean_header_style":"","ocean_center_header_left_menu":"","ocean_custom_header_template":"","ocean_custom_logo":0,"ocean_custom_retina_logo":0,"ocean_custom_logo_max_width":0,"ocean_custom_logo_tablet_max_width":0,"ocean_custom_logo_mobile_max_width":0,"ocean_custom_logo_max_height":0,"ocean_custom_logo_tablet_max_height":0,"ocean_custom_logo_mobile_max_height":0,"ocean_header_custom_menu":"","ocean_menu_typo_font_family":"","ocean_menu_typo_font_subset":"","ocean_menu_typo_font_size":0,"ocean_menu_typo_font_size_tablet":0,"ocean_menu_typo_font_size_mobile":0,"ocean_menu_typo_font_size_unit":"px","ocean_menu_typo_font_weight":"","ocean_menu_typo_font_weight_tablet":"","ocean_menu_typo_font_weight_mobile":"","ocean_menu_typo_transform":"","ocean_menu_typo_transform_tablet":"","ocean_menu_typo_transform_mobile":"","ocean_menu_typo_line_height":0,"ocean_menu_typo_line_height_tablet":0,"ocean_menu_typo_line_height_mobile":0,"ocean_menu_typo_line_height_unit":"","ocean_menu_typo_spacing":0,"ocean_menu_typo_spacing_tablet":0,"ocean_menu_typo_spacing_mobile":0,"ocean_menu_typo_spacing_unit":"","ocean_menu_link_color":"","ocean_menu_link_color_hover":"","ocean_menu_link_color_active":"","ocean_menu_link_background":"","ocean_menu_link_hover_background":"","ocean_menu_link_active_background":"","ocean_menu_social_links_bg":"","ocean_menu_social_hover_links_bg":"","ocean_menu_social_links_color":"","ocean_menu_social_hover_links_color":"","ocean_disable_title":"default","ocean_disable_heading":"default","ocean_post_title":"","ocean_post_subheading":"","ocean_post_title_style":"","ocean_post_title_background_color":"","ocean_post_title_background":0,"ocean_post_title_bg_image_position":"","ocean_post_title_bg_image_attachment":"","ocean_post_title_bg_image_repeat":"","ocean_post_title_bg_image_size":"","ocean_post_title_height":0,"ocean_post_title_bg_overlay":0.5,"ocean_post_title_bg_overlay_color":"","ocean_disable_breadcrumbs":"default","ocean_breadcrumbs_color":"","ocean_breadcrumbs_separator_color":"","ocean_breadcrumbs_links_color":"","ocean_breadcrumbs_links_hover_color":"","ocean_display_footer_widgets":"default","ocean_display_footer_bottom":"default","ocean_custom_footer_template":"","ocean_post_oembed":"","ocean_post_self_hosted_media":"","ocean_post_video_embed":"","ocean_link_format":"","ocean_link_format_target":"self","ocean_quote_format":"","ocean_quote_format_link":"post","ocean_gallery_link_images":"on","ocean_gallery_id":[],"footnotes":""},"categories":[1],"tags":[],"class_list":["post-9858","post","type-post","status-publish","format-standard","has-post-thumbnail","hentry","category-sin-categorizar","entry","has-media"],"acf":[],"yoast_head":"<!-- This site is optimized with the Yoast SEO plugin v27.3 - https:\/\/yoast.com\/product\/yoast-seo-wordpress\/ -->\n<title>OBERTA LA SETENA CONVOCAT\u00d2RIA D&#039;AJUDES \u2018SENSE BARRERES\u2019 PER A MILLORAR L&#039;ACCESSIBILITAT ALS EDIFICIS D&#039;HABITATGES - Fundaci\u00f3n Mutua de Propietarios<\/title>\n<meta name=\"robots\" content=\"index, follow, max-snippet:-1, max-image-preview:large, max-video-preview:-1\" \/>\n<link rel=\"canonical\" href=\"https:\/\/www.fundacionmdp.org\/ca\/oberta-la-setena-convocatoria-dajudes-sense-barreres-per-a-millorar-laccessibilitat-als-edificis-dhabitatges\/\" \/>\n<meta property=\"og:locale\" content=\"ca_ES\" \/>\n<meta property=\"og:type\" content=\"article\" \/>\n<meta property=\"og:title\" content=\"OBERTA LA SETENA CONVOCAT\u00d2RIA D&#039;AJUDES \u2018SENSE BARRERES\u2019 PER A MILLORAR L&#039;ACCESSIBILITAT ALS EDIFICIS D&#039;HABITATGES - Fundaci\u00f3n Mutua de Propietarios\" \/>\n<meta property=\"og:description\" content=\"La Fundaci\u00f3 Mutua de Propietarios ha obert una nova convocat\u00f2ria del programa \u2018Sense Barreres\u2019 per a la subvenci\u00f3 d&#8217;obres d&#8217;eliminaci\u00f3 de les barreres arquitect\u00f2niques als edificis d&#8217;habitatges, contribuint aix\u00ed a millorar la qualitat de vida dels residents amb mobilitat redu\u00efda. Des que en 2018 la Fundaci\u00f3 Mutua de Propietarios va crear aquest programa, s&#8217;han concedit [&hellip;]\" \/>\n<meta property=\"og:url\" content=\"https:\/\/www.fundacionmdp.org\/ca\/oberta-la-setena-convocatoria-dajudes-sense-barreres-per-a-millorar-laccessibilitat-als-edificis-dhabitatges\/\" \/>\n<meta property=\"og:site_name\" content=\"Fundaci\u00f3n Mutua de Propietarios\" \/>\n<meta property=\"article:published_time\" content=\"2024-03-12T10:48:37+00:00\" \/>\n<meta property=\"article:modified_time\" content=\"2024-03-12T11:09:30+00:00\" \/>\n<meta property=\"og:image\" content=\"https:\/\/www.fundacionmdp.org\/wp-content\/uploads\/2024\/03\/PLANTILLA_APARTADO-NOTICIAS_FUNDACION_-2-40.png\" \/>\n\t<meta property=\"og:image:width\" content=\"1080\" \/>\n\t<meta property=\"og:image:height\" content=\"1080\" \/>\n\t<meta property=\"og:image:type\" content=\"image\/png\" \/>\n<meta name=\"author\" content=\"consultinglasker@gmail.com\" \/>\n<meta name=\"twitter:card\" content=\"summary_large_image\" \/>\n<meta name=\"twitter:label1\" content=\"Escrit per\" \/>\n\t<meta name=\"twitter:data1\" content=\"consultinglasker@gmail.com\" \/>\n\t<meta name=\"twitter:label2\" content=\"Temps estimat de lectura\" \/>\n\t<meta name=\"twitter:data2\" content=\"2 minuts\" \/>\n<script type=\"application\/ld+json\" class=\"yoast-schema-graph\">{\"@context\":\"https:\\\/\\\/schema.org\",\"@graph\":[{\"@type\":\"Article\",\"@id\":\"https:\\\/\\\/www.fundacionmdp.org\\\/ca\\\/oberta-la-setena-convocatoria-dajudes-sense-barreres-per-a-millorar-laccessibilitat-als-edificis-dhabitatges\\\/#article\",\"isPartOf\":{\"@id\":\"https:\\\/\\\/www.fundacionmdp.org\\\/ca\\\/oberta-la-setena-convocatoria-dajudes-sense-barreres-per-a-millorar-laccessibilitat-als-edificis-dhabitatges\\\/\"},\"author\":{\"name\":\"consultinglasker@gmail.com\",\"@id\":\"https:\\\/\\\/www.fundacionmdp.org\\\/#\\\/schema\\\/person\\\/0a0491f126b8cd8387f8f0da72129079\"},\"headline\":\"OBERTA LA SETENA CONVOCAT\u00d2RIA D&#8217;AJUDES \u2018SENSE BARRERES\u2019 PER A MILLORAR L&#8217;ACCESSIBILITAT ALS EDIFICIS D&#8217;HABITATGES\",\"datePublished\":\"2024-03-12T10:48:37+00:00\",\"dateModified\":\"2024-03-12T11:09:30+00:00\",\"mainEntityOfPage\":{\"@id\":\"https:\\\/\\\/www.fundacionmdp.org\\\/ca\\\/oberta-la-setena-convocatoria-dajudes-sense-barreres-per-a-millorar-laccessibilitat-als-edificis-dhabitatges\\\/\"},\"wordCount\":520,\"commentCount\":0,\"publisher\":{\"@id\":\"https:\\\/\\\/www.fundacionmdp.org\\\/#organization\"},\"image\":{\"@id\":\"https:\\\/\\\/www.fundacionmdp.org\\\/ca\\\/oberta-la-setena-convocatoria-dajudes-sense-barreres-per-a-millorar-laccessibilitat-als-edificis-dhabitatges\\\/#primaryimage\"},\"thumbnailUrl\":\"https:\\\/\\\/www.fundacionmdp.org\\\/wp-content\\\/uploads\\\/2024\\\/03\\\/PLANTILLA_APARTADO-NOTICIAS_FUNDACION_-2-40.png\",\"articleSection\":[\"Sin categorizar\"],\"inLanguage\":\"ca\",\"potentialAction\":[{\"@type\":\"CommentAction\",\"name\":\"Comment\",\"target\":[\"https:\\\/\\\/www.fundacionmdp.org\\\/ca\\\/oberta-la-setena-convocatoria-dajudes-sense-barreres-per-a-millorar-laccessibilitat-als-edificis-dhabitatges\\\/#respond\"]}]},{\"@type\":\"WebPage\",\"@id\":\"https:\\\/\\\/www.fundacionmdp.org\\\/ca\\\/oberta-la-setena-convocatoria-dajudes-sense-barreres-per-a-millorar-laccessibilitat-als-edificis-dhabitatges\\\/\",\"url\":\"https:\\\/\\\/www.fundacionmdp.org\\\/ca\\\/oberta-la-setena-convocatoria-dajudes-sense-barreres-per-a-millorar-laccessibilitat-als-edificis-dhabitatges\\\/\",\"name\":\"OBERTA LA SETENA CONVOCAT\u00d2RIA D'AJUDES \u2018SENSE BARRERES\u2019 PER A MILLORAR L'ACCESSIBILITAT ALS EDIFICIS D'HABITATGES - Fundaci\u00f3n Mutua de Propietarios\",\"isPartOf\":{\"@id\":\"https:\\\/\\\/www.fundacionmdp.org\\\/#website\"},\"primaryImageOfPage\":{\"@id\":\"https:\\\/\\\/www.fundacionmdp.org\\\/ca\\\/oberta-la-setena-convocatoria-dajudes-sense-barreres-per-a-millorar-laccessibilitat-als-edificis-dhabitatges\\\/#primaryimage\"},\"image\":{\"@id\":\"https:\\\/\\\/www.fundacionmdp.org\\\/ca\\\/oberta-la-setena-convocatoria-dajudes-sense-barreres-per-a-millorar-laccessibilitat-als-edificis-dhabitatges\\\/#primaryimage\"},\"thumbnailUrl\":\"https:\\\/\\\/www.fundacionmdp.org\\\/wp-content\\\/uploads\\\/2024\\\/03\\\/PLANTILLA_APARTADO-NOTICIAS_FUNDACION_-2-40.png\",\"datePublished\":\"2024-03-12T10:48:37+00:00\",\"dateModified\":\"2024-03-12T11:09:30+00:00\",\"breadcrumb\":{\"@id\":\"https:\\\/\\\/www.fundacionmdp.org\\\/ca\\\/oberta-la-setena-convocatoria-dajudes-sense-barreres-per-a-millorar-laccessibilitat-als-edificis-dhabitatges\\\/#breadcrumb\"},\"inLanguage\":\"ca\",\"potentialAction\":[{\"@type\":\"ReadAction\",\"target\":[\"https:\\\/\\\/www.fundacionmdp.org\\\/ca\\\/oberta-la-setena-convocatoria-dajudes-sense-barreres-per-a-millorar-laccessibilitat-als-edificis-dhabitatges\\\/\"]}]},{\"@type\":\"ImageObject\",\"inLanguage\":\"ca\",\"@id\":\"https:\\\/\\\/www.fundacionmdp.org\\\/ca\\\/oberta-la-setena-convocatoria-dajudes-sense-barreres-per-a-millorar-laccessibilitat-als-edificis-dhabitatges\\\/#primaryimage\",\"url\":\"https:\\\/\\\/www.fundacionmdp.org\\\/wp-content\\\/uploads\\\/2024\\\/03\\\/PLANTILLA_APARTADO-NOTICIAS_FUNDACION_-2-40.png\",\"contentUrl\":\"https:\\\/\\\/www.fundacionmdp.org\\\/wp-content\\\/uploads\\\/2024\\\/03\\\/PLANTILLA_APARTADO-NOTICIAS_FUNDACION_-2-40.png\",\"width\":1080,\"height\":1080},{\"@type\":\"BreadcrumbList\",\"@id\":\"https:\\\/\\\/www.fundacionmdp.org\\\/ca\\\/oberta-la-setena-convocatoria-dajudes-sense-barreres-per-a-millorar-laccessibilitat-als-edificis-dhabitatges\\\/#breadcrumb\",\"itemListElement\":[{\"@type\":\"ListItem\",\"position\":1,\"name\":\"Home\",\"item\":\"https:\\\/\\\/www.fundacionmdp.org\\\/ca\\\/\"},{\"@type\":\"ListItem\",\"position\":2,\"name\":\"OBERTA LA SETENA CONVOCAT\u00d2RIA D&#8217;AJUDES \u2018SENSE BARRERES\u2019 PER A MILLORAR L&#8217;ACCESSIBILITAT ALS EDIFICIS D&#8217;HABITATGES\"}]},{\"@type\":\"WebSite\",\"@id\":\"https:\\\/\\\/www.fundacionmdp.org\\\/#website\",\"url\":\"https:\\\/\\\/www.fundacionmdp.org\\\/\",\"name\":\"Fundaci\u00f3n Mutua de Propietarios\",\"description\":\"En la Fundaci\u00f3n Mutua de Propietarios te ayudamos a convertir tu edificio de viviendas en un espacio sin barreras arquitect\u00f3nicas.\",\"publisher\":{\"@id\":\"https:\\\/\\\/www.fundacionmdp.org\\\/#organization\"},\"potentialAction\":[{\"@type\":\"SearchAction\",\"target\":{\"@type\":\"EntryPoint\",\"urlTemplate\":\"https:\\\/\\\/www.fundacionmdp.org\\\/?s={search_term_string}\"},\"query-input\":{\"@type\":\"PropertyValueSpecification\",\"valueRequired\":true,\"valueName\":\"search_term_string\"}}],\"inLanguage\":\"ca\"},{\"@type\":\"Organization\",\"@id\":\"https:\\\/\\\/www.fundacionmdp.org\\\/#organization\",\"name\":\"Fundaci\u00f3n Mutua de Propietarios\",\"url\":\"https:\\\/\\\/www.fundacionmdp.org\\\/\",\"logo\":{\"@type\":\"ImageObject\",\"inLanguage\":\"ca\",\"@id\":\"https:\\\/\\\/www.fundacionmdp.org\\\/#\\\/schema\\\/logo\\\/image\\\/\",\"url\":\"https:\\\/\\\/www.fundacionmdp.org\\\/wp-content\\\/uploads\\\/2023\\\/05\\\/logo_FMdP_cat.png\",\"contentUrl\":\"https:\\\/\\\/www.fundacionmdp.org\\\/wp-content\\\/uploads\\\/2023\\\/05\\\/logo_FMdP_cat.png\",\"width\":655,\"height\":297,\"caption\":\"Fundaci\u00f3n Mutua de Propietarios\"},\"image\":{\"@id\":\"https:\\\/\\\/www.fundacionmdp.org\\\/#\\\/schema\\\/logo\\\/image\\\/\"}},{\"@type\":\"Person\",\"@id\":\"https:\\\/\\\/www.fundacionmdp.org\\\/#\\\/schema\\\/person\\\/0a0491f126b8cd8387f8f0da72129079\",\"name\":\"consultinglasker@gmail.com\",\"image\":{\"@type\":\"ImageObject\",\"inLanguage\":\"ca\",\"@id\":\"https:\\\/\\\/secure.gravatar.com\\\/avatar\\\/7a939fbe5ab9abbba5f8a779e3054b4bee69cfadd53950db933d836ae1fc6281?s=96&d=mm&r=g\",\"url\":\"https:\\\/\\\/secure.gravatar.com\\\/avatar\\\/7a939fbe5ab9abbba5f8a779e3054b4bee69cfadd53950db933d836ae1fc6281?s=96&d=mm&r=g\",\"contentUrl\":\"https:\\\/\\\/secure.gravatar.com\\\/avatar\\\/7a939fbe5ab9abbba5f8a779e3054b4bee69cfadd53950db933d836ae1fc6281?s=96&d=mm&r=g\",\"caption\":\"consultinglasker@gmail.com\"},\"url\":\"https:\\\/\\\/www.fundacionmdp.org\\\/ca\\\/author\\\/consultinglaskergmail-com\\\/\"}]}<\/script>\n<!-- \/ Yoast SEO plugin. -->","yoast_head_json":{"title":"OBERTA LA SETENA CONVOCAT\u00d2RIA D'AJUDES \u2018SENSE BARRERES\u2019 PER A MILLORAR L'ACCESSIBILITAT ALS EDIFICIS D'HABITATGES - Fundaci\u00f3n Mutua de Propietarios","robots":{"index":"index","follow":"follow","max-snippet":"max-snippet:-1","max-image-preview":"max-image-preview:large","max-video-preview":"max-video-preview:-1"},"canonical":"https:\/\/www.fundacionmdp.org\/ca\/oberta-la-setena-convocatoria-dajudes-sense-barreres-per-a-millorar-laccessibilitat-als-edificis-dhabitatges\/","og_locale":"ca_ES","og_type":"article","og_title":"OBERTA LA SETENA CONVOCAT\u00d2RIA D'AJUDES \u2018SENSE BARRERES\u2019 PER A MILLORAR L'ACCESSIBILITAT ALS EDIFICIS D'HABITATGES - Fundaci\u00f3n Mutua de Propietarios","og_description":"La Fundaci\u00f3 Mutua de Propietarios ha obert una nova convocat\u00f2ria del programa \u2018Sense Barreres\u2019 per a la subvenci\u00f3 d&#8217;obres d&#8217;eliminaci\u00f3 de les barreres arquitect\u00f2niques als edificis d&#8217;habitatges, contribuint aix\u00ed a millorar la qualitat de vida dels residents amb mobilitat redu\u00efda. Des que en 2018 la Fundaci\u00f3 Mutua de Propietarios va crear aquest programa, s&#8217;han concedit [&hellip;]","og_url":"https:\/\/www.fundacionmdp.org\/ca\/oberta-la-setena-convocatoria-dajudes-sense-barreres-per-a-millorar-laccessibilitat-als-edificis-dhabitatges\/","og_site_name":"Fundaci\u00f3n Mutua de Propietarios","article_published_time":"2024-03-12T10:48:37+00:00","article_modified_time":"2024-03-12T11:09:30+00:00","og_image":[{"width":1080,"height":1080,"url":"https:\/\/www.fundacionmdp.org\/wp-content\/uploads\/2024\/03\/PLANTILLA_APARTADO-NOTICIAS_FUNDACION_-2-40.png","type":"image\/png"}],"author":"consultinglasker@gmail.com","twitter_card":"summary_large_image","twitter_misc":{"Escrit per":"consultinglasker@gmail.com","Temps estimat de lectura":"2 minuts"},"schema":{"@context":"https:\/\/schema.org","@graph":[{"@type":"Article","@id":"https:\/\/www.fundacionmdp.org\/ca\/oberta-la-setena-convocatoria-dajudes-sense-barreres-per-a-millorar-laccessibilitat-als-edificis-dhabitatges\/#article","isPartOf":{"@id":"https:\/\/www.fundacionmdp.org\/ca\/oberta-la-setena-convocatoria-dajudes-sense-barreres-per-a-millorar-laccessibilitat-als-edificis-dhabitatges\/"},"author":{"name":"consultinglasker@gmail.com","@id":"https:\/\/www.fundacionmdp.org\/#\/schema\/person\/0a0491f126b8cd8387f8f0da72129079"},"headline":"OBERTA LA SETENA CONVOCAT\u00d2RIA D&#8217;AJUDES \u2018SENSE BARRERES\u2019 PER A MILLORAR L&#8217;ACCESSIBILITAT ALS EDIFICIS D&#8217;HABITATGES","datePublished":"2024-03-12T10:48:37+00:00","dateModified":"2024-03-12T11:09:30+00:00","mainEntityOfPage":{"@id":"https:\/\/www.fundacionmdp.org\/ca\/oberta-la-setena-convocatoria-dajudes-sense-barreres-per-a-millorar-laccessibilitat-als-edificis-dhabitatges\/"},"wordCount":520,"commentCount":0,"publisher":{"@id":"https:\/\/www.fundacionmdp.org\/#organization"},"image":{"@id":"https:\/\/www.fundacionmdp.org\/ca\/oberta-la-setena-convocatoria-dajudes-sense-barreres-per-a-millorar-laccessibilitat-als-edificis-dhabitatges\/#primaryimage"},"thumbnailUrl":"https:\/\/www.fundacionmdp.org\/wp-content\/uploads\/2024\/03\/PLANTILLA_APARTADO-NOTICIAS_FUNDACION_-2-40.png","articleSection":["Sin categorizar"],"inLanguage":"ca","potentialAction":[{"@type":"CommentAction","name":"Comment","target":["https:\/\/www.fundacionmdp.org\/ca\/oberta-la-setena-convocatoria-dajudes-sense-barreres-per-a-millorar-laccessibilitat-als-edificis-dhabitatges\/#respond"]}]},{"@type":"WebPage","@id":"https:\/\/www.fundacionmdp.org\/ca\/oberta-la-setena-convocatoria-dajudes-sense-barreres-per-a-millorar-laccessibilitat-als-edificis-dhabitatges\/","url":"https:\/\/www.fundacionmdp.org\/ca\/oberta-la-setena-convocatoria-dajudes-sense-barreres-per-a-millorar-laccessibilitat-als-edificis-dhabitatges\/","name":"OBERTA LA SETENA CONVOCAT\u00d2RIA D'AJUDES \u2018SENSE BARRERES\u2019 PER A MILLORAR L'ACCESSIBILITAT ALS EDIFICIS D'HABITATGES - Fundaci\u00f3n Mutua de Propietarios","isPartOf":{"@id":"https:\/\/www.fundacionmdp.org\/#website"},"primaryImageOfPage":{"@id":"https:\/\/www.fundacionmdp.org\/ca\/oberta-la-setena-convocatoria-dajudes-sense-barreres-per-a-millorar-laccessibilitat-als-edificis-dhabitatges\/#primaryimage"},"image":{"@id":"https:\/\/www.fundacionmdp.org\/ca\/oberta-la-setena-convocatoria-dajudes-sense-barreres-per-a-millorar-laccessibilitat-als-edificis-dhabitatges\/#primaryimage"},"thumbnailUrl":"https:\/\/www.fundacionmdp.org\/wp-content\/uploads\/2024\/03\/PLANTILLA_APARTADO-NOTICIAS_FUNDACION_-2-40.png","datePublished":"2024-03-12T10:48:37+00:00","dateModified":"2024-03-12T11:09:30+00:00","breadcrumb":{"@id":"https:\/\/www.fundacionmdp.org\/ca\/oberta-la-setena-convocatoria-dajudes-sense-barreres-per-a-millorar-laccessibilitat-als-edificis-dhabitatges\/#breadcrumb"},"inLanguage":"ca","potentialAction":[{"@type":"ReadAction","target":["https:\/\/www.fundacionmdp.org\/ca\/oberta-la-setena-convocatoria-dajudes-sense-barreres-per-a-millorar-laccessibilitat-als-edificis-dhabitatges\/"]}]},{"@type":"ImageObject","inLanguage":"ca","@id":"https:\/\/www.fundacionmdp.org\/ca\/oberta-la-setena-convocatoria-dajudes-sense-barreres-per-a-millorar-laccessibilitat-als-edificis-dhabitatges\/#primaryimage","url":"https:\/\/www.fundacionmdp.org\/wp-content\/uploads\/2024\/03\/PLANTILLA_APARTADO-NOTICIAS_FUNDACION_-2-40.png","contentUrl":"https:\/\/www.fundacionmdp.org\/wp-content\/uploads\/2024\/03\/PLANTILLA_APARTADO-NOTICIAS_FUNDACION_-2-40.png","width":1080,"height":1080},{"@type":"BreadcrumbList","@id":"https:\/\/www.fundacionmdp.org\/ca\/oberta-la-setena-convocatoria-dajudes-sense-barreres-per-a-millorar-laccessibilitat-als-edificis-dhabitatges\/#breadcrumb","itemListElement":[{"@type":"ListItem","position":1,"name":"Home","item":"https:\/\/www.fundacionmdp.org\/ca\/"},{"@type":"ListItem","position":2,"name":"OBERTA LA SETENA CONVOCAT\u00d2RIA D&#8217;AJUDES \u2018SENSE BARRERES\u2019 PER A MILLORAR L&#8217;ACCESSIBILITAT ALS EDIFICIS D&#8217;HABITATGES"}]},{"@type":"WebSite","@id":"https:\/\/www.fundacionmdp.org\/#website","url":"https:\/\/www.fundacionmdp.org\/","name":"Fundaci\u00f3n Mutua de Propietarios","description":"En la Fundaci\u00f3n Mutua de Propietarios te ayudamos a convertir tu edificio de viviendas en un espacio sin barreras arquitect\u00f3nicas.","publisher":{"@id":"https:\/\/www.fundacionmdp.org\/#organization"},"potentialAction":[{"@type":"SearchAction","target":{"@type":"EntryPoint","urlTemplate":"https:\/\/www.fundacionmdp.org\/?s={search_term_string}"},"query-input":{"@type":"PropertyValueSpecification","valueRequired":true,"valueName":"search_term_string"}}],"inLanguage":"ca"},{"@type":"Organization","@id":"https:\/\/www.fundacionmdp.org\/#organization","name":"Fundaci\u00f3n Mutua de Propietarios","url":"https:\/\/www.fundacionmdp.org\/","logo":{"@type":"ImageObject","inLanguage":"ca","@id":"https:\/\/www.fundacionmdp.org\/#\/schema\/logo\/image\/","url":"https:\/\/www.fundacionmdp.org\/wp-content\/uploads\/2023\/05\/logo_FMdP_cat.png","contentUrl":"https:\/\/www.fundacionmdp.org\/wp-content\/uploads\/2023\/05\/logo_FMdP_cat.png","width":655,"height":297,"caption":"Fundaci\u00f3n Mutua de Propietarios"},"image":{"@id":"https:\/\/www.fundacionmdp.org\/#\/schema\/logo\/image\/"}},{"@type":"Person","@id":"https:\/\/www.fundacionmdp.org\/#\/schema\/person\/0a0491f126b8cd8387f8f0da72129079","name":"consultinglasker@gmail.com","image":{"@type":"ImageObject","inLanguage":"ca","@id":"https:\/\/secure.gravatar.com\/avatar\/7a939fbe5ab9abbba5f8a779e3054b4bee69cfadd53950db933d836ae1fc6281?s=96&d=mm&r=g","url":"https:\/\/secure.gravatar.com\/avatar\/7a939fbe5ab9abbba5f8a779e3054b4bee69cfadd53950db933d836ae1fc6281?s=96&d=mm&r=g","contentUrl":"https:\/\/secure.gravatar.com\/avatar\/7a939fbe5ab9abbba5f8a779e3054b4bee69cfadd53950db933d836ae1fc6281?s=96&d=mm&r=g","caption":"consultinglasker@gmail.com"},"url":"https:\/\/www.fundacionmdp.org\/ca\/author\/consultinglaskergmail-com\/"}]}},"_links":{"self":[{"href":"https:\/\/www.fundacionmdp.org\/ca\/wp-json\/wp\/v2\/posts\/9858","targetHints":{"allow":["GET"]}}],"collection":[{"href":"https:\/\/www.fundacionmdp.org\/ca\/wp-json\/wp\/v2\/posts"}],"about":[{"href":"https:\/\/www.fundacionmdp.org\/ca\/wp-json\/wp\/v2\/types\/post"}],"author":[{"embeddable":true,"href":"https:\/\/www.fundacionmdp.org\/ca\/wp-json\/wp\/v2\/users\/29"}],"replies":[{"embeddable":true,"href":"https:\/\/www.fundacionmdp.org\/ca\/wp-json\/wp\/v2\/comments?post=9858"}],"version-history":[{"count":1,"href":"https:\/\/www.fundacionmdp.org\/ca\/wp-json\/wp\/v2\/posts\/9858\/revisions"}],"predecessor-version":[{"id":9859,"href":"https:\/\/www.fundacionmdp.org\/ca\/wp-json\/wp\/v2\/posts\/9858\/revisions\/9859"}],"wp:featuredmedia":[{"embeddable":true,"href":"https:\/\/www.fundacionmdp.org\/ca\/wp-json\/wp\/v2\/media\/9847"}],"wp:attachment":[{"href":"https:\/\/www.fundacionmdp.org\/ca\/wp-json\/wp\/v2\/media?parent=9858"}],"wp:term":[{"taxonomy":"category","embeddable":true,"href":"https:\/\/www.fundacionmdp.org\/ca\/wp-json\/wp\/v2\/categories?post=9858"},{"taxonomy":"post_tag","embeddable":true,"href":"https:\/\/www.fundacionmdp.org\/ca\/wp-json\/wp\/v2\/tags?post=9858"}],"curies":[{"name":"wp","href":"https:\/\/api.w.org\/{rel}","templated":true}]}}