{"id":9893,"date":"2024-04-18T10:46:31","date_gmt":"2024-04-18T08:46:31","guid":{"rendered":"https:\/\/www.fundacionmdp.org\/?p=9893"},"modified":"2024-04-18T10:45:53","modified_gmt":"2024-04-18T08:45:53","slug":"impacte-social-de-laccessibilitat-en-edificis-dhabitatges","status":"publish","type":"post","link":"https:\/\/www.fundacionmdp.org\/ca\/impacte-social-de-laccessibilitat-en-edificis-dhabitatges\/","title":{"rendered":"Impacte social de l\u2019accessibilitat en edificis d\u2019habitatges"},"content":{"rendered":"\t\t<div data-elementor-type=\"wp-post\" data-elementor-id=\"9893\" class=\"elementor elementor-9893 elementor-9888\">\n\t\t\t\t<div class=\"elementor-element elementor-element-cfc9896 e-flex e-con-boxed e-con e-parent\" data-id=\"cfc9896\" data-element_type=\"container\" data-e-type=\"container\">\n\t\t\t\t\t<div class=\"e-con-inner\">\n\t\t\t\t<div class=\"elementor-element elementor-element-e54c90d elementor-widget elementor-widget-text-editor\" data-id=\"e54c90d\" data-element_type=\"widget\" data-e-type=\"widget\" data-widget_type=\"text-editor.default\">\n\t\t\t\t<div class=\"elementor-widget-container\">\n\t\t\t\t\t\t\t\t\t<p>En un m\u00f3n ideal, tots els edificis d&#8217;habitatges estarien dissenyats i constru\u00efts de manera que qualsevol persona, independentment de les seves capacitats f\u00edsiques, hi pogu\u00e9s accedir i viure sense dificultats. No obstant aix\u00f2, la realitat dista encara molt d&#8217;aquest ideal. Des d&#8217;esglaons i vorades que impedeixen el pas d\u2019una cadira de rodes fins a ascensors estrets o inexistents, o passadissos insuficientment amples, aquests s\u00f3n m\u00faltiples elements que poden convertir un edifici residencial en un entorn hostil per als qui s&#8217;enfronten als reptes de mobilitat.\u00a0<\/p><p>Malgrat els aven\u00e7os legislatius i normatius dissenyats per promoure la inclusi\u00f3 i la igualtat d&#8217;oportunitats, la realitat \u00e9s una altra, ja que encara existeixen molts desafiaments i barreres f\u00edsiques que impedeixen l&#8217;accessibilitat universal omnipresent en el paisatge residencial d&#8217;habitatges.<\/p><p>Des de la <a href=\"https:\/\/www.fundacionmdp.org\/\"><strong>Fundaci\u00f3 M\u00fatua de Propietarios<\/strong><\/a>, volem que puguis veure quin \u00e9s l<strong>&#8216;impacte social de l&#8217;accessibilitat en edificis d&#8217;habitatges<\/strong>, mitjan\u00e7ant estudis, campanyes i eines creades per la Fundaci\u00f3. Seguirem treballant per generar el major impacte possible a la societat amb la conscienciaci\u00f3 i coneixement perqu\u00e8 les barreres arquitect\u00f2niques no impedeixin a les persones amb mobilitat redu\u00efda, viure dignament en el seu edifici.<\/p><h3>Situaci\u00f3 actual de l&#8217;accessibilitat en edificis d&#8217;habitatges<\/h3><p>El 87% dels habitatges espanyols necessiten una reforma o millora d&#8217;accessibilitat, segons dades proporcionades en els informes de la nostra Fundaci\u00f3, del Programa Observatori. A m\u00e9s a m\u00e9s, nom\u00e9s un 0,6% dels edificis d&#8217;habitatges a Espanya s\u00f3n accessibles i un 22% no tenen ascensor. Aquestes dades mostren la import\u00e0ncia de continuar treballant per l\u2019accessibilitat en els edificis d\u2019habitatges perqu\u00e8 la qualitat de vida de les persones de les persones amb mobilitat redu\u00efda no es vegi deteriorada per no tenir un habitatge que els permeti entrar i sortir de les llars de manera aut\u00f2noma e independent. Per altra banda, \u00e9s molt important conscienciar a la societat donant import\u00e0ncia a la mobilitat de les persones.<\/p><p>L&#8217;accessibilitat en els edificis d&#8217;habitatges constitueix una faceta cabdal en el desenvolupament de societats inclusives i equitatives i en el desenvolupament personal de les persones amb mobilitat redu\u00efda. Tanmateix, s&#8217;observa un panorama molt complex en l&#8217;actualitat, on el parc immobiliari es veu envellit i les obres de millora s\u00f3n indispensables. Les dades del nostre observatori revelen que el 55% dels edificis a Espanya s\u00f3n constru\u00efts abans del 1980 amb criteris baixos en accessibilitat i gaireb\u00e9 el 21% dels edificis tenen m\u00e9s de 50 anys. Gr\u00e0cies a l&#8217;arquitectura, la tecnologia i la sensibilitzaci\u00f3, els aven\u00e7os s\u00f3n visibles, per\u00f2 encara queda molta feina per fer.<\/p><h3>Quin \u00e9s l&#8217;impacte social de l&#8217;accessibilitat en els edificis d&#8217;habitatges?<\/h3><p>L&#8217;equitat i la diversitat constitueixen pilars essencials de la nostra societat. Garantir que totes les persones tinguin acc\u00e9s als seus habitatges reflecteix un comprom\u00eds amb la just\u00edcia, permetent a cada individu pugui portar una vida independent i digna. \u00c9s imprescindible que els edificis d&#8217;habitatges siguin accessibles per a totes i cadascuna de les persones de la nostra societat, sense distinci\u00f3 de les seves habilitats f\u00edsiques o sensorials.<\/p><p>Per assolir aquesta fita, cal implementar accions concretes que assegurin l&#8217;accessibilitat universal en els habitatges. Aix\u00f2 implica la incorporaci\u00f3 d&#8217;elements que faciliten la mobilitat com ascensors, rampes i diversos mecanismes que permetin el lliure acc\u00e9s i mobilitat en totes les zones dels edificis. \u00c9s b\u00e0sic assegurar que les zones comunes, incloses les entrades i espais compartits, estiguin dissenyades per ser utilitzades per totes les persones.<\/p><h3>Quin \u00e9s el treball de Fundaci\u00f3 M\u00fatua Propietarios?<\/h3><p>A la Fundaci\u00f3 M\u00fatua de Propietarios estem plenament compromesos i conscienciats de la import\u00e0ncia que t\u00e9 garantir a les persones amb discapacitat un habitatge accessible del qual puguin entrar i sortir sense dificultats. Per la qual cosa, un dels nostres projectes \u00e9s l&#8217;Observatori d&#8217;accessibilitat, una iniciativa per generar coneixement i conscienciaci\u00f3 a trav\u00e9s d&#8217;estudis e informes.<\/p><p>D&#8217;aquesta manera, volem conscienciar a la societat i als actors pol\u00edtics per ajudar-nos a crear edificis d&#8217;habitatges accessibles per a aquelles persones amb discapacitat, mobilitat redu\u00efda o amb edat avan\u00e7ada.<\/p><p>A <strong>Fundaci\u00f3 M\u00fatua de Propietarios<\/strong> treballem tots els dies perqu\u00e8 arribi el dia en qu\u00e8 les barreres arquitect\u00f2niques en edificis d&#8217;habitatges no existeixin. Per a aix\u00f2 continuarem creant iniciatives, llan\u00e7ant campanyes de divulgaci\u00f3, realitzant m\u00e9s estudis i informes per mantenir conscienciada e informada a la societat, aix\u00ed com oferint ajudes econ\u00f2miques per a obres d&#8217;accessibilitat en els edificis d&#8217;habitatges a trav\u00e9s del nostre programa &#8220;Sense Barreres&#8221;.<\/p>\t\t\t\t\t\t\t\t<\/div>\n\t\t\t\t<\/div>\n\t\t\t\t\t<\/div>\n\t\t\t\t<\/div>\n\t\t\t\t<\/div>\n\t\t","protected":false},"excerpt":{"rendered":"<p>En un m\u00f3n ideal, tots els edificis d&#8217;habitatges estarien dissenyats i constru\u00efts de manera que qualsevol persona, independentment de les seves capacitats f\u00edsiques, hi pogu\u00e9s accedir i viure sense dificultats. No obstant aix\u00f2, la realitat dista encara molt d&#8217;aquest ideal. Des d&#8217;esglaons i vorades que impedeixen el pas d\u2019una cadira de rodes fins a ascensors [&hellip;]<\/p>\n","protected":false},"author":1,"featured_media":9887,"comment_status":"open","ping_status":"open","sticky":false,"template":"","format":"standard","meta":{"_acf_changed":false,"ocean_post_layout":"","ocean_both_sidebars_style":"","ocean_both_sidebars_content_width":0,"ocean_both_sidebars_sidebars_width":0,"ocean_sidebar":"","ocean_second_sidebar":"","ocean_disable_margins":"enable","ocean_add_body_class":"","ocean_shortcode_before_top_bar":"","ocean_shortcode_after_top_bar":"","ocean_shortcode_before_header":"","ocean_shortcode_after_header":"","ocean_has_shortcode":"","ocean_shortcode_after_title":"","ocean_shortcode_before_footer_widgets":"","ocean_shortcode_after_footer_widgets":"","ocean_shortcode_before_footer_bottom":"","ocean_shortcode_after_footer_bottom":"","ocean_display_top_bar":"default","ocean_display_header":"default","ocean_header_style":"","ocean_center_header_left_menu":"","ocean_custom_header_template":"","ocean_custom_logo":0,"ocean_custom_retina_logo":0,"ocean_custom_logo_max_width":0,"ocean_custom_logo_tablet_max_width":0,"ocean_custom_logo_mobile_max_width":0,"ocean_custom_logo_max_height":0,"ocean_custom_logo_tablet_max_height":0,"ocean_custom_logo_mobile_max_height":0,"ocean_header_custom_menu":"","ocean_menu_typo_font_family":"","ocean_menu_typo_font_subset":"","ocean_menu_typo_font_size":0,"ocean_menu_typo_font_size_tablet":0,"ocean_menu_typo_font_size_mobile":0,"ocean_menu_typo_font_size_unit":"px","ocean_menu_typo_font_weight":"","ocean_menu_typo_font_weight_tablet":"","ocean_menu_typo_font_weight_mobile":"","ocean_menu_typo_transform":"","ocean_menu_typo_transform_tablet":"","ocean_menu_typo_transform_mobile":"","ocean_menu_typo_line_height":0,"ocean_menu_typo_line_height_tablet":0,"ocean_menu_typo_line_height_mobile":0,"ocean_menu_typo_line_height_unit":"","ocean_menu_typo_spacing":0,"ocean_menu_typo_spacing_tablet":0,"ocean_menu_typo_spacing_mobile":0,"ocean_menu_typo_spacing_unit":"","ocean_menu_link_color":"","ocean_menu_link_color_hover":"","ocean_menu_link_color_active":"","ocean_menu_link_background":"","ocean_menu_link_hover_background":"","ocean_menu_link_active_background":"","ocean_menu_social_links_bg":"","ocean_menu_social_hover_links_bg":"","ocean_menu_social_links_color":"","ocean_menu_social_hover_links_color":"","ocean_disable_title":"default","ocean_disable_heading":"default","ocean_post_title":"","ocean_post_subheading":"","ocean_post_title_style":"","ocean_post_title_background_color":"","ocean_post_title_background":0,"ocean_post_title_bg_image_position":"","ocean_post_title_bg_image_attachment":"","ocean_post_title_bg_image_repeat":"","ocean_post_title_bg_image_size":"","ocean_post_title_height":0,"ocean_post_title_bg_overlay":0.5,"ocean_post_title_bg_overlay_color":"","ocean_disable_breadcrumbs":"default","ocean_breadcrumbs_color":"","ocean_breadcrumbs_separator_color":"","ocean_breadcrumbs_links_color":"","ocean_breadcrumbs_links_hover_color":"","ocean_display_footer_widgets":"default","ocean_display_footer_bottom":"default","ocean_custom_footer_template":"","ocean_post_oembed":"","ocean_post_self_hosted_media":"","ocean_post_video_embed":"","ocean_link_format":"","ocean_link_format_target":"self","ocean_quote_format":"","ocean_quote_format_link":"post","ocean_gallery_link_images":"on","ocean_gallery_id":[],"footnotes":""},"categories":[1],"tags":[],"class_list":["post-9893","post","type-post","status-publish","format-standard","has-post-thumbnail","hentry","category-sin-categorizar","entry","has-media"],"acf":[],"yoast_head":"<!-- This site is optimized with the Yoast SEO plugin v27.3 - https:\/\/yoast.com\/product\/yoast-seo-wordpress\/ -->\n<title>Impacte social de l\u2019accessibilitat en edificis d\u2019habitatges - Fundaci\u00f3n Mutua de Propietarios<\/title>\n<meta name=\"robots\" content=\"index, follow, max-snippet:-1, max-image-preview:large, max-video-preview:-1\" \/>\n<link rel=\"canonical\" href=\"https:\/\/www.fundacionmdp.org\/ca\/impacte-social-de-laccessibilitat-en-edificis-dhabitatges\/\" \/>\n<meta property=\"og:locale\" content=\"ca_ES\" \/>\n<meta property=\"og:type\" content=\"article\" \/>\n<meta property=\"og:title\" content=\"Impacte social de l\u2019accessibilitat en edificis d\u2019habitatges - Fundaci\u00f3n Mutua de Propietarios\" \/>\n<meta property=\"og:description\" content=\"En un m\u00f3n ideal, tots els edificis d&#8217;habitatges estarien dissenyats i constru\u00efts de manera que qualsevol persona, independentment de les seves capacitats f\u00edsiques, hi pogu\u00e9s accedir i viure sense dificultats. No obstant aix\u00f2, la realitat dista encara molt d&#8217;aquest ideal. Des d&#8217;esglaons i vorades que impedeixen el pas d\u2019una cadira de rodes fins a ascensors [&hellip;]\" \/>\n<meta property=\"og:url\" content=\"https:\/\/www.fundacionmdp.org\/ca\/impacte-social-de-laccessibilitat-en-edificis-dhabitatges\/\" \/>\n<meta property=\"og:site_name\" content=\"Fundaci\u00f3n Mutua de Propietarios\" \/>\n<meta property=\"article:published_time\" content=\"2024-04-18T08:46:31+00:00\" \/>\n<meta property=\"og:image\" content=\"https:\/\/www.fundacionmdp.org\/wp-content\/uploads\/2024\/04\/Edificios-7.jpg\" \/>\n\t<meta property=\"og:image:width\" content=\"960\" \/>\n\t<meta property=\"og:image:height\" content=\"451\" \/>\n\t<meta property=\"og:image:type\" content=\"image\/jpeg\" \/>\n<meta name=\"author\" content=\"fundacionmdp\" \/>\n<meta name=\"twitter:card\" content=\"summary_large_image\" \/>\n<meta name=\"twitter:label1\" content=\"Escrit per\" \/>\n\t<meta name=\"twitter:data1\" content=\"fundacionmdp\" \/>\n\t<meta name=\"twitter:label2\" content=\"Temps estimat de lectura\" \/>\n\t<meta name=\"twitter:data2\" content=\"4 minuts\" \/>\n<script type=\"application\/ld+json\" class=\"yoast-schema-graph\">{\"@context\":\"https:\\\/\\\/schema.org\",\"@graph\":[{\"@type\":\"Article\",\"@id\":\"https:\\\/\\\/www.fundacionmdp.org\\\/ca\\\/impacte-social-de-laccessibilitat-en-edificis-dhabitatges\\\/#article\",\"isPartOf\":{\"@id\":\"https:\\\/\\\/www.fundacionmdp.org\\\/ca\\\/impacte-social-de-laccessibilitat-en-edificis-dhabitatges\\\/\"},\"author\":{\"name\":\"fundacionmdp\",\"@id\":\"https:\\\/\\\/www.fundacionmdp.org\\\/#\\\/schema\\\/person\\\/12f9af801cac25dfcb5a96cb0090f703\"},\"headline\":\"Impacte social de l\u2019accessibilitat en edificis d\u2019habitatges\",\"datePublished\":\"2024-04-18T08:46:31+00:00\",\"mainEntityOfPage\":{\"@id\":\"https:\\\/\\\/www.fundacionmdp.org\\\/ca\\\/impacte-social-de-laccessibilitat-en-edificis-dhabitatges\\\/\"},\"wordCount\":797,\"commentCount\":0,\"publisher\":{\"@id\":\"https:\\\/\\\/www.fundacionmdp.org\\\/#organization\"},\"image\":{\"@id\":\"https:\\\/\\\/www.fundacionmdp.org\\\/ca\\\/impacte-social-de-laccessibilitat-en-edificis-dhabitatges\\\/#primaryimage\"},\"thumbnailUrl\":\"https:\\\/\\\/www.fundacionmdp.org\\\/wp-content\\\/uploads\\\/2024\\\/04\\\/Edificios-7.jpg\",\"articleSection\":[\"Sin categorizar\"],\"inLanguage\":\"ca\",\"potentialAction\":[{\"@type\":\"CommentAction\",\"name\":\"Comment\",\"target\":[\"https:\\\/\\\/www.fundacionmdp.org\\\/ca\\\/impacte-social-de-laccessibilitat-en-edificis-dhabitatges\\\/#respond\"]}]},{\"@type\":\"WebPage\",\"@id\":\"https:\\\/\\\/www.fundacionmdp.org\\\/ca\\\/impacte-social-de-laccessibilitat-en-edificis-dhabitatges\\\/\",\"url\":\"https:\\\/\\\/www.fundacionmdp.org\\\/ca\\\/impacte-social-de-laccessibilitat-en-edificis-dhabitatges\\\/\",\"name\":\"Impacte social de l\u2019accessibilitat en edificis d\u2019habitatges - Fundaci\u00f3n Mutua de Propietarios\",\"isPartOf\":{\"@id\":\"https:\\\/\\\/www.fundacionmdp.org\\\/#website\"},\"primaryImageOfPage\":{\"@id\":\"https:\\\/\\\/www.fundacionmdp.org\\\/ca\\\/impacte-social-de-laccessibilitat-en-edificis-dhabitatges\\\/#primaryimage\"},\"image\":{\"@id\":\"https:\\\/\\\/www.fundacionmdp.org\\\/ca\\\/impacte-social-de-laccessibilitat-en-edificis-dhabitatges\\\/#primaryimage\"},\"thumbnailUrl\":\"https:\\\/\\\/www.fundacionmdp.org\\\/wp-content\\\/uploads\\\/2024\\\/04\\\/Edificios-7.jpg\",\"datePublished\":\"2024-04-18T08:46:31+00:00\",\"breadcrumb\":{\"@id\":\"https:\\\/\\\/www.fundacionmdp.org\\\/ca\\\/impacte-social-de-laccessibilitat-en-edificis-dhabitatges\\\/#breadcrumb\"},\"inLanguage\":\"ca\",\"potentialAction\":[{\"@type\":\"ReadAction\",\"target\":[\"https:\\\/\\\/www.fundacionmdp.org\\\/ca\\\/impacte-social-de-laccessibilitat-en-edificis-dhabitatges\\\/\"]}]},{\"@type\":\"ImageObject\",\"inLanguage\":\"ca\",\"@id\":\"https:\\\/\\\/www.fundacionmdp.org\\\/ca\\\/impacte-social-de-laccessibilitat-en-edificis-dhabitatges\\\/#primaryimage\",\"url\":\"https:\\\/\\\/www.fundacionmdp.org\\\/wp-content\\\/uploads\\\/2024\\\/04\\\/Edificios-7.jpg\",\"contentUrl\":\"https:\\\/\\\/www.fundacionmdp.org\\\/wp-content\\\/uploads\\\/2024\\\/04\\\/Edificios-7.jpg\",\"width\":960,\"height\":451},{\"@type\":\"BreadcrumbList\",\"@id\":\"https:\\\/\\\/www.fundacionmdp.org\\\/ca\\\/impacte-social-de-laccessibilitat-en-edificis-dhabitatges\\\/#breadcrumb\",\"itemListElement\":[{\"@type\":\"ListItem\",\"position\":1,\"name\":\"Home\",\"item\":\"https:\\\/\\\/www.fundacionmdp.org\\\/ca\\\/\"},{\"@type\":\"ListItem\",\"position\":2,\"name\":\"Impacte social de l\u2019accessibilitat en edificis d\u2019habitatges\"}]},{\"@type\":\"WebSite\",\"@id\":\"https:\\\/\\\/www.fundacionmdp.org\\\/#website\",\"url\":\"https:\\\/\\\/www.fundacionmdp.org\\\/\",\"name\":\"Fundaci\u00f3n Mutua de Propietarios\",\"description\":\"En la Fundaci\u00f3n Mutua de Propietarios te ayudamos a convertir tu edificio de viviendas en un espacio sin barreras arquitect\u00f3nicas.\",\"publisher\":{\"@id\":\"https:\\\/\\\/www.fundacionmdp.org\\\/#organization\"},\"potentialAction\":[{\"@type\":\"SearchAction\",\"target\":{\"@type\":\"EntryPoint\",\"urlTemplate\":\"https:\\\/\\\/www.fundacionmdp.org\\\/?s={search_term_string}\"},\"query-input\":{\"@type\":\"PropertyValueSpecification\",\"valueRequired\":true,\"valueName\":\"search_term_string\"}}],\"inLanguage\":\"ca\"},{\"@type\":\"Organization\",\"@id\":\"https:\\\/\\\/www.fundacionmdp.org\\\/#organization\",\"name\":\"Fundaci\u00f3n Mutua de Propietarios\",\"url\":\"https:\\\/\\\/www.fundacionmdp.org\\\/\",\"logo\":{\"@type\":\"ImageObject\",\"inLanguage\":\"ca\",\"@id\":\"https:\\\/\\\/www.fundacionmdp.org\\\/#\\\/schema\\\/logo\\\/image\\\/\",\"url\":\"https:\\\/\\\/www.fundacionmdp.org\\\/wp-content\\\/uploads\\\/2023\\\/05\\\/logo_FMdP_cat.png\",\"contentUrl\":\"https:\\\/\\\/www.fundacionmdp.org\\\/wp-content\\\/uploads\\\/2023\\\/05\\\/logo_FMdP_cat.png\",\"width\":655,\"height\":297,\"caption\":\"Fundaci\u00f3n Mutua de Propietarios\"},\"image\":{\"@id\":\"https:\\\/\\\/www.fundacionmdp.org\\\/#\\\/schema\\\/logo\\\/image\\\/\"}},{\"@type\":\"Person\",\"@id\":\"https:\\\/\\\/www.fundacionmdp.org\\\/#\\\/schema\\\/person\\\/12f9af801cac25dfcb5a96cb0090f703\",\"name\":\"fundacionmdp\",\"image\":{\"@type\":\"ImageObject\",\"inLanguage\":\"ca\",\"@id\":\"https:\\\/\\\/secure.gravatar.com\\\/avatar\\\/b540f93d1816a14d85e51109d050c3243b98fb660a665f517a6d2597cff3bbed?s=96&d=mm&r=g\",\"url\":\"https:\\\/\\\/secure.gravatar.com\\\/avatar\\\/b540f93d1816a14d85e51109d050c3243b98fb660a665f517a6d2597cff3bbed?s=96&d=mm&r=g\",\"contentUrl\":\"https:\\\/\\\/secure.gravatar.com\\\/avatar\\\/b540f93d1816a14d85e51109d050c3243b98fb660a665f517a6d2597cff3bbed?s=96&d=mm&r=g\",\"caption\":\"fundacionmdp\"},\"sameAs\":[\"http:\\\/\\\/prezuk.com.mialias.net\\\/fundacionmdp\"],\"url\":\"https:\\\/\\\/www.fundacionmdp.org\\\/ca\\\/author\\\/fundacionmdp\\\/\"}]}<\/script>\n<!-- \/ Yoast SEO plugin. -->","yoast_head_json":{"title":"Impacte social de l\u2019accessibilitat en edificis d\u2019habitatges - Fundaci\u00f3n Mutua de Propietarios","robots":{"index":"index","follow":"follow","max-snippet":"max-snippet:-1","max-image-preview":"max-image-preview:large","max-video-preview":"max-video-preview:-1"},"canonical":"https:\/\/www.fundacionmdp.org\/ca\/impacte-social-de-laccessibilitat-en-edificis-dhabitatges\/","og_locale":"ca_ES","og_type":"article","og_title":"Impacte social de l\u2019accessibilitat en edificis d\u2019habitatges - Fundaci\u00f3n Mutua de Propietarios","og_description":"En un m\u00f3n ideal, tots els edificis d&#8217;habitatges estarien dissenyats i constru\u00efts de manera que qualsevol persona, independentment de les seves capacitats f\u00edsiques, hi pogu\u00e9s accedir i viure sense dificultats. No obstant aix\u00f2, la realitat dista encara molt d&#8217;aquest ideal. Des d&#8217;esglaons i vorades que impedeixen el pas d\u2019una cadira de rodes fins a ascensors [&hellip;]","og_url":"https:\/\/www.fundacionmdp.org\/ca\/impacte-social-de-laccessibilitat-en-edificis-dhabitatges\/","og_site_name":"Fundaci\u00f3n Mutua de Propietarios","article_published_time":"2024-04-18T08:46:31+00:00","og_image":[{"width":960,"height":451,"url":"https:\/\/www.fundacionmdp.org\/wp-content\/uploads\/2024\/04\/Edificios-7.jpg","type":"image\/jpeg"}],"author":"fundacionmdp","twitter_card":"summary_large_image","twitter_misc":{"Escrit per":"fundacionmdp","Temps estimat de lectura":"4 minuts"},"schema":{"@context":"https:\/\/schema.org","@graph":[{"@type":"Article","@id":"https:\/\/www.fundacionmdp.org\/ca\/impacte-social-de-laccessibilitat-en-edificis-dhabitatges\/#article","isPartOf":{"@id":"https:\/\/www.fundacionmdp.org\/ca\/impacte-social-de-laccessibilitat-en-edificis-dhabitatges\/"},"author":{"name":"fundacionmdp","@id":"https:\/\/www.fundacionmdp.org\/#\/schema\/person\/12f9af801cac25dfcb5a96cb0090f703"},"headline":"Impacte social de l\u2019accessibilitat en edificis d\u2019habitatges","datePublished":"2024-04-18T08:46:31+00:00","mainEntityOfPage":{"@id":"https:\/\/www.fundacionmdp.org\/ca\/impacte-social-de-laccessibilitat-en-edificis-dhabitatges\/"},"wordCount":797,"commentCount":0,"publisher":{"@id":"https:\/\/www.fundacionmdp.org\/#organization"},"image":{"@id":"https:\/\/www.fundacionmdp.org\/ca\/impacte-social-de-laccessibilitat-en-edificis-dhabitatges\/#primaryimage"},"thumbnailUrl":"https:\/\/www.fundacionmdp.org\/wp-content\/uploads\/2024\/04\/Edificios-7.jpg","articleSection":["Sin categorizar"],"inLanguage":"ca","potentialAction":[{"@type":"CommentAction","name":"Comment","target":["https:\/\/www.fundacionmdp.org\/ca\/impacte-social-de-laccessibilitat-en-edificis-dhabitatges\/#respond"]}]},{"@type":"WebPage","@id":"https:\/\/www.fundacionmdp.org\/ca\/impacte-social-de-laccessibilitat-en-edificis-dhabitatges\/","url":"https:\/\/www.fundacionmdp.org\/ca\/impacte-social-de-laccessibilitat-en-edificis-dhabitatges\/","name":"Impacte social de l\u2019accessibilitat en edificis d\u2019habitatges - Fundaci\u00f3n Mutua de Propietarios","isPartOf":{"@id":"https:\/\/www.fundacionmdp.org\/#website"},"primaryImageOfPage":{"@id":"https:\/\/www.fundacionmdp.org\/ca\/impacte-social-de-laccessibilitat-en-edificis-dhabitatges\/#primaryimage"},"image":{"@id":"https:\/\/www.fundacionmdp.org\/ca\/impacte-social-de-laccessibilitat-en-edificis-dhabitatges\/#primaryimage"},"thumbnailUrl":"https:\/\/www.fundacionmdp.org\/wp-content\/uploads\/2024\/04\/Edificios-7.jpg","datePublished":"2024-04-18T08:46:31+00:00","breadcrumb":{"@id":"https:\/\/www.fundacionmdp.org\/ca\/impacte-social-de-laccessibilitat-en-edificis-dhabitatges\/#breadcrumb"},"inLanguage":"ca","potentialAction":[{"@type":"ReadAction","target":["https:\/\/www.fundacionmdp.org\/ca\/impacte-social-de-laccessibilitat-en-edificis-dhabitatges\/"]}]},{"@type":"ImageObject","inLanguage":"ca","@id":"https:\/\/www.fundacionmdp.org\/ca\/impacte-social-de-laccessibilitat-en-edificis-dhabitatges\/#primaryimage","url":"https:\/\/www.fundacionmdp.org\/wp-content\/uploads\/2024\/04\/Edificios-7.jpg","contentUrl":"https:\/\/www.fundacionmdp.org\/wp-content\/uploads\/2024\/04\/Edificios-7.jpg","width":960,"height":451},{"@type":"BreadcrumbList","@id":"https:\/\/www.fundacionmdp.org\/ca\/impacte-social-de-laccessibilitat-en-edificis-dhabitatges\/#breadcrumb","itemListElement":[{"@type":"ListItem","position":1,"name":"Home","item":"https:\/\/www.fundacionmdp.org\/ca\/"},{"@type":"ListItem","position":2,"name":"Impacte social de l\u2019accessibilitat en edificis d\u2019habitatges"}]},{"@type":"WebSite","@id":"https:\/\/www.fundacionmdp.org\/#website","url":"https:\/\/www.fundacionmdp.org\/","name":"Fundaci\u00f3n Mutua de Propietarios","description":"En la Fundaci\u00f3n Mutua de Propietarios te ayudamos a convertir tu edificio de viviendas en un espacio sin barreras arquitect\u00f3nicas.","publisher":{"@id":"https:\/\/www.fundacionmdp.org\/#organization"},"potentialAction":[{"@type":"SearchAction","target":{"@type":"EntryPoint","urlTemplate":"https:\/\/www.fundacionmdp.org\/?s={search_term_string}"},"query-input":{"@type":"PropertyValueSpecification","valueRequired":true,"valueName":"search_term_string"}}],"inLanguage":"ca"},{"@type":"Organization","@id":"https:\/\/www.fundacionmdp.org\/#organization","name":"Fundaci\u00f3n Mutua de Propietarios","url":"https:\/\/www.fundacionmdp.org\/","logo":{"@type":"ImageObject","inLanguage":"ca","@id":"https:\/\/www.fundacionmdp.org\/#\/schema\/logo\/image\/","url":"https:\/\/www.fundacionmdp.org\/wp-content\/uploads\/2023\/05\/logo_FMdP_cat.png","contentUrl":"https:\/\/www.fundacionmdp.org\/wp-content\/uploads\/2023\/05\/logo_FMdP_cat.png","width":655,"height":297,"caption":"Fundaci\u00f3n Mutua de Propietarios"},"image":{"@id":"https:\/\/www.fundacionmdp.org\/#\/schema\/logo\/image\/"}},{"@type":"Person","@id":"https:\/\/www.fundacionmdp.org\/#\/schema\/person\/12f9af801cac25dfcb5a96cb0090f703","name":"fundacionmdp","image":{"@type":"ImageObject","inLanguage":"ca","@id":"https:\/\/secure.gravatar.com\/avatar\/b540f93d1816a14d85e51109d050c3243b98fb660a665f517a6d2597cff3bbed?s=96&d=mm&r=g","url":"https:\/\/secure.gravatar.com\/avatar\/b540f93d1816a14d85e51109d050c3243b98fb660a665f517a6d2597cff3bbed?s=96&d=mm&r=g","contentUrl":"https:\/\/secure.gravatar.com\/avatar\/b540f93d1816a14d85e51109d050c3243b98fb660a665f517a6d2597cff3bbed?s=96&d=mm&r=g","caption":"fundacionmdp"},"sameAs":["http:\/\/prezuk.com.mialias.net\/fundacionmdp"],"url":"https:\/\/www.fundacionmdp.org\/ca\/author\/fundacionmdp\/"}]}},"_links":{"self":[{"href":"https:\/\/www.fundacionmdp.org\/ca\/wp-json\/wp\/v2\/posts\/9893","targetHints":{"allow":["GET"]}}],"collection":[{"href":"https:\/\/www.fundacionmdp.org\/ca\/wp-json\/wp\/v2\/posts"}],"about":[{"href":"https:\/\/www.fundacionmdp.org\/ca\/wp-json\/wp\/v2\/types\/post"}],"author":[{"embeddable":true,"href":"https:\/\/www.fundacionmdp.org\/ca\/wp-json\/wp\/v2\/users\/1"}],"replies":[{"embeddable":true,"href":"https:\/\/www.fundacionmdp.org\/ca\/wp-json\/wp\/v2\/comments?post=9893"}],"version-history":[{"count":7,"href":"https:\/\/www.fundacionmdp.org\/ca\/wp-json\/wp\/v2\/posts\/9893\/revisions"}],"predecessor-version":[{"id":9900,"href":"https:\/\/www.fundacionmdp.org\/ca\/wp-json\/wp\/v2\/posts\/9893\/revisions\/9900"}],"wp:featuredmedia":[{"embeddable":true,"href":"https:\/\/www.fundacionmdp.org\/ca\/wp-json\/wp\/v2\/media\/9887"}],"wp:attachment":[{"href":"https:\/\/www.fundacionmdp.org\/ca\/wp-json\/wp\/v2\/media?parent=9893"}],"wp:term":[{"taxonomy":"category","embeddable":true,"href":"https:\/\/www.fundacionmdp.org\/ca\/wp-json\/wp\/v2\/categories?post=9893"},{"taxonomy":"post_tag","embeddable":true,"href":"https:\/\/www.fundacionmdp.org\/ca\/wp-json\/wp\/v2\/tags?post=9893"}],"curies":[{"name":"wp","href":"https:\/\/api.w.org\/{rel}","templated":true}]}}