{"id":9940,"date":"2024-05-21T11:05:07","date_gmt":"2024-05-21T09:05:07","guid":{"rendered":"https:\/\/www.fundacionmdp.org\/?p=9940"},"modified":"2024-05-21T11:46:28","modified_gmt":"2024-05-21T09:46:28","slug":"les-persones-amb-mobilitat-reduida-no-se-senten-escoltades-un-55-dels-espanyols-admet-no-estar-conscienciat-amb-els-seus-problemes","status":"publish","type":"post","link":"https:\/\/www.fundacionmdp.org\/ca\/les-persones-amb-mobilitat-reduida-no-se-senten-escoltades-un-55-dels-espanyols-admet-no-estar-conscienciat-amb-els-seus-problemes\/","title":{"rendered":"LES PERSONES AMB MOBILITAT REDU\u00cfDA NO SE SENTEN ESCOLTADES: UN 55% DELS ESPANYOLS ADMET NO ESTAR CONSCIENCIAT AMB ELS SEUS PROBLEMES"},"content":{"rendered":"\n<p>Amb un esc\u00e0s 4,07 sobre 10, el 55% dels espanyols susp\u00e8n en conscienciaci\u00f3 amb els problemes dels m\u00e9s de 2,4 milions de persones amb mobilitat redu\u00efda que resideixen a Espanya, d&#8217;acord amb l&#8217;informe \u201cLa Veu de l&#8217;Accessibilitat\u201d elaborat per la Fundaci\u00f3 Mutua de Propietarios amb l&#8217;objectiu d&#8217;oferir una nova perspectiva de la situaci\u00f3 i la visibilitat d&#8217;aquest col\u00b7lectiu.<\/p>\n\n\n\n<p>En aquest sentit, l&#8217;estudi tamb\u00e9 es focalitza en con\u00e8ixer com les persones amb mobilitat redu\u00efda s\u00f3n percebudes per a la societat, una percepci\u00f3 on els mitjans juguen un paper important. Tot i aix\u00f2, la recerca revela que per al 81% dels espanyols, els mitjans de comunicaci\u00f3 i les xarxes socials no presten suficient atenci\u00f3 als problemes de les persones amb mobilitat redu\u00efda i, anant m\u00e9s enll\u00e0, que les pel\u00b7l\u00edcules i s\u00e8ries no les representen adequadament, reproduint estereotips que no contribueixen a normalitzar la situaci\u00f3<\/p>\n\n\n\n<p>\u201cEn un m\u00f3n on els mitjans de comunicaci\u00f3, les xarxes socials i el cinema juguen rols crucials en la formaci\u00f3 d&#8217;opinions i actituds, \u00e9s fonamental que les persones amb mobilitat redu\u00efda tinguin veu per a donar a con\u00e8ixer les seves necessitats i establir els fonaments d&#8217;actituds i pol\u00edtiques que contribueixin a la seva plena inclusi\u00f3\u201d, afirma Laura L\u00f3pez&nbsp;Demarbre, vicepresidenta executiva de la Fundaci\u00f3 Mutua de Propietarios.<\/p>\n\n\n\n<p>En relaci\u00f3 amb aquest punt, un 65% de les persones recorda haver vist a persones amb mobilitat redu\u00efda als mitjans de comunicaci\u00f3, un 58% a les pel\u00b7l\u00edcules i nom\u00e9s un 39% a les xarxes socials, i la majoria (55%) considera que la seva pres\u00e8ncia \u00e9s espor\u00e0dica. D&#8217;acord amb \u201cLa Veu de l&#8217;Accessibilitat\u201d, els esports adaptats (65%) i l&#8217;exemple de superaci\u00f3 (62%) s\u00f3n els principals motius de la seva projecci\u00f3 p\u00fablica.<br><br>Pel que fa a la seva pres\u00e8ncia al cinema, un 85% dels espanyols es mostra cr\u00edtic i afirma que les persones amb mobilitat redu\u00efda no estan representades de la forma adequada el que, per a un 76%, no ha contribu\u00eft a normalitzar la seva situaci\u00f3.<\/p>\n\n\n\n<p><strong><em>Referents p\u00fablics i sensibilitzaci\u00f3<\/em><\/strong><\/p>\n\n\n\n<p>L&#8217;estudi de la Fundaci\u00f3 Mutua de Propietarios tamb\u00e9 ha identificat als personatges p\u00fablics que, actualment, s\u00f3n un referent per a la societat en el m\u00f3n de la mobilitat redu\u00efda. Un llistat que encap\u00e7ala el pol\u00edtic Pablo&nbsp;Echenique, conegut per un 97% dels espanyols, al que segueix el m\u00fasic i actor Juan Manuel Montilla \u201cEl&nbsp;Langui\u201d&nbsp;(83%).<\/p>\n\n\n\n<p>Completen el\u00a0top\u00a010 la periodista Irene\u00a0Villa\u00a0(65%); l&#8217;atleta Alex Roca (53%); la nedadora Teresa Perales (41%); l&#8217;actor i humorista\u00a0Telmo\u00a0Irureta\u00a0(36%); la cantant i compositora Miriam Fern\u00e1ndez (19%); el tennista Cisco Garc\u00eda (14%) i l&#8217;esportista\u00a0Alvaro\u00a0Gal\u00e1n (13%).<\/p>\n\n\n<div class=\"wp-block-image\">\n<figure class=\"alignright size-large is-resized\"><img fetchpriority=\"high\" decoding=\"async\" width=\"1024\" height=\"1024\" src=\"https:\/\/www.fundacionmdp.org\/wp-content\/uploads\/2024\/05\/Visual-ndp-Fundacio-CAT-1024x1024.png\" alt=\"\" class=\"wp-image-9941\" style=\"width:431px;height:auto\" srcset=\"https:\/\/www.fundacionmdp.org\/wp-content\/uploads\/2024\/05\/Visual-ndp-Fundacio-CAT-1024x1024.png 1024w, https:\/\/www.fundacionmdp.org\/wp-content\/uploads\/2024\/05\/Visual-ndp-Fundacio-CAT-300x300.png 300w, https:\/\/www.fundacionmdp.org\/wp-content\/uploads\/2024\/05\/Visual-ndp-Fundacio-CAT-150x150.png 150w, https:\/\/www.fundacionmdp.org\/wp-content\/uploads\/2024\/05\/Visual-ndp-Fundacio-CAT-768x768.png 768w, https:\/\/www.fundacionmdp.org\/wp-content\/uploads\/2024\/05\/Visual-ndp-Fundacio-CAT-600x600.png 600w, https:\/\/www.fundacionmdp.org\/wp-content\/uploads\/2024\/05\/Visual-ndp-Fundacio-CAT.png 1080w\" sizes=\"(max-width: 1024px) 100vw, 1024px\" \/><\/figure>\n<\/div>\n\n\n<p>Partint del fet que, en alguna etapa de la nostra vida, la majoria de les persones veurem alterada la nostra mobilitat, b\u00e9 per l&#8217;edat o per alguna malaltia, l&#8217;estudi \u201cLa Veu de l&#8217;Accessibilitat\u201d detecta una escassa sensibilitat de la societat davant les necessitats d&#8217;aquestes persones. D&#8217;acord amb l&#8217;informe, el 46% dels espanyols afirma haver observat situacions d&#8217;exclusi\u00f3 en les activitats socials cap a aquest col\u00b7lectiu, el que indica que encara no poden portar un estil de vida igual a la resta de la poblaci\u00f3.<\/p>\n\n\n\n<p>En aquest sentit, el 82% dels espanyols est\u00e0 d&#8217;acord que caldria sensibilitzar m\u00e9s a la societat sobre les barreres quotidianes que afronten les persones amb aquesta mena de discapacitat motora. \u201cEncara queda un gran recorregut per a aconseguir la plena inclusi\u00f3 de les persones amb mobilitat redu\u00efda i, per a aix\u00f2, hem de comen\u00e7ar per a recon\u00e8ixer i valorar les seves necessitats i difer\u00e8ncies, per a adoptar les mesures que contribueixin a construir una societat m\u00e9s justa i pr\u00f2spera\u201d, conclou la vicepresidenta executiva de la Fundaci\u00f3 Mutua de Propietarios.<\/p>\n","protected":false},"excerpt":{"rendered":"<p>Amb un esc\u00e0s 4,07 sobre 10, el 55% dels espanyols susp\u00e8n en conscienciaci\u00f3 amb els problemes dels m\u00e9s de 2,4 milions de persones amb mobilitat redu\u00efda que resideixen a Espanya, d&#8217;acord amb l&#8217;informe \u201cLa Veu de l&#8217;Accessibilitat\u201d elaborat per la Fundaci\u00f3 Mutua de Propietarios amb l&#8217;objectiu d&#8217;oferir una nova perspectiva de la situaci\u00f3 i la [&hellip;]<\/p>\n","protected":false},"author":29,"featured_media":9939,"comment_status":"open","ping_status":"open","sticky":false,"template":"","format":"standard","meta":{"_acf_changed":false,"ocean_post_layout":"","ocean_both_sidebars_style":"","ocean_both_sidebars_content_width":0,"ocean_both_sidebars_sidebars_width":0,"ocean_sidebar":"","ocean_second_sidebar":"","ocean_disable_margins":"enable","ocean_add_body_class":"","ocean_shortcode_before_top_bar":"","ocean_shortcode_after_top_bar":"","ocean_shortcode_before_header":"","ocean_shortcode_after_header":"","ocean_has_shortcode":"","ocean_shortcode_after_title":"","ocean_shortcode_before_footer_widgets":"","ocean_shortcode_after_footer_widgets":"","ocean_shortcode_before_footer_bottom":"","ocean_shortcode_after_footer_bottom":"","ocean_display_top_bar":"default","ocean_display_header":"default","ocean_header_style":"","ocean_center_header_left_menu":"","ocean_custom_header_template":"","ocean_custom_logo":0,"ocean_custom_retina_logo":0,"ocean_custom_logo_max_width":0,"ocean_custom_logo_tablet_max_width":0,"ocean_custom_logo_mobile_max_width":0,"ocean_custom_logo_max_height":0,"ocean_custom_logo_tablet_max_height":0,"ocean_custom_logo_mobile_max_height":0,"ocean_header_custom_menu":"","ocean_menu_typo_font_family":"","ocean_menu_typo_font_subset":"","ocean_menu_typo_font_size":0,"ocean_menu_typo_font_size_tablet":0,"ocean_menu_typo_font_size_mobile":0,"ocean_menu_typo_font_size_unit":"px","ocean_menu_typo_font_weight":"","ocean_menu_typo_font_weight_tablet":"","ocean_menu_typo_font_weight_mobile":"","ocean_menu_typo_transform":"","ocean_menu_typo_transform_tablet":"","ocean_menu_typo_transform_mobile":"","ocean_menu_typo_line_height":0,"ocean_menu_typo_line_height_tablet":0,"ocean_menu_typo_line_height_mobile":0,"ocean_menu_typo_line_height_unit":"","ocean_menu_typo_spacing":0,"ocean_menu_typo_spacing_tablet":0,"ocean_menu_typo_spacing_mobile":0,"ocean_menu_typo_spacing_unit":"","ocean_menu_link_color":"","ocean_menu_link_color_hover":"","ocean_menu_link_color_active":"","ocean_menu_link_background":"","ocean_menu_link_hover_background":"","ocean_menu_link_active_background":"","ocean_menu_social_links_bg":"","ocean_menu_social_hover_links_bg":"","ocean_menu_social_links_color":"","ocean_menu_social_hover_links_color":"","ocean_disable_title":"default","ocean_disable_heading":"default","ocean_post_title":"","ocean_post_subheading":"","ocean_post_title_style":"","ocean_post_title_background_color":"","ocean_post_title_background":0,"ocean_post_title_bg_image_position":"","ocean_post_title_bg_image_attachment":"","ocean_post_title_bg_image_repeat":"","ocean_post_title_bg_image_size":"","ocean_post_title_height":0,"ocean_post_title_bg_overlay":0.5,"ocean_post_title_bg_overlay_color":"","ocean_disable_breadcrumbs":"default","ocean_breadcrumbs_color":"","ocean_breadcrumbs_separator_color":"","ocean_breadcrumbs_links_color":"","ocean_breadcrumbs_links_hover_color":"","ocean_display_footer_widgets":"default","ocean_display_footer_bottom":"default","ocean_custom_footer_template":"","ocean_post_oembed":"","ocean_post_self_hosted_media":"","ocean_post_video_embed":"","ocean_link_format":"","ocean_link_format_target":"self","ocean_quote_format":"","ocean_quote_format_link":"post","ocean_gallery_link_images":"on","ocean_gallery_id":[],"footnotes":""},"categories":[1],"tags":[],"class_list":["post-9940","post","type-post","status-publish","format-standard","has-post-thumbnail","hentry","category-sin-categorizar","entry","has-media"],"acf":[],"yoast_head":"<!-- This site is optimized with the Yoast SEO plugin v27.3 - https:\/\/yoast.com\/product\/yoast-seo-wordpress\/ -->\n<title>LES PERSONES AMB MOBILITAT REDU\u00cfDA NO SE SENTEN ESCOLTADES: UN 55% DELS ESPANYOLS ADMET NO ESTAR CONSCIENCIAT AMB ELS SEUS PROBLEMES - Fundaci\u00f3n Mutua de Propietarios<\/title>\n<meta name=\"robots\" content=\"index, follow, max-snippet:-1, max-image-preview:large, max-video-preview:-1\" \/>\n<link rel=\"canonical\" href=\"https:\/\/www.fundacionmdp.org\/las-personas-con-movilidad-reducida-no-se-sienten-escuchadas-un-55-de-los-espanoles-admite-no-estar-concienciado-con-sus-problemas\/\" \/>\n<meta property=\"og:locale\" content=\"ca_ES\" \/>\n<meta property=\"og:type\" content=\"article\" \/>\n<meta property=\"og:title\" content=\"LES PERSONES AMB MOBILITAT REDU\u00cfDA NO SE SENTEN ESCOLTADES: UN 55% DELS ESPANYOLS ADMET NO ESTAR CONSCIENCIAT AMB ELS SEUS PROBLEMES - Fundaci\u00f3n Mutua de Propietarios\" \/>\n<meta property=\"og:description\" content=\"Amb un esc\u00e0s 4,07 sobre 10, el 55% dels espanyols susp\u00e8n en conscienciaci\u00f3 amb els problemes dels m\u00e9s de 2,4 milions de persones amb mobilitat redu\u00efda que resideixen a Espanya, d&#8217;acord amb l&#8217;informe \u201cLa Veu de l&#8217;Accessibilitat\u201d elaborat per la Fundaci\u00f3 Mutua de Propietarios amb l&#8217;objectiu d&#8217;oferir una nova perspectiva de la situaci\u00f3 i la [&hellip;]\" \/>\n<meta property=\"og:url\" content=\"https:\/\/www.fundacionmdp.org\/las-personas-con-movilidad-reducida-no-se-sienten-escuchadas-un-55-de-los-espanoles-admite-no-estar-concienciado-con-sus-problemas\/\" \/>\n<meta property=\"og:site_name\" content=\"Fundaci\u00f3n Mutua de Propietarios\" \/>\n<meta property=\"article:published_time\" content=\"2024-05-21T09:05:07+00:00\" \/>\n<meta property=\"article:modified_time\" content=\"2024-05-21T09:46:28+00:00\" \/>\n<meta property=\"og:image\" content=\"https:\/\/www.fundacionmdp.org\/wp-content\/uploads\/2024\/05\/accesibilidad.png\" \/>\n\t<meta property=\"og:image:width\" content=\"1127\" \/>\n\t<meta property=\"og:image:height\" content=\"626\" \/>\n\t<meta property=\"og:image:type\" content=\"image\/png\" \/>\n<meta name=\"author\" content=\"consultinglasker@gmail.com\" \/>\n<meta name=\"twitter:card\" content=\"summary_large_image\" \/>\n<meta name=\"twitter:label1\" content=\"Escrit per\" \/>\n\t<meta name=\"twitter:data1\" content=\"consultinglasker@gmail.com\" \/>\n\t<meta name=\"twitter:label2\" content=\"Temps estimat de lectura\" \/>\n\t<meta name=\"twitter:data2\" content=\"3 minuts\" \/>\n<script type=\"application\/ld+json\" class=\"yoast-schema-graph\">{\"@context\":\"https:\\\/\\\/schema.org\",\"@graph\":[{\"@type\":\"Article\",\"@id\":\"https:\\\/\\\/www.fundacionmdp.org\\\/las-personas-con-movilidad-reducida-no-se-sienten-escuchadas-un-55-de-los-espanoles-admite-no-estar-concienciado-con-sus-problemas\\\/#article\",\"isPartOf\":{\"@id\":\"https:\\\/\\\/www.fundacionmdp.org\\\/las-personas-con-movilidad-reducida-no-se-sienten-escuchadas-un-55-de-los-espanoles-admite-no-estar-concienciado-con-sus-problemas\\\/\"},\"author\":{\"name\":\"consultinglasker@gmail.com\",\"@id\":\"https:\\\/\\\/www.fundacionmdp.org\\\/#\\\/schema\\\/person\\\/0a0491f126b8cd8387f8f0da72129079\"},\"headline\":\"LES PERSONES AMB MOBILITAT REDU\u00cfDA NO SE SENTEN ESCOLTADES: UN 55% DELS ESPANYOLS ADMET NO ESTAR CONSCIENCIAT AMB ELS SEUS PROBLEMES\",\"datePublished\":\"2024-05-21T09:05:07+00:00\",\"dateModified\":\"2024-05-21T09:46:28+00:00\",\"mainEntityOfPage\":{\"@id\":\"https:\\\/\\\/www.fundacionmdp.org\\\/las-personas-con-movilidad-reducida-no-se-sienten-escuchadas-un-55-de-los-espanoles-admite-no-estar-concienciado-con-sus-problemas\\\/\"},\"wordCount\":671,\"commentCount\":0,\"publisher\":{\"@id\":\"https:\\\/\\\/www.fundacionmdp.org\\\/#organization\"},\"image\":{\"@id\":\"https:\\\/\\\/www.fundacionmdp.org\\\/las-personas-con-movilidad-reducida-no-se-sienten-escuchadas-un-55-de-los-espanoles-admite-no-estar-concienciado-con-sus-problemas\\\/#primaryimage\"},\"thumbnailUrl\":\"https:\\\/\\\/www.fundacionmdp.org\\\/wp-content\\\/uploads\\\/2024\\\/05\\\/accesibilidad.png\",\"articleSection\":[\"Sin categorizar\"],\"inLanguage\":\"ca\",\"potentialAction\":[{\"@type\":\"CommentAction\",\"name\":\"Comment\",\"target\":[\"https:\\\/\\\/www.fundacionmdp.org\\\/las-personas-con-movilidad-reducida-no-se-sienten-escuchadas-un-55-de-los-espanoles-admite-no-estar-concienciado-con-sus-problemas\\\/#respond\"]}]},{\"@type\":\"WebPage\",\"@id\":\"https:\\\/\\\/www.fundacionmdp.org\\\/las-personas-con-movilidad-reducida-no-se-sienten-escuchadas-un-55-de-los-espanoles-admite-no-estar-concienciado-con-sus-problemas\\\/\",\"url\":\"https:\\\/\\\/www.fundacionmdp.org\\\/las-personas-con-movilidad-reducida-no-se-sienten-escuchadas-un-55-de-los-espanoles-admite-no-estar-concienciado-con-sus-problemas\\\/\",\"name\":\"LES PERSONES AMB MOBILITAT REDU\u00cfDA NO SE SENTEN ESCOLTADES: UN 55% DELS ESPANYOLS ADMET NO ESTAR CONSCIENCIAT AMB ELS SEUS PROBLEMES - Fundaci\u00f3n Mutua de Propietarios\",\"isPartOf\":{\"@id\":\"https:\\\/\\\/www.fundacionmdp.org\\\/#website\"},\"primaryImageOfPage\":{\"@id\":\"https:\\\/\\\/www.fundacionmdp.org\\\/las-personas-con-movilidad-reducida-no-se-sienten-escuchadas-un-55-de-los-espanoles-admite-no-estar-concienciado-con-sus-problemas\\\/#primaryimage\"},\"image\":{\"@id\":\"https:\\\/\\\/www.fundacionmdp.org\\\/las-personas-con-movilidad-reducida-no-se-sienten-escuchadas-un-55-de-los-espanoles-admite-no-estar-concienciado-con-sus-problemas\\\/#primaryimage\"},\"thumbnailUrl\":\"https:\\\/\\\/www.fundacionmdp.org\\\/wp-content\\\/uploads\\\/2024\\\/05\\\/accesibilidad.png\",\"datePublished\":\"2024-05-21T09:05:07+00:00\",\"dateModified\":\"2024-05-21T09:46:28+00:00\",\"breadcrumb\":{\"@id\":\"https:\\\/\\\/www.fundacionmdp.org\\\/las-personas-con-movilidad-reducida-no-se-sienten-escuchadas-un-55-de-los-espanoles-admite-no-estar-concienciado-con-sus-problemas\\\/#breadcrumb\"},\"inLanguage\":\"ca\",\"potentialAction\":[{\"@type\":\"ReadAction\",\"target\":[\"https:\\\/\\\/www.fundacionmdp.org\\\/las-personas-con-movilidad-reducida-no-se-sienten-escuchadas-un-55-de-los-espanoles-admite-no-estar-concienciado-con-sus-problemas\\\/\"]}]},{\"@type\":\"ImageObject\",\"inLanguage\":\"ca\",\"@id\":\"https:\\\/\\\/www.fundacionmdp.org\\\/las-personas-con-movilidad-reducida-no-se-sienten-escuchadas-un-55-de-los-espanoles-admite-no-estar-concienciado-con-sus-problemas\\\/#primaryimage\",\"url\":\"https:\\\/\\\/www.fundacionmdp.org\\\/wp-content\\\/uploads\\\/2024\\\/05\\\/accesibilidad.png\",\"contentUrl\":\"https:\\\/\\\/www.fundacionmdp.org\\\/wp-content\\\/uploads\\\/2024\\\/05\\\/accesibilidad.png\",\"width\":1127,\"height\":626},{\"@type\":\"BreadcrumbList\",\"@id\":\"https:\\\/\\\/www.fundacionmdp.org\\\/las-personas-con-movilidad-reducida-no-se-sienten-escuchadas-un-55-de-los-espanoles-admite-no-estar-concienciado-con-sus-problemas\\\/#breadcrumb\",\"itemListElement\":[{\"@type\":\"ListItem\",\"position\":1,\"name\":\"Home\",\"item\":\"https:\\\/\\\/www.fundacionmdp.org\\\/ca\\\/\"},{\"@type\":\"ListItem\",\"position\":2,\"name\":\"LES PERSONES AMB MOBILITAT REDU\u00cfDA NO SE SENTEN ESCOLTADES: UN 55% DELS ESPANYOLS ADMET NO ESTAR CONSCIENCIAT AMB ELS SEUS PROBLEMES\"}]},{\"@type\":\"WebSite\",\"@id\":\"https:\\\/\\\/www.fundacionmdp.org\\\/#website\",\"url\":\"https:\\\/\\\/www.fundacionmdp.org\\\/\",\"name\":\"Fundaci\u00f3n Mutua de Propietarios\",\"description\":\"En la Fundaci\u00f3n Mutua de Propietarios te ayudamos a convertir tu edificio de viviendas en un espacio sin barreras arquitect\u00f3nicas.\",\"publisher\":{\"@id\":\"https:\\\/\\\/www.fundacionmdp.org\\\/#organization\"},\"potentialAction\":[{\"@type\":\"SearchAction\",\"target\":{\"@type\":\"EntryPoint\",\"urlTemplate\":\"https:\\\/\\\/www.fundacionmdp.org\\\/?s={search_term_string}\"},\"query-input\":{\"@type\":\"PropertyValueSpecification\",\"valueRequired\":true,\"valueName\":\"search_term_string\"}}],\"inLanguage\":\"ca\"},{\"@type\":\"Organization\",\"@id\":\"https:\\\/\\\/www.fundacionmdp.org\\\/#organization\",\"name\":\"Fundaci\u00f3n Mutua de Propietarios\",\"url\":\"https:\\\/\\\/www.fundacionmdp.org\\\/\",\"logo\":{\"@type\":\"ImageObject\",\"inLanguage\":\"ca\",\"@id\":\"https:\\\/\\\/www.fundacionmdp.org\\\/#\\\/schema\\\/logo\\\/image\\\/\",\"url\":\"https:\\\/\\\/www.fundacionmdp.org\\\/wp-content\\\/uploads\\\/2023\\\/05\\\/logo_FMdP_cat.png\",\"contentUrl\":\"https:\\\/\\\/www.fundacionmdp.org\\\/wp-content\\\/uploads\\\/2023\\\/05\\\/logo_FMdP_cat.png\",\"width\":655,\"height\":297,\"caption\":\"Fundaci\u00f3n Mutua de Propietarios\"},\"image\":{\"@id\":\"https:\\\/\\\/www.fundacionmdp.org\\\/#\\\/schema\\\/logo\\\/image\\\/\"}},{\"@type\":\"Person\",\"@id\":\"https:\\\/\\\/www.fundacionmdp.org\\\/#\\\/schema\\\/person\\\/0a0491f126b8cd8387f8f0da72129079\",\"name\":\"consultinglasker@gmail.com\",\"image\":{\"@type\":\"ImageObject\",\"inLanguage\":\"ca\",\"@id\":\"https:\\\/\\\/secure.gravatar.com\\\/avatar\\\/7a939fbe5ab9abbba5f8a779e3054b4bee69cfadd53950db933d836ae1fc6281?s=96&d=mm&r=g\",\"url\":\"https:\\\/\\\/secure.gravatar.com\\\/avatar\\\/7a939fbe5ab9abbba5f8a779e3054b4bee69cfadd53950db933d836ae1fc6281?s=96&d=mm&r=g\",\"contentUrl\":\"https:\\\/\\\/secure.gravatar.com\\\/avatar\\\/7a939fbe5ab9abbba5f8a779e3054b4bee69cfadd53950db933d836ae1fc6281?s=96&d=mm&r=g\",\"caption\":\"consultinglasker@gmail.com\"},\"url\":\"https:\\\/\\\/www.fundacionmdp.org\\\/ca\\\/author\\\/consultinglaskergmail-com\\\/\"}]}<\/script>\n<!-- \/ Yoast SEO plugin. -->","yoast_head_json":{"title":"LES PERSONES AMB MOBILITAT REDU\u00cfDA NO SE SENTEN ESCOLTADES: UN 55% DELS ESPANYOLS ADMET NO ESTAR CONSCIENCIAT AMB ELS SEUS PROBLEMES - Fundaci\u00f3n Mutua de Propietarios","robots":{"index":"index","follow":"follow","max-snippet":"max-snippet:-1","max-image-preview":"max-image-preview:large","max-video-preview":"max-video-preview:-1"},"canonical":"https:\/\/www.fundacionmdp.org\/las-personas-con-movilidad-reducida-no-se-sienten-escuchadas-un-55-de-los-espanoles-admite-no-estar-concienciado-con-sus-problemas\/","og_locale":"ca_ES","og_type":"article","og_title":"LES PERSONES AMB MOBILITAT REDU\u00cfDA NO SE SENTEN ESCOLTADES: UN 55% DELS ESPANYOLS ADMET NO ESTAR CONSCIENCIAT AMB ELS SEUS PROBLEMES - Fundaci\u00f3n Mutua de Propietarios","og_description":"Amb un esc\u00e0s 4,07 sobre 10, el 55% dels espanyols susp\u00e8n en conscienciaci\u00f3 amb els problemes dels m\u00e9s de 2,4 milions de persones amb mobilitat redu\u00efda que resideixen a Espanya, d&#8217;acord amb l&#8217;informe \u201cLa Veu de l&#8217;Accessibilitat\u201d elaborat per la Fundaci\u00f3 Mutua de Propietarios amb l&#8217;objectiu d&#8217;oferir una nova perspectiva de la situaci\u00f3 i la [&hellip;]","og_url":"https:\/\/www.fundacionmdp.org\/las-personas-con-movilidad-reducida-no-se-sienten-escuchadas-un-55-de-los-espanoles-admite-no-estar-concienciado-con-sus-problemas\/","og_site_name":"Fundaci\u00f3n Mutua de Propietarios","article_published_time":"2024-05-21T09:05:07+00:00","article_modified_time":"2024-05-21T09:46:28+00:00","og_image":[{"width":1127,"height":626,"url":"https:\/\/www.fundacionmdp.org\/wp-content\/uploads\/2024\/05\/accesibilidad.png","type":"image\/png"}],"author":"consultinglasker@gmail.com","twitter_card":"summary_large_image","twitter_misc":{"Escrit per":"consultinglasker@gmail.com","Temps estimat de lectura":"3 minuts"},"schema":{"@context":"https:\/\/schema.org","@graph":[{"@type":"Article","@id":"https:\/\/www.fundacionmdp.org\/las-personas-con-movilidad-reducida-no-se-sienten-escuchadas-un-55-de-los-espanoles-admite-no-estar-concienciado-con-sus-problemas\/#article","isPartOf":{"@id":"https:\/\/www.fundacionmdp.org\/las-personas-con-movilidad-reducida-no-se-sienten-escuchadas-un-55-de-los-espanoles-admite-no-estar-concienciado-con-sus-problemas\/"},"author":{"name":"consultinglasker@gmail.com","@id":"https:\/\/www.fundacionmdp.org\/#\/schema\/person\/0a0491f126b8cd8387f8f0da72129079"},"headline":"LES PERSONES AMB MOBILITAT REDU\u00cfDA NO SE SENTEN ESCOLTADES: UN 55% DELS ESPANYOLS ADMET NO ESTAR CONSCIENCIAT AMB ELS SEUS PROBLEMES","datePublished":"2024-05-21T09:05:07+00:00","dateModified":"2024-05-21T09:46:28+00:00","mainEntityOfPage":{"@id":"https:\/\/www.fundacionmdp.org\/las-personas-con-movilidad-reducida-no-se-sienten-escuchadas-un-55-de-los-espanoles-admite-no-estar-concienciado-con-sus-problemas\/"},"wordCount":671,"commentCount":0,"publisher":{"@id":"https:\/\/www.fundacionmdp.org\/#organization"},"image":{"@id":"https:\/\/www.fundacionmdp.org\/las-personas-con-movilidad-reducida-no-se-sienten-escuchadas-un-55-de-los-espanoles-admite-no-estar-concienciado-con-sus-problemas\/#primaryimage"},"thumbnailUrl":"https:\/\/www.fundacionmdp.org\/wp-content\/uploads\/2024\/05\/accesibilidad.png","articleSection":["Sin categorizar"],"inLanguage":"ca","potentialAction":[{"@type":"CommentAction","name":"Comment","target":["https:\/\/www.fundacionmdp.org\/las-personas-con-movilidad-reducida-no-se-sienten-escuchadas-un-55-de-los-espanoles-admite-no-estar-concienciado-con-sus-problemas\/#respond"]}]},{"@type":"WebPage","@id":"https:\/\/www.fundacionmdp.org\/las-personas-con-movilidad-reducida-no-se-sienten-escuchadas-un-55-de-los-espanoles-admite-no-estar-concienciado-con-sus-problemas\/","url":"https:\/\/www.fundacionmdp.org\/las-personas-con-movilidad-reducida-no-se-sienten-escuchadas-un-55-de-los-espanoles-admite-no-estar-concienciado-con-sus-problemas\/","name":"LES PERSONES AMB MOBILITAT REDU\u00cfDA NO SE SENTEN ESCOLTADES: UN 55% DELS ESPANYOLS ADMET NO ESTAR CONSCIENCIAT AMB ELS SEUS PROBLEMES - Fundaci\u00f3n Mutua de Propietarios","isPartOf":{"@id":"https:\/\/www.fundacionmdp.org\/#website"},"primaryImageOfPage":{"@id":"https:\/\/www.fundacionmdp.org\/las-personas-con-movilidad-reducida-no-se-sienten-escuchadas-un-55-de-los-espanoles-admite-no-estar-concienciado-con-sus-problemas\/#primaryimage"},"image":{"@id":"https:\/\/www.fundacionmdp.org\/las-personas-con-movilidad-reducida-no-se-sienten-escuchadas-un-55-de-los-espanoles-admite-no-estar-concienciado-con-sus-problemas\/#primaryimage"},"thumbnailUrl":"https:\/\/www.fundacionmdp.org\/wp-content\/uploads\/2024\/05\/accesibilidad.png","datePublished":"2024-05-21T09:05:07+00:00","dateModified":"2024-05-21T09:46:28+00:00","breadcrumb":{"@id":"https:\/\/www.fundacionmdp.org\/las-personas-con-movilidad-reducida-no-se-sienten-escuchadas-un-55-de-los-espanoles-admite-no-estar-concienciado-con-sus-problemas\/#breadcrumb"},"inLanguage":"ca","potentialAction":[{"@type":"ReadAction","target":["https:\/\/www.fundacionmdp.org\/las-personas-con-movilidad-reducida-no-se-sienten-escuchadas-un-55-de-los-espanoles-admite-no-estar-concienciado-con-sus-problemas\/"]}]},{"@type":"ImageObject","inLanguage":"ca","@id":"https:\/\/www.fundacionmdp.org\/las-personas-con-movilidad-reducida-no-se-sienten-escuchadas-un-55-de-los-espanoles-admite-no-estar-concienciado-con-sus-problemas\/#primaryimage","url":"https:\/\/www.fundacionmdp.org\/wp-content\/uploads\/2024\/05\/accesibilidad.png","contentUrl":"https:\/\/www.fundacionmdp.org\/wp-content\/uploads\/2024\/05\/accesibilidad.png","width":1127,"height":626},{"@type":"BreadcrumbList","@id":"https:\/\/www.fundacionmdp.org\/las-personas-con-movilidad-reducida-no-se-sienten-escuchadas-un-55-de-los-espanoles-admite-no-estar-concienciado-con-sus-problemas\/#breadcrumb","itemListElement":[{"@type":"ListItem","position":1,"name":"Home","item":"https:\/\/www.fundacionmdp.org\/ca\/"},{"@type":"ListItem","position":2,"name":"LES PERSONES AMB MOBILITAT REDU\u00cfDA NO SE SENTEN ESCOLTADES: UN 55% DELS ESPANYOLS ADMET NO ESTAR CONSCIENCIAT AMB ELS SEUS PROBLEMES"}]},{"@type":"WebSite","@id":"https:\/\/www.fundacionmdp.org\/#website","url":"https:\/\/www.fundacionmdp.org\/","name":"Fundaci\u00f3n Mutua de Propietarios","description":"En la Fundaci\u00f3n Mutua de Propietarios te ayudamos a convertir tu edificio de viviendas en un espacio sin barreras arquitect\u00f3nicas.","publisher":{"@id":"https:\/\/www.fundacionmdp.org\/#organization"},"potentialAction":[{"@type":"SearchAction","target":{"@type":"EntryPoint","urlTemplate":"https:\/\/www.fundacionmdp.org\/?s={search_term_string}"},"query-input":{"@type":"PropertyValueSpecification","valueRequired":true,"valueName":"search_term_string"}}],"inLanguage":"ca"},{"@type":"Organization","@id":"https:\/\/www.fundacionmdp.org\/#organization","name":"Fundaci\u00f3n Mutua de Propietarios","url":"https:\/\/www.fundacionmdp.org\/","logo":{"@type":"ImageObject","inLanguage":"ca","@id":"https:\/\/www.fundacionmdp.org\/#\/schema\/logo\/image\/","url":"https:\/\/www.fundacionmdp.org\/wp-content\/uploads\/2023\/05\/logo_FMdP_cat.png","contentUrl":"https:\/\/www.fundacionmdp.org\/wp-content\/uploads\/2023\/05\/logo_FMdP_cat.png","width":655,"height":297,"caption":"Fundaci\u00f3n Mutua de Propietarios"},"image":{"@id":"https:\/\/www.fundacionmdp.org\/#\/schema\/logo\/image\/"}},{"@type":"Person","@id":"https:\/\/www.fundacionmdp.org\/#\/schema\/person\/0a0491f126b8cd8387f8f0da72129079","name":"consultinglasker@gmail.com","image":{"@type":"ImageObject","inLanguage":"ca","@id":"https:\/\/secure.gravatar.com\/avatar\/7a939fbe5ab9abbba5f8a779e3054b4bee69cfadd53950db933d836ae1fc6281?s=96&d=mm&r=g","url":"https:\/\/secure.gravatar.com\/avatar\/7a939fbe5ab9abbba5f8a779e3054b4bee69cfadd53950db933d836ae1fc6281?s=96&d=mm&r=g","contentUrl":"https:\/\/secure.gravatar.com\/avatar\/7a939fbe5ab9abbba5f8a779e3054b4bee69cfadd53950db933d836ae1fc6281?s=96&d=mm&r=g","caption":"consultinglasker@gmail.com"},"url":"https:\/\/www.fundacionmdp.org\/ca\/author\/consultinglaskergmail-com\/"}]}},"_links":{"self":[{"href":"https:\/\/www.fundacionmdp.org\/ca\/wp-json\/wp\/v2\/posts\/9940","targetHints":{"allow":["GET"]}}],"collection":[{"href":"https:\/\/www.fundacionmdp.org\/ca\/wp-json\/wp\/v2\/posts"}],"about":[{"href":"https:\/\/www.fundacionmdp.org\/ca\/wp-json\/wp\/v2\/types\/post"}],"author":[{"embeddable":true,"href":"https:\/\/www.fundacionmdp.org\/ca\/wp-json\/wp\/v2\/users\/29"}],"replies":[{"embeddable":true,"href":"https:\/\/www.fundacionmdp.org\/ca\/wp-json\/wp\/v2\/comments?post=9940"}],"version-history":[{"count":1,"href":"https:\/\/www.fundacionmdp.org\/ca\/wp-json\/wp\/v2\/posts\/9940\/revisions"}],"predecessor-version":[{"id":9943,"href":"https:\/\/www.fundacionmdp.org\/ca\/wp-json\/wp\/v2\/posts\/9940\/revisions\/9943"}],"wp:featuredmedia":[{"embeddable":true,"href":"https:\/\/www.fundacionmdp.org\/ca\/wp-json\/wp\/v2\/media\/9939"}],"wp:attachment":[{"href":"https:\/\/www.fundacionmdp.org\/ca\/wp-json\/wp\/v2\/media?parent=9940"}],"wp:term":[{"taxonomy":"category","embeddable":true,"href":"https:\/\/www.fundacionmdp.org\/ca\/wp-json\/wp\/v2\/categories?post=9940"},{"taxonomy":"post_tag","embeddable":true,"href":"https:\/\/www.fundacionmdp.org\/ca\/wp-json\/wp\/v2\/tags?post=9940"}],"curies":[{"name":"wp","href":"https:\/\/api.w.org\/{rel}","templated":true}]}}