{"id":9952,"date":"2024-05-27T16:32:09","date_gmt":"2024-05-27T14:32:09","guid":{"rendered":"https:\/\/www.fundacionmdp.org\/?p=9952"},"modified":"2024-05-27T16:31:10","modified_gmt":"2024-05-27T14:31:10","slug":"la-conscienciacio-social-sobre-la-mobilitat-reduida","status":"publish","type":"post","link":"https:\/\/www.fundacionmdp.org\/ca\/la-conscienciacio-social-sobre-la-mobilitat-reduida\/","title":{"rendered":"La conscienciaci\u00f3 social sobre la mobilitat redu\u00efda"},"content":{"rendered":"\t\t<div data-elementor-type=\"wp-post\" data-elementor-id=\"9952\" class=\"elementor elementor-9952 elementor-9945\">\n\t\t\t\t<div class=\"elementor-element elementor-element-fe63aaf e-flex e-con-boxed e-con e-parent\" data-id=\"fe63aaf\" data-element_type=\"container\" data-e-type=\"container\">\n\t\t\t\t\t<div class=\"e-con-inner\">\n\t\t\t\t<div class=\"elementor-element elementor-element-fe3f3ec elementor-widget elementor-widget-text-editor\" data-id=\"fe3f3ec\" data-element_type=\"widget\" data-e-type=\"widget\" data-widget_type=\"text-editor.default\">\n\t\t\t\t<div class=\"elementor-widget-container\">\n\t\t\t\t\t\t\t\t\t<p>A la nostra societat, la inclusi\u00f3 i la consci\u00e8ncia sobre les necessitats de les persones amb mobilitat redu\u00efda continuen sent un desafiament important. Tot i els aven\u00e7os legislatius i socials, un percentatge significatiu de la poblaci\u00f3 encara no est\u00e0 plenament conscienciat sobre les dificultats que enfronten aquestes persones al seu dia a dia.\u00a0<\/p><p>Per aquest motiu, a la <a href=\"https:\/\/www.fundacionmdp.org\/\"><strong><span style=\"color: #800000;\">Fundaci\u00f3 Mutua de Propietarios<\/span><\/strong><\/a> estem intentant crear consci\u00e8ncia social i prendre mesures per ajudar les persones amb mobilitat redu\u00efda. Tenir una vida digna i de qualitat \u00e9s un dret universal per a qualsevol \u00e9sser hum\u00e0. Per aix\u00f2 hem creat l&#8217;informe <span style=\"color: #800000;\"><a style=\"color: #800000;\" href=\"https:\/\/www.fundacionmdp.org\/las-personas-con-movilidad-reducida-no-se-sienten-escuchadas-un-55-de-los-espanoles-admite-no-estar-concienciado-con-sus-problemas\/\">&#8220;La Veu de l&#8217;Accessibilitat&#8221;<\/a><\/span> d&#8217;elaboraci\u00f3 pr\u00f2pia, que t\u00e9 la finalitat de donar a con\u00e8ixer dades rellevants sobre la conscienciaci\u00f3 social sobre la mobilitat redu\u00efda, aix\u00ed com identificar personatges p\u00fablics rellevants que actualment s\u00f3n referents per a la societat en aquest \u00e0mbit.<\/p><h3>La realitat de la mobilitat redu\u00efda a Espanya<\/h3><p>Les persones amb mobilitat redu\u00efda sovint enfronten barreres que limiten la seva capacitat per participar plenament a la societat. Aquestes barreres no nom\u00e9s s\u00f3n f\u00edsiques, sin\u00f3 tamb\u00e9 psicol\u00f2giques i socials. Segons el recent estudi realitzat per la Fundaci\u00f3 M\u00fatua de Propietaris, m\u00e9s del 55% dels espanyols admet no estar completament conscienciat sobre els problemes que enfronten aquestes persones, cosa que subratlla una manca significativa de comprensi\u00f3 i empatia cap a les seves necessitats.<\/p><p>Aquest resultat \u00e9s degut, en part al fet que els mitjans de comunicaci\u00f3, les pel\u00b7l\u00edcules o les s\u00e8ries no representen de manera realista els problemes de les persones amb mobilitat redu\u00efda, i per aquesta ra\u00f3, hi ha un alt percentatge de persones que no coneixen la dura realitat de les condicions en qu\u00e8 han de viure, aix\u00ed com la quantitat d&#8217;obstacles i barreres a superar que se&#8217;ls presenten al seu dia a dia.<\/p><h3>La import\u00e0ncia de la conscienciaci\u00f3 social sobre les persones amb mobilitat redu\u00efda<\/h3><p>Les persones amb mobilitat redu\u00efda sovint es troben en situacions on les necessitats b\u00e0siques no s\u00f3n escoltades ni ateses adequadament. Des de la dificultat per accedir a edificis p\u00fablics i privats, incl\u00f2s als seus propis habitatges, fins a la navegaci\u00f3 per espais urbans que no estan adaptats adequadament, la vida di\u00e0ria pot presentar reptes significatius. L&#8217;estudi de la Fundaci\u00f3 revela que un percentatge considerable de la poblaci\u00f3 no \u00e9s conscient d&#8217;aquestes dificultats, cosa que suggereix una bretxa important en la nostra percepci\u00f3 col\u00b7lectiva i empatia cap a aquests problemes.<\/p><p>La conscienciaci\u00f3 sobre les necessitats de les persones amb mobilitat redu\u00efda \u00e9s el primer pas crucial per crear una societat m\u00e9s inclusiva. Entendre les barreres a qu\u00e8 s&#8217;enfronten aquests individus \u00e9s fonamental per desenvolupar solucions efectives i pol\u00edtiques inclusives. Sense un coneixement i un reconeixement adequats d&#8217;aquestes dificultats, les mesures implementades poden fallar en abordar els aspectes m\u00e9s cr\u00edtics que afecten la vida d&#8217;aquestes persones.<\/p><h3>Com es podria millorar la conscienciaci\u00f3 i la inclusi\u00f3 sobre la mobilitat redu\u00efda?<\/h3><p>Promoure una major inclusi\u00f3 de les persones amb mobilitat redu\u00efda requereix un enfocament multifac\u00e8tic, com ara:<\/p><ul><li><strong>Educaci\u00f3 i sensibilitzaci\u00f3<\/strong>: campanyes de sensibilitzaci\u00f3 i divulgaci\u00f3 que informin i eduquin el p\u00fablic general sobre les dificultats di\u00e0ries que enfronten les persones amb mobilitat redu\u00efda.<\/li><li><strong>Millores en infraestructura<\/strong>: inversions en infraestructura per assegurar que els espais siguin completament accessibles per a tothom, eliminant barreres arquitect\u00f2niques. Un exemple clar seria el nostre <a href=\"https:\/\/www.fundacionmdp.org\/programa-de-ayudas-sin-barreras\/\">Programa d&#8217;Ajuts Sense Barreres<\/a> que ofereix ajuts econ\u00f2mics per a obres d&#8217;accessibilitat a edificis d&#8217;habitatges.<\/li><li><strong>Pol\u00edtiques p\u00fabliques<\/strong>: desenvolupament i implementaci\u00f3 de pol\u00edtiques que no nom\u00e9s compleixin les regulacions d&#8217;accessibilitat existents, sin\u00f3 que tamb\u00e9 promoguin m\u00e9s inclusi\u00f3 a trav\u00e9s d&#8217;incentius o subvencions per a projectes d&#8217;adaptaci\u00f3. Un exemple en serien els ajuts per a rehabilitaci\u00f3 d&#8217;habitatges i millora d&#8217;accessibilitat dels Fons Europeus #NextGeneration.<\/li><\/ul><p><strong>Fundaci\u00f3 Mutua Propietarios <\/strong>est\u00e0 compromesa amb la promoci\u00f3 de l\u2019accessibilitat i la inclusi\u00f3 per a totes les persones, independentment de les seves capacitats f\u00edsiques. Seguirem treballant per poder augmentar la conscienciaci\u00f3 i les ajudes per a les persones amb mobilitat redu\u00efda, ja que el 82% de la poblaci\u00f3 espanyola est\u00e0 d&#8217;acord que caldria sensibilitzar-ne m\u00e9s, segons el nostre Informe del 2024 del Programa Observatori de Fundaci\u00f3 Mutua Propietarios .<\/p>\t\t\t\t\t\t\t\t<\/div>\n\t\t\t\t<\/div>\n\t\t\t\t\t<\/div>\n\t\t\t\t<\/div>\n\t\t\t\t<\/div>\n\t\t","protected":false},"excerpt":{"rendered":"<p>A la nostra societat, la inclusi\u00f3 i la consci\u00e8ncia sobre les necessitats de les persones amb mobilitat redu\u00efda continuen sent un desafiament important. Tot i els aven\u00e7os legislatius i socials, un percentatge significatiu de la poblaci\u00f3 encara no est\u00e0 plenament conscienciat sobre les dificultats que enfronten aquestes persones al seu dia a dia.\u00a0 Per aquest [&hellip;]<\/p>\n","protected":false},"author":1,"featured_media":9947,"comment_status":"open","ping_status":"open","sticky":false,"template":"","format":"standard","meta":{"_acf_changed":false,"ocean_post_layout":"","ocean_both_sidebars_style":"","ocean_both_sidebars_content_width":0,"ocean_both_sidebars_sidebars_width":0,"ocean_sidebar":"","ocean_second_sidebar":"","ocean_disable_margins":"enable","ocean_add_body_class":"","ocean_shortcode_before_top_bar":"","ocean_shortcode_after_top_bar":"","ocean_shortcode_before_header":"","ocean_shortcode_after_header":"","ocean_has_shortcode":"","ocean_shortcode_after_title":"","ocean_shortcode_before_footer_widgets":"","ocean_shortcode_after_footer_widgets":"","ocean_shortcode_before_footer_bottom":"","ocean_shortcode_after_footer_bottom":"","ocean_display_top_bar":"default","ocean_display_header":"default","ocean_header_style":"","ocean_center_header_left_menu":"","ocean_custom_header_template":"","ocean_custom_logo":0,"ocean_custom_retina_logo":0,"ocean_custom_logo_max_width":0,"ocean_custom_logo_tablet_max_width":0,"ocean_custom_logo_mobile_max_width":0,"ocean_custom_logo_max_height":0,"ocean_custom_logo_tablet_max_height":0,"ocean_custom_logo_mobile_max_height":0,"ocean_header_custom_menu":"","ocean_menu_typo_font_family":"","ocean_menu_typo_font_subset":"","ocean_menu_typo_font_size":0,"ocean_menu_typo_font_size_tablet":0,"ocean_menu_typo_font_size_mobile":0,"ocean_menu_typo_font_size_unit":"px","ocean_menu_typo_font_weight":"","ocean_menu_typo_font_weight_tablet":"","ocean_menu_typo_font_weight_mobile":"","ocean_menu_typo_transform":"","ocean_menu_typo_transform_tablet":"","ocean_menu_typo_transform_mobile":"","ocean_menu_typo_line_height":0,"ocean_menu_typo_line_height_tablet":0,"ocean_menu_typo_line_height_mobile":0,"ocean_menu_typo_line_height_unit":"","ocean_menu_typo_spacing":0,"ocean_menu_typo_spacing_tablet":0,"ocean_menu_typo_spacing_mobile":0,"ocean_menu_typo_spacing_unit":"","ocean_menu_link_color":"","ocean_menu_link_color_hover":"","ocean_menu_link_color_active":"","ocean_menu_link_background":"","ocean_menu_link_hover_background":"","ocean_menu_link_active_background":"","ocean_menu_social_links_bg":"","ocean_menu_social_hover_links_bg":"","ocean_menu_social_links_color":"","ocean_menu_social_hover_links_color":"","ocean_disable_title":"default","ocean_disable_heading":"default","ocean_post_title":"","ocean_post_subheading":"","ocean_post_title_style":"","ocean_post_title_background_color":"","ocean_post_title_background":0,"ocean_post_title_bg_image_position":"","ocean_post_title_bg_image_attachment":"","ocean_post_title_bg_image_repeat":"","ocean_post_title_bg_image_size":"","ocean_post_title_height":0,"ocean_post_title_bg_overlay":0.5,"ocean_post_title_bg_overlay_color":"","ocean_disable_breadcrumbs":"default","ocean_breadcrumbs_color":"","ocean_breadcrumbs_separator_color":"","ocean_breadcrumbs_links_color":"","ocean_breadcrumbs_links_hover_color":"","ocean_display_footer_widgets":"default","ocean_display_footer_bottom":"default","ocean_custom_footer_template":"","ocean_post_oembed":"","ocean_post_self_hosted_media":"","ocean_post_video_embed":"","ocean_link_format":"","ocean_link_format_target":"self","ocean_quote_format":"","ocean_quote_format_link":"post","ocean_gallery_link_images":"on","ocean_gallery_id":[],"footnotes":""},"categories":[1],"tags":[],"class_list":["post-9952","post","type-post","status-publish","format-standard","has-post-thumbnail","hentry","category-sin-categorizar","entry","has-media"],"acf":[],"yoast_head":"<!-- This site is optimized with the Yoast SEO plugin v27.3 - https:\/\/yoast.com\/product\/yoast-seo-wordpress\/ -->\n<title>La conscienciaci\u00f3 social sobre la mobilitat redu\u00efda - Fundaci\u00f3n Mutua de Propietarios<\/title>\n<meta name=\"robots\" content=\"index, follow, max-snippet:-1, max-image-preview:large, max-video-preview:-1\" \/>\n<link rel=\"canonical\" href=\"https:\/\/www.fundacionmdp.org\/ca\/la-conscienciacio-social-sobre-la-mobilitat-reduida\/\" \/>\n<meta property=\"og:locale\" content=\"ca_ES\" \/>\n<meta property=\"og:type\" content=\"article\" \/>\n<meta property=\"og:title\" content=\"La conscienciaci\u00f3 social sobre la mobilitat redu\u00efda - Fundaci\u00f3n Mutua de Propietarios\" \/>\n<meta property=\"og:description\" content=\"A la nostra societat, la inclusi\u00f3 i la consci\u00e8ncia sobre les necessitats de les persones amb mobilitat redu\u00efda continuen sent un desafiament important. Tot i els aven\u00e7os legislatius i socials, un percentatge significatiu de la poblaci\u00f3 encara no est\u00e0 plenament conscienciat sobre les dificultats que enfronten aquestes persones al seu dia a dia.\u00a0 Per aquest [&hellip;]\" \/>\n<meta property=\"og:url\" content=\"https:\/\/www.fundacionmdp.org\/ca\/la-conscienciacio-social-sobre-la-mobilitat-reduida\/\" \/>\n<meta property=\"og:site_name\" content=\"Fundaci\u00f3n Mutua de Propietarios\" \/>\n<meta property=\"article:published_time\" content=\"2024-05-27T14:32:09+00:00\" \/>\n<meta property=\"og:image\" content=\"https:\/\/www.fundacionmdp.org\/wp-content\/uploads\/2024\/05\/concienciacion_social_mobilidad_reducida.jpg\" \/>\n\t<meta property=\"og:image:width\" content=\"1024\" \/>\n\t<meta property=\"og:image:height\" content=\"1024\" \/>\n\t<meta property=\"og:image:type\" content=\"image\/jpeg\" \/>\n<meta name=\"author\" content=\"fundacionmdp\" \/>\n<meta name=\"twitter:card\" content=\"summary_large_image\" \/>\n<meta name=\"twitter:label1\" content=\"Escrit per\" \/>\n\t<meta name=\"twitter:data1\" content=\"fundacionmdp\" \/>\n\t<meta name=\"twitter:label2\" content=\"Temps estimat de lectura\" \/>\n\t<meta name=\"twitter:data2\" content=\"4 minuts\" \/>\n<script type=\"application\/ld+json\" class=\"yoast-schema-graph\">{\"@context\":\"https:\\\/\\\/schema.org\",\"@graph\":[{\"@type\":\"Article\",\"@id\":\"https:\\\/\\\/www.fundacionmdp.org\\\/ca\\\/la-conscienciacio-social-sobre-la-mobilitat-reduida\\\/#article\",\"isPartOf\":{\"@id\":\"https:\\\/\\\/www.fundacionmdp.org\\\/ca\\\/la-conscienciacio-social-sobre-la-mobilitat-reduida\\\/\"},\"author\":{\"name\":\"fundacionmdp\",\"@id\":\"https:\\\/\\\/www.fundacionmdp.org\\\/#\\\/schema\\\/person\\\/12f9af801cac25dfcb5a96cb0090f703\"},\"headline\":\"La conscienciaci\u00f3 social sobre la mobilitat redu\u00efda\",\"datePublished\":\"2024-05-27T14:32:09+00:00\",\"mainEntityOfPage\":{\"@id\":\"https:\\\/\\\/www.fundacionmdp.org\\\/ca\\\/la-conscienciacio-social-sobre-la-mobilitat-reduida\\\/\"},\"wordCount\":748,\"commentCount\":0,\"publisher\":{\"@id\":\"https:\\\/\\\/www.fundacionmdp.org\\\/#organization\"},\"image\":{\"@id\":\"https:\\\/\\\/www.fundacionmdp.org\\\/ca\\\/la-conscienciacio-social-sobre-la-mobilitat-reduida\\\/#primaryimage\"},\"thumbnailUrl\":\"https:\\\/\\\/www.fundacionmdp.org\\\/wp-content\\\/uploads\\\/2024\\\/05\\\/concienciacion_social_mobilidad_reducida.jpg\",\"articleSection\":[\"Sin categorizar\"],\"inLanguage\":\"ca\",\"potentialAction\":[{\"@type\":\"CommentAction\",\"name\":\"Comment\",\"target\":[\"https:\\\/\\\/www.fundacionmdp.org\\\/ca\\\/la-conscienciacio-social-sobre-la-mobilitat-reduida\\\/#respond\"]}]},{\"@type\":\"WebPage\",\"@id\":\"https:\\\/\\\/www.fundacionmdp.org\\\/ca\\\/la-conscienciacio-social-sobre-la-mobilitat-reduida\\\/\",\"url\":\"https:\\\/\\\/www.fundacionmdp.org\\\/ca\\\/la-conscienciacio-social-sobre-la-mobilitat-reduida\\\/\",\"name\":\"La conscienciaci\u00f3 social sobre la mobilitat redu\u00efda - Fundaci\u00f3n Mutua de Propietarios\",\"isPartOf\":{\"@id\":\"https:\\\/\\\/www.fundacionmdp.org\\\/#website\"},\"primaryImageOfPage\":{\"@id\":\"https:\\\/\\\/www.fundacionmdp.org\\\/ca\\\/la-conscienciacio-social-sobre-la-mobilitat-reduida\\\/#primaryimage\"},\"image\":{\"@id\":\"https:\\\/\\\/www.fundacionmdp.org\\\/ca\\\/la-conscienciacio-social-sobre-la-mobilitat-reduida\\\/#primaryimage\"},\"thumbnailUrl\":\"https:\\\/\\\/www.fundacionmdp.org\\\/wp-content\\\/uploads\\\/2024\\\/05\\\/concienciacion_social_mobilidad_reducida.jpg\",\"datePublished\":\"2024-05-27T14:32:09+00:00\",\"breadcrumb\":{\"@id\":\"https:\\\/\\\/www.fundacionmdp.org\\\/ca\\\/la-conscienciacio-social-sobre-la-mobilitat-reduida\\\/#breadcrumb\"},\"inLanguage\":\"ca\",\"potentialAction\":[{\"@type\":\"ReadAction\",\"target\":[\"https:\\\/\\\/www.fundacionmdp.org\\\/ca\\\/la-conscienciacio-social-sobre-la-mobilitat-reduida\\\/\"]}]},{\"@type\":\"ImageObject\",\"inLanguage\":\"ca\",\"@id\":\"https:\\\/\\\/www.fundacionmdp.org\\\/ca\\\/la-conscienciacio-social-sobre-la-mobilitat-reduida\\\/#primaryimage\",\"url\":\"https:\\\/\\\/www.fundacionmdp.org\\\/wp-content\\\/uploads\\\/2024\\\/05\\\/concienciacion_social_mobilidad_reducida.jpg\",\"contentUrl\":\"https:\\\/\\\/www.fundacionmdp.org\\\/wp-content\\\/uploads\\\/2024\\\/05\\\/concienciacion_social_mobilidad_reducida.jpg\",\"width\":1024,\"height\":1024},{\"@type\":\"BreadcrumbList\",\"@id\":\"https:\\\/\\\/www.fundacionmdp.org\\\/ca\\\/la-conscienciacio-social-sobre-la-mobilitat-reduida\\\/#breadcrumb\",\"itemListElement\":[{\"@type\":\"ListItem\",\"position\":1,\"name\":\"Home\",\"item\":\"https:\\\/\\\/www.fundacionmdp.org\\\/ca\\\/\"},{\"@type\":\"ListItem\",\"position\":2,\"name\":\"La conscienciaci\u00f3 social sobre la mobilitat redu\u00efda\"}]},{\"@type\":\"WebSite\",\"@id\":\"https:\\\/\\\/www.fundacionmdp.org\\\/#website\",\"url\":\"https:\\\/\\\/www.fundacionmdp.org\\\/\",\"name\":\"Fundaci\u00f3n Mutua de Propietarios\",\"description\":\"En la Fundaci\u00f3n Mutua de Propietarios te ayudamos a convertir tu edificio de viviendas en un espacio sin barreras arquitect\u00f3nicas.\",\"publisher\":{\"@id\":\"https:\\\/\\\/www.fundacionmdp.org\\\/#organization\"},\"potentialAction\":[{\"@type\":\"SearchAction\",\"target\":{\"@type\":\"EntryPoint\",\"urlTemplate\":\"https:\\\/\\\/www.fundacionmdp.org\\\/?s={search_term_string}\"},\"query-input\":{\"@type\":\"PropertyValueSpecification\",\"valueRequired\":true,\"valueName\":\"search_term_string\"}}],\"inLanguage\":\"ca\"},{\"@type\":\"Organization\",\"@id\":\"https:\\\/\\\/www.fundacionmdp.org\\\/#organization\",\"name\":\"Fundaci\u00f3n Mutua de Propietarios\",\"url\":\"https:\\\/\\\/www.fundacionmdp.org\\\/\",\"logo\":{\"@type\":\"ImageObject\",\"inLanguage\":\"ca\",\"@id\":\"https:\\\/\\\/www.fundacionmdp.org\\\/#\\\/schema\\\/logo\\\/image\\\/\",\"url\":\"https:\\\/\\\/www.fundacionmdp.org\\\/wp-content\\\/uploads\\\/2023\\\/05\\\/logo_FMdP_cat.png\",\"contentUrl\":\"https:\\\/\\\/www.fundacionmdp.org\\\/wp-content\\\/uploads\\\/2023\\\/05\\\/logo_FMdP_cat.png\",\"width\":655,\"height\":297,\"caption\":\"Fundaci\u00f3n Mutua de Propietarios\"},\"image\":{\"@id\":\"https:\\\/\\\/www.fundacionmdp.org\\\/#\\\/schema\\\/logo\\\/image\\\/\"}},{\"@type\":\"Person\",\"@id\":\"https:\\\/\\\/www.fundacionmdp.org\\\/#\\\/schema\\\/person\\\/12f9af801cac25dfcb5a96cb0090f703\",\"name\":\"fundacionmdp\",\"image\":{\"@type\":\"ImageObject\",\"inLanguage\":\"ca\",\"@id\":\"https:\\\/\\\/secure.gravatar.com\\\/avatar\\\/b540f93d1816a14d85e51109d050c3243b98fb660a665f517a6d2597cff3bbed?s=96&d=mm&r=g\",\"url\":\"https:\\\/\\\/secure.gravatar.com\\\/avatar\\\/b540f93d1816a14d85e51109d050c3243b98fb660a665f517a6d2597cff3bbed?s=96&d=mm&r=g\",\"contentUrl\":\"https:\\\/\\\/secure.gravatar.com\\\/avatar\\\/b540f93d1816a14d85e51109d050c3243b98fb660a665f517a6d2597cff3bbed?s=96&d=mm&r=g\",\"caption\":\"fundacionmdp\"},\"sameAs\":[\"http:\\\/\\\/prezuk.com.mialias.net\\\/fundacionmdp\"],\"url\":\"https:\\\/\\\/www.fundacionmdp.org\\\/ca\\\/author\\\/fundacionmdp\\\/\"}]}<\/script>\n<!-- \/ Yoast SEO plugin. -->","yoast_head_json":{"title":"La conscienciaci\u00f3 social sobre la mobilitat redu\u00efda - Fundaci\u00f3n Mutua de Propietarios","robots":{"index":"index","follow":"follow","max-snippet":"max-snippet:-1","max-image-preview":"max-image-preview:large","max-video-preview":"max-video-preview:-1"},"canonical":"https:\/\/www.fundacionmdp.org\/ca\/la-conscienciacio-social-sobre-la-mobilitat-reduida\/","og_locale":"ca_ES","og_type":"article","og_title":"La conscienciaci\u00f3 social sobre la mobilitat redu\u00efda - Fundaci\u00f3n Mutua de Propietarios","og_description":"A la nostra societat, la inclusi\u00f3 i la consci\u00e8ncia sobre les necessitats de les persones amb mobilitat redu\u00efda continuen sent un desafiament important. Tot i els aven\u00e7os legislatius i socials, un percentatge significatiu de la poblaci\u00f3 encara no est\u00e0 plenament conscienciat sobre les dificultats que enfronten aquestes persones al seu dia a dia.\u00a0 Per aquest [&hellip;]","og_url":"https:\/\/www.fundacionmdp.org\/ca\/la-conscienciacio-social-sobre-la-mobilitat-reduida\/","og_site_name":"Fundaci\u00f3n Mutua de Propietarios","article_published_time":"2024-05-27T14:32:09+00:00","og_image":[{"width":1024,"height":1024,"url":"https:\/\/www.fundacionmdp.org\/wp-content\/uploads\/2024\/05\/concienciacion_social_mobilidad_reducida.jpg","type":"image\/jpeg"}],"author":"fundacionmdp","twitter_card":"summary_large_image","twitter_misc":{"Escrit per":"fundacionmdp","Temps estimat de lectura":"4 minuts"},"schema":{"@context":"https:\/\/schema.org","@graph":[{"@type":"Article","@id":"https:\/\/www.fundacionmdp.org\/ca\/la-conscienciacio-social-sobre-la-mobilitat-reduida\/#article","isPartOf":{"@id":"https:\/\/www.fundacionmdp.org\/ca\/la-conscienciacio-social-sobre-la-mobilitat-reduida\/"},"author":{"name":"fundacionmdp","@id":"https:\/\/www.fundacionmdp.org\/#\/schema\/person\/12f9af801cac25dfcb5a96cb0090f703"},"headline":"La conscienciaci\u00f3 social sobre la mobilitat redu\u00efda","datePublished":"2024-05-27T14:32:09+00:00","mainEntityOfPage":{"@id":"https:\/\/www.fundacionmdp.org\/ca\/la-conscienciacio-social-sobre-la-mobilitat-reduida\/"},"wordCount":748,"commentCount":0,"publisher":{"@id":"https:\/\/www.fundacionmdp.org\/#organization"},"image":{"@id":"https:\/\/www.fundacionmdp.org\/ca\/la-conscienciacio-social-sobre-la-mobilitat-reduida\/#primaryimage"},"thumbnailUrl":"https:\/\/www.fundacionmdp.org\/wp-content\/uploads\/2024\/05\/concienciacion_social_mobilidad_reducida.jpg","articleSection":["Sin categorizar"],"inLanguage":"ca","potentialAction":[{"@type":"CommentAction","name":"Comment","target":["https:\/\/www.fundacionmdp.org\/ca\/la-conscienciacio-social-sobre-la-mobilitat-reduida\/#respond"]}]},{"@type":"WebPage","@id":"https:\/\/www.fundacionmdp.org\/ca\/la-conscienciacio-social-sobre-la-mobilitat-reduida\/","url":"https:\/\/www.fundacionmdp.org\/ca\/la-conscienciacio-social-sobre-la-mobilitat-reduida\/","name":"La conscienciaci\u00f3 social sobre la mobilitat redu\u00efda - Fundaci\u00f3n Mutua de Propietarios","isPartOf":{"@id":"https:\/\/www.fundacionmdp.org\/#website"},"primaryImageOfPage":{"@id":"https:\/\/www.fundacionmdp.org\/ca\/la-conscienciacio-social-sobre-la-mobilitat-reduida\/#primaryimage"},"image":{"@id":"https:\/\/www.fundacionmdp.org\/ca\/la-conscienciacio-social-sobre-la-mobilitat-reduida\/#primaryimage"},"thumbnailUrl":"https:\/\/www.fundacionmdp.org\/wp-content\/uploads\/2024\/05\/concienciacion_social_mobilidad_reducida.jpg","datePublished":"2024-05-27T14:32:09+00:00","breadcrumb":{"@id":"https:\/\/www.fundacionmdp.org\/ca\/la-conscienciacio-social-sobre-la-mobilitat-reduida\/#breadcrumb"},"inLanguage":"ca","potentialAction":[{"@type":"ReadAction","target":["https:\/\/www.fundacionmdp.org\/ca\/la-conscienciacio-social-sobre-la-mobilitat-reduida\/"]}]},{"@type":"ImageObject","inLanguage":"ca","@id":"https:\/\/www.fundacionmdp.org\/ca\/la-conscienciacio-social-sobre-la-mobilitat-reduida\/#primaryimage","url":"https:\/\/www.fundacionmdp.org\/wp-content\/uploads\/2024\/05\/concienciacion_social_mobilidad_reducida.jpg","contentUrl":"https:\/\/www.fundacionmdp.org\/wp-content\/uploads\/2024\/05\/concienciacion_social_mobilidad_reducida.jpg","width":1024,"height":1024},{"@type":"BreadcrumbList","@id":"https:\/\/www.fundacionmdp.org\/ca\/la-conscienciacio-social-sobre-la-mobilitat-reduida\/#breadcrumb","itemListElement":[{"@type":"ListItem","position":1,"name":"Home","item":"https:\/\/www.fundacionmdp.org\/ca\/"},{"@type":"ListItem","position":2,"name":"La conscienciaci\u00f3 social sobre la mobilitat redu\u00efda"}]},{"@type":"WebSite","@id":"https:\/\/www.fundacionmdp.org\/#website","url":"https:\/\/www.fundacionmdp.org\/","name":"Fundaci\u00f3n Mutua de Propietarios","description":"En la Fundaci\u00f3n Mutua de Propietarios te ayudamos a convertir tu edificio de viviendas en un espacio sin barreras arquitect\u00f3nicas.","publisher":{"@id":"https:\/\/www.fundacionmdp.org\/#organization"},"potentialAction":[{"@type":"SearchAction","target":{"@type":"EntryPoint","urlTemplate":"https:\/\/www.fundacionmdp.org\/?s={search_term_string}"},"query-input":{"@type":"PropertyValueSpecification","valueRequired":true,"valueName":"search_term_string"}}],"inLanguage":"ca"},{"@type":"Organization","@id":"https:\/\/www.fundacionmdp.org\/#organization","name":"Fundaci\u00f3n Mutua de Propietarios","url":"https:\/\/www.fundacionmdp.org\/","logo":{"@type":"ImageObject","inLanguage":"ca","@id":"https:\/\/www.fundacionmdp.org\/#\/schema\/logo\/image\/","url":"https:\/\/www.fundacionmdp.org\/wp-content\/uploads\/2023\/05\/logo_FMdP_cat.png","contentUrl":"https:\/\/www.fundacionmdp.org\/wp-content\/uploads\/2023\/05\/logo_FMdP_cat.png","width":655,"height":297,"caption":"Fundaci\u00f3n Mutua de Propietarios"},"image":{"@id":"https:\/\/www.fundacionmdp.org\/#\/schema\/logo\/image\/"}},{"@type":"Person","@id":"https:\/\/www.fundacionmdp.org\/#\/schema\/person\/12f9af801cac25dfcb5a96cb0090f703","name":"fundacionmdp","image":{"@type":"ImageObject","inLanguage":"ca","@id":"https:\/\/secure.gravatar.com\/avatar\/b540f93d1816a14d85e51109d050c3243b98fb660a665f517a6d2597cff3bbed?s=96&d=mm&r=g","url":"https:\/\/secure.gravatar.com\/avatar\/b540f93d1816a14d85e51109d050c3243b98fb660a665f517a6d2597cff3bbed?s=96&d=mm&r=g","contentUrl":"https:\/\/secure.gravatar.com\/avatar\/b540f93d1816a14d85e51109d050c3243b98fb660a665f517a6d2597cff3bbed?s=96&d=mm&r=g","caption":"fundacionmdp"},"sameAs":["http:\/\/prezuk.com.mialias.net\/fundacionmdp"],"url":"https:\/\/www.fundacionmdp.org\/ca\/author\/fundacionmdp\/"}]}},"_links":{"self":[{"href":"https:\/\/www.fundacionmdp.org\/ca\/wp-json\/wp\/v2\/posts\/9952","targetHints":{"allow":["GET"]}}],"collection":[{"href":"https:\/\/www.fundacionmdp.org\/ca\/wp-json\/wp\/v2\/posts"}],"about":[{"href":"https:\/\/www.fundacionmdp.org\/ca\/wp-json\/wp\/v2\/types\/post"}],"author":[{"embeddable":true,"href":"https:\/\/www.fundacionmdp.org\/ca\/wp-json\/wp\/v2\/users\/1"}],"replies":[{"embeddable":true,"href":"https:\/\/www.fundacionmdp.org\/ca\/wp-json\/wp\/v2\/comments?post=9952"}],"version-history":[{"count":4,"href":"https:\/\/www.fundacionmdp.org\/ca\/wp-json\/wp\/v2\/posts\/9952\/revisions"}],"predecessor-version":[{"id":9956,"href":"https:\/\/www.fundacionmdp.org\/ca\/wp-json\/wp\/v2\/posts\/9952\/revisions\/9956"}],"wp:featuredmedia":[{"embeddable":true,"href":"https:\/\/www.fundacionmdp.org\/ca\/wp-json\/wp\/v2\/media\/9947"}],"wp:attachment":[{"href":"https:\/\/www.fundacionmdp.org\/ca\/wp-json\/wp\/v2\/media?parent=9952"}],"wp:term":[{"taxonomy":"category","embeddable":true,"href":"https:\/\/www.fundacionmdp.org\/ca\/wp-json\/wp\/v2\/categories?post=9952"},{"taxonomy":"post_tag","embeddable":true,"href":"https:\/\/www.fundacionmdp.org\/ca\/wp-json\/wp\/v2\/tags?post=9952"}],"curies":[{"name":"wp","href":"https:\/\/api.w.org\/{rel}","templated":true}]}}